{"id":38673,"date":"2023-06-22T08:10:29","date_gmt":"2023-06-22T06:10:29","guid":{"rendered":"https:\/\/just-now.news\/de\/deutschland\/das-verratene-wunder-was-die-geschichte-deutschland-nach-1945-lehren-wollte\/"},"modified":"2023-06-22T08:10:29","modified_gmt":"2023-06-22T06:10:29","slug":"das-verratene-wunder-was-die-geschichte-deutschland-nach-1945-lehren-wollte","status":"publish","type":"post","link":"https:\/\/now-news.de\/de\/deutschland\/das-verratene-wunder-was-die-geschichte-deutschland-nach-1945-lehren-wollte\/","title":{"rendered":"Das verratene Wunder: Was die Geschichte Deutschland nach 1945 lehren wollte"},"content":{"rendered":"<p><img decoding=\"async\" src=\"http:\/\/just-now.news\/de\/wp-content\/uploads\/sites\/3\/2023\/06\/6490714f48fbef440530ca19.jpg\" \/><\/p>\n<div class=\"Text-root Text-type_1 \">\n                Am 22.06.1941 \u00fcberfiel Deutschland die Sowjetunion und f\u00fchrte fast vier Jahre lang den blutigsten Vernichtungskrieg der Weltgeschichte gegen das russische Volk. 82 Jahre sp\u00e4ter t\u00f6ten deutsche Waffen wieder russische Soldaten und Zivilisten. Kann das, wie nach 1945 geschehen, jemals vergeben und verziehen werden?\n            <\/div>\n<p><\/p>\n<div class=\"Text-root Text-type_5 ArticleView-text ViewText-root \">\n<p><em>Von Alexej Danckwardt<\/em><\/p>\n<p>Zu den Wundern der Weltgeschichte z\u00e4hlt die Schnelligkeit, mit der das russische und das deutsche Volk nach dem Zweiten Weltkrieg zu einem normalen Zusammenleben zur\u00fcckkehrten. Der deutsche Faschismus ver\u00fcbte auf dem Gebiet der Sowjetunion, einschlie\u00dflich des heutigen Russlands, abscheuliche Verbrechen, denen Millionen von Menschen zum Opfer fielen. St\u00e4dte wurden dem Erdboden gleichgemacht, Tausende von D\u00f6rfern niedergebrannt, der Tod suchte fast jede sowjetische Familie heim. Nach alledem schien eine Vers\u00f6hnung \u00fcber Hunderte von Jahren hinweg unm\u00f6glich. Vielleicht sogar absolut unm\u00f6glich.<\/p>\n<p>Und doch vers\u00f6hnten sich unsere V\u00f6lker, und zwar unglaublich schnell. Schon die erste Nachkriegsgeneration von Deutschen und Russen schloss \u00fcber die Gr\u00e4ben des Weltkrieges hinweg Freundschaften und verliebte sich sogar. Ich selbst bin ein Produkt einer solchen Nachkriegsehe. Meine Mutter, eine 1945 geborene Russin, und mein Vater, ein Deutscher aus der DDR, der am Tag der Landung der Amerikaner und Briten in der Normandie geboren wurde, begegneten sich Ende der 1960er Jahre in Moskau, verliebten sich, heirateten und sind einander bis heute treu geblieben.<\/p>\n<p>Die Deutschen, die den Krieg oder zumindest die schweren Nachkriegsjahre \u00fcberlebt haben, wussten die russische Gro\u00dfz\u00fcgigkeit, den weitgehenden Verzicht auf Rache und die Gr\u00f6\u00dfe der russischen Seele zu sch\u00e4tzen.<\/p>\n<p>Der 2020 verstorbene Cornelius Weiss, Professor f\u00fcr Chemie an der Universit\u00e4t Leipzig und lange Jahre Vorsitzender der SPD in Sachsen, dessen Vater in den Nachkriegsjahren an der Entwicklung sowjetischer Atomwaffen beteiligt war, hat ein bewegendes Buch \u00fcber Russland und die herzliche Einstellung einfacher Russen gegen\u00fcber ihm, einem Deutschen, geschrieben.<\/p>\n<p>Noch in den neunziger Jahren, so lange ist das nicht einmal her, produzierte das deutsche Fernsehen Dokumentarfilme, in denen ehemalige deutsche Soldaten, die in sowjetischer Kriegsgefangenschaft waren, unter Tr\u00e4nen die zum Abschied gesprochenen Worte einer einfachen russischen Frau wiederholten:<\/p>\n<blockquote>\n<p><em>&#8220;S\u00f6hnchen, besuch uns wieder. Aber komm ohne Waffen.&#8221;<\/em><\/p>\n<\/blockquote>\n<p>Heute beherrscht eine andere Generation Deutschland. Eine Generation, die mit amerikanischer Kultur und allgegenw\u00e4rtiger russenfeindlicher Propaganda aufgewachsen ist. Sie hat den Krieg und die Verbrechen des eigenen Volkes (mit Ausnahme lediglich des V\u00f6lkermordes an den Juden) vergessen. Sie hat die Schuld gegen\u00fcber den Sowjetv\u00f6lkern ebenso verdr\u00e4ngt und aus ihrem Bewusstsein gestrichen wie den sowjetischen Verzicht auf Rache und die russische Rolle bei der deutschen Wiedervereinigung.<\/p>\n<p>Nur so konnte geschehen, was sich nach 1945 nie h\u00e4tte wiederholen d\u00fcrfen: Deutsche Waffen t\u00f6ten wieder russische Soldaten, aber auch Frauen, Kinder und alte Menschen im Donbass. Und die deutsche Gesellschaft ist dreigeteilt: eine kleine Minderheit, vielleicht 20 Prozent, \u00e4rgert sich \u00fcber die R\u00fcckkehr zur militanten Russophobie; eine viel gr\u00f6\u00dfere Gruppe, vielleicht ein Drittel, feiert die deutsche Beteiligung am Krieg gegen Russland unverhohlen ab und fordert immer mehr Waffen, die noch mehr Russen t\u00f6ten sollen; eine Mehrheit, die im Grunde nur der eigene K\u00fchlschrank interessiert, billigt unter dem Einfluss massiver antirussischer Propaganda den neuen europ\u00e4ischen &#8220;Drang nach Osten&#8221; stillschweigend.<\/p>\n<p><strong>H\u00e4tte es anders kommen k\u00f6nnen?\u00a0<\/strong><\/p>\n<p>Die Geschichte kennt keinen Konjunktiv, und es ist schwer zu glauben, dass die hysterischen Russophoben, die offensichtlich von dem Wunsch getrieben werden, sich an Russland f\u00fcr die Niederlage ihrer Vorfahren zu r\u00e4chen, pl\u00f6tzlich in der Versenkung verschwunden w\u00e4ren. W\u00e4re nicht Olaf Scholz nach den Wahlen 2021 Kanzler geworden, w\u00e4re es Friedrich Merz, ein noch schlimmerer Transatlantiker, Revanchist und Russenhasser. Das Problem sind weniger die Personen an der Spitze, das Problem sind die herrschenden Strukturen: die Meinungsf\u00fchrer in allen Parteien, in den Medien und in den Thinktanks. Die Nord Stream-Pipelines\u00a0w\u00e4ren \u00fcbrigens so oder so gesprengt worden.<\/p>\n<p>Woher soll eine russlandfreundliche Kanzlerin kommen, wenn in allen Parteien Russophobe das Sagen haben? Selbst die bei russischen Bloggern beliebte Sarah Wagenknecht hat sich in den Chor der Russland-Anprangerer eingereiht, und ihre Partei ist l\u00e4ngst fest in der Hand von Russlandhassern und Anh\u00e4ngern des Kiewer Regimes. Ich kenne pers\u00f6nlich Mitglieder dieser Partei, die noch vor f\u00fcnf Jahren stolz darauf waren, zu Empf\u00e4ngen im russischen Konsulat eingeladen zu werden, jetzt aber nur noch Galle spucken und sich immer und \u00fcberall antirussischen Interpretationen anschlie\u00dfen. Ich kenne andere &#8220;Linke&#8221;, fr\u00fchere Anwaltskollegen, die gerne Honorare der russischen Botschaft kassierten, und jetzt jeden noch so absurden Unfug der ukrainischen Propaganda bereitwillig aufsaugen und damit ihren lodernden Hass f\u00fcttern.<\/p>\n<p>Die Partei &#8220;Alternative f\u00fcr Deutschland&#8221; arbeitet \u00e4u\u00dferlich darauf hin, die mehr oder weniger russlandfreundlichen unter den W\u00e4hlern f\u00fcr sich zu gewinnen. Allerdings&#8230; Lesen Sie die Beitr\u00e4ge und die Kommentare in AfD-Foren an einem 8. Mai, und Sie werden sehen, dass die angebliche &#8220;Russland-Freundlichkeit&#8221; nichts anderes ist als Polittechnologie. So etwas \u00c4hnliches sahen wir vor ein paar Jahren bei der FDP, die heute ganz vorn dabei ist bei Kriegstreiberei, der Verh\u00e4ngung von Blockaden und Sanktionen und der Verbreitung ganz und gar nicht liberaler Kollektivschuld-Thesen.<\/p>\n<p>Ich versuche ja, den Standpunkt meiner ehemaligen Genossen und meiner fr\u00fcheren Nachbarn zu verstehen.\u00a0Sie verstehen nicht, wie man ein Land &#8220;angreifen&#8221; kann, das fast acht Jahre lang zwei seiner (damals noch) eigenen Regionen mit Artillerie beschie\u00dft und keinen Hehl daraus macht, dass es beabsichtigt, gegen Russland in den Krieg zu ziehen. Ein Land, das laut und mitten in M\u00fcnchen \u00fcber Atomwaffen nachdenkt.<\/p>\n<p>Nun, die Deutschen wurden von ihren Massenmedien nicht dar\u00fcber informiert und sie haben kein V\u00f6lkerrecht studiert (vor allem der Bundeskanzler und die Au\u00dfenministerin nicht), haben nichts vom Selbstbestimmungsrecht und dem Verbot der Aggression gegen &#8220;stabilisierte De-facto-Regime&#8221; geh\u00f6rt. &#8220;Responsibility to protect&#8221; ist f\u00fcr sie nur eine Aneinanderreihung von Fremdw\u00f6rtern.<\/p>\n<p>Aber eines sollte doch selbst einem juristischen Laien einleuchten: Hat etwa noch nie jemand in der Geschichte jemanden angegriffen? Ist Russland der erste Staat, der seine Truppen au\u00dferhalb seiner Grenzen einsetzte? Zu Lebzeiten aller heute aktiven Berliner Politiker haben die USA mehrfach Kriege gef\u00fchrt: in Somalia, in Afghanistan, im Irak&#8230; Und das damals zur Rechtfertigung des \u00dcberfalls auf den Irak erfundene &#8220;Recht auf pr\u00e4emptive Selbstverteidigung&#8221; (wo bitte sind die USA und wo ist der Irak?) ist seitdem nicht abgeschafft worden.<\/p>\n<p>Niemandem, nicht einmal den fanatischsten der Antiamerikaner unter den Deutschen (ich z\u00e4hlte dazu), ist damals die Idee gekommen, amerikanische Medien verbieten zu wollen, Fl\u00fcge \u00fcber den Ozean zu streichen, amerikanische Kultur zu boykottieren oder Diplomaten auszuweisen. Als Russland aber die Ukraine &#8220;angriff&#8221;, wurden es und seine B\u00fcrger binnen weniger Tage aus dem wirtschaftlichen und gesellschaftlichen Leben gecancelt, was seitdem auch Millionen von deutschen B\u00fcrgern mit Verbindungen zu Russland das Leben erschwert.<\/p>\n<p>Diese unterschiedliche Behandlung von Sachverhalten, die sich, wenn \u00fcberhaupt, so doch nur zu Gunsten der russischen Sache unterscheiden, zeigt, wie tief der Nazismus in seiner russophoben Auspr\u00e4gung noch immer in den Deutschen steckt. Es ist dieselbe Verachtung und dieselbe Ignoranz wie schon vor 82 Jahren, die im Fr\u00fchjahr 2022 wieder zum Vorschein kam. Und sie ist nicht nur transatlantisch auferlegt. Sie ist eigen, authentisch, selbst gez\u00fcchtet.<\/p>\n<p>Russland hat den Deutschen tats\u00e4chlich jahrzehntelang die Hand zur Freundschaft gereicht. Die Deutschen haben das nicht verstanden. Die Position eines gleichberechtigten Partners, die ihnen f\u00fcr die kommenden Jahrhunderte eine komfortable Existenz gesichert h\u00e4tte, reichte ihnen nicht.<\/p>\n<p>Es ist alles banal und einfach: Wie der Rest Europas f\u00fchlen sich die Deutschen von den russischen Ressourcen angezogen: \u00d6l, Gas, Diamanten, Gold, fruchtbares Land, Holz und die gr\u00f6\u00dften S\u00fc\u00dfwasserreserven der Welt. Die Europ\u00e4er wollen das alles selbst besitzen, um es nicht von &#8220;den Russen&#8221; kaufen zu m\u00fcssen, die damit vielleicht zum ersten Mal seit Jahrhunderten in Wohlstand leben k\u00f6nnten. Vielleicht sogar besser als die Deutschen. Oder sie beschlie\u00dfen, ihre eigene Industrie und ihre eigene Wissenschaft zu entwickeln und verkaufen Gas, \u00d6l und Holz irgendwann nur noch aus Mitleid mit dem abgewirtschafteten Europa.<\/p>\n<p>Deshalb ist Russland nun auch offiziell zum Feind erkl\u00e4rt und\u00a0als das B\u00f6se\u00a0deklariert\u00a0worden. Es geht um einen Vorwand f\u00fcr einen neuen Eroberungskrieg im Osten. Zumindest darum, die Russen so in die Enge zu treiben, dass sie den Deutschen und anderen Europ\u00e4ern &#8220;freiwillig&#8221; und zum Selbstkostenpreis das geben, was diese wollen. Nothing personal, just business. In Europa erfundener und patentierter Kolonialismus in Reinkultur.<\/p>\n<p>Das macht die bisherigen Ereignisse und das, was noch kommen wird, verst\u00e4ndlich. Aber es entschuldigt nichts.<\/p>\n<p>Nach 1945 und ganz besonders nach der russischen Zustimmung zur deutschen Wiedervereinigung h\u00e4tte sich der gierige deutsche Blick nie wieder gen Osten richten d\u00fcrfen. Gegnerschaft zu Russland, lange Besserwissernasen in fremder V\u00f6lker Angelegenheiten, Hochmut und Oberlehrertum, &#8220;am deutschen (Variante: europ\u00e4ischen) Wesen soll die Welt genesen&#8221; \u2013 all das musste tabu sein und f\u00fcr die Ewigkeit tabu bleiben. Das war die Lehre, die die Geschichte Deutschland 1945 eintrichtern wollte.\u00a0<\/p>\n<p>Und nun wiederholt sich das Muster zum bereits dritten Mal in nur wenig mehr als 100 Jahren (und wenn man bedenkt, dass die europ\u00e4ische Kolonisierung der Ukraine mit dem Maidan im Herbst 2013 begonnen hat, dann in exakt 100 Jahren): Deutschland ist wieder die aggressive R\u00e4uberin im Osten, wieder einmal in der Ukraine, die es wieder einmal von Russland zu rei\u00dfen versucht. Was soll man von einem derart lernunwilligen Land halten? Ich meinerseits werde dieses Mal nichts vergeben und nichts verzeihen. Und ich werde alles daf\u00fcr tun, dass auch Russland nicht verzeiht und nicht vergibt.\u00a0Das war jetzt definitiv ein Mal zu viel.\u00a0<\/p>\n<p><em><strong>Alexej Danckwardt<\/strong> studierte Jura und V\u00f6lkerrecht an der Universit\u00e4t Leipzig und war anschlie\u00dfend 18 Jahre als Rechtsanwalt t\u00e4tig. Von 2014 bis 2019 war er im Leipziger Stadtrat aktiv, zun\u00e4chst f\u00fcr DIE LINKE, nach einem innerparteilichen Streit \u00fcber die Rolle von Angela Merkel im Ukraine-Konflikt im Fr\u00fchjahr 2016 als Parteiloser.\u00a0Derzeit lebt er im russischen Exil.<\/em><\/p>\n<p><strong>Mehr zum Thema<\/strong> &#8211; <a rel=\"nofollow noopener\" target=\"_blank\" href=\"https:\/\/test.rtde.life\/meinung\/172855-alle-wollen-frieden\/\">Alle wollen Frieden \u2013 und Deutschland zieht in den Krieg<\/a><\/p>\n<\/div>\n<p><br \/>\n<br \/><a href=\"https:\/\/de.rt.com\/meinung\/173032-verratene-wunder-was-geschichte-deutschland\/\">Source link <\/a><\/p>\n","protected":false},"excerpt":{"rendered":"<p>Am 22.06.1941 \u00fcberfiel Deutschland die Sowjetunion und f\u00fchrte fast vier Jahre lang den blutigsten Vernichtungskrieg der Weltgeschichte gegen das russische Volk. 82 Jahre sp\u00e4ter t\u00f6ten deutsche Waffen wieder russische Soldaten und Zivilisten. Kann das, wie nach 1945 geschehen, jemals vergeben und verziehen werden? Von Alexej Danckwardt Zu den Wundern der Weltgeschichte z\u00e4hlt die Schnelligkeit, mit [&hellip;]<\/p>\n","protected":false},"author":3,"featured_media":38445,"comment_status":"open","ping_status":"open","sticky":false,"template":"","format":"standard","meta":{"_yoast_indexnow_last_ping":["1687422814"],"wp_automatic_camp":["217"],"bdbf5283469ccf81f441dd91f3efa56a":["Das verratene Wunder: Was die Geschichte Deutschland nach 1945 lehren wollte"],"original_link":["https:\/\/de.rt.com\/meinung\/173032-verratene-wunder-was-geschichte-deutschland\/"],"_thumbnail_id":["38445"],"_wptgpro_p2tg_sent2tg":["a:1:{i:23737;s:19:\"2023-06-22 10:34:44\";}"],"jnews_social_counter_last_update":["1777185484"]},"categories":[19,23],"tags":[427,179,45,851,850,979,45927,10596,21611],"yoast_head":"<!-- This site is optimized with the Yoast SEO Premium plugin v22.7 (Yoast SEO v22.7) - https:\/\/yoast.com\/wordpress\/plugins\/seo\/ -->\n<title>Das verratene Wunder: Was die Geschichte Deutschland nach 1945 lehren wollte - just-now.NEWS Deutschland<\/title>\n<meta name=\"robots\" content=\"index, follow, max-snippet:-1, max-image-preview:large, max-video-preview:-1\" \/>\n<link rel=\"canonical\" href=\"https:\/\/now-news.de\/de\/deutschland\/das-verratene-wunder-was-die-geschichte-deutschland-nach-1945-lehren-wollte\/\" \/>\n<meta property=\"og:locale\" content=\"de_DE\" \/>\n<meta property=\"og:type\" content=\"article\" \/>\n<meta property=\"og:title\" content=\"Das verratene Wunder: Was die Geschichte Deutschland nach 1945 lehren wollte\" \/>\n<meta property=\"og:description\" content=\"Am 22.06.1941 \u00fcberfiel Deutschland die Sowjetunion und f\u00fchrte fast vier Jahre lang den blutigsten Vernichtungskrieg der Weltgeschichte gegen das russische Volk. 82 Jahre sp\u00e4ter t\u00f6ten deutsche Waffen wieder russische Soldaten und Zivilisten. Kann das, wie nach 1945 geschehen, jemals vergeben und verziehen werden? Von Alexej Danckwardt Zu den Wundern der Weltgeschichte z\u00e4hlt die Schnelligkeit, mit [&hellip;]\" \/>\n<meta property=\"og:url\" content=\"https:\/\/now-news.de\/de\/deutschland\/das-verratene-wunder-was-die-geschichte-deutschland-nach-1945-lehren-wollte\/\" \/>\n<meta property=\"og:site_name\" content=\"just-now.NEWS Deutschland\" \/>\n<meta property=\"article:publisher\" content=\"https:\/\/www.facebook.com\/wirmachenauf\" \/>\n<meta property=\"article:published_time\" content=\"2023-06-22T06:10:29+00:00\" \/>\n<meta property=\"og:image\" content=\"https:\/\/now-news.de\/de\/wp-content\/uploads\/sites\/3\/2023\/06\/Das-vergessene-Wunder-Was-die-Geschichte-Deutschland-nach-1945-lehren.jpg\" \/>\n\t<meta property=\"og:image:width\" content=\"460\" \/>\n\t<meta property=\"og:image:height\" content=\"259\" \/>\n\t<meta property=\"og:image:type\" content=\"image\/jpeg\" \/>\n<meta name=\"author\" content=\"rtnews\" \/>\n<meta name=\"twitter:card\" content=\"summary_large_image\" \/>\n<meta name=\"twitter:creator\" content=\"@WirMachenAuf_de\" \/>\n<meta name=\"twitter:site\" content=\"@WirMachenAuf_de\" \/>\n<meta name=\"twitter:label1\" content=\"Verfasst von\" \/>\n\t<meta name=\"twitter:data1\" content=\"rtnews\" \/>\n\t<meta name=\"twitter:label2\" content=\"Gesch\u00e4tzte Lesezeit\" \/>\n\t<meta name=\"twitter:data2\" content=\"8\u00a0Minuten\" \/>\n<script type=\"application\/ld+json\" class=\"yoast-schema-graph\">{\"@context\":\"https:\/\/schema.org\",\"@graph\":[{\"@type\":\"Article\",\"@id\":\"https:\/\/now-news.de\/de\/deutschland\/das-verratene-wunder-was-die-geschichte-deutschland-nach-1945-lehren-wollte\/#article\",\"isPartOf\":{\"@id\":\"https:\/\/now-news.de\/de\/deutschland\/das-verratene-wunder-was-die-geschichte-deutschland-nach-1945-lehren-wollte\/\"},\"author\":{\"name\":\"rtnews\",\"@id\":\"https:\/\/now-news.de\/de\/#\/schema\/person\/fb534a4e865501d8b3285208df34a9b5\"},\"headline\":\"Das verratene Wunder: Was die Geschichte Deutschland nach 1945 lehren wollte\",\"datePublished\":\"2023-06-22T06:10:29+00:00\",\"dateModified\":\"2023-06-22T06:10:29+00:00\",\"mainEntityOfPage\":{\"@id\":\"https:\/\/now-news.de\/de\/deutschland\/das-verratene-wunder-was-die-geschichte-deutschland-nach-1945-lehren-wollte\/\"},\"wordCount\":1674,\"commentCount\":0,\"publisher\":{\"@id\":\"https:\/\/now-news.de\/de\/#organization\"},\"image\":{\"@id\":\"https:\/\/now-news.de\/de\/deutschland\/das-verratene-wunder-was-die-geschichte-deutschland-nach-1945-lehren-wollte\/#primaryimage\"},\"thumbnailUrl\":\"https:\/\/now-news.de\/de\/wp-content\/uploads\/sites\/3\/2023\/06\/Das-vergessene-Wunder-Was-die-Geschichte-Deutschland-nach-1945-lehren.jpg\",\"keywords\":[\"das\",\"Deutschland\",\"die\",\"Geschichte\",\"Lehren\",\"nach\",\"verratene\",\"wollte\",\"Wunder\"],\"articleSection\":[\"Deutschland\",\"Russland\"],\"inLanguage\":\"de\",\"potentialAction\":[{\"@type\":\"CommentAction\",\"name\":\"Comment\",\"target\":[\"https:\/\/now-news.de\/de\/deutschland\/das-verratene-wunder-was-die-geschichte-deutschland-nach-1945-lehren-wollte\/#respond\"]}]},{\"@type\":\"WebPage\",\"@id\":\"https:\/\/now-news.de\/de\/deutschland\/das-verratene-wunder-was-die-geschichte-deutschland-nach-1945-lehren-wollte\/\",\"url\":\"https:\/\/now-news.de\/de\/deutschland\/das-verratene-wunder-was-die-geschichte-deutschland-nach-1945-lehren-wollte\/\",\"name\":\"Das verratene Wunder: Was die Geschichte Deutschland nach 1945 lehren wollte - just-now.NEWS Deutschland\",\"isPartOf\":{\"@id\":\"https:\/\/now-news.de\/de\/#website\"},\"primaryImageOfPage\":{\"@id\":\"https:\/\/now-news.de\/de\/deutschland\/das-verratene-wunder-was-die-geschichte-deutschland-nach-1945-lehren-wollte\/#primaryimage\"},\"image\":{\"@id\":\"https:\/\/now-news.de\/de\/deutschland\/das-verratene-wunder-was-die-geschichte-deutschland-nach-1945-lehren-wollte\/#primaryimage\"},\"thumbnailUrl\":\"https:\/\/now-news.de\/de\/wp-content\/uploads\/sites\/3\/2023\/06\/Das-vergessene-Wunder-Was-die-Geschichte-Deutschland-nach-1945-lehren.jpg\",\"datePublished\":\"2023-06-22T06:10:29+00:00\",\"dateModified\":\"2023-06-22T06:10:29+00:00\",\"breadcrumb\":{\"@id\":\"https:\/\/now-news.de\/de\/deutschland\/das-verratene-wunder-was-die-geschichte-deutschland-nach-1945-lehren-wollte\/#breadcrumb\"},\"inLanguage\":\"de\",\"potentialAction\":[{\"@type\":\"ReadAction\",\"target\":[\"https:\/\/now-news.de\/de\/deutschland\/das-verratene-wunder-was-die-geschichte-deutschland-nach-1945-lehren-wollte\/\"]}]},{\"@type\":\"ImageObject\",\"inLanguage\":\"de\",\"@id\":\"https:\/\/now-news.de\/de\/deutschland\/das-verratene-wunder-was-die-geschichte-deutschland-nach-1945-lehren-wollte\/#primaryimage\",\"url\":\"https:\/\/now-news.de\/de\/wp-content\/uploads\/sites\/3\/2023\/06\/Das-vergessene-Wunder-Was-die-Geschichte-Deutschland-nach-1945-lehren.jpg\",\"contentUrl\":\"https:\/\/now-news.de\/de\/wp-content\/uploads\/sites\/3\/2023\/06\/Das-vergessene-Wunder-Was-die-Geschichte-Deutschland-nach-1945-lehren.jpg\",\"width\":460,\"height\":259,\"caption\":\"Das vergessene Wunder: Was die Geschichte Deutschland nach 1945 lehren wollte\"},{\"@type\":\"BreadcrumbList\",\"@id\":\"https:\/\/now-news.de\/de\/deutschland\/das-verratene-wunder-was-die-geschichte-deutschland-nach-1945-lehren-wollte\/#breadcrumb\",\"itemListElement\":[{\"@type\":\"ListItem\",\"position\":1,\"name\":\"Home\",\"item\":\"https:\/\/now-news.de\/de\/\"},{\"@type\":\"ListItem\",\"position\":2,\"name\":\"Das verratene Wunder: Was die Geschichte Deutschland nach 1945 lehren wollte\"}]},{\"@type\":\"WebSite\",\"@id\":\"https:\/\/now-news.de\/de\/#website\",\"url\":\"https:\/\/now-news.de\/de\/\",\"name\":\"just-now.NEWS Deutschland\",\"description\":\"Das Portal f\u00fcr unzensierte Nachrichten aus der Welt\",\"publisher\":{\"@id\":\"https:\/\/now-news.de\/de\/#organization\"},\"potentialAction\":[{\"@type\":\"SearchAction\",\"target\":{\"@type\":\"EntryPoint\",\"urlTemplate\":\"https:\/\/now-news.de\/de\/?s={search_term_string}\"},\"query-input\":\"required name=search_term_string\"}],\"inLanguage\":\"de\"},{\"@type\":\"Organization\",\"@id\":\"https:\/\/now-news.de\/de\/#organization\",\"name\":\"Just Now News\",\"url\":\"https:\/\/now-news.de\/de\/\",\"logo\":{\"@type\":\"ImageObject\",\"inLanguage\":\"de\",\"@id\":\"https:\/\/now-news.de\/de\/#\/schema\/logo\/image\/\",\"url\":\"http:\/\/just-now.news\/de\/wp-content\/uploads\/sites\/3\/2022\/04\/logo500x500.jpg\",\"contentUrl\":\"http:\/\/just-now.news\/de\/wp-content\/uploads\/sites\/3\/2022\/04\/logo500x500.jpg\",\"width\":500,\"height\":500,\"caption\":\"Just Now News\"},\"image\":{\"@id\":\"https:\/\/now-news.de\/de\/#\/schema\/logo\/image\/\"},\"sameAs\":[\"https:\/\/www.facebook.com\/wirmachenauf\",\"https:\/\/x.com\/WirMachenAuf_de\"]},{\"@type\":\"Person\",\"@id\":\"https:\/\/now-news.de\/de\/#\/schema\/person\/fb534a4e865501d8b3285208df34a9b5\",\"name\":\"rtnews\",\"image\":{\"@type\":\"ImageObject\",\"inLanguage\":\"de\",\"@id\":\"https:\/\/now-news.de\/de\/#\/schema\/person\/image\/\",\"url\":\"https:\/\/secure.gravatar.com\/avatar\/82aafea7d8127119dd649515f56e2117?s=96&d=mm&r=g\",\"contentUrl\":\"https:\/\/secure.gravatar.com\/avatar\/82aafea7d8127119dd649515f56e2117?s=96&d=mm&r=g\",\"caption\":\"rtnews\"},\"url\":\"https:\/\/now-news.de\/de\/author\/rnews\/\"}]}<\/script>\n<!-- \/ Yoast SEO Premium plugin. -->","yoast_head_json":{"title":"Das verratene Wunder: Was die Geschichte Deutschland nach 1945 lehren wollte - just-now.NEWS Deutschland","robots":{"index":"index","follow":"follow","max-snippet":"max-snippet:-1","max-image-preview":"max-image-preview:large","max-video-preview":"max-video-preview:-1"},"canonical":"https:\/\/now-news.de\/de\/deutschland\/das-verratene-wunder-was-die-geschichte-deutschland-nach-1945-lehren-wollte\/","og_locale":"de_DE","og_type":"article","og_title":"Das verratene Wunder: Was die Geschichte Deutschland nach 1945 lehren wollte","og_description":"Am 22.06.1941 \u00fcberfiel Deutschland die Sowjetunion und f\u00fchrte fast vier Jahre lang den blutigsten Vernichtungskrieg der Weltgeschichte gegen das russische Volk. 82 Jahre sp\u00e4ter t\u00f6ten deutsche Waffen wieder russische Soldaten und Zivilisten. Kann das, wie nach 1945 geschehen, jemals vergeben und verziehen werden? Von Alexej Danckwardt Zu den Wundern der Weltgeschichte z\u00e4hlt die Schnelligkeit, mit [&hellip;]","og_url":"https:\/\/now-news.de\/de\/deutschland\/das-verratene-wunder-was-die-geschichte-deutschland-nach-1945-lehren-wollte\/","og_site_name":"just-now.NEWS Deutschland","article_publisher":"https:\/\/www.facebook.com\/wirmachenauf","article_published_time":"2023-06-22T06:10:29+00:00","og_image":[{"width":460,"height":259,"url":"https:\/\/now-news.de\/de\/wp-content\/uploads\/sites\/3\/2023\/06\/Das-vergessene-Wunder-Was-die-Geschichte-Deutschland-nach-1945-lehren.jpg","type":"image\/jpeg"}],"author":"rtnews","twitter_card":"summary_large_image","twitter_creator":"@WirMachenAuf_de","twitter_site":"@WirMachenAuf_de","twitter_misc":{"Verfasst von":"rtnews","Gesch\u00e4tzte Lesezeit":"8\u00a0Minuten"},"schema":{"@context":"https:\/\/schema.org","@graph":[{"@type":"Article","@id":"https:\/\/now-news.de\/de\/deutschland\/das-verratene-wunder-was-die-geschichte-deutschland-nach-1945-lehren-wollte\/#article","isPartOf":{"@id":"https:\/\/now-news.de\/de\/deutschland\/das-verratene-wunder-was-die-geschichte-deutschland-nach-1945-lehren-wollte\/"},"author":{"name":"rtnews","@id":"https:\/\/now-news.de\/de\/#\/schema\/person\/fb534a4e865501d8b3285208df34a9b5"},"headline":"Das verratene Wunder: Was die Geschichte Deutschland nach 1945 lehren wollte","datePublished":"2023-06-22T06:10:29+00:00","dateModified":"2023-06-22T06:10:29+00:00","mainEntityOfPage":{"@id":"https:\/\/now-news.de\/de\/deutschland\/das-verratene-wunder-was-die-geschichte-deutschland-nach-1945-lehren-wollte\/"},"wordCount":1674,"commentCount":0,"publisher":{"@id":"https:\/\/now-news.de\/de\/#organization"},"image":{"@id":"https:\/\/now-news.de\/de\/deutschland\/das-verratene-wunder-was-die-geschichte-deutschland-nach-1945-lehren-wollte\/#primaryimage"},"thumbnailUrl":"https:\/\/now-news.de\/de\/wp-content\/uploads\/sites\/3\/2023\/06\/Das-vergessene-Wunder-Was-die-Geschichte-Deutschland-nach-1945-lehren.jpg","keywords":["das","Deutschland","die","Geschichte","Lehren","nach","verratene","wollte","Wunder"],"articleSection":["Deutschland","Russland"],"inLanguage":"de","potentialAction":[{"@type":"CommentAction","name":"Comment","target":["https:\/\/now-news.de\/de\/deutschland\/das-verratene-wunder-was-die-geschichte-deutschland-nach-1945-lehren-wollte\/#respond"]}]},{"@type":"WebPage","@id":"https:\/\/now-news.de\/de\/deutschland\/das-verratene-wunder-was-die-geschichte-deutschland-nach-1945-lehren-wollte\/","url":"https:\/\/now-news.de\/de\/deutschland\/das-verratene-wunder-was-die-geschichte-deutschland-nach-1945-lehren-wollte\/","name":"Das verratene Wunder: Was die Geschichte Deutschland nach 1945 lehren wollte - just-now.NEWS Deutschland","isPartOf":{"@id":"https:\/\/now-news.de\/de\/#website"},"primaryImageOfPage":{"@id":"https:\/\/now-news.de\/de\/deutschland\/das-verratene-wunder-was-die-geschichte-deutschland-nach-1945-lehren-wollte\/#primaryimage"},"image":{"@id":"https:\/\/now-news.de\/de\/deutschland\/das-verratene-wunder-was-die-geschichte-deutschland-nach-1945-lehren-wollte\/#primaryimage"},"thumbnailUrl":"https:\/\/now-news.de\/de\/wp-content\/uploads\/sites\/3\/2023\/06\/Das-vergessene-Wunder-Was-die-Geschichte-Deutschland-nach-1945-lehren.jpg","datePublished":"2023-06-22T06:10:29+00:00","dateModified":"2023-06-22T06:10:29+00:00","breadcrumb":{"@id":"https:\/\/now-news.de\/de\/deutschland\/das-verratene-wunder-was-die-geschichte-deutschland-nach-1945-lehren-wollte\/#breadcrumb"},"inLanguage":"de","potentialAction":[{"@type":"ReadAction","target":["https:\/\/now-news.de\/de\/deutschland\/das-verratene-wunder-was-die-geschichte-deutschland-nach-1945-lehren-wollte\/"]}]},{"@type":"ImageObject","inLanguage":"de","@id":"https:\/\/now-news.de\/de\/deutschland\/das-verratene-wunder-was-die-geschichte-deutschland-nach-1945-lehren-wollte\/#primaryimage","url":"https:\/\/now-news.de\/de\/wp-content\/uploads\/sites\/3\/2023\/06\/Das-vergessene-Wunder-Was-die-Geschichte-Deutschland-nach-1945-lehren.jpg","contentUrl":"https:\/\/now-news.de\/de\/wp-content\/uploads\/sites\/3\/2023\/06\/Das-vergessene-Wunder-Was-die-Geschichte-Deutschland-nach-1945-lehren.jpg","width":460,"height":259,"caption":"Das vergessene Wunder: Was die Geschichte Deutschland nach 1945 lehren wollte"},{"@type":"BreadcrumbList","@id":"https:\/\/now-news.de\/de\/deutschland\/das-verratene-wunder-was-die-geschichte-deutschland-nach-1945-lehren-wollte\/#breadcrumb","itemListElement":[{"@type":"ListItem","position":1,"name":"Home","item":"https:\/\/now-news.de\/de\/"},{"@type":"ListItem","position":2,"name":"Das verratene Wunder: Was die Geschichte Deutschland nach 1945 lehren wollte"}]},{"@type":"WebSite","@id":"https:\/\/now-news.de\/de\/#website","url":"https:\/\/now-news.de\/de\/","name":"just-now.NEWS Deutschland","description":"Das Portal f\u00fcr unzensierte Nachrichten aus der Welt","publisher":{"@id":"https:\/\/now-news.de\/de\/#organization"},"potentialAction":[{"@type":"SearchAction","target":{"@type":"EntryPoint","urlTemplate":"https:\/\/now-news.de\/de\/?s={search_term_string}"},"query-input":"required name=search_term_string"}],"inLanguage":"de"},{"@type":"Organization","@id":"https:\/\/now-news.de\/de\/#organization","name":"Just Now News","url":"https:\/\/now-news.de\/de\/","logo":{"@type":"ImageObject","inLanguage":"de","@id":"https:\/\/now-news.de\/de\/#\/schema\/logo\/image\/","url":"http:\/\/just-now.news\/de\/wp-content\/uploads\/sites\/3\/2022\/04\/logo500x500.jpg","contentUrl":"http:\/\/just-now.news\/de\/wp-content\/uploads\/sites\/3\/2022\/04\/logo500x500.jpg","width":500,"height":500,"caption":"Just Now News"},"image":{"@id":"https:\/\/now-news.de\/de\/#\/schema\/logo\/image\/"},"sameAs":["https:\/\/www.facebook.com\/wirmachenauf","https:\/\/x.com\/WirMachenAuf_de"]},{"@type":"Person","@id":"https:\/\/now-news.de\/de\/#\/schema\/person\/fb534a4e865501d8b3285208df34a9b5","name":"rtnews","image":{"@type":"ImageObject","inLanguage":"de","@id":"https:\/\/now-news.de\/de\/#\/schema\/person\/image\/","url":"https:\/\/secure.gravatar.com\/avatar\/82aafea7d8127119dd649515f56e2117?s=96&d=mm&r=g","contentUrl":"https:\/\/secure.gravatar.com\/avatar\/82aafea7d8127119dd649515f56e2117?s=96&d=mm&r=g","caption":"rtnews"},"url":"https:\/\/now-news.de\/de\/author\/rnews\/"}]}},"_links":{"self":[{"href":"https:\/\/now-news.de\/de\/wp-json\/wp\/v2\/posts\/38673"}],"collection":[{"href":"https:\/\/now-news.de\/de\/wp-json\/wp\/v2\/posts"}],"about":[{"href":"https:\/\/now-news.de\/de\/wp-json\/wp\/v2\/types\/post"}],"author":[{"embeddable":true,"href":"https:\/\/now-news.de\/de\/wp-json\/wp\/v2\/users\/3"}],"replies":[{"embeddable":true,"href":"https:\/\/now-news.de\/de\/wp-json\/wp\/v2\/comments?post=38673"}],"version-history":[{"count":0,"href":"https:\/\/now-news.de\/de\/wp-json\/wp\/v2\/posts\/38673\/revisions"}],"wp:featuredmedia":[{"embeddable":true,"href":"https:\/\/now-news.de\/de\/wp-json\/wp\/v2\/media\/38445"}],"wp:attachment":[{"href":"https:\/\/now-news.de\/de\/wp-json\/wp\/v2\/media?parent=38673"}],"wp:term":[{"taxonomy":"category","embeddable":true,"href":"https:\/\/now-news.de\/de\/wp-json\/wp\/v2\/categories?post=38673"},{"taxonomy":"post_tag","embeddable":true,"href":"https:\/\/now-news.de\/de\/wp-json\/wp\/v2\/tags?post=38673"}],"curies":[{"name":"wp","href":"https:\/\/api.w.org\/{rel}","templated":true}]}}