{"id":38669,"date":"2023-06-22T09:28:24","date_gmt":"2023-06-22T07:28:24","guid":{"rendered":"https:\/\/just-now.news\/de\/deutschland\/macron-hofft-auf-teilnahme-am-brics-gipfel\/"},"modified":"2023-06-22T09:28:24","modified_gmt":"2023-06-22T07:28:24","slug":"macron-hofft-auf-teilnahme-am-brics-gipfel","status":"publish","type":"post","link":"https:\/\/now-news.de\/de\/deutschland\/macron-hofft-auf-teilnahme-am-brics-gipfel\/","title":{"rendered":"Macron hofft auf Teilnahme am BRICS-Gipfel"},"content":{"rendered":"<p><img decoding=\"async\" src=\"http:\/\/just-now.news\/de\/wp-content\/uploads\/sites\/3\/2023\/06\/649343ca48fbef6e8e191c44.jpg\" \/><\/p>\n<div class=\"Text-root Text-type_1 \">\n                Frankreich hat eine Einladung zum BRICS-Gipfel beantragt, der im August in S\u00fcdafrika stattfinden soll. Laut der franz\u00f6sischen Au\u00dfenministerin Catherine Colonna soll das Treffen eine Plattform f\u00fcr den weiteren Dialog bieten.\n            <\/div>\n<p><\/p>\n<div class=\"Text-root Text-type_5 ArticleView-text ViewText-root \">\n<p>Wie die franz\u00f6sische Au\u00dfenministerin Catherine Colonna mitteilte, hat Frankreich eine Einladung zum BRICS-Gipfel beantragt, der im August in S\u00fcdafrika stattfinden soll. Sollte Frankreich die Erlaubnis erhalten, w\u00e4re es das erste G7-Land, das an einem Gipfeltreffen des Blocks teilnimmt. Colonna erkl\u00e4rte, dass sie Pretoria \u00fcber das &#8220;Interesse&#8221; des franz\u00f6sischen Pr\u00e4sidenten Emmanuel Macron informiert habe, als Beobachter an der Konferenz teilzunehmen.<\/p>\n<p>&#8220;Ich habe meinen Amtskollegen &#8230; \u00fcber die Verf\u00fcgbarkeit und das Interesse des Pr\u00e4sidenten an der Fortsetzung des Dialogs, den Frankreich mit den BRICS f\u00fchrt, informiert&#8221;, sagte Colonna am Dienstag auf einer Pressekonferenz in Pretoria nach einem Treffen mit ihrer s\u00fcdafrikanischen Amtskollegin Naledi Pandor, wie die Nachrichtenagentur <em>AFP <\/em>berichtet.<\/p>\n<p>Der 15. Gipfel der BRICS-Gruppe gro\u00dfer Schwellenl\u00e4nder &#8211; Brasilien, Russland, Indien, China und S\u00fcdafrika &#8211; findet vom 22. bis 24. August in Johannesburg statt.<\/p>\n<p>Macrons Beziehungen zum BRICS-Mitglied Russland sind besonders angespannt. Der franz\u00f6sische Pr\u00e4sident hat Moskau vorgeworfen, antifranz\u00f6sische Propaganda in afrikanischen L\u00e4ndern zu verbreiten, in denen Paris in den letzten Jahren an Einfluss verloren hat. Der franz\u00f6sische Staatschef hat auch zu Friedensgespr\u00e4chen in der Ukraine aufgerufen und sich als potenzieller Vermittler positioniert, obwohl Paris weiterhin schwere Waffen nach Kiew liefert und einen von der Ukraine ausgearbeiteten Friedensplan unterst\u00fctzt, den Russland entschieden ablehnt.<\/p>\n<p>Colonna wird vom franz\u00f6sischen \u00f6ffentlich-rechtlichen Rundfunk <em>RFI <\/em>mit den Worten zitiert, Paris denke &#8220;laut dar\u00fcber nach&#8221; und f\u00fcgte hinzu, dass &#8220;Dialog immer positiv ist; selbst wenn man nicht in allem hundertprozentig \u00fcbereinstimmt, muss man reden, um einander zu verstehen und L\u00f6sungen zu finden&#8221;.<\/p>\n<p>Die s\u00fcdafrikanische Au\u00dfenministerin Naledi Pandor ist der Ansicht, dass die Teilnahme Frankreichs eine &#8220;Innovation innerhalb des derzeitigen BRICS-Teilnahmemodells&#8221; w\u00e4re, die &#8220;die globale Reichweite des BRICS-Forums verst\u00e4rken&#8221; w\u00fcrde. Sie stellte jedoch klar, die Entscheidung liege beim s\u00fcdafrikanischen Pr\u00e4sidenten Cyril Ramaphosa, dem derzeitigen Vorsitzenden des Blocks.<\/p>\n<p>W\u00e4hrend eines Telefongespr\u00e4chs mit Ramaphosa Anfang des Monats erw\u00e4hnte Macron Berichten zufolge die M\u00f6glichkeit, eine Einladung zum BRICS-Gipfel in Johannesburg zu erhalten. Ramaphosa wird Ende dieser Woche nach Paris reisen, um am 22. und 23. Juni an einem Gipfel \u00fcber einen neuen globalen Finanzierungspakt teilzunehmen.<\/p>\n<p><strong>Mehr zum Thema &#8211;<\/strong>\u00a0<a rel=\"nofollow noopener\" target=\"_blank\" href=\"https:\/\/test.rtde.life\/nordamerika\/172561-usa-werden-vollstaendigen-hybriden-krieg-gegen-brics-fuehren\/\">Die USA werden einen vollst\u00e4ndigen hybriden Krieg gegen die BRICS+ f\u00fchren <\/a><\/p>\n<\/p>\n<\/div>\n<p><br \/>\n<br \/><a href=\"https:\/\/de.rt.com\/international\/173277-macron-hofft-auf-teilnahme-am\/\">Source link <\/a><\/p>\n","protected":false},"excerpt":{"rendered":"<p>Frankreich hat eine Einladung zum BRICS-Gipfel beantragt, der im August in S\u00fcdafrika stattfinden soll. Laut der franz\u00f6sischen Au\u00dfenministerin Catherine Colonna soll das Treffen eine Plattform f\u00fcr den weiteren Dialog bieten. Wie die franz\u00f6sische Au\u00dfenministerin Catherine Colonna mitteilte, hat Frankreich eine Einladung zum BRICS-Gipfel beantragt, der im August in S\u00fcdafrika stattfinden soll. Sollte Frankreich die Erlaubnis [&hellip;]<\/p>\n","protected":false},"author":3,"featured_media":38670,"comment_status":"open","ping_status":"open","sticky":false,"template":"","format":"standard","meta":{"_yoast_indexnow_last_ping":["1687419841"],"wp_automatic_camp":["217"],"53de0de0e35b24f220e1d872a4b51dc6":["Macron hofft auf Teilnahme am BRICS-Gipfel"],"original_link":["https:\/\/de.rt.com\/international\/173277-macron-hofft-auf-teilnahme-am\/"],"_thumbnail_id":["38670"],"_wptgpro_p2tg_sent2tg":["a:1:{i:23737;s:19:\"2023-06-22 09:45:02\";}"],"jnews_social_counter_last_update":["1777424626"]},"categories":[19,23],"tags":[133,43075,20366,1711,21927],"yoast_head":"<!-- This site is optimized with the Yoast SEO Premium plugin v22.7 (Yoast SEO v22.7) - https:\/\/yoast.com\/wordpress\/plugins\/seo\/ -->\n<title>Macron hofft auf Teilnahme am BRICS-Gipfel - just-now.NEWS Deutschland<\/title>\n<meta name=\"robots\" content=\"index, follow, max-snippet:-1, max-image-preview:large, max-video-preview:-1\" \/>\n<link rel=\"canonical\" href=\"https:\/\/now-news.de\/de\/deutschland\/macron-hofft-auf-teilnahme-am-brics-gipfel\/\" \/>\n<meta property=\"og:locale\" content=\"de_DE\" \/>\n<meta property=\"og:type\" content=\"article\" \/>\n<meta property=\"og:title\" content=\"Macron hofft auf Teilnahme am BRICS-Gipfel\" \/>\n<meta property=\"og:description\" content=\"Frankreich hat eine Einladung zum BRICS-Gipfel beantragt, der im August in S\u00fcdafrika stattfinden soll. Laut der franz\u00f6sischen Au\u00dfenministerin Catherine Colonna soll das Treffen eine Plattform f\u00fcr den weiteren Dialog bieten. Wie die franz\u00f6sische Au\u00dfenministerin Catherine Colonna mitteilte, hat Frankreich eine Einladung zum BRICS-Gipfel beantragt, der im August in S\u00fcdafrika stattfinden soll. Sollte Frankreich die Erlaubnis [&hellip;]\" \/>\n<meta property=\"og:url\" content=\"https:\/\/now-news.de\/de\/deutschland\/macron-hofft-auf-teilnahme-am-brics-gipfel\/\" \/>\n<meta property=\"og:site_name\" content=\"just-now.NEWS Deutschland\" \/>\n<meta property=\"article:publisher\" content=\"https:\/\/www.facebook.com\/wirmachenauf\" \/>\n<meta property=\"article:published_time\" content=\"2023-06-22T07:28:24+00:00\" \/>\n<meta property=\"og:image\" content=\"https:\/\/now-news.de\/de\/wp-content\/uploads\/sites\/3\/2023\/06\/Macron-hofft-auf-Teilnahme-am-BRICS-Gipfel.jpg\" \/>\n\t<meta property=\"og:image:width\" content=\"460\" \/>\n\t<meta property=\"og:image:height\" content=\"259\" \/>\n\t<meta property=\"og:image:type\" content=\"image\/jpeg\" \/>\n<meta name=\"author\" content=\"rtnews\" \/>\n<meta name=\"twitter:card\" content=\"summary_large_image\" \/>\n<meta name=\"twitter:creator\" content=\"@WirMachenAuf_de\" \/>\n<meta name=\"twitter:site\" content=\"@WirMachenAuf_de\" \/>\n<meta name=\"twitter:label1\" content=\"Verfasst von\" \/>\n\t<meta name=\"twitter:data1\" content=\"rtnews\" \/>\n\t<meta name=\"twitter:label2\" content=\"Gesch\u00e4tzte Lesezeit\" \/>\n\t<meta name=\"twitter:data2\" content=\"2\u00a0Minuten\" \/>\n<script type=\"application\/ld+json\" class=\"yoast-schema-graph\">{\"@context\":\"https:\/\/schema.org\",\"@graph\":[{\"@type\":\"Article\",\"@id\":\"https:\/\/now-news.de\/de\/deutschland\/macron-hofft-auf-teilnahme-am-brics-gipfel\/#article\",\"isPartOf\":{\"@id\":\"https:\/\/now-news.de\/de\/deutschland\/macron-hofft-auf-teilnahme-am-brics-gipfel\/\"},\"author\":{\"name\":\"rtnews\",\"@id\":\"https:\/\/now-news.de\/de\/#\/schema\/person\/fb534a4e865501d8b3285208df34a9b5\"},\"headline\":\"Macron hofft auf Teilnahme am BRICS-Gipfel\",\"datePublished\":\"2023-06-22T07:28:24+00:00\",\"dateModified\":\"2023-06-22T07:28:24+00:00\",\"mainEntityOfPage\":{\"@id\":\"https:\/\/now-news.de\/de\/deutschland\/macron-hofft-auf-teilnahme-am-brics-gipfel\/\"},\"wordCount\":423,\"commentCount\":0,\"publisher\":{\"@id\":\"https:\/\/now-news.de\/de\/#organization\"},\"image\":{\"@id\":\"https:\/\/now-news.de\/de\/deutschland\/macron-hofft-auf-teilnahme-am-brics-gipfel\/#primaryimage\"},\"thumbnailUrl\":\"https:\/\/now-news.de\/de\/wp-content\/uploads\/sites\/3\/2023\/06\/Macron-hofft-auf-Teilnahme-am-BRICS-Gipfel.jpg\",\"keywords\":[\"AUF\",\"BRICSGipfel\",\"hofft\",\"macron\",\"Teilnahme\"],\"articleSection\":[\"Deutschland\",\"Russland\"],\"inLanguage\":\"de\",\"potentialAction\":[{\"@type\":\"CommentAction\",\"name\":\"Comment\",\"target\":[\"https:\/\/now-news.de\/de\/deutschland\/macron-hofft-auf-teilnahme-am-brics-gipfel\/#respond\"]}]},{\"@type\":\"WebPage\",\"@id\":\"https:\/\/now-news.de\/de\/deutschland\/macron-hofft-auf-teilnahme-am-brics-gipfel\/\",\"url\":\"https:\/\/now-news.de\/de\/deutschland\/macron-hofft-auf-teilnahme-am-brics-gipfel\/\",\"name\":\"Macron hofft auf Teilnahme am BRICS-Gipfel - just-now.NEWS Deutschland\",\"isPartOf\":{\"@id\":\"https:\/\/now-news.de\/de\/#website\"},\"primaryImageOfPage\":{\"@id\":\"https:\/\/now-news.de\/de\/deutschland\/macron-hofft-auf-teilnahme-am-brics-gipfel\/#primaryimage\"},\"image\":{\"@id\":\"https:\/\/now-news.de\/de\/deutschland\/macron-hofft-auf-teilnahme-am-brics-gipfel\/#primaryimage\"},\"thumbnailUrl\":\"https:\/\/now-news.de\/de\/wp-content\/uploads\/sites\/3\/2023\/06\/Macron-hofft-auf-Teilnahme-am-BRICS-Gipfel.jpg\",\"datePublished\":\"2023-06-22T07:28:24+00:00\",\"dateModified\":\"2023-06-22T07:28:24+00:00\",\"breadcrumb\":{\"@id\":\"https:\/\/now-news.de\/de\/deutschland\/macron-hofft-auf-teilnahme-am-brics-gipfel\/#breadcrumb\"},\"inLanguage\":\"de\",\"potentialAction\":[{\"@type\":\"ReadAction\",\"target\":[\"https:\/\/now-news.de\/de\/deutschland\/macron-hofft-auf-teilnahme-am-brics-gipfel\/\"]}]},{\"@type\":\"ImageObject\",\"inLanguage\":\"de\",\"@id\":\"https:\/\/now-news.de\/de\/deutschland\/macron-hofft-auf-teilnahme-am-brics-gipfel\/#primaryimage\",\"url\":\"https:\/\/now-news.de\/de\/wp-content\/uploads\/sites\/3\/2023\/06\/Macron-hofft-auf-Teilnahme-am-BRICS-Gipfel.jpg\",\"contentUrl\":\"https:\/\/now-news.de\/de\/wp-content\/uploads\/sites\/3\/2023\/06\/Macron-hofft-auf-Teilnahme-am-BRICS-Gipfel.jpg\",\"width\":460,\"height\":259,\"caption\":\"Macron hofft auf Teilnahme am BRICS-Gipfel\"},{\"@type\":\"BreadcrumbList\",\"@id\":\"https:\/\/now-news.de\/de\/deutschland\/macron-hofft-auf-teilnahme-am-brics-gipfel\/#breadcrumb\",\"itemListElement\":[{\"@type\":\"ListItem\",\"position\":1,\"name\":\"Home\",\"item\":\"https:\/\/now-news.de\/de\/\"},{\"@type\":\"ListItem\",\"position\":2,\"name\":\"Macron hofft auf Teilnahme am BRICS-Gipfel\"}]},{\"@type\":\"WebSite\",\"@id\":\"https:\/\/now-news.de\/de\/#website\",\"url\":\"https:\/\/now-news.de\/de\/\",\"name\":\"just-now.NEWS Deutschland\",\"description\":\"Das Portal f\u00fcr unzensierte Nachrichten aus der Welt\",\"publisher\":{\"@id\":\"https:\/\/now-news.de\/de\/#organization\"},\"potentialAction\":[{\"@type\":\"SearchAction\",\"target\":{\"@type\":\"EntryPoint\",\"urlTemplate\":\"https:\/\/now-news.de\/de\/?s={search_term_string}\"},\"query-input\":\"required name=search_term_string\"}],\"inLanguage\":\"de\"},{\"@type\":\"Organization\",\"@id\":\"https:\/\/now-news.de\/de\/#organization\",\"name\":\"Just Now News\",\"url\":\"https:\/\/now-news.de\/de\/\",\"logo\":{\"@type\":\"ImageObject\",\"inLanguage\":\"de\",\"@id\":\"https:\/\/now-news.de\/de\/#\/schema\/logo\/image\/\",\"url\":\"http:\/\/just-now.news\/de\/wp-content\/uploads\/sites\/3\/2022\/04\/logo500x500.jpg\",\"contentUrl\":\"http:\/\/just-now.news\/de\/wp-content\/uploads\/sites\/3\/2022\/04\/logo500x500.jpg\",\"width\":500,\"height\":500,\"caption\":\"Just Now News\"},\"image\":{\"@id\":\"https:\/\/now-news.de\/de\/#\/schema\/logo\/image\/\"},\"sameAs\":[\"https:\/\/www.facebook.com\/wirmachenauf\",\"https:\/\/x.com\/WirMachenAuf_de\"]},{\"@type\":\"Person\",\"@id\":\"https:\/\/now-news.de\/de\/#\/schema\/person\/fb534a4e865501d8b3285208df34a9b5\",\"name\":\"rtnews\",\"image\":{\"@type\":\"ImageObject\",\"inLanguage\":\"de\",\"@id\":\"https:\/\/now-news.de\/de\/#\/schema\/person\/image\/\",\"url\":\"https:\/\/secure.gravatar.com\/avatar\/82aafea7d8127119dd649515f56e2117?s=96&d=mm&r=g\",\"contentUrl\":\"https:\/\/secure.gravatar.com\/avatar\/82aafea7d8127119dd649515f56e2117?s=96&d=mm&r=g\",\"caption\":\"rtnews\"},\"url\":\"https:\/\/now-news.de\/de\/author\/rnews\/\"}]}<\/script>\n<!-- \/ Yoast SEO Premium plugin. -->","yoast_head_json":{"title":"Macron hofft auf Teilnahme am BRICS-Gipfel - just-now.NEWS Deutschland","robots":{"index":"index","follow":"follow","max-snippet":"max-snippet:-1","max-image-preview":"max-image-preview:large","max-video-preview":"max-video-preview:-1"},"canonical":"https:\/\/now-news.de\/de\/deutschland\/macron-hofft-auf-teilnahme-am-brics-gipfel\/","og_locale":"de_DE","og_type":"article","og_title":"Macron hofft auf Teilnahme am BRICS-Gipfel","og_description":"Frankreich hat eine Einladung zum BRICS-Gipfel beantragt, der im August in S\u00fcdafrika stattfinden soll. Laut der franz\u00f6sischen Au\u00dfenministerin Catherine Colonna soll das Treffen eine Plattform f\u00fcr den weiteren Dialog bieten. Wie die franz\u00f6sische Au\u00dfenministerin Catherine Colonna mitteilte, hat Frankreich eine Einladung zum BRICS-Gipfel beantragt, der im August in S\u00fcdafrika stattfinden soll. Sollte Frankreich die Erlaubnis [&hellip;]","og_url":"https:\/\/now-news.de\/de\/deutschland\/macron-hofft-auf-teilnahme-am-brics-gipfel\/","og_site_name":"just-now.NEWS Deutschland","article_publisher":"https:\/\/www.facebook.com\/wirmachenauf","article_published_time":"2023-06-22T07:28:24+00:00","og_image":[{"width":460,"height":259,"url":"https:\/\/now-news.de\/de\/wp-content\/uploads\/sites\/3\/2023\/06\/Macron-hofft-auf-Teilnahme-am-BRICS-Gipfel.jpg","type":"image\/jpeg"}],"author":"rtnews","twitter_card":"summary_large_image","twitter_creator":"@WirMachenAuf_de","twitter_site":"@WirMachenAuf_de","twitter_misc":{"Verfasst von":"rtnews","Gesch\u00e4tzte Lesezeit":"2\u00a0Minuten"},"schema":{"@context":"https:\/\/schema.org","@graph":[{"@type":"Article","@id":"https:\/\/now-news.de\/de\/deutschland\/macron-hofft-auf-teilnahme-am-brics-gipfel\/#article","isPartOf":{"@id":"https:\/\/now-news.de\/de\/deutschland\/macron-hofft-auf-teilnahme-am-brics-gipfel\/"},"author":{"name":"rtnews","@id":"https:\/\/now-news.de\/de\/#\/schema\/person\/fb534a4e865501d8b3285208df34a9b5"},"headline":"Macron hofft auf Teilnahme am BRICS-Gipfel","datePublished":"2023-06-22T07:28:24+00:00","dateModified":"2023-06-22T07:28:24+00:00","mainEntityOfPage":{"@id":"https:\/\/now-news.de\/de\/deutschland\/macron-hofft-auf-teilnahme-am-brics-gipfel\/"},"wordCount":423,"commentCount":0,"publisher":{"@id":"https:\/\/now-news.de\/de\/#organization"},"image":{"@id":"https:\/\/now-news.de\/de\/deutschland\/macron-hofft-auf-teilnahme-am-brics-gipfel\/#primaryimage"},"thumbnailUrl":"https:\/\/now-news.de\/de\/wp-content\/uploads\/sites\/3\/2023\/06\/Macron-hofft-auf-Teilnahme-am-BRICS-Gipfel.jpg","keywords":["AUF","BRICSGipfel","hofft","macron","Teilnahme"],"articleSection":["Deutschland","Russland"],"inLanguage":"de","potentialAction":[{"@type":"CommentAction","name":"Comment","target":["https:\/\/now-news.de\/de\/deutschland\/macron-hofft-auf-teilnahme-am-brics-gipfel\/#respond"]}]},{"@type":"WebPage","@id":"https:\/\/now-news.de\/de\/deutschland\/macron-hofft-auf-teilnahme-am-brics-gipfel\/","url":"https:\/\/now-news.de\/de\/deutschland\/macron-hofft-auf-teilnahme-am-brics-gipfel\/","name":"Macron hofft auf Teilnahme am BRICS-Gipfel - just-now.NEWS Deutschland","isPartOf":{"@id":"https:\/\/now-news.de\/de\/#website"},"primaryImageOfPage":{"@id":"https:\/\/now-news.de\/de\/deutschland\/macron-hofft-auf-teilnahme-am-brics-gipfel\/#primaryimage"},"image":{"@id":"https:\/\/now-news.de\/de\/deutschland\/macron-hofft-auf-teilnahme-am-brics-gipfel\/#primaryimage"},"thumbnailUrl":"https:\/\/now-news.de\/de\/wp-content\/uploads\/sites\/3\/2023\/06\/Macron-hofft-auf-Teilnahme-am-BRICS-Gipfel.jpg","datePublished":"2023-06-22T07:28:24+00:00","dateModified":"2023-06-22T07:28:24+00:00","breadcrumb":{"@id":"https:\/\/now-news.de\/de\/deutschland\/macron-hofft-auf-teilnahme-am-brics-gipfel\/#breadcrumb"},"inLanguage":"de","potentialAction":[{"@type":"ReadAction","target":["https:\/\/now-news.de\/de\/deutschland\/macron-hofft-auf-teilnahme-am-brics-gipfel\/"]}]},{"@type":"ImageObject","inLanguage":"de","@id":"https:\/\/now-news.de\/de\/deutschland\/macron-hofft-auf-teilnahme-am-brics-gipfel\/#primaryimage","url":"https:\/\/now-news.de\/de\/wp-content\/uploads\/sites\/3\/2023\/06\/Macron-hofft-auf-Teilnahme-am-BRICS-Gipfel.jpg","contentUrl":"https:\/\/now-news.de\/de\/wp-content\/uploads\/sites\/3\/2023\/06\/Macron-hofft-auf-Teilnahme-am-BRICS-Gipfel.jpg","width":460,"height":259,"caption":"Macron hofft auf Teilnahme am BRICS-Gipfel"},{"@type":"BreadcrumbList","@id":"https:\/\/now-news.de\/de\/deutschland\/macron-hofft-auf-teilnahme-am-brics-gipfel\/#breadcrumb","itemListElement":[{"@type":"ListItem","position":1,"name":"Home","item":"https:\/\/now-news.de\/de\/"},{"@type":"ListItem","position":2,"name":"Macron hofft auf Teilnahme am BRICS-Gipfel"}]},{"@type":"WebSite","@id":"https:\/\/now-news.de\/de\/#website","url":"https:\/\/now-news.de\/de\/","name":"just-now.NEWS Deutschland","description":"Das Portal f\u00fcr unzensierte Nachrichten aus der Welt","publisher":{"@id":"https:\/\/now-news.de\/de\/#organization"},"potentialAction":[{"@type":"SearchAction","target":{"@type":"EntryPoint","urlTemplate":"https:\/\/now-news.de\/de\/?s={search_term_string}"},"query-input":"required name=search_term_string"}],"inLanguage":"de"},{"@type":"Organization","@id":"https:\/\/now-news.de\/de\/#organization","name":"Just Now News","url":"https:\/\/now-news.de\/de\/","logo":{"@type":"ImageObject","inLanguage":"de","@id":"https:\/\/now-news.de\/de\/#\/schema\/logo\/image\/","url":"http:\/\/just-now.news\/de\/wp-content\/uploads\/sites\/3\/2022\/04\/logo500x500.jpg","contentUrl":"http:\/\/just-now.news\/de\/wp-content\/uploads\/sites\/3\/2022\/04\/logo500x500.jpg","width":500,"height":500,"caption":"Just Now News"},"image":{"@id":"https:\/\/now-news.de\/de\/#\/schema\/logo\/image\/"},"sameAs":["https:\/\/www.facebook.com\/wirmachenauf","https:\/\/x.com\/WirMachenAuf_de"]},{"@type":"Person","@id":"https:\/\/now-news.de\/de\/#\/schema\/person\/fb534a4e865501d8b3285208df34a9b5","name":"rtnews","image":{"@type":"ImageObject","inLanguage":"de","@id":"https:\/\/now-news.de\/de\/#\/schema\/person\/image\/","url":"https:\/\/secure.gravatar.com\/avatar\/82aafea7d8127119dd649515f56e2117?s=96&d=mm&r=g","contentUrl":"https:\/\/secure.gravatar.com\/avatar\/82aafea7d8127119dd649515f56e2117?s=96&d=mm&r=g","caption":"rtnews"},"url":"https:\/\/now-news.de\/de\/author\/rnews\/"}]}},"_links":{"self":[{"href":"https:\/\/now-news.de\/de\/wp-json\/wp\/v2\/posts\/38669"}],"collection":[{"href":"https:\/\/now-news.de\/de\/wp-json\/wp\/v2\/posts"}],"about":[{"href":"https:\/\/now-news.de\/de\/wp-json\/wp\/v2\/types\/post"}],"author":[{"embeddable":true,"href":"https:\/\/now-news.de\/de\/wp-json\/wp\/v2\/users\/3"}],"replies":[{"embeddable":true,"href":"https:\/\/now-news.de\/de\/wp-json\/wp\/v2\/comments?post=38669"}],"version-history":[{"count":0,"href":"https:\/\/now-news.de\/de\/wp-json\/wp\/v2\/posts\/38669\/revisions"}],"wp:featuredmedia":[{"embeddable":true,"href":"https:\/\/now-news.de\/de\/wp-json\/wp\/v2\/media\/38670"}],"wp:attachment":[{"href":"https:\/\/now-news.de\/de\/wp-json\/wp\/v2\/media?parent=38669"}],"wp:term":[{"taxonomy":"category","embeddable":true,"href":"https:\/\/now-news.de\/de\/wp-json\/wp\/v2\/categories?post=38669"},{"taxonomy":"post_tag","embeddable":true,"href":"https:\/\/now-news.de\/de\/wp-json\/wp\/v2\/tags?post=38669"}],"curies":[{"name":"wp","href":"https:\/\/api.w.org\/{rel}","templated":true}]}}