{"id":38665,"date":"2023-06-22T08:44:09","date_gmt":"2023-06-22T06:44:09","guid":{"rendered":"https:\/\/just-now.news\/de\/deutschland\/sankt-petersburg-impressionen-zwischen-wirtschaftsforum-sommer-und-neuen-gaesten\/"},"modified":"2023-06-22T08:44:09","modified_gmt":"2023-06-22T06:44:09","slug":"sankt-petersburg-impressionen-zwischen-wirtschaftsforum-sommer-und-neuen-gaesten","status":"publish","type":"post","link":"https:\/\/now-news.de\/de\/deutschland\/sankt-petersburg-impressionen-zwischen-wirtschaftsforum-sommer-und-neuen-gaesten\/","title":{"rendered":"Sankt Petersburg: Impressionen zwischen Wirtschaftsforum, Sommer und neuen G\u00e4sten"},"content":{"rendered":"<p><img decoding=\"async\" src=\"http:\/\/just-now.news\/de\/wp-content\/uploads\/sites\/3\/2023\/06\/6491b21248fbef1d1e2339e9.jpg\" \/><\/p>\n<div class=\"Text-root Text-type_1 \">\n                Flanieren, Debattieren und wegen des Forums im Stau stehen \u2013 das ist das Venedig des Nordens \u2026 und vieles mehr.\n            <\/div>\n<p><\/p>\n<div class=\"Text-root Text-type_5 ArticleView-text ViewText-root \">\n<p><em>Von Dr. Karin Kneissl<\/em><\/p>\n<p>Als ich vor zehn Tagen aus dem Libanon, wo ich seit einem Jahr lebe, in Sankt Petersburg ankam, f\u00fchrte mich mein erster Weg in einen Park nahe dem Hotel. Dort genoss ich ein Eis auf einer Parkbank zwischen sprie\u00dfenden Blumenbeeten. Ich hatte den Eindruck, dass Stiefm\u00fctterchen und Pfingstrosen zeitgleich aus der Erde schie\u00dfen. Um mich herum schwirrten Spatzen, die ich mit den Resten meiner Eist\u00fcte f\u00fctterte. Innig erfreute ich mich an diesem tiefen Moment des Lebens. Wie verzaubert schien mir diese Wirklichkeit der gepflegten Parkanlage ohne hungrige Kinder, die verzweifelt um Trinkwasser betteln und ohne all das andere Elend der Alten und der Tiere. Zudem ist mein libanesischer Alltag vom dauernden Zusammenbruch der Haustechnik bestimmt. Probleme l\u00f6sen, wenn man allein auf sich gestellt ist, das ist sehr anstrengend. Umso mehr genoss ich diese ersten Momente in einer der sch\u00f6nsten europ\u00e4ischen St\u00e4dte. Es irritiert vielleicht meine ehemaligen Landsleute, aber \u00d6sterreich vermisse ich nicht, auch wenn ich dort alles verloren habe, was ich mir im Laufe von Jahrzehnten aufgebaut hatte. Zuviel an Hass ist passiert und erreicht mich weiterhin, sodass ich meine Entscheidung im R\u00fcckblick mit Erleichterung sehe.<\/p>\n<p><strong>Die Sehnsucht nach Europa<\/strong><\/p>\n<p>Nach der Verweigerung eines Bankkontos und der Ausweisung aus Frankreich ohne jede Rechtsgrundlage hatte ich zwischen April und Mai des Jahres 2022 meine Tiere und mich in den Libanon \u00fcbersiedelt. Ich hatte damals kaum eine andere Wahl. Ohne Konto kann man nicht existieren und logistisch war es unm\u00f6glich, nach Russland zu \u00fcbersiedeln. Hierf\u00fcr w\u00e4re umfassende Hilfe erforderlich gewesen.<\/p>\n<p>Aber Europa vermisse ich zunehmend. Dazu geh\u00f6rt f\u00fcr mich ein Konzertbesuch, das Flanieren durch ein Museum, ein Kaffeehaus, Schaufensterbummeln und mit angenehmen Menschen gepflegte Konversation zu f\u00fchren. All dies finde ich nun wieder in Sankt Petersburg \u2013 zweifellos eine der sch\u00f6nsten Ecken Europas. Und wieviel hat diese Stadt durchgemacht! Das dunkelste Kapitel ist ganz ohne Frage die Leningrader Blockade, als deutsche Soldaten fast eintausend Tage lang die Stadt von jeder Versorgung abriegelten und ann\u00e4hernd eine Million Menschen unter grauenhaften Bedingungen verendeten. Die \u00dcberlebenden vegetierten dahin und a\u00dfen Katzen, Ratten oder auch Menschenfleisch. Es war der Horror auf Erden. Einer jener \u00dcberlebenden ist der 90-j\u00e4hrige Dirigent Wladimir Sinowjew, der viele Jahre die Wiener Symphoniker dirigierte, heute dies aber nicht mehr darf, da er weiterhin auch in Russland Konzerte gibt.<\/p>\n<p>\u00dcber die Leningrader Blockade sah ich im Laufe meines Lebens nur einmal eine TV-Dokumentation, wir wurden mit diesem Verbrechen von Deutschen und \u00d6sterreichern weder in der Schule noch zu einem sp\u00e4teren Zeitpunkt konfrontiert. Anders verh\u00e4lt es sich bekannterma\u00dfen mit den nicht weniger grausamen Kapiteln des Holocaust oder des Aufstands im Warschauer Ghetto.<\/p>\n<p>Die Leningrader Belagerung f\u00fchrte auch zur Zerst\u00f6rung all der Bauwerke rund um die Stadt, die Deutschen zogen eine Brandspur. Das Bernstein-Zimmer wurde aus dem Sommerpalast der Zarin Katharina II. binnen Stunden abmontiert und wie vieles andere geraubt. Dass heute diese Schl\u00f6sser, die herrlichen Palazzi entlang des Newa-Flusses wieder stehen, ist dem Durchhaltewillen seiner Bewohner, dem Genius seiner Architekten und auch den vielen engagierten B\u00fcrgermeistern der Stadt zu verdanken.<\/p>\n<p>Welche Leichtigkeit herrscht zwischen den Kan\u00e4len trotz der Schwere der Geschichte. Auch die totale Isolation Russlands in unserer Zeit ersch\u00fcttert die Menschen nicht. Die Stra\u00dfen quellen \u00fcber von Menschen aller Generationen, die die langen Tage, die ber\u00fchmten wei\u00dfen N\u00e4chte und die milde Luft nach einem langen Winter genie\u00dfen. Musik und Sch\u00f6nheit atme ich hier nach einer Zeit der Entbehrungen. Fast jeden Abend darf ich Konzerte genie\u00dfen, K\u00fcnstler treffen und so vieles erleben. Welch ein Kontrast zum isolierten Dasein im kleinen Dorf im Norden des Libanons.<\/p>\n<p>Der Hauptgrund meiner Reise war aber nicht, durch Sankt Petersburg zu flanieren, vielmehr kam ich als Vortragende an der Sankt Petersburger Staatlichen Universit\u00e4t, wo wir ein Institut er\u00f6ffneten. Dessen englische Abk\u00fcrzung G.O.R.K.I steht f\u00fcr Gepolitical Observatory for Russia&#8217;s Key Issues. Wir haben viel vor, die ersten Treffen mit den 20 Kollegen, die mitarbeiten, verliefen sehr gut. Es war eine Freude, vor aufmerksamen Studenten zur R\u00fcckkehr der Geographie vorzutragen. Hinzu kamen vier sehr intensive Tage beim Wirtschaftsforum, das die Stadt mit eindrucksvollen Staus teils lahmlegte.<\/p>\n<p><strong>Ein anderes SPIEF<\/strong><\/p>\n<p>Im Juni 2021 besuchte ich erstmals das internationale Sankt Petersburger Wirtschaftsforum, das SPIEF. Damals gaben sich \u2013 trotz der Sanktionen seit dem Jahr 2014 \u2013 alle Energiekonzerne und global agierenden Firmen die T\u00fcrklinken in die Hand. Auf den Korridoren dominierte die deutsche Sprache. Das SPIEF war ein Fixpunkt im Kalender aller gro\u00dfen deutschen Firmenchefs, vor allem auch der deutschen Mittelstandsunternehmen als R\u00fcckgrat der deutschen Wirtschaft. In diesem Jahr kamen die neuen Partner, wie sie in Russland genannt werden. Das ist der gro\u00dfe globale S\u00fcden neben den vielen asiatischen Kollegen, unter anderem aus dem arabischen Raum, Iran und Indien. Es ist der gro\u00dfe weite Rest der Welt jenseits jener 42 Staaten, welche Sanktionen \u00fcber Russland verh\u00e4ngten. Bewusst ausgeschlossen waren diesmal westliche Medien, die nun von russischen und anderen Nachrichtenagenturen abschreiben m\u00fcssen, dies aber erst recht oft selektiv und fehlerhaft machen.<\/p>\n<p>Es war zweifellos ein neues, anderes Forum, aber es findet statt. Geht es nur darum, Normalit\u00e4t aufrechtzuerhalten oder werden hier tats\u00e4chlich Kontakte angebahnt? Ich war zwischen mehreren Panels und Dutzenden Interviews so besch\u00e4ftigt, dass ich von solchen Dingen keinen pers\u00f6nlichen Einblick gewinnen konnte. Aber die Rede des Pr\u00e4sidenten Wladimir Putin war eine fundierte Wirtschaftsrede, gepickt mit Zahlen, Daten, Fakten. Der Grundtenor war der voller Zuversicht. Die russische Volkswirtschaft ist gut durch diese schwere Zeit gesegelt und ist auf Platz 6 unter den zehn wichtigsten Volkswirtschaften. Sollte die Rezession in Deutschland sich versch\u00e4rfen, dann k\u00f6nnte Russland sich noch um einen Platz verbessern, meinte der Pr\u00e4sident nicht ohne Ironie. Auch zeigen einige Daten, dass sich Russland von seiner Rohstoffabh\u00e4ngigkeit zunehmend befreit, denn die Sektoren au\u00dferhalb der Energie wachsen besser als jene von Kohle, Erd\u00f6l und Erdgas.<\/p>\n<p>Verdrie\u00dflicher erscheint mir \u2013 aus der Ferne betrachtet \u2013 die Stimmung in Europa, wo Arbeitslosigkeit und Inflation sowie Energiearmut in vielen EU-Staaten die Lage der Menschen bestimmen.<\/p>\n<p>Russland ist trotz der &#8220;Sanktionen aus der H\u00f6lle&#8221;, wie die bisherigen zehn Sanktionspakete genannt wurden, nicht daran zerbrochen. Die Versorgung musste nicht auf Mangelwirtschaft umgestellt werden, viele westliche Firmen wollen den russischen Markt in Wirklichkeit gar nicht verlassen. Deutschland erwies sich im vorauseilenden Gehorsam aber als besonders eifrig. Wo die deutschen Autofirmen wegzogen, r\u00fccken nun dauerhaften die chinesischen Konkurrenten ein. Russen scheinen \u2013 wieder einmal in der Geschichte \u2013 den l\u00e4ngeren Atem zu haben.<\/p>\n<p><strong>Die Kontinuit\u00e4t der Stadt und im ganzen Land<\/strong><\/p>\n<p>Am vergangenen Wochenende wurden am Ufer des Finnischen Meeres drei Flaggen gehisst: jene des zaristischen Russlands, der Sowjetunion und der Russischen F\u00f6deration. Erstmals stehen diese drei Flaggen nebeneinander und zeigen damit etwas klar auf. Die Geschichte geht weiter und trotz aller gesellschaftlichen, politischen und wirtschaftlichen Umbr\u00fcche, welche Land und Menschen 1917 und 1991 und wohl auf 2022 erleben mussten, es herrscht eine Kontinuit\u00e4t. Auch wenn der Krieg in der Ukraine tobt, ukrainische Drohnen von russischen Saboteuren auf den Kreml geschossen werden, russische Grenzregionen unter Angriffen stehen, in einer Stadt wie Sankt Petersburg wird Zuversicht ausgestrahlt. Die Geschichte geht weiter. Die Touristen kommen aus anderen L\u00e4ndern, Allianzen werden \u00fcberdacht, neue Ideen werden gew\u00e4lzt.<\/p>\n<p><strong>Mehr zum Thema<\/strong> &#8211; <a rel=\"nofollow noopener\" target=\"_blank\" href=\"https:\/\/test.rtde.me\/asien\/172600-entdollarisierung-pakistan-bezahlt-erste-lieferung\/\">Entdollarisierung: Pakistan bezahlt die erste Lieferung russischen \u00d6ls in chinesischen Yuan<\/a><\/p>\n<div class=\"EmbedBlock-root EmbedBlock-externalVideo EmbedBlock-vk\">\n<div class=\"VkEmbed\"><iframe class=\"lazyload\" data-src=\"https:\/\/vk.com\/video_ext.php?oid=-134310637&amp;id=456267755&amp;hash=617b5bc62658ab0a\" frameborder=\"0\" width=\"853\" height=\"480\" allowfullscreen><\/iframe><\/div>\n<\/div>\n<\/div>\n<p><br \/>\n<br \/><a href=\"https:\/\/de.rt.com\/meinung\/173133-sankt-petersburg-zwischen-wirtschaftsforum-sommer\/\">Source link <\/a><\/p>\n","protected":false},"excerpt":{"rendered":"<p>Flanieren, Debattieren und wegen des Forums im Stau stehen \u2013 das ist das Venedig des Nordens \u2026 und vieles mehr. Von Dr. Karin Kneissl Als ich vor zehn Tagen aus dem Libanon, wo ich seit einem Jahr lebe, in Sankt Petersburg ankam, f\u00fchrte mich mein erster Weg in einen Park nahe dem Hotel. Dort genoss [&hellip;]<\/p>\n","protected":false},"author":3,"featured_media":38666,"comment_status":"open","ping_status":"open","sticky":false,"template":"","format":"standard","meta":{"_yoast_indexnow_last_ping":["1687416977"],"wp_automatic_camp":["217"],"84d49e23b233fd1411aa62fb9c6d2be4":["Sankt Petersburg: Impressionen zwischen Wirtschaftsforum, Sommer und neuen G\u00e4sten"],"original_link":["https:\/\/de.rt.com\/meinung\/173133-sankt-petersburg-zwischen-wirtschaftsforum-sommer\/"],"_thumbnail_id":["38666"],"_wptgpro_p2tg_sent2tg":["a:1:{i:23737;s:19:\"2023-06-22 08:58:26\";}"],"jnews_social_counter_last_update":["1777122497"]},"categories":[19,23],"tags":[21146,45921,213,19392,24299,11911,140,21957,436],"yoast_head":"<!-- This site is optimized with the Yoast SEO Premium plugin v22.7 (Yoast SEO v22.7) - https:\/\/yoast.com\/wordpress\/plugins\/seo\/ -->\n<title>Sankt Petersburg: Impressionen zwischen Wirtschaftsforum, Sommer und neuen G\u00e4sten - just-now.NEWS Deutschland<\/title>\n<meta name=\"robots\" content=\"index, follow, max-snippet:-1, max-image-preview:large, max-video-preview:-1\" \/>\n<link rel=\"canonical\" href=\"https:\/\/now-news.de\/de\/deutschland\/sankt-petersburg-impressionen-zwischen-wirtschaftsforum-sommer-und-neuen-gaesten\/\" \/>\n<meta property=\"og:locale\" content=\"de_DE\" \/>\n<meta property=\"og:type\" content=\"article\" \/>\n<meta property=\"og:title\" content=\"Sankt Petersburg: Impressionen zwischen Wirtschaftsforum, Sommer und neuen G\u00e4sten\" \/>\n<meta property=\"og:description\" content=\"Flanieren, Debattieren und wegen des Forums im Stau stehen \u2013 das ist das Venedig des Nordens \u2026 und vieles mehr. Von Dr. Karin Kneissl Als ich vor zehn Tagen aus dem Libanon, wo ich seit einem Jahr lebe, in Sankt Petersburg ankam, f\u00fchrte mich mein erster Weg in einen Park nahe dem Hotel. Dort genoss [&hellip;]\" \/>\n<meta property=\"og:url\" content=\"https:\/\/now-news.de\/de\/deutschland\/sankt-petersburg-impressionen-zwischen-wirtschaftsforum-sommer-und-neuen-gaesten\/\" \/>\n<meta property=\"og:site_name\" content=\"just-now.NEWS Deutschland\" \/>\n<meta property=\"article:publisher\" content=\"https:\/\/www.facebook.com\/wirmachenauf\" \/>\n<meta property=\"article:published_time\" content=\"2023-06-22T06:44:09+00:00\" \/>\n<meta property=\"og:image\" content=\"https:\/\/now-news.de\/de\/wp-content\/uploads\/sites\/3\/2023\/06\/Sankt-Petersburg-Impressionen-zwischen-Wirtschaftsforum-Sommer-und-neuen-Gaesten.jpg\" \/>\n\t<meta property=\"og:image:width\" content=\"460\" \/>\n\t<meta property=\"og:image:height\" content=\"259\" \/>\n\t<meta property=\"og:image:type\" content=\"image\/jpeg\" \/>\n<meta name=\"author\" content=\"rtnews\" \/>\n<meta name=\"twitter:card\" content=\"summary_large_image\" \/>\n<meta name=\"twitter:creator\" content=\"@WirMachenAuf_de\" \/>\n<meta name=\"twitter:site\" content=\"@WirMachenAuf_de\" \/>\n<meta name=\"twitter:label1\" content=\"Verfasst von\" \/>\n\t<meta name=\"twitter:data1\" content=\"rtnews\" \/>\n\t<meta name=\"twitter:label2\" content=\"Gesch\u00e4tzte Lesezeit\" \/>\n\t<meta name=\"twitter:data2\" content=\"6\u00a0Minuten\" \/>\n<script type=\"application\/ld+json\" class=\"yoast-schema-graph\">{\"@context\":\"https:\/\/schema.org\",\"@graph\":[{\"@type\":\"Article\",\"@id\":\"https:\/\/now-news.de\/de\/deutschland\/sankt-petersburg-impressionen-zwischen-wirtschaftsforum-sommer-und-neuen-gaesten\/#article\",\"isPartOf\":{\"@id\":\"https:\/\/now-news.de\/de\/deutschland\/sankt-petersburg-impressionen-zwischen-wirtschaftsforum-sommer-und-neuen-gaesten\/\"},\"author\":{\"name\":\"rtnews\",\"@id\":\"https:\/\/now-news.de\/de\/#\/schema\/person\/fb534a4e865501d8b3285208df34a9b5\"},\"headline\":\"Sankt Petersburg: Impressionen zwischen Wirtschaftsforum, Sommer und neuen G\u00e4sten\",\"datePublished\":\"2023-06-22T06:44:09+00:00\",\"dateModified\":\"2023-06-22T06:44:09+00:00\",\"mainEntityOfPage\":{\"@id\":\"https:\/\/now-news.de\/de\/deutschland\/sankt-petersburg-impressionen-zwischen-wirtschaftsforum-sommer-und-neuen-gaesten\/\"},\"wordCount\":1273,\"commentCount\":0,\"publisher\":{\"@id\":\"https:\/\/now-news.de\/de\/#organization\"},\"image\":{\"@id\":\"https:\/\/now-news.de\/de\/deutschland\/sankt-petersburg-impressionen-zwischen-wirtschaftsforum-sommer-und-neuen-gaesten\/#primaryimage\"},\"thumbnailUrl\":\"https:\/\/now-news.de\/de\/wp-content\/uploads\/sites\/3\/2023\/06\/Sankt-Petersburg-Impressionen-zwischen-Wirtschaftsforum-Sommer-und-neuen-Gaesten.jpg\",\"keywords\":[\"G\u00e4sten\",\"Impressionen\",\"neuen\",\"Petersburg\",\"Sankt\",\"Sommer\",\"und\",\"Wirtschaftsforum\",\"zwischen\"],\"articleSection\":[\"Deutschland\",\"Russland\"],\"inLanguage\":\"de\",\"potentialAction\":[{\"@type\":\"CommentAction\",\"name\":\"Comment\",\"target\":[\"https:\/\/now-news.de\/de\/deutschland\/sankt-petersburg-impressionen-zwischen-wirtschaftsforum-sommer-und-neuen-gaesten\/#respond\"]}]},{\"@type\":\"WebPage\",\"@id\":\"https:\/\/now-news.de\/de\/deutschland\/sankt-petersburg-impressionen-zwischen-wirtschaftsforum-sommer-und-neuen-gaesten\/\",\"url\":\"https:\/\/now-news.de\/de\/deutschland\/sankt-petersburg-impressionen-zwischen-wirtschaftsforum-sommer-und-neuen-gaesten\/\",\"name\":\"Sankt Petersburg: Impressionen zwischen Wirtschaftsforum, Sommer und neuen G\u00e4sten - just-now.NEWS Deutschland\",\"isPartOf\":{\"@id\":\"https:\/\/now-news.de\/de\/#website\"},\"primaryImageOfPage\":{\"@id\":\"https:\/\/now-news.de\/de\/deutschland\/sankt-petersburg-impressionen-zwischen-wirtschaftsforum-sommer-und-neuen-gaesten\/#primaryimage\"},\"image\":{\"@id\":\"https:\/\/now-news.de\/de\/deutschland\/sankt-petersburg-impressionen-zwischen-wirtschaftsforum-sommer-und-neuen-gaesten\/#primaryimage\"},\"thumbnailUrl\":\"https:\/\/now-news.de\/de\/wp-content\/uploads\/sites\/3\/2023\/06\/Sankt-Petersburg-Impressionen-zwischen-Wirtschaftsforum-Sommer-und-neuen-Gaesten.jpg\",\"datePublished\":\"2023-06-22T06:44:09+00:00\",\"dateModified\":\"2023-06-22T06:44:09+00:00\",\"breadcrumb\":{\"@id\":\"https:\/\/now-news.de\/de\/deutschland\/sankt-petersburg-impressionen-zwischen-wirtschaftsforum-sommer-und-neuen-gaesten\/#breadcrumb\"},\"inLanguage\":\"de\",\"potentialAction\":[{\"@type\":\"ReadAction\",\"target\":[\"https:\/\/now-news.de\/de\/deutschland\/sankt-petersburg-impressionen-zwischen-wirtschaftsforum-sommer-und-neuen-gaesten\/\"]}]},{\"@type\":\"ImageObject\",\"inLanguage\":\"de\",\"@id\":\"https:\/\/now-news.de\/de\/deutschland\/sankt-petersburg-impressionen-zwischen-wirtschaftsforum-sommer-und-neuen-gaesten\/#primaryimage\",\"url\":\"https:\/\/now-news.de\/de\/wp-content\/uploads\/sites\/3\/2023\/06\/Sankt-Petersburg-Impressionen-zwischen-Wirtschaftsforum-Sommer-und-neuen-Gaesten.jpg\",\"contentUrl\":\"https:\/\/now-news.de\/de\/wp-content\/uploads\/sites\/3\/2023\/06\/Sankt-Petersburg-Impressionen-zwischen-Wirtschaftsforum-Sommer-und-neuen-Gaesten.jpg\",\"width\":460,\"height\":259,\"caption\":\"Sankt Petersburg: Impressionen zwischen Wirtschaftsforum, Sommer und neuen G\u00e4sten\"},{\"@type\":\"BreadcrumbList\",\"@id\":\"https:\/\/now-news.de\/de\/deutschland\/sankt-petersburg-impressionen-zwischen-wirtschaftsforum-sommer-und-neuen-gaesten\/#breadcrumb\",\"itemListElement\":[{\"@type\":\"ListItem\",\"position\":1,\"name\":\"Home\",\"item\":\"https:\/\/now-news.de\/de\/\"},{\"@type\":\"ListItem\",\"position\":2,\"name\":\"Sankt Petersburg: Impressionen zwischen Wirtschaftsforum, Sommer und neuen G\u00e4sten\"}]},{\"@type\":\"WebSite\",\"@id\":\"https:\/\/now-news.de\/de\/#website\",\"url\":\"https:\/\/now-news.de\/de\/\",\"name\":\"just-now.NEWS Deutschland\",\"description\":\"Das Portal f\u00fcr unzensierte Nachrichten aus der Welt\",\"publisher\":{\"@id\":\"https:\/\/now-news.de\/de\/#organization\"},\"potentialAction\":[{\"@type\":\"SearchAction\",\"target\":{\"@type\":\"EntryPoint\",\"urlTemplate\":\"https:\/\/now-news.de\/de\/?s={search_term_string}\"},\"query-input\":\"required name=search_term_string\"}],\"inLanguage\":\"de\"},{\"@type\":\"Organization\",\"@id\":\"https:\/\/now-news.de\/de\/#organization\",\"name\":\"Just Now News\",\"url\":\"https:\/\/now-news.de\/de\/\",\"logo\":{\"@type\":\"ImageObject\",\"inLanguage\":\"de\",\"@id\":\"https:\/\/now-news.de\/de\/#\/schema\/logo\/image\/\",\"url\":\"http:\/\/just-now.news\/de\/wp-content\/uploads\/sites\/3\/2022\/04\/logo500x500.jpg\",\"contentUrl\":\"http:\/\/just-now.news\/de\/wp-content\/uploads\/sites\/3\/2022\/04\/logo500x500.jpg\",\"width\":500,\"height\":500,\"caption\":\"Just Now News\"},\"image\":{\"@id\":\"https:\/\/now-news.de\/de\/#\/schema\/logo\/image\/\"},\"sameAs\":[\"https:\/\/www.facebook.com\/wirmachenauf\",\"https:\/\/x.com\/WirMachenAuf_de\"]},{\"@type\":\"Person\",\"@id\":\"https:\/\/now-news.de\/de\/#\/schema\/person\/fb534a4e865501d8b3285208df34a9b5\",\"name\":\"rtnews\",\"image\":{\"@type\":\"ImageObject\",\"inLanguage\":\"de\",\"@id\":\"https:\/\/now-news.de\/de\/#\/schema\/person\/image\/\",\"url\":\"https:\/\/secure.gravatar.com\/avatar\/82aafea7d8127119dd649515f56e2117?s=96&d=mm&r=g\",\"contentUrl\":\"https:\/\/secure.gravatar.com\/avatar\/82aafea7d8127119dd649515f56e2117?s=96&d=mm&r=g\",\"caption\":\"rtnews\"},\"url\":\"https:\/\/now-news.de\/de\/author\/rnews\/\"}]}<\/script>\n<!-- \/ Yoast SEO Premium plugin. -->","yoast_head_json":{"title":"Sankt Petersburg: Impressionen zwischen Wirtschaftsforum, Sommer und neuen G\u00e4sten - just-now.NEWS Deutschland","robots":{"index":"index","follow":"follow","max-snippet":"max-snippet:-1","max-image-preview":"max-image-preview:large","max-video-preview":"max-video-preview:-1"},"canonical":"https:\/\/now-news.de\/de\/deutschland\/sankt-petersburg-impressionen-zwischen-wirtschaftsforum-sommer-und-neuen-gaesten\/","og_locale":"de_DE","og_type":"article","og_title":"Sankt Petersburg: Impressionen zwischen Wirtschaftsforum, Sommer und neuen G\u00e4sten","og_description":"Flanieren, Debattieren und wegen des Forums im Stau stehen \u2013 das ist das Venedig des Nordens \u2026 und vieles mehr. Von Dr. Karin Kneissl Als ich vor zehn Tagen aus dem Libanon, wo ich seit einem Jahr lebe, in Sankt Petersburg ankam, f\u00fchrte mich mein erster Weg in einen Park nahe dem Hotel. Dort genoss [&hellip;]","og_url":"https:\/\/now-news.de\/de\/deutschland\/sankt-petersburg-impressionen-zwischen-wirtschaftsforum-sommer-und-neuen-gaesten\/","og_site_name":"just-now.NEWS Deutschland","article_publisher":"https:\/\/www.facebook.com\/wirmachenauf","article_published_time":"2023-06-22T06:44:09+00:00","og_image":[{"width":460,"height":259,"url":"https:\/\/now-news.de\/de\/wp-content\/uploads\/sites\/3\/2023\/06\/Sankt-Petersburg-Impressionen-zwischen-Wirtschaftsforum-Sommer-und-neuen-Gaesten.jpg","type":"image\/jpeg"}],"author":"rtnews","twitter_card":"summary_large_image","twitter_creator":"@WirMachenAuf_de","twitter_site":"@WirMachenAuf_de","twitter_misc":{"Verfasst von":"rtnews","Gesch\u00e4tzte Lesezeit":"6\u00a0Minuten"},"schema":{"@context":"https:\/\/schema.org","@graph":[{"@type":"Article","@id":"https:\/\/now-news.de\/de\/deutschland\/sankt-petersburg-impressionen-zwischen-wirtschaftsforum-sommer-und-neuen-gaesten\/#article","isPartOf":{"@id":"https:\/\/now-news.de\/de\/deutschland\/sankt-petersburg-impressionen-zwischen-wirtschaftsforum-sommer-und-neuen-gaesten\/"},"author":{"name":"rtnews","@id":"https:\/\/now-news.de\/de\/#\/schema\/person\/fb534a4e865501d8b3285208df34a9b5"},"headline":"Sankt Petersburg: Impressionen zwischen Wirtschaftsforum, Sommer und neuen G\u00e4sten","datePublished":"2023-06-22T06:44:09+00:00","dateModified":"2023-06-22T06:44:09+00:00","mainEntityOfPage":{"@id":"https:\/\/now-news.de\/de\/deutschland\/sankt-petersburg-impressionen-zwischen-wirtschaftsforum-sommer-und-neuen-gaesten\/"},"wordCount":1273,"commentCount":0,"publisher":{"@id":"https:\/\/now-news.de\/de\/#organization"},"image":{"@id":"https:\/\/now-news.de\/de\/deutschland\/sankt-petersburg-impressionen-zwischen-wirtschaftsforum-sommer-und-neuen-gaesten\/#primaryimage"},"thumbnailUrl":"https:\/\/now-news.de\/de\/wp-content\/uploads\/sites\/3\/2023\/06\/Sankt-Petersburg-Impressionen-zwischen-Wirtschaftsforum-Sommer-und-neuen-Gaesten.jpg","keywords":["G\u00e4sten","Impressionen","neuen","Petersburg","Sankt","Sommer","und","Wirtschaftsforum","zwischen"],"articleSection":["Deutschland","Russland"],"inLanguage":"de","potentialAction":[{"@type":"CommentAction","name":"Comment","target":["https:\/\/now-news.de\/de\/deutschland\/sankt-petersburg-impressionen-zwischen-wirtschaftsforum-sommer-und-neuen-gaesten\/#respond"]}]},{"@type":"WebPage","@id":"https:\/\/now-news.de\/de\/deutschland\/sankt-petersburg-impressionen-zwischen-wirtschaftsforum-sommer-und-neuen-gaesten\/","url":"https:\/\/now-news.de\/de\/deutschland\/sankt-petersburg-impressionen-zwischen-wirtschaftsforum-sommer-und-neuen-gaesten\/","name":"Sankt Petersburg: Impressionen zwischen Wirtschaftsforum, Sommer und neuen G\u00e4sten - just-now.NEWS Deutschland","isPartOf":{"@id":"https:\/\/now-news.de\/de\/#website"},"primaryImageOfPage":{"@id":"https:\/\/now-news.de\/de\/deutschland\/sankt-petersburg-impressionen-zwischen-wirtschaftsforum-sommer-und-neuen-gaesten\/#primaryimage"},"image":{"@id":"https:\/\/now-news.de\/de\/deutschland\/sankt-petersburg-impressionen-zwischen-wirtschaftsforum-sommer-und-neuen-gaesten\/#primaryimage"},"thumbnailUrl":"https:\/\/now-news.de\/de\/wp-content\/uploads\/sites\/3\/2023\/06\/Sankt-Petersburg-Impressionen-zwischen-Wirtschaftsforum-Sommer-und-neuen-Gaesten.jpg","datePublished":"2023-06-22T06:44:09+00:00","dateModified":"2023-06-22T06:44:09+00:00","breadcrumb":{"@id":"https:\/\/now-news.de\/de\/deutschland\/sankt-petersburg-impressionen-zwischen-wirtschaftsforum-sommer-und-neuen-gaesten\/#breadcrumb"},"inLanguage":"de","potentialAction":[{"@type":"ReadAction","target":["https:\/\/now-news.de\/de\/deutschland\/sankt-petersburg-impressionen-zwischen-wirtschaftsforum-sommer-und-neuen-gaesten\/"]}]},{"@type":"ImageObject","inLanguage":"de","@id":"https:\/\/now-news.de\/de\/deutschland\/sankt-petersburg-impressionen-zwischen-wirtschaftsforum-sommer-und-neuen-gaesten\/#primaryimage","url":"https:\/\/now-news.de\/de\/wp-content\/uploads\/sites\/3\/2023\/06\/Sankt-Petersburg-Impressionen-zwischen-Wirtschaftsforum-Sommer-und-neuen-Gaesten.jpg","contentUrl":"https:\/\/now-news.de\/de\/wp-content\/uploads\/sites\/3\/2023\/06\/Sankt-Petersburg-Impressionen-zwischen-Wirtschaftsforum-Sommer-und-neuen-Gaesten.jpg","width":460,"height":259,"caption":"Sankt Petersburg: Impressionen zwischen Wirtschaftsforum, Sommer und neuen G\u00e4sten"},{"@type":"BreadcrumbList","@id":"https:\/\/now-news.de\/de\/deutschland\/sankt-petersburg-impressionen-zwischen-wirtschaftsforum-sommer-und-neuen-gaesten\/#breadcrumb","itemListElement":[{"@type":"ListItem","position":1,"name":"Home","item":"https:\/\/now-news.de\/de\/"},{"@type":"ListItem","position":2,"name":"Sankt Petersburg: Impressionen zwischen Wirtschaftsforum, Sommer und neuen G\u00e4sten"}]},{"@type":"WebSite","@id":"https:\/\/now-news.de\/de\/#website","url":"https:\/\/now-news.de\/de\/","name":"just-now.NEWS Deutschland","description":"Das Portal f\u00fcr unzensierte Nachrichten aus der Welt","publisher":{"@id":"https:\/\/now-news.de\/de\/#organization"},"potentialAction":[{"@type":"SearchAction","target":{"@type":"EntryPoint","urlTemplate":"https:\/\/now-news.de\/de\/?s={search_term_string}"},"query-input":"required name=search_term_string"}],"inLanguage":"de"},{"@type":"Organization","@id":"https:\/\/now-news.de\/de\/#organization","name":"Just Now News","url":"https:\/\/now-news.de\/de\/","logo":{"@type":"ImageObject","inLanguage":"de","@id":"https:\/\/now-news.de\/de\/#\/schema\/logo\/image\/","url":"http:\/\/just-now.news\/de\/wp-content\/uploads\/sites\/3\/2022\/04\/logo500x500.jpg","contentUrl":"http:\/\/just-now.news\/de\/wp-content\/uploads\/sites\/3\/2022\/04\/logo500x500.jpg","width":500,"height":500,"caption":"Just Now News"},"image":{"@id":"https:\/\/now-news.de\/de\/#\/schema\/logo\/image\/"},"sameAs":["https:\/\/www.facebook.com\/wirmachenauf","https:\/\/x.com\/WirMachenAuf_de"]},{"@type":"Person","@id":"https:\/\/now-news.de\/de\/#\/schema\/person\/fb534a4e865501d8b3285208df34a9b5","name":"rtnews","image":{"@type":"ImageObject","inLanguage":"de","@id":"https:\/\/now-news.de\/de\/#\/schema\/person\/image\/","url":"https:\/\/secure.gravatar.com\/avatar\/82aafea7d8127119dd649515f56e2117?s=96&d=mm&r=g","contentUrl":"https:\/\/secure.gravatar.com\/avatar\/82aafea7d8127119dd649515f56e2117?s=96&d=mm&r=g","caption":"rtnews"},"url":"https:\/\/now-news.de\/de\/author\/rnews\/"}]}},"_links":{"self":[{"href":"https:\/\/now-news.de\/de\/wp-json\/wp\/v2\/posts\/38665"}],"collection":[{"href":"https:\/\/now-news.de\/de\/wp-json\/wp\/v2\/posts"}],"about":[{"href":"https:\/\/now-news.de\/de\/wp-json\/wp\/v2\/types\/post"}],"author":[{"embeddable":true,"href":"https:\/\/now-news.de\/de\/wp-json\/wp\/v2\/users\/3"}],"replies":[{"embeddable":true,"href":"https:\/\/now-news.de\/de\/wp-json\/wp\/v2\/comments?post=38665"}],"version-history":[{"count":0,"href":"https:\/\/now-news.de\/de\/wp-json\/wp\/v2\/posts\/38665\/revisions"}],"wp:featuredmedia":[{"embeddable":true,"href":"https:\/\/now-news.de\/de\/wp-json\/wp\/v2\/media\/38666"}],"wp:attachment":[{"href":"https:\/\/now-news.de\/de\/wp-json\/wp\/v2\/media?parent=38665"}],"wp:term":[{"taxonomy":"category","embeddable":true,"href":"https:\/\/now-news.de\/de\/wp-json\/wp\/v2\/categories?post=38665"},{"taxonomy":"post_tag","embeddable":true,"href":"https:\/\/now-news.de\/de\/wp-json\/wp\/v2\/tags?post=38665"}],"curies":[{"name":"wp","href":"https:\/\/api.w.org\/{rel}","templated":true}]}}