{"id":38663,"date":"2023-06-22T07:00:00","date_gmt":"2023-06-22T05:00:00","guid":{"rendered":"https:\/\/just-now.news\/de\/deutschland\/was-tun-sammeln-sich-schon-kraefte-der-linken-fuer-eine-neue-partei\/"},"modified":"2023-06-22T07:00:00","modified_gmt":"2023-06-22T05:00:00","slug":"was-tun-sammeln-sich-schon-kraefte-der-linken-fuer-eine-neue-partei","status":"publish","type":"post","link":"https:\/\/now-news.de\/de\/deutschland\/was-tun-sammeln-sich-schon-kraefte-der-linken-fuer-eine-neue-partei\/","title":{"rendered":"&quot;Was tun!?&quot; \u2013 Sammeln sich schon Kr\u00e4fte der LINKEN f\u00fcr eine neue Partei?"},"content":{"rendered":"<p><img decoding=\"async\" src=\"http:\/\/just-now.news\/de\/wp-content\/uploads\/sites\/3\/2023\/06\/6493447db480cc1da36e8fd1.jpg\" \/><\/p>\n<div class=\"Text-root Text-type_1 \">\n                Der Konflikt zwischen den antimperialistischen Linken um Sahra Wagenknecht und dem woken Rest der Partei um den Parteivorstand geht in die n\u00e4chste Phase \u2013 der Bruch scheint unumg\u00e4nglich und wird von beiden Seiten forciert. Vor allem in Berlin und Sachsen wird offenbar bereits ausgelotet, wer mit in eine m\u00f6gliche neue Partei gehen w\u00fcrde.\n            <\/div>\n<p><\/p>\n<div class=\"Text-root Text-type_5 ArticleView-text ViewText-root \">\n<p>Ende Mai hat sich in Hannover die innerlinke Opposition der Partei Die Linke im Netzwerk &#8220;Was tun?!&#8221; erstmals <a rel=\"nofollow noopener\" target=\"_blank\" href=\"https:\/\/freeassange.rtde.live\/inland\/169581-antimperialistische-linke-tagte-in-hannover\/\">versammelt<\/a>. Das k\u00f6nnte der Auftakt f\u00fcr eine neue Partei gewesen sein, die den Bruch zwischen\u00a0den beiden verfeindeten Lagern manifestiert. Besonders in den mitgliederstarken Landesverb\u00e4nden Berlin, der sich in vielerlei Hinsicht als Avantgarde der Partei versteht, sowie im strategisch wichtigen Sachsen g\u00e4rt es.\u00a0<\/p>\n<p>Wie weit die Vorbereitungen f\u00fcr eine &#8220;Wagenknecht-Partei&#8221;\u00a0vorangeschritten\u00a0sind, war inzwischen von mehreren Vorstandsmitgliedern zu h\u00f6ren. Der Berliner Janis Ehling schrieb beispielsweise auf Twitter, dass in mehreren Bundesl\u00e4ndern Mitglieder und Mandatstr\u00e4ger aus dem Umfeld von Sahra Wagenknecht angesprochen w\u00fcrden, &#8220;ob sie mitgehen mit der neuen Partei&#8221;. Laut dem <em>Neuen Deutschland<\/em> werden Funktion\u00e4re auf allen Ebenen angesprochen. Einige Abgeordnete, die an dem Projekt beteiligt seien, haben laut\u00a0dem 37-J\u00e4hrigen &#8220;ihre Wahlkreisb\u00fcros geschlossen und stecken das Geld in die eigene Tasche. Als Parteivorstand schauen wir dem nicht tatenlos zu&#8221;.<\/p>\n<div class=\"EmbedBlock-root EmbedBlock-twitter\">\n<div class=\"TwitterEmbed\">\n<blockquote class=\"twitter-tweet lazyload\" data-twitter=\"twitter-tweet\">\n<p lang=\"de\" dir=\"ltr\">Viele der 5-7 Abgeordneten, die sich jetzt besonders aufregen, sind darin involviert, haben ihre Wahlkreisb\u00fcros geschlossen und stecken das Geld in die eigene Tasche. Als Parteivorstand schauen wir dem nicht tatenlos zu. 2\/4<\/p>\n<p>\u2014 Janis Ehling (@EhlingJanis) <a rel=\"nofollow noopener\" target=\"_blank\" href=\"https:\/\/twitter.com\/EhlingJanis\/status\/1668170180407578626?ref_src=twsrc%5Etfw\">June 12, 2023<\/a><\/p><\/blockquote>\n<\/div>\n<\/div>\n<p>Von den 34 Bundestagsabgeordneten k\u00f6nnte etwa ein Viertel zur neuen &#8220;Wagenknecht-Partei&#8221; wechseln.\u00a0 Neben\u00a0dem prominenten Aush\u00e4ngeschild wird in sozialen Medien \u00fcber Sevim Dagdelen, Klaus Ernst, Andrej Hunko, Christian Leye, Zaklin Nastic, Jessica Tatti sowie Alexander Ulrich spekuliert. Dazu kommen einige Wackelkandidaten wie der Leipziger S\u00f6ren Pellmann, der letztes Jahr tief frustriert bei der Wahl zum Parteichef hinter Martin Schirdewan zur\u00fcckstecken musste. Auch andere prominente K\u00f6pfe \u2013 wie die Politikwissenschaftlerin Ulrike Gu\u00e9rot\u00a0\u2013 werden immer wieder als m\u00f6gliche Funktion\u00e4re <a rel=\"nofollow noopener\" target=\"_blank\" href=\"https:\/\/www.tagesspiegel.de\/politik\/uberlegungen-zu-neuer-partei-wagenknecht-wurde-bei-neuaufstellung-der-linken-ihre-plane-stoppen-9747110.html\">genannt<\/a>.\u00a0<\/p>\n<div class=\"EmbedBlock-root EmbedBlock-twitter\">\n<div class=\"TwitterEmbed\">\n<blockquote class=\"twitter-tweet lazyload\" data-twitter=\"twitter-tweet\">\n<p lang=\"de\" dir=\"ltr\">(1\/3) Es ist schon lustig. Etliche Abgeordnete aus dem Wagenknecht-Lager haben sich inzwischen zu Wort gemeldet: Sevim Dagdelen, Klaus Ernst, Christian Leye, Zaklin Nasti\u0107, Jessica Tatti, Alexander Ulrich. Keiner von ihnen bestreitet die Vorw\u00fcrfe des <a rel=\"nofollow noopener\" target=\"_blank\" href=\"https:\/\/twitter.com\/dieLinke?ref_src=twsrc%5Etfw\">@dieLinke<\/a>-Vorstandes \u2026 <a rel=\"nofollow noopener\" target=\"_blank\" href=\"https:\/\/t.co\/NVibq583iq\">pic.twitter.com\/NVibq583iq<\/a><\/p>\n<p>\u2014 Pascal Beucker (@PascalBeucker) <a rel=\"nofollow noopener\" target=\"_blank\" href=\"https:\/\/twitter.com\/PascalBeucker\/status\/1667997051089481729?ref_src=twsrc%5Etfw\">June 11, 2023<\/a><\/p><\/blockquote>\n<\/div>\n<\/div>\n<p>Laut Ehling \u2013 und das \u00fcberrascht nicht wirklich \u2013 wird Gregor Gysi der &#8220;alten&#8221; Linken treu bleiben, nicht zuletzt dessen Parteinahme f\u00fcr den Vorstand \u2013 und gegen Wagenknecht spricht daf\u00fcr. Ehling twitterte:<\/p>\n<blockquote>\n<p><em>&#8220;Gregor ist auch mit im Boot. Es gibt eben Menschen, die eine riesige Bekanntheit haben und nutzen sie nicht nur f\u00fcr sich selbst. Gregor Gysi ist ein Leuchtturm.&#8221;<\/em><\/p>\n<\/blockquote>\n<div class=\"EmbedBlock-root EmbedBlock-twitter\">\n<div class=\"TwitterEmbed\">\n<blockquote class=\"twitter-tweet lazyload\" data-twitter=\"twitter-tweet\">\n<p lang=\"de\" dir=\"ltr\">Gregor ist auch mit im Boot. Es gibt eben Menschen, die haben eine riesige Bekanntheit und nutzen sie nicht nur f\u00fcr sich selbst. Gregor Gysi ist ein Leuchtturm. <a rel=\"nofollow noopener\" target=\"_blank\" href=\"https:\/\/t.co\/BvcuFhA7ir\">https:\/\/t.co\/BvcuFhA7ir<\/a><\/p>\n<p>\u2014 Janis Ehling (@EhlingJanis) <a rel=\"nofollow noopener\" target=\"_blank\" href=\"https:\/\/twitter.com\/EhlingJanis\/status\/1669723407150116866?ref_src=twsrc%5Etfw\">June 16, 2023<\/a><\/p><\/blockquote>\n<\/div>\n<\/div>\n<p>Auch die Chefetage der s\u00e4chsischen Linken bemerkte, dass Mitglieder bereits gezielt f\u00fcr das neue Projekt begeistert werden sollen. Der Landesvorstand wolle das nicht hinnehmen, wie der <em>mdr<\/em>\u00a0<a rel=\"nofollow noopener\" target=\"_blank\" href=\"https:\/\/www.mdr.de\/nachrichten\/sachsen\/linke-angst-wagenknecht-partei-streit-100.html\">berichtete<\/a>. Das Gremium besitze Informationen dar\u00fcber, dass in Sachsen eine oppositionelle Partei &#8220;in der zweiten Jahresh\u00e4lfte&#8221; gegr\u00fcndet werden solle. Konkret schreibt der <em>mdr<\/em>:<\/p>\n<blockquote>\n<p><em>&#8220;Um dieses Ziel zu erreichen, sollen verdiente Parteimitglieder angesprochen worden sein, Treffen sollen quasi konspirativ stattgefunden haben. Soweit die Ger\u00fcchtek\u00fcche, die die Gem\u00fcter von Sachsens f\u00fchrenden Linken wohl t\u00fcchtig aufgeheizt hat.&#8221;<\/em><\/p>\n<\/blockquote>\n<p>Vor allem die Zwickauer Linken-Politikerin\u00a0Sabine Zimmermann \u2013 die 16 Jahre f\u00fcr die Partei im Bundestag sa\u00df \u2013 wird als Verdachtsfall diesbez\u00fcglich vom Vorstand in Dresden angez\u00e4hlt. Sie solle ihr Verhalten &#8220;\u00fcberdenken&#8221; oder am besten gleich aus der Partei austreten. In Sachsen hat sich zuletzt auch der Liebknecht-Kreis als innerlinke Opposition gegen den Vorstand sowohl in Dresden als auch in Berlin <a rel=\"nofollow noopener\" target=\"_blank\" href=\"https:\/\/www.dielinke-sachsen.de\/2023\/06\/der-liebknecht-kreis-sachsen-im-netzwerk-was-tun\/\">hervorgetan<\/a>.\u00a0<\/p>\n<div class=\"EmbedBlock-root EmbedBlock-twitter\">\n<div class=\"TwitterEmbed\">\n<blockquote class=\"twitter-tweet lazyload\" data-twitter=\"twitter-tweet\">\n<p lang=\"de\" dir=\"ltr\">&#8220;&#8230;legen wir dir nahe, unsere Partei zu verlassen&#8221;: \u2066<a rel=\"nofollow noopener\" target=\"_blank\" href=\"https:\/\/twitter.com\/linke_sachsen?ref_src=twsrc%5Etfw\">@linke_sachsen<\/a>\u2069-Spitze fordert Sabine <a rel=\"nofollow noopener\" target=\"_blank\" href=\"https:\/\/twitter.com\/hashtag\/Zimmermann?src=hash&amp;ref_src=twsrc%5Etfw\">#Zimmermann<\/a>, Vertraute von Sahra <a rel=\"nofollow noopener\" target=\"_blank\" href=\"https:\/\/twitter.com\/hashtag\/Wagenknecht?src=hash&amp;ref_src=twsrc%5Etfw\">#Wagenknecht<\/a> &amp; Ex-MdB, wegen \u201eBestrebungen\u201c zu Gr\u00fcndung neuer Partei zu <a rel=\"nofollow noopener\" target=\"_blank\" href=\"https:\/\/twitter.com\/hashtag\/Linke?src=hash&amp;ref_src=twsrc%5Etfw\">#Linke<\/a>-Austritt auf. Details via <a rel=\"nofollow noopener\" target=\"_blank\" href=\"https:\/\/twitter.com\/freie_presse?ref_src=twsrc%5Etfw\">@freie_presse<\/a> \u2069\ud83d\udc49\ud83c\udffd <a rel=\"nofollow noopener\" target=\"_blank\" href=\"https:\/\/t.co\/L7h3KV0ODZ\">https:\/\/t.co\/L7h3KV0ODZ<\/a><\/p>\n<p>\u2014 Tino Moritz (@PrinterPapst) <a rel=\"nofollow noopener\" target=\"_blank\" href=\"https:\/\/twitter.com\/PrinterPapst\/status\/1669246017454108672?ref_src=twsrc%5Etfw\">June 15, 2023<\/a><\/p><\/blockquote>\n<\/div>\n<\/div>\n<p>Weitere \u00e4hnliche oppositionelle Zusammenschl\u00fcsse gibt es zudem in den Bundesl\u00e4ndern Niedersachsen, Bremen, Hamburg, Hessen, Baden-W\u00fcrttemberg, Brandenburg und Sachsen-Anhalt. Es scheint mittlerweile keine Frage mehr des ob, sondern nur noch des wann zu sein, bis die &#8220;Wagenknecht-Linke&#8221; offiziell ihre Landesverb\u00e4nde ausrufen wird.\u00a0<\/p>\n<p><strong>Mehr zum Thema<\/strong> \u2013 <a rel=\"nofollow noopener\" target=\"_blank\" href=\"https:\/\/freeassange.rtde.live\/inland\/172909-von-kapitalismuskritik-zum-woken-establishment-warum-haben-deutschen-linken-versagt\/\">Von der Kapitalismuskritik zum woken Establishment \u2012 Warum haben die deutschen Linken versagt?<\/a><\/p>\n<\/div>\n<p><script async src=\"https:\/\/platform.twitter.com\/widgets.js\" charset=\"utf-8\"><\/script><br \/>\n<br \/><br \/>\n<br \/><a href=\"https:\/\/de.rt.com\/inland\/173145-was-tun-wie-weiter-mit\/\">Source link <\/a><\/p>\n","protected":false},"excerpt":{"rendered":"<p>Der Konflikt zwischen den antimperialistischen Linken um Sahra Wagenknecht und dem woken Rest der Partei um den Parteivorstand geht in die n\u00e4chste Phase \u2013 der Bruch scheint unumg\u00e4nglich und wird von beiden Seiten forciert. Vor allem in Berlin und Sachsen wird offenbar bereits ausgelotet, wer mit in eine m\u00f6gliche neue Partei gehen w\u00fcrde. Ende Mai [&hellip;]<\/p>\n","protected":false},"author":3,"featured_media":38664,"comment_status":"open","ping_status":"open","sticky":false,"template":"","format":"standard","meta":{"_yoast_indexnow_last_ping":["1687410122"],"wp_automatic_camp":["217"],"2672f6efe243d8de70034e964456f7e5":["&quot;Was tun!?&quot; \u2013 Sammeln sich schon Kr\u00e4fte der LINKEN f\u00fcr eine neue Partei?"],"original_link":["https:\/\/de.rt.com\/inland\/173145-was-tun-wie-weiter-mit\/"],"_thumbnail_id":["38664"],"jnews_social_counter_last_update":["1777267440"],"_wptgpro_p2tg_sent2tg":["a:1:{i:23737;s:19:\"2023-06-22 07:04:05\";}"]},"categories":[19,23],"tags":[82,275,221,37175,7127,1227,2504,31192,223,5652,434,37568],"yoast_head":"<!-- This site is optimized with the Yoast SEO Premium plugin v22.7 (Yoast SEO v22.7) - https:\/\/yoast.com\/wordpress\/plugins\/seo\/ -->\n<title>&quot;Was tun!?&quot; \u2013 Sammeln sich schon Kr\u00e4fte der LINKEN f\u00fcr eine neue Partei? - just-now.NEWS Deutschland<\/title>\n<meta name=\"robots\" content=\"index, follow, max-snippet:-1, max-image-preview:large, max-video-preview:-1\" \/>\n<link rel=\"canonical\" href=\"https:\/\/now-news.de\/de\/deutschland\/was-tun-sammeln-sich-schon-kraefte-der-linken-fuer-eine-neue-partei\/\" \/>\n<meta property=\"og:locale\" content=\"de_DE\" \/>\n<meta property=\"og:type\" content=\"article\" \/>\n<meta property=\"og:title\" content=\"&quot;Was tun!?&quot; \u2013 Sammeln sich schon Kr\u00e4fte der LINKEN f\u00fcr eine neue Partei?\" \/>\n<meta property=\"og:description\" content=\"Der Konflikt zwischen den antimperialistischen Linken um Sahra Wagenknecht und dem woken Rest der Partei um den Parteivorstand geht in die n\u00e4chste Phase \u2013 der Bruch scheint unumg\u00e4nglich und wird von beiden Seiten forciert. Vor allem in Berlin und Sachsen wird offenbar bereits ausgelotet, wer mit in eine m\u00f6gliche neue Partei gehen w\u00fcrde. Ende Mai [&hellip;]\" \/>\n<meta property=\"og:url\" content=\"https:\/\/now-news.de\/de\/deutschland\/was-tun-sammeln-sich-schon-kraefte-der-linken-fuer-eine-neue-partei\/\" \/>\n<meta property=\"og:site_name\" content=\"just-now.NEWS Deutschland\" \/>\n<meta property=\"article:publisher\" content=\"https:\/\/www.facebook.com\/wirmachenauf\" \/>\n<meta property=\"article:published_time\" content=\"2023-06-22T05:00:00+00:00\" \/>\n<meta property=\"og:image\" content=\"https:\/\/now-news.de\/de\/wp-content\/uploads\/sites\/3\/2023\/06\/quotWas-tunquot-\u2013-Sammeln-sich-schon-Kraefte-der-LINKEN-fuer.jpg\" \/>\n\t<meta property=\"og:image:width\" content=\"460\" \/>\n\t<meta property=\"og:image:height\" content=\"259\" \/>\n\t<meta property=\"og:image:type\" content=\"image\/jpeg\" \/>\n<meta name=\"author\" content=\"rtnews\" \/>\n<meta name=\"twitter:card\" content=\"summary_large_image\" \/>\n<meta name=\"twitter:creator\" content=\"@WirMachenAuf_de\" \/>\n<meta name=\"twitter:site\" content=\"@WirMachenAuf_de\" \/>\n<meta name=\"twitter:label1\" content=\"Verfasst von\" \/>\n\t<meta name=\"twitter:data1\" content=\"rtnews\" \/>\n\t<meta name=\"twitter:label2\" content=\"Gesch\u00e4tzte Lesezeit\" \/>\n\t<meta name=\"twitter:data2\" content=\"4\u00a0Minuten\" \/>\n<script type=\"application\/ld+json\" class=\"yoast-schema-graph\">{\"@context\":\"https:\/\/schema.org\",\"@graph\":[{\"@type\":\"Article\",\"@id\":\"https:\/\/now-news.de\/de\/deutschland\/was-tun-sammeln-sich-schon-kraefte-der-linken-fuer-eine-neue-partei\/#article\",\"isPartOf\":{\"@id\":\"https:\/\/now-news.de\/de\/deutschland\/was-tun-sammeln-sich-schon-kraefte-der-linken-fuer-eine-neue-partei\/\"},\"author\":{\"name\":\"rtnews\",\"@id\":\"https:\/\/now-news.de\/de\/#\/schema\/person\/fb534a4e865501d8b3285208df34a9b5\"},\"headline\":\"&quot;Was tun!?&quot; \u2013 Sammeln sich schon Kr\u00e4fte der LINKEN f\u00fcr eine neue Partei?\",\"datePublished\":\"2023-06-22T05:00:00+00:00\",\"dateModified\":\"2023-06-22T05:00:00+00:00\",\"mainEntityOfPage\":{\"@id\":\"https:\/\/now-news.de\/de\/deutschland\/was-tun-sammeln-sich-schon-kraefte-der-linken-fuer-eine-neue-partei\/\"},\"wordCount\":757,\"commentCount\":0,\"publisher\":{\"@id\":\"https:\/\/now-news.de\/de\/#organization\"},\"image\":{\"@id\":\"https:\/\/now-news.de\/de\/deutschland\/was-tun-sammeln-sich-schon-kraefte-der-linken-fuer-eine-neue-partei\/#primaryimage\"},\"thumbnailUrl\":\"https:\/\/now-news.de\/de\/wp-content\/uploads\/sites\/3\/2023\/06\/quotWas-tunquot-\u2013-Sammeln-sich-schon-Kraefte-der-LINKEN-fuer.jpg\",\"keywords\":[\"der\",\"eine\",\"f\u00fcr\",\"Kr\u00e4fte\",\"Linken\",\"NEUE\",\"Partei\",\"quotWas\",\"sammeln\",\"schon\",\"sich\",\"tunquot\"],\"articleSection\":[\"Deutschland\",\"Russland\"],\"inLanguage\":\"de\",\"potentialAction\":[{\"@type\":\"CommentAction\",\"name\":\"Comment\",\"target\":[\"https:\/\/now-news.de\/de\/deutschland\/was-tun-sammeln-sich-schon-kraefte-der-linken-fuer-eine-neue-partei\/#respond\"]}]},{\"@type\":\"WebPage\",\"@id\":\"https:\/\/now-news.de\/de\/deutschland\/was-tun-sammeln-sich-schon-kraefte-der-linken-fuer-eine-neue-partei\/\",\"url\":\"https:\/\/now-news.de\/de\/deutschland\/was-tun-sammeln-sich-schon-kraefte-der-linken-fuer-eine-neue-partei\/\",\"name\":\"&quot;Was tun!?&quot; \u2013 Sammeln sich schon Kr\u00e4fte der LINKEN f\u00fcr eine neue Partei? - just-now.NEWS Deutschland\",\"isPartOf\":{\"@id\":\"https:\/\/now-news.de\/de\/#website\"},\"primaryImageOfPage\":{\"@id\":\"https:\/\/now-news.de\/de\/deutschland\/was-tun-sammeln-sich-schon-kraefte-der-linken-fuer-eine-neue-partei\/#primaryimage\"},\"image\":{\"@id\":\"https:\/\/now-news.de\/de\/deutschland\/was-tun-sammeln-sich-schon-kraefte-der-linken-fuer-eine-neue-partei\/#primaryimage\"},\"thumbnailUrl\":\"https:\/\/now-news.de\/de\/wp-content\/uploads\/sites\/3\/2023\/06\/quotWas-tunquot-\u2013-Sammeln-sich-schon-Kraefte-der-LINKEN-fuer.jpg\",\"datePublished\":\"2023-06-22T05:00:00+00:00\",\"dateModified\":\"2023-06-22T05:00:00+00:00\",\"breadcrumb\":{\"@id\":\"https:\/\/now-news.de\/de\/deutschland\/was-tun-sammeln-sich-schon-kraefte-der-linken-fuer-eine-neue-partei\/#breadcrumb\"},\"inLanguage\":\"de\",\"potentialAction\":[{\"@type\":\"ReadAction\",\"target\":[\"https:\/\/now-news.de\/de\/deutschland\/was-tun-sammeln-sich-schon-kraefte-der-linken-fuer-eine-neue-partei\/\"]}]},{\"@type\":\"ImageObject\",\"inLanguage\":\"de\",\"@id\":\"https:\/\/now-news.de\/de\/deutschland\/was-tun-sammeln-sich-schon-kraefte-der-linken-fuer-eine-neue-partei\/#primaryimage\",\"url\":\"https:\/\/now-news.de\/de\/wp-content\/uploads\/sites\/3\/2023\/06\/quotWas-tunquot-\u2013-Sammeln-sich-schon-Kraefte-der-LINKEN-fuer.jpg\",\"contentUrl\":\"https:\/\/now-news.de\/de\/wp-content\/uploads\/sites\/3\/2023\/06\/quotWas-tunquot-\u2013-Sammeln-sich-schon-Kraefte-der-LINKEN-fuer.jpg\",\"width\":460,\"height\":259,\"caption\":\"&quot;Was tun!?&quot; \u2013 Sammeln sich schon Kr\u00e4fte der LINKEN f\u00fcr eine neue Partei?\"},{\"@type\":\"BreadcrumbList\",\"@id\":\"https:\/\/now-news.de\/de\/deutschland\/was-tun-sammeln-sich-schon-kraefte-der-linken-fuer-eine-neue-partei\/#breadcrumb\",\"itemListElement\":[{\"@type\":\"ListItem\",\"position\":1,\"name\":\"Home\",\"item\":\"https:\/\/now-news.de\/de\/\"},{\"@type\":\"ListItem\",\"position\":2,\"name\":\"&quot;Was tun!?&quot; \u2013 Sammeln sich schon Kr\u00e4fte der LINKEN f\u00fcr eine neue Partei?\"}]},{\"@type\":\"WebSite\",\"@id\":\"https:\/\/now-news.de\/de\/#website\",\"url\":\"https:\/\/now-news.de\/de\/\",\"name\":\"just-now.NEWS Deutschland\",\"description\":\"Das Portal f\u00fcr unzensierte Nachrichten aus der Welt\",\"publisher\":{\"@id\":\"https:\/\/now-news.de\/de\/#organization\"},\"potentialAction\":[{\"@type\":\"SearchAction\",\"target\":{\"@type\":\"EntryPoint\",\"urlTemplate\":\"https:\/\/now-news.de\/de\/?s={search_term_string}\"},\"query-input\":\"required name=search_term_string\"}],\"inLanguage\":\"de\"},{\"@type\":\"Organization\",\"@id\":\"https:\/\/now-news.de\/de\/#organization\",\"name\":\"Just Now News\",\"url\":\"https:\/\/now-news.de\/de\/\",\"logo\":{\"@type\":\"ImageObject\",\"inLanguage\":\"de\",\"@id\":\"https:\/\/now-news.de\/de\/#\/schema\/logo\/image\/\",\"url\":\"http:\/\/just-now.news\/de\/wp-content\/uploads\/sites\/3\/2022\/04\/logo500x500.jpg\",\"contentUrl\":\"http:\/\/just-now.news\/de\/wp-content\/uploads\/sites\/3\/2022\/04\/logo500x500.jpg\",\"width\":500,\"height\":500,\"caption\":\"Just Now News\"},\"image\":{\"@id\":\"https:\/\/now-news.de\/de\/#\/schema\/logo\/image\/\"},\"sameAs\":[\"https:\/\/www.facebook.com\/wirmachenauf\",\"https:\/\/x.com\/WirMachenAuf_de\"]},{\"@type\":\"Person\",\"@id\":\"https:\/\/now-news.de\/de\/#\/schema\/person\/fb534a4e865501d8b3285208df34a9b5\",\"name\":\"rtnews\",\"image\":{\"@type\":\"ImageObject\",\"inLanguage\":\"de\",\"@id\":\"https:\/\/now-news.de\/de\/#\/schema\/person\/image\/\",\"url\":\"https:\/\/secure.gravatar.com\/avatar\/82aafea7d8127119dd649515f56e2117?s=96&d=mm&r=g\",\"contentUrl\":\"https:\/\/secure.gravatar.com\/avatar\/82aafea7d8127119dd649515f56e2117?s=96&d=mm&r=g\",\"caption\":\"rtnews\"},\"url\":\"https:\/\/now-news.de\/de\/author\/rnews\/\"}]}<\/script>\n<!-- \/ Yoast SEO Premium plugin. -->","yoast_head_json":{"title":"&quot;Was tun!?&quot; \u2013 Sammeln sich schon Kr\u00e4fte der LINKEN f\u00fcr eine neue Partei? - just-now.NEWS Deutschland","robots":{"index":"index","follow":"follow","max-snippet":"max-snippet:-1","max-image-preview":"max-image-preview:large","max-video-preview":"max-video-preview:-1"},"canonical":"https:\/\/now-news.de\/de\/deutschland\/was-tun-sammeln-sich-schon-kraefte-der-linken-fuer-eine-neue-partei\/","og_locale":"de_DE","og_type":"article","og_title":"&quot;Was tun!?&quot; \u2013 Sammeln sich schon Kr\u00e4fte der LINKEN f\u00fcr eine neue Partei?","og_description":"Der Konflikt zwischen den antimperialistischen Linken um Sahra Wagenknecht und dem woken Rest der Partei um den Parteivorstand geht in die n\u00e4chste Phase \u2013 der Bruch scheint unumg\u00e4nglich und wird von beiden Seiten forciert. Vor allem in Berlin und Sachsen wird offenbar bereits ausgelotet, wer mit in eine m\u00f6gliche neue Partei gehen w\u00fcrde. Ende Mai [&hellip;]","og_url":"https:\/\/now-news.de\/de\/deutschland\/was-tun-sammeln-sich-schon-kraefte-der-linken-fuer-eine-neue-partei\/","og_site_name":"just-now.NEWS Deutschland","article_publisher":"https:\/\/www.facebook.com\/wirmachenauf","article_published_time":"2023-06-22T05:00:00+00:00","og_image":[{"width":460,"height":259,"url":"https:\/\/now-news.de\/de\/wp-content\/uploads\/sites\/3\/2023\/06\/quotWas-tunquot-\u2013-Sammeln-sich-schon-Kraefte-der-LINKEN-fuer.jpg","type":"image\/jpeg"}],"author":"rtnews","twitter_card":"summary_large_image","twitter_creator":"@WirMachenAuf_de","twitter_site":"@WirMachenAuf_de","twitter_misc":{"Verfasst von":"rtnews","Gesch\u00e4tzte Lesezeit":"4\u00a0Minuten"},"schema":{"@context":"https:\/\/schema.org","@graph":[{"@type":"Article","@id":"https:\/\/now-news.de\/de\/deutschland\/was-tun-sammeln-sich-schon-kraefte-der-linken-fuer-eine-neue-partei\/#article","isPartOf":{"@id":"https:\/\/now-news.de\/de\/deutschland\/was-tun-sammeln-sich-schon-kraefte-der-linken-fuer-eine-neue-partei\/"},"author":{"name":"rtnews","@id":"https:\/\/now-news.de\/de\/#\/schema\/person\/fb534a4e865501d8b3285208df34a9b5"},"headline":"&quot;Was tun!?&quot; \u2013 Sammeln sich schon Kr\u00e4fte der LINKEN f\u00fcr eine neue Partei?","datePublished":"2023-06-22T05:00:00+00:00","dateModified":"2023-06-22T05:00:00+00:00","mainEntityOfPage":{"@id":"https:\/\/now-news.de\/de\/deutschland\/was-tun-sammeln-sich-schon-kraefte-der-linken-fuer-eine-neue-partei\/"},"wordCount":757,"commentCount":0,"publisher":{"@id":"https:\/\/now-news.de\/de\/#organization"},"image":{"@id":"https:\/\/now-news.de\/de\/deutschland\/was-tun-sammeln-sich-schon-kraefte-der-linken-fuer-eine-neue-partei\/#primaryimage"},"thumbnailUrl":"https:\/\/now-news.de\/de\/wp-content\/uploads\/sites\/3\/2023\/06\/quotWas-tunquot-\u2013-Sammeln-sich-schon-Kraefte-der-LINKEN-fuer.jpg","keywords":["der","eine","f\u00fcr","Kr\u00e4fte","Linken","NEUE","Partei","quotWas","sammeln","schon","sich","tunquot"],"articleSection":["Deutschland","Russland"],"inLanguage":"de","potentialAction":[{"@type":"CommentAction","name":"Comment","target":["https:\/\/now-news.de\/de\/deutschland\/was-tun-sammeln-sich-schon-kraefte-der-linken-fuer-eine-neue-partei\/#respond"]}]},{"@type":"WebPage","@id":"https:\/\/now-news.de\/de\/deutschland\/was-tun-sammeln-sich-schon-kraefte-der-linken-fuer-eine-neue-partei\/","url":"https:\/\/now-news.de\/de\/deutschland\/was-tun-sammeln-sich-schon-kraefte-der-linken-fuer-eine-neue-partei\/","name":"&quot;Was tun!?&quot; \u2013 Sammeln sich schon Kr\u00e4fte der LINKEN f\u00fcr eine neue Partei? - just-now.NEWS Deutschland","isPartOf":{"@id":"https:\/\/now-news.de\/de\/#website"},"primaryImageOfPage":{"@id":"https:\/\/now-news.de\/de\/deutschland\/was-tun-sammeln-sich-schon-kraefte-der-linken-fuer-eine-neue-partei\/#primaryimage"},"image":{"@id":"https:\/\/now-news.de\/de\/deutschland\/was-tun-sammeln-sich-schon-kraefte-der-linken-fuer-eine-neue-partei\/#primaryimage"},"thumbnailUrl":"https:\/\/now-news.de\/de\/wp-content\/uploads\/sites\/3\/2023\/06\/quotWas-tunquot-\u2013-Sammeln-sich-schon-Kraefte-der-LINKEN-fuer.jpg","datePublished":"2023-06-22T05:00:00+00:00","dateModified":"2023-06-22T05:00:00+00:00","breadcrumb":{"@id":"https:\/\/now-news.de\/de\/deutschland\/was-tun-sammeln-sich-schon-kraefte-der-linken-fuer-eine-neue-partei\/#breadcrumb"},"inLanguage":"de","potentialAction":[{"@type":"ReadAction","target":["https:\/\/now-news.de\/de\/deutschland\/was-tun-sammeln-sich-schon-kraefte-der-linken-fuer-eine-neue-partei\/"]}]},{"@type":"ImageObject","inLanguage":"de","@id":"https:\/\/now-news.de\/de\/deutschland\/was-tun-sammeln-sich-schon-kraefte-der-linken-fuer-eine-neue-partei\/#primaryimage","url":"https:\/\/now-news.de\/de\/wp-content\/uploads\/sites\/3\/2023\/06\/quotWas-tunquot-\u2013-Sammeln-sich-schon-Kraefte-der-LINKEN-fuer.jpg","contentUrl":"https:\/\/now-news.de\/de\/wp-content\/uploads\/sites\/3\/2023\/06\/quotWas-tunquot-\u2013-Sammeln-sich-schon-Kraefte-der-LINKEN-fuer.jpg","width":460,"height":259,"caption":"&quot;Was tun!?&quot; \u2013 Sammeln sich schon Kr\u00e4fte der LINKEN f\u00fcr eine neue Partei?"},{"@type":"BreadcrumbList","@id":"https:\/\/now-news.de\/de\/deutschland\/was-tun-sammeln-sich-schon-kraefte-der-linken-fuer-eine-neue-partei\/#breadcrumb","itemListElement":[{"@type":"ListItem","position":1,"name":"Home","item":"https:\/\/now-news.de\/de\/"},{"@type":"ListItem","position":2,"name":"&quot;Was tun!?&quot; \u2013 Sammeln sich schon Kr\u00e4fte der LINKEN f\u00fcr eine neue Partei?"}]},{"@type":"WebSite","@id":"https:\/\/now-news.de\/de\/#website","url":"https:\/\/now-news.de\/de\/","name":"just-now.NEWS Deutschland","description":"Das Portal f\u00fcr unzensierte Nachrichten aus der Welt","publisher":{"@id":"https:\/\/now-news.de\/de\/#organization"},"potentialAction":[{"@type":"SearchAction","target":{"@type":"EntryPoint","urlTemplate":"https:\/\/now-news.de\/de\/?s={search_term_string}"},"query-input":"required name=search_term_string"}],"inLanguage":"de"},{"@type":"Organization","@id":"https:\/\/now-news.de\/de\/#organization","name":"Just Now News","url":"https:\/\/now-news.de\/de\/","logo":{"@type":"ImageObject","inLanguage":"de","@id":"https:\/\/now-news.de\/de\/#\/schema\/logo\/image\/","url":"http:\/\/just-now.news\/de\/wp-content\/uploads\/sites\/3\/2022\/04\/logo500x500.jpg","contentUrl":"http:\/\/just-now.news\/de\/wp-content\/uploads\/sites\/3\/2022\/04\/logo500x500.jpg","width":500,"height":500,"caption":"Just Now News"},"image":{"@id":"https:\/\/now-news.de\/de\/#\/schema\/logo\/image\/"},"sameAs":["https:\/\/www.facebook.com\/wirmachenauf","https:\/\/x.com\/WirMachenAuf_de"]},{"@type":"Person","@id":"https:\/\/now-news.de\/de\/#\/schema\/person\/fb534a4e865501d8b3285208df34a9b5","name":"rtnews","image":{"@type":"ImageObject","inLanguage":"de","@id":"https:\/\/now-news.de\/de\/#\/schema\/person\/image\/","url":"https:\/\/secure.gravatar.com\/avatar\/82aafea7d8127119dd649515f56e2117?s=96&d=mm&r=g","contentUrl":"https:\/\/secure.gravatar.com\/avatar\/82aafea7d8127119dd649515f56e2117?s=96&d=mm&r=g","caption":"rtnews"},"url":"https:\/\/now-news.de\/de\/author\/rnews\/"}]}},"_links":{"self":[{"href":"https:\/\/now-news.de\/de\/wp-json\/wp\/v2\/posts\/38663"}],"collection":[{"href":"https:\/\/now-news.de\/de\/wp-json\/wp\/v2\/posts"}],"about":[{"href":"https:\/\/now-news.de\/de\/wp-json\/wp\/v2\/types\/post"}],"author":[{"embeddable":true,"href":"https:\/\/now-news.de\/de\/wp-json\/wp\/v2\/users\/3"}],"replies":[{"embeddable":true,"href":"https:\/\/now-news.de\/de\/wp-json\/wp\/v2\/comments?post=38663"}],"version-history":[{"count":0,"href":"https:\/\/now-news.de\/de\/wp-json\/wp\/v2\/posts\/38663\/revisions"}],"wp:featuredmedia":[{"embeddable":true,"href":"https:\/\/now-news.de\/de\/wp-json\/wp\/v2\/media\/38664"}],"wp:attachment":[{"href":"https:\/\/now-news.de\/de\/wp-json\/wp\/v2\/media?parent=38663"}],"wp:term":[{"taxonomy":"category","embeddable":true,"href":"https:\/\/now-news.de\/de\/wp-json\/wp\/v2\/categories?post=38663"},{"taxonomy":"post_tag","embeddable":true,"href":"https:\/\/now-news.de\/de\/wp-json\/wp\/v2\/tags?post=38663"}],"curies":[{"name":"wp","href":"https:\/\/api.w.org\/{rel}","templated":true}]}}