{"id":38599,"date":"2023-06-21T14:11:25","date_gmt":"2023-06-21T12:11:25","guid":{"rendered":"https:\/\/just-now.news\/de\/deutschland\/fdp-fraktionsvize-lambsdorff-wird-neuer-deutscher-botschafter-in-russland\/"},"modified":"2023-06-21T14:11:25","modified_gmt":"2023-06-21T12:11:25","slug":"fdp-fraktionsvize-lambsdorff-wird-neuer-deutscher-botschafter-in-russland","status":"publish","type":"post","link":"https:\/\/now-news.de\/de\/deutschland\/fdp-fraktionsvize-lambsdorff-wird-neuer-deutscher-botschafter-in-russland\/","title":{"rendered":"FDP-Fraktionsvize Lambsdorff wird neuer deutscher Botschafter in Russland"},"content":{"rendered":"<p><img decoding=\"async\" src=\"http:\/\/just-now.news\/de\/wp-content\/uploads\/sites\/3\/2023\/06\/6492e12148fbef1e0d46a09d.jpg\" \/><\/p>\n<div class=\"Text-root Text-type_1 \">\n                Der &#8220;gelernte Diplomat&#8221; und FDP-Politiker Alexander Graf Lambsdorff wird neuer deutscher Botschafter in Russland. Noch in diesem Sommer soll er seinen Dienst antreten. F\u00fcr seine T\u00e4tigkeit in Moskau hat er sich erst einmal \u00f6ffentliche Zur\u00fcckhaltung auferlegt.\n            <\/div>\n<p><\/p>\n<div class=\"Text-root Text-type_5 ArticleView-text ViewText-root \">\n<p>Der stellvertretende Vorsitzende der FDP-Bundestagsfraktion, Alexander Graf Lambsdorff, wird neuer deutscher Botschafter in Russland. Mit ihm r\u00fcckt ein erfahrener Diplomat auf den angesichts des\u00a0Ukraine-Konflikts schwieriger gewordenen Posten.<\/p>\n<p>Das Ausw\u00e4rtige Amt best\u00e4tigte, dass die Russische F\u00f6deration der Besetzung mit dem sogenannten Agr\u00e9ment zugestimmt habe. Noch in diesem Sommer soll Lambsdorff seinen Dienst als Botschafter antreten. Den Botschafterposten \u00fcbernehme er &#8220;in dem Bewusstsein, dass die politischen Beziehungen zu Russland zurzeit in einer ganz schwierigen Phase stecken&#8221;, sagte Lambsdorff in einem Interview mit der Zeitschrift <em>Das Parlament.<\/em> Er f\u00fcgte hinzu:<\/p>\n<blockquote>\n<p><em>&#8220;Die Hoffnung muss sein, dass sich das eines Tages verbessert. Nur leider gibt es derzeit kaum Anzeichen, die darauf hindeuten.&#8221;<\/em><\/p>\n<\/blockquote>\n<p>F\u00fcr seinen neuen Job werde er sich \u00f6ffentliche Zur\u00fcckhaltung auferlegen, sagte Lambsdorff weiter:<\/p>\n<blockquote>\n<p><em>&#8220;Es wird den einen oder anderen Moment geben, wo es mich in den Fingern juckt und ich gerne einen Tweet absetzten m\u00f6chte [&#8230;] Ich bin allerdings gelernter Diplomat, werde mich entsprechend zur\u00fcckhalten und hoffe dann, dass mich das nicht allzu sehr belastet. Aber ich bin da ganz zuversichtlich.&#8221;<\/em><\/p>\n<\/blockquote>\n<p>Gl\u00fcckw\u00fcnsche erreichten den FDP-Politiker bereits \u00fcber Twitter, unter anderem vom Chef der M\u00fcnchner Sicherheitskonferenz, Wolfgang Ischinger. Er sprach von einer &#8220;sehr schwierigen Aufgabe&#8221;, zeigte sich jedoch \u00fcberzeugt:<\/p>\n<blockquote>\n<p><em> &#8220;Alexander Graf Lambsdorff kann das \u2013 man darf gratulieren.&#8221;<\/em><\/p>\n<\/blockquote>\n<p>Auch der au\u00dfenpolitische Sprecher der FDP-Bundestagsfraktion, Ulrich Lechte, gratulierte per Tweet.<\/p>\n<p>Lambsdorff folgt damit auf G\u00e9za Andreas von Geyr, der den Posten seit September 2019 innehatte. Der Botschafter ist der Definition des Ausw\u00e4rtigen Amtes zufolge &#8220;Vertreter des Bundespr\u00e4sidenten und der Bundesregierung und damit der h\u00f6chste Repr\u00e4sentant der Bundesrepublik Deutschland in der Russischen F\u00f6deration&#8221;.<\/p>\n<p>Lambsdorff begann bereits in den 1990er-Jahren mit einer T\u00e4tigkeit im Ausw\u00e4rtigen Dienst in Berlin. Er z\u00e4hlte unter anderem zum Planungsstab des Ausw\u00e4rtigen Amtes, arbeitete zeitweise in der Presseabteilung der Deutschen Botschaft in Washington D.C. und war im Russlandreferat des Ausw\u00e4rtigen Amts t\u00e4tig.<\/p>\n<p>Seit 2004 engagiert sich Lambsdorff politisch auch auf EU-Ebene, er war stellvertretender Vorsitzender der FDP-Gruppe im Europ\u00e4ischen Parlament und von 2014 bis 2017 Vizepr\u00e4sident des EU-Parlaments. Seit 2017 ist er Mitglied im Deutschen Bundestag und Fraktionsvize.<\/p>\n<p><strong>Mehr zum Thema<\/strong> \u2013 <a rel=\"nofollow noopener\" target=\"_blank\" href=\"https:\/\/freeassange.rtde.life\/meinung\/168936-es-ist-nicht-vorbei-spezifischen\/\">Es ist nicht vorbei: Die besonderen Beziehungen zwischen Russland und Deutschland<\/a><\/p>\n<div class=\"EmbedBlock-root EmbedBlock-externalVideo EmbedBlock-odysee\">\n<div class=\"VkEmbed\"><iframe class=\"lazyload\" data-src=\"https:\/\/odysee.com\/%24\/embed\/%40RTDE%3Ae%2Fneuer-botschafter-in-moskau%3A0\" frameborder=\"0\" width=\"853\" height=\"480\" allowfullscreen><\/iframe><\/div>\n<\/div>\n<\/div>\n<p><br \/>\n<br \/><a href=\"https:\/\/de.rt.com\/inland\/173233-fdp-fraktionsvize-lambsdorff-wird-neuer-deutscher-botschafter-in-russland\/\">Source link <\/a><\/p>\n","protected":false},"excerpt":{"rendered":"<p>Der &#8220;gelernte Diplomat&#8221; und FDP-Politiker Alexander Graf Lambsdorff wird neuer deutscher Botschafter in Russland. Noch in diesem Sommer soll er seinen Dienst antreten. F\u00fcr seine T\u00e4tigkeit in Moskau hat er sich erst einmal \u00f6ffentliche Zur\u00fcckhaltung auferlegt. Der stellvertretende Vorsitzende der FDP-Bundestagsfraktion, Alexander Graf Lambsdorff, wird neuer deutscher Botschafter in Russland. Mit ihm r\u00fcckt ein erfahrener [&hellip;]<\/p>\n","protected":false},"author":3,"featured_media":38600,"comment_status":"open","ping_status":"open","sticky":false,"template":"","format":"standard","meta":{"_yoast_indexnow_last_ping":["1687350307"],"wp_automatic_camp":["217"],"59de9d70a45ea9f47b6e67ecb11b6cf9":["FDP-Fraktionsvize Lambsdorff wird neuer deutscher Botschafter in Russland"],"original_link":["https:\/\/de.rt.com\/inland\/173233-fdp-fraktionsvize-lambsdorff-wird-neuer-deutscher-botschafter-in-russland\/"],"_thumbnail_id":["38600"],"_wptgpro_p2tg_sent2tg":["a:1:{i:23737;s:19:\"2023-06-21 14:26:18\";}"],"jnews_social_counter_last_update":["1777370488"]},"categories":[19,23],"tags":[4992,8305,33466,45879,956,126,374],"yoast_head":"<!-- This site is optimized with the Yoast SEO Premium plugin v22.7 (Yoast SEO v22.7) - https:\/\/yoast.com\/wordpress\/plugins\/seo\/ -->\n<title>FDP-Fraktionsvize Lambsdorff wird neuer deutscher Botschafter in Russland - just-now.NEWS Deutschland<\/title>\n<meta name=\"robots\" content=\"index, follow, max-snippet:-1, max-image-preview:large, max-video-preview:-1\" \/>\n<link rel=\"canonical\" href=\"https:\/\/now-news.de\/de\/deutschland\/fdp-fraktionsvize-lambsdorff-wird-neuer-deutscher-botschafter-in-russland\/\" \/>\n<meta property=\"og:locale\" content=\"de_DE\" \/>\n<meta property=\"og:type\" content=\"article\" \/>\n<meta property=\"og:title\" content=\"FDP-Fraktionsvize Lambsdorff wird neuer deutscher Botschafter in Russland\" \/>\n<meta property=\"og:description\" content=\"Der &#8220;gelernte Diplomat&#8221; und FDP-Politiker Alexander Graf Lambsdorff wird neuer deutscher Botschafter in Russland. Noch in diesem Sommer soll er seinen Dienst antreten. F\u00fcr seine T\u00e4tigkeit in Moskau hat er sich erst einmal \u00f6ffentliche Zur\u00fcckhaltung auferlegt. Der stellvertretende Vorsitzende der FDP-Bundestagsfraktion, Alexander Graf Lambsdorff, wird neuer deutscher Botschafter in Russland. Mit ihm r\u00fcckt ein erfahrener [&hellip;]\" \/>\n<meta property=\"og:url\" content=\"https:\/\/now-news.de\/de\/deutschland\/fdp-fraktionsvize-lambsdorff-wird-neuer-deutscher-botschafter-in-russland\/\" \/>\n<meta property=\"og:site_name\" content=\"just-now.NEWS Deutschland\" \/>\n<meta property=\"article:publisher\" content=\"https:\/\/www.facebook.com\/wirmachenauf\" \/>\n<meta property=\"article:published_time\" content=\"2023-06-21T12:11:25+00:00\" \/>\n<meta property=\"og:image\" content=\"https:\/\/now-news.de\/de\/wp-content\/uploads\/sites\/3\/2023\/06\/FDP-Fraktionsvize-Lambsdorff-wird-neuer-deutscher-Botschafter-in-Russland.jpg\" \/>\n\t<meta property=\"og:image:width\" content=\"460\" \/>\n\t<meta property=\"og:image:height\" content=\"259\" \/>\n\t<meta property=\"og:image:type\" content=\"image\/jpeg\" \/>\n<meta name=\"author\" content=\"rtnews\" \/>\n<meta name=\"twitter:card\" content=\"summary_large_image\" \/>\n<meta name=\"twitter:creator\" content=\"@WirMachenAuf_de\" \/>\n<meta name=\"twitter:site\" content=\"@WirMachenAuf_de\" \/>\n<meta name=\"twitter:label1\" content=\"Verfasst von\" \/>\n\t<meta name=\"twitter:data1\" content=\"rtnews\" \/>\n\t<meta name=\"twitter:label2\" content=\"Gesch\u00e4tzte Lesezeit\" \/>\n\t<meta name=\"twitter:data2\" content=\"2\u00a0Minuten\" \/>\n<script type=\"application\/ld+json\" class=\"yoast-schema-graph\">{\"@context\":\"https:\/\/schema.org\",\"@graph\":[{\"@type\":\"Article\",\"@id\":\"https:\/\/now-news.de\/de\/deutschland\/fdp-fraktionsvize-lambsdorff-wird-neuer-deutscher-botschafter-in-russland\/#article\",\"isPartOf\":{\"@id\":\"https:\/\/now-news.de\/de\/deutschland\/fdp-fraktionsvize-lambsdorff-wird-neuer-deutscher-botschafter-in-russland\/\"},\"author\":{\"name\":\"rtnews\",\"@id\":\"https:\/\/now-news.de\/de\/#\/schema\/person\/fb534a4e865501d8b3285208df34a9b5\"},\"headline\":\"FDP-Fraktionsvize Lambsdorff wird neuer deutscher Botschafter in Russland\",\"datePublished\":\"2023-06-21T12:11:25+00:00\",\"dateModified\":\"2023-06-21T12:11:25+00:00\",\"mainEntityOfPage\":{\"@id\":\"https:\/\/now-news.de\/de\/deutschland\/fdp-fraktionsvize-lambsdorff-wird-neuer-deutscher-botschafter-in-russland\/\"},\"wordCount\":422,\"commentCount\":0,\"publisher\":{\"@id\":\"https:\/\/now-news.de\/de\/#organization\"},\"image\":{\"@id\":\"https:\/\/now-news.de\/de\/deutschland\/fdp-fraktionsvize-lambsdorff-wird-neuer-deutscher-botschafter-in-russland\/#primaryimage\"},\"thumbnailUrl\":\"https:\/\/now-news.de\/de\/wp-content\/uploads\/sites\/3\/2023\/06\/FDP-Fraktionsvize-Lambsdorff-wird-neuer-deutscher-Botschafter-in-Russland.jpg\",\"keywords\":[\"Botschafter\",\"deutscher\",\"FDPFraktionsvize\",\"Lambsdorff\",\"Neuer\",\"russland\",\"wird\"],\"articleSection\":[\"Deutschland\",\"Russland\"],\"inLanguage\":\"de\",\"potentialAction\":[{\"@type\":\"CommentAction\",\"name\":\"Comment\",\"target\":[\"https:\/\/now-news.de\/de\/deutschland\/fdp-fraktionsvize-lambsdorff-wird-neuer-deutscher-botschafter-in-russland\/#respond\"]}]},{\"@type\":\"WebPage\",\"@id\":\"https:\/\/now-news.de\/de\/deutschland\/fdp-fraktionsvize-lambsdorff-wird-neuer-deutscher-botschafter-in-russland\/\",\"url\":\"https:\/\/now-news.de\/de\/deutschland\/fdp-fraktionsvize-lambsdorff-wird-neuer-deutscher-botschafter-in-russland\/\",\"name\":\"FDP-Fraktionsvize Lambsdorff wird neuer deutscher Botschafter in Russland - just-now.NEWS Deutschland\",\"isPartOf\":{\"@id\":\"https:\/\/now-news.de\/de\/#website\"},\"primaryImageOfPage\":{\"@id\":\"https:\/\/now-news.de\/de\/deutschland\/fdp-fraktionsvize-lambsdorff-wird-neuer-deutscher-botschafter-in-russland\/#primaryimage\"},\"image\":{\"@id\":\"https:\/\/now-news.de\/de\/deutschland\/fdp-fraktionsvize-lambsdorff-wird-neuer-deutscher-botschafter-in-russland\/#primaryimage\"},\"thumbnailUrl\":\"https:\/\/now-news.de\/de\/wp-content\/uploads\/sites\/3\/2023\/06\/FDP-Fraktionsvize-Lambsdorff-wird-neuer-deutscher-Botschafter-in-Russland.jpg\",\"datePublished\":\"2023-06-21T12:11:25+00:00\",\"dateModified\":\"2023-06-21T12:11:25+00:00\",\"breadcrumb\":{\"@id\":\"https:\/\/now-news.de\/de\/deutschland\/fdp-fraktionsvize-lambsdorff-wird-neuer-deutscher-botschafter-in-russland\/#breadcrumb\"},\"inLanguage\":\"de\",\"potentialAction\":[{\"@type\":\"ReadAction\",\"target\":[\"https:\/\/now-news.de\/de\/deutschland\/fdp-fraktionsvize-lambsdorff-wird-neuer-deutscher-botschafter-in-russland\/\"]}]},{\"@type\":\"ImageObject\",\"inLanguage\":\"de\",\"@id\":\"https:\/\/now-news.de\/de\/deutschland\/fdp-fraktionsvize-lambsdorff-wird-neuer-deutscher-botschafter-in-russland\/#primaryimage\",\"url\":\"https:\/\/now-news.de\/de\/wp-content\/uploads\/sites\/3\/2023\/06\/FDP-Fraktionsvize-Lambsdorff-wird-neuer-deutscher-Botschafter-in-Russland.jpg\",\"contentUrl\":\"https:\/\/now-news.de\/de\/wp-content\/uploads\/sites\/3\/2023\/06\/FDP-Fraktionsvize-Lambsdorff-wird-neuer-deutscher-Botschafter-in-Russland.jpg\",\"width\":460,\"height\":259,\"caption\":\"FDP-Fraktionsvize Lambsdorff wird neuer deutscher Botschafter in Russland\"},{\"@type\":\"BreadcrumbList\",\"@id\":\"https:\/\/now-news.de\/de\/deutschland\/fdp-fraktionsvize-lambsdorff-wird-neuer-deutscher-botschafter-in-russland\/#breadcrumb\",\"itemListElement\":[{\"@type\":\"ListItem\",\"position\":1,\"name\":\"Home\",\"item\":\"https:\/\/now-news.de\/de\/\"},{\"@type\":\"ListItem\",\"position\":2,\"name\":\"FDP-Fraktionsvize Lambsdorff wird neuer deutscher Botschafter in Russland\"}]},{\"@type\":\"WebSite\",\"@id\":\"https:\/\/now-news.de\/de\/#website\",\"url\":\"https:\/\/now-news.de\/de\/\",\"name\":\"just-now.NEWS Deutschland\",\"description\":\"Das Portal f\u00fcr unzensierte Nachrichten aus der Welt\",\"publisher\":{\"@id\":\"https:\/\/now-news.de\/de\/#organization\"},\"potentialAction\":[{\"@type\":\"SearchAction\",\"target\":{\"@type\":\"EntryPoint\",\"urlTemplate\":\"https:\/\/now-news.de\/de\/?s={search_term_string}\"},\"query-input\":\"required name=search_term_string\"}],\"inLanguage\":\"de\"},{\"@type\":\"Organization\",\"@id\":\"https:\/\/now-news.de\/de\/#organization\",\"name\":\"Just Now News\",\"url\":\"https:\/\/now-news.de\/de\/\",\"logo\":{\"@type\":\"ImageObject\",\"inLanguage\":\"de\",\"@id\":\"https:\/\/now-news.de\/de\/#\/schema\/logo\/image\/\",\"url\":\"http:\/\/just-now.news\/de\/wp-content\/uploads\/sites\/3\/2022\/04\/logo500x500.jpg\",\"contentUrl\":\"http:\/\/just-now.news\/de\/wp-content\/uploads\/sites\/3\/2022\/04\/logo500x500.jpg\",\"width\":500,\"height\":500,\"caption\":\"Just Now News\"},\"image\":{\"@id\":\"https:\/\/now-news.de\/de\/#\/schema\/logo\/image\/\"},\"sameAs\":[\"https:\/\/www.facebook.com\/wirmachenauf\",\"https:\/\/x.com\/WirMachenAuf_de\"]},{\"@type\":\"Person\",\"@id\":\"https:\/\/now-news.de\/de\/#\/schema\/person\/fb534a4e865501d8b3285208df34a9b5\",\"name\":\"rtnews\",\"image\":{\"@type\":\"ImageObject\",\"inLanguage\":\"de\",\"@id\":\"https:\/\/now-news.de\/de\/#\/schema\/person\/image\/\",\"url\":\"https:\/\/secure.gravatar.com\/avatar\/82aafea7d8127119dd649515f56e2117?s=96&d=mm&r=g\",\"contentUrl\":\"https:\/\/secure.gravatar.com\/avatar\/82aafea7d8127119dd649515f56e2117?s=96&d=mm&r=g\",\"caption\":\"rtnews\"},\"url\":\"https:\/\/now-news.de\/de\/author\/rnews\/\"}]}<\/script>\n<!-- \/ Yoast SEO Premium plugin. -->","yoast_head_json":{"title":"FDP-Fraktionsvize Lambsdorff wird neuer deutscher Botschafter in Russland - just-now.NEWS Deutschland","robots":{"index":"index","follow":"follow","max-snippet":"max-snippet:-1","max-image-preview":"max-image-preview:large","max-video-preview":"max-video-preview:-1"},"canonical":"https:\/\/now-news.de\/de\/deutschland\/fdp-fraktionsvize-lambsdorff-wird-neuer-deutscher-botschafter-in-russland\/","og_locale":"de_DE","og_type":"article","og_title":"FDP-Fraktionsvize Lambsdorff wird neuer deutscher Botschafter in Russland","og_description":"Der &#8220;gelernte Diplomat&#8221; und FDP-Politiker Alexander Graf Lambsdorff wird neuer deutscher Botschafter in Russland. Noch in diesem Sommer soll er seinen Dienst antreten. F\u00fcr seine T\u00e4tigkeit in Moskau hat er sich erst einmal \u00f6ffentliche Zur\u00fcckhaltung auferlegt. Der stellvertretende Vorsitzende der FDP-Bundestagsfraktion, Alexander Graf Lambsdorff, wird neuer deutscher Botschafter in Russland. Mit ihm r\u00fcckt ein erfahrener [&hellip;]","og_url":"https:\/\/now-news.de\/de\/deutschland\/fdp-fraktionsvize-lambsdorff-wird-neuer-deutscher-botschafter-in-russland\/","og_site_name":"just-now.NEWS Deutschland","article_publisher":"https:\/\/www.facebook.com\/wirmachenauf","article_published_time":"2023-06-21T12:11:25+00:00","og_image":[{"width":460,"height":259,"url":"https:\/\/now-news.de\/de\/wp-content\/uploads\/sites\/3\/2023\/06\/FDP-Fraktionsvize-Lambsdorff-wird-neuer-deutscher-Botschafter-in-Russland.jpg","type":"image\/jpeg"}],"author":"rtnews","twitter_card":"summary_large_image","twitter_creator":"@WirMachenAuf_de","twitter_site":"@WirMachenAuf_de","twitter_misc":{"Verfasst von":"rtnews","Gesch\u00e4tzte Lesezeit":"2\u00a0Minuten"},"schema":{"@context":"https:\/\/schema.org","@graph":[{"@type":"Article","@id":"https:\/\/now-news.de\/de\/deutschland\/fdp-fraktionsvize-lambsdorff-wird-neuer-deutscher-botschafter-in-russland\/#article","isPartOf":{"@id":"https:\/\/now-news.de\/de\/deutschland\/fdp-fraktionsvize-lambsdorff-wird-neuer-deutscher-botschafter-in-russland\/"},"author":{"name":"rtnews","@id":"https:\/\/now-news.de\/de\/#\/schema\/person\/fb534a4e865501d8b3285208df34a9b5"},"headline":"FDP-Fraktionsvize Lambsdorff wird neuer deutscher Botschafter in Russland","datePublished":"2023-06-21T12:11:25+00:00","dateModified":"2023-06-21T12:11:25+00:00","mainEntityOfPage":{"@id":"https:\/\/now-news.de\/de\/deutschland\/fdp-fraktionsvize-lambsdorff-wird-neuer-deutscher-botschafter-in-russland\/"},"wordCount":422,"commentCount":0,"publisher":{"@id":"https:\/\/now-news.de\/de\/#organization"},"image":{"@id":"https:\/\/now-news.de\/de\/deutschland\/fdp-fraktionsvize-lambsdorff-wird-neuer-deutscher-botschafter-in-russland\/#primaryimage"},"thumbnailUrl":"https:\/\/now-news.de\/de\/wp-content\/uploads\/sites\/3\/2023\/06\/FDP-Fraktionsvize-Lambsdorff-wird-neuer-deutscher-Botschafter-in-Russland.jpg","keywords":["Botschafter","deutscher","FDPFraktionsvize","Lambsdorff","Neuer","russland","wird"],"articleSection":["Deutschland","Russland"],"inLanguage":"de","potentialAction":[{"@type":"CommentAction","name":"Comment","target":["https:\/\/now-news.de\/de\/deutschland\/fdp-fraktionsvize-lambsdorff-wird-neuer-deutscher-botschafter-in-russland\/#respond"]}]},{"@type":"WebPage","@id":"https:\/\/now-news.de\/de\/deutschland\/fdp-fraktionsvize-lambsdorff-wird-neuer-deutscher-botschafter-in-russland\/","url":"https:\/\/now-news.de\/de\/deutschland\/fdp-fraktionsvize-lambsdorff-wird-neuer-deutscher-botschafter-in-russland\/","name":"FDP-Fraktionsvize Lambsdorff wird neuer deutscher Botschafter in Russland - just-now.NEWS Deutschland","isPartOf":{"@id":"https:\/\/now-news.de\/de\/#website"},"primaryImageOfPage":{"@id":"https:\/\/now-news.de\/de\/deutschland\/fdp-fraktionsvize-lambsdorff-wird-neuer-deutscher-botschafter-in-russland\/#primaryimage"},"image":{"@id":"https:\/\/now-news.de\/de\/deutschland\/fdp-fraktionsvize-lambsdorff-wird-neuer-deutscher-botschafter-in-russland\/#primaryimage"},"thumbnailUrl":"https:\/\/now-news.de\/de\/wp-content\/uploads\/sites\/3\/2023\/06\/FDP-Fraktionsvize-Lambsdorff-wird-neuer-deutscher-Botschafter-in-Russland.jpg","datePublished":"2023-06-21T12:11:25+00:00","dateModified":"2023-06-21T12:11:25+00:00","breadcrumb":{"@id":"https:\/\/now-news.de\/de\/deutschland\/fdp-fraktionsvize-lambsdorff-wird-neuer-deutscher-botschafter-in-russland\/#breadcrumb"},"inLanguage":"de","potentialAction":[{"@type":"ReadAction","target":["https:\/\/now-news.de\/de\/deutschland\/fdp-fraktionsvize-lambsdorff-wird-neuer-deutscher-botschafter-in-russland\/"]}]},{"@type":"ImageObject","inLanguage":"de","@id":"https:\/\/now-news.de\/de\/deutschland\/fdp-fraktionsvize-lambsdorff-wird-neuer-deutscher-botschafter-in-russland\/#primaryimage","url":"https:\/\/now-news.de\/de\/wp-content\/uploads\/sites\/3\/2023\/06\/FDP-Fraktionsvize-Lambsdorff-wird-neuer-deutscher-Botschafter-in-Russland.jpg","contentUrl":"https:\/\/now-news.de\/de\/wp-content\/uploads\/sites\/3\/2023\/06\/FDP-Fraktionsvize-Lambsdorff-wird-neuer-deutscher-Botschafter-in-Russland.jpg","width":460,"height":259,"caption":"FDP-Fraktionsvize Lambsdorff wird neuer deutscher Botschafter in Russland"},{"@type":"BreadcrumbList","@id":"https:\/\/now-news.de\/de\/deutschland\/fdp-fraktionsvize-lambsdorff-wird-neuer-deutscher-botschafter-in-russland\/#breadcrumb","itemListElement":[{"@type":"ListItem","position":1,"name":"Home","item":"https:\/\/now-news.de\/de\/"},{"@type":"ListItem","position":2,"name":"FDP-Fraktionsvize Lambsdorff wird neuer deutscher Botschafter in Russland"}]},{"@type":"WebSite","@id":"https:\/\/now-news.de\/de\/#website","url":"https:\/\/now-news.de\/de\/","name":"just-now.NEWS Deutschland","description":"Das Portal f\u00fcr unzensierte Nachrichten aus der Welt","publisher":{"@id":"https:\/\/now-news.de\/de\/#organization"},"potentialAction":[{"@type":"SearchAction","target":{"@type":"EntryPoint","urlTemplate":"https:\/\/now-news.de\/de\/?s={search_term_string}"},"query-input":"required name=search_term_string"}],"inLanguage":"de"},{"@type":"Organization","@id":"https:\/\/now-news.de\/de\/#organization","name":"Just Now News","url":"https:\/\/now-news.de\/de\/","logo":{"@type":"ImageObject","inLanguage":"de","@id":"https:\/\/now-news.de\/de\/#\/schema\/logo\/image\/","url":"http:\/\/just-now.news\/de\/wp-content\/uploads\/sites\/3\/2022\/04\/logo500x500.jpg","contentUrl":"http:\/\/just-now.news\/de\/wp-content\/uploads\/sites\/3\/2022\/04\/logo500x500.jpg","width":500,"height":500,"caption":"Just Now News"},"image":{"@id":"https:\/\/now-news.de\/de\/#\/schema\/logo\/image\/"},"sameAs":["https:\/\/www.facebook.com\/wirmachenauf","https:\/\/x.com\/WirMachenAuf_de"]},{"@type":"Person","@id":"https:\/\/now-news.de\/de\/#\/schema\/person\/fb534a4e865501d8b3285208df34a9b5","name":"rtnews","image":{"@type":"ImageObject","inLanguage":"de","@id":"https:\/\/now-news.de\/de\/#\/schema\/person\/image\/","url":"https:\/\/secure.gravatar.com\/avatar\/82aafea7d8127119dd649515f56e2117?s=96&d=mm&r=g","contentUrl":"https:\/\/secure.gravatar.com\/avatar\/82aafea7d8127119dd649515f56e2117?s=96&d=mm&r=g","caption":"rtnews"},"url":"https:\/\/now-news.de\/de\/author\/rnews\/"}]}},"_links":{"self":[{"href":"https:\/\/now-news.de\/de\/wp-json\/wp\/v2\/posts\/38599"}],"collection":[{"href":"https:\/\/now-news.de\/de\/wp-json\/wp\/v2\/posts"}],"about":[{"href":"https:\/\/now-news.de\/de\/wp-json\/wp\/v2\/types\/post"}],"author":[{"embeddable":true,"href":"https:\/\/now-news.de\/de\/wp-json\/wp\/v2\/users\/3"}],"replies":[{"embeddable":true,"href":"https:\/\/now-news.de\/de\/wp-json\/wp\/v2\/comments?post=38599"}],"version-history":[{"count":0,"href":"https:\/\/now-news.de\/de\/wp-json\/wp\/v2\/posts\/38599\/revisions"}],"wp:featuredmedia":[{"embeddable":true,"href":"https:\/\/now-news.de\/de\/wp-json\/wp\/v2\/media\/38600"}],"wp:attachment":[{"href":"https:\/\/now-news.de\/de\/wp-json\/wp\/v2\/media?parent=38599"}],"wp:term":[{"taxonomy":"category","embeddable":true,"href":"https:\/\/now-news.de\/de\/wp-json\/wp\/v2\/categories?post=38599"},{"taxonomy":"post_tag","embeddable":true,"href":"https:\/\/now-news.de\/de\/wp-json\/wp\/v2\/tags?post=38599"}],"curies":[{"name":"wp","href":"https:\/\/api.w.org\/{rel}","templated":true}]}}