{"id":38562,"date":"2023-06-20T15:47:36","date_gmt":"2023-06-20T13:47:36","guid":{"rendered":"https:\/\/just-now.news\/de\/deutschland\/gruene-partei-irlands-fordert-einschraenkung-des-rechts-auf-freie-meinungsaeusserung\/"},"modified":"2023-06-20T15:47:36","modified_gmt":"2023-06-20T13:47:36","slug":"gruene-partei-irlands-fordert-einschraenkung-des-rechts-auf-freie-meinungsaeusserung","status":"publish","type":"post","link":"https:\/\/now-news.de\/de\/deutschland\/gruene-partei-irlands-fordert-einschraenkung-des-rechts-auf-freie-meinungsaeusserung\/","title":{"rendered":"Gr\u00fcne Partei Irlands fordert Einschr\u00e4nkung des Rechts auf freie Meinungs\u00e4u\u00dferung"},"content":{"rendered":"<p><img decoding=\"async\" src=\"http:\/\/just-now.news\/de\/wp-content\/uploads\/sites\/3\/2023\/06\/64905fe448fbef4cbf03e9c8.jpg\" \/><\/p>\n<div class=\"Text-root Text-type_1 \">\n                Die irischen Gr\u00fcnen, Teil einer Koalitionsregierung, treten f\u00fcr die Einschr\u00e4nkung der Meinungsfreiheit ein. Damit unterst\u00fctzen sie eine im gesamten Westen zu beobachtende Tendenz, abweichende Meinungs\u00e4u\u00dferungen zu kriminalisieren.\n            <\/div>\n<p><\/p>\n<div class=\"Text-root Text-type_5 ArticleView-text ViewText-root \">\n<p>Die Gr\u00fcne Partei Irlands, die wie andere Gr\u00fcne gemeinhin als linke Partei gilt, stellt zusammen mit den beiden \u00fcblicherweise als liberal-\/christlich-konservativ bezeichneten Parteien Fianna F\u00e1il und Fine Gael gegenw\u00e4rtig die Regierung der Republik Irland. Ein zentrales Gesetzgebungsvorhaben der Koalition ist eine \u00c4nderung des Strafrechts, die auf eine drastische Einschr\u00e4nkung der freien Meinungs\u00e4u\u00dferung und auf Zensur hinausl\u00e4uft. Die irischen Gr\u00fcnen bef\u00fcrworten das Projekt, um, wie deren Parteivorsitzende Pauline O&#8217;Reilly formulierte, zum Schutz der Freiheit &#8220;die Freiheit einzuschr\u00e4nken.&#8221;<\/p>\n<p><strong>Debatte in Irland<\/strong><\/p>\n<p>In der irischen \u00d6ffentlichkeit sind die Gesetzes\u00e4nderungen seit 2022 \u00e4u\u00dferst umstritten, denn sie gef\u00e4hrden die Meinungsfreiheit, indem unbestimmte Rechtsbegriffe in die Gesetzgebung eingef\u00fchrt werden. Offiziell sollen mit dem Gesetz &#8220;Aufstachelung zu Gewalt oder Hass&#8221; gegen\u00a0\u2013 wie es hei\u00dft\u00a0\u2013 Menschen mit &#8220;gesch\u00fctzten Merkmalen&#8221; sowie &#8220;Billigung, Leugnung oder grobe Verharmlosung von V\u00f6lkermord, Kriegsverbrechen, Verbrechen gegen die Menschlichkeit und Verbrechen gegen den Frieden&#8221; unter Strafe gestellt werden. Unter &#8220;gesch\u00fctzten Merkmalen&#8221; werden unter anderem &#8220;Rasse, Hautfarbe, Nationalit\u00e4t, Religion, Geschlecht, sexuelle Ausrichtung oder Behinderung&#8221; verstanden. Als Strafma\u00df sind bis zu f\u00fcnf Jahre Gef\u00e4ngnis vorgesehen.<\/p>\n<p>Die konservative irische Regierungskoalition kann dabei auf die Mitwirkung der Linken,\u00a0zumindest derjenigen, die sich selbst f\u00fcr &#8216;links&#8217; halten oder als &#8216;links&#8217; gelten, z\u00e4hlen. Denn wie das Portal <em>Zerohedge<\/em>\u00a0<a rel=\"nofollow noopener\" target=\"_blank\" href=\"https:\/\/www.zerohedge.com\/political\/we-are-restricting-freedom-common-good-irish-green-party-calls-limiting-free-speech\">feststellt<\/a>, sei die &#8220;Einschr\u00e4nkung der Redefreiheit (&#8230;) f\u00fcr viele Linke zu einem Glaubensartikel geworden.&#8221; Parallel zur Entwicklung in den USA, wo sich die als &#8216;liberal&#8217; geltende Demokratische Partei ebenso von den &#8220;Werten der Meinungsfreiheit&#8221; abgewandt habe, habe sich in den westlichen L\u00e4ndern eine &#8220;Bewegung gegen die freie Meinungs\u00e4u\u00dferung&#8221; herausgebildet, die in Orwellscher Manier behaupte, &#8220;die Freiheit zu sch\u00fctzen, indem sie die Freiheit einschr\u00e4nkt.&#8221;<\/p>\n<p>Die liberalen (oder in Europa als links geltenden) Parteien w\u00fcrden in ihrem Kampf gegen abweichende Meinungen Begriffe wie Desinformation, Fehlinformation oder Falschinformation verwenden, um missliebige Positionen zum Schweigen zu bringen. Statt des Begriffes &#8220;Zensur&#8221; w\u00fcrden sie\u00a0laut\u00a0<em>Zerohedge<\/em>\u00a0von &#8220;Inhaltsmoderation&#8221; sprechen. Daher seien die Parallelen zur ideologischen Dressur und Repression, wie sie George Orwell in seinem Roman &#8220;1984&#8221; beschrieben habe, mit H\u00e4nden zu greifen.<\/p>\n<p><strong>Gr\u00fcne f\u00fcr Zensur<\/strong><\/p>\n<p>Diese Zensurbem\u00fchungen der Gr\u00fcnen seien in dieser Woche im irischen Senat (Seanad \u00c9ireann), dem Oberhaus des Parlaments, deutlich geworden. Dort habe die Parteivorsitzende Pauline O&#8217;Reilly erkl\u00e4rt:<\/p>\n<blockquote>\n<p><em>&#8220;Wenn man dar\u00fcber nachdenkt, geht es bei jedem Gesetz und jeder Gesetzgebung um die Einschr\u00e4nkung der Freiheit. Das ist genau das, was wir hier tun. Wir schr\u00e4nken die Freiheit ein, aber wir tun es f\u00fcr das Gemeinwohl.&#8221;<\/em><\/p>\n<\/blockquote>\n<p>Die irische Gr\u00fcnen-Chefin habe den B\u00fcrgern versichert, dass der Verzicht auf Freiheit nichts Ungew\u00f6hnliches oder Bedrohliches sei:<\/p>\n<blockquote>\n<p><em>&#8220;In unserer gesamten Verfassung kann man sehen, dass man zwar Rechte hat, diese aber zum Wohle der Allgemeinheit eingeschr\u00e4nkt werden. Alles muss ausgewogen sein.&#8221;<\/em><\/p>\n<\/blockquote>\n<p>Bedenklich an dem Gesetzesvorhaben ist die Absenkung der H\u00fcrden f\u00fcr eine Einschr\u00e4nkung der Meinungsfreiheit. So erkl\u00e4rte O&#8217;Reilly weiter:<\/p>\n<blockquote>\n<p><em>&#8220;Wenn die Ansichten einer Person \u00fcber die Identit\u00e4t anderer Menschen ihr Leben unsicher machen und ihnen ein so tiefes Unbehagen bereiten, dass sie nicht in Frieden leben k\u00f6nnen, ist es unsere Aufgabe als Gesetzgeber, diese Freiheiten zum Wohle der Allgemeinheit einzuschr\u00e4nken.&#8221;<\/em><\/p>\n<\/blockquote>\n<p>Dar\u00fcber hinaus stellt <em>Zerohedge<\/em> fest, O&#8217;Reilly gebe bemerkenswerterweise zu, hasserf\u00fcllte \u00c4u\u00dferungen seien nichts Neues.\u00a0Nur m\u00fcsse man nun solche Stimmen aufgrund der neuen technischen M\u00f6glichkeiten unterdr\u00fccken:<\/p>\n<blockquote>\n<p><em>&#8220;Die sozialen Medien haben den Hass gesch\u00fcrt, aber sie haben auch die schmutzige, dreckige Schattenseite des Hasses in der irischen Gesellschaft f\u00fcr uns alle sichtbar gemacht. Diesen Hass hat es immer gegeben.&#8221;<\/em><\/p>\n<\/blockquote>\n<p><strong>Gef\u00e4hrliche Vorbildfunktion<\/strong><\/p>\n<p>Wie <em>Zerohedge<\/em> und \u2013 bereits Anfang Mai 2023 \u2013 auch der <em>Anti-Spiegel<\/em>\u00a0<a rel=\"nofollow noopener\" target=\"_blank\" href=\"https:\/\/www.anti-spiegel.ru\/2023\/vorwand-kampf-gegen-hassrede-schafft-irland-die-meinungsfreiheit-ab\/\">bemerkten<\/a>, besteht die Gefahr, dass die irische Gesetzgebung in weiten Teilen der Welt nachgeahmt werden k\u00f6nnte, sollte der Widerstand gegen die Beschneidung der freien Meinungs\u00e4u\u00dferung in Irland und Europa zu schwach ausfallen. Die Europ\u00e4ische Union, so die Bef\u00fcrchtung, k\u00f6nnte solche Forderungen nach Zensur, wie sie von den Gr\u00fcnen \u2013 quasi als Vorreiter der anderen etablierten Parteien \u2013 erhoben werden, dankbar aufgreifen und die Meinungsfreiheit einschr\u00e4nken.<\/p>\n<p>Neben der Unbestimmtheit von Begriffen wie &#8220;Hassrede&#8221;, f\u00fcr die das Gesetz keine exakte Definition vorsieht, sei die vorgesehene Umkehrung der Beweislast besonderes beunruhigend. Nicht der Staat m\u00fcsse mehr die Schuld des Angeklagten nachweisen, sondern der Beschuldigte m\u00fcsse seine Unschuld dokumentieren. Dies d\u00fcrfte sich als schwierig erweisen. Kritiker des Gesetzes betonen, dass nicht nur ver\u00f6ffentlichte Materialien der staatlichen Kontrolle und Zensur unterliegen sollen, sondern sogar unver\u00f6ffentlichte Inhalte auf elektronischen Ger\u00e4ten als potenziell strafbar gelten.<\/p>\n<p>Schon &#8220;Pers\u00f6nlichkeiten wie Hillary Clinton&#8221; h\u00e4tten versucht, die europ\u00e4ischen L\u00e4nder dazu zu bringen, Twitter zu zwingen, die k\u00fcrzlich erst abgeschafften Zensurregeln wieder einzuf\u00fchren. Weil aber die an Unternehmen ausgelagerte Zensur im Zweifelsfall \u2013 eben siehe Twitter \u2013 unzuverl\u00e4ssig sei und ungewiss bleibe, ob die Nutzer diese Art von Zensur akzeptieren w\u00fcrden, setzten Clinton und ihresgleichen auf die altbekannte staatliche Zensur. Sie gingen sogar so weit, andere Staaten aufzufordern, die Meinungs\u00e4u\u00dferungen US-amerikanischer\u00a0B\u00fcrger zu zensieren.<\/p>\n<p>Wie <em>Zerohedge<\/em> betont, stehe Irland &#8220;nun am Abgrund der Freiheit&#8221;. Dass weite Teile der irischen Gesellschaft die Einschr\u00e4nkung der Meinungsfreiheit per Gesetz bef\u00fcrworteten, sei &#8220;von erdr\u00fcckender Ironie&#8221;. Von radikaler Seite k\u00e4men \u00c4u\u00dferungen wie diese:<\/p>\n<blockquote>\n<p><em>&#8220;Solange wir F\u00e4uste und Stiefel haben, wird es keine Redefreiheit f\u00fcr Verr\u00e4ter geben.&#8221;<\/em><\/p>\n<\/blockquote>\n<p>Die westlichen Staaten, die jahrzehntelang nach innen und au\u00dfen die Rede- und Meinungsfreiheit als Kernbestandteil ihres Demokratieverst\u00e4ndnisses hervorgehoben h\u00e4tten, k\u00f6nnten jetzt \u2013 dem irischen Beispiel folgend \u2013 erkl\u00e4ren, dass die Redefreiheit f\u00fcr sogenannte &#8220;Hater\/Hasser&#8221; nicht gelte. Wobei der Staat wegen der fehlenden Definition im Gesetz fallweise entscheiden k\u00f6nnte, wer Hater\/Hasser ist und wer nicht.<\/p>\n<p><strong>Mehr zum Thema<\/strong> &#8211; <a rel=\"nofollow noopener\" target=\"_blank\" href=\"https:\/\/freeassange.rtde.life\/europa\/152118-big-brother-in-eu-kampagne\/\">Big Brother in der EU: Kampagne gegen geplante Chat-\u00dcberwachung der EU-Kommission<\/a><\/p>\n<\/div>\n<p><br \/>\n<br \/><a href=\"https:\/\/de.rt.com\/europa\/173046-gruene-partei-irlands-verlangt-einschraenkung\/\">Source link <\/a><\/p>\n","protected":false},"excerpt":{"rendered":"<p>Die irischen Gr\u00fcnen, Teil einer Koalitionsregierung, treten f\u00fcr die Einschr\u00e4nkung der Meinungsfreiheit ein. Damit unterst\u00fctzen sie eine im gesamten Westen zu beobachtende Tendenz, abweichende Meinungs\u00e4u\u00dferungen zu kriminalisieren. Die Gr\u00fcne Partei Irlands, die wie andere Gr\u00fcne gemeinhin als linke Partei gilt, stellt zusammen mit den beiden \u00fcblicherweise als liberal-\/christlich-konservativ bezeichneten Parteien Fianna F\u00e1il und Fine Gael [&hellip;]<\/p>\n","protected":false},"author":3,"featured_media":38563,"comment_status":"open","ping_status":"open","sticky":false,"template":"","format":"standard","meta":{"_yoast_indexnow_last_ping":["1687297989"],"wp_automatic_camp":["217"],"b3fdea5f622f9ee8ad49e395d16c759f":["Gr\u00fcne Partei Irlands fordert Einschr\u00e4nkung des Rechts auf freie Meinungs\u00e4u\u00dferung"],"original_link":["https:\/\/de.rt.com\/europa\/173046-gruene-partei-irlands-verlangt-einschraenkung\/"],"_thumbnail_id":["38563"],"_wptgpro_p2tg_sent2tg":["a:1:{i:23737;s:19:\"2023-06-20 23:54:47\";}"],"jnews_social_counter_last_update":["1777589325"]},"categories":[19,23],"tags":[133,583,19400,355,20482,1434,34033,20483,2504,2399],"yoast_head":"<!-- This site is optimized with the Yoast SEO Premium plugin v22.7 (Yoast SEO v22.7) - https:\/\/yoast.com\/wordpress\/plugins\/seo\/ -->\n<title>Gr\u00fcne Partei Irlands fordert Einschr\u00e4nkung des Rechts auf freie Meinungs\u00e4u\u00dferung - just-now.NEWS Deutschland<\/title>\n<meta name=\"robots\" content=\"index, follow, max-snippet:-1, max-image-preview:large, max-video-preview:-1\" \/>\n<link rel=\"canonical\" href=\"https:\/\/now-news.de\/de\/deutschland\/gruene-partei-irlands-fordert-einschraenkung-des-rechts-auf-freie-meinungsaeusserung\/\" \/>\n<meta property=\"og:locale\" content=\"de_DE\" \/>\n<meta property=\"og:type\" content=\"article\" \/>\n<meta property=\"og:title\" content=\"Gr\u00fcne Partei Irlands fordert Einschr\u00e4nkung des Rechts auf freie Meinungs\u00e4u\u00dferung\" \/>\n<meta property=\"og:description\" content=\"Die irischen Gr\u00fcnen, Teil einer Koalitionsregierung, treten f\u00fcr die Einschr\u00e4nkung der Meinungsfreiheit ein. Damit unterst\u00fctzen sie eine im gesamten Westen zu beobachtende Tendenz, abweichende Meinungs\u00e4u\u00dferungen zu kriminalisieren. Die Gr\u00fcne Partei Irlands, die wie andere Gr\u00fcne gemeinhin als linke Partei gilt, stellt zusammen mit den beiden \u00fcblicherweise als liberal-\/christlich-konservativ bezeichneten Parteien Fianna F\u00e1il und Fine Gael [&hellip;]\" \/>\n<meta property=\"og:url\" content=\"https:\/\/now-news.de\/de\/deutschland\/gruene-partei-irlands-fordert-einschraenkung-des-rechts-auf-freie-meinungsaeusserung\/\" \/>\n<meta property=\"og:site_name\" content=\"just-now.NEWS Deutschland\" \/>\n<meta property=\"article:publisher\" content=\"https:\/\/www.facebook.com\/wirmachenauf\" \/>\n<meta property=\"article:published_time\" content=\"2023-06-20T13:47:36+00:00\" \/>\n<meta property=\"og:image\" content=\"https:\/\/now-news.de\/de\/wp-content\/uploads\/sites\/3\/2023\/06\/Gruene-Partei-Irlands-fordert-Einschraenkung-des-Rechts-auf-freie-Meinungsaeusserung.jpg\" \/>\n\t<meta property=\"og:image:width\" content=\"460\" \/>\n\t<meta property=\"og:image:height\" content=\"259\" \/>\n\t<meta property=\"og:image:type\" content=\"image\/jpeg\" \/>\n<meta name=\"author\" content=\"rtnews\" \/>\n<meta name=\"twitter:card\" content=\"summary_large_image\" \/>\n<meta name=\"twitter:creator\" content=\"@WirMachenAuf_de\" \/>\n<meta name=\"twitter:site\" content=\"@WirMachenAuf_de\" \/>\n<meta name=\"twitter:label1\" content=\"Verfasst von\" \/>\n\t<meta name=\"twitter:data1\" content=\"rtnews\" \/>\n\t<meta name=\"twitter:label2\" content=\"Gesch\u00e4tzte Lesezeit\" \/>\n\t<meta name=\"twitter:data2\" content=\"5\u00a0Minuten\" \/>\n<script type=\"application\/ld+json\" class=\"yoast-schema-graph\">{\"@context\":\"https:\/\/schema.org\",\"@graph\":[{\"@type\":\"Article\",\"@id\":\"https:\/\/now-news.de\/de\/deutschland\/gruene-partei-irlands-fordert-einschraenkung-des-rechts-auf-freie-meinungsaeusserung\/#article\",\"isPartOf\":{\"@id\":\"https:\/\/now-news.de\/de\/deutschland\/gruene-partei-irlands-fordert-einschraenkung-des-rechts-auf-freie-meinungsaeusserung\/\"},\"author\":{\"name\":\"rtnews\",\"@id\":\"https:\/\/now-news.de\/de\/#\/schema\/person\/fb534a4e865501d8b3285208df34a9b5\"},\"headline\":\"Gr\u00fcne Partei Irlands fordert Einschr\u00e4nkung des Rechts auf freie Meinungs\u00e4u\u00dferung\",\"datePublished\":\"2023-06-20T13:47:36+00:00\",\"dateModified\":\"2023-06-20T13:47:36+00:00\",\"mainEntityOfPage\":{\"@id\":\"https:\/\/now-news.de\/de\/deutschland\/gruene-partei-irlands-fordert-einschraenkung-des-rechts-auf-freie-meinungsaeusserung\/\"},\"wordCount\":1040,\"commentCount\":0,\"publisher\":{\"@id\":\"https:\/\/now-news.de\/de\/#organization\"},\"image\":{\"@id\":\"https:\/\/now-news.de\/de\/deutschland\/gruene-partei-irlands-fordert-einschraenkung-des-rechts-auf-freie-meinungsaeusserung\/#primaryimage\"},\"thumbnailUrl\":\"https:\/\/now-news.de\/de\/wp-content\/uploads\/sites\/3\/2023\/06\/Gruene-Partei-Irlands-fordert-Einschraenkung-des-Rechts-auf-freie-Meinungsaeusserung.jpg\",\"keywords\":[\"AUF\",\"des\",\"Einschr\u00e4nkung\",\"fordert\",\"freie\",\"Gr\u00fcne\",\"Irlands\",\"Meinungs\u00e4u\u00dferung\",\"Partei\",\"rechts\"],\"articleSection\":[\"Deutschland\",\"Russland\"],\"inLanguage\":\"de\",\"potentialAction\":[{\"@type\":\"CommentAction\",\"name\":\"Comment\",\"target\":[\"https:\/\/now-news.de\/de\/deutschland\/gruene-partei-irlands-fordert-einschraenkung-des-rechts-auf-freie-meinungsaeusserung\/#respond\"]}]},{\"@type\":\"WebPage\",\"@id\":\"https:\/\/now-news.de\/de\/deutschland\/gruene-partei-irlands-fordert-einschraenkung-des-rechts-auf-freie-meinungsaeusserung\/\",\"url\":\"https:\/\/now-news.de\/de\/deutschland\/gruene-partei-irlands-fordert-einschraenkung-des-rechts-auf-freie-meinungsaeusserung\/\",\"name\":\"Gr\u00fcne Partei Irlands fordert Einschr\u00e4nkung des Rechts auf freie Meinungs\u00e4u\u00dferung - just-now.NEWS Deutschland\",\"isPartOf\":{\"@id\":\"https:\/\/now-news.de\/de\/#website\"},\"primaryImageOfPage\":{\"@id\":\"https:\/\/now-news.de\/de\/deutschland\/gruene-partei-irlands-fordert-einschraenkung-des-rechts-auf-freie-meinungsaeusserung\/#primaryimage\"},\"image\":{\"@id\":\"https:\/\/now-news.de\/de\/deutschland\/gruene-partei-irlands-fordert-einschraenkung-des-rechts-auf-freie-meinungsaeusserung\/#primaryimage\"},\"thumbnailUrl\":\"https:\/\/now-news.de\/de\/wp-content\/uploads\/sites\/3\/2023\/06\/Gruene-Partei-Irlands-fordert-Einschraenkung-des-Rechts-auf-freie-Meinungsaeusserung.jpg\",\"datePublished\":\"2023-06-20T13:47:36+00:00\",\"dateModified\":\"2023-06-20T13:47:36+00:00\",\"breadcrumb\":{\"@id\":\"https:\/\/now-news.de\/de\/deutschland\/gruene-partei-irlands-fordert-einschraenkung-des-rechts-auf-freie-meinungsaeusserung\/#breadcrumb\"},\"inLanguage\":\"de\",\"potentialAction\":[{\"@type\":\"ReadAction\",\"target\":[\"https:\/\/now-news.de\/de\/deutschland\/gruene-partei-irlands-fordert-einschraenkung-des-rechts-auf-freie-meinungsaeusserung\/\"]}]},{\"@type\":\"ImageObject\",\"inLanguage\":\"de\",\"@id\":\"https:\/\/now-news.de\/de\/deutschland\/gruene-partei-irlands-fordert-einschraenkung-des-rechts-auf-freie-meinungsaeusserung\/#primaryimage\",\"url\":\"https:\/\/now-news.de\/de\/wp-content\/uploads\/sites\/3\/2023\/06\/Gruene-Partei-Irlands-fordert-Einschraenkung-des-Rechts-auf-freie-Meinungsaeusserung.jpg\",\"contentUrl\":\"https:\/\/now-news.de\/de\/wp-content\/uploads\/sites\/3\/2023\/06\/Gruene-Partei-Irlands-fordert-Einschraenkung-des-Rechts-auf-freie-Meinungsaeusserung.jpg\",\"width\":460,\"height\":259,\"caption\":\"Gr\u00fcne Partei Irlands fordert Einschr\u00e4nkung des Rechts auf freie Meinungs\u00e4u\u00dferung\"},{\"@type\":\"BreadcrumbList\",\"@id\":\"https:\/\/now-news.de\/de\/deutschland\/gruene-partei-irlands-fordert-einschraenkung-des-rechts-auf-freie-meinungsaeusserung\/#breadcrumb\",\"itemListElement\":[{\"@type\":\"ListItem\",\"position\":1,\"name\":\"Home\",\"item\":\"https:\/\/now-news.de\/de\/\"},{\"@type\":\"ListItem\",\"position\":2,\"name\":\"Gr\u00fcne Partei Irlands fordert Einschr\u00e4nkung des Rechts auf freie Meinungs\u00e4u\u00dferung\"}]},{\"@type\":\"WebSite\",\"@id\":\"https:\/\/now-news.de\/de\/#website\",\"url\":\"https:\/\/now-news.de\/de\/\",\"name\":\"just-now.NEWS Deutschland\",\"description\":\"Das Portal f\u00fcr unzensierte Nachrichten aus der Welt\",\"publisher\":{\"@id\":\"https:\/\/now-news.de\/de\/#organization\"},\"potentialAction\":[{\"@type\":\"SearchAction\",\"target\":{\"@type\":\"EntryPoint\",\"urlTemplate\":\"https:\/\/now-news.de\/de\/?s={search_term_string}\"},\"query-input\":\"required name=search_term_string\"}],\"inLanguage\":\"de\"},{\"@type\":\"Organization\",\"@id\":\"https:\/\/now-news.de\/de\/#organization\",\"name\":\"Just Now News\",\"url\":\"https:\/\/now-news.de\/de\/\",\"logo\":{\"@type\":\"ImageObject\",\"inLanguage\":\"de\",\"@id\":\"https:\/\/now-news.de\/de\/#\/schema\/logo\/image\/\",\"url\":\"http:\/\/just-now.news\/de\/wp-content\/uploads\/sites\/3\/2022\/04\/logo500x500.jpg\",\"contentUrl\":\"http:\/\/just-now.news\/de\/wp-content\/uploads\/sites\/3\/2022\/04\/logo500x500.jpg\",\"width\":500,\"height\":500,\"caption\":\"Just Now News\"},\"image\":{\"@id\":\"https:\/\/now-news.de\/de\/#\/schema\/logo\/image\/\"},\"sameAs\":[\"https:\/\/www.facebook.com\/wirmachenauf\",\"https:\/\/x.com\/WirMachenAuf_de\"]},{\"@type\":\"Person\",\"@id\":\"https:\/\/now-news.de\/de\/#\/schema\/person\/fb534a4e865501d8b3285208df34a9b5\",\"name\":\"rtnews\",\"image\":{\"@type\":\"ImageObject\",\"inLanguage\":\"de\",\"@id\":\"https:\/\/now-news.de\/de\/#\/schema\/person\/image\/\",\"url\":\"https:\/\/secure.gravatar.com\/avatar\/82aafea7d8127119dd649515f56e2117?s=96&d=mm&r=g\",\"contentUrl\":\"https:\/\/secure.gravatar.com\/avatar\/82aafea7d8127119dd649515f56e2117?s=96&d=mm&r=g\",\"caption\":\"rtnews\"},\"url\":\"https:\/\/now-news.de\/de\/author\/rnews\/\"}]}<\/script>\n<!-- \/ Yoast SEO Premium plugin. -->","yoast_head_json":{"title":"Gr\u00fcne Partei Irlands fordert Einschr\u00e4nkung des Rechts auf freie Meinungs\u00e4u\u00dferung - just-now.NEWS Deutschland","robots":{"index":"index","follow":"follow","max-snippet":"max-snippet:-1","max-image-preview":"max-image-preview:large","max-video-preview":"max-video-preview:-1"},"canonical":"https:\/\/now-news.de\/de\/deutschland\/gruene-partei-irlands-fordert-einschraenkung-des-rechts-auf-freie-meinungsaeusserung\/","og_locale":"de_DE","og_type":"article","og_title":"Gr\u00fcne Partei Irlands fordert Einschr\u00e4nkung des Rechts auf freie Meinungs\u00e4u\u00dferung","og_description":"Die irischen Gr\u00fcnen, Teil einer Koalitionsregierung, treten f\u00fcr die Einschr\u00e4nkung der Meinungsfreiheit ein. Damit unterst\u00fctzen sie eine im gesamten Westen zu beobachtende Tendenz, abweichende Meinungs\u00e4u\u00dferungen zu kriminalisieren. Die Gr\u00fcne Partei Irlands, die wie andere Gr\u00fcne gemeinhin als linke Partei gilt, stellt zusammen mit den beiden \u00fcblicherweise als liberal-\/christlich-konservativ bezeichneten Parteien Fianna F\u00e1il und Fine Gael [&hellip;]","og_url":"https:\/\/now-news.de\/de\/deutschland\/gruene-partei-irlands-fordert-einschraenkung-des-rechts-auf-freie-meinungsaeusserung\/","og_site_name":"just-now.NEWS Deutschland","article_publisher":"https:\/\/www.facebook.com\/wirmachenauf","article_published_time":"2023-06-20T13:47:36+00:00","og_image":[{"width":460,"height":259,"url":"https:\/\/now-news.de\/de\/wp-content\/uploads\/sites\/3\/2023\/06\/Gruene-Partei-Irlands-fordert-Einschraenkung-des-Rechts-auf-freie-Meinungsaeusserung.jpg","type":"image\/jpeg"}],"author":"rtnews","twitter_card":"summary_large_image","twitter_creator":"@WirMachenAuf_de","twitter_site":"@WirMachenAuf_de","twitter_misc":{"Verfasst von":"rtnews","Gesch\u00e4tzte Lesezeit":"5\u00a0Minuten"},"schema":{"@context":"https:\/\/schema.org","@graph":[{"@type":"Article","@id":"https:\/\/now-news.de\/de\/deutschland\/gruene-partei-irlands-fordert-einschraenkung-des-rechts-auf-freie-meinungsaeusserung\/#article","isPartOf":{"@id":"https:\/\/now-news.de\/de\/deutschland\/gruene-partei-irlands-fordert-einschraenkung-des-rechts-auf-freie-meinungsaeusserung\/"},"author":{"name":"rtnews","@id":"https:\/\/now-news.de\/de\/#\/schema\/person\/fb534a4e865501d8b3285208df34a9b5"},"headline":"Gr\u00fcne Partei Irlands fordert Einschr\u00e4nkung des Rechts auf freie Meinungs\u00e4u\u00dferung","datePublished":"2023-06-20T13:47:36+00:00","dateModified":"2023-06-20T13:47:36+00:00","mainEntityOfPage":{"@id":"https:\/\/now-news.de\/de\/deutschland\/gruene-partei-irlands-fordert-einschraenkung-des-rechts-auf-freie-meinungsaeusserung\/"},"wordCount":1040,"commentCount":0,"publisher":{"@id":"https:\/\/now-news.de\/de\/#organization"},"image":{"@id":"https:\/\/now-news.de\/de\/deutschland\/gruene-partei-irlands-fordert-einschraenkung-des-rechts-auf-freie-meinungsaeusserung\/#primaryimage"},"thumbnailUrl":"https:\/\/now-news.de\/de\/wp-content\/uploads\/sites\/3\/2023\/06\/Gruene-Partei-Irlands-fordert-Einschraenkung-des-Rechts-auf-freie-Meinungsaeusserung.jpg","keywords":["AUF","des","Einschr\u00e4nkung","fordert","freie","Gr\u00fcne","Irlands","Meinungs\u00e4u\u00dferung","Partei","rechts"],"articleSection":["Deutschland","Russland"],"inLanguage":"de","potentialAction":[{"@type":"CommentAction","name":"Comment","target":["https:\/\/now-news.de\/de\/deutschland\/gruene-partei-irlands-fordert-einschraenkung-des-rechts-auf-freie-meinungsaeusserung\/#respond"]}]},{"@type":"WebPage","@id":"https:\/\/now-news.de\/de\/deutschland\/gruene-partei-irlands-fordert-einschraenkung-des-rechts-auf-freie-meinungsaeusserung\/","url":"https:\/\/now-news.de\/de\/deutschland\/gruene-partei-irlands-fordert-einschraenkung-des-rechts-auf-freie-meinungsaeusserung\/","name":"Gr\u00fcne Partei Irlands fordert Einschr\u00e4nkung des Rechts auf freie Meinungs\u00e4u\u00dferung - just-now.NEWS Deutschland","isPartOf":{"@id":"https:\/\/now-news.de\/de\/#website"},"primaryImageOfPage":{"@id":"https:\/\/now-news.de\/de\/deutschland\/gruene-partei-irlands-fordert-einschraenkung-des-rechts-auf-freie-meinungsaeusserung\/#primaryimage"},"image":{"@id":"https:\/\/now-news.de\/de\/deutschland\/gruene-partei-irlands-fordert-einschraenkung-des-rechts-auf-freie-meinungsaeusserung\/#primaryimage"},"thumbnailUrl":"https:\/\/now-news.de\/de\/wp-content\/uploads\/sites\/3\/2023\/06\/Gruene-Partei-Irlands-fordert-Einschraenkung-des-Rechts-auf-freie-Meinungsaeusserung.jpg","datePublished":"2023-06-20T13:47:36+00:00","dateModified":"2023-06-20T13:47:36+00:00","breadcrumb":{"@id":"https:\/\/now-news.de\/de\/deutschland\/gruene-partei-irlands-fordert-einschraenkung-des-rechts-auf-freie-meinungsaeusserung\/#breadcrumb"},"inLanguage":"de","potentialAction":[{"@type":"ReadAction","target":["https:\/\/now-news.de\/de\/deutschland\/gruene-partei-irlands-fordert-einschraenkung-des-rechts-auf-freie-meinungsaeusserung\/"]}]},{"@type":"ImageObject","inLanguage":"de","@id":"https:\/\/now-news.de\/de\/deutschland\/gruene-partei-irlands-fordert-einschraenkung-des-rechts-auf-freie-meinungsaeusserung\/#primaryimage","url":"https:\/\/now-news.de\/de\/wp-content\/uploads\/sites\/3\/2023\/06\/Gruene-Partei-Irlands-fordert-Einschraenkung-des-Rechts-auf-freie-Meinungsaeusserung.jpg","contentUrl":"https:\/\/now-news.de\/de\/wp-content\/uploads\/sites\/3\/2023\/06\/Gruene-Partei-Irlands-fordert-Einschraenkung-des-Rechts-auf-freie-Meinungsaeusserung.jpg","width":460,"height":259,"caption":"Gr\u00fcne Partei Irlands fordert Einschr\u00e4nkung des Rechts auf freie Meinungs\u00e4u\u00dferung"},{"@type":"BreadcrumbList","@id":"https:\/\/now-news.de\/de\/deutschland\/gruene-partei-irlands-fordert-einschraenkung-des-rechts-auf-freie-meinungsaeusserung\/#breadcrumb","itemListElement":[{"@type":"ListItem","position":1,"name":"Home","item":"https:\/\/now-news.de\/de\/"},{"@type":"ListItem","position":2,"name":"Gr\u00fcne Partei Irlands fordert Einschr\u00e4nkung des Rechts auf freie Meinungs\u00e4u\u00dferung"}]},{"@type":"WebSite","@id":"https:\/\/now-news.de\/de\/#website","url":"https:\/\/now-news.de\/de\/","name":"just-now.NEWS Deutschland","description":"Das Portal f\u00fcr unzensierte Nachrichten aus der Welt","publisher":{"@id":"https:\/\/now-news.de\/de\/#organization"},"potentialAction":[{"@type":"SearchAction","target":{"@type":"EntryPoint","urlTemplate":"https:\/\/now-news.de\/de\/?s={search_term_string}"},"query-input":"required name=search_term_string"}],"inLanguage":"de"},{"@type":"Organization","@id":"https:\/\/now-news.de\/de\/#organization","name":"Just Now News","url":"https:\/\/now-news.de\/de\/","logo":{"@type":"ImageObject","inLanguage":"de","@id":"https:\/\/now-news.de\/de\/#\/schema\/logo\/image\/","url":"http:\/\/just-now.news\/de\/wp-content\/uploads\/sites\/3\/2022\/04\/logo500x500.jpg","contentUrl":"http:\/\/just-now.news\/de\/wp-content\/uploads\/sites\/3\/2022\/04\/logo500x500.jpg","width":500,"height":500,"caption":"Just Now News"},"image":{"@id":"https:\/\/now-news.de\/de\/#\/schema\/logo\/image\/"},"sameAs":["https:\/\/www.facebook.com\/wirmachenauf","https:\/\/x.com\/WirMachenAuf_de"]},{"@type":"Person","@id":"https:\/\/now-news.de\/de\/#\/schema\/person\/fb534a4e865501d8b3285208df34a9b5","name":"rtnews","image":{"@type":"ImageObject","inLanguage":"de","@id":"https:\/\/now-news.de\/de\/#\/schema\/person\/image\/","url":"https:\/\/secure.gravatar.com\/avatar\/82aafea7d8127119dd649515f56e2117?s=96&d=mm&r=g","contentUrl":"https:\/\/secure.gravatar.com\/avatar\/82aafea7d8127119dd649515f56e2117?s=96&d=mm&r=g","caption":"rtnews"},"url":"https:\/\/now-news.de\/de\/author\/rnews\/"}]}},"_links":{"self":[{"href":"https:\/\/now-news.de\/de\/wp-json\/wp\/v2\/posts\/38562"}],"collection":[{"href":"https:\/\/now-news.de\/de\/wp-json\/wp\/v2\/posts"}],"about":[{"href":"https:\/\/now-news.de\/de\/wp-json\/wp\/v2\/types\/post"}],"author":[{"embeddable":true,"href":"https:\/\/now-news.de\/de\/wp-json\/wp\/v2\/users\/3"}],"replies":[{"embeddable":true,"href":"https:\/\/now-news.de\/de\/wp-json\/wp\/v2\/comments?post=38562"}],"version-history":[{"count":0,"href":"https:\/\/now-news.de\/de\/wp-json\/wp\/v2\/posts\/38562\/revisions"}],"wp:featuredmedia":[{"embeddable":true,"href":"https:\/\/now-news.de\/de\/wp-json\/wp\/v2\/media\/38563"}],"wp:attachment":[{"href":"https:\/\/now-news.de\/de\/wp-json\/wp\/v2\/media?parent=38562"}],"wp:term":[{"taxonomy":"category","embeddable":true,"href":"https:\/\/now-news.de\/de\/wp-json\/wp\/v2\/categories?post=38562"},{"taxonomy":"post_tag","embeddable":true,"href":"https:\/\/now-news.de\/de\/wp-json\/wp\/v2\/tags?post=38562"}],"curies":[{"name":"wp","href":"https:\/\/api.w.org\/{rel}","templated":true}]}}