{"id":38510,"date":"2023-06-20T17:36:35","date_gmt":"2023-06-20T15:36:35","guid":{"rendered":"https:\/\/just-now.news\/de\/deutschland\/decoupling-von-china-huawei-erneut-im-fokus\/"},"modified":"2023-06-20T17:36:35","modified_gmt":"2023-06-20T15:36:35","slug":"decoupling-von-china-huawei-erneut-im-fokus","status":"publish","type":"post","link":"https:\/\/now-news.de\/de\/deutschland\/decoupling-von-china-huawei-erneut-im-fokus\/","title":{"rendered":"Decoupling von China \u2013 Huawei erneut im Fokus"},"content":{"rendered":"<p><img decoding=\"async\" src=\"http:\/\/just-now.news\/de\/wp-content\/uploads\/sites\/3\/2023\/06\/6491ba10b480cc51180e1d24.jpg\" \/><\/p>\n<div class=\"Text-root Text-type_1 \">\n                W\u00e4hrend hochrangige Vertreter des Westens beteuern, ein technologisches Entkoppeln von China sei nicht geplant, deutet ein neuer deutscher Vorsto\u00df gegen Huawei genau darauf hin. Ein Decoupling h\u00e4tte schwerwiegende Auswirkungen auf die deutsche Wirtschaft.\n            <\/div>\n<p><\/p>\n<div class=\"Text-root Text-type_5 ArticleView-text ViewText-root \">\n<p>Bei den 7. deutsch-chinesischen Regierungskonsultationen bezog Bundeskanzler Olaf Scholz Stellung. Er sagte:<\/p>\n<blockquote>\n<p><em>\u201cWir sind an einem wirtschaftlichen Decoupling von China nicht interessiert.&#8221;<\/em><\/p>\n<\/blockquote>\n<p>Auch US-Au\u00dfenminister Antony Blinken sagte bei seinem Besuch in China, dass die USA zwischen De-Risking und Decoupling unterscheiden w\u00fcrden. Laut einem <a rel=\"nofollow noopener\" target=\"_blank\" href=\"https:\/\/edition.cnn.com\/2023\/06\/18\/china\/blinken-china-visit-wang-yi-meeting-intl-hnk\/index.html\">Medienbericht <\/a>antwortete darauf ein hochrangiger Vertreter des chinesischen Au\u00dfenministeriums, dass das Ergebnis gleich bliebe, wenn die USA ihre Politik des Decoupling lediglich begrifflich neu verpacken w\u00fcrden. Man bewege sich weg von Stabilit\u00e4t und gemeinsamen Chancen und M\u00f6glichkeiten.\u00a0<\/p>\n<p>Die Kritik ist berechtigt, denn obwohl westliche Vertreter offiziell zur\u00fcckweisen, Decoupling von China anzustreben, deuten konkrete Vorhaben genau in diese Richtung. P\u00fcnktlich zum Besuch des chinesischen Premierministers Li Qiang gab eine Sprecherin des Bundesinnenministeriums bekannt, dass es Hinweise darauf gebe, dass die Verwendung von Technologie des chinesischen Huawei-Konzerns die Sicherheit der Bundesrepublik beeintr\u00e4chtigen k\u00f6nnte.<\/p>\n<p>Der au\u00dfenpolitische Blog <em>German-Foreign-Policy<\/em>\u00a0<a rel=\"nofollow noopener\" target=\"_blank\" href=\"https:\/\/www.german-foreign-policy.com\/news\/detail\/9272\">merkte<\/a> in diesem Zusammenhang an, dass bisher jeglicher Beweis f\u00fcr die These fehle, dass Huawei seine Technologie f\u00fcr Spionage missbraucht. Die Bef\u00fcrworter eines Verbots w\u00fcrden den Hinweis jedoch mit dem Argument kontern, dass die Vorstellung abwegig sei, erst einen Beweis finden zu m\u00fcssen. Es sei im Gegenteil ganz grunds\u00e4tzlich davon auszugehen, dass die Technologie von Huawei nicht zu kontrollieren ist. Dieses Argument gelte f\u00fcr Technologien aus anderen L\u00e4ndern freilich nicht.\u00a0<\/p>\n<p>Offenbar verl\u00e4uft die Konfliktlinie zum Umgang mit China quer durch die Koalition. Auf der einen Seite steht der Bundeskanzler, der an der wirtschaftlichen Zusammenarbeit mit China festhalten will, auf der anderen Seite die deutsche Au\u00dfenministerin, die deutsche Interessen bedingungslos US-amerikanischen Vorgaben unterordnet.<\/p>\n<p>Auch die US-affine EU-Kommissionspr\u00e4sidentin Ursula von der Leyen plant eine konfrontative Gangart gegen\u00fcber China. Die EU will den Export bestimmter Produkte aus dem Hightech-Bereich nach China verbieten. Die EU folgt damit der Strategie der USA, den Fortschritt Chinas aufhalten oder zumindest verz\u00f6gern zu wollen.<\/p>\n<p>Gro\u00dfe Unternehmen w\u00fcrden darauf mit \u00dcberlegungen zur Abspaltung ihres Chinagesch\u00e4fts reagieren, berichtete der Blog-Autor. So werde dar\u00fcber spekuliert, dass VW und BASF ihr Chinagesch\u00e4ft abspalten und in formal unabh\u00e4ngige Firmen auslagern k\u00f6nnten. Nachdem die USA bereits deutsche Firmen abgeworben haben, w\u00e4re das ein weiterer Schlag gegen den Standort Deutschland. Die gr\u00fcne Au\u00dfenpolitik wird moralische Gr\u00fcnde anf\u00fchren, warum dies unabdingbar ist.\u00a0\u00a0<\/p>\n<p><strong>Mehr zum Thema<\/strong>\u00a0\u2013 <a rel=\"nofollow noopener\" target=\"_blank\" href=\"https:\/\/fromrussiawithlove.rtde.live\/international\/173064-chinas-ministerpraesident-li-qiang-besucht\/\">Chinas Ministerpr\u00e4sident Li Qiang besucht Deutschland und Frankreich<\/a><\/p>\n<\/p>\n<\/div>\n<p><br \/>\n<br \/><a href=\"https:\/\/de.rt.com\/wirtschaft\/173160-decoupling-von-china-huawei-erneut\/\">Source link <\/a><\/p>\n","protected":false},"excerpt":{"rendered":"<p>W\u00e4hrend hochrangige Vertreter des Westens beteuern, ein technologisches Entkoppeln von China sei nicht geplant, deutet ein neuer deutscher Vorsto\u00df gegen Huawei genau darauf hin. Ein Decoupling h\u00e4tte schwerwiegende Auswirkungen auf die deutsche Wirtschaft. Bei den 7. deutsch-chinesischen Regierungskonsultationen bezog Bundeskanzler Olaf Scholz Stellung. Er sagte: \u201cWir sind an einem wirtschaftlichen Decoupling von China nicht interessiert.&#8221; [&hellip;]<\/p>\n","protected":false},"author":3,"featured_media":38511,"comment_status":"open","ping_status":"open","sticky":false,"template":"","format":"standard","meta":{"_yoast_indexnow_last_ping":["1687275906"],"wp_automatic_camp":["217"],"a47dc661a88c36d7e8eadc89e33fa5b8":["Decoupling von China \u2013 Huawei erneut im Fokus"],"original_link":["https:\/\/de.rt.com\/wirtschaft\/173160-decoupling-von-china-huawei-erneut\/"],"_thumbnail_id":["38511"],"_wptgpro_p2tg_sent2tg":["a:1:{i:23737;s:19:\"2023-06-20 17:46:05\";}"],"jnews_social_counter_last_update":["1777159248"]},"categories":[19,23],"tags":[192,39165,781,7233,13576,50],"yoast_head":"<!-- This site is optimized with the Yoast SEO Premium plugin v22.7 (Yoast SEO v22.7) - https:\/\/yoast.com\/wordpress\/plugins\/seo\/ -->\n<title>Decoupling von China \u2013 Huawei erneut im Fokus - just-now.NEWS Deutschland<\/title>\n<meta name=\"robots\" content=\"index, follow, max-snippet:-1, max-image-preview:large, max-video-preview:-1\" \/>\n<link rel=\"canonical\" href=\"https:\/\/now-news.de\/de\/deutschland\/decoupling-von-china-huawei-erneut-im-fokus\/\" \/>\n<meta property=\"og:locale\" content=\"de_DE\" \/>\n<meta property=\"og:type\" content=\"article\" \/>\n<meta property=\"og:title\" content=\"Decoupling von China \u2013 Huawei erneut im Fokus\" \/>\n<meta property=\"og:description\" content=\"W\u00e4hrend hochrangige Vertreter des Westens beteuern, ein technologisches Entkoppeln von China sei nicht geplant, deutet ein neuer deutscher Vorsto\u00df gegen Huawei genau darauf hin. Ein Decoupling h\u00e4tte schwerwiegende Auswirkungen auf die deutsche Wirtschaft. Bei den 7. deutsch-chinesischen Regierungskonsultationen bezog Bundeskanzler Olaf Scholz Stellung. Er sagte: \u201cWir sind an einem wirtschaftlichen Decoupling von China nicht interessiert.&#8221; [&hellip;]\" \/>\n<meta property=\"og:url\" content=\"https:\/\/now-news.de\/de\/deutschland\/decoupling-von-china-huawei-erneut-im-fokus\/\" \/>\n<meta property=\"og:site_name\" content=\"just-now.NEWS Deutschland\" \/>\n<meta property=\"article:publisher\" content=\"https:\/\/www.facebook.com\/wirmachenauf\" \/>\n<meta property=\"article:published_time\" content=\"2023-06-20T15:36:35+00:00\" \/>\n<meta property=\"og:image\" content=\"https:\/\/now-news.de\/de\/wp-content\/uploads\/sites\/3\/2023\/06\/Decoupling-von-China-\u2013-Huawei-erneut-im-Fokus.jpg\" \/>\n\t<meta property=\"og:image:width\" content=\"460\" \/>\n\t<meta property=\"og:image:height\" content=\"259\" \/>\n\t<meta property=\"og:image:type\" content=\"image\/jpeg\" \/>\n<meta name=\"author\" content=\"rtnews\" \/>\n<meta name=\"twitter:card\" content=\"summary_large_image\" \/>\n<meta name=\"twitter:creator\" content=\"@WirMachenAuf_de\" \/>\n<meta name=\"twitter:site\" content=\"@WirMachenAuf_de\" \/>\n<meta name=\"twitter:label1\" content=\"Verfasst von\" \/>\n\t<meta name=\"twitter:data1\" content=\"rtnews\" \/>\n\t<meta name=\"twitter:label2\" content=\"Gesch\u00e4tzte Lesezeit\" \/>\n\t<meta name=\"twitter:data2\" content=\"2\u00a0Minuten\" \/>\n<script type=\"application\/ld+json\" class=\"yoast-schema-graph\">{\"@context\":\"https:\/\/schema.org\",\"@graph\":[{\"@type\":\"Article\",\"@id\":\"https:\/\/now-news.de\/de\/deutschland\/decoupling-von-china-huawei-erneut-im-fokus\/#article\",\"isPartOf\":{\"@id\":\"https:\/\/now-news.de\/de\/deutschland\/decoupling-von-china-huawei-erneut-im-fokus\/\"},\"author\":{\"name\":\"rtnews\",\"@id\":\"https:\/\/now-news.de\/de\/#\/schema\/person\/fb534a4e865501d8b3285208df34a9b5\"},\"headline\":\"Decoupling von China \u2013 Huawei erneut im Fokus\",\"datePublished\":\"2023-06-20T15:36:35+00:00\",\"dateModified\":\"2023-06-20T15:36:35+00:00\",\"mainEntityOfPage\":{\"@id\":\"https:\/\/now-news.de\/de\/deutschland\/decoupling-von-china-huawei-erneut-im-fokus\/\"},\"wordCount\":446,\"commentCount\":0,\"publisher\":{\"@id\":\"https:\/\/now-news.de\/de\/#organization\"},\"image\":{\"@id\":\"https:\/\/now-news.de\/de\/deutschland\/decoupling-von-china-huawei-erneut-im-fokus\/#primaryimage\"},\"thumbnailUrl\":\"https:\/\/now-news.de\/de\/wp-content\/uploads\/sites\/3\/2023\/06\/Decoupling-von-China-\u2013-Huawei-erneut-im-Fokus.jpg\",\"keywords\":[\"China\",\"Decoupling\",\"erneut\",\"Fokus\",\"Huawei\",\"von\"],\"articleSection\":[\"Deutschland\",\"Russland\"],\"inLanguage\":\"de\",\"potentialAction\":[{\"@type\":\"CommentAction\",\"name\":\"Comment\",\"target\":[\"https:\/\/now-news.de\/de\/deutschland\/decoupling-von-china-huawei-erneut-im-fokus\/#respond\"]}]},{\"@type\":\"WebPage\",\"@id\":\"https:\/\/now-news.de\/de\/deutschland\/decoupling-von-china-huawei-erneut-im-fokus\/\",\"url\":\"https:\/\/now-news.de\/de\/deutschland\/decoupling-von-china-huawei-erneut-im-fokus\/\",\"name\":\"Decoupling von China \u2013 Huawei erneut im Fokus - just-now.NEWS Deutschland\",\"isPartOf\":{\"@id\":\"https:\/\/now-news.de\/de\/#website\"},\"primaryImageOfPage\":{\"@id\":\"https:\/\/now-news.de\/de\/deutschland\/decoupling-von-china-huawei-erneut-im-fokus\/#primaryimage\"},\"image\":{\"@id\":\"https:\/\/now-news.de\/de\/deutschland\/decoupling-von-china-huawei-erneut-im-fokus\/#primaryimage\"},\"thumbnailUrl\":\"https:\/\/now-news.de\/de\/wp-content\/uploads\/sites\/3\/2023\/06\/Decoupling-von-China-\u2013-Huawei-erneut-im-Fokus.jpg\",\"datePublished\":\"2023-06-20T15:36:35+00:00\",\"dateModified\":\"2023-06-20T15:36:35+00:00\",\"breadcrumb\":{\"@id\":\"https:\/\/now-news.de\/de\/deutschland\/decoupling-von-china-huawei-erneut-im-fokus\/#breadcrumb\"},\"inLanguage\":\"de\",\"potentialAction\":[{\"@type\":\"ReadAction\",\"target\":[\"https:\/\/now-news.de\/de\/deutschland\/decoupling-von-china-huawei-erneut-im-fokus\/\"]}]},{\"@type\":\"ImageObject\",\"inLanguage\":\"de\",\"@id\":\"https:\/\/now-news.de\/de\/deutschland\/decoupling-von-china-huawei-erneut-im-fokus\/#primaryimage\",\"url\":\"https:\/\/now-news.de\/de\/wp-content\/uploads\/sites\/3\/2023\/06\/Decoupling-von-China-\u2013-Huawei-erneut-im-Fokus.jpg\",\"contentUrl\":\"https:\/\/now-news.de\/de\/wp-content\/uploads\/sites\/3\/2023\/06\/Decoupling-von-China-\u2013-Huawei-erneut-im-Fokus.jpg\",\"width\":460,\"height\":259,\"caption\":\"Decoupling von China \u2013 Huawei erneut im Fokus\"},{\"@type\":\"BreadcrumbList\",\"@id\":\"https:\/\/now-news.de\/de\/deutschland\/decoupling-von-china-huawei-erneut-im-fokus\/#breadcrumb\",\"itemListElement\":[{\"@type\":\"ListItem\",\"position\":1,\"name\":\"Home\",\"item\":\"https:\/\/now-news.de\/de\/\"},{\"@type\":\"ListItem\",\"position\":2,\"name\":\"Decoupling von China \u2013 Huawei erneut im Fokus\"}]},{\"@type\":\"WebSite\",\"@id\":\"https:\/\/now-news.de\/de\/#website\",\"url\":\"https:\/\/now-news.de\/de\/\",\"name\":\"just-now.NEWS Deutschland\",\"description\":\"Das Portal f\u00fcr unzensierte Nachrichten aus der Welt\",\"publisher\":{\"@id\":\"https:\/\/now-news.de\/de\/#organization\"},\"potentialAction\":[{\"@type\":\"SearchAction\",\"target\":{\"@type\":\"EntryPoint\",\"urlTemplate\":\"https:\/\/now-news.de\/de\/?s={search_term_string}\"},\"query-input\":\"required name=search_term_string\"}],\"inLanguage\":\"de\"},{\"@type\":\"Organization\",\"@id\":\"https:\/\/now-news.de\/de\/#organization\",\"name\":\"Just Now News\",\"url\":\"https:\/\/now-news.de\/de\/\",\"logo\":{\"@type\":\"ImageObject\",\"inLanguage\":\"de\",\"@id\":\"https:\/\/now-news.de\/de\/#\/schema\/logo\/image\/\",\"url\":\"http:\/\/just-now.news\/de\/wp-content\/uploads\/sites\/3\/2022\/04\/logo500x500.jpg\",\"contentUrl\":\"http:\/\/just-now.news\/de\/wp-content\/uploads\/sites\/3\/2022\/04\/logo500x500.jpg\",\"width\":500,\"height\":500,\"caption\":\"Just Now News\"},\"image\":{\"@id\":\"https:\/\/now-news.de\/de\/#\/schema\/logo\/image\/\"},\"sameAs\":[\"https:\/\/www.facebook.com\/wirmachenauf\",\"https:\/\/x.com\/WirMachenAuf_de\"]},{\"@type\":\"Person\",\"@id\":\"https:\/\/now-news.de\/de\/#\/schema\/person\/fb534a4e865501d8b3285208df34a9b5\",\"name\":\"rtnews\",\"image\":{\"@type\":\"ImageObject\",\"inLanguage\":\"de\",\"@id\":\"https:\/\/now-news.de\/de\/#\/schema\/person\/image\/\",\"url\":\"https:\/\/secure.gravatar.com\/avatar\/82aafea7d8127119dd649515f56e2117?s=96&d=mm&r=g\",\"contentUrl\":\"https:\/\/secure.gravatar.com\/avatar\/82aafea7d8127119dd649515f56e2117?s=96&d=mm&r=g\",\"caption\":\"rtnews\"},\"url\":\"https:\/\/now-news.de\/de\/author\/rnews\/\"}]}<\/script>\n<!-- \/ Yoast SEO Premium plugin. -->","yoast_head_json":{"title":"Decoupling von China \u2013 Huawei erneut im Fokus - just-now.NEWS Deutschland","robots":{"index":"index","follow":"follow","max-snippet":"max-snippet:-1","max-image-preview":"max-image-preview:large","max-video-preview":"max-video-preview:-1"},"canonical":"https:\/\/now-news.de\/de\/deutschland\/decoupling-von-china-huawei-erneut-im-fokus\/","og_locale":"de_DE","og_type":"article","og_title":"Decoupling von China \u2013 Huawei erneut im Fokus","og_description":"W\u00e4hrend hochrangige Vertreter des Westens beteuern, ein technologisches Entkoppeln von China sei nicht geplant, deutet ein neuer deutscher Vorsto\u00df gegen Huawei genau darauf hin. Ein Decoupling h\u00e4tte schwerwiegende Auswirkungen auf die deutsche Wirtschaft. Bei den 7. deutsch-chinesischen Regierungskonsultationen bezog Bundeskanzler Olaf Scholz Stellung. Er sagte: \u201cWir sind an einem wirtschaftlichen Decoupling von China nicht interessiert.&#8221; [&hellip;]","og_url":"https:\/\/now-news.de\/de\/deutschland\/decoupling-von-china-huawei-erneut-im-fokus\/","og_site_name":"just-now.NEWS Deutschland","article_publisher":"https:\/\/www.facebook.com\/wirmachenauf","article_published_time":"2023-06-20T15:36:35+00:00","og_image":[{"width":460,"height":259,"url":"https:\/\/now-news.de\/de\/wp-content\/uploads\/sites\/3\/2023\/06\/Decoupling-von-China-\u2013-Huawei-erneut-im-Fokus.jpg","type":"image\/jpeg"}],"author":"rtnews","twitter_card":"summary_large_image","twitter_creator":"@WirMachenAuf_de","twitter_site":"@WirMachenAuf_de","twitter_misc":{"Verfasst von":"rtnews","Gesch\u00e4tzte Lesezeit":"2\u00a0Minuten"},"schema":{"@context":"https:\/\/schema.org","@graph":[{"@type":"Article","@id":"https:\/\/now-news.de\/de\/deutschland\/decoupling-von-china-huawei-erneut-im-fokus\/#article","isPartOf":{"@id":"https:\/\/now-news.de\/de\/deutschland\/decoupling-von-china-huawei-erneut-im-fokus\/"},"author":{"name":"rtnews","@id":"https:\/\/now-news.de\/de\/#\/schema\/person\/fb534a4e865501d8b3285208df34a9b5"},"headline":"Decoupling von China \u2013 Huawei erneut im Fokus","datePublished":"2023-06-20T15:36:35+00:00","dateModified":"2023-06-20T15:36:35+00:00","mainEntityOfPage":{"@id":"https:\/\/now-news.de\/de\/deutschland\/decoupling-von-china-huawei-erneut-im-fokus\/"},"wordCount":446,"commentCount":0,"publisher":{"@id":"https:\/\/now-news.de\/de\/#organization"},"image":{"@id":"https:\/\/now-news.de\/de\/deutschland\/decoupling-von-china-huawei-erneut-im-fokus\/#primaryimage"},"thumbnailUrl":"https:\/\/now-news.de\/de\/wp-content\/uploads\/sites\/3\/2023\/06\/Decoupling-von-China-\u2013-Huawei-erneut-im-Fokus.jpg","keywords":["China","Decoupling","erneut","Fokus","Huawei","von"],"articleSection":["Deutschland","Russland"],"inLanguage":"de","potentialAction":[{"@type":"CommentAction","name":"Comment","target":["https:\/\/now-news.de\/de\/deutschland\/decoupling-von-china-huawei-erneut-im-fokus\/#respond"]}]},{"@type":"WebPage","@id":"https:\/\/now-news.de\/de\/deutschland\/decoupling-von-china-huawei-erneut-im-fokus\/","url":"https:\/\/now-news.de\/de\/deutschland\/decoupling-von-china-huawei-erneut-im-fokus\/","name":"Decoupling von China \u2013 Huawei erneut im Fokus - just-now.NEWS Deutschland","isPartOf":{"@id":"https:\/\/now-news.de\/de\/#website"},"primaryImageOfPage":{"@id":"https:\/\/now-news.de\/de\/deutschland\/decoupling-von-china-huawei-erneut-im-fokus\/#primaryimage"},"image":{"@id":"https:\/\/now-news.de\/de\/deutschland\/decoupling-von-china-huawei-erneut-im-fokus\/#primaryimage"},"thumbnailUrl":"https:\/\/now-news.de\/de\/wp-content\/uploads\/sites\/3\/2023\/06\/Decoupling-von-China-\u2013-Huawei-erneut-im-Fokus.jpg","datePublished":"2023-06-20T15:36:35+00:00","dateModified":"2023-06-20T15:36:35+00:00","breadcrumb":{"@id":"https:\/\/now-news.de\/de\/deutschland\/decoupling-von-china-huawei-erneut-im-fokus\/#breadcrumb"},"inLanguage":"de","potentialAction":[{"@type":"ReadAction","target":["https:\/\/now-news.de\/de\/deutschland\/decoupling-von-china-huawei-erneut-im-fokus\/"]}]},{"@type":"ImageObject","inLanguage":"de","@id":"https:\/\/now-news.de\/de\/deutschland\/decoupling-von-china-huawei-erneut-im-fokus\/#primaryimage","url":"https:\/\/now-news.de\/de\/wp-content\/uploads\/sites\/3\/2023\/06\/Decoupling-von-China-\u2013-Huawei-erneut-im-Fokus.jpg","contentUrl":"https:\/\/now-news.de\/de\/wp-content\/uploads\/sites\/3\/2023\/06\/Decoupling-von-China-\u2013-Huawei-erneut-im-Fokus.jpg","width":460,"height":259,"caption":"Decoupling von China \u2013 Huawei erneut im Fokus"},{"@type":"BreadcrumbList","@id":"https:\/\/now-news.de\/de\/deutschland\/decoupling-von-china-huawei-erneut-im-fokus\/#breadcrumb","itemListElement":[{"@type":"ListItem","position":1,"name":"Home","item":"https:\/\/now-news.de\/de\/"},{"@type":"ListItem","position":2,"name":"Decoupling von China \u2013 Huawei erneut im Fokus"}]},{"@type":"WebSite","@id":"https:\/\/now-news.de\/de\/#website","url":"https:\/\/now-news.de\/de\/","name":"just-now.NEWS Deutschland","description":"Das Portal f\u00fcr unzensierte Nachrichten aus der Welt","publisher":{"@id":"https:\/\/now-news.de\/de\/#organization"},"potentialAction":[{"@type":"SearchAction","target":{"@type":"EntryPoint","urlTemplate":"https:\/\/now-news.de\/de\/?s={search_term_string}"},"query-input":"required name=search_term_string"}],"inLanguage":"de"},{"@type":"Organization","@id":"https:\/\/now-news.de\/de\/#organization","name":"Just Now News","url":"https:\/\/now-news.de\/de\/","logo":{"@type":"ImageObject","inLanguage":"de","@id":"https:\/\/now-news.de\/de\/#\/schema\/logo\/image\/","url":"http:\/\/just-now.news\/de\/wp-content\/uploads\/sites\/3\/2022\/04\/logo500x500.jpg","contentUrl":"http:\/\/just-now.news\/de\/wp-content\/uploads\/sites\/3\/2022\/04\/logo500x500.jpg","width":500,"height":500,"caption":"Just Now News"},"image":{"@id":"https:\/\/now-news.de\/de\/#\/schema\/logo\/image\/"},"sameAs":["https:\/\/www.facebook.com\/wirmachenauf","https:\/\/x.com\/WirMachenAuf_de"]},{"@type":"Person","@id":"https:\/\/now-news.de\/de\/#\/schema\/person\/fb534a4e865501d8b3285208df34a9b5","name":"rtnews","image":{"@type":"ImageObject","inLanguage":"de","@id":"https:\/\/now-news.de\/de\/#\/schema\/person\/image\/","url":"https:\/\/secure.gravatar.com\/avatar\/82aafea7d8127119dd649515f56e2117?s=96&d=mm&r=g","contentUrl":"https:\/\/secure.gravatar.com\/avatar\/82aafea7d8127119dd649515f56e2117?s=96&d=mm&r=g","caption":"rtnews"},"url":"https:\/\/now-news.de\/de\/author\/rnews\/"}]}},"_links":{"self":[{"href":"https:\/\/now-news.de\/de\/wp-json\/wp\/v2\/posts\/38510"}],"collection":[{"href":"https:\/\/now-news.de\/de\/wp-json\/wp\/v2\/posts"}],"about":[{"href":"https:\/\/now-news.de\/de\/wp-json\/wp\/v2\/types\/post"}],"author":[{"embeddable":true,"href":"https:\/\/now-news.de\/de\/wp-json\/wp\/v2\/users\/3"}],"replies":[{"embeddable":true,"href":"https:\/\/now-news.de\/de\/wp-json\/wp\/v2\/comments?post=38510"}],"version-history":[{"count":0,"href":"https:\/\/now-news.de\/de\/wp-json\/wp\/v2\/posts\/38510\/revisions"}],"wp:featuredmedia":[{"embeddable":true,"href":"https:\/\/now-news.de\/de\/wp-json\/wp\/v2\/media\/38511"}],"wp:attachment":[{"href":"https:\/\/now-news.de\/de\/wp-json\/wp\/v2\/media?parent=38510"}],"wp:term":[{"taxonomy":"category","embeddable":true,"href":"https:\/\/now-news.de\/de\/wp-json\/wp\/v2\/categories?post=38510"},{"taxonomy":"post_tag","embeddable":true,"href":"https:\/\/now-news.de\/de\/wp-json\/wp\/v2\/tags?post=38510"}],"curies":[{"name":"wp","href":"https:\/\/api.w.org\/{rel}","templated":true}]}}