{"id":38432,"date":"2023-06-19T16:54:08","date_gmt":"2023-06-19T14:54:08","guid":{"rendered":"https:\/\/just-now.news\/de\/deutschland\/greifswald-buerger-sagen-nein-zu-containerdorf-fuer-fluechlinge\/"},"modified":"2023-06-19T16:54:08","modified_gmt":"2023-06-19T14:54:08","slug":"greifswald-buerger-sagen-nein-zu-containerdorf-fuer-fluechlinge","status":"publish","type":"post","link":"https:\/\/now-news.de\/de\/deutschland\/greifswald-buerger-sagen-nein-zu-containerdorf-fuer-fluechlinge\/","title":{"rendered":"Greifswald: B\u00fcrger sagen Nein zu Containerdorf f\u00fcr Fl\u00fcchlinge"},"content":{"rendered":"<p><img decoding=\"async\" src=\"http:\/\/just-now.news\/de\/wp-content\/uploads\/sites\/3\/2023\/06\/64903e45b480cc166938446c.jpg\" \/><\/p>\n<div class=\"Text-root Text-type_1 \">\n                Der urspr\u00fcngliche Plan, dass bei einer Zustimmung die Kreisstadt Greifswald brachliegende Fl\u00e4chen an den Landkreis zur Errichtung von Containerunterk\u00fcnften f\u00fcr Fl\u00fcchtlinge verpachten k\u00f6nnte, wurde nun f\u00fcr zwei Jahre durch einen B\u00fcrgerentscheid gestoppt.\n            <\/div>\n<p><\/p>\n<div class=\"Text-root Text-type_5 ArticleView-text ViewText-root \">\n<p>Der Landkreis Vorpommern-Greifswald muss nach einem bundesweit geltenden Verteilungsschl\u00fcssel innerhalb des Landes Mecklenburg-Vorpommern 14,9 Prozent der zugewiesenen Gefl\u00fcchteten des Landes aufnehmen. Die verantwortliche <a rel=\"nofollow noopener\" target=\"_blank\" href=\"https:\/\/www.greifswald.de\/de\/.galleries\/Amt-10\/Buergerentscheid-Stellungnahme-Verwaltung-Buergerentscheid_23-05-09.pdf\">Politik<\/a> kann in Eigenverantwortung diesbez\u00fcglich sogenannte &#8220;Unterbringungsm\u00f6glichkeiten&#8221; auf st\u00e4dtischen Fl\u00e4chen f\u00fcr gefl\u00fcchtete Menschen schaffen. Das Ergebnis eines B\u00fcrgerentscheids vom 18. Juni regelt nun das gesetzliche Verbot, diese M\u00f6glichkeit zu nutzen.<\/p>\n<p>In einer Sitzung der B\u00fcrgerschaft vom 27.03.2023 stellte der Landrat des Landkreises Vorpommern-Greifswald dar, dass er bis zum Ende des Jahres einen weiterhin hohen Zuzug an Gefl\u00fcchteten erwarte. Auf der <a rel=\"nofollow noopener\" target=\"_blank\" href=\"https:\/\/www.greifswald.de\/de\/verwaltung-politik\/wahlen\/wahlen\/buergerentscheid\/\">Webseite<\/a> der Stadt Greifswald hei\u00dft es bez\u00fcglicher dieser Problematik:<\/p>\n<blockquote>\n<p><em>&#8220;Kann der Landkreis die zugewiesenen ausl\u00e4ndischen Gefl\u00fcchteten nicht mehr selbst unterbringen, kann er gem\u00e4\u00df FIAG \u00a72, Satz 3 diese Aufgabe auf kreisangeh\u00f6rige Gemeinden, wie beispielsweise die Universit\u00e4ts- und Hansestadt Greifswald, \u00fcbertragen. Das bedeutet, dass in diesem Fall die Stadt selbst f\u00fcr die Unterbringung der Gefl\u00fcchteten sorgen muss.&#8221;<\/em><\/p>\n<\/blockquote>\n<p>Bei dem seitens der B\u00fcrger eingeforderten Urnengang zum B\u00fcrgerentscheid war die erforderliche Mindestbeteiligung von 25 Prozent der Wahlberechtigten ausschlaggebend f\u00fcr das nun bindende Ergebnis. Ein B\u00fcrgerbegehren hatte zuvor mit der Sammlung Tausender Unterschriften den Entscheid erzwungen.<\/p>\n<p>Von den\u00a047.197 stimmberechtigten Greifswalder waren\u00a0insgesamt 14.012 Menschen (29,7 Prozent) gegen eine entsprechende Nutzung der st\u00e4dtischen Fl\u00e4chen. Ben\u00f6tigte Containerunterk\u00fcnfte sind demnach jedoch weiterhin etwa auf Fl\u00e4chen privater Eigent\u00fcmer theoretisch denkbar, wie auch die erneute Nutzung st\u00e4dtischer Geb\u00e4ude wie etwa Turnhallen. Greifswalds Oberb\u00fcrgermeister Stefan Fassbinder (Gr\u00fcne) reagierte am Sonntagabend auf das mehrheitliche Nein der B\u00fcrger mit der Feststellung:<\/p>\n<blockquote>\n<p><em>&#8220;Es gibt eine demokratische Entscheidung. Es ist selbstverst\u00e4ndlich, dass wir die akzeptieren. Der Landrat wird es schwerer haben, Gefl\u00fcchtete unterzubringen. Das Ergebnis zeigt deutlich, dass das Thema Zuwanderung noch intensiv diskutiert werden muss.&#8221;<\/em><\/p>\n<\/blockquote>\n<p>Zuvor hatte die Gr\u00fcnen-Partei folgende <a rel=\"nofollow noopener\" target=\"_blank\" href=\"https:\/\/www.greifswald.de\/de\/.galleries\/dokumente\/Pressestelle-Dokumente\/Inhaltliche-Stellungnahme-der-Buergerschaft-der-UHGW-zum-anstehenden-Buergerentscheid.pdf\">Empfehlung<\/a> den Greifswaldern mit auf den Weg zur Urne gegeben:<\/p>\n<blockquote>\n<p><em>&#8220;Ja zu Solidarit\u00e4t. Ganz grunds\u00e4tzlich stellt sich die Frage nicht, ob man Menschen in Not hilft. Man hilft. Ja zu menschenw\u00fcrdiger Unterbringung. Wir alle, auch die Gefl\u00fcchteten, brauchen menschenw\u00fcrdige Unterk\u00fcnfte.&#8221;<\/em><\/p>\n<\/blockquote>\n<p>Der lokale stellvertretende Landesvorsitzende der Partei Die Linke, Hennis Herbst, <a rel=\"nofollow noopener\" target=\"_blank\" href=\"https:\/\/twitter.com\/Hennis_H\/status\/1670524152967577605\">res\u00fcmierte<\/a> in einer ersten Reaktion auf das Ergebnis mit der w\u00f6rtlichen Einsch\u00e4tzung:<\/p>\n<blockquote>\n<p><em>&#8220;Der B\u00fcrger*innenentscheid in Greifswald hat gezeigt, dass die CDU abermals den Diskurs von rechts legitimiert und den Weg bereitet hat (&#8230;) Wir, die gegen die rechte Kampagne gek\u00e4mpft haben, m\u00fcssen uns aber auch fragen, warum unsere Botschaft bei den Menschen nicht ankam. Weitere B\u00fcrgerbegehren von rechts werden folgen und wir m\u00fcssen vorbereitet sein.&#8221;<\/em><\/p>\n<\/blockquote>\n<p>B\u00fcrgermeister Fassbinder stellte zudem fest, dass er jedoch &#8220;auch nicht verhehlen kann, dass die Au\u00dfenwirkung \u2013 des B\u00fcrgerentscheids \u2013 eher negativ als positiv ist&#8221;. Er mache sich daher insbesondere &#8220;Sorge um die Zuwanderung ben\u00f6tigter Fachkr\u00e4fte&#8221;.\u00a0Greifswald ist die einzige Stadt im Osten mit einem gr\u00fcnen Oberb\u00fcrgermeister.<em><\/em><\/p>\n<p>Das Anliegen des B\u00fcrgerentscheids wurde seitens der CDU und der AfD in Greifswald unterst\u00fctzt. Die lokale SPD, Gr\u00fcne, Linke und zahlreiche Verb\u00e4nde sprachen sich gegen den nun f\u00fcr zwei Jahre geltenden Stopp f\u00fcr Containerunterk\u00fcnfte auf st\u00e4dtischen Fl\u00e4chen aus.<\/p>\n<p><strong>Mehr zum Thema &#8211;<\/strong>\u00a0<a rel=\"nofollow noopener\" target=\"_blank\" href=\"https:\/\/freeassange.rtde.live\/meinung\/172855-alle-wollen-frieden\/\">Alle wollen Frieden \u2013 und Deutschland zieht in den Krieg<\/a><\/p>\n<\/p>\n<\/div>\n<p><script async src=\"https:\/\/platform.twitter.com\/widgets.js\" charset=\"utf-8\"><\/script><br \/>\n<br \/><br \/>\n<br \/><a href=\"https:\/\/de.rt.com\/inland\/173033-buergerentscheid-greifswalder-buerger-gegen-verpachtung\/\">Source link <\/a><\/p>\n","protected":false},"excerpt":{"rendered":"<p>Der urspr\u00fcngliche Plan, dass bei einer Zustimmung die Kreisstadt Greifswald brachliegende Fl\u00e4chen an den Landkreis zur Errichtung von Containerunterk\u00fcnften f\u00fcr Fl\u00fcchtlinge verpachten k\u00f6nnte, wurde nun f\u00fcr zwei Jahre durch einen B\u00fcrgerentscheid gestoppt. Der Landkreis Vorpommern-Greifswald muss nach einem bundesweit geltenden Verteilungsschl\u00fcssel innerhalb des Landes Mecklenburg-Vorpommern 14,9 Prozent der zugewiesenen Gefl\u00fcchteten des Landes aufnehmen. Die verantwortliche [&hellip;]<\/p>\n","protected":false},"author":3,"featured_media":38433,"comment_status":"open","ping_status":"open","sticky":false,"template":"","format":"standard","meta":{"_yoast_indexnow_last_ping":["1687187096"],"wp_automatic_camp":["217"],"5bff8123e513c58b60be51feff281270":["Greifswald: B\u00fcrger sagen Nein zu Containerdorf f\u00fcr Fl\u00fcchlinge"],"original_link":["https:\/\/de.rt.com\/inland\/173033-buergerentscheid-greifswalder-buerger-gegen-verpachtung\/"],"_thumbnail_id":["38433"],"_wptgpro_p2tg_sent2tg":["a:1:{i:23737;s:19:\"2023-06-19 17:06:10\";}"],"jnews_social_counter_last_update":["1777316242"]},"categories":[19,23],"tags":[8956,45779,45780,221,41405,5968,3278],"yoast_head":"<!-- This site is optimized with the Yoast SEO Premium plugin v22.7 (Yoast SEO v22.7) - https:\/\/yoast.com\/wordpress\/plugins\/seo\/ -->\n<title>Greifswald: B\u00fcrger sagen Nein zu Containerdorf f\u00fcr Fl\u00fcchlinge - just-now.NEWS Deutschland<\/title>\n<meta name=\"robots\" content=\"index, follow, max-snippet:-1, max-image-preview:large, max-video-preview:-1\" \/>\n<link rel=\"canonical\" href=\"https:\/\/now-news.de\/de\/deutschland\/greifswald-buerger-sagen-nein-zu-containerdorf-fuer-fluechlinge\/\" \/>\n<meta property=\"og:locale\" content=\"de_DE\" \/>\n<meta property=\"og:type\" content=\"article\" \/>\n<meta property=\"og:title\" content=\"Greifswald: B\u00fcrger sagen Nein zu Containerdorf f\u00fcr Fl\u00fcchlinge\" \/>\n<meta property=\"og:description\" content=\"Der urspr\u00fcngliche Plan, dass bei einer Zustimmung die Kreisstadt Greifswald brachliegende Fl\u00e4chen an den Landkreis zur Errichtung von Containerunterk\u00fcnften f\u00fcr Fl\u00fcchtlinge verpachten k\u00f6nnte, wurde nun f\u00fcr zwei Jahre durch einen B\u00fcrgerentscheid gestoppt. Der Landkreis Vorpommern-Greifswald muss nach einem bundesweit geltenden Verteilungsschl\u00fcssel innerhalb des Landes Mecklenburg-Vorpommern 14,9 Prozent der zugewiesenen Gefl\u00fcchteten des Landes aufnehmen. Die verantwortliche [&hellip;]\" \/>\n<meta property=\"og:url\" content=\"https:\/\/now-news.de\/de\/deutschland\/greifswald-buerger-sagen-nein-zu-containerdorf-fuer-fluechlinge\/\" \/>\n<meta property=\"og:site_name\" content=\"just-now.NEWS Deutschland\" \/>\n<meta property=\"article:publisher\" content=\"https:\/\/www.facebook.com\/wirmachenauf\" \/>\n<meta property=\"article:published_time\" content=\"2023-06-19T14:54:08+00:00\" \/>\n<meta property=\"og:image\" content=\"https:\/\/now-news.de\/de\/wp-content\/uploads\/sites\/3\/2023\/06\/Greifswald-Buerger-sagen-Nein-zu-Containerdorf-fuer-Fluechlinge.jpg\" \/>\n\t<meta property=\"og:image:width\" content=\"460\" \/>\n\t<meta property=\"og:image:height\" content=\"259\" \/>\n\t<meta property=\"og:image:type\" content=\"image\/jpeg\" \/>\n<meta name=\"author\" content=\"rtnews\" \/>\n<meta name=\"twitter:card\" content=\"summary_large_image\" \/>\n<meta name=\"twitter:creator\" content=\"@WirMachenAuf_de\" \/>\n<meta name=\"twitter:site\" content=\"@WirMachenAuf_de\" \/>\n<meta name=\"twitter:label1\" content=\"Verfasst von\" \/>\n\t<meta name=\"twitter:data1\" content=\"rtnews\" \/>\n\t<meta name=\"twitter:label2\" content=\"Gesch\u00e4tzte Lesezeit\" \/>\n\t<meta name=\"twitter:data2\" content=\"3\u00a0Minuten\" \/>\n<script type=\"application\/ld+json\" class=\"yoast-schema-graph\">{\"@context\":\"https:\/\/schema.org\",\"@graph\":[{\"@type\":\"Article\",\"@id\":\"https:\/\/now-news.de\/de\/deutschland\/greifswald-buerger-sagen-nein-zu-containerdorf-fuer-fluechlinge\/#article\",\"isPartOf\":{\"@id\":\"https:\/\/now-news.de\/de\/deutschland\/greifswald-buerger-sagen-nein-zu-containerdorf-fuer-fluechlinge\/\"},\"author\":{\"name\":\"rtnews\",\"@id\":\"https:\/\/now-news.de\/de\/#\/schema\/person\/fb534a4e865501d8b3285208df34a9b5\"},\"headline\":\"Greifswald: B\u00fcrger sagen Nein zu Containerdorf f\u00fcr Fl\u00fcchlinge\",\"datePublished\":\"2023-06-19T14:54:08+00:00\",\"dateModified\":\"2023-06-19T14:54:08+00:00\",\"mainEntityOfPage\":{\"@id\":\"https:\/\/now-news.de\/de\/deutschland\/greifswald-buerger-sagen-nein-zu-containerdorf-fuer-fluechlinge\/\"},\"wordCount\":594,\"commentCount\":0,\"publisher\":{\"@id\":\"https:\/\/now-news.de\/de\/#organization\"},\"image\":{\"@id\":\"https:\/\/now-news.de\/de\/deutschland\/greifswald-buerger-sagen-nein-zu-containerdorf-fuer-fluechlinge\/#primaryimage\"},\"thumbnailUrl\":\"https:\/\/now-news.de\/de\/wp-content\/uploads\/sites\/3\/2023\/06\/Greifswald-Buerger-sagen-Nein-zu-Containerdorf-fuer-Fluechlinge.jpg\",\"keywords\":[\"b\u00fcrger\",\"Containerdorf\",\"Fl\u00fcchlinge\",\"f\u00fcr\",\"Greifswald\",\"Nein\",\"sagen\"],\"articleSection\":[\"Deutschland\",\"Russland\"],\"inLanguage\":\"de\",\"potentialAction\":[{\"@type\":\"CommentAction\",\"name\":\"Comment\",\"target\":[\"https:\/\/now-news.de\/de\/deutschland\/greifswald-buerger-sagen-nein-zu-containerdorf-fuer-fluechlinge\/#respond\"]}]},{\"@type\":\"WebPage\",\"@id\":\"https:\/\/now-news.de\/de\/deutschland\/greifswald-buerger-sagen-nein-zu-containerdorf-fuer-fluechlinge\/\",\"url\":\"https:\/\/now-news.de\/de\/deutschland\/greifswald-buerger-sagen-nein-zu-containerdorf-fuer-fluechlinge\/\",\"name\":\"Greifswald: B\u00fcrger sagen Nein zu Containerdorf f\u00fcr Fl\u00fcchlinge - just-now.NEWS Deutschland\",\"isPartOf\":{\"@id\":\"https:\/\/now-news.de\/de\/#website\"},\"primaryImageOfPage\":{\"@id\":\"https:\/\/now-news.de\/de\/deutschland\/greifswald-buerger-sagen-nein-zu-containerdorf-fuer-fluechlinge\/#primaryimage\"},\"image\":{\"@id\":\"https:\/\/now-news.de\/de\/deutschland\/greifswald-buerger-sagen-nein-zu-containerdorf-fuer-fluechlinge\/#primaryimage\"},\"thumbnailUrl\":\"https:\/\/now-news.de\/de\/wp-content\/uploads\/sites\/3\/2023\/06\/Greifswald-Buerger-sagen-Nein-zu-Containerdorf-fuer-Fluechlinge.jpg\",\"datePublished\":\"2023-06-19T14:54:08+00:00\",\"dateModified\":\"2023-06-19T14:54:08+00:00\",\"breadcrumb\":{\"@id\":\"https:\/\/now-news.de\/de\/deutschland\/greifswald-buerger-sagen-nein-zu-containerdorf-fuer-fluechlinge\/#breadcrumb\"},\"inLanguage\":\"de\",\"potentialAction\":[{\"@type\":\"ReadAction\",\"target\":[\"https:\/\/now-news.de\/de\/deutschland\/greifswald-buerger-sagen-nein-zu-containerdorf-fuer-fluechlinge\/\"]}]},{\"@type\":\"ImageObject\",\"inLanguage\":\"de\",\"@id\":\"https:\/\/now-news.de\/de\/deutschland\/greifswald-buerger-sagen-nein-zu-containerdorf-fuer-fluechlinge\/#primaryimage\",\"url\":\"https:\/\/now-news.de\/de\/wp-content\/uploads\/sites\/3\/2023\/06\/Greifswald-Buerger-sagen-Nein-zu-Containerdorf-fuer-Fluechlinge.jpg\",\"contentUrl\":\"https:\/\/now-news.de\/de\/wp-content\/uploads\/sites\/3\/2023\/06\/Greifswald-Buerger-sagen-Nein-zu-Containerdorf-fuer-Fluechlinge.jpg\",\"width\":460,\"height\":259,\"caption\":\"Greifswald: B\u00fcrger sagen Nein zu Containerdorf f\u00fcr Fl\u00fcchlinge\"},{\"@type\":\"BreadcrumbList\",\"@id\":\"https:\/\/now-news.de\/de\/deutschland\/greifswald-buerger-sagen-nein-zu-containerdorf-fuer-fluechlinge\/#breadcrumb\",\"itemListElement\":[{\"@type\":\"ListItem\",\"position\":1,\"name\":\"Home\",\"item\":\"https:\/\/now-news.de\/de\/\"},{\"@type\":\"ListItem\",\"position\":2,\"name\":\"Greifswald: B\u00fcrger sagen Nein zu Containerdorf f\u00fcr Fl\u00fcchlinge\"}]},{\"@type\":\"WebSite\",\"@id\":\"https:\/\/now-news.de\/de\/#website\",\"url\":\"https:\/\/now-news.de\/de\/\",\"name\":\"just-now.NEWS Deutschland\",\"description\":\"Das Portal f\u00fcr unzensierte Nachrichten aus der Welt\",\"publisher\":{\"@id\":\"https:\/\/now-news.de\/de\/#organization\"},\"potentialAction\":[{\"@type\":\"SearchAction\",\"target\":{\"@type\":\"EntryPoint\",\"urlTemplate\":\"https:\/\/now-news.de\/de\/?s={search_term_string}\"},\"query-input\":\"required name=search_term_string\"}],\"inLanguage\":\"de\"},{\"@type\":\"Organization\",\"@id\":\"https:\/\/now-news.de\/de\/#organization\",\"name\":\"Just Now News\",\"url\":\"https:\/\/now-news.de\/de\/\",\"logo\":{\"@type\":\"ImageObject\",\"inLanguage\":\"de\",\"@id\":\"https:\/\/now-news.de\/de\/#\/schema\/logo\/image\/\",\"url\":\"http:\/\/just-now.news\/de\/wp-content\/uploads\/sites\/3\/2022\/04\/logo500x500.jpg\",\"contentUrl\":\"http:\/\/just-now.news\/de\/wp-content\/uploads\/sites\/3\/2022\/04\/logo500x500.jpg\",\"width\":500,\"height\":500,\"caption\":\"Just Now News\"},\"image\":{\"@id\":\"https:\/\/now-news.de\/de\/#\/schema\/logo\/image\/\"},\"sameAs\":[\"https:\/\/www.facebook.com\/wirmachenauf\",\"https:\/\/x.com\/WirMachenAuf_de\"]},{\"@type\":\"Person\",\"@id\":\"https:\/\/now-news.de\/de\/#\/schema\/person\/fb534a4e865501d8b3285208df34a9b5\",\"name\":\"rtnews\",\"image\":{\"@type\":\"ImageObject\",\"inLanguage\":\"de\",\"@id\":\"https:\/\/now-news.de\/de\/#\/schema\/person\/image\/\",\"url\":\"https:\/\/secure.gravatar.com\/avatar\/82aafea7d8127119dd649515f56e2117?s=96&d=mm&r=g\",\"contentUrl\":\"https:\/\/secure.gravatar.com\/avatar\/82aafea7d8127119dd649515f56e2117?s=96&d=mm&r=g\",\"caption\":\"rtnews\"},\"url\":\"https:\/\/now-news.de\/de\/author\/rnews\/\"}]}<\/script>\n<!-- \/ Yoast SEO Premium plugin. -->","yoast_head_json":{"title":"Greifswald: B\u00fcrger sagen Nein zu Containerdorf f\u00fcr Fl\u00fcchlinge - just-now.NEWS Deutschland","robots":{"index":"index","follow":"follow","max-snippet":"max-snippet:-1","max-image-preview":"max-image-preview:large","max-video-preview":"max-video-preview:-1"},"canonical":"https:\/\/now-news.de\/de\/deutschland\/greifswald-buerger-sagen-nein-zu-containerdorf-fuer-fluechlinge\/","og_locale":"de_DE","og_type":"article","og_title":"Greifswald: B\u00fcrger sagen Nein zu Containerdorf f\u00fcr Fl\u00fcchlinge","og_description":"Der urspr\u00fcngliche Plan, dass bei einer Zustimmung die Kreisstadt Greifswald brachliegende Fl\u00e4chen an den Landkreis zur Errichtung von Containerunterk\u00fcnften f\u00fcr Fl\u00fcchtlinge verpachten k\u00f6nnte, wurde nun f\u00fcr zwei Jahre durch einen B\u00fcrgerentscheid gestoppt. Der Landkreis Vorpommern-Greifswald muss nach einem bundesweit geltenden Verteilungsschl\u00fcssel innerhalb des Landes Mecklenburg-Vorpommern 14,9 Prozent der zugewiesenen Gefl\u00fcchteten des Landes aufnehmen. Die verantwortliche [&hellip;]","og_url":"https:\/\/now-news.de\/de\/deutschland\/greifswald-buerger-sagen-nein-zu-containerdorf-fuer-fluechlinge\/","og_site_name":"just-now.NEWS Deutschland","article_publisher":"https:\/\/www.facebook.com\/wirmachenauf","article_published_time":"2023-06-19T14:54:08+00:00","og_image":[{"width":460,"height":259,"url":"https:\/\/now-news.de\/de\/wp-content\/uploads\/sites\/3\/2023\/06\/Greifswald-Buerger-sagen-Nein-zu-Containerdorf-fuer-Fluechlinge.jpg","type":"image\/jpeg"}],"author":"rtnews","twitter_card":"summary_large_image","twitter_creator":"@WirMachenAuf_de","twitter_site":"@WirMachenAuf_de","twitter_misc":{"Verfasst von":"rtnews","Gesch\u00e4tzte Lesezeit":"3\u00a0Minuten"},"schema":{"@context":"https:\/\/schema.org","@graph":[{"@type":"Article","@id":"https:\/\/now-news.de\/de\/deutschland\/greifswald-buerger-sagen-nein-zu-containerdorf-fuer-fluechlinge\/#article","isPartOf":{"@id":"https:\/\/now-news.de\/de\/deutschland\/greifswald-buerger-sagen-nein-zu-containerdorf-fuer-fluechlinge\/"},"author":{"name":"rtnews","@id":"https:\/\/now-news.de\/de\/#\/schema\/person\/fb534a4e865501d8b3285208df34a9b5"},"headline":"Greifswald: B\u00fcrger sagen Nein zu Containerdorf f\u00fcr Fl\u00fcchlinge","datePublished":"2023-06-19T14:54:08+00:00","dateModified":"2023-06-19T14:54:08+00:00","mainEntityOfPage":{"@id":"https:\/\/now-news.de\/de\/deutschland\/greifswald-buerger-sagen-nein-zu-containerdorf-fuer-fluechlinge\/"},"wordCount":594,"commentCount":0,"publisher":{"@id":"https:\/\/now-news.de\/de\/#organization"},"image":{"@id":"https:\/\/now-news.de\/de\/deutschland\/greifswald-buerger-sagen-nein-zu-containerdorf-fuer-fluechlinge\/#primaryimage"},"thumbnailUrl":"https:\/\/now-news.de\/de\/wp-content\/uploads\/sites\/3\/2023\/06\/Greifswald-Buerger-sagen-Nein-zu-Containerdorf-fuer-Fluechlinge.jpg","keywords":["b\u00fcrger","Containerdorf","Fl\u00fcchlinge","f\u00fcr","Greifswald","Nein","sagen"],"articleSection":["Deutschland","Russland"],"inLanguage":"de","potentialAction":[{"@type":"CommentAction","name":"Comment","target":["https:\/\/now-news.de\/de\/deutschland\/greifswald-buerger-sagen-nein-zu-containerdorf-fuer-fluechlinge\/#respond"]}]},{"@type":"WebPage","@id":"https:\/\/now-news.de\/de\/deutschland\/greifswald-buerger-sagen-nein-zu-containerdorf-fuer-fluechlinge\/","url":"https:\/\/now-news.de\/de\/deutschland\/greifswald-buerger-sagen-nein-zu-containerdorf-fuer-fluechlinge\/","name":"Greifswald: B\u00fcrger sagen Nein zu Containerdorf f\u00fcr Fl\u00fcchlinge - just-now.NEWS Deutschland","isPartOf":{"@id":"https:\/\/now-news.de\/de\/#website"},"primaryImageOfPage":{"@id":"https:\/\/now-news.de\/de\/deutschland\/greifswald-buerger-sagen-nein-zu-containerdorf-fuer-fluechlinge\/#primaryimage"},"image":{"@id":"https:\/\/now-news.de\/de\/deutschland\/greifswald-buerger-sagen-nein-zu-containerdorf-fuer-fluechlinge\/#primaryimage"},"thumbnailUrl":"https:\/\/now-news.de\/de\/wp-content\/uploads\/sites\/3\/2023\/06\/Greifswald-Buerger-sagen-Nein-zu-Containerdorf-fuer-Fluechlinge.jpg","datePublished":"2023-06-19T14:54:08+00:00","dateModified":"2023-06-19T14:54:08+00:00","breadcrumb":{"@id":"https:\/\/now-news.de\/de\/deutschland\/greifswald-buerger-sagen-nein-zu-containerdorf-fuer-fluechlinge\/#breadcrumb"},"inLanguage":"de","potentialAction":[{"@type":"ReadAction","target":["https:\/\/now-news.de\/de\/deutschland\/greifswald-buerger-sagen-nein-zu-containerdorf-fuer-fluechlinge\/"]}]},{"@type":"ImageObject","inLanguage":"de","@id":"https:\/\/now-news.de\/de\/deutschland\/greifswald-buerger-sagen-nein-zu-containerdorf-fuer-fluechlinge\/#primaryimage","url":"https:\/\/now-news.de\/de\/wp-content\/uploads\/sites\/3\/2023\/06\/Greifswald-Buerger-sagen-Nein-zu-Containerdorf-fuer-Fluechlinge.jpg","contentUrl":"https:\/\/now-news.de\/de\/wp-content\/uploads\/sites\/3\/2023\/06\/Greifswald-Buerger-sagen-Nein-zu-Containerdorf-fuer-Fluechlinge.jpg","width":460,"height":259,"caption":"Greifswald: B\u00fcrger sagen Nein zu Containerdorf f\u00fcr Fl\u00fcchlinge"},{"@type":"BreadcrumbList","@id":"https:\/\/now-news.de\/de\/deutschland\/greifswald-buerger-sagen-nein-zu-containerdorf-fuer-fluechlinge\/#breadcrumb","itemListElement":[{"@type":"ListItem","position":1,"name":"Home","item":"https:\/\/now-news.de\/de\/"},{"@type":"ListItem","position":2,"name":"Greifswald: B\u00fcrger sagen Nein zu Containerdorf f\u00fcr Fl\u00fcchlinge"}]},{"@type":"WebSite","@id":"https:\/\/now-news.de\/de\/#website","url":"https:\/\/now-news.de\/de\/","name":"just-now.NEWS Deutschland","description":"Das Portal f\u00fcr unzensierte Nachrichten aus der Welt","publisher":{"@id":"https:\/\/now-news.de\/de\/#organization"},"potentialAction":[{"@type":"SearchAction","target":{"@type":"EntryPoint","urlTemplate":"https:\/\/now-news.de\/de\/?s={search_term_string}"},"query-input":"required name=search_term_string"}],"inLanguage":"de"},{"@type":"Organization","@id":"https:\/\/now-news.de\/de\/#organization","name":"Just Now News","url":"https:\/\/now-news.de\/de\/","logo":{"@type":"ImageObject","inLanguage":"de","@id":"https:\/\/now-news.de\/de\/#\/schema\/logo\/image\/","url":"http:\/\/just-now.news\/de\/wp-content\/uploads\/sites\/3\/2022\/04\/logo500x500.jpg","contentUrl":"http:\/\/just-now.news\/de\/wp-content\/uploads\/sites\/3\/2022\/04\/logo500x500.jpg","width":500,"height":500,"caption":"Just Now News"},"image":{"@id":"https:\/\/now-news.de\/de\/#\/schema\/logo\/image\/"},"sameAs":["https:\/\/www.facebook.com\/wirmachenauf","https:\/\/x.com\/WirMachenAuf_de"]},{"@type":"Person","@id":"https:\/\/now-news.de\/de\/#\/schema\/person\/fb534a4e865501d8b3285208df34a9b5","name":"rtnews","image":{"@type":"ImageObject","inLanguage":"de","@id":"https:\/\/now-news.de\/de\/#\/schema\/person\/image\/","url":"https:\/\/secure.gravatar.com\/avatar\/82aafea7d8127119dd649515f56e2117?s=96&d=mm&r=g","contentUrl":"https:\/\/secure.gravatar.com\/avatar\/82aafea7d8127119dd649515f56e2117?s=96&d=mm&r=g","caption":"rtnews"},"url":"https:\/\/now-news.de\/de\/author\/rnews\/"}]}},"_links":{"self":[{"href":"https:\/\/now-news.de\/de\/wp-json\/wp\/v2\/posts\/38432"}],"collection":[{"href":"https:\/\/now-news.de\/de\/wp-json\/wp\/v2\/posts"}],"about":[{"href":"https:\/\/now-news.de\/de\/wp-json\/wp\/v2\/types\/post"}],"author":[{"embeddable":true,"href":"https:\/\/now-news.de\/de\/wp-json\/wp\/v2\/users\/3"}],"replies":[{"embeddable":true,"href":"https:\/\/now-news.de\/de\/wp-json\/wp\/v2\/comments?post=38432"}],"version-history":[{"count":0,"href":"https:\/\/now-news.de\/de\/wp-json\/wp\/v2\/posts\/38432\/revisions"}],"wp:featuredmedia":[{"embeddable":true,"href":"https:\/\/now-news.de\/de\/wp-json\/wp\/v2\/media\/38433"}],"wp:attachment":[{"href":"https:\/\/now-news.de\/de\/wp-json\/wp\/v2\/media?parent=38432"}],"wp:term":[{"taxonomy":"category","embeddable":true,"href":"https:\/\/now-news.de\/de\/wp-json\/wp\/v2\/categories?post=38432"},{"taxonomy":"post_tag","embeddable":true,"href":"https:\/\/now-news.de\/de\/wp-json\/wp\/v2\/tags?post=38432"}],"curies":[{"name":"wp","href":"https:\/\/api.w.org\/{rel}","templated":true}]}}