{"id":38366,"date":"2023-06-18T12:24:33","date_gmt":"2023-06-18T10:24:33","guid":{"rendered":"https:\/\/just-now.news\/de\/deutschland\/alle-wollen-frieden-und-deutschland-zieht-in-den-krieg\/"},"modified":"2023-06-18T12:24:33","modified_gmt":"2023-06-18T10:24:33","slug":"alle-wollen-frieden-und-deutschland-zieht-in-den-krieg","status":"publish","type":"post","link":"https:\/\/now-news.de\/de\/deutschland\/alle-wollen-frieden-und-deutschland-zieht-in-den-krieg\/","title":{"rendered":"Alle wollen Frieden \u2013 und Deutschland zieht in den Krieg"},"content":{"rendered":"<p><img decoding=\"async\" src=\"http:\/\/just-now.news\/de\/wp-content\/uploads\/sites\/3\/2023\/06\/648d5ed648fbef7f7d563fe1.jpg\" \/><\/p>\n<div class=\"Text-root Text-type_1 \">\n                Obwohl alle am Konflikt beteiligten Parteien beteuern, Frieden zu wollen, geht der Krieg in der Ukraine weiter. Jede Seite hat andere Vorstellungen vom Frieden und den Bedingungen f\u00fcr Verhandlungen. Warum hat die deutsche Friedensbewegung keinen Einfluss auf die Entwicklung?\n            <\/div>\n<p><\/p>\n<div class=\"Text-root Text-type_5 ArticleView-text ViewText-root \">\n<p><em>von R\u00fcdiger Rauls<\/em><\/p>\n<p>Schuld am Krieg sind immer die anderen, denn niemand will Krieg, und dennoch ist er allgegenw\u00e4rtig. Es ist ein beliebter Ansatz, die R\u00fcstungsindustrie als Triebfeder hinter den Kriegen zu sehen. Das entspricht aber nicht den Gegebenheiten. Zwar sind die Waffenschmieden unbestritten jener Wirtschaftszweig, der am meisten am Krieg verdient, aber sie machen nur einen geringen Prozentsatz der Wirtschaftsleistung der Industriestaaten aus. In Deutschland betrugen die Ausgaben f\u00fcr das Milit\u00e4r insgesamt in den vergangenen zehn Jahren im Schnitt etwa 1,2 Prozent des Staatshaushalts.<\/p>\n<p><strong>Die Wirtschaft will keinen Krieg<\/strong><\/p>\n<p>Diese Gelder kamen aber nicht nur der inl\u00e4ndischen R\u00fcstungsindustrie zugute. Ein gro\u00dfer Teil davon wurde f\u00fcr ausl\u00e4ndische Waffensysteme ausgegeben. Das bedeutet, dass die deutsche R\u00fcstungsindustrie sich die deutschen Verteidigungsausgaben mit ausl\u00e4ndischen Konkurrenten teilen muss. Hinzu kommt, dass R\u00fcstungsg\u00fcter bei den meisten Waffenherstellern nicht das Kerngesch\u00e4ft ausmachen. Beim Flugzeughersteller Airbus macht der Anteil der R\u00fcstung nur etwa 20 Prozent am Gesamtumsatz aus, und selbst der Leopard-Bauer Rheinmetall macht einen nicht unwesentlichen Teil seines Umsatzes mit der Herstellung ziviler Produkte, zum Beispiel mit W\u00e4rmepumpen.<\/p>\n<p>Der \u00fcberwiegende Teil der Wirtschaft hat vom Krieg wenige Vorteile. Er ist teuer, und Verlauf wie auch Ergebnis sind nicht abzusch\u00e4tzen. Denn Krieg f\u00fchrt nicht immer zum Sieg, er kann auch in der Niederlage enden. Das wei\u00df man in der Wirtschaft, besonders in der deutschen, die zwar an zwei Weltkriegen gut verdient hatte, danach aber durch die Zerst\u00f6rung der eigenen Industrieanlagen und Auflagen der Siegerm\u00e4chte zur\u00fcckgeworfen worden war.<\/p>\n<p>Der \u00fcberwiegende Teil der deutschen Industrieprodukte nach 1945 dienten und dienen der Zivilwirtschaft, nicht dem Krieg. Damit wird Gewinn gemacht. R\u00fcstung ist f\u00fcr die meisten Unternehmen ein Randgesch\u00e4ft, das man aber gerne mitnimmt, wenn daraus Gewinne zu erzielen sind. Doch selbst heute, in Zeiten der Konfrontation mit Russland und den zunehmenden Spannungen mit China, steht die deutsche wie auch die europ\u00e4ische Wirtschaft dieser Entwicklung nicht erfreut gegen\u00fcber. M\u00e4rkte brechen weg, gewaltige Ums\u00e4tze gehen verlogen.<\/p>\n<p>Abgesehen von der R\u00fcstungsindustrie hat die Wirtschaft insgesamt mehr Interesse am Frieden als am Krieg. Friedenszeiten sind die Zeiten f\u00fcr Investitionen, Handel und Ausweitung der Wirtschaftst\u00e4tigkeit, nicht die Kriegszeiten. Deshalb warten die meisten Unternehmen auf das Ende eines Krieges, ehe sie beginnen zu investieren. Bis auf Rheinmetall gilt das auch f\u00fcr den Ukraine-Krieg.<\/p>\n<p><strong>Worte als Waffen<\/strong><\/p>\n<p>Medienkonzerne haben gr\u00f6\u00dferen Einfluss auf Krieg oder Frieden als Waffenhersteller. Es ist die feindselige Haltung von Meinungsmachern in Politik, Medien und Kultur, die Unfrieden stiftet und Zwietracht s\u00e4t. Sie vergiften nicht nur das Verh\u00e4ltnis gegen\u00fcber anderen Staaten sondern auch unter den gesellschaftlichen Gruppen im eigenen Land.<\/p>\n<p>Sie machen Stimmungen, weil sie als Medien an den \u00c4ngsten der Menschen verdienen, die sie selbst verbreiten. Sie schaffen Feindbilder, weil sie als Politiker den Menschen einreden, sie vor diesen Feinden zu besch\u00fctzen. Sie entwerfen Theorien, Weltbilder und Elitedenken, weil sie sich als Wissenschaftler und Kulturschaffende anderen intellektuell und moralisch \u00fcberlegen f\u00fchlen.<\/p>\n<p>Der Ukraine-Krieg w\u00e4re vermeidbar gewesen, wenn der Westen die Sicherheitsinteressen Russlands ebenso respektiert h\u00e4tte, wie er es f\u00fcr die eigenen erwartet. Besonders das westliche Vormachtstreben und seine Uneinsichtigkeit gegen\u00fcber den Interessen anderer V\u00f6lker und Staaten waren seit dem Ende des Zweiten Weltkriegs die Ursache der meisten Kriege gewesen. Diese h\u00e4tten gr\u00f6\u00dftenteils verhindert werden k\u00f6nnen, h\u00e4tte auf westlicher Seite mehr Bereitschaft zum ehrlichem Dialog bestanden und weniger Feindseligkeit.<\/p>\n<p><strong>Vorstellungen und M\u00f6glichkeiten<\/strong><\/p>\n<p>Die Vorstellungen vom Frieden sind bei allen Beteiligten unterschiedlich. F\u00fcr Russland geht es darum, dass von ukrainischem Gebiet keine Gefahr mehr f\u00fcr die eigene Sicherheit ausgeht. Deshalb will es vornehmlich die Entmilitarisierung der Ukraine erreichen. Sie darf kein Aufmarschgebiet f\u00fcr die NATO werden. Zudem fordert Russland die Anerkennung der neuen politischen Realit\u00e4ten im Donbass und auf der Krim, weil die Bev\u00f6lkerung sich daf\u00fcr ausgesprochen hat.<\/p>\n<p>Aus der Sicht der Ukraine bedeutet Frieden, wenn der territoriale Zustand von 1991 wiederhergestellt ist und die russische Armee all diese Gebiete ger\u00e4umt hat. Ihr ist aber auch klar, dass sie diese Ziele ohne Unterst\u00fctzung des Westens nicht erreichbar sind. Sie wei\u00df um ihre Abh\u00e4ngigkeit von westlichen Waffenlieferungen, weil sie \u2013 anderes als Russland \u2013 \u00fcber keine wesentliche Waffenproduktion verf\u00fcgt. Unter diesen Bedingungen steigen ihre Forderungen gegen\u00fcber dem Westen, was Art und Umfang der Waffenlieferungen angeht.<\/p>\n<p>Im Westen ist die Lage uneinheitlicher. Starke Kr\u00e4fte in der Politik und besonders den Medien wollen eine Niederlage Russlands, von der es sich nie wieder erholen soll. Auch gro\u00dfe Teile der westlichen Bev\u00f6lkerung f\u00fchlen sich von Russland bedroht. F\u00fcr sie alle ist der Frieden wiederhergestellt, wenn Russland die Ukraine verl\u00e4sst \u2013 entweder aufgrund wirtschaftlicher und milit\u00e4rischer Ersch\u00f6pfung, am besten aber aufgrund eines Regime-Changes in Russland. Aus deren Sicht ist es folgerichtig zu glauben, durch umfangreichere Waffenlieferungen dem Frieden n\u00e4her zu kommen.<\/p>\n<p>Jedoch ist fraglich, ob es diesen Kr\u00e4ften wirklich um das Schicksal der Ukrainer geht. Bei ihnen handelt es sich viel eher um von Ideologie oder Feindseligkeit Getriebene. Ihnen geht es weniger um den Sieg der Ukraine als vielmehr um die Niederlage und den Untergang Russlands. Sie sind unerbittlich feindselig oder im Falle der Gr\u00fcnen selbstgerecht.<\/p>\n<p>Deshalb gibt es f\u00fcr sie auch kein Zur\u00fcck, kein Einlenken und keine Verhandlungen. Auf dem R\u00fccken der Ukrainer lassen sie bis zum bitteren Ende k\u00e4mpfen. Und weil sie schon so viel in den Sieg investiert haben, wird weiter geliefert, was die Arsenale hergeben. Denn nichts w\u00e4re unertr\u00e4glicher f\u00fcr sie als die Vorstellung, dass die Ukraine kurz vor dem Untergang Russlands kapitulieren k\u00f6nnte.<\/p>\n<p>F\u00fcr diese Kr\u00e4fte im Westen endet der Krieg erst, wenn keine Waffen mehr geschickt werden k\u00f6nnen oder die Ukraine aufgrund personeller Ersch\u00f6pfung beziehungsweise der Kriegsm\u00fcdigkeit der Bev\u00f6lkerung zusammenbricht. Die ukrainische F\u00fchrung wird so lange weiterk\u00e4mpfen, wie der Westen mitspielt. Denn sie verfolgt ihre Interessen, die sie als die Interessen des Landes und der Bev\u00f6lkerung ansieht.<\/p>\n<p><strong>Werteorientiert<\/strong><\/p>\n<p>Die Stimmen, die eine Verhandlungsl\u00f6sung zwischen Russland und der Ukraine fordern, haben wenig Gewicht. Die Bewegung, die Sahra Wagenknecht und Alice Schwarzer angesto\u00dfen haben, hat das gesellschaftliche Potenzial, das vorhanden war, nicht zu nutzen gewusst. Ihren gro\u00dfen Ank\u00fcndigungen auf der Demonstration Ende Februar in Berlin lie\u00dfen sie keine Taten folgen.<\/p>\n<p>Das liegt nicht zuletzt an der Widerspr\u00fcchlichkeit der eigenen Argumentation und ihrem werteorientierten Ansatz. Sie wollen das T\u00f6ten auf beiden Seiten beenden, was ehrenhaft ist. Aber auf die M\u00e4chtigen dieser Welt macht das wenig Eindruck. Die deutsche Friedensbewegung \u00fcberl\u00e4sst diesen allein die Initiative, eigenst\u00e4ndige Handlungsm\u00f6glichkeiten entwickelt sie nicht.<\/p>\n<p>In ihrem &#8220;<a rel=\"nofollow noopener\" target=\"_blank\" href=\"https:\/\/www.sonnenseite.com\/wp-content\/uploads\/2023\/02\/Manifest_fuer_Frieden.pdf\">Manifest f\u00fcr den Frieden<\/a>&#8221; argumentieren sie \u00e4hnlich wie die Kriegsbef\u00fcrworter im Westen. Sie beschuldigen Russland des Angriffskriegs und sprechen davon, dass &#8220;Frauen vergewaltigt, Kinder ver\u00e4ngstigt, ein ganzes Volk traumatisiert wurde&#8221;. Deshalb fordern sie: &#8220;Die von Russland brutal \u00fcberfallene ukrainische Bev\u00f6lkerung braucht unsere Solidarit\u00e4t.&#8221; Man will den Eindruck vermeiden, auf Russlands Seite zu stehen.<\/p>\n<p>Dem Gro\u00dfteil der deutschen Bev\u00f6lkerung ist der Krieg egal, solange er nicht auf Deutschland \u00fcbergreift und nicht zu einem Atom- oder Dritten Weltkrieg f\u00fchrt. Und solange die USA keine weitreichenden Waffen schicken, d\u00fcrfte diese Gefahr begrenzt sein. Die Bev\u00f6lkerung ist nicht f\u00fcr den Krieg, wei\u00df aber besser als die Werteorientierten um Wagenknecht, dass Friedensappelle an der Situation nichts \u00e4ndern werden. Au\u00dferdem: Wenn Russland der Angreifer ist, wieso sollte man sich dann als deutscher B\u00fcrger f\u00fcr Verhandlungen einsetzen? Die meisten ahnen, dass sie sich damit in Gefahr bringen, im eigenen Umfeld als &#8220;Putinversteher&#8221; gebrandmarkt zu werden oder gar ins Visier der Justiz zu gelangen. Das ist es ihnen nicht wert.<\/p>\n<p><strong>Interessenorientierung<\/strong><\/p>\n<p>Der gr\u00f6\u00dfte Teil der Bev\u00f6lkerung denkt nicht werteorientiert, f\u00fcr ihn stehen die eigenen Interessen im Vordergrund. Wer diesen Teil der Bev\u00f6lkerung erreichen will, muss die wirtschaftlichen Folgen des Krieges hervorheben. Ohne die aktive Unterst\u00fctzung eines bedeutenden Teils der Menschen wird die deutsche Regierung nicht zum Umdenken gezwungen. Das gelingt aber nicht, wenn man die Bev\u00f6lkerung in einer Frage, die die eigenen Interessen nicht ber\u00fchrt, in Konflikt mit der Regierungsmacht bringt.<\/p>\n<p>Das Interesse der kleinen Leute im heutigen Konflikt l\u00e4sst sich auf einen einfachen Nenner bringen: &#8220;Keinen Euro f\u00fcr den Krieg!&#8221; Wir brauchen das Geld zur Linderung der Not im eigenen Land, zur Unterst\u00fctzung der Menschen gegen die immer unertr\u00e4glicheren Preissteigungen von Lebensmitteln und Energie. Zur Unterst\u00fctzung der Tafeln. Zur F\u00f6rderung des Wohnungsbaus. Zur Verbesserung der Gesundheitsversorgung, wo mittlerweile sogar Medikamente knapp werden. \u00dcberall herrscht Mangel. Nur f\u00fcr den Krieg scheint Geld im \u00dcberfluss vorhanden.<\/p>\n<p>Schwarzer und Wagenknecht sind abgetaucht. Sie haben kein politisches Konzept. Ihre Werteorientierung hat sie in eine Sackgasse gef\u00fchrt. Dabei haben sie die Schl\u00fcssel in der Hand. Ihre Petition hat 800.000 Unterst\u00fctzer. Das sind nicht nur Unterschriften. Das sind auch Kontakte. Diese Kontakte haben sie bisher nicht genutzt. Sie b\u00f6ten die M\u00f6glichkeit, lokale Unterst\u00fctzergruppen ins Leben zu rufen, die vor Ort f\u00fcr Bewegung sorgen k\u00f6nnten.<\/p>\n<p>Vor allem besteht auf diesem Wege die M\u00f6glichkeit, Veranstaltungen zu organisieren und den Protest auf die Stra\u00dfe zu bringen, vielleicht zuerst nur lokal, perspektivisch aber regional und bundesweit. Aber es muss klar sein, dass es dabei nicht um allgemeine Friedensappelle geht, sondern um den Protest der Menschen gegen die steigenden Preise und die Bedrohung ihrer Lebensgrundlagen. \u00dcber den Frieden in der Ukraine wird nicht bei uns entschieden, aber dar\u00fcber ob unsere Steuergelder zur Linderung von Not oder zur Finanzierung des Krieges eingesetzt werden.<\/p>\n<p><strong>Mehr zum Thema<\/strong> &#8211; <a rel=\"nofollow noopener\" target=\"_blank\" href=\"https:\/\/test.rtde.life\/meinung\/172169-risse-im-block-leben-eigener\/\">Risse im Block \u2013 Das Leben eigener Soldaten will der Westen in der Ukraine nicht riskieren<\/a><\/p>\n<\/div>\n<p><br \/>\n<br \/><a href=\"https:\/\/de.rt.com\/meinung\/172855-alle-wollen-frieden\/\">Source link <\/a><\/p>\n","protected":false},"excerpt":{"rendered":"<p>Obwohl alle am Konflikt beteiligten Parteien beteuern, Frieden zu wollen, geht der Krieg in der Ukraine weiter. Jede Seite hat andere Vorstellungen vom Frieden und den Bedingungen f\u00fcr Verhandlungen. Warum hat die deutsche Friedensbewegung keinen Einfluss auf die Entwicklung? von R\u00fcdiger Rauls Schuld am Krieg sind immer die anderen, denn niemand will Krieg, und dennoch [&hellip;]<\/p>\n","protected":false},"author":3,"featured_media":38367,"comment_status":"open","ping_status":"open","sticky":false,"template":"","format":"standard","meta":{"_yoast_indexnow_last_ping":["1687083957"],"wp_automatic_camp":["217"],"e119900c05abf2762c251ede5962cb3c":["Alle wollen Frieden \u2013 und Deutschland zieht in den Krieg"],"original_link":["https:\/\/de.rt.com\/meinung\/172855-alle-wollen-frieden\/"],"_thumbnail_id":["38367"],"_wptgpro_p2tg_sent2tg":["a:1:{i:23737;s:19:\"2023-06-18 12:27:00\";}"],"jnews_social_counter_last_update":["1777109850"]},"categories":[19,23],"tags":[271,48,179,614,130,140,1050,20511],"yoast_head":"<!-- This site is optimized with the Yoast SEO Premium plugin v22.7 (Yoast SEO v22.7) - https:\/\/yoast.com\/wordpress\/plugins\/seo\/ -->\n<title>Alle wollen Frieden \u2013 und Deutschland zieht in den Krieg - just-now.NEWS Deutschland<\/title>\n<meta name=\"robots\" content=\"index, follow, max-snippet:-1, max-image-preview:large, max-video-preview:-1\" \/>\n<link rel=\"canonical\" href=\"https:\/\/now-news.de\/de\/deutschland\/alle-wollen-frieden-und-deutschland-zieht-in-den-krieg\/\" \/>\n<meta property=\"og:locale\" content=\"de_DE\" \/>\n<meta property=\"og:type\" content=\"article\" \/>\n<meta property=\"og:title\" content=\"Alle wollen Frieden \u2013 und Deutschland zieht in den Krieg\" \/>\n<meta property=\"og:description\" content=\"Obwohl alle am Konflikt beteiligten Parteien beteuern, Frieden zu wollen, geht der Krieg in der Ukraine weiter. Jede Seite hat andere Vorstellungen vom Frieden und den Bedingungen f\u00fcr Verhandlungen. Warum hat die deutsche Friedensbewegung keinen Einfluss auf die Entwicklung? von R\u00fcdiger Rauls Schuld am Krieg sind immer die anderen, denn niemand will Krieg, und dennoch [&hellip;]\" \/>\n<meta property=\"og:url\" content=\"https:\/\/now-news.de\/de\/deutschland\/alle-wollen-frieden-und-deutschland-zieht-in-den-krieg\/\" \/>\n<meta property=\"og:site_name\" content=\"just-now.NEWS Deutschland\" \/>\n<meta property=\"article:publisher\" content=\"https:\/\/www.facebook.com\/wirmachenauf\" \/>\n<meta property=\"article:published_time\" content=\"2023-06-18T10:24:33+00:00\" \/>\n<meta property=\"og:image\" content=\"https:\/\/now-news.de\/de\/wp-content\/uploads\/sites\/3\/2023\/06\/Alle-wollen-Frieden-\u2013-und-Deutschland-zieht-in-den-Krieg.jpg\" \/>\n\t<meta property=\"og:image:width\" content=\"460\" \/>\n\t<meta property=\"og:image:height\" content=\"259\" \/>\n\t<meta property=\"og:image:type\" content=\"image\/jpeg\" \/>\n<meta name=\"author\" content=\"rtnews\" \/>\n<meta name=\"twitter:card\" content=\"summary_large_image\" \/>\n<meta name=\"twitter:creator\" content=\"@WirMachenAuf_de\" \/>\n<meta name=\"twitter:site\" content=\"@WirMachenAuf_de\" \/>\n<meta name=\"twitter:label1\" content=\"Verfasst von\" \/>\n\t<meta name=\"twitter:data1\" content=\"rtnews\" \/>\n\t<meta name=\"twitter:label2\" content=\"Gesch\u00e4tzte Lesezeit\" \/>\n\t<meta name=\"twitter:data2\" content=\"8\u00a0Minuten\" \/>\n<script type=\"application\/ld+json\" class=\"yoast-schema-graph\">{\"@context\":\"https:\/\/schema.org\",\"@graph\":[{\"@type\":\"Article\",\"@id\":\"https:\/\/now-news.de\/de\/deutschland\/alle-wollen-frieden-und-deutschland-zieht-in-den-krieg\/#article\",\"isPartOf\":{\"@id\":\"https:\/\/now-news.de\/de\/deutschland\/alle-wollen-frieden-und-deutschland-zieht-in-den-krieg\/\"},\"author\":{\"name\":\"rtnews\",\"@id\":\"https:\/\/now-news.de\/de\/#\/schema\/person\/fb534a4e865501d8b3285208df34a9b5\"},\"headline\":\"Alle wollen Frieden \u2013 und Deutschland zieht in den Krieg\",\"datePublished\":\"2023-06-18T10:24:33+00:00\",\"dateModified\":\"2023-06-18T10:24:33+00:00\",\"mainEntityOfPage\":{\"@id\":\"https:\/\/now-news.de\/de\/deutschland\/alle-wollen-frieden-und-deutschland-zieht-in-den-krieg\/\"},\"wordCount\":1688,\"commentCount\":0,\"publisher\":{\"@id\":\"https:\/\/now-news.de\/de\/#organization\"},\"image\":{\"@id\":\"https:\/\/now-news.de\/de\/deutschland\/alle-wollen-frieden-und-deutschland-zieht-in-den-krieg\/#primaryimage\"},\"thumbnailUrl\":\"https:\/\/now-news.de\/de\/wp-content\/uploads\/sites\/3\/2023\/06\/Alle-wollen-Frieden-\u2013-und-Deutschland-zieht-in-den-Krieg.jpg\",\"keywords\":[\"ALLE\",\"den\",\"Deutschland\",\"Frieden\",\"krieg\",\"und\",\"wollen\",\"zieht\"],\"articleSection\":[\"Deutschland\",\"Russland\"],\"inLanguage\":\"de\",\"potentialAction\":[{\"@type\":\"CommentAction\",\"name\":\"Comment\",\"target\":[\"https:\/\/now-news.de\/de\/deutschland\/alle-wollen-frieden-und-deutschland-zieht-in-den-krieg\/#respond\"]}]},{\"@type\":\"WebPage\",\"@id\":\"https:\/\/now-news.de\/de\/deutschland\/alle-wollen-frieden-und-deutschland-zieht-in-den-krieg\/\",\"url\":\"https:\/\/now-news.de\/de\/deutschland\/alle-wollen-frieden-und-deutschland-zieht-in-den-krieg\/\",\"name\":\"Alle wollen Frieden \u2013 und Deutschland zieht in den Krieg - just-now.NEWS Deutschland\",\"isPartOf\":{\"@id\":\"https:\/\/now-news.de\/de\/#website\"},\"primaryImageOfPage\":{\"@id\":\"https:\/\/now-news.de\/de\/deutschland\/alle-wollen-frieden-und-deutschland-zieht-in-den-krieg\/#primaryimage\"},\"image\":{\"@id\":\"https:\/\/now-news.de\/de\/deutschland\/alle-wollen-frieden-und-deutschland-zieht-in-den-krieg\/#primaryimage\"},\"thumbnailUrl\":\"https:\/\/now-news.de\/de\/wp-content\/uploads\/sites\/3\/2023\/06\/Alle-wollen-Frieden-\u2013-und-Deutschland-zieht-in-den-Krieg.jpg\",\"datePublished\":\"2023-06-18T10:24:33+00:00\",\"dateModified\":\"2023-06-18T10:24:33+00:00\",\"breadcrumb\":{\"@id\":\"https:\/\/now-news.de\/de\/deutschland\/alle-wollen-frieden-und-deutschland-zieht-in-den-krieg\/#breadcrumb\"},\"inLanguage\":\"de\",\"potentialAction\":[{\"@type\":\"ReadAction\",\"target\":[\"https:\/\/now-news.de\/de\/deutschland\/alle-wollen-frieden-und-deutschland-zieht-in-den-krieg\/\"]}]},{\"@type\":\"ImageObject\",\"inLanguage\":\"de\",\"@id\":\"https:\/\/now-news.de\/de\/deutschland\/alle-wollen-frieden-und-deutschland-zieht-in-den-krieg\/#primaryimage\",\"url\":\"https:\/\/now-news.de\/de\/wp-content\/uploads\/sites\/3\/2023\/06\/Alle-wollen-Frieden-\u2013-und-Deutschland-zieht-in-den-Krieg.jpg\",\"contentUrl\":\"https:\/\/now-news.de\/de\/wp-content\/uploads\/sites\/3\/2023\/06\/Alle-wollen-Frieden-\u2013-und-Deutschland-zieht-in-den-Krieg.jpg\",\"width\":460,\"height\":259,\"caption\":\"Alle wollen Frieden \u2013 und Deutschland zieht in den Krieg\"},{\"@type\":\"BreadcrumbList\",\"@id\":\"https:\/\/now-news.de\/de\/deutschland\/alle-wollen-frieden-und-deutschland-zieht-in-den-krieg\/#breadcrumb\",\"itemListElement\":[{\"@type\":\"ListItem\",\"position\":1,\"name\":\"Home\",\"item\":\"https:\/\/now-news.de\/de\/\"},{\"@type\":\"ListItem\",\"position\":2,\"name\":\"Alle wollen Frieden \u2013 und Deutschland zieht in den Krieg\"}]},{\"@type\":\"WebSite\",\"@id\":\"https:\/\/now-news.de\/de\/#website\",\"url\":\"https:\/\/now-news.de\/de\/\",\"name\":\"just-now.NEWS Deutschland\",\"description\":\"Das Portal f\u00fcr unzensierte Nachrichten aus der Welt\",\"publisher\":{\"@id\":\"https:\/\/now-news.de\/de\/#organization\"},\"potentialAction\":[{\"@type\":\"SearchAction\",\"target\":{\"@type\":\"EntryPoint\",\"urlTemplate\":\"https:\/\/now-news.de\/de\/?s={search_term_string}\"},\"query-input\":\"required name=search_term_string\"}],\"inLanguage\":\"de\"},{\"@type\":\"Organization\",\"@id\":\"https:\/\/now-news.de\/de\/#organization\",\"name\":\"Just Now News\",\"url\":\"https:\/\/now-news.de\/de\/\",\"logo\":{\"@type\":\"ImageObject\",\"inLanguage\":\"de\",\"@id\":\"https:\/\/now-news.de\/de\/#\/schema\/logo\/image\/\",\"url\":\"http:\/\/just-now.news\/de\/wp-content\/uploads\/sites\/3\/2022\/04\/logo500x500.jpg\",\"contentUrl\":\"http:\/\/just-now.news\/de\/wp-content\/uploads\/sites\/3\/2022\/04\/logo500x500.jpg\",\"width\":500,\"height\":500,\"caption\":\"Just Now News\"},\"image\":{\"@id\":\"https:\/\/now-news.de\/de\/#\/schema\/logo\/image\/\"},\"sameAs\":[\"https:\/\/www.facebook.com\/wirmachenauf\",\"https:\/\/x.com\/WirMachenAuf_de\"]},{\"@type\":\"Person\",\"@id\":\"https:\/\/now-news.de\/de\/#\/schema\/person\/fb534a4e865501d8b3285208df34a9b5\",\"name\":\"rtnews\",\"image\":{\"@type\":\"ImageObject\",\"inLanguage\":\"de\",\"@id\":\"https:\/\/now-news.de\/de\/#\/schema\/person\/image\/\",\"url\":\"https:\/\/secure.gravatar.com\/avatar\/82aafea7d8127119dd649515f56e2117?s=96&d=mm&r=g\",\"contentUrl\":\"https:\/\/secure.gravatar.com\/avatar\/82aafea7d8127119dd649515f56e2117?s=96&d=mm&r=g\",\"caption\":\"rtnews\"},\"url\":\"https:\/\/now-news.de\/de\/author\/rnews\/\"}]}<\/script>\n<!-- \/ Yoast SEO Premium plugin. -->","yoast_head_json":{"title":"Alle wollen Frieden \u2013 und Deutschland zieht in den Krieg - just-now.NEWS Deutschland","robots":{"index":"index","follow":"follow","max-snippet":"max-snippet:-1","max-image-preview":"max-image-preview:large","max-video-preview":"max-video-preview:-1"},"canonical":"https:\/\/now-news.de\/de\/deutschland\/alle-wollen-frieden-und-deutschland-zieht-in-den-krieg\/","og_locale":"de_DE","og_type":"article","og_title":"Alle wollen Frieden \u2013 und Deutschland zieht in den Krieg","og_description":"Obwohl alle am Konflikt beteiligten Parteien beteuern, Frieden zu wollen, geht der Krieg in der Ukraine weiter. Jede Seite hat andere Vorstellungen vom Frieden und den Bedingungen f\u00fcr Verhandlungen. Warum hat die deutsche Friedensbewegung keinen Einfluss auf die Entwicklung? von R\u00fcdiger Rauls Schuld am Krieg sind immer die anderen, denn niemand will Krieg, und dennoch [&hellip;]","og_url":"https:\/\/now-news.de\/de\/deutschland\/alle-wollen-frieden-und-deutschland-zieht-in-den-krieg\/","og_site_name":"just-now.NEWS Deutschland","article_publisher":"https:\/\/www.facebook.com\/wirmachenauf","article_published_time":"2023-06-18T10:24:33+00:00","og_image":[{"width":460,"height":259,"url":"https:\/\/now-news.de\/de\/wp-content\/uploads\/sites\/3\/2023\/06\/Alle-wollen-Frieden-\u2013-und-Deutschland-zieht-in-den-Krieg.jpg","type":"image\/jpeg"}],"author":"rtnews","twitter_card":"summary_large_image","twitter_creator":"@WirMachenAuf_de","twitter_site":"@WirMachenAuf_de","twitter_misc":{"Verfasst von":"rtnews","Gesch\u00e4tzte Lesezeit":"8\u00a0Minuten"},"schema":{"@context":"https:\/\/schema.org","@graph":[{"@type":"Article","@id":"https:\/\/now-news.de\/de\/deutschland\/alle-wollen-frieden-und-deutschland-zieht-in-den-krieg\/#article","isPartOf":{"@id":"https:\/\/now-news.de\/de\/deutschland\/alle-wollen-frieden-und-deutschland-zieht-in-den-krieg\/"},"author":{"name":"rtnews","@id":"https:\/\/now-news.de\/de\/#\/schema\/person\/fb534a4e865501d8b3285208df34a9b5"},"headline":"Alle wollen Frieden \u2013 und Deutschland zieht in den Krieg","datePublished":"2023-06-18T10:24:33+00:00","dateModified":"2023-06-18T10:24:33+00:00","mainEntityOfPage":{"@id":"https:\/\/now-news.de\/de\/deutschland\/alle-wollen-frieden-und-deutschland-zieht-in-den-krieg\/"},"wordCount":1688,"commentCount":0,"publisher":{"@id":"https:\/\/now-news.de\/de\/#organization"},"image":{"@id":"https:\/\/now-news.de\/de\/deutschland\/alle-wollen-frieden-und-deutschland-zieht-in-den-krieg\/#primaryimage"},"thumbnailUrl":"https:\/\/now-news.de\/de\/wp-content\/uploads\/sites\/3\/2023\/06\/Alle-wollen-Frieden-\u2013-und-Deutschland-zieht-in-den-Krieg.jpg","keywords":["ALLE","den","Deutschland","Frieden","krieg","und","wollen","zieht"],"articleSection":["Deutschland","Russland"],"inLanguage":"de","potentialAction":[{"@type":"CommentAction","name":"Comment","target":["https:\/\/now-news.de\/de\/deutschland\/alle-wollen-frieden-und-deutschland-zieht-in-den-krieg\/#respond"]}]},{"@type":"WebPage","@id":"https:\/\/now-news.de\/de\/deutschland\/alle-wollen-frieden-und-deutschland-zieht-in-den-krieg\/","url":"https:\/\/now-news.de\/de\/deutschland\/alle-wollen-frieden-und-deutschland-zieht-in-den-krieg\/","name":"Alle wollen Frieden \u2013 und Deutschland zieht in den Krieg - just-now.NEWS Deutschland","isPartOf":{"@id":"https:\/\/now-news.de\/de\/#website"},"primaryImageOfPage":{"@id":"https:\/\/now-news.de\/de\/deutschland\/alle-wollen-frieden-und-deutschland-zieht-in-den-krieg\/#primaryimage"},"image":{"@id":"https:\/\/now-news.de\/de\/deutschland\/alle-wollen-frieden-und-deutschland-zieht-in-den-krieg\/#primaryimage"},"thumbnailUrl":"https:\/\/now-news.de\/de\/wp-content\/uploads\/sites\/3\/2023\/06\/Alle-wollen-Frieden-\u2013-und-Deutschland-zieht-in-den-Krieg.jpg","datePublished":"2023-06-18T10:24:33+00:00","dateModified":"2023-06-18T10:24:33+00:00","breadcrumb":{"@id":"https:\/\/now-news.de\/de\/deutschland\/alle-wollen-frieden-und-deutschland-zieht-in-den-krieg\/#breadcrumb"},"inLanguage":"de","potentialAction":[{"@type":"ReadAction","target":["https:\/\/now-news.de\/de\/deutschland\/alle-wollen-frieden-und-deutschland-zieht-in-den-krieg\/"]}]},{"@type":"ImageObject","inLanguage":"de","@id":"https:\/\/now-news.de\/de\/deutschland\/alle-wollen-frieden-und-deutschland-zieht-in-den-krieg\/#primaryimage","url":"https:\/\/now-news.de\/de\/wp-content\/uploads\/sites\/3\/2023\/06\/Alle-wollen-Frieden-\u2013-und-Deutschland-zieht-in-den-Krieg.jpg","contentUrl":"https:\/\/now-news.de\/de\/wp-content\/uploads\/sites\/3\/2023\/06\/Alle-wollen-Frieden-\u2013-und-Deutschland-zieht-in-den-Krieg.jpg","width":460,"height":259,"caption":"Alle wollen Frieden \u2013 und Deutschland zieht in den Krieg"},{"@type":"BreadcrumbList","@id":"https:\/\/now-news.de\/de\/deutschland\/alle-wollen-frieden-und-deutschland-zieht-in-den-krieg\/#breadcrumb","itemListElement":[{"@type":"ListItem","position":1,"name":"Home","item":"https:\/\/now-news.de\/de\/"},{"@type":"ListItem","position":2,"name":"Alle wollen Frieden \u2013 und Deutschland zieht in den Krieg"}]},{"@type":"WebSite","@id":"https:\/\/now-news.de\/de\/#website","url":"https:\/\/now-news.de\/de\/","name":"just-now.NEWS Deutschland","description":"Das Portal f\u00fcr unzensierte Nachrichten aus der Welt","publisher":{"@id":"https:\/\/now-news.de\/de\/#organization"},"potentialAction":[{"@type":"SearchAction","target":{"@type":"EntryPoint","urlTemplate":"https:\/\/now-news.de\/de\/?s={search_term_string}"},"query-input":"required name=search_term_string"}],"inLanguage":"de"},{"@type":"Organization","@id":"https:\/\/now-news.de\/de\/#organization","name":"Just Now News","url":"https:\/\/now-news.de\/de\/","logo":{"@type":"ImageObject","inLanguage":"de","@id":"https:\/\/now-news.de\/de\/#\/schema\/logo\/image\/","url":"http:\/\/just-now.news\/de\/wp-content\/uploads\/sites\/3\/2022\/04\/logo500x500.jpg","contentUrl":"http:\/\/just-now.news\/de\/wp-content\/uploads\/sites\/3\/2022\/04\/logo500x500.jpg","width":500,"height":500,"caption":"Just Now News"},"image":{"@id":"https:\/\/now-news.de\/de\/#\/schema\/logo\/image\/"},"sameAs":["https:\/\/www.facebook.com\/wirmachenauf","https:\/\/x.com\/WirMachenAuf_de"]},{"@type":"Person","@id":"https:\/\/now-news.de\/de\/#\/schema\/person\/fb534a4e865501d8b3285208df34a9b5","name":"rtnews","image":{"@type":"ImageObject","inLanguage":"de","@id":"https:\/\/now-news.de\/de\/#\/schema\/person\/image\/","url":"https:\/\/secure.gravatar.com\/avatar\/82aafea7d8127119dd649515f56e2117?s=96&d=mm&r=g","contentUrl":"https:\/\/secure.gravatar.com\/avatar\/82aafea7d8127119dd649515f56e2117?s=96&d=mm&r=g","caption":"rtnews"},"url":"https:\/\/now-news.de\/de\/author\/rnews\/"}]}},"_links":{"self":[{"href":"https:\/\/now-news.de\/de\/wp-json\/wp\/v2\/posts\/38366"}],"collection":[{"href":"https:\/\/now-news.de\/de\/wp-json\/wp\/v2\/posts"}],"about":[{"href":"https:\/\/now-news.de\/de\/wp-json\/wp\/v2\/types\/post"}],"author":[{"embeddable":true,"href":"https:\/\/now-news.de\/de\/wp-json\/wp\/v2\/users\/3"}],"replies":[{"embeddable":true,"href":"https:\/\/now-news.de\/de\/wp-json\/wp\/v2\/comments?post=38366"}],"version-history":[{"count":0,"href":"https:\/\/now-news.de\/de\/wp-json\/wp\/v2\/posts\/38366\/revisions"}],"wp:featuredmedia":[{"embeddable":true,"href":"https:\/\/now-news.de\/de\/wp-json\/wp\/v2\/media\/38367"}],"wp:attachment":[{"href":"https:\/\/now-news.de\/de\/wp-json\/wp\/v2\/media?parent=38366"}],"wp:term":[{"taxonomy":"category","embeddable":true,"href":"https:\/\/now-news.de\/de\/wp-json\/wp\/v2\/categories?post=38366"},{"taxonomy":"post_tag","embeddable":true,"href":"https:\/\/now-news.de\/de\/wp-json\/wp\/v2\/tags?post=38366"}],"curies":[{"name":"wp","href":"https:\/\/api.w.org\/{rel}","templated":true}]}}