{"id":38364,"date":"2023-06-18T10:51:21","date_gmt":"2023-06-18T08:51:21","guid":{"rendered":"https:\/\/just-now.news\/de\/deutschland\/jahrestag-des-us-abzugs-wird-afghanischer-nationalfeiertag\/"},"modified":"2023-06-18T10:51:21","modified_gmt":"2023-06-18T08:51:21","slug":"jahrestag-des-us-abzugs-wird-afghanischer-nationalfeiertag","status":"publish","type":"post","link":"https:\/\/now-news.de\/de\/deutschland\/jahrestag-des-us-abzugs-wird-afghanischer-nationalfeiertag\/","title":{"rendered":"Jahrestag des US-Abzugs wird afghanischer Nationalfeiertag"},"content":{"rendered":"<p><img decoding=\"async\" src=\"http:\/\/just-now.news\/de\/wp-content\/uploads\/sites\/3\/2023\/06\/648eb43f48fbef33ae534b77.jpg\" \/><\/p>\n<div class=\"Text-root Text-type_1 \">\n                Afghanistan hat einen neuen Feiertag eingef\u00fchrt, um das Datum zu feiern, an dem der letzte US-Soldat das Land verlassen hat. Nach Angaben auf der Website der Taliban-Regierung wird der Abzug der ausl\u00e4ndischen Truppen jedes Jahr am 31. August gefeiert.\n            <\/div>\n<p><\/p>\n<div class=\"Text-root Text-type_5 ArticleView-text ViewText-root \">\n<p>Die ersten Feierlichkeiten wurden im vergangenen Jahr organisiert, als die Beh\u00f6rden und Taliban-Anh\u00e4nger den ersten Jahrestag des Abzugs begingen. Taliban-K\u00e4mpfer veranstalteten eine Kundgebung auf dem Massoud-Platz in Kabul vor dem ehemaligen Geb\u00e4ude der US-Botschaft.<\/p>\n<p>Der letzte amerikanische Soldat, Generalmajor Chris Donahue von der US-Armee, bestieg kurz vor Ablauf der Abzugsfrist am 31. August 2021 ein Milit\u00e4rtransportflugzeug und beendete damit den zerm\u00fcrbenden 20-j\u00e4hrigen Feldzug.<\/p>\n<p>Die USA und ihre Verb\u00fcndeten entsandten im Jahr 2001 Truppen nach Afghanistan, um al-Qaida und andere dschihadistische Gruppen im Rahmen des globalen &#8220;Kriegs gegen den Terror&#8221; zu bek\u00e4mpfen, den Washington nach den Terroranschl\u00e4gen vom 11. September 2001 ausgerufen hatte.<\/p>\n<p><strong>\u00dcberst\u00fcrzte Evakuierung nach Eroberung Kabuls<\/strong><\/p>\n<p>Die westlichen Streitkr\u00e4fte nahmen Kabul schnell ein, aber die Taliban blieben in weiten Teilen des Landes aktiv, und der Krieg gegen die Aufst\u00e4ndischen zog sich \u00fcber viele Jahre hin, w\u00e4hrend die Kampagne in den USA immer unpopul\u00e4rer wurde.<\/p>\n<p>Die Taliban eroberten schlie\u00dflich mehrere Provinzhauptst\u00e4dte zur\u00fcck und nahmen Kabul im August 2021 ohne nennenswerten Widerstand ein. Der unerwartete Fall der Stadt zwang das Pentagon zu einer \u00fcberst\u00fcrzten Evakuierung von Diplomaten, amerikanischen Staatsangeh\u00f6rigen und ihren afghanischen Helfern.<\/p>\n<p>Washington wurde f\u00fcr sein Vorgehen bei der Evakuierung und daf\u00fcr, dass Tausende von verb\u00fcndeten Afghanen zur\u00fcckgelassen wurden, heftig kritisiert.<\/p>\n<p><strong>Mehr zum Thema\u00a0<\/strong>\u2013\u00a0<a rel=\"nofollow noopener\" target=\"_blank\" href=\"https:\/\/freeassange.rtde.me\/inland\/172550-rechtsbeugung-im-hause-baerbock-staatsanwaltschaft\/\">Rechtsbeugung im Hause Baerbock? Staatsanwaltschaft ermittelt wegen Visa-Aff\u00e4re<\/a><\/p>\n<div class=\"EmbedBlock-root EmbedBlock-externalVideo EmbedBlock-odysee\">\n<div class=\"VkEmbed\"><iframe class=\"lazyload\" data-src=\"https:\/\/odysee.com\/%24\/embed\/%40RTDE%3Ae%2Fafghanistan-usa-nato%3A3\" frameborder=\"0\" width=\"853\" height=\"480\" allowfullscreen><\/iframe><\/div>\n<\/div>\n<\/div>\n<p><br \/>\n<br \/><a href=\"https:\/\/de.rt.com\/asien\/172953-jahrestag-us-abzugs-wird-afghanischer\/\">Source link <\/a><\/p>\n","protected":false},"excerpt":{"rendered":"<p>Afghanistan hat einen neuen Feiertag eingef\u00fchrt, um das Datum zu feiern, an dem der letzte US-Soldat das Land verlassen hat. Nach Angaben auf der Website der Taliban-Regierung wird der Abzug der ausl\u00e4ndischen Truppen jedes Jahr am 31. August gefeiert. Die ersten Feierlichkeiten wurden im vergangenen Jahr organisiert, als die Beh\u00f6rden und Taliban-Anh\u00e4nger den ersten Jahrestag [&hellip;]<\/p>\n","protected":false},"author":3,"featured_media":38365,"comment_status":"open","ping_status":"open","sticky":false,"template":"","format":"standard","meta":{"_yoast_indexnow_last_ping":["1687079155"],"wp_automatic_camp":["217"],"b9c7a2d294b96a38add305467e5e0318":["Jahrestag des US-Abzugs wird afghanischer Nationalfeiertag"],"original_link":["https:\/\/de.rt.com\/asien\/172953-jahrestag-us-abzugs-wird-afghanischer\/"],"_thumbnail_id":["38365"],"_wptgpro_p2tg_sent2tg":["a:1:{i:23737;s:19:\"2023-06-18 11:06:59\";}"],"jnews_social_counter_last_update":["1776997566"]},"categories":[19,23],"tags":[45752,583,16868,20285,45751,374],"yoast_head":"<!-- This site is optimized with the Yoast SEO Premium plugin v22.7 (Yoast SEO v22.7) - https:\/\/yoast.com\/wordpress\/plugins\/seo\/ -->\n<title>Jahrestag des US-Abzugs wird afghanischer Nationalfeiertag - just-now.NEWS Deutschland<\/title>\n<meta name=\"robots\" content=\"index, follow, max-snippet:-1, max-image-preview:large, max-video-preview:-1\" \/>\n<link rel=\"canonical\" href=\"https:\/\/now-news.de\/de\/deutschland\/jahrestag-des-us-abzugs-wird-afghanischer-nationalfeiertag\/\" \/>\n<meta property=\"og:locale\" content=\"de_DE\" \/>\n<meta property=\"og:type\" content=\"article\" \/>\n<meta property=\"og:title\" content=\"Jahrestag des US-Abzugs wird afghanischer Nationalfeiertag\" \/>\n<meta property=\"og:description\" content=\"Afghanistan hat einen neuen Feiertag eingef\u00fchrt, um das Datum zu feiern, an dem der letzte US-Soldat das Land verlassen hat. Nach Angaben auf der Website der Taliban-Regierung wird der Abzug der ausl\u00e4ndischen Truppen jedes Jahr am 31. August gefeiert. Die ersten Feierlichkeiten wurden im vergangenen Jahr organisiert, als die Beh\u00f6rden und Taliban-Anh\u00e4nger den ersten Jahrestag [&hellip;]\" \/>\n<meta property=\"og:url\" content=\"https:\/\/now-news.de\/de\/deutschland\/jahrestag-des-us-abzugs-wird-afghanischer-nationalfeiertag\/\" \/>\n<meta property=\"og:site_name\" content=\"just-now.NEWS Deutschland\" \/>\n<meta property=\"article:publisher\" content=\"https:\/\/www.facebook.com\/wirmachenauf\" \/>\n<meta property=\"article:published_time\" content=\"2023-06-18T08:51:21+00:00\" \/>\n<meta property=\"og:image\" content=\"https:\/\/now-news.de\/de\/wp-content\/uploads\/sites\/3\/2023\/06\/Jahrestag-des-US-Abzugs-wird-afghanischer-Nationalfeiertag.jpg\" \/>\n\t<meta property=\"og:image:width\" content=\"460\" \/>\n\t<meta property=\"og:image:height\" content=\"259\" \/>\n\t<meta property=\"og:image:type\" content=\"image\/jpeg\" \/>\n<meta name=\"author\" content=\"rtnews\" \/>\n<meta name=\"twitter:card\" content=\"summary_large_image\" \/>\n<meta name=\"twitter:creator\" content=\"@WirMachenAuf_de\" \/>\n<meta name=\"twitter:site\" content=\"@WirMachenAuf_de\" \/>\n<meta name=\"twitter:label1\" content=\"Verfasst von\" \/>\n\t<meta name=\"twitter:data1\" content=\"rtnews\" \/>\n\t<meta name=\"twitter:label2\" content=\"Gesch\u00e4tzte Lesezeit\" \/>\n\t<meta name=\"twitter:data2\" content=\"1\u00a0Minute\" \/>\n<script type=\"application\/ld+json\" class=\"yoast-schema-graph\">{\"@context\":\"https:\/\/schema.org\",\"@graph\":[{\"@type\":\"Article\",\"@id\":\"https:\/\/now-news.de\/de\/deutschland\/jahrestag-des-us-abzugs-wird-afghanischer-nationalfeiertag\/#article\",\"isPartOf\":{\"@id\":\"https:\/\/now-news.de\/de\/deutschland\/jahrestag-des-us-abzugs-wird-afghanischer-nationalfeiertag\/\"},\"author\":{\"name\":\"rtnews\",\"@id\":\"https:\/\/now-news.de\/de\/#\/schema\/person\/fb534a4e865501d8b3285208df34a9b5\"},\"headline\":\"Jahrestag des US-Abzugs wird afghanischer Nationalfeiertag\",\"datePublished\":\"2023-06-18T08:51:21+00:00\",\"dateModified\":\"2023-06-18T08:51:21+00:00\",\"mainEntityOfPage\":{\"@id\":\"https:\/\/now-news.de\/de\/deutschland\/jahrestag-des-us-abzugs-wird-afghanischer-nationalfeiertag\/\"},\"wordCount\":280,\"commentCount\":0,\"publisher\":{\"@id\":\"https:\/\/now-news.de\/de\/#organization\"},\"image\":{\"@id\":\"https:\/\/now-news.de\/de\/deutschland\/jahrestag-des-us-abzugs-wird-afghanischer-nationalfeiertag\/#primaryimage\"},\"thumbnailUrl\":\"https:\/\/now-news.de\/de\/wp-content\/uploads\/sites\/3\/2023\/06\/Jahrestag-des-US-Abzugs-wird-afghanischer-Nationalfeiertag.jpg\",\"keywords\":[\"afghanischer\",\"des\",\"Jahrestag\",\"Nationalfeiertag\",\"USAbzugs\",\"wird\"],\"articleSection\":[\"Deutschland\",\"Russland\"],\"inLanguage\":\"de\",\"potentialAction\":[{\"@type\":\"CommentAction\",\"name\":\"Comment\",\"target\":[\"https:\/\/now-news.de\/de\/deutschland\/jahrestag-des-us-abzugs-wird-afghanischer-nationalfeiertag\/#respond\"]}]},{\"@type\":\"WebPage\",\"@id\":\"https:\/\/now-news.de\/de\/deutschland\/jahrestag-des-us-abzugs-wird-afghanischer-nationalfeiertag\/\",\"url\":\"https:\/\/now-news.de\/de\/deutschland\/jahrestag-des-us-abzugs-wird-afghanischer-nationalfeiertag\/\",\"name\":\"Jahrestag des US-Abzugs wird afghanischer Nationalfeiertag - just-now.NEWS Deutschland\",\"isPartOf\":{\"@id\":\"https:\/\/now-news.de\/de\/#website\"},\"primaryImageOfPage\":{\"@id\":\"https:\/\/now-news.de\/de\/deutschland\/jahrestag-des-us-abzugs-wird-afghanischer-nationalfeiertag\/#primaryimage\"},\"image\":{\"@id\":\"https:\/\/now-news.de\/de\/deutschland\/jahrestag-des-us-abzugs-wird-afghanischer-nationalfeiertag\/#primaryimage\"},\"thumbnailUrl\":\"https:\/\/now-news.de\/de\/wp-content\/uploads\/sites\/3\/2023\/06\/Jahrestag-des-US-Abzugs-wird-afghanischer-Nationalfeiertag.jpg\",\"datePublished\":\"2023-06-18T08:51:21+00:00\",\"dateModified\":\"2023-06-18T08:51:21+00:00\",\"breadcrumb\":{\"@id\":\"https:\/\/now-news.de\/de\/deutschland\/jahrestag-des-us-abzugs-wird-afghanischer-nationalfeiertag\/#breadcrumb\"},\"inLanguage\":\"de\",\"potentialAction\":[{\"@type\":\"ReadAction\",\"target\":[\"https:\/\/now-news.de\/de\/deutschland\/jahrestag-des-us-abzugs-wird-afghanischer-nationalfeiertag\/\"]}]},{\"@type\":\"ImageObject\",\"inLanguage\":\"de\",\"@id\":\"https:\/\/now-news.de\/de\/deutschland\/jahrestag-des-us-abzugs-wird-afghanischer-nationalfeiertag\/#primaryimage\",\"url\":\"https:\/\/now-news.de\/de\/wp-content\/uploads\/sites\/3\/2023\/06\/Jahrestag-des-US-Abzugs-wird-afghanischer-Nationalfeiertag.jpg\",\"contentUrl\":\"https:\/\/now-news.de\/de\/wp-content\/uploads\/sites\/3\/2023\/06\/Jahrestag-des-US-Abzugs-wird-afghanischer-Nationalfeiertag.jpg\",\"width\":460,\"height\":259,\"caption\":\"Jahrestag des US-Abzugs wird afghanischer Nationalfeiertag\"},{\"@type\":\"BreadcrumbList\",\"@id\":\"https:\/\/now-news.de\/de\/deutschland\/jahrestag-des-us-abzugs-wird-afghanischer-nationalfeiertag\/#breadcrumb\",\"itemListElement\":[{\"@type\":\"ListItem\",\"position\":1,\"name\":\"Home\",\"item\":\"https:\/\/now-news.de\/de\/\"},{\"@type\":\"ListItem\",\"position\":2,\"name\":\"Jahrestag des US-Abzugs wird afghanischer Nationalfeiertag\"}]},{\"@type\":\"WebSite\",\"@id\":\"https:\/\/now-news.de\/de\/#website\",\"url\":\"https:\/\/now-news.de\/de\/\",\"name\":\"just-now.NEWS Deutschland\",\"description\":\"Das Portal f\u00fcr unzensierte Nachrichten aus der Welt\",\"publisher\":{\"@id\":\"https:\/\/now-news.de\/de\/#organization\"},\"potentialAction\":[{\"@type\":\"SearchAction\",\"target\":{\"@type\":\"EntryPoint\",\"urlTemplate\":\"https:\/\/now-news.de\/de\/?s={search_term_string}\"},\"query-input\":\"required name=search_term_string\"}],\"inLanguage\":\"de\"},{\"@type\":\"Organization\",\"@id\":\"https:\/\/now-news.de\/de\/#organization\",\"name\":\"Just Now News\",\"url\":\"https:\/\/now-news.de\/de\/\",\"logo\":{\"@type\":\"ImageObject\",\"inLanguage\":\"de\",\"@id\":\"https:\/\/now-news.de\/de\/#\/schema\/logo\/image\/\",\"url\":\"http:\/\/just-now.news\/de\/wp-content\/uploads\/sites\/3\/2022\/04\/logo500x500.jpg\",\"contentUrl\":\"http:\/\/just-now.news\/de\/wp-content\/uploads\/sites\/3\/2022\/04\/logo500x500.jpg\",\"width\":500,\"height\":500,\"caption\":\"Just Now News\"},\"image\":{\"@id\":\"https:\/\/now-news.de\/de\/#\/schema\/logo\/image\/\"},\"sameAs\":[\"https:\/\/www.facebook.com\/wirmachenauf\",\"https:\/\/x.com\/WirMachenAuf_de\"]},{\"@type\":\"Person\",\"@id\":\"https:\/\/now-news.de\/de\/#\/schema\/person\/fb534a4e865501d8b3285208df34a9b5\",\"name\":\"rtnews\",\"image\":{\"@type\":\"ImageObject\",\"inLanguage\":\"de\",\"@id\":\"https:\/\/now-news.de\/de\/#\/schema\/person\/image\/\",\"url\":\"https:\/\/secure.gravatar.com\/avatar\/82aafea7d8127119dd649515f56e2117?s=96&d=mm&r=g\",\"contentUrl\":\"https:\/\/secure.gravatar.com\/avatar\/82aafea7d8127119dd649515f56e2117?s=96&d=mm&r=g\",\"caption\":\"rtnews\"},\"url\":\"https:\/\/now-news.de\/de\/author\/rnews\/\"}]}<\/script>\n<!-- \/ Yoast SEO Premium plugin. -->","yoast_head_json":{"title":"Jahrestag des US-Abzugs wird afghanischer Nationalfeiertag - just-now.NEWS Deutschland","robots":{"index":"index","follow":"follow","max-snippet":"max-snippet:-1","max-image-preview":"max-image-preview:large","max-video-preview":"max-video-preview:-1"},"canonical":"https:\/\/now-news.de\/de\/deutschland\/jahrestag-des-us-abzugs-wird-afghanischer-nationalfeiertag\/","og_locale":"de_DE","og_type":"article","og_title":"Jahrestag des US-Abzugs wird afghanischer Nationalfeiertag","og_description":"Afghanistan hat einen neuen Feiertag eingef\u00fchrt, um das Datum zu feiern, an dem der letzte US-Soldat das Land verlassen hat. Nach Angaben auf der Website der Taliban-Regierung wird der Abzug der ausl\u00e4ndischen Truppen jedes Jahr am 31. August gefeiert. Die ersten Feierlichkeiten wurden im vergangenen Jahr organisiert, als die Beh\u00f6rden und Taliban-Anh\u00e4nger den ersten Jahrestag [&hellip;]","og_url":"https:\/\/now-news.de\/de\/deutschland\/jahrestag-des-us-abzugs-wird-afghanischer-nationalfeiertag\/","og_site_name":"just-now.NEWS Deutschland","article_publisher":"https:\/\/www.facebook.com\/wirmachenauf","article_published_time":"2023-06-18T08:51:21+00:00","og_image":[{"width":460,"height":259,"url":"https:\/\/now-news.de\/de\/wp-content\/uploads\/sites\/3\/2023\/06\/Jahrestag-des-US-Abzugs-wird-afghanischer-Nationalfeiertag.jpg","type":"image\/jpeg"}],"author":"rtnews","twitter_card":"summary_large_image","twitter_creator":"@WirMachenAuf_de","twitter_site":"@WirMachenAuf_de","twitter_misc":{"Verfasst von":"rtnews","Gesch\u00e4tzte Lesezeit":"1\u00a0Minute"},"schema":{"@context":"https:\/\/schema.org","@graph":[{"@type":"Article","@id":"https:\/\/now-news.de\/de\/deutschland\/jahrestag-des-us-abzugs-wird-afghanischer-nationalfeiertag\/#article","isPartOf":{"@id":"https:\/\/now-news.de\/de\/deutschland\/jahrestag-des-us-abzugs-wird-afghanischer-nationalfeiertag\/"},"author":{"name":"rtnews","@id":"https:\/\/now-news.de\/de\/#\/schema\/person\/fb534a4e865501d8b3285208df34a9b5"},"headline":"Jahrestag des US-Abzugs wird afghanischer Nationalfeiertag","datePublished":"2023-06-18T08:51:21+00:00","dateModified":"2023-06-18T08:51:21+00:00","mainEntityOfPage":{"@id":"https:\/\/now-news.de\/de\/deutschland\/jahrestag-des-us-abzugs-wird-afghanischer-nationalfeiertag\/"},"wordCount":280,"commentCount":0,"publisher":{"@id":"https:\/\/now-news.de\/de\/#organization"},"image":{"@id":"https:\/\/now-news.de\/de\/deutschland\/jahrestag-des-us-abzugs-wird-afghanischer-nationalfeiertag\/#primaryimage"},"thumbnailUrl":"https:\/\/now-news.de\/de\/wp-content\/uploads\/sites\/3\/2023\/06\/Jahrestag-des-US-Abzugs-wird-afghanischer-Nationalfeiertag.jpg","keywords":["afghanischer","des","Jahrestag","Nationalfeiertag","USAbzugs","wird"],"articleSection":["Deutschland","Russland"],"inLanguage":"de","potentialAction":[{"@type":"CommentAction","name":"Comment","target":["https:\/\/now-news.de\/de\/deutschland\/jahrestag-des-us-abzugs-wird-afghanischer-nationalfeiertag\/#respond"]}]},{"@type":"WebPage","@id":"https:\/\/now-news.de\/de\/deutschland\/jahrestag-des-us-abzugs-wird-afghanischer-nationalfeiertag\/","url":"https:\/\/now-news.de\/de\/deutschland\/jahrestag-des-us-abzugs-wird-afghanischer-nationalfeiertag\/","name":"Jahrestag des US-Abzugs wird afghanischer Nationalfeiertag - just-now.NEWS Deutschland","isPartOf":{"@id":"https:\/\/now-news.de\/de\/#website"},"primaryImageOfPage":{"@id":"https:\/\/now-news.de\/de\/deutschland\/jahrestag-des-us-abzugs-wird-afghanischer-nationalfeiertag\/#primaryimage"},"image":{"@id":"https:\/\/now-news.de\/de\/deutschland\/jahrestag-des-us-abzugs-wird-afghanischer-nationalfeiertag\/#primaryimage"},"thumbnailUrl":"https:\/\/now-news.de\/de\/wp-content\/uploads\/sites\/3\/2023\/06\/Jahrestag-des-US-Abzugs-wird-afghanischer-Nationalfeiertag.jpg","datePublished":"2023-06-18T08:51:21+00:00","dateModified":"2023-06-18T08:51:21+00:00","breadcrumb":{"@id":"https:\/\/now-news.de\/de\/deutschland\/jahrestag-des-us-abzugs-wird-afghanischer-nationalfeiertag\/#breadcrumb"},"inLanguage":"de","potentialAction":[{"@type":"ReadAction","target":["https:\/\/now-news.de\/de\/deutschland\/jahrestag-des-us-abzugs-wird-afghanischer-nationalfeiertag\/"]}]},{"@type":"ImageObject","inLanguage":"de","@id":"https:\/\/now-news.de\/de\/deutschland\/jahrestag-des-us-abzugs-wird-afghanischer-nationalfeiertag\/#primaryimage","url":"https:\/\/now-news.de\/de\/wp-content\/uploads\/sites\/3\/2023\/06\/Jahrestag-des-US-Abzugs-wird-afghanischer-Nationalfeiertag.jpg","contentUrl":"https:\/\/now-news.de\/de\/wp-content\/uploads\/sites\/3\/2023\/06\/Jahrestag-des-US-Abzugs-wird-afghanischer-Nationalfeiertag.jpg","width":460,"height":259,"caption":"Jahrestag des US-Abzugs wird afghanischer Nationalfeiertag"},{"@type":"BreadcrumbList","@id":"https:\/\/now-news.de\/de\/deutschland\/jahrestag-des-us-abzugs-wird-afghanischer-nationalfeiertag\/#breadcrumb","itemListElement":[{"@type":"ListItem","position":1,"name":"Home","item":"https:\/\/now-news.de\/de\/"},{"@type":"ListItem","position":2,"name":"Jahrestag des US-Abzugs wird afghanischer Nationalfeiertag"}]},{"@type":"WebSite","@id":"https:\/\/now-news.de\/de\/#website","url":"https:\/\/now-news.de\/de\/","name":"just-now.NEWS Deutschland","description":"Das Portal f\u00fcr unzensierte Nachrichten aus der Welt","publisher":{"@id":"https:\/\/now-news.de\/de\/#organization"},"potentialAction":[{"@type":"SearchAction","target":{"@type":"EntryPoint","urlTemplate":"https:\/\/now-news.de\/de\/?s={search_term_string}"},"query-input":"required name=search_term_string"}],"inLanguage":"de"},{"@type":"Organization","@id":"https:\/\/now-news.de\/de\/#organization","name":"Just Now News","url":"https:\/\/now-news.de\/de\/","logo":{"@type":"ImageObject","inLanguage":"de","@id":"https:\/\/now-news.de\/de\/#\/schema\/logo\/image\/","url":"http:\/\/just-now.news\/de\/wp-content\/uploads\/sites\/3\/2022\/04\/logo500x500.jpg","contentUrl":"http:\/\/just-now.news\/de\/wp-content\/uploads\/sites\/3\/2022\/04\/logo500x500.jpg","width":500,"height":500,"caption":"Just Now News"},"image":{"@id":"https:\/\/now-news.de\/de\/#\/schema\/logo\/image\/"},"sameAs":["https:\/\/www.facebook.com\/wirmachenauf","https:\/\/x.com\/WirMachenAuf_de"]},{"@type":"Person","@id":"https:\/\/now-news.de\/de\/#\/schema\/person\/fb534a4e865501d8b3285208df34a9b5","name":"rtnews","image":{"@type":"ImageObject","inLanguage":"de","@id":"https:\/\/now-news.de\/de\/#\/schema\/person\/image\/","url":"https:\/\/secure.gravatar.com\/avatar\/82aafea7d8127119dd649515f56e2117?s=96&d=mm&r=g","contentUrl":"https:\/\/secure.gravatar.com\/avatar\/82aafea7d8127119dd649515f56e2117?s=96&d=mm&r=g","caption":"rtnews"},"url":"https:\/\/now-news.de\/de\/author\/rnews\/"}]}},"_links":{"self":[{"href":"https:\/\/now-news.de\/de\/wp-json\/wp\/v2\/posts\/38364"}],"collection":[{"href":"https:\/\/now-news.de\/de\/wp-json\/wp\/v2\/posts"}],"about":[{"href":"https:\/\/now-news.de\/de\/wp-json\/wp\/v2\/types\/post"}],"author":[{"embeddable":true,"href":"https:\/\/now-news.de\/de\/wp-json\/wp\/v2\/users\/3"}],"replies":[{"embeddable":true,"href":"https:\/\/now-news.de\/de\/wp-json\/wp\/v2\/comments?post=38364"}],"version-history":[{"count":0,"href":"https:\/\/now-news.de\/de\/wp-json\/wp\/v2\/posts\/38364\/revisions"}],"wp:featuredmedia":[{"embeddable":true,"href":"https:\/\/now-news.de\/de\/wp-json\/wp\/v2\/media\/38365"}],"wp:attachment":[{"href":"https:\/\/now-news.de\/de\/wp-json\/wp\/v2\/media?parent=38364"}],"wp:term":[{"taxonomy":"category","embeddable":true,"href":"https:\/\/now-news.de\/de\/wp-json\/wp\/v2\/categories?post=38364"},{"taxonomy":"post_tag","embeddable":true,"href":"https:\/\/now-news.de\/de\/wp-json\/wp\/v2\/tags?post=38364"}],"curies":[{"name":"wp","href":"https:\/\/api.w.org\/{rel}","templated":true}]}}