{"id":38360,"date":"2023-06-18T09:16:26","date_gmt":"2023-06-18T07:16:26","guid":{"rendered":"https:\/\/just-now.news\/de\/deutschland\/putins-treffen-mit-afrikanischen-staats-und-regierungschefs-zum-ukraine-konflikt\/"},"modified":"2023-06-18T09:16:26","modified_gmt":"2023-06-18T07:16:26","slug":"putins-treffen-mit-afrikanischen-staats-und-regierungschefs-zum-ukraine-konflikt","status":"publish","type":"post","link":"https:\/\/now-news.de\/de\/deutschland\/putins-treffen-mit-afrikanischen-staats-und-regierungschefs-zum-ukraine-konflikt\/","title":{"rendered":"Putins Treffen mit afrikanischen Staats- und Regierungschefs zum Ukraine-Konflikt"},"content":{"rendered":"<p><img decoding=\"async\" src=\"http:\/\/just-now.news\/de\/wp-content\/uploads\/sites\/3\/2023\/06\/648ea1e9b480cc28f850fc8d.jpg\" \/><\/p>\n<div class=\"Text-root Text-type_1 \">\n                Bei einem Treffen mit dem russischen Pr\u00e4sidenten Wladimir Putin am Samstag in Sankt Petersburg stellte eine Delegation hochrangiger afrikanischer Politiker und Beamter einen Zehn-Punkte-Friedensfahrplan f\u00fcr den Ukraine-Konflikt vor.\n            <\/div>\n<p><\/p>\n<div class=\"Text-root Text-type_5 ArticleView-text ViewText-root \">\n<p>Der russische Pr\u00e4sident Wladimir Putin\u00a0hat am Samstag eine gro\u00dfe Delegation afrikanischer Politiker in St. Petersburg empfangen. Die Gruppe reiste einen Tag nach einem Besuch in der Ukraine und einem Treffen mit dem Pr\u00e4sidenten des Landes, Wladimir Selenskij, nach Russland, um f\u00fcr ihren Zehn-Punkte-Friedensfahrplan zu werben, der den seit \u00fcber einem Jahr andauernden Konflikt zwischen Kiew und Moskau beenden soll.<\/p>\n<p>Zu der afrikanischen Delegation geh\u00f6rten der s\u00fcdafrikanische Pr\u00e4sident Cyril Ramaphosa,\u00a0seine\u00a0Amtskollegen aus dem Senegal, Macky Sall, den Komoren, Othman Ghazali, der Pr\u00e4sident Sambias, Hakainde Hichilema und der \u00e4gyptische Premierminister Mustafa Madbuli\u00a0sowie hohe Beamte aus der Republik Kongo und Uganda.<\/p>\n<p><strong>Afrikanische F\u00fchrer stellen Friedensfahrplan vor<\/strong><\/p>\n<p>Die anhaltenden Feindseligkeiten zwischen Russland und der Ukraine haben nicht nur die beiden beteiligten &#8220;slawischen Nationen&#8221;, sondern den gesamten afrikanischen Kontinent stark in Mitleidenschaft gezogen, erkl\u00e4rte Ghazali bei den Gespr\u00e4chen.<\/p>\n<p>Der Konflikt habe eine noch nie da gewesene Bedrohung f\u00fcr die Nahrungsmittel- und Energiesicherheit Afrikas mit sich gebracht, f\u00fcgte er hinzu und forderte Putin auf, mit Kiew zu verhandeln.\u00a0Die Delegation \u00fcberreichte Putin einen Zehn-Punkte-Friedensfahrplan, der in groben Z\u00fcgen die notwendigen Schritte zur Beendigung der Feindseligkeiten zwischen Moskau und Kiew umrei\u00dft.<\/p>\n<p>In dem Dokument wird bekr\u00e4ftigt, dass die afrikanischen Staats- und Regierungschefs weitere Friedensinitiativen von Dritten begr\u00fc\u00dfen und dass der Konflikt &#8220;nicht ewig andauern kann&#8221; und alle Differenzen auf dem Verhandlungsweg beigelegt werden m\u00fcssen.<\/p>\n<p>In dem Plan hei\u00dft es, dass die afrikanischen Staaten die Souver\u00e4nit\u00e4t sowohl Russlands als auch der Ukraine im Sinne der UN-Charta respektieren und die beiden L\u00e4nder zur Deeskalation auffordern. Au\u00dferdem wird in dem Dokument gefordert, alle Beschr\u00e4nkungen f\u00fcr den Handel mit Getreide und anderen Waren aufzuheben und den vom Konflikt betroffenen Menschen humanit\u00e4re Hilfe zukommen zu lassen.<\/p>\n<p>Der Fahrplan fordert die beiden Parteien auf, alle Kriegsgefangenen freizulassen, w\u00e4hrend vor\u00fcbergehend vertriebene Personen, darunter auch Kinder, in ihre H\u00e4user zur\u00fcckkehren m\u00fcssen.<\/p>\n<p><strong>Putin enth\u00fcllt gescheitertes Istanbuler Abkommen<\/strong><\/p>\n<p>W\u00e4hrend des Treffens bekr\u00e4ftigte der russische Pr\u00e4sident, dass Moskau sich niemals geweigert habe, zu verhandeln, und wies darauf hin, dass der Dialog durch Kiew und seine Unterst\u00fctzer gef\u00e4hrdet sei. Putin legte auch eine Kopie eines vorl\u00e4ufigen Abkommens mit der Ukraine vor, das bei Gespr\u00e4chen in Istanbul im vergangenen Jahr paraphiert worden war.<\/p>\n<p>Die Ukraine habe das vorl\u00e4ufige Abkommen\u00a0umgehend gebrochen, nachdem Russland seine Truppen aus Kiew abgezogen hatte, wie in Istanbul vereinbart worden war, erkl\u00e4rte Putin. &#8220;Die Kiewer Beh\u00f6rden haben, wie es ihre Herren gew\u00f6hnlich tun, alles auf den Friedhof der Geschichte geworfen&#8221;, f\u00fcgte er hinzu und erkl\u00e4rte, dass niemand garantieren k\u00f6nne, dass die Ukraine in Zukunft mit neuen Vereinbarungen genauso verfahren w\u00fcrde.<\/p>\n<p><strong>Die Wurzeln der Nahrungsmittelkrise liegen woanders<\/strong><\/p>\n<p>Der russische Pr\u00e4sident sagte auch, dass die anhaltende Energie- und Nahrungsmittelkrise nicht durch den Konflikt mit der Ukraine ausgel\u00f6st wurde, sondern auf die Handlungen des kollektiven Westens zur\u00fcckzuf\u00fchren ist.<\/p>\n<blockquote>\n<p><em>&#8220;[Die\u00a0Nahrungsmittelkrise] wurde dadurch verursacht, dass die westlichen L\u00e4nder begannen, sich auf wirtschaftlich ungerechtfertigte Emissionen einzulassen, um ihre Probleme im Zusammenhang mit der Coronavirus-Pandemie zu l\u00f6sen.&#8221;<\/em><\/p>\n<\/blockquote>\n<p>Putin ging\u00a0zudem auf das von den Vereinten Nationen vermittelte Getreideabkommen ein und erkl\u00e4rte, dass es von Russland vereinbart und aufrechterhalten wurde, um die Probleme der Nahrungsmittelversorgung in den weniger sicheren L\u00e4ndern zu lindern. Dennoch funktionierte das Abkommen nicht genau so, wie es geplant war, da die Nahrungsmittel aus der Ukraine nicht nach Afrika, sondern in den Westen flossen.<\/p>\n<p>Bis zum 15. Juni seien 31,7 Millionen Tonnen landwirtschaftlicher Erzeugnisse aus ukrainischen H\u00e4fen exportiert worden. Davon wurden 976 Tausend Tonnen an die bed\u00fcrftigsten afrikanischen L\u00e4nder geliefert, so Putin.<\/p>\n<p><strong>Mehr zum Thema\u00a0<\/strong>\u2013\u00a0<a rel=\"nofollow noopener\" target=\"_blank\" href=\"https:\/\/freeassange.rtde.me\/russland\/172921-sankt-petersburger-wirtschaftsforum-vertraege-im\/\">Sankt Petersburger Wirtschaftsforum: Vertr\u00e4ge im Wert von 42 Milliarden Euro unterzeichnet<\/a><\/p>\n<div class=\"EmbedBlock-root EmbedBlock-externalVideo EmbedBlock-odysee\">\n<div class=\"VkEmbed\"><iframe class=\"lazyload\" data-src=\"https:\/\/odysee.com\/%24\/embed\/%40RTDE%3Ae%2Fselenskij-afrikanische-staatsoberh%C3%A4upter-und-hoppla-was-war-denn-da-los%3A9\" frameborder=\"0\" width=\"853\" height=\"480\" allowfullscreen><\/iframe><\/div>\n<\/div>\n<\/div>\n<p><br \/>\n<br \/><a href=\"https:\/\/de.rt.com\/russland\/172948-putins-treffen-mit-afrikanischen-staats\/\">Source link <\/a><\/p>\n","protected":false},"excerpt":{"rendered":"<p>Bei einem Treffen mit dem russischen Pr\u00e4sidenten Wladimir Putin am Samstag in Sankt Petersburg stellte eine Delegation hochrangiger afrikanischer Politiker und Beamter einen Zehn-Punkte-Friedensfahrplan f\u00fcr den Ukraine-Konflikt vor. Der russische Pr\u00e4sident Wladimir Putin\u00a0hat am Samstag eine gro\u00dfe Delegation afrikanischer Politiker in St. Petersburg empfangen. Die Gruppe reiste einen Tag nach einem Besuch in der Ukraine [&hellip;]<\/p>\n","protected":false},"author":3,"featured_media":38361,"comment_status":"open","ping_status":"open","sticky":false,"template":"","format":"standard","meta":{"_yoast_indexnow_last_ping":["1687073394"],"wp_automatic_camp":["217"],"fc74f3990bb78b9418b9809e529c2ba1":["Putins Treffen mit afrikanischen Staats- und Regierungschefs zum Ukraine-Konflikt"],"original_link":["https:\/\/de.rt.com\/russland\/172948-putins-treffen-mit-afrikanischen-staats\/"],"_thumbnail_id":["38361"],"_wptgpro_p2tg_sent2tg":["a:1:{i:23737;s:19:\"2023-06-18 09:31:27\";}"],"jnews_social_counter_last_update":["1777267661"]},"categories":[19,23],"tags":[32993,419,23746,27296,27205,354,1173,140,565],"yoast_head":"<!-- This site is optimized with the Yoast SEO Premium plugin v22.7 (Yoast SEO v22.7) - https:\/\/yoast.com\/wordpress\/plugins\/seo\/ -->\n<title>Putins Treffen mit afrikanischen Staats- und Regierungschefs zum Ukraine-Konflikt - just-now.NEWS Deutschland<\/title>\n<meta name=\"robots\" content=\"index, follow, max-snippet:-1, max-image-preview:large, max-video-preview:-1\" \/>\n<link rel=\"canonical\" href=\"https:\/\/now-news.de\/de\/deutschland\/putins-treffen-mit-afrikanischen-staats-und-regierungschefs-zum-ukraine-konflikt\/\" \/>\n<meta property=\"og:locale\" content=\"de_DE\" \/>\n<meta property=\"og:type\" content=\"article\" \/>\n<meta property=\"og:title\" content=\"Putins Treffen mit afrikanischen Staats- und Regierungschefs zum Ukraine-Konflikt\" \/>\n<meta property=\"og:description\" content=\"Bei einem Treffen mit dem russischen Pr\u00e4sidenten Wladimir Putin am Samstag in Sankt Petersburg stellte eine Delegation hochrangiger afrikanischer Politiker und Beamter einen Zehn-Punkte-Friedensfahrplan f\u00fcr den Ukraine-Konflikt vor. Der russische Pr\u00e4sident Wladimir Putin\u00a0hat am Samstag eine gro\u00dfe Delegation afrikanischer Politiker in St. Petersburg empfangen. Die Gruppe reiste einen Tag nach einem Besuch in der Ukraine [&hellip;]\" \/>\n<meta property=\"og:url\" content=\"https:\/\/now-news.de\/de\/deutschland\/putins-treffen-mit-afrikanischen-staats-und-regierungschefs-zum-ukraine-konflikt\/\" \/>\n<meta property=\"og:site_name\" content=\"just-now.NEWS Deutschland\" \/>\n<meta property=\"article:publisher\" content=\"https:\/\/www.facebook.com\/wirmachenauf\" \/>\n<meta property=\"article:published_time\" content=\"2023-06-18T07:16:26+00:00\" \/>\n<meta property=\"og:image\" content=\"https:\/\/now-news.de\/de\/wp-content\/uploads\/sites\/3\/2023\/06\/Putins-Treffen-mit-afrikanischen-Staats-und-Regierungschefs-zum-Ukraine-Konflikt.jpg\" \/>\n\t<meta property=\"og:image:width\" content=\"460\" \/>\n\t<meta property=\"og:image:height\" content=\"259\" \/>\n\t<meta property=\"og:image:type\" content=\"image\/jpeg\" \/>\n<meta name=\"author\" content=\"rtnews\" \/>\n<meta name=\"twitter:card\" content=\"summary_large_image\" \/>\n<meta name=\"twitter:creator\" content=\"@WirMachenAuf_de\" \/>\n<meta name=\"twitter:site\" content=\"@WirMachenAuf_de\" \/>\n<meta name=\"twitter:label1\" content=\"Verfasst von\" \/>\n\t<meta name=\"twitter:data1\" content=\"rtnews\" \/>\n\t<meta name=\"twitter:label2\" content=\"Gesch\u00e4tzte Lesezeit\" \/>\n\t<meta name=\"twitter:data2\" content=\"3\u00a0Minuten\" \/>\n<script type=\"application\/ld+json\" class=\"yoast-schema-graph\">{\"@context\":\"https:\/\/schema.org\",\"@graph\":[{\"@type\":\"Article\",\"@id\":\"https:\/\/now-news.de\/de\/deutschland\/putins-treffen-mit-afrikanischen-staats-und-regierungschefs-zum-ukraine-konflikt\/#article\",\"isPartOf\":{\"@id\":\"https:\/\/now-news.de\/de\/deutschland\/putins-treffen-mit-afrikanischen-staats-und-regierungschefs-zum-ukraine-konflikt\/\"},\"author\":{\"name\":\"rtnews\",\"@id\":\"https:\/\/now-news.de\/de\/#\/schema\/person\/fb534a4e865501d8b3285208df34a9b5\"},\"headline\":\"Putins Treffen mit afrikanischen Staats- und Regierungschefs zum Ukraine-Konflikt\",\"datePublished\":\"2023-06-18T07:16:26+00:00\",\"dateModified\":\"2023-06-18T07:16:26+00:00\",\"mainEntityOfPage\":{\"@id\":\"https:\/\/now-news.de\/de\/deutschland\/putins-treffen-mit-afrikanischen-staats-und-regierungschefs-zum-ukraine-konflikt\/\"},\"wordCount\":676,\"commentCount\":0,\"publisher\":{\"@id\":\"https:\/\/now-news.de\/de\/#organization\"},\"image\":{\"@id\":\"https:\/\/now-news.de\/de\/deutschland\/putins-treffen-mit-afrikanischen-staats-und-regierungschefs-zum-ukraine-konflikt\/#primaryimage\"},\"thumbnailUrl\":\"https:\/\/now-news.de\/de\/wp-content\/uploads\/sites\/3\/2023\/06\/Putins-Treffen-mit-afrikanischen-Staats-und-Regierungschefs-zum-Ukraine-Konflikt.jpg\",\"keywords\":[\"afrikanischen\",\"mit\",\"Putins\",\"Regierungschefs\",\"Staats\",\"Treffen\",\"UkraineKonflikt\",\"und\",\"zum\"],\"articleSection\":[\"Deutschland\",\"Russland\"],\"inLanguage\":\"de\",\"potentialAction\":[{\"@type\":\"CommentAction\",\"name\":\"Comment\",\"target\":[\"https:\/\/now-news.de\/de\/deutschland\/putins-treffen-mit-afrikanischen-staats-und-regierungschefs-zum-ukraine-konflikt\/#respond\"]}]},{\"@type\":\"WebPage\",\"@id\":\"https:\/\/now-news.de\/de\/deutschland\/putins-treffen-mit-afrikanischen-staats-und-regierungschefs-zum-ukraine-konflikt\/\",\"url\":\"https:\/\/now-news.de\/de\/deutschland\/putins-treffen-mit-afrikanischen-staats-und-regierungschefs-zum-ukraine-konflikt\/\",\"name\":\"Putins Treffen mit afrikanischen Staats- und Regierungschefs zum Ukraine-Konflikt - just-now.NEWS Deutschland\",\"isPartOf\":{\"@id\":\"https:\/\/now-news.de\/de\/#website\"},\"primaryImageOfPage\":{\"@id\":\"https:\/\/now-news.de\/de\/deutschland\/putins-treffen-mit-afrikanischen-staats-und-regierungschefs-zum-ukraine-konflikt\/#primaryimage\"},\"image\":{\"@id\":\"https:\/\/now-news.de\/de\/deutschland\/putins-treffen-mit-afrikanischen-staats-und-regierungschefs-zum-ukraine-konflikt\/#primaryimage\"},\"thumbnailUrl\":\"https:\/\/now-news.de\/de\/wp-content\/uploads\/sites\/3\/2023\/06\/Putins-Treffen-mit-afrikanischen-Staats-und-Regierungschefs-zum-Ukraine-Konflikt.jpg\",\"datePublished\":\"2023-06-18T07:16:26+00:00\",\"dateModified\":\"2023-06-18T07:16:26+00:00\",\"breadcrumb\":{\"@id\":\"https:\/\/now-news.de\/de\/deutschland\/putins-treffen-mit-afrikanischen-staats-und-regierungschefs-zum-ukraine-konflikt\/#breadcrumb\"},\"inLanguage\":\"de\",\"potentialAction\":[{\"@type\":\"ReadAction\",\"target\":[\"https:\/\/now-news.de\/de\/deutschland\/putins-treffen-mit-afrikanischen-staats-und-regierungschefs-zum-ukraine-konflikt\/\"]}]},{\"@type\":\"ImageObject\",\"inLanguage\":\"de\",\"@id\":\"https:\/\/now-news.de\/de\/deutschland\/putins-treffen-mit-afrikanischen-staats-und-regierungschefs-zum-ukraine-konflikt\/#primaryimage\",\"url\":\"https:\/\/now-news.de\/de\/wp-content\/uploads\/sites\/3\/2023\/06\/Putins-Treffen-mit-afrikanischen-Staats-und-Regierungschefs-zum-Ukraine-Konflikt.jpg\",\"contentUrl\":\"https:\/\/now-news.de\/de\/wp-content\/uploads\/sites\/3\/2023\/06\/Putins-Treffen-mit-afrikanischen-Staats-und-Regierungschefs-zum-Ukraine-Konflikt.jpg\",\"width\":460,\"height\":259,\"caption\":\"Putins Treffen mit afrikanischen Staats- und Regierungschefs zum Ukraine-Konflikt\"},{\"@type\":\"BreadcrumbList\",\"@id\":\"https:\/\/now-news.de\/de\/deutschland\/putins-treffen-mit-afrikanischen-staats-und-regierungschefs-zum-ukraine-konflikt\/#breadcrumb\",\"itemListElement\":[{\"@type\":\"ListItem\",\"position\":1,\"name\":\"Home\",\"item\":\"https:\/\/now-news.de\/de\/\"},{\"@type\":\"ListItem\",\"position\":2,\"name\":\"Putins Treffen mit afrikanischen Staats- und Regierungschefs zum Ukraine-Konflikt\"}]},{\"@type\":\"WebSite\",\"@id\":\"https:\/\/now-news.de\/de\/#website\",\"url\":\"https:\/\/now-news.de\/de\/\",\"name\":\"just-now.NEWS Deutschland\",\"description\":\"Das Portal f\u00fcr unzensierte Nachrichten aus der Welt\",\"publisher\":{\"@id\":\"https:\/\/now-news.de\/de\/#organization\"},\"potentialAction\":[{\"@type\":\"SearchAction\",\"target\":{\"@type\":\"EntryPoint\",\"urlTemplate\":\"https:\/\/now-news.de\/de\/?s={search_term_string}\"},\"query-input\":\"required name=search_term_string\"}],\"inLanguage\":\"de\"},{\"@type\":\"Organization\",\"@id\":\"https:\/\/now-news.de\/de\/#organization\",\"name\":\"Just Now News\",\"url\":\"https:\/\/now-news.de\/de\/\",\"logo\":{\"@type\":\"ImageObject\",\"inLanguage\":\"de\",\"@id\":\"https:\/\/now-news.de\/de\/#\/schema\/logo\/image\/\",\"url\":\"http:\/\/just-now.news\/de\/wp-content\/uploads\/sites\/3\/2022\/04\/logo500x500.jpg\",\"contentUrl\":\"http:\/\/just-now.news\/de\/wp-content\/uploads\/sites\/3\/2022\/04\/logo500x500.jpg\",\"width\":500,\"height\":500,\"caption\":\"Just Now News\"},\"image\":{\"@id\":\"https:\/\/now-news.de\/de\/#\/schema\/logo\/image\/\"},\"sameAs\":[\"https:\/\/www.facebook.com\/wirmachenauf\",\"https:\/\/x.com\/WirMachenAuf_de\"]},{\"@type\":\"Person\",\"@id\":\"https:\/\/now-news.de\/de\/#\/schema\/person\/fb534a4e865501d8b3285208df34a9b5\",\"name\":\"rtnews\",\"image\":{\"@type\":\"ImageObject\",\"inLanguage\":\"de\",\"@id\":\"https:\/\/now-news.de\/de\/#\/schema\/person\/image\/\",\"url\":\"https:\/\/secure.gravatar.com\/avatar\/82aafea7d8127119dd649515f56e2117?s=96&d=mm&r=g\",\"contentUrl\":\"https:\/\/secure.gravatar.com\/avatar\/82aafea7d8127119dd649515f56e2117?s=96&d=mm&r=g\",\"caption\":\"rtnews\"},\"url\":\"https:\/\/now-news.de\/de\/author\/rnews\/\"}]}<\/script>\n<!-- \/ Yoast SEO Premium plugin. -->","yoast_head_json":{"title":"Putins Treffen mit afrikanischen Staats- und Regierungschefs zum Ukraine-Konflikt - just-now.NEWS Deutschland","robots":{"index":"index","follow":"follow","max-snippet":"max-snippet:-1","max-image-preview":"max-image-preview:large","max-video-preview":"max-video-preview:-1"},"canonical":"https:\/\/now-news.de\/de\/deutschland\/putins-treffen-mit-afrikanischen-staats-und-regierungschefs-zum-ukraine-konflikt\/","og_locale":"de_DE","og_type":"article","og_title":"Putins Treffen mit afrikanischen Staats- und Regierungschefs zum Ukraine-Konflikt","og_description":"Bei einem Treffen mit dem russischen Pr\u00e4sidenten Wladimir Putin am Samstag in Sankt Petersburg stellte eine Delegation hochrangiger afrikanischer Politiker und Beamter einen Zehn-Punkte-Friedensfahrplan f\u00fcr den Ukraine-Konflikt vor. Der russische Pr\u00e4sident Wladimir Putin\u00a0hat am Samstag eine gro\u00dfe Delegation afrikanischer Politiker in St. Petersburg empfangen. Die Gruppe reiste einen Tag nach einem Besuch in der Ukraine [&hellip;]","og_url":"https:\/\/now-news.de\/de\/deutschland\/putins-treffen-mit-afrikanischen-staats-und-regierungschefs-zum-ukraine-konflikt\/","og_site_name":"just-now.NEWS Deutschland","article_publisher":"https:\/\/www.facebook.com\/wirmachenauf","article_published_time":"2023-06-18T07:16:26+00:00","og_image":[{"width":460,"height":259,"url":"https:\/\/now-news.de\/de\/wp-content\/uploads\/sites\/3\/2023\/06\/Putins-Treffen-mit-afrikanischen-Staats-und-Regierungschefs-zum-Ukraine-Konflikt.jpg","type":"image\/jpeg"}],"author":"rtnews","twitter_card":"summary_large_image","twitter_creator":"@WirMachenAuf_de","twitter_site":"@WirMachenAuf_de","twitter_misc":{"Verfasst von":"rtnews","Gesch\u00e4tzte Lesezeit":"3\u00a0Minuten"},"schema":{"@context":"https:\/\/schema.org","@graph":[{"@type":"Article","@id":"https:\/\/now-news.de\/de\/deutschland\/putins-treffen-mit-afrikanischen-staats-und-regierungschefs-zum-ukraine-konflikt\/#article","isPartOf":{"@id":"https:\/\/now-news.de\/de\/deutschland\/putins-treffen-mit-afrikanischen-staats-und-regierungschefs-zum-ukraine-konflikt\/"},"author":{"name":"rtnews","@id":"https:\/\/now-news.de\/de\/#\/schema\/person\/fb534a4e865501d8b3285208df34a9b5"},"headline":"Putins Treffen mit afrikanischen Staats- und Regierungschefs zum Ukraine-Konflikt","datePublished":"2023-06-18T07:16:26+00:00","dateModified":"2023-06-18T07:16:26+00:00","mainEntityOfPage":{"@id":"https:\/\/now-news.de\/de\/deutschland\/putins-treffen-mit-afrikanischen-staats-und-regierungschefs-zum-ukraine-konflikt\/"},"wordCount":676,"commentCount":0,"publisher":{"@id":"https:\/\/now-news.de\/de\/#organization"},"image":{"@id":"https:\/\/now-news.de\/de\/deutschland\/putins-treffen-mit-afrikanischen-staats-und-regierungschefs-zum-ukraine-konflikt\/#primaryimage"},"thumbnailUrl":"https:\/\/now-news.de\/de\/wp-content\/uploads\/sites\/3\/2023\/06\/Putins-Treffen-mit-afrikanischen-Staats-und-Regierungschefs-zum-Ukraine-Konflikt.jpg","keywords":["afrikanischen","mit","Putins","Regierungschefs","Staats","Treffen","UkraineKonflikt","und","zum"],"articleSection":["Deutschland","Russland"],"inLanguage":"de","potentialAction":[{"@type":"CommentAction","name":"Comment","target":["https:\/\/now-news.de\/de\/deutschland\/putins-treffen-mit-afrikanischen-staats-und-regierungschefs-zum-ukraine-konflikt\/#respond"]}]},{"@type":"WebPage","@id":"https:\/\/now-news.de\/de\/deutschland\/putins-treffen-mit-afrikanischen-staats-und-regierungschefs-zum-ukraine-konflikt\/","url":"https:\/\/now-news.de\/de\/deutschland\/putins-treffen-mit-afrikanischen-staats-und-regierungschefs-zum-ukraine-konflikt\/","name":"Putins Treffen mit afrikanischen Staats- und Regierungschefs zum Ukraine-Konflikt - just-now.NEWS Deutschland","isPartOf":{"@id":"https:\/\/now-news.de\/de\/#website"},"primaryImageOfPage":{"@id":"https:\/\/now-news.de\/de\/deutschland\/putins-treffen-mit-afrikanischen-staats-und-regierungschefs-zum-ukraine-konflikt\/#primaryimage"},"image":{"@id":"https:\/\/now-news.de\/de\/deutschland\/putins-treffen-mit-afrikanischen-staats-und-regierungschefs-zum-ukraine-konflikt\/#primaryimage"},"thumbnailUrl":"https:\/\/now-news.de\/de\/wp-content\/uploads\/sites\/3\/2023\/06\/Putins-Treffen-mit-afrikanischen-Staats-und-Regierungschefs-zum-Ukraine-Konflikt.jpg","datePublished":"2023-06-18T07:16:26+00:00","dateModified":"2023-06-18T07:16:26+00:00","breadcrumb":{"@id":"https:\/\/now-news.de\/de\/deutschland\/putins-treffen-mit-afrikanischen-staats-und-regierungschefs-zum-ukraine-konflikt\/#breadcrumb"},"inLanguage":"de","potentialAction":[{"@type":"ReadAction","target":["https:\/\/now-news.de\/de\/deutschland\/putins-treffen-mit-afrikanischen-staats-und-regierungschefs-zum-ukraine-konflikt\/"]}]},{"@type":"ImageObject","inLanguage":"de","@id":"https:\/\/now-news.de\/de\/deutschland\/putins-treffen-mit-afrikanischen-staats-und-regierungschefs-zum-ukraine-konflikt\/#primaryimage","url":"https:\/\/now-news.de\/de\/wp-content\/uploads\/sites\/3\/2023\/06\/Putins-Treffen-mit-afrikanischen-Staats-und-Regierungschefs-zum-Ukraine-Konflikt.jpg","contentUrl":"https:\/\/now-news.de\/de\/wp-content\/uploads\/sites\/3\/2023\/06\/Putins-Treffen-mit-afrikanischen-Staats-und-Regierungschefs-zum-Ukraine-Konflikt.jpg","width":460,"height":259,"caption":"Putins Treffen mit afrikanischen Staats- und Regierungschefs zum Ukraine-Konflikt"},{"@type":"BreadcrumbList","@id":"https:\/\/now-news.de\/de\/deutschland\/putins-treffen-mit-afrikanischen-staats-und-regierungschefs-zum-ukraine-konflikt\/#breadcrumb","itemListElement":[{"@type":"ListItem","position":1,"name":"Home","item":"https:\/\/now-news.de\/de\/"},{"@type":"ListItem","position":2,"name":"Putins Treffen mit afrikanischen Staats- und Regierungschefs zum Ukraine-Konflikt"}]},{"@type":"WebSite","@id":"https:\/\/now-news.de\/de\/#website","url":"https:\/\/now-news.de\/de\/","name":"just-now.NEWS Deutschland","description":"Das Portal f\u00fcr unzensierte Nachrichten aus der Welt","publisher":{"@id":"https:\/\/now-news.de\/de\/#organization"},"potentialAction":[{"@type":"SearchAction","target":{"@type":"EntryPoint","urlTemplate":"https:\/\/now-news.de\/de\/?s={search_term_string}"},"query-input":"required name=search_term_string"}],"inLanguage":"de"},{"@type":"Organization","@id":"https:\/\/now-news.de\/de\/#organization","name":"Just Now News","url":"https:\/\/now-news.de\/de\/","logo":{"@type":"ImageObject","inLanguage":"de","@id":"https:\/\/now-news.de\/de\/#\/schema\/logo\/image\/","url":"http:\/\/just-now.news\/de\/wp-content\/uploads\/sites\/3\/2022\/04\/logo500x500.jpg","contentUrl":"http:\/\/just-now.news\/de\/wp-content\/uploads\/sites\/3\/2022\/04\/logo500x500.jpg","width":500,"height":500,"caption":"Just Now News"},"image":{"@id":"https:\/\/now-news.de\/de\/#\/schema\/logo\/image\/"},"sameAs":["https:\/\/www.facebook.com\/wirmachenauf","https:\/\/x.com\/WirMachenAuf_de"]},{"@type":"Person","@id":"https:\/\/now-news.de\/de\/#\/schema\/person\/fb534a4e865501d8b3285208df34a9b5","name":"rtnews","image":{"@type":"ImageObject","inLanguage":"de","@id":"https:\/\/now-news.de\/de\/#\/schema\/person\/image\/","url":"https:\/\/secure.gravatar.com\/avatar\/82aafea7d8127119dd649515f56e2117?s=96&d=mm&r=g","contentUrl":"https:\/\/secure.gravatar.com\/avatar\/82aafea7d8127119dd649515f56e2117?s=96&d=mm&r=g","caption":"rtnews"},"url":"https:\/\/now-news.de\/de\/author\/rnews\/"}]}},"_links":{"self":[{"href":"https:\/\/now-news.de\/de\/wp-json\/wp\/v2\/posts\/38360"}],"collection":[{"href":"https:\/\/now-news.de\/de\/wp-json\/wp\/v2\/posts"}],"about":[{"href":"https:\/\/now-news.de\/de\/wp-json\/wp\/v2\/types\/post"}],"author":[{"embeddable":true,"href":"https:\/\/now-news.de\/de\/wp-json\/wp\/v2\/users\/3"}],"replies":[{"embeddable":true,"href":"https:\/\/now-news.de\/de\/wp-json\/wp\/v2\/comments?post=38360"}],"version-history":[{"count":0,"href":"https:\/\/now-news.de\/de\/wp-json\/wp\/v2\/posts\/38360\/revisions"}],"wp:featuredmedia":[{"embeddable":true,"href":"https:\/\/now-news.de\/de\/wp-json\/wp\/v2\/media\/38361"}],"wp:attachment":[{"href":"https:\/\/now-news.de\/de\/wp-json\/wp\/v2\/media?parent=38360"}],"wp:term":[{"taxonomy":"category","embeddable":true,"href":"https:\/\/now-news.de\/de\/wp-json\/wp\/v2\/categories?post=38360"},{"taxonomy":"post_tag","embeddable":true,"href":"https:\/\/now-news.de\/de\/wp-json\/wp\/v2\/tags?post=38360"}],"curies":[{"name":"wp","href":"https:\/\/api.w.org\/{rel}","templated":true}]}}