{"id":38340,"date":"2023-06-17T17:50:45","date_gmt":"2023-06-17T15:50:45","guid":{"rendered":"https:\/\/just-now.news\/de\/deutschland\/wegen-vertrauenskrise-mali-fordert-unverzuegliche-beendigung-der-un-mission-minusma\/"},"modified":"2023-06-17T17:50:45","modified_gmt":"2023-06-17T15:50:45","slug":"wegen-vertrauenskrise-mali-fordert-unverzuegliche-beendigung-der-un-mission-minusma","status":"publish","type":"post","link":"https:\/\/now-news.de\/de\/deutschland\/wegen-vertrauenskrise-mali-fordert-unverzuegliche-beendigung-der-un-mission-minusma\/","title":{"rendered":"Wegen Vertrauenskrise: Mali fordert unverz\u00fcgliche Beendigung der UN-Mission MINUSMA"},"content":{"rendered":"<p><img decoding=\"async\" src=\"http:\/\/just-now.news\/de\/wp-content\/uploads\/sites\/3\/2023\/06\/648d6cf348fbef1c637f92b9.jpg\" \/><\/p>\n<div class=\"Text-root Text-type_1 \">\n                Seit Juli 2013 ist im westafrikanischen Binnenstaat Mali eine Stabilisierungsmission der Vereinten Nationen pr\u00e4sent. Obwohl die UNO momentan eine Verl\u00e4ngerung der MINUSMA er\u00f6rtert, fordert die Regierung in Bamako, den Einsatz der Blauhelme unverz\u00fcglich zu beenden.\n            <\/div>\n<p><\/p>\n<div class=\"Text-root Text-type_5 ArticleView-text ViewText-root \">\n<p>Die malische Regierung hat die Vereinten Nationen gebeten, die im Land agierende sogenannte Multidimensionale Integrierte UN-Stabilisierungsmission (MINUSMA) unverz\u00fcglich zu beenden. Diese Aufforderung brachte der Au\u00dfenminister des westafrikanischen Binnenstaates Abdoulaye Diop zum Ausdruck. Er <a rel=\"nofollow noopener\" target=\"_blank\" href=\"https:\/\/www.unmultimedia.org\/avlibrary\/asset\/3060\/3060210\/\">begr\u00fcndete<\/a> dies damit, dass die internationalen Vereinbarungen in Bezug auf die Mission seit deren Gr\u00fcndung im Jahr 2013 an ihre Grenzen gesto\u00dfen seien. Diop meinte dar\u00fcber hinaus, dass die Sicherheit in seinem Land damals viel besser als jetzt gewesen sei. \u00a0\u00a0\u00a0\u00a0\u00a0<\/p>\n<p>Am Freitag\u00a0<a rel=\"nofollow noopener\" target=\"_blank\" href=\"https:\/\/www.reuters.com\/world\/africa\/mali-asks-united-nations-withdraw-peacekeeping-force-minusma-foreign-minister-2023-06-16\/\">erkl\u00e4rte<\/a> der malische Chefdiplomat bei einer Sitzung des UN-Sicherheitsrates in New York:<\/p>\n<blockquote>\n<p><em>&#8220;Bedauerlicherweise scheint die MINUSMA zu einem Teil des Problems geworden zu sein, indem sie die Spannungen zwischen den Gemeinschaften sch\u00fcrt. Diese Situation erzeugt Misstrauen innerhalb der malischen Bev\u00f6lkerung und verursacht eine Vertrauenskrise zwischen den malischen Beh\u00f6rden und der MINUSMA.&#8221;<\/em><\/p>\n<\/blockquote>\n<p>Russlands UN-Botschafter Wassili Nebensja erkl\u00e4rte bei der Diskussion, dass die UN-Stabilisierungsmission in Mali keine Befugnisse habe, um eine der wichtigsten Herausforderungen des afrikanischen Landes zu l\u00f6sen:<\/p>\n<blockquote>\n<p><em>&#8220;Das Hauptproblem liegt nicht an der Anzahl der Friedensstiftern, sondern an den von ihnen zu erf\u00fcllenden Funktionen. Eine der Schl\u00fcsselaufgaben der malischen Regierung ist die Terrorbek\u00e4mpfung, die das Mandat der UN-Blauhelme nicht vorsieht.&#8221;<\/em><\/p>\n<\/blockquote>\n<p>Nebensja betonte, dass einer der wichtigsten Punkte des Mandats darin bestehe, die Zivilbev\u00f6lkerung zu sch\u00fctzen und der Regierung in Bamako dabei zu helfen. Der russische Diplomat kritisierte in diesem Zusammenhang, dass sich die MINUSMA dabei zu sehr auf die innenpolitischen Aspekte im afrikanischen Land konzentriere. Der &#8220;Drall in Richtung Menschenrechte in der T\u00e4tigkeit der Friedensstifter&#8221; schade der Erf\u00fcllung der Hauptaufgaben, die darin best\u00fcnden, Frieden und Sicherheit in Mali aufrechtzuerhalten.<\/p>\n<p>Das UN-Mandat der Stabilisierungsmission l\u00e4uft am 30. Juni aus. Bis dahin hat der UN-Sicherheitsrat Zeit, den Einsatz zu verl\u00e4ngern. Die entsprechende Resolution muss von mindestens neun der insgesamt 15 Mitgliedern des Gremiums unterst\u00fctzt werden, ohne dass\u00a0eines der st\u00e4ndigen Ratsmitglieder Russland, China, USA, Gro\u00dfbritannien und Frankreich dagegen sein Veto einlegt.<\/p>\n<p>Die Mission war mit der Resolution 2100 des UN-Sicherheitsrates vom 25. April 2013 begr\u00fcndet worden. Das Mandat umfasste 11.000 Soldaten. Es war zun\u00e4chst auf ein Jahr bis zum 1. Juli 2014 befristet und wurde in den folgenden Jahren jeweils im Juni f\u00fcr ein weiteres Jahr verl\u00e4ngert. Ende Mai 2023 <a rel=\"nofollow noopener\" target=\"_blank\" href=\"https:\/\/www.bundesregierung.de\/breg-de\/suche\/minusma-letztmalig-verlaengert-2187314\">verl\u00e4ngerte<\/a> die deutsche Bundesregierung letztmalig die Beteiligung der Bundeswehr am Einsatz bis Mai 2024. Um trotzdem in der Region pr\u00e4sent zu bleiben, stimmte der Bundestag Ende April 2023 einer Beteiligung an der neuen Partnerschaftsmission der Europ\u00e4ischen Union in Niger (EUMPM Niger) zu.<\/p>\n<p><strong>Mehr zum Thema<\/strong> \u2013 <a rel=\"nofollow noopener\" target=\"_blank\" href=\"https:\/\/freeassange.rtde.life\/inland\/163971-bundeswehrverband-fordert-abzug-aus-mali\/\">&#8220;Wir bewachen uns eigentlich nur noch selbst&#8221; \u2013 Bundeswehrverband fordert Abzug aus Mali<\/a><\/p>\n<\/p>\n<\/div>\n<p><br \/>\n<br \/><a href=\"https:\/\/de.rt.com\/afrika\/172884-mali-fordert-unverzuegliche-beendigung-der-un-mission-minusma\/\">Source link <\/a><\/p>\n","protected":false},"excerpt":{"rendered":"<p>Seit Juli 2013 ist im westafrikanischen Binnenstaat Mali eine Stabilisierungsmission der Vereinten Nationen pr\u00e4sent. Obwohl die UNO momentan eine Verl\u00e4ngerung der MINUSMA er\u00f6rtert, fordert die Regierung in Bamako, den Einsatz der Blauhelme unverz\u00fcglich zu beenden. Die malische Regierung hat die Vereinten Nationen gebeten, die im Land agierende sogenannte Multidimensionale Integrierte UN-Stabilisierungsmission (MINUSMA) unverz\u00fcglich zu beenden. [&hellip;]<\/p>\n","protected":false},"author":3,"featured_media":38341,"comment_status":"open","ping_status":"open","sticky":false,"template":"","format":"standard","meta":{"_yoast_indexnow_last_ping":["1687018500"],"wp_automatic_camp":["217"],"23b0d2ff44aa9fdb4a6ca405d636d61c":["Wegen Vertrauenskrise: Mali fordert unverz\u00fcgliche Beendigung der UN-Mission MINUSMA"],"original_link":["https:\/\/de.rt.com\/afrika\/172884-mali-fordert-unverzuegliche-beendigung-der-un-mission-minusma\/"],"_thumbnail_id":["38341"],"_wptgpro_p2tg_sent2tg":["a:1:{i:23737;s:19:\"2023-06-17 18:16:03\";}"],"jnews_social_counter_last_update":["1777199767"]},"categories":[19,23],"tags":[25187,82,355,17736,45737,45736,45735,45734,145],"yoast_head":"<!-- This site is optimized with the Yoast SEO Premium plugin v22.7 (Yoast SEO v22.7) - https:\/\/yoast.com\/wordpress\/plugins\/seo\/ -->\n<title>Wegen Vertrauenskrise: Mali fordert unverz\u00fcgliche Beendigung der UN-Mission MINUSMA - just-now.NEWS Deutschland<\/title>\n<meta name=\"robots\" content=\"index, follow, max-snippet:-1, max-image-preview:large, max-video-preview:-1\" \/>\n<link rel=\"canonical\" href=\"https:\/\/now-news.de\/de\/deutschland\/wegen-vertrauenskrise-mali-fordert-unverzuegliche-beendigung-der-un-mission-minusma\/\" \/>\n<meta property=\"og:locale\" content=\"de_DE\" \/>\n<meta property=\"og:type\" content=\"article\" \/>\n<meta property=\"og:title\" content=\"Wegen Vertrauenskrise: Mali fordert unverz\u00fcgliche Beendigung der UN-Mission MINUSMA\" \/>\n<meta property=\"og:description\" content=\"Seit Juli 2013 ist im westafrikanischen Binnenstaat Mali eine Stabilisierungsmission der Vereinten Nationen pr\u00e4sent. Obwohl die UNO momentan eine Verl\u00e4ngerung der MINUSMA er\u00f6rtert, fordert die Regierung in Bamako, den Einsatz der Blauhelme unverz\u00fcglich zu beenden. Die malische Regierung hat die Vereinten Nationen gebeten, die im Land agierende sogenannte Multidimensionale Integrierte UN-Stabilisierungsmission (MINUSMA) unverz\u00fcglich zu beenden. [&hellip;]\" \/>\n<meta property=\"og:url\" content=\"https:\/\/now-news.de\/de\/deutschland\/wegen-vertrauenskrise-mali-fordert-unverzuegliche-beendigung-der-un-mission-minusma\/\" \/>\n<meta property=\"og:site_name\" content=\"just-now.NEWS Deutschland\" \/>\n<meta property=\"article:publisher\" content=\"https:\/\/www.facebook.com\/wirmachenauf\" \/>\n<meta property=\"article:published_time\" content=\"2023-06-17T15:50:45+00:00\" \/>\n<meta property=\"og:image\" content=\"https:\/\/now-news.de\/de\/wp-content\/uploads\/sites\/3\/2023\/06\/Wegen-Vertrauenskrise-Mali-fordert-unverzuegliche-Beendigung-der-UN-Mission-MINUSMA.jpg\" \/>\n\t<meta property=\"og:image:width\" content=\"460\" \/>\n\t<meta property=\"og:image:height\" content=\"259\" \/>\n\t<meta property=\"og:image:type\" content=\"image\/jpeg\" \/>\n<meta name=\"author\" content=\"rtnews\" \/>\n<meta name=\"twitter:card\" content=\"summary_large_image\" \/>\n<meta name=\"twitter:creator\" content=\"@WirMachenAuf_de\" \/>\n<meta name=\"twitter:site\" content=\"@WirMachenAuf_de\" \/>\n<meta name=\"twitter:label1\" content=\"Verfasst von\" \/>\n\t<meta name=\"twitter:data1\" content=\"rtnews\" \/>\n\t<meta name=\"twitter:label2\" content=\"Gesch\u00e4tzte Lesezeit\" \/>\n\t<meta name=\"twitter:data2\" content=\"2\u00a0Minuten\" \/>\n<script type=\"application\/ld+json\" class=\"yoast-schema-graph\">{\"@context\":\"https:\/\/schema.org\",\"@graph\":[{\"@type\":\"Article\",\"@id\":\"https:\/\/now-news.de\/de\/deutschland\/wegen-vertrauenskrise-mali-fordert-unverzuegliche-beendigung-der-un-mission-minusma\/#article\",\"isPartOf\":{\"@id\":\"https:\/\/now-news.de\/de\/deutschland\/wegen-vertrauenskrise-mali-fordert-unverzuegliche-beendigung-der-un-mission-minusma\/\"},\"author\":{\"name\":\"rtnews\",\"@id\":\"https:\/\/now-news.de\/de\/#\/schema\/person\/fb534a4e865501d8b3285208df34a9b5\"},\"headline\":\"Wegen Vertrauenskrise: Mali fordert unverz\u00fcgliche Beendigung der UN-Mission MINUSMA\",\"datePublished\":\"2023-06-17T15:50:45+00:00\",\"dateModified\":\"2023-06-17T15:50:45+00:00\",\"mainEntityOfPage\":{\"@id\":\"https:\/\/now-news.de\/de\/deutschland\/wegen-vertrauenskrise-mali-fordert-unverzuegliche-beendigung-der-un-mission-minusma\/\"},\"wordCount\":481,\"commentCount\":0,\"publisher\":{\"@id\":\"https:\/\/now-news.de\/de\/#organization\"},\"image\":{\"@id\":\"https:\/\/now-news.de\/de\/deutschland\/wegen-vertrauenskrise-mali-fordert-unverzuegliche-beendigung-der-un-mission-minusma\/#primaryimage\"},\"thumbnailUrl\":\"https:\/\/now-news.de\/de\/wp-content\/uploads\/sites\/3\/2023\/06\/Wegen-Vertrauenskrise-Mali-fordert-unverzuegliche-Beendigung-der-UN-Mission-MINUSMA.jpg\",\"keywords\":[\"Beendigung\",\"der\",\"fordert\",\"Mali\",\"MINUSMA\",\"UNMission\",\"unverz\u00fcgliche\",\"Vertrauenskrise\",\"wegen\"],\"articleSection\":[\"Deutschland\",\"Russland\"],\"inLanguage\":\"de\",\"potentialAction\":[{\"@type\":\"CommentAction\",\"name\":\"Comment\",\"target\":[\"https:\/\/now-news.de\/de\/deutschland\/wegen-vertrauenskrise-mali-fordert-unverzuegliche-beendigung-der-un-mission-minusma\/#respond\"]}]},{\"@type\":\"WebPage\",\"@id\":\"https:\/\/now-news.de\/de\/deutschland\/wegen-vertrauenskrise-mali-fordert-unverzuegliche-beendigung-der-un-mission-minusma\/\",\"url\":\"https:\/\/now-news.de\/de\/deutschland\/wegen-vertrauenskrise-mali-fordert-unverzuegliche-beendigung-der-un-mission-minusma\/\",\"name\":\"Wegen Vertrauenskrise: Mali fordert unverz\u00fcgliche Beendigung der UN-Mission MINUSMA - just-now.NEWS Deutschland\",\"isPartOf\":{\"@id\":\"https:\/\/now-news.de\/de\/#website\"},\"primaryImageOfPage\":{\"@id\":\"https:\/\/now-news.de\/de\/deutschland\/wegen-vertrauenskrise-mali-fordert-unverzuegliche-beendigung-der-un-mission-minusma\/#primaryimage\"},\"image\":{\"@id\":\"https:\/\/now-news.de\/de\/deutschland\/wegen-vertrauenskrise-mali-fordert-unverzuegliche-beendigung-der-un-mission-minusma\/#primaryimage\"},\"thumbnailUrl\":\"https:\/\/now-news.de\/de\/wp-content\/uploads\/sites\/3\/2023\/06\/Wegen-Vertrauenskrise-Mali-fordert-unverzuegliche-Beendigung-der-UN-Mission-MINUSMA.jpg\",\"datePublished\":\"2023-06-17T15:50:45+00:00\",\"dateModified\":\"2023-06-17T15:50:45+00:00\",\"breadcrumb\":{\"@id\":\"https:\/\/now-news.de\/de\/deutschland\/wegen-vertrauenskrise-mali-fordert-unverzuegliche-beendigung-der-un-mission-minusma\/#breadcrumb\"},\"inLanguage\":\"de\",\"potentialAction\":[{\"@type\":\"ReadAction\",\"target\":[\"https:\/\/now-news.de\/de\/deutschland\/wegen-vertrauenskrise-mali-fordert-unverzuegliche-beendigung-der-un-mission-minusma\/\"]}]},{\"@type\":\"ImageObject\",\"inLanguage\":\"de\",\"@id\":\"https:\/\/now-news.de\/de\/deutschland\/wegen-vertrauenskrise-mali-fordert-unverzuegliche-beendigung-der-un-mission-minusma\/#primaryimage\",\"url\":\"https:\/\/now-news.de\/de\/wp-content\/uploads\/sites\/3\/2023\/06\/Wegen-Vertrauenskrise-Mali-fordert-unverzuegliche-Beendigung-der-UN-Mission-MINUSMA.jpg\",\"contentUrl\":\"https:\/\/now-news.de\/de\/wp-content\/uploads\/sites\/3\/2023\/06\/Wegen-Vertrauenskrise-Mali-fordert-unverzuegliche-Beendigung-der-UN-Mission-MINUSMA.jpg\",\"width\":460,\"height\":259,\"caption\":\"Wegen Vertrauenskrise: Mali fordert unverz\u00fcgliche Beendigung der UN-Mission MINUSMA\"},{\"@type\":\"BreadcrumbList\",\"@id\":\"https:\/\/now-news.de\/de\/deutschland\/wegen-vertrauenskrise-mali-fordert-unverzuegliche-beendigung-der-un-mission-minusma\/#breadcrumb\",\"itemListElement\":[{\"@type\":\"ListItem\",\"position\":1,\"name\":\"Home\",\"item\":\"https:\/\/now-news.de\/de\/\"},{\"@type\":\"ListItem\",\"position\":2,\"name\":\"Wegen Vertrauenskrise: Mali fordert unverz\u00fcgliche Beendigung der UN-Mission MINUSMA\"}]},{\"@type\":\"WebSite\",\"@id\":\"https:\/\/now-news.de\/de\/#website\",\"url\":\"https:\/\/now-news.de\/de\/\",\"name\":\"just-now.NEWS Deutschland\",\"description\":\"Das Portal f\u00fcr unzensierte Nachrichten aus der Welt\",\"publisher\":{\"@id\":\"https:\/\/now-news.de\/de\/#organization\"},\"potentialAction\":[{\"@type\":\"SearchAction\",\"target\":{\"@type\":\"EntryPoint\",\"urlTemplate\":\"https:\/\/now-news.de\/de\/?s={search_term_string}\"},\"query-input\":\"required name=search_term_string\"}],\"inLanguage\":\"de\"},{\"@type\":\"Organization\",\"@id\":\"https:\/\/now-news.de\/de\/#organization\",\"name\":\"Just Now News\",\"url\":\"https:\/\/now-news.de\/de\/\",\"logo\":{\"@type\":\"ImageObject\",\"inLanguage\":\"de\",\"@id\":\"https:\/\/now-news.de\/de\/#\/schema\/logo\/image\/\",\"url\":\"http:\/\/just-now.news\/de\/wp-content\/uploads\/sites\/3\/2022\/04\/logo500x500.jpg\",\"contentUrl\":\"http:\/\/just-now.news\/de\/wp-content\/uploads\/sites\/3\/2022\/04\/logo500x500.jpg\",\"width\":500,\"height\":500,\"caption\":\"Just Now News\"},\"image\":{\"@id\":\"https:\/\/now-news.de\/de\/#\/schema\/logo\/image\/\"},\"sameAs\":[\"https:\/\/www.facebook.com\/wirmachenauf\",\"https:\/\/x.com\/WirMachenAuf_de\"]},{\"@type\":\"Person\",\"@id\":\"https:\/\/now-news.de\/de\/#\/schema\/person\/fb534a4e865501d8b3285208df34a9b5\",\"name\":\"rtnews\",\"image\":{\"@type\":\"ImageObject\",\"inLanguage\":\"de\",\"@id\":\"https:\/\/now-news.de\/de\/#\/schema\/person\/image\/\",\"url\":\"https:\/\/secure.gravatar.com\/avatar\/82aafea7d8127119dd649515f56e2117?s=96&d=mm&r=g\",\"contentUrl\":\"https:\/\/secure.gravatar.com\/avatar\/82aafea7d8127119dd649515f56e2117?s=96&d=mm&r=g\",\"caption\":\"rtnews\"},\"url\":\"https:\/\/now-news.de\/de\/author\/rnews\/\"}]}<\/script>\n<!-- \/ Yoast SEO Premium plugin. -->","yoast_head_json":{"title":"Wegen Vertrauenskrise: Mali fordert unverz\u00fcgliche Beendigung der UN-Mission MINUSMA - just-now.NEWS Deutschland","robots":{"index":"index","follow":"follow","max-snippet":"max-snippet:-1","max-image-preview":"max-image-preview:large","max-video-preview":"max-video-preview:-1"},"canonical":"https:\/\/now-news.de\/de\/deutschland\/wegen-vertrauenskrise-mali-fordert-unverzuegliche-beendigung-der-un-mission-minusma\/","og_locale":"de_DE","og_type":"article","og_title":"Wegen Vertrauenskrise: Mali fordert unverz\u00fcgliche Beendigung der UN-Mission MINUSMA","og_description":"Seit Juli 2013 ist im westafrikanischen Binnenstaat Mali eine Stabilisierungsmission der Vereinten Nationen pr\u00e4sent. Obwohl die UNO momentan eine Verl\u00e4ngerung der MINUSMA er\u00f6rtert, fordert die Regierung in Bamako, den Einsatz der Blauhelme unverz\u00fcglich zu beenden. Die malische Regierung hat die Vereinten Nationen gebeten, die im Land agierende sogenannte Multidimensionale Integrierte UN-Stabilisierungsmission (MINUSMA) unverz\u00fcglich zu beenden. [&hellip;]","og_url":"https:\/\/now-news.de\/de\/deutschland\/wegen-vertrauenskrise-mali-fordert-unverzuegliche-beendigung-der-un-mission-minusma\/","og_site_name":"just-now.NEWS Deutschland","article_publisher":"https:\/\/www.facebook.com\/wirmachenauf","article_published_time":"2023-06-17T15:50:45+00:00","og_image":[{"width":460,"height":259,"url":"https:\/\/now-news.de\/de\/wp-content\/uploads\/sites\/3\/2023\/06\/Wegen-Vertrauenskrise-Mali-fordert-unverzuegliche-Beendigung-der-UN-Mission-MINUSMA.jpg","type":"image\/jpeg"}],"author":"rtnews","twitter_card":"summary_large_image","twitter_creator":"@WirMachenAuf_de","twitter_site":"@WirMachenAuf_de","twitter_misc":{"Verfasst von":"rtnews","Gesch\u00e4tzte Lesezeit":"2\u00a0Minuten"},"schema":{"@context":"https:\/\/schema.org","@graph":[{"@type":"Article","@id":"https:\/\/now-news.de\/de\/deutschland\/wegen-vertrauenskrise-mali-fordert-unverzuegliche-beendigung-der-un-mission-minusma\/#article","isPartOf":{"@id":"https:\/\/now-news.de\/de\/deutschland\/wegen-vertrauenskrise-mali-fordert-unverzuegliche-beendigung-der-un-mission-minusma\/"},"author":{"name":"rtnews","@id":"https:\/\/now-news.de\/de\/#\/schema\/person\/fb534a4e865501d8b3285208df34a9b5"},"headline":"Wegen Vertrauenskrise: Mali fordert unverz\u00fcgliche Beendigung der UN-Mission MINUSMA","datePublished":"2023-06-17T15:50:45+00:00","dateModified":"2023-06-17T15:50:45+00:00","mainEntityOfPage":{"@id":"https:\/\/now-news.de\/de\/deutschland\/wegen-vertrauenskrise-mali-fordert-unverzuegliche-beendigung-der-un-mission-minusma\/"},"wordCount":481,"commentCount":0,"publisher":{"@id":"https:\/\/now-news.de\/de\/#organization"},"image":{"@id":"https:\/\/now-news.de\/de\/deutschland\/wegen-vertrauenskrise-mali-fordert-unverzuegliche-beendigung-der-un-mission-minusma\/#primaryimage"},"thumbnailUrl":"https:\/\/now-news.de\/de\/wp-content\/uploads\/sites\/3\/2023\/06\/Wegen-Vertrauenskrise-Mali-fordert-unverzuegliche-Beendigung-der-UN-Mission-MINUSMA.jpg","keywords":["Beendigung","der","fordert","Mali","MINUSMA","UNMission","unverz\u00fcgliche","Vertrauenskrise","wegen"],"articleSection":["Deutschland","Russland"],"inLanguage":"de","potentialAction":[{"@type":"CommentAction","name":"Comment","target":["https:\/\/now-news.de\/de\/deutschland\/wegen-vertrauenskrise-mali-fordert-unverzuegliche-beendigung-der-un-mission-minusma\/#respond"]}]},{"@type":"WebPage","@id":"https:\/\/now-news.de\/de\/deutschland\/wegen-vertrauenskrise-mali-fordert-unverzuegliche-beendigung-der-un-mission-minusma\/","url":"https:\/\/now-news.de\/de\/deutschland\/wegen-vertrauenskrise-mali-fordert-unverzuegliche-beendigung-der-un-mission-minusma\/","name":"Wegen Vertrauenskrise: Mali fordert unverz\u00fcgliche Beendigung der UN-Mission MINUSMA - just-now.NEWS Deutschland","isPartOf":{"@id":"https:\/\/now-news.de\/de\/#website"},"primaryImageOfPage":{"@id":"https:\/\/now-news.de\/de\/deutschland\/wegen-vertrauenskrise-mali-fordert-unverzuegliche-beendigung-der-un-mission-minusma\/#primaryimage"},"image":{"@id":"https:\/\/now-news.de\/de\/deutschland\/wegen-vertrauenskrise-mali-fordert-unverzuegliche-beendigung-der-un-mission-minusma\/#primaryimage"},"thumbnailUrl":"https:\/\/now-news.de\/de\/wp-content\/uploads\/sites\/3\/2023\/06\/Wegen-Vertrauenskrise-Mali-fordert-unverzuegliche-Beendigung-der-UN-Mission-MINUSMA.jpg","datePublished":"2023-06-17T15:50:45+00:00","dateModified":"2023-06-17T15:50:45+00:00","breadcrumb":{"@id":"https:\/\/now-news.de\/de\/deutschland\/wegen-vertrauenskrise-mali-fordert-unverzuegliche-beendigung-der-un-mission-minusma\/#breadcrumb"},"inLanguage":"de","potentialAction":[{"@type":"ReadAction","target":["https:\/\/now-news.de\/de\/deutschland\/wegen-vertrauenskrise-mali-fordert-unverzuegliche-beendigung-der-un-mission-minusma\/"]}]},{"@type":"ImageObject","inLanguage":"de","@id":"https:\/\/now-news.de\/de\/deutschland\/wegen-vertrauenskrise-mali-fordert-unverzuegliche-beendigung-der-un-mission-minusma\/#primaryimage","url":"https:\/\/now-news.de\/de\/wp-content\/uploads\/sites\/3\/2023\/06\/Wegen-Vertrauenskrise-Mali-fordert-unverzuegliche-Beendigung-der-UN-Mission-MINUSMA.jpg","contentUrl":"https:\/\/now-news.de\/de\/wp-content\/uploads\/sites\/3\/2023\/06\/Wegen-Vertrauenskrise-Mali-fordert-unverzuegliche-Beendigung-der-UN-Mission-MINUSMA.jpg","width":460,"height":259,"caption":"Wegen Vertrauenskrise: Mali fordert unverz\u00fcgliche Beendigung der UN-Mission MINUSMA"},{"@type":"BreadcrumbList","@id":"https:\/\/now-news.de\/de\/deutschland\/wegen-vertrauenskrise-mali-fordert-unverzuegliche-beendigung-der-un-mission-minusma\/#breadcrumb","itemListElement":[{"@type":"ListItem","position":1,"name":"Home","item":"https:\/\/now-news.de\/de\/"},{"@type":"ListItem","position":2,"name":"Wegen Vertrauenskrise: Mali fordert unverz\u00fcgliche Beendigung der UN-Mission MINUSMA"}]},{"@type":"WebSite","@id":"https:\/\/now-news.de\/de\/#website","url":"https:\/\/now-news.de\/de\/","name":"just-now.NEWS Deutschland","description":"Das Portal f\u00fcr unzensierte Nachrichten aus der Welt","publisher":{"@id":"https:\/\/now-news.de\/de\/#organization"},"potentialAction":[{"@type":"SearchAction","target":{"@type":"EntryPoint","urlTemplate":"https:\/\/now-news.de\/de\/?s={search_term_string}"},"query-input":"required name=search_term_string"}],"inLanguage":"de"},{"@type":"Organization","@id":"https:\/\/now-news.de\/de\/#organization","name":"Just Now News","url":"https:\/\/now-news.de\/de\/","logo":{"@type":"ImageObject","inLanguage":"de","@id":"https:\/\/now-news.de\/de\/#\/schema\/logo\/image\/","url":"http:\/\/just-now.news\/de\/wp-content\/uploads\/sites\/3\/2022\/04\/logo500x500.jpg","contentUrl":"http:\/\/just-now.news\/de\/wp-content\/uploads\/sites\/3\/2022\/04\/logo500x500.jpg","width":500,"height":500,"caption":"Just Now News"},"image":{"@id":"https:\/\/now-news.de\/de\/#\/schema\/logo\/image\/"},"sameAs":["https:\/\/www.facebook.com\/wirmachenauf","https:\/\/x.com\/WirMachenAuf_de"]},{"@type":"Person","@id":"https:\/\/now-news.de\/de\/#\/schema\/person\/fb534a4e865501d8b3285208df34a9b5","name":"rtnews","image":{"@type":"ImageObject","inLanguage":"de","@id":"https:\/\/now-news.de\/de\/#\/schema\/person\/image\/","url":"https:\/\/secure.gravatar.com\/avatar\/82aafea7d8127119dd649515f56e2117?s=96&d=mm&r=g","contentUrl":"https:\/\/secure.gravatar.com\/avatar\/82aafea7d8127119dd649515f56e2117?s=96&d=mm&r=g","caption":"rtnews"},"url":"https:\/\/now-news.de\/de\/author\/rnews\/"}]}},"_links":{"self":[{"href":"https:\/\/now-news.de\/de\/wp-json\/wp\/v2\/posts\/38340"}],"collection":[{"href":"https:\/\/now-news.de\/de\/wp-json\/wp\/v2\/posts"}],"about":[{"href":"https:\/\/now-news.de\/de\/wp-json\/wp\/v2\/types\/post"}],"author":[{"embeddable":true,"href":"https:\/\/now-news.de\/de\/wp-json\/wp\/v2\/users\/3"}],"replies":[{"embeddable":true,"href":"https:\/\/now-news.de\/de\/wp-json\/wp\/v2\/comments?post=38340"}],"version-history":[{"count":0,"href":"https:\/\/now-news.de\/de\/wp-json\/wp\/v2\/posts\/38340\/revisions"}],"wp:featuredmedia":[{"embeddable":true,"href":"https:\/\/now-news.de\/de\/wp-json\/wp\/v2\/media\/38341"}],"wp:attachment":[{"href":"https:\/\/now-news.de\/de\/wp-json\/wp\/v2\/media?parent=38340"}],"wp:term":[{"taxonomy":"category","embeddable":true,"href":"https:\/\/now-news.de\/de\/wp-json\/wp\/v2\/categories?post=38340"},{"taxonomy":"post_tag","embeddable":true,"href":"https:\/\/now-news.de\/de\/wp-json\/wp\/v2\/tags?post=38340"}],"curies":[{"name":"wp","href":"https:\/\/api.w.org\/{rel}","templated":true}]}}