{"id":38299,"date":"2023-06-16T21:11:41","date_gmt":"2023-06-16T19:11:41","guid":{"rendered":"https:\/\/just-now.news\/de\/deutschland\/wagenknecht-will-bundestagsmandat-behalten-und-schiesst-gegen-linken-fuehrung\/"},"modified":"2023-06-16T21:11:41","modified_gmt":"2023-06-16T19:11:41","slug":"wagenknecht-will-bundestagsmandat-behalten-und-schiesst-gegen-linken-fuehrung","status":"publish","type":"post","link":"https:\/\/now-news.de\/de\/deutschland\/wagenknecht-will-bundestagsmandat-behalten-und-schiesst-gegen-linken-fuehrung\/","title":{"rendered":"Wagenknecht will Bundestagsmandat behalten und schie\u00dft gegen Linken-F\u00fchrung"},"content":{"rendered":"<p><img decoding=\"async\" src=\"http:\/\/just-now.news\/de\/wp-content\/uploads\/sites\/3\/2023\/06\/648ca16bb480cc5a9a1472fa.jpg\" \/><\/p>\n<div class=\"Text-root Text-type_1 \">\n                Die Linken-Abgeordnete Sahra Wagenknecht hat sich zur Forderung des Parteivorstands nach einer R\u00fcckgabe ihres Mandats ge\u00e4u\u00dfert: Da sie bereits vor Monaten angek\u00fcndigt hatte, nicht mehr f\u00fcr die Linke kandidieren zu wollen, habe der Beschluss &#8220;wenig Neuigkeitswert&#8221;, ihr Mandat werde sie behalten.\n            <\/div>\n<p><\/p>\n<div class=\"Text-root Text-type_5 ArticleView-text ViewText-root \">\n<p>Die Linken-Bundestagsabgeordnete Sahra Wagenknecht lehnt die Forderung des Parteivorstands nach einer R\u00fcckgabe ihres Bundestagsmandats ab. Dem <em>Spiegel<\/em> sagte sie: &#8220;Gerade seit dem Vorstandsbeschluss vom Samstag schreiben mir viele, dass sie emp\u00f6rt sind und bei der letzten Bundestagswahl die Linke wegen mir gew\u00e4hlt haben.&#8221; Auch Mitglieder b\u00e4ten sie, ihr Mandat nicht aufzugeben. &#8220;Das werde ich auch nicht tun&#8221;, erkl\u00e4rte sie.<\/p>\n<p>Am Samstag hatte der Vorstand der Linken Wagenknecht zur R\u00fcckgabe ihres Bundestagsmandates aufgefordert. In dem einstimmig gefassten Beschluss hei\u00dft es: &#8220;Die Zukunft der Linken ist eine Zukunft ohne Sahra Wagenknecht.&#8221; Als Begr\u00fcndung war angef\u00fchrt worden, dass Wagenknecht der wiederholten Aufforderung, von der Gr\u00fcndung eines m\u00f6glichen konkurrierenden Parteiprojekts Abstand zu nehmen, bisher nicht nachgekommen sei. Diesbez\u00fcglich erkl\u00e4rte Wagenknecht, sie habe bereits vor Monaten angek\u00fcndigt, dass sie nicht mehr f\u00fcr die Linke kandidieren werde. Insofern habe die Aussage, dass es keine gemeinsame Zukunft gebe, &#8220;wenig Neuigkeitswert&#8221;. Sie f\u00fcgte hinzu:<\/p>\n<blockquote>\n<p><em>&#8220;Statt sich an mir abzuarbeiten, h\u00e4tte sich die Parteispitze lieber mal mit der Frage besch\u00e4ftigen sollen, warum der Linken seit Jahren die W\u00e4hler davonlaufen.&#8221;<\/em><\/p>\n<\/blockquote>\n<p>Reporter des <em>Spiegel<\/em> behaupteten weiterhin, dass in mehreren ostdeutschen Landesverb\u00e4nden bereits versucht wurde, Mitglieder der Linken f\u00fcr Wagenknechts neues Projekt abzuwerben. Laut Wagenknecht ist die Situation jedoch eine andere. Auch wenn sie solche Abwerbeversuche nicht bestritt, stellte sie klar:<\/p>\n<blockquote>\n<p><em>&#8220;Ich habe niemanden angesprochen, ich werde angesprochen von Kommunalpolitikern und anderen Mitgliedern der Linken, die sich ein neues Projekt w\u00fcnschen, weil sie in der Linken keine Perspektive mehr sehen.&#8221;<\/em><\/p>\n<\/blockquote>\n<p>Wagenknecht erkl\u00e4rte auch, dass es in Deutschland relativ schwierig sei, eine neue Partei zu gr\u00fcnden, die dann auch stabil sei und sich nicht &#8220;relativ schnell selbst zerst\u00f6rt&#8221;:<\/p>\n<blockquote>\n<p><em>&#8220;Daf\u00fcr braucht es nicht nur eine gute Programmatik und F\u00fchrungsfiguren, sondern viel Organisation. Solange die organisatorischen Voraussetzungen nicht vorhanden sind, w\u00e4re es unseri\u00f6s, irgendetwas anzuk\u00fcndigen. Bei &#8216;Aufstehen&#8217; habe ich damals den Fehler gemacht, ohne ausreichende Vorbereitung und ohne Strukturen anzufangen.&#8221;<\/em><\/p>\n<\/blockquote>\n<p>Der Forderung des Linken-Abgeordneten Klaus Ernst und weiterer Genossen, dass der Parteivorstand geschlossen zur\u00fccktreten solle, schloss sich Wagenknecht zudem prinzipiell an:<\/p>\n<blockquote>\n<p><em>&#8220;Der Vorstand gef\u00e4hrdet mutwillig den Erhalt der Bundestagsfraktion und damit auch 200 Arbeitspl\u00e4tze. Nat\u00fcrlich w\u00e4re es gut, wenn diese Hasardeure zur\u00fccktreten und vern\u00fcnftigen Leuten Platz machen w\u00fcrden. Aber ich habe da keine Illusionen.&#8221;<\/em><\/p>\n<\/blockquote>\n<p><strong>Mehr zum Thema \u2013 <\/strong><a rel=\"nofollow noopener\" target=\"_blank\" href=\"https:\/\/test.rtde.life\/inland\/172411-linkspartei-gespalten-ueber-angriff-parteivorstands\/\">Linkspartei gespalten \u00fcber Angriff des Parteivorstands auf Sahra Wagenknecht <\/a><\/p>\n<div class=\"EmbedBlock-root EmbedBlock-externalVideo EmbedBlock-vk\">\n<div class=\"VkEmbed\"><iframe class=\"lazyload\" data-src=\"https:\/\/vk.com\/video_ext.php?oid=-134310637&amp;id=456267625&amp;hash=b2a8a5b4579f02ad\" frameborder=\"0\" width=\"853\" height=\"480\" allowfullscreen><\/iframe><\/div>\n<\/div>\n<\/div>\n<p><br \/>\n<br \/><a href=\"https:\/\/de.rt.com\/inland\/172864-wagenknecht-will-bundestagsmandat-behalten-und-schiesst-gegen-linken-fuehrung\/\">Source link <\/a><\/p>\n","protected":false},"excerpt":{"rendered":"<p>Die Linken-Abgeordnete Sahra Wagenknecht hat sich zur Forderung des Parteivorstands nach einer R\u00fcckgabe ihres Mandats ge\u00e4u\u00dfert: Da sie bereits vor Monaten angek\u00fcndigt hatte, nicht mehr f\u00fcr die Linke kandidieren zu wollen, habe der Beschluss &#8220;wenig Neuigkeitswert&#8221;, ihr Mandat werde sie behalten. Die Linken-Bundestagsabgeordnete Sahra Wagenknecht lehnt die Forderung des Parteivorstands nach einer R\u00fcckgabe ihres Bundestagsmandats [&hellip;]<\/p>\n","protected":false},"author":3,"featured_media":38300,"comment_status":"open","ping_status":"open","sticky":false,"template":"","format":"standard","meta":{"_yoast_indexnow_last_ping":["1686943196"],"wp_automatic_camp":["217"],"2a0619f75b5f958ffe2de7345184fc86":["Wagenknecht will Bundestagsmandat behalten und schie\u00dft gegen Linken-F\u00fchrung"],"original_link":["https:\/\/de.rt.com\/inland\/172864-wagenknecht-will-bundestagsmandat-behalten-und-schiesst-gegen-linken-fuehrung\/"],"_thumbnail_id":["38300"],"jnews_social_counter_last_update":["1777275317"],"_wptgpro_p2tg_sent2tg":["a:1:{i:23737;s:19:\"2023-06-16 21:20:55\";}"]},"categories":[19,23],"tags":[28226,45606,278,45710,9610,140,17968],"yoast_head":"<!-- This site is optimized with the Yoast SEO Premium plugin v22.7 (Yoast SEO v22.7) - https:\/\/yoast.com\/wordpress\/plugins\/seo\/ -->\n<title>Wagenknecht will Bundestagsmandat behalten und schie\u00dft gegen Linken-F\u00fchrung - just-now.NEWS Deutschland<\/title>\n<meta name=\"robots\" content=\"index, follow, max-snippet:-1, max-image-preview:large, max-video-preview:-1\" \/>\n<link rel=\"canonical\" href=\"https:\/\/now-news.de\/de\/deutschland\/wagenknecht-will-bundestagsmandat-behalten-und-schiesst-gegen-linken-fuehrung\/\" \/>\n<meta property=\"og:locale\" content=\"de_DE\" \/>\n<meta property=\"og:type\" content=\"article\" \/>\n<meta property=\"og:title\" content=\"Wagenknecht will Bundestagsmandat behalten und schie\u00dft gegen Linken-F\u00fchrung\" \/>\n<meta property=\"og:description\" content=\"Die Linken-Abgeordnete Sahra Wagenknecht hat sich zur Forderung des Parteivorstands nach einer R\u00fcckgabe ihres Mandats ge\u00e4u\u00dfert: Da sie bereits vor Monaten angek\u00fcndigt hatte, nicht mehr f\u00fcr die Linke kandidieren zu wollen, habe der Beschluss &#8220;wenig Neuigkeitswert&#8221;, ihr Mandat werde sie behalten. Die Linken-Bundestagsabgeordnete Sahra Wagenknecht lehnt die Forderung des Parteivorstands nach einer R\u00fcckgabe ihres Bundestagsmandats [&hellip;]\" \/>\n<meta property=\"og:url\" content=\"https:\/\/now-news.de\/de\/deutschland\/wagenknecht-will-bundestagsmandat-behalten-und-schiesst-gegen-linken-fuehrung\/\" \/>\n<meta property=\"og:site_name\" content=\"just-now.NEWS Deutschland\" \/>\n<meta property=\"article:publisher\" content=\"https:\/\/www.facebook.com\/wirmachenauf\" \/>\n<meta property=\"article:published_time\" content=\"2023-06-16T19:11:41+00:00\" \/>\n<meta property=\"og:image\" content=\"https:\/\/now-news.de\/de\/wp-content\/uploads\/sites\/3\/2023\/06\/Wagenknecht-will-Bundestagsmandat-behalten-und-schiesst-gegen-Linken-Fuehrung.jpg\" \/>\n\t<meta property=\"og:image:width\" content=\"460\" \/>\n\t<meta property=\"og:image:height\" content=\"259\" \/>\n\t<meta property=\"og:image:type\" content=\"image\/jpeg\" \/>\n<meta name=\"author\" content=\"rtnews\" \/>\n<meta name=\"twitter:card\" content=\"summary_large_image\" \/>\n<meta name=\"twitter:creator\" content=\"@WirMachenAuf_de\" \/>\n<meta name=\"twitter:site\" content=\"@WirMachenAuf_de\" \/>\n<meta name=\"twitter:label1\" content=\"Verfasst von\" \/>\n\t<meta name=\"twitter:data1\" content=\"rtnews\" \/>\n\t<meta name=\"twitter:label2\" content=\"Gesch\u00e4tzte Lesezeit\" \/>\n\t<meta name=\"twitter:data2\" content=\"2\u00a0Minuten\" \/>\n<script type=\"application\/ld+json\" class=\"yoast-schema-graph\">{\"@context\":\"https:\/\/schema.org\",\"@graph\":[{\"@type\":\"Article\",\"@id\":\"https:\/\/now-news.de\/de\/deutschland\/wagenknecht-will-bundestagsmandat-behalten-und-schiesst-gegen-linken-fuehrung\/#article\",\"isPartOf\":{\"@id\":\"https:\/\/now-news.de\/de\/deutschland\/wagenknecht-will-bundestagsmandat-behalten-und-schiesst-gegen-linken-fuehrung\/\"},\"author\":{\"name\":\"rtnews\",\"@id\":\"https:\/\/now-news.de\/de\/#\/schema\/person\/fb534a4e865501d8b3285208df34a9b5\"},\"headline\":\"Wagenknecht will Bundestagsmandat behalten und schie\u00dft gegen Linken-F\u00fchrung\",\"datePublished\":\"2023-06-16T19:11:41+00:00\",\"dateModified\":\"2023-06-16T19:11:41+00:00\",\"mainEntityOfPage\":{\"@id\":\"https:\/\/now-news.de\/de\/deutschland\/wagenknecht-will-bundestagsmandat-behalten-und-schiesst-gegen-linken-fuehrung\/\"},\"wordCount\":467,\"commentCount\":0,\"publisher\":{\"@id\":\"https:\/\/now-news.de\/de\/#organization\"},\"image\":{\"@id\":\"https:\/\/now-news.de\/de\/deutschland\/wagenknecht-will-bundestagsmandat-behalten-und-schiesst-gegen-linken-fuehrung\/#primaryimage\"},\"thumbnailUrl\":\"https:\/\/now-news.de\/de\/wp-content\/uploads\/sites\/3\/2023\/06\/Wagenknecht-will-Bundestagsmandat-behalten-und-schiesst-gegen-Linken-Fuehrung.jpg\",\"keywords\":[\"behalten\",\"Bundestagsmandat\",\"gegen\",\"LinkenF\u00fchrung\",\"schie\u00dft\",\"und\",\"Wagenknecht\"],\"articleSection\":[\"Deutschland\",\"Russland\"],\"inLanguage\":\"de\",\"potentialAction\":[{\"@type\":\"CommentAction\",\"name\":\"Comment\",\"target\":[\"https:\/\/now-news.de\/de\/deutschland\/wagenknecht-will-bundestagsmandat-behalten-und-schiesst-gegen-linken-fuehrung\/#respond\"]}]},{\"@type\":\"WebPage\",\"@id\":\"https:\/\/now-news.de\/de\/deutschland\/wagenknecht-will-bundestagsmandat-behalten-und-schiesst-gegen-linken-fuehrung\/\",\"url\":\"https:\/\/now-news.de\/de\/deutschland\/wagenknecht-will-bundestagsmandat-behalten-und-schiesst-gegen-linken-fuehrung\/\",\"name\":\"Wagenknecht will Bundestagsmandat behalten und schie\u00dft gegen Linken-F\u00fchrung - just-now.NEWS Deutschland\",\"isPartOf\":{\"@id\":\"https:\/\/now-news.de\/de\/#website\"},\"primaryImageOfPage\":{\"@id\":\"https:\/\/now-news.de\/de\/deutschland\/wagenknecht-will-bundestagsmandat-behalten-und-schiesst-gegen-linken-fuehrung\/#primaryimage\"},\"image\":{\"@id\":\"https:\/\/now-news.de\/de\/deutschland\/wagenknecht-will-bundestagsmandat-behalten-und-schiesst-gegen-linken-fuehrung\/#primaryimage\"},\"thumbnailUrl\":\"https:\/\/now-news.de\/de\/wp-content\/uploads\/sites\/3\/2023\/06\/Wagenknecht-will-Bundestagsmandat-behalten-und-schiesst-gegen-Linken-Fuehrung.jpg\",\"datePublished\":\"2023-06-16T19:11:41+00:00\",\"dateModified\":\"2023-06-16T19:11:41+00:00\",\"breadcrumb\":{\"@id\":\"https:\/\/now-news.de\/de\/deutschland\/wagenknecht-will-bundestagsmandat-behalten-und-schiesst-gegen-linken-fuehrung\/#breadcrumb\"},\"inLanguage\":\"de\",\"potentialAction\":[{\"@type\":\"ReadAction\",\"target\":[\"https:\/\/now-news.de\/de\/deutschland\/wagenknecht-will-bundestagsmandat-behalten-und-schiesst-gegen-linken-fuehrung\/\"]}]},{\"@type\":\"ImageObject\",\"inLanguage\":\"de\",\"@id\":\"https:\/\/now-news.de\/de\/deutschland\/wagenknecht-will-bundestagsmandat-behalten-und-schiesst-gegen-linken-fuehrung\/#primaryimage\",\"url\":\"https:\/\/now-news.de\/de\/wp-content\/uploads\/sites\/3\/2023\/06\/Wagenknecht-will-Bundestagsmandat-behalten-und-schiesst-gegen-Linken-Fuehrung.jpg\",\"contentUrl\":\"https:\/\/now-news.de\/de\/wp-content\/uploads\/sites\/3\/2023\/06\/Wagenknecht-will-Bundestagsmandat-behalten-und-schiesst-gegen-Linken-Fuehrung.jpg\",\"width\":460,\"height\":259,\"caption\":\"Wagenknecht will Bundestagsmandat behalten und schie\u00dft gegen Linken-F\u00fchrung\"},{\"@type\":\"BreadcrumbList\",\"@id\":\"https:\/\/now-news.de\/de\/deutschland\/wagenknecht-will-bundestagsmandat-behalten-und-schiesst-gegen-linken-fuehrung\/#breadcrumb\",\"itemListElement\":[{\"@type\":\"ListItem\",\"position\":1,\"name\":\"Home\",\"item\":\"https:\/\/now-news.de\/de\/\"},{\"@type\":\"ListItem\",\"position\":2,\"name\":\"Wagenknecht will Bundestagsmandat behalten und schie\u00dft gegen Linken-F\u00fchrung\"}]},{\"@type\":\"WebSite\",\"@id\":\"https:\/\/now-news.de\/de\/#website\",\"url\":\"https:\/\/now-news.de\/de\/\",\"name\":\"just-now.NEWS Deutschland\",\"description\":\"Das Portal f\u00fcr unzensierte Nachrichten aus der Welt\",\"publisher\":{\"@id\":\"https:\/\/now-news.de\/de\/#organization\"},\"potentialAction\":[{\"@type\":\"SearchAction\",\"target\":{\"@type\":\"EntryPoint\",\"urlTemplate\":\"https:\/\/now-news.de\/de\/?s={search_term_string}\"},\"query-input\":\"required name=search_term_string\"}],\"inLanguage\":\"de\"},{\"@type\":\"Organization\",\"@id\":\"https:\/\/now-news.de\/de\/#organization\",\"name\":\"Just Now News\",\"url\":\"https:\/\/now-news.de\/de\/\",\"logo\":{\"@type\":\"ImageObject\",\"inLanguage\":\"de\",\"@id\":\"https:\/\/now-news.de\/de\/#\/schema\/logo\/image\/\",\"url\":\"http:\/\/just-now.news\/de\/wp-content\/uploads\/sites\/3\/2022\/04\/logo500x500.jpg\",\"contentUrl\":\"http:\/\/just-now.news\/de\/wp-content\/uploads\/sites\/3\/2022\/04\/logo500x500.jpg\",\"width\":500,\"height\":500,\"caption\":\"Just Now News\"},\"image\":{\"@id\":\"https:\/\/now-news.de\/de\/#\/schema\/logo\/image\/\"},\"sameAs\":[\"https:\/\/www.facebook.com\/wirmachenauf\",\"https:\/\/x.com\/WirMachenAuf_de\"]},{\"@type\":\"Person\",\"@id\":\"https:\/\/now-news.de\/de\/#\/schema\/person\/fb534a4e865501d8b3285208df34a9b5\",\"name\":\"rtnews\",\"image\":{\"@type\":\"ImageObject\",\"inLanguage\":\"de\",\"@id\":\"https:\/\/now-news.de\/de\/#\/schema\/person\/image\/\",\"url\":\"https:\/\/secure.gravatar.com\/avatar\/82aafea7d8127119dd649515f56e2117?s=96&d=mm&r=g\",\"contentUrl\":\"https:\/\/secure.gravatar.com\/avatar\/82aafea7d8127119dd649515f56e2117?s=96&d=mm&r=g\",\"caption\":\"rtnews\"},\"url\":\"https:\/\/now-news.de\/de\/author\/rnews\/\"}]}<\/script>\n<!-- \/ Yoast SEO Premium plugin. -->","yoast_head_json":{"title":"Wagenknecht will Bundestagsmandat behalten und schie\u00dft gegen Linken-F\u00fchrung - just-now.NEWS Deutschland","robots":{"index":"index","follow":"follow","max-snippet":"max-snippet:-1","max-image-preview":"max-image-preview:large","max-video-preview":"max-video-preview:-1"},"canonical":"https:\/\/now-news.de\/de\/deutschland\/wagenknecht-will-bundestagsmandat-behalten-und-schiesst-gegen-linken-fuehrung\/","og_locale":"de_DE","og_type":"article","og_title":"Wagenknecht will Bundestagsmandat behalten und schie\u00dft gegen Linken-F\u00fchrung","og_description":"Die Linken-Abgeordnete Sahra Wagenknecht hat sich zur Forderung des Parteivorstands nach einer R\u00fcckgabe ihres Mandats ge\u00e4u\u00dfert: Da sie bereits vor Monaten angek\u00fcndigt hatte, nicht mehr f\u00fcr die Linke kandidieren zu wollen, habe der Beschluss &#8220;wenig Neuigkeitswert&#8221;, ihr Mandat werde sie behalten. Die Linken-Bundestagsabgeordnete Sahra Wagenknecht lehnt die Forderung des Parteivorstands nach einer R\u00fcckgabe ihres Bundestagsmandats [&hellip;]","og_url":"https:\/\/now-news.de\/de\/deutschland\/wagenknecht-will-bundestagsmandat-behalten-und-schiesst-gegen-linken-fuehrung\/","og_site_name":"just-now.NEWS Deutschland","article_publisher":"https:\/\/www.facebook.com\/wirmachenauf","article_published_time":"2023-06-16T19:11:41+00:00","og_image":[{"width":460,"height":259,"url":"https:\/\/now-news.de\/de\/wp-content\/uploads\/sites\/3\/2023\/06\/Wagenknecht-will-Bundestagsmandat-behalten-und-schiesst-gegen-Linken-Fuehrung.jpg","type":"image\/jpeg"}],"author":"rtnews","twitter_card":"summary_large_image","twitter_creator":"@WirMachenAuf_de","twitter_site":"@WirMachenAuf_de","twitter_misc":{"Verfasst von":"rtnews","Gesch\u00e4tzte Lesezeit":"2\u00a0Minuten"},"schema":{"@context":"https:\/\/schema.org","@graph":[{"@type":"Article","@id":"https:\/\/now-news.de\/de\/deutschland\/wagenknecht-will-bundestagsmandat-behalten-und-schiesst-gegen-linken-fuehrung\/#article","isPartOf":{"@id":"https:\/\/now-news.de\/de\/deutschland\/wagenknecht-will-bundestagsmandat-behalten-und-schiesst-gegen-linken-fuehrung\/"},"author":{"name":"rtnews","@id":"https:\/\/now-news.de\/de\/#\/schema\/person\/fb534a4e865501d8b3285208df34a9b5"},"headline":"Wagenknecht will Bundestagsmandat behalten und schie\u00dft gegen Linken-F\u00fchrung","datePublished":"2023-06-16T19:11:41+00:00","dateModified":"2023-06-16T19:11:41+00:00","mainEntityOfPage":{"@id":"https:\/\/now-news.de\/de\/deutschland\/wagenknecht-will-bundestagsmandat-behalten-und-schiesst-gegen-linken-fuehrung\/"},"wordCount":467,"commentCount":0,"publisher":{"@id":"https:\/\/now-news.de\/de\/#organization"},"image":{"@id":"https:\/\/now-news.de\/de\/deutschland\/wagenknecht-will-bundestagsmandat-behalten-und-schiesst-gegen-linken-fuehrung\/#primaryimage"},"thumbnailUrl":"https:\/\/now-news.de\/de\/wp-content\/uploads\/sites\/3\/2023\/06\/Wagenknecht-will-Bundestagsmandat-behalten-und-schiesst-gegen-Linken-Fuehrung.jpg","keywords":["behalten","Bundestagsmandat","gegen","LinkenF\u00fchrung","schie\u00dft","und","Wagenknecht"],"articleSection":["Deutschland","Russland"],"inLanguage":"de","potentialAction":[{"@type":"CommentAction","name":"Comment","target":["https:\/\/now-news.de\/de\/deutschland\/wagenknecht-will-bundestagsmandat-behalten-und-schiesst-gegen-linken-fuehrung\/#respond"]}]},{"@type":"WebPage","@id":"https:\/\/now-news.de\/de\/deutschland\/wagenknecht-will-bundestagsmandat-behalten-und-schiesst-gegen-linken-fuehrung\/","url":"https:\/\/now-news.de\/de\/deutschland\/wagenknecht-will-bundestagsmandat-behalten-und-schiesst-gegen-linken-fuehrung\/","name":"Wagenknecht will Bundestagsmandat behalten und schie\u00dft gegen Linken-F\u00fchrung - just-now.NEWS Deutschland","isPartOf":{"@id":"https:\/\/now-news.de\/de\/#website"},"primaryImageOfPage":{"@id":"https:\/\/now-news.de\/de\/deutschland\/wagenknecht-will-bundestagsmandat-behalten-und-schiesst-gegen-linken-fuehrung\/#primaryimage"},"image":{"@id":"https:\/\/now-news.de\/de\/deutschland\/wagenknecht-will-bundestagsmandat-behalten-und-schiesst-gegen-linken-fuehrung\/#primaryimage"},"thumbnailUrl":"https:\/\/now-news.de\/de\/wp-content\/uploads\/sites\/3\/2023\/06\/Wagenknecht-will-Bundestagsmandat-behalten-und-schiesst-gegen-Linken-Fuehrung.jpg","datePublished":"2023-06-16T19:11:41+00:00","dateModified":"2023-06-16T19:11:41+00:00","breadcrumb":{"@id":"https:\/\/now-news.de\/de\/deutschland\/wagenknecht-will-bundestagsmandat-behalten-und-schiesst-gegen-linken-fuehrung\/#breadcrumb"},"inLanguage":"de","potentialAction":[{"@type":"ReadAction","target":["https:\/\/now-news.de\/de\/deutschland\/wagenknecht-will-bundestagsmandat-behalten-und-schiesst-gegen-linken-fuehrung\/"]}]},{"@type":"ImageObject","inLanguage":"de","@id":"https:\/\/now-news.de\/de\/deutschland\/wagenknecht-will-bundestagsmandat-behalten-und-schiesst-gegen-linken-fuehrung\/#primaryimage","url":"https:\/\/now-news.de\/de\/wp-content\/uploads\/sites\/3\/2023\/06\/Wagenknecht-will-Bundestagsmandat-behalten-und-schiesst-gegen-Linken-Fuehrung.jpg","contentUrl":"https:\/\/now-news.de\/de\/wp-content\/uploads\/sites\/3\/2023\/06\/Wagenknecht-will-Bundestagsmandat-behalten-und-schiesst-gegen-Linken-Fuehrung.jpg","width":460,"height":259,"caption":"Wagenknecht will Bundestagsmandat behalten und schie\u00dft gegen Linken-F\u00fchrung"},{"@type":"BreadcrumbList","@id":"https:\/\/now-news.de\/de\/deutschland\/wagenknecht-will-bundestagsmandat-behalten-und-schiesst-gegen-linken-fuehrung\/#breadcrumb","itemListElement":[{"@type":"ListItem","position":1,"name":"Home","item":"https:\/\/now-news.de\/de\/"},{"@type":"ListItem","position":2,"name":"Wagenknecht will Bundestagsmandat behalten und schie\u00dft gegen Linken-F\u00fchrung"}]},{"@type":"WebSite","@id":"https:\/\/now-news.de\/de\/#website","url":"https:\/\/now-news.de\/de\/","name":"just-now.NEWS Deutschland","description":"Das Portal f\u00fcr unzensierte Nachrichten aus der Welt","publisher":{"@id":"https:\/\/now-news.de\/de\/#organization"},"potentialAction":[{"@type":"SearchAction","target":{"@type":"EntryPoint","urlTemplate":"https:\/\/now-news.de\/de\/?s={search_term_string}"},"query-input":"required name=search_term_string"}],"inLanguage":"de"},{"@type":"Organization","@id":"https:\/\/now-news.de\/de\/#organization","name":"Just Now News","url":"https:\/\/now-news.de\/de\/","logo":{"@type":"ImageObject","inLanguage":"de","@id":"https:\/\/now-news.de\/de\/#\/schema\/logo\/image\/","url":"http:\/\/just-now.news\/de\/wp-content\/uploads\/sites\/3\/2022\/04\/logo500x500.jpg","contentUrl":"http:\/\/just-now.news\/de\/wp-content\/uploads\/sites\/3\/2022\/04\/logo500x500.jpg","width":500,"height":500,"caption":"Just Now News"},"image":{"@id":"https:\/\/now-news.de\/de\/#\/schema\/logo\/image\/"},"sameAs":["https:\/\/www.facebook.com\/wirmachenauf","https:\/\/x.com\/WirMachenAuf_de"]},{"@type":"Person","@id":"https:\/\/now-news.de\/de\/#\/schema\/person\/fb534a4e865501d8b3285208df34a9b5","name":"rtnews","image":{"@type":"ImageObject","inLanguage":"de","@id":"https:\/\/now-news.de\/de\/#\/schema\/person\/image\/","url":"https:\/\/secure.gravatar.com\/avatar\/82aafea7d8127119dd649515f56e2117?s=96&d=mm&r=g","contentUrl":"https:\/\/secure.gravatar.com\/avatar\/82aafea7d8127119dd649515f56e2117?s=96&d=mm&r=g","caption":"rtnews"},"url":"https:\/\/now-news.de\/de\/author\/rnews\/"}]}},"_links":{"self":[{"href":"https:\/\/now-news.de\/de\/wp-json\/wp\/v2\/posts\/38299"}],"collection":[{"href":"https:\/\/now-news.de\/de\/wp-json\/wp\/v2\/posts"}],"about":[{"href":"https:\/\/now-news.de\/de\/wp-json\/wp\/v2\/types\/post"}],"author":[{"embeddable":true,"href":"https:\/\/now-news.de\/de\/wp-json\/wp\/v2\/users\/3"}],"replies":[{"embeddable":true,"href":"https:\/\/now-news.de\/de\/wp-json\/wp\/v2\/comments?post=38299"}],"version-history":[{"count":0,"href":"https:\/\/now-news.de\/de\/wp-json\/wp\/v2\/posts\/38299\/revisions"}],"wp:featuredmedia":[{"embeddable":true,"href":"https:\/\/now-news.de\/de\/wp-json\/wp\/v2\/media\/38300"}],"wp:attachment":[{"href":"https:\/\/now-news.de\/de\/wp-json\/wp\/v2\/media?parent=38299"}],"wp:term":[{"taxonomy":"category","embeddable":true,"href":"https:\/\/now-news.de\/de\/wp-json\/wp\/v2\/categories?post=38299"},{"taxonomy":"post_tag","embeddable":true,"href":"https:\/\/now-news.de\/de\/wp-json\/wp\/v2\/tags?post=38299"}],"curies":[{"name":"wp","href":"https:\/\/api.w.org\/{rel}","templated":true}]}}