{"id":38268,"date":"2023-06-16T15:22:56","date_gmt":"2023-06-16T13:22:56","guid":{"rendered":"https:\/\/just-now.news\/de\/deutschland\/europaeische-souveraenitaet-nimmt-macron-am-bevorstehenden-brics-gipfel-teil\/"},"modified":"2023-06-16T15:22:56","modified_gmt":"2023-06-16T13:22:56","slug":"europaeische-souveraenitaet-nimmt-macron-am-bevorstehenden-brics-gipfel-teil","status":"publish","type":"post","link":"https:\/\/now-news.de\/de\/deutschland\/europaeische-souveraenitaet-nimmt-macron-am-bevorstehenden-brics-gipfel-teil\/","title":{"rendered":"Europ\u00e4ische Souver\u00e4nit\u00e4t: Nimmt Macron am bevorstehenden BRICS-Gipfel teil?"},"content":{"rendered":"<p><img decoding=\"async\" src=\"http:\/\/just-now.news\/de\/wp-content\/uploads\/sites\/3\/2023\/06\/648c3a35b480cc5a8046dbcf.jpg\" \/><\/p>\n<div class=\"Text-root Text-type_1 \">\n                Der franz\u00f6sische Staatspr\u00e4sident erw\u00e4gt die Teilnahme am bevorstehenden BRICS-Gipfel im August in Johannesburg. Macron soll bereits den s\u00fcdafrikanischen Pr\u00e4sidenten konsultiert haben.\n            <\/div>\n<p><\/p>\n<div class=\"Text-root Text-type_5 ArticleView-text ViewText-root \">\n<p>Der franz\u00f6sische Staatspr\u00e4sident Emmanuel Macron soll den s\u00fcdafrikanischen Pr\u00e4sidenten Cyril Ramaphosa um die Teilnahme\u00a0am\u00a0f\u00fcr August geplanten BRICS-Gipfel gebeten haben. Medienberichten zufolge\u00a0er\u00f6rtere Macron diese M\u00f6glichkeit am 3. Juni in einem Telefongespr\u00e4ch mit Pr\u00e4sident Ramaphosa.\u00a0Diese Nachricht wurde vom \u00c9lys\u00e9e-Palast noch nicht best\u00e4tigt. Moskau\u00a0soll Paris aufgefordert haben, eine Erkl\u00e4rung abzugeben.\u00a0Die franz\u00f6sische Au\u00dfenministerin Catherine Colonna wird schon bald nach S\u00fcdafrika reisen.\u00a0<\/p>\n<p>Obwohl\u00a0das BRICS-Konzept von westlichen Medien weitgehend ignoriert wird, wollen derzeit etwa 30 Staaten der Vereinigung beitreten. Die j\u00fcngste Meldung zur m\u00f6glichen Teilnahme Macrons am BRICS-Gipfel hat allerdings gro\u00dfe Aufmerksamkeit in Frankreich erregt. Die chinesische Zeitung <em>Global Times<\/em> geht der Frage nach, warum eine m\u00f6gliche\u00a0Einladung Macrons zum BRICS-Gipfel f\u00fcr \u00dcberraschung sorgt: Es deute darauf hin, dass die Menschen die Teilung zwischen Norden und S\u00fcden und die Spaltung zwischen Osten und Westen unbewusst als Normalzustand angenommen h\u00e4tten, &#8220;so dass selbst ein Gedanke, der diese Normen und Denkmuster durchbrechen k\u00f6nnte, ziemlich auff\u00e4llig erscheint&#8221;.<\/p>\n<p>Andererseits\u00a0klingt die Meldung nicht so \u00fcberraschend. Denn\u00a0Frankreich\u00a0sei ein gro\u00dfes europ\u00e4isches Land, das die historischen Ver\u00e4nderungen in der globalen Landschaft fr\u00fch erkannt habe. Macron selbst\u00a0habe bei mehreren Gelegenheiten \u00fcberraschende Erkl\u00e4rungen abgegeben und damit ein gewisses Ma\u00df an Autonomie gegen\u00fcber Washington demonstriert. Aufgrund dieser Faktoren w\u00e4re es nicht besonders seltsam, wenn Macron am BRICS-Gipfel teilnehmen w\u00fcrde, so <em>Global Times<\/em>.<\/p>\n<p>Macron betonte mehrfach, dass Europa &#8220;strategische Autonomie&#8221; anstreben sollte, und Frankreich hat auch eine Tradition der unabh\u00e4ngigen Diplomatie. Wenn Frankreich wirklich als Br\u00fccke zwischen den verschiedenen Lagern in der gespaltenen Welt agieren k\u00f6nne,\u00a0werde es zweifelsohne seinen internationalen Status hervorheben und historische Leistungen erbringen, kommentierte <em>Global Times<\/em>.<\/p>\n<p>Macron hat eindeutig solche Ambitionen und unternimmt solche Versuche und Anstrengungen. Nach Macrons Besuch in China im April dr\u00e4ngte er Europa zu mehr strategischer Autonomie, was in Europa und den USA eine Tsunami-\u00e4hnliche Kontroverse ausl\u00f6ste. Es bleibt zu fragen, inwieweit Frankreich nach seinem eigenen Willen handeln kann oder ob es sich noch den starken Meinungen Washingtons beugen muss.\u00a0<\/p>\n<p><strong>Mehr zum Thema<\/strong> \u2013 <a rel=\"nofollow noopener\" target=\"_blank\" href=\"https:\/\/de.rt.com\/nordamerika\/172561-usa-werden-vollstaendigen-hybriden-krieg-gegen-brics-fuehren\/\">Die USA werden einen vollst\u00e4ndigen hybriden Krieg gegen die BRICS+ f\u00fchren<\/a><\/p>\n<div class=\"EmbedBlock-root EmbedBlock-externalVideo EmbedBlock-vk\">\n<div class=\"VkEmbed\"><iframe class=\"lazyload\" data-src=\"https:\/\/vk.com\/video_ext.php?oid=-134310637&amp;id=456265536&amp;hash=48be56c0f3576ede\" frameborder=\"0\" width=\"853\" height=\"480\" allowfullscreen><\/iframe><\/div>\n<\/div>\n<\/div>\n<p><br \/>\n<br \/><a href=\"https:\/\/de.rt.com\/international\/172805-europaeische-souveraenitaet-nimmt-macron-am\/\">Source link <\/a><\/p>\n","protected":false},"excerpt":{"rendered":"<p>Der franz\u00f6sische Staatspr\u00e4sident erw\u00e4gt die Teilnahme am bevorstehenden BRICS-Gipfel im August in Johannesburg. Macron soll bereits den s\u00fcdafrikanischen Pr\u00e4sidenten konsultiert haben. Der franz\u00f6sische Staatspr\u00e4sident Emmanuel Macron soll den s\u00fcdafrikanischen Pr\u00e4sidenten Cyril Ramaphosa um die Teilnahme\u00a0am\u00a0f\u00fcr August geplanten BRICS-Gipfel gebeten haben. Medienberichten zufolge\u00a0er\u00f6rtere Macron diese M\u00f6glichkeit am 3. Juni in einem Telefongespr\u00e4ch mit Pr\u00e4sident Ramaphosa.\u00a0Diese Nachricht [&hellip;]<\/p>\n","protected":false},"author":3,"featured_media":38269,"comment_status":"open","ping_status":"open","sticky":false,"template":"","format":"standard","meta":{"_yoast_indexnow_last_ping":["1686921838"],"wp_automatic_camp":["217"],"19319fe3a13654045967c4a739163884":["Europ\u00e4ische Souver\u00e4nit\u00e4t: Nimmt Macron am bevorstehenden BRICS-Gipfel teil?"],"original_link":["https:\/\/de.rt.com\/international\/172805-europaeische-souveraenitaet-nimmt-macron-am\/"],"_thumbnail_id":["38269"],"_wptgpro_p2tg_sent2tg":["a:1:{i:23737;s:19:\"2023-06-16 15:24:58\";}"],"jnews_social_counter_last_update":["1777176930"]},"categories":[19,23],"tags":[21553,43075,21307,1711,5233,20302,3240],"yoast_head":"<!-- This site is optimized with the Yoast SEO Premium plugin v22.7 (Yoast SEO v22.7) - https:\/\/yoast.com\/wordpress\/plugins\/seo\/ -->\n<title>Europ\u00e4ische Souver\u00e4nit\u00e4t: Nimmt Macron am bevorstehenden BRICS-Gipfel teil? - just-now.NEWS Deutschland<\/title>\n<meta name=\"robots\" content=\"index, follow, max-snippet:-1, max-image-preview:large, max-video-preview:-1\" \/>\n<link rel=\"canonical\" href=\"https:\/\/now-news.de\/de\/deutschland\/europaeische-souveraenitaet-nimmt-macron-am-bevorstehenden-brics-gipfel-teil\/\" \/>\n<meta property=\"og:locale\" content=\"de_DE\" \/>\n<meta property=\"og:type\" content=\"article\" \/>\n<meta property=\"og:title\" content=\"Europ\u00e4ische Souver\u00e4nit\u00e4t: Nimmt Macron am bevorstehenden BRICS-Gipfel teil?\" \/>\n<meta property=\"og:description\" content=\"Der franz\u00f6sische Staatspr\u00e4sident erw\u00e4gt die Teilnahme am bevorstehenden BRICS-Gipfel im August in Johannesburg. Macron soll bereits den s\u00fcdafrikanischen Pr\u00e4sidenten konsultiert haben. Der franz\u00f6sische Staatspr\u00e4sident Emmanuel Macron soll den s\u00fcdafrikanischen Pr\u00e4sidenten Cyril Ramaphosa um die Teilnahme\u00a0am\u00a0f\u00fcr August geplanten BRICS-Gipfel gebeten haben. Medienberichten zufolge\u00a0er\u00f6rtere Macron diese M\u00f6glichkeit am 3. Juni in einem Telefongespr\u00e4ch mit Pr\u00e4sident Ramaphosa.\u00a0Diese Nachricht [&hellip;]\" \/>\n<meta property=\"og:url\" content=\"https:\/\/now-news.de\/de\/deutschland\/europaeische-souveraenitaet-nimmt-macron-am-bevorstehenden-brics-gipfel-teil\/\" \/>\n<meta property=\"og:site_name\" content=\"just-now.NEWS Deutschland\" \/>\n<meta property=\"article:publisher\" content=\"https:\/\/www.facebook.com\/wirmachenauf\" \/>\n<meta property=\"article:published_time\" content=\"2023-06-16T13:22:56+00:00\" \/>\n<meta property=\"og:image\" content=\"https:\/\/now-news.de\/de\/wp-content\/uploads\/sites\/3\/2023\/06\/Europaeische-Souveraenitaet-Nimmt-Macron-am-bevorstehenden-BRICS-Gipfel-teil.jpg\" \/>\n\t<meta property=\"og:image:width\" content=\"460\" \/>\n\t<meta property=\"og:image:height\" content=\"259\" \/>\n\t<meta property=\"og:image:type\" content=\"image\/jpeg\" \/>\n<meta name=\"author\" content=\"rtnews\" \/>\n<meta name=\"twitter:card\" content=\"summary_large_image\" \/>\n<meta name=\"twitter:creator\" content=\"@WirMachenAuf_de\" \/>\n<meta name=\"twitter:site\" content=\"@WirMachenAuf_de\" \/>\n<meta name=\"twitter:label1\" content=\"Verfasst von\" \/>\n\t<meta name=\"twitter:data1\" content=\"rtnews\" \/>\n\t<meta name=\"twitter:label2\" content=\"Gesch\u00e4tzte Lesezeit\" \/>\n\t<meta name=\"twitter:data2\" content=\"2\u00a0Minuten\" \/>\n<script type=\"application\/ld+json\" class=\"yoast-schema-graph\">{\"@context\":\"https:\/\/schema.org\",\"@graph\":[{\"@type\":\"Article\",\"@id\":\"https:\/\/now-news.de\/de\/deutschland\/europaeische-souveraenitaet-nimmt-macron-am-bevorstehenden-brics-gipfel-teil\/#article\",\"isPartOf\":{\"@id\":\"https:\/\/now-news.de\/de\/deutschland\/europaeische-souveraenitaet-nimmt-macron-am-bevorstehenden-brics-gipfel-teil\/\"},\"author\":{\"name\":\"rtnews\",\"@id\":\"https:\/\/now-news.de\/de\/#\/schema\/person\/fb534a4e865501d8b3285208df34a9b5\"},\"headline\":\"Europ\u00e4ische Souver\u00e4nit\u00e4t: Nimmt Macron am bevorstehenden BRICS-Gipfel teil?\",\"datePublished\":\"2023-06-16T13:22:56+00:00\",\"dateModified\":\"2023-06-16T13:22:56+00:00\",\"mainEntityOfPage\":{\"@id\":\"https:\/\/now-news.de\/de\/deutschland\/europaeische-souveraenitaet-nimmt-macron-am-bevorstehenden-brics-gipfel-teil\/\"},\"wordCount\":413,\"commentCount\":0,\"publisher\":{\"@id\":\"https:\/\/now-news.de\/de\/#organization\"},\"image\":{\"@id\":\"https:\/\/now-news.de\/de\/deutschland\/europaeische-souveraenitaet-nimmt-macron-am-bevorstehenden-brics-gipfel-teil\/#primaryimage\"},\"thumbnailUrl\":\"https:\/\/now-news.de\/de\/wp-content\/uploads\/sites\/3\/2023\/06\/Europaeische-Souveraenitaet-Nimmt-Macron-am-bevorstehenden-BRICS-Gipfel-teil.jpg\",\"keywords\":[\"bevorstehenden\",\"BRICSGipfel\",\"europ\u00e4ische\",\"macron\",\"nimmt\",\"Souver\u00e4nit\u00e4t\",\"Teil\"],\"articleSection\":[\"Deutschland\",\"Russland\"],\"inLanguage\":\"de\",\"potentialAction\":[{\"@type\":\"CommentAction\",\"name\":\"Comment\",\"target\":[\"https:\/\/now-news.de\/de\/deutschland\/europaeische-souveraenitaet-nimmt-macron-am-bevorstehenden-brics-gipfel-teil\/#respond\"]}]},{\"@type\":\"WebPage\",\"@id\":\"https:\/\/now-news.de\/de\/deutschland\/europaeische-souveraenitaet-nimmt-macron-am-bevorstehenden-brics-gipfel-teil\/\",\"url\":\"https:\/\/now-news.de\/de\/deutschland\/europaeische-souveraenitaet-nimmt-macron-am-bevorstehenden-brics-gipfel-teil\/\",\"name\":\"Europ\u00e4ische Souver\u00e4nit\u00e4t: Nimmt Macron am bevorstehenden BRICS-Gipfel teil? - just-now.NEWS Deutschland\",\"isPartOf\":{\"@id\":\"https:\/\/now-news.de\/de\/#website\"},\"primaryImageOfPage\":{\"@id\":\"https:\/\/now-news.de\/de\/deutschland\/europaeische-souveraenitaet-nimmt-macron-am-bevorstehenden-brics-gipfel-teil\/#primaryimage\"},\"image\":{\"@id\":\"https:\/\/now-news.de\/de\/deutschland\/europaeische-souveraenitaet-nimmt-macron-am-bevorstehenden-brics-gipfel-teil\/#primaryimage\"},\"thumbnailUrl\":\"https:\/\/now-news.de\/de\/wp-content\/uploads\/sites\/3\/2023\/06\/Europaeische-Souveraenitaet-Nimmt-Macron-am-bevorstehenden-BRICS-Gipfel-teil.jpg\",\"datePublished\":\"2023-06-16T13:22:56+00:00\",\"dateModified\":\"2023-06-16T13:22:56+00:00\",\"breadcrumb\":{\"@id\":\"https:\/\/now-news.de\/de\/deutschland\/europaeische-souveraenitaet-nimmt-macron-am-bevorstehenden-brics-gipfel-teil\/#breadcrumb\"},\"inLanguage\":\"de\",\"potentialAction\":[{\"@type\":\"ReadAction\",\"target\":[\"https:\/\/now-news.de\/de\/deutschland\/europaeische-souveraenitaet-nimmt-macron-am-bevorstehenden-brics-gipfel-teil\/\"]}]},{\"@type\":\"ImageObject\",\"inLanguage\":\"de\",\"@id\":\"https:\/\/now-news.de\/de\/deutschland\/europaeische-souveraenitaet-nimmt-macron-am-bevorstehenden-brics-gipfel-teil\/#primaryimage\",\"url\":\"https:\/\/now-news.de\/de\/wp-content\/uploads\/sites\/3\/2023\/06\/Europaeische-Souveraenitaet-Nimmt-Macron-am-bevorstehenden-BRICS-Gipfel-teil.jpg\",\"contentUrl\":\"https:\/\/now-news.de\/de\/wp-content\/uploads\/sites\/3\/2023\/06\/Europaeische-Souveraenitaet-Nimmt-Macron-am-bevorstehenden-BRICS-Gipfel-teil.jpg\",\"width\":460,\"height\":259,\"caption\":\"Europ\u00e4ische Souver\u00e4nit\u00e4t: Nimmt Macron am bevorstehenden BRICS-Gipfel teil?\"},{\"@type\":\"BreadcrumbList\",\"@id\":\"https:\/\/now-news.de\/de\/deutschland\/europaeische-souveraenitaet-nimmt-macron-am-bevorstehenden-brics-gipfel-teil\/#breadcrumb\",\"itemListElement\":[{\"@type\":\"ListItem\",\"position\":1,\"name\":\"Home\",\"item\":\"https:\/\/now-news.de\/de\/\"},{\"@type\":\"ListItem\",\"position\":2,\"name\":\"Europ\u00e4ische Souver\u00e4nit\u00e4t: Nimmt Macron am bevorstehenden BRICS-Gipfel teil?\"}]},{\"@type\":\"WebSite\",\"@id\":\"https:\/\/now-news.de\/de\/#website\",\"url\":\"https:\/\/now-news.de\/de\/\",\"name\":\"just-now.NEWS Deutschland\",\"description\":\"Das Portal f\u00fcr unzensierte Nachrichten aus der Welt\",\"publisher\":{\"@id\":\"https:\/\/now-news.de\/de\/#organization\"},\"potentialAction\":[{\"@type\":\"SearchAction\",\"target\":{\"@type\":\"EntryPoint\",\"urlTemplate\":\"https:\/\/now-news.de\/de\/?s={search_term_string}\"},\"query-input\":\"required name=search_term_string\"}],\"inLanguage\":\"de\"},{\"@type\":\"Organization\",\"@id\":\"https:\/\/now-news.de\/de\/#organization\",\"name\":\"Just Now News\",\"url\":\"https:\/\/now-news.de\/de\/\",\"logo\":{\"@type\":\"ImageObject\",\"inLanguage\":\"de\",\"@id\":\"https:\/\/now-news.de\/de\/#\/schema\/logo\/image\/\",\"url\":\"http:\/\/just-now.news\/de\/wp-content\/uploads\/sites\/3\/2022\/04\/logo500x500.jpg\",\"contentUrl\":\"http:\/\/just-now.news\/de\/wp-content\/uploads\/sites\/3\/2022\/04\/logo500x500.jpg\",\"width\":500,\"height\":500,\"caption\":\"Just Now News\"},\"image\":{\"@id\":\"https:\/\/now-news.de\/de\/#\/schema\/logo\/image\/\"},\"sameAs\":[\"https:\/\/www.facebook.com\/wirmachenauf\",\"https:\/\/x.com\/WirMachenAuf_de\"]},{\"@type\":\"Person\",\"@id\":\"https:\/\/now-news.de\/de\/#\/schema\/person\/fb534a4e865501d8b3285208df34a9b5\",\"name\":\"rtnews\",\"image\":{\"@type\":\"ImageObject\",\"inLanguage\":\"de\",\"@id\":\"https:\/\/now-news.de\/de\/#\/schema\/person\/image\/\",\"url\":\"https:\/\/secure.gravatar.com\/avatar\/82aafea7d8127119dd649515f56e2117?s=96&d=mm&r=g\",\"contentUrl\":\"https:\/\/secure.gravatar.com\/avatar\/82aafea7d8127119dd649515f56e2117?s=96&d=mm&r=g\",\"caption\":\"rtnews\"},\"url\":\"https:\/\/now-news.de\/de\/author\/rnews\/\"}]}<\/script>\n<!-- \/ Yoast SEO Premium plugin. -->","yoast_head_json":{"title":"Europ\u00e4ische Souver\u00e4nit\u00e4t: Nimmt Macron am bevorstehenden BRICS-Gipfel teil? - just-now.NEWS Deutschland","robots":{"index":"index","follow":"follow","max-snippet":"max-snippet:-1","max-image-preview":"max-image-preview:large","max-video-preview":"max-video-preview:-1"},"canonical":"https:\/\/now-news.de\/de\/deutschland\/europaeische-souveraenitaet-nimmt-macron-am-bevorstehenden-brics-gipfel-teil\/","og_locale":"de_DE","og_type":"article","og_title":"Europ\u00e4ische Souver\u00e4nit\u00e4t: Nimmt Macron am bevorstehenden BRICS-Gipfel teil?","og_description":"Der franz\u00f6sische Staatspr\u00e4sident erw\u00e4gt die Teilnahme am bevorstehenden BRICS-Gipfel im August in Johannesburg. Macron soll bereits den s\u00fcdafrikanischen Pr\u00e4sidenten konsultiert haben. Der franz\u00f6sische Staatspr\u00e4sident Emmanuel Macron soll den s\u00fcdafrikanischen Pr\u00e4sidenten Cyril Ramaphosa um die Teilnahme\u00a0am\u00a0f\u00fcr August geplanten BRICS-Gipfel gebeten haben. Medienberichten zufolge\u00a0er\u00f6rtere Macron diese M\u00f6glichkeit am 3. Juni in einem Telefongespr\u00e4ch mit Pr\u00e4sident Ramaphosa.\u00a0Diese Nachricht [&hellip;]","og_url":"https:\/\/now-news.de\/de\/deutschland\/europaeische-souveraenitaet-nimmt-macron-am-bevorstehenden-brics-gipfel-teil\/","og_site_name":"just-now.NEWS Deutschland","article_publisher":"https:\/\/www.facebook.com\/wirmachenauf","article_published_time":"2023-06-16T13:22:56+00:00","og_image":[{"width":460,"height":259,"url":"https:\/\/now-news.de\/de\/wp-content\/uploads\/sites\/3\/2023\/06\/Europaeische-Souveraenitaet-Nimmt-Macron-am-bevorstehenden-BRICS-Gipfel-teil.jpg","type":"image\/jpeg"}],"author":"rtnews","twitter_card":"summary_large_image","twitter_creator":"@WirMachenAuf_de","twitter_site":"@WirMachenAuf_de","twitter_misc":{"Verfasst von":"rtnews","Gesch\u00e4tzte Lesezeit":"2\u00a0Minuten"},"schema":{"@context":"https:\/\/schema.org","@graph":[{"@type":"Article","@id":"https:\/\/now-news.de\/de\/deutschland\/europaeische-souveraenitaet-nimmt-macron-am-bevorstehenden-brics-gipfel-teil\/#article","isPartOf":{"@id":"https:\/\/now-news.de\/de\/deutschland\/europaeische-souveraenitaet-nimmt-macron-am-bevorstehenden-brics-gipfel-teil\/"},"author":{"name":"rtnews","@id":"https:\/\/now-news.de\/de\/#\/schema\/person\/fb534a4e865501d8b3285208df34a9b5"},"headline":"Europ\u00e4ische Souver\u00e4nit\u00e4t: Nimmt Macron am bevorstehenden BRICS-Gipfel teil?","datePublished":"2023-06-16T13:22:56+00:00","dateModified":"2023-06-16T13:22:56+00:00","mainEntityOfPage":{"@id":"https:\/\/now-news.de\/de\/deutschland\/europaeische-souveraenitaet-nimmt-macron-am-bevorstehenden-brics-gipfel-teil\/"},"wordCount":413,"commentCount":0,"publisher":{"@id":"https:\/\/now-news.de\/de\/#organization"},"image":{"@id":"https:\/\/now-news.de\/de\/deutschland\/europaeische-souveraenitaet-nimmt-macron-am-bevorstehenden-brics-gipfel-teil\/#primaryimage"},"thumbnailUrl":"https:\/\/now-news.de\/de\/wp-content\/uploads\/sites\/3\/2023\/06\/Europaeische-Souveraenitaet-Nimmt-Macron-am-bevorstehenden-BRICS-Gipfel-teil.jpg","keywords":["bevorstehenden","BRICSGipfel","europ\u00e4ische","macron","nimmt","Souver\u00e4nit\u00e4t","Teil"],"articleSection":["Deutschland","Russland"],"inLanguage":"de","potentialAction":[{"@type":"CommentAction","name":"Comment","target":["https:\/\/now-news.de\/de\/deutschland\/europaeische-souveraenitaet-nimmt-macron-am-bevorstehenden-brics-gipfel-teil\/#respond"]}]},{"@type":"WebPage","@id":"https:\/\/now-news.de\/de\/deutschland\/europaeische-souveraenitaet-nimmt-macron-am-bevorstehenden-brics-gipfel-teil\/","url":"https:\/\/now-news.de\/de\/deutschland\/europaeische-souveraenitaet-nimmt-macron-am-bevorstehenden-brics-gipfel-teil\/","name":"Europ\u00e4ische Souver\u00e4nit\u00e4t: Nimmt Macron am bevorstehenden BRICS-Gipfel teil? - just-now.NEWS Deutschland","isPartOf":{"@id":"https:\/\/now-news.de\/de\/#website"},"primaryImageOfPage":{"@id":"https:\/\/now-news.de\/de\/deutschland\/europaeische-souveraenitaet-nimmt-macron-am-bevorstehenden-brics-gipfel-teil\/#primaryimage"},"image":{"@id":"https:\/\/now-news.de\/de\/deutschland\/europaeische-souveraenitaet-nimmt-macron-am-bevorstehenden-brics-gipfel-teil\/#primaryimage"},"thumbnailUrl":"https:\/\/now-news.de\/de\/wp-content\/uploads\/sites\/3\/2023\/06\/Europaeische-Souveraenitaet-Nimmt-Macron-am-bevorstehenden-BRICS-Gipfel-teil.jpg","datePublished":"2023-06-16T13:22:56+00:00","dateModified":"2023-06-16T13:22:56+00:00","breadcrumb":{"@id":"https:\/\/now-news.de\/de\/deutschland\/europaeische-souveraenitaet-nimmt-macron-am-bevorstehenden-brics-gipfel-teil\/#breadcrumb"},"inLanguage":"de","potentialAction":[{"@type":"ReadAction","target":["https:\/\/now-news.de\/de\/deutschland\/europaeische-souveraenitaet-nimmt-macron-am-bevorstehenden-brics-gipfel-teil\/"]}]},{"@type":"ImageObject","inLanguage":"de","@id":"https:\/\/now-news.de\/de\/deutschland\/europaeische-souveraenitaet-nimmt-macron-am-bevorstehenden-brics-gipfel-teil\/#primaryimage","url":"https:\/\/now-news.de\/de\/wp-content\/uploads\/sites\/3\/2023\/06\/Europaeische-Souveraenitaet-Nimmt-Macron-am-bevorstehenden-BRICS-Gipfel-teil.jpg","contentUrl":"https:\/\/now-news.de\/de\/wp-content\/uploads\/sites\/3\/2023\/06\/Europaeische-Souveraenitaet-Nimmt-Macron-am-bevorstehenden-BRICS-Gipfel-teil.jpg","width":460,"height":259,"caption":"Europ\u00e4ische Souver\u00e4nit\u00e4t: Nimmt Macron am bevorstehenden BRICS-Gipfel teil?"},{"@type":"BreadcrumbList","@id":"https:\/\/now-news.de\/de\/deutschland\/europaeische-souveraenitaet-nimmt-macron-am-bevorstehenden-brics-gipfel-teil\/#breadcrumb","itemListElement":[{"@type":"ListItem","position":1,"name":"Home","item":"https:\/\/now-news.de\/de\/"},{"@type":"ListItem","position":2,"name":"Europ\u00e4ische Souver\u00e4nit\u00e4t: Nimmt Macron am bevorstehenden BRICS-Gipfel teil?"}]},{"@type":"WebSite","@id":"https:\/\/now-news.de\/de\/#website","url":"https:\/\/now-news.de\/de\/","name":"just-now.NEWS Deutschland","description":"Das Portal f\u00fcr unzensierte Nachrichten aus der Welt","publisher":{"@id":"https:\/\/now-news.de\/de\/#organization"},"potentialAction":[{"@type":"SearchAction","target":{"@type":"EntryPoint","urlTemplate":"https:\/\/now-news.de\/de\/?s={search_term_string}"},"query-input":"required name=search_term_string"}],"inLanguage":"de"},{"@type":"Organization","@id":"https:\/\/now-news.de\/de\/#organization","name":"Just Now News","url":"https:\/\/now-news.de\/de\/","logo":{"@type":"ImageObject","inLanguage":"de","@id":"https:\/\/now-news.de\/de\/#\/schema\/logo\/image\/","url":"http:\/\/just-now.news\/de\/wp-content\/uploads\/sites\/3\/2022\/04\/logo500x500.jpg","contentUrl":"http:\/\/just-now.news\/de\/wp-content\/uploads\/sites\/3\/2022\/04\/logo500x500.jpg","width":500,"height":500,"caption":"Just Now News"},"image":{"@id":"https:\/\/now-news.de\/de\/#\/schema\/logo\/image\/"},"sameAs":["https:\/\/www.facebook.com\/wirmachenauf","https:\/\/x.com\/WirMachenAuf_de"]},{"@type":"Person","@id":"https:\/\/now-news.de\/de\/#\/schema\/person\/fb534a4e865501d8b3285208df34a9b5","name":"rtnews","image":{"@type":"ImageObject","inLanguage":"de","@id":"https:\/\/now-news.de\/de\/#\/schema\/person\/image\/","url":"https:\/\/secure.gravatar.com\/avatar\/82aafea7d8127119dd649515f56e2117?s=96&d=mm&r=g","contentUrl":"https:\/\/secure.gravatar.com\/avatar\/82aafea7d8127119dd649515f56e2117?s=96&d=mm&r=g","caption":"rtnews"},"url":"https:\/\/now-news.de\/de\/author\/rnews\/"}]}},"_links":{"self":[{"href":"https:\/\/now-news.de\/de\/wp-json\/wp\/v2\/posts\/38268"}],"collection":[{"href":"https:\/\/now-news.de\/de\/wp-json\/wp\/v2\/posts"}],"about":[{"href":"https:\/\/now-news.de\/de\/wp-json\/wp\/v2\/types\/post"}],"author":[{"embeddable":true,"href":"https:\/\/now-news.de\/de\/wp-json\/wp\/v2\/users\/3"}],"replies":[{"embeddable":true,"href":"https:\/\/now-news.de\/de\/wp-json\/wp\/v2\/comments?post=38268"}],"version-history":[{"count":0,"href":"https:\/\/now-news.de\/de\/wp-json\/wp\/v2\/posts\/38268\/revisions"}],"wp:featuredmedia":[{"embeddable":true,"href":"https:\/\/now-news.de\/de\/wp-json\/wp\/v2\/media\/38269"}],"wp:attachment":[{"href":"https:\/\/now-news.de\/de\/wp-json\/wp\/v2\/media?parent=38268"}],"wp:term":[{"taxonomy":"category","embeddable":true,"href":"https:\/\/now-news.de\/de\/wp-json\/wp\/v2\/categories?post=38268"},{"taxonomy":"post_tag","embeddable":true,"href":"https:\/\/now-news.de\/de\/wp-json\/wp\/v2\/tags?post=38268"}],"curies":[{"name":"wp","href":"https:\/\/api.w.org\/{rel}","templated":true}]}}