{"id":38246,"date":"2023-06-16T06:00:00","date_gmt":"2023-06-16T04:00:00","guid":{"rendered":"https:\/\/just-now.news\/de\/deutschland\/irans-praesident-raisi-setzt-seine-lateinamerika-reise-fort-vertraege-mit-nicaragua-unterzeichnet\/"},"modified":"2023-06-16T06:00:00","modified_gmt":"2023-06-16T04:00:00","slug":"irans-praesident-raisi-setzt-seine-lateinamerika-reise-fort-vertraege-mit-nicaragua-unterzeichnet","status":"publish","type":"post","link":"https:\/\/now-news.de\/de\/deutschland\/irans-praesident-raisi-setzt-seine-lateinamerika-reise-fort-vertraege-mit-nicaragua-unterzeichnet\/","title":{"rendered":"Irans Pr\u00e4sident Raisi setzt seine Lateinamerika-Reise fort: Vertr\u00e4ge mit Nicaragua unterzeichnet"},"content":{"rendered":"<p><img decoding=\"async\" src=\"http:\/\/just-now.news\/de\/wp-content\/uploads\/sites\/3\/2023\/06\/648b0007b480cc4e6904acab.jpg\" \/><\/p>\n<div class=\"Text-root Text-type_1 \">\n                Nach seinem Besuch in Venezuela ist der iranische Pr\u00e4sident Ebrahim Raisi nach Nicaragua gereist. In Managua unterschrieb er bilaterale Vertr\u00e4ge mit seinem zentralamerikanischen Amtskollegen Daniel Ortega. Es geht dabei um engere Kooperation in den Bereichen Handel und Wissenschaft.\n            <\/div>\n<p><\/p>\n<div class=\"Text-root Text-type_5 ArticleView-text ViewText-root \">\n<p>Im Rahmen seiner f\u00fcnft\u00e4gigen Lateinamerika-Reise hat der iranische Pr\u00e4sident Ebrahim Raisi in Nicaragua mehrere bilaterale Abkommen unterzeichnet. Bei einer feierlichen Veranstaltung gab der Pr\u00e4sident des zentralamerikanischen Landes Daniel Ortega am Donnerstag in Managua Einzelheiten \u00fcber die erzielten Vereinbarungen bekannt, die bei den Treffen von Vertretern der beiden L\u00e4nder vorbereitet worden waren. Demnach h\u00e4tten die Politiker drei Memoranden unterzeichnet.<\/p>\n<p>Ein erstes Dokument sieht die Schaffung einer zwischenstaatlichen Kommission vor, die die Zusammenarbeit in der Wirtschaft, im Handel und beim Austausch in den Bereichen Wissenschaft und Technik ankurbeln soll. Die zweite Vereinbarung betrifft die Rechtsprechung in den beiden L\u00e4ndern und impliziert eine Kooperation zwischen den Obersten Gerichtsh\u00f6fen in Teheran und in Managua. Das dritte Memorandum ist der Zusammenarbeit der Gesundheitsministerien gewidmet. Im Einzelnen geht es dabei um die Versorgung mit Medikamenten, Ger\u00e4ten, pharmazeutischen Substanzen und Zubeh\u00f6r f\u00fcr Laboratorien.<\/p>\n<p>Ortega erkl\u00e4rte dar\u00fcber hinaus, dass die beiden L\u00e4nder ein Freihandelsabkommen erarbeiten m\u00f6chten. Man habe beschlossen, eine Roadmap f\u00fcr dieses Ziel zu diskutieren. Der Pr\u00e4sident zeigte sich \u00fcberzeugt, dass die Kooperation sowohl seinem Land als auch Iran viele Vorteile bringen werde. Er dankte seinem iranischen Amtskollegen f\u00fcr den Besuch und lobte Teherans Engagement im Kampf f\u00fcr den Schutz der Souver\u00e4nit\u00e4t und der Integration der L\u00e4nder in Lateinamerika und der Karibik.<\/p>\n<p>Raisi betonte seinerseits, dass Iran insbesondere daran interessiert sei, mit souver\u00e4nen L\u00e4ndern zusammenzuarbeiten. Sein Besuch in Lateinamerika vollziehe sich in eben diesem Geiste. Der iranische Politiker lud Ortega zu einem Gegenbesuch in das Land im Nahen Osten ein.<\/p>\n<p>Nach dem Besuch in Nicaragua reiste der Pr\u00e4sident Irans nach Kuba weiter. Zuvor hatte er am Montag mit seinem\u00a0venezolanischen Amtskollegen Nicol\u00e1s Maduro in Caracas neue bilaterale Abkommen \u00fcber die Zusammenarbeit in strategischen Bereichen unterzeichnet. Maduro zeichnete Raisi mit dem Orden &#8220;Befreier und Befreierinnen von Venezuela&#8221; der ersten Klasse aus. Raisi betonte dabei, dass das Verh\u00e4ltnis zwischen beiden L\u00e4ndern von strategischer Bedeutung sei.<\/p>\n<p><strong>Mehr zum Thema<\/strong> &#8211;\u00a0<a rel=\"nofollow noopener\" target=\"_blank\" href=\"https:\/\/freeassange.rtde.life\/amerika\/161611-russland-unterstuetzt-nicaragua-150-autobusse\/\">Russland unterst\u00fctzt Nicaragua: 150 Autobusse der Marke PAZ feierlich begr\u00fc\u00dft<\/a><\/p>\n<\/div>\n<p><br \/>\n<br \/><a href=\"https:\/\/de.rt.com\/international\/172725-iran-und-nicaragua-unterzeichnen-bilaterale-vertraege\/\">Source link <\/a><\/p>\n","protected":false},"excerpt":{"rendered":"<p>Nach seinem Besuch in Venezuela ist der iranische Pr\u00e4sident Ebrahim Raisi nach Nicaragua gereist. In Managua unterschrieb er bilaterale Vertr\u00e4ge mit seinem zentralamerikanischen Amtskollegen Daniel Ortega. Es geht dabei um engere Kooperation in den Bereichen Handel und Wissenschaft. Im Rahmen seiner f\u00fcnft\u00e4gigen Lateinamerika-Reise hat der iranische Pr\u00e4sident Ebrahim Raisi in Nicaragua mehrere bilaterale Abkommen unterzeichnet. [&hellip;]<\/p>\n","protected":false},"author":3,"featured_media":38247,"comment_status":"open","ping_status":"open","sticky":false,"template":"","format":"standard","meta":{"_yoast_indexnow_last_ping":["1686888967"],"wp_automatic_camp":["217"],"36cf0046ff84d40ec720f57b26c226e3":["Irans Pr\u00e4sident Raisi setzt seine Lateinamerika-Reise fort: Vertr\u00e4ge mit Nicaragua unterzeichnet"],"original_link":["https:\/\/de.rt.com\/international\/172725-iran-und-nicaragua-unterzeichnen-bilaterale-vertraege\/"],"_thumbnail_id":["38247"],"jnews_social_counter_last_update":["1777607402"],"_wptgpro_p2tg_sent2tg":["a:1:{i:23737;s:19:\"2023-06-16 06:17:17\";}"]},"categories":[19,23],"tags":[13827,12414,45678,419,34872,3464,21115,265,1997,7589,19715],"yoast_head":"<!-- This site is optimized with the Yoast SEO Premium plugin v22.7 (Yoast SEO v22.7) - https:\/\/yoast.com\/wordpress\/plugins\/seo\/ -->\n<title>Irans Pr\u00e4sident Raisi setzt seine Lateinamerika-Reise fort: Vertr\u00e4ge mit Nicaragua unterzeichnet - just-now.NEWS Deutschland<\/title>\n<meta name=\"robots\" content=\"index, follow, max-snippet:-1, max-image-preview:large, max-video-preview:-1\" \/>\n<link rel=\"canonical\" href=\"https:\/\/now-news.de\/de\/deutschland\/irans-praesident-raisi-setzt-seine-lateinamerika-reise-fort-vertraege-mit-nicaragua-unterzeichnet\/\" \/>\n<meta property=\"og:locale\" content=\"de_DE\" \/>\n<meta property=\"og:type\" content=\"article\" \/>\n<meta property=\"og:title\" content=\"Irans Pr\u00e4sident Raisi setzt seine Lateinamerika-Reise fort: Vertr\u00e4ge mit Nicaragua unterzeichnet\" \/>\n<meta property=\"og:description\" content=\"Nach seinem Besuch in Venezuela ist der iranische Pr\u00e4sident Ebrahim Raisi nach Nicaragua gereist. In Managua unterschrieb er bilaterale Vertr\u00e4ge mit seinem zentralamerikanischen Amtskollegen Daniel Ortega. Es geht dabei um engere Kooperation in den Bereichen Handel und Wissenschaft. Im Rahmen seiner f\u00fcnft\u00e4gigen Lateinamerika-Reise hat der iranische Pr\u00e4sident Ebrahim Raisi in Nicaragua mehrere bilaterale Abkommen unterzeichnet. [&hellip;]\" \/>\n<meta property=\"og:url\" content=\"https:\/\/now-news.de\/de\/deutschland\/irans-praesident-raisi-setzt-seine-lateinamerika-reise-fort-vertraege-mit-nicaragua-unterzeichnet\/\" \/>\n<meta property=\"og:site_name\" content=\"just-now.NEWS Deutschland\" \/>\n<meta property=\"article:publisher\" content=\"https:\/\/www.facebook.com\/wirmachenauf\" \/>\n<meta property=\"article:published_time\" content=\"2023-06-16T04:00:00+00:00\" \/>\n<meta property=\"og:image\" content=\"https:\/\/now-news.de\/de\/wp-content\/uploads\/sites\/3\/2023\/06\/Irans-Praesident-Raisi-setzt-seine-Lateinamerika-Reise-fort-Vertraege-mit-Nicaragua.jpg\" \/>\n\t<meta property=\"og:image:width\" content=\"460\" \/>\n\t<meta property=\"og:image:height\" content=\"259\" \/>\n\t<meta property=\"og:image:type\" content=\"image\/jpeg\" \/>\n<meta name=\"author\" content=\"rtnews\" \/>\n<meta name=\"twitter:card\" content=\"summary_large_image\" \/>\n<meta name=\"twitter:creator\" content=\"@WirMachenAuf_de\" \/>\n<meta name=\"twitter:site\" content=\"@WirMachenAuf_de\" \/>\n<meta name=\"twitter:label1\" content=\"Verfasst von\" \/>\n\t<meta name=\"twitter:data1\" content=\"rtnews\" \/>\n\t<meta name=\"twitter:label2\" content=\"Gesch\u00e4tzte Lesezeit\" \/>\n\t<meta name=\"twitter:data2\" content=\"2\u00a0Minuten\" \/>\n<script type=\"application\/ld+json\" class=\"yoast-schema-graph\">{\"@context\":\"https:\/\/schema.org\",\"@graph\":[{\"@type\":\"Article\",\"@id\":\"https:\/\/now-news.de\/de\/deutschland\/irans-praesident-raisi-setzt-seine-lateinamerika-reise-fort-vertraege-mit-nicaragua-unterzeichnet\/#article\",\"isPartOf\":{\"@id\":\"https:\/\/now-news.de\/de\/deutschland\/irans-praesident-raisi-setzt-seine-lateinamerika-reise-fort-vertraege-mit-nicaragua-unterzeichnet\/\"},\"author\":{\"name\":\"rtnews\",\"@id\":\"https:\/\/now-news.de\/de\/#\/schema\/person\/fb534a4e865501d8b3285208df34a9b5\"},\"headline\":\"Irans Pr\u00e4sident Raisi setzt seine Lateinamerika-Reise fort: Vertr\u00e4ge mit Nicaragua unterzeichnet\",\"datePublished\":\"2023-06-16T04:00:00+00:00\",\"dateModified\":\"2023-06-16T04:00:00+00:00\",\"mainEntityOfPage\":{\"@id\":\"https:\/\/now-news.de\/de\/deutschland\/irans-praesident-raisi-setzt-seine-lateinamerika-reise-fort-vertraege-mit-nicaragua-unterzeichnet\/\"},\"wordCount\":405,\"commentCount\":0,\"publisher\":{\"@id\":\"https:\/\/now-news.de\/de\/#organization\"},\"image\":{\"@id\":\"https:\/\/now-news.de\/de\/deutschland\/irans-praesident-raisi-setzt-seine-lateinamerika-reise-fort-vertraege-mit-nicaragua-unterzeichnet\/#primaryimage\"},\"thumbnailUrl\":\"https:\/\/now-news.de\/de\/wp-content\/uploads\/sites\/3\/2023\/06\/Irans-Praesident-Raisi-setzt-seine-Lateinamerika-Reise-fort-Vertraege-mit-Nicaragua.jpg\",\"keywords\":[\"Fort\",\"Irans\",\"LateinamerikaReise\",\"mit\",\"Nicaragua\",\"Pr\u00e4sident\",\"Raisi\",\"seine\",\"setzt\",\"unterzeichnet\",\"Vertr\u00e4ge\"],\"articleSection\":[\"Deutschland\",\"Russland\"],\"inLanguage\":\"de\",\"potentialAction\":[{\"@type\":\"CommentAction\",\"name\":\"Comment\",\"target\":[\"https:\/\/now-news.de\/de\/deutschland\/irans-praesident-raisi-setzt-seine-lateinamerika-reise-fort-vertraege-mit-nicaragua-unterzeichnet\/#respond\"]}]},{\"@type\":\"WebPage\",\"@id\":\"https:\/\/now-news.de\/de\/deutschland\/irans-praesident-raisi-setzt-seine-lateinamerika-reise-fort-vertraege-mit-nicaragua-unterzeichnet\/\",\"url\":\"https:\/\/now-news.de\/de\/deutschland\/irans-praesident-raisi-setzt-seine-lateinamerika-reise-fort-vertraege-mit-nicaragua-unterzeichnet\/\",\"name\":\"Irans Pr\u00e4sident Raisi setzt seine Lateinamerika-Reise fort: Vertr\u00e4ge mit Nicaragua unterzeichnet - just-now.NEWS Deutschland\",\"isPartOf\":{\"@id\":\"https:\/\/now-news.de\/de\/#website\"},\"primaryImageOfPage\":{\"@id\":\"https:\/\/now-news.de\/de\/deutschland\/irans-praesident-raisi-setzt-seine-lateinamerika-reise-fort-vertraege-mit-nicaragua-unterzeichnet\/#primaryimage\"},\"image\":{\"@id\":\"https:\/\/now-news.de\/de\/deutschland\/irans-praesident-raisi-setzt-seine-lateinamerika-reise-fort-vertraege-mit-nicaragua-unterzeichnet\/#primaryimage\"},\"thumbnailUrl\":\"https:\/\/now-news.de\/de\/wp-content\/uploads\/sites\/3\/2023\/06\/Irans-Praesident-Raisi-setzt-seine-Lateinamerika-Reise-fort-Vertraege-mit-Nicaragua.jpg\",\"datePublished\":\"2023-06-16T04:00:00+00:00\",\"dateModified\":\"2023-06-16T04:00:00+00:00\",\"breadcrumb\":{\"@id\":\"https:\/\/now-news.de\/de\/deutschland\/irans-praesident-raisi-setzt-seine-lateinamerika-reise-fort-vertraege-mit-nicaragua-unterzeichnet\/#breadcrumb\"},\"inLanguage\":\"de\",\"potentialAction\":[{\"@type\":\"ReadAction\",\"target\":[\"https:\/\/now-news.de\/de\/deutschland\/irans-praesident-raisi-setzt-seine-lateinamerika-reise-fort-vertraege-mit-nicaragua-unterzeichnet\/\"]}]},{\"@type\":\"ImageObject\",\"inLanguage\":\"de\",\"@id\":\"https:\/\/now-news.de\/de\/deutschland\/irans-praesident-raisi-setzt-seine-lateinamerika-reise-fort-vertraege-mit-nicaragua-unterzeichnet\/#primaryimage\",\"url\":\"https:\/\/now-news.de\/de\/wp-content\/uploads\/sites\/3\/2023\/06\/Irans-Praesident-Raisi-setzt-seine-Lateinamerika-Reise-fort-Vertraege-mit-Nicaragua.jpg\",\"contentUrl\":\"https:\/\/now-news.de\/de\/wp-content\/uploads\/sites\/3\/2023\/06\/Irans-Praesident-Raisi-setzt-seine-Lateinamerika-Reise-fort-Vertraege-mit-Nicaragua.jpg\",\"width\":460,\"height\":259,\"caption\":\"Irans Pr\u00e4sident Raisi setzt seine Lateinamerika-Reise fort: Vertr\u00e4ge mit Nicaragua unterzeichnet\"},{\"@type\":\"BreadcrumbList\",\"@id\":\"https:\/\/now-news.de\/de\/deutschland\/irans-praesident-raisi-setzt-seine-lateinamerika-reise-fort-vertraege-mit-nicaragua-unterzeichnet\/#breadcrumb\",\"itemListElement\":[{\"@type\":\"ListItem\",\"position\":1,\"name\":\"Home\",\"item\":\"https:\/\/now-news.de\/de\/\"},{\"@type\":\"ListItem\",\"position\":2,\"name\":\"Irans Pr\u00e4sident Raisi setzt seine Lateinamerika-Reise fort: Vertr\u00e4ge mit Nicaragua unterzeichnet\"}]},{\"@type\":\"WebSite\",\"@id\":\"https:\/\/now-news.de\/de\/#website\",\"url\":\"https:\/\/now-news.de\/de\/\",\"name\":\"just-now.NEWS Deutschland\",\"description\":\"Das Portal f\u00fcr unzensierte Nachrichten aus der Welt\",\"publisher\":{\"@id\":\"https:\/\/now-news.de\/de\/#organization\"},\"potentialAction\":[{\"@type\":\"SearchAction\",\"target\":{\"@type\":\"EntryPoint\",\"urlTemplate\":\"https:\/\/now-news.de\/de\/?s={search_term_string}\"},\"query-input\":\"required name=search_term_string\"}],\"inLanguage\":\"de\"},{\"@type\":\"Organization\",\"@id\":\"https:\/\/now-news.de\/de\/#organization\",\"name\":\"Just Now News\",\"url\":\"https:\/\/now-news.de\/de\/\",\"logo\":{\"@type\":\"ImageObject\",\"inLanguage\":\"de\",\"@id\":\"https:\/\/now-news.de\/de\/#\/schema\/logo\/image\/\",\"url\":\"http:\/\/just-now.news\/de\/wp-content\/uploads\/sites\/3\/2022\/04\/logo500x500.jpg\",\"contentUrl\":\"http:\/\/just-now.news\/de\/wp-content\/uploads\/sites\/3\/2022\/04\/logo500x500.jpg\",\"width\":500,\"height\":500,\"caption\":\"Just Now News\"},\"image\":{\"@id\":\"https:\/\/now-news.de\/de\/#\/schema\/logo\/image\/\"},\"sameAs\":[\"https:\/\/www.facebook.com\/wirmachenauf\",\"https:\/\/x.com\/WirMachenAuf_de\"]},{\"@type\":\"Person\",\"@id\":\"https:\/\/now-news.de\/de\/#\/schema\/person\/fb534a4e865501d8b3285208df34a9b5\",\"name\":\"rtnews\",\"image\":{\"@type\":\"ImageObject\",\"inLanguage\":\"de\",\"@id\":\"https:\/\/now-news.de\/de\/#\/schema\/person\/image\/\",\"url\":\"https:\/\/secure.gravatar.com\/avatar\/82aafea7d8127119dd649515f56e2117?s=96&d=mm&r=g\",\"contentUrl\":\"https:\/\/secure.gravatar.com\/avatar\/82aafea7d8127119dd649515f56e2117?s=96&d=mm&r=g\",\"caption\":\"rtnews\"},\"url\":\"https:\/\/now-news.de\/de\/author\/rnews\/\"}]}<\/script>\n<!-- \/ Yoast SEO Premium plugin. -->","yoast_head_json":{"title":"Irans Pr\u00e4sident Raisi setzt seine Lateinamerika-Reise fort: Vertr\u00e4ge mit Nicaragua unterzeichnet - just-now.NEWS Deutschland","robots":{"index":"index","follow":"follow","max-snippet":"max-snippet:-1","max-image-preview":"max-image-preview:large","max-video-preview":"max-video-preview:-1"},"canonical":"https:\/\/now-news.de\/de\/deutschland\/irans-praesident-raisi-setzt-seine-lateinamerika-reise-fort-vertraege-mit-nicaragua-unterzeichnet\/","og_locale":"de_DE","og_type":"article","og_title":"Irans Pr\u00e4sident Raisi setzt seine Lateinamerika-Reise fort: Vertr\u00e4ge mit Nicaragua unterzeichnet","og_description":"Nach seinem Besuch in Venezuela ist der iranische Pr\u00e4sident Ebrahim Raisi nach Nicaragua gereist. In Managua unterschrieb er bilaterale Vertr\u00e4ge mit seinem zentralamerikanischen Amtskollegen Daniel Ortega. Es geht dabei um engere Kooperation in den Bereichen Handel und Wissenschaft. Im Rahmen seiner f\u00fcnft\u00e4gigen Lateinamerika-Reise hat der iranische Pr\u00e4sident Ebrahim Raisi in Nicaragua mehrere bilaterale Abkommen unterzeichnet. [&hellip;]","og_url":"https:\/\/now-news.de\/de\/deutschland\/irans-praesident-raisi-setzt-seine-lateinamerika-reise-fort-vertraege-mit-nicaragua-unterzeichnet\/","og_site_name":"just-now.NEWS Deutschland","article_publisher":"https:\/\/www.facebook.com\/wirmachenauf","article_published_time":"2023-06-16T04:00:00+00:00","og_image":[{"width":460,"height":259,"url":"https:\/\/now-news.de\/de\/wp-content\/uploads\/sites\/3\/2023\/06\/Irans-Praesident-Raisi-setzt-seine-Lateinamerika-Reise-fort-Vertraege-mit-Nicaragua.jpg","type":"image\/jpeg"}],"author":"rtnews","twitter_card":"summary_large_image","twitter_creator":"@WirMachenAuf_de","twitter_site":"@WirMachenAuf_de","twitter_misc":{"Verfasst von":"rtnews","Gesch\u00e4tzte Lesezeit":"2\u00a0Minuten"},"schema":{"@context":"https:\/\/schema.org","@graph":[{"@type":"Article","@id":"https:\/\/now-news.de\/de\/deutschland\/irans-praesident-raisi-setzt-seine-lateinamerika-reise-fort-vertraege-mit-nicaragua-unterzeichnet\/#article","isPartOf":{"@id":"https:\/\/now-news.de\/de\/deutschland\/irans-praesident-raisi-setzt-seine-lateinamerika-reise-fort-vertraege-mit-nicaragua-unterzeichnet\/"},"author":{"name":"rtnews","@id":"https:\/\/now-news.de\/de\/#\/schema\/person\/fb534a4e865501d8b3285208df34a9b5"},"headline":"Irans Pr\u00e4sident Raisi setzt seine Lateinamerika-Reise fort: Vertr\u00e4ge mit Nicaragua unterzeichnet","datePublished":"2023-06-16T04:00:00+00:00","dateModified":"2023-06-16T04:00:00+00:00","mainEntityOfPage":{"@id":"https:\/\/now-news.de\/de\/deutschland\/irans-praesident-raisi-setzt-seine-lateinamerika-reise-fort-vertraege-mit-nicaragua-unterzeichnet\/"},"wordCount":405,"commentCount":0,"publisher":{"@id":"https:\/\/now-news.de\/de\/#organization"},"image":{"@id":"https:\/\/now-news.de\/de\/deutschland\/irans-praesident-raisi-setzt-seine-lateinamerika-reise-fort-vertraege-mit-nicaragua-unterzeichnet\/#primaryimage"},"thumbnailUrl":"https:\/\/now-news.de\/de\/wp-content\/uploads\/sites\/3\/2023\/06\/Irans-Praesident-Raisi-setzt-seine-Lateinamerika-Reise-fort-Vertraege-mit-Nicaragua.jpg","keywords":["Fort","Irans","LateinamerikaReise","mit","Nicaragua","Pr\u00e4sident","Raisi","seine","setzt","unterzeichnet","Vertr\u00e4ge"],"articleSection":["Deutschland","Russland"],"inLanguage":"de","potentialAction":[{"@type":"CommentAction","name":"Comment","target":["https:\/\/now-news.de\/de\/deutschland\/irans-praesident-raisi-setzt-seine-lateinamerika-reise-fort-vertraege-mit-nicaragua-unterzeichnet\/#respond"]}]},{"@type":"WebPage","@id":"https:\/\/now-news.de\/de\/deutschland\/irans-praesident-raisi-setzt-seine-lateinamerika-reise-fort-vertraege-mit-nicaragua-unterzeichnet\/","url":"https:\/\/now-news.de\/de\/deutschland\/irans-praesident-raisi-setzt-seine-lateinamerika-reise-fort-vertraege-mit-nicaragua-unterzeichnet\/","name":"Irans Pr\u00e4sident Raisi setzt seine Lateinamerika-Reise fort: Vertr\u00e4ge mit Nicaragua unterzeichnet - just-now.NEWS Deutschland","isPartOf":{"@id":"https:\/\/now-news.de\/de\/#website"},"primaryImageOfPage":{"@id":"https:\/\/now-news.de\/de\/deutschland\/irans-praesident-raisi-setzt-seine-lateinamerika-reise-fort-vertraege-mit-nicaragua-unterzeichnet\/#primaryimage"},"image":{"@id":"https:\/\/now-news.de\/de\/deutschland\/irans-praesident-raisi-setzt-seine-lateinamerika-reise-fort-vertraege-mit-nicaragua-unterzeichnet\/#primaryimage"},"thumbnailUrl":"https:\/\/now-news.de\/de\/wp-content\/uploads\/sites\/3\/2023\/06\/Irans-Praesident-Raisi-setzt-seine-Lateinamerika-Reise-fort-Vertraege-mit-Nicaragua.jpg","datePublished":"2023-06-16T04:00:00+00:00","dateModified":"2023-06-16T04:00:00+00:00","breadcrumb":{"@id":"https:\/\/now-news.de\/de\/deutschland\/irans-praesident-raisi-setzt-seine-lateinamerika-reise-fort-vertraege-mit-nicaragua-unterzeichnet\/#breadcrumb"},"inLanguage":"de","potentialAction":[{"@type":"ReadAction","target":["https:\/\/now-news.de\/de\/deutschland\/irans-praesident-raisi-setzt-seine-lateinamerika-reise-fort-vertraege-mit-nicaragua-unterzeichnet\/"]}]},{"@type":"ImageObject","inLanguage":"de","@id":"https:\/\/now-news.de\/de\/deutschland\/irans-praesident-raisi-setzt-seine-lateinamerika-reise-fort-vertraege-mit-nicaragua-unterzeichnet\/#primaryimage","url":"https:\/\/now-news.de\/de\/wp-content\/uploads\/sites\/3\/2023\/06\/Irans-Praesident-Raisi-setzt-seine-Lateinamerika-Reise-fort-Vertraege-mit-Nicaragua.jpg","contentUrl":"https:\/\/now-news.de\/de\/wp-content\/uploads\/sites\/3\/2023\/06\/Irans-Praesident-Raisi-setzt-seine-Lateinamerika-Reise-fort-Vertraege-mit-Nicaragua.jpg","width":460,"height":259,"caption":"Irans Pr\u00e4sident Raisi setzt seine Lateinamerika-Reise fort: Vertr\u00e4ge mit Nicaragua unterzeichnet"},{"@type":"BreadcrumbList","@id":"https:\/\/now-news.de\/de\/deutschland\/irans-praesident-raisi-setzt-seine-lateinamerika-reise-fort-vertraege-mit-nicaragua-unterzeichnet\/#breadcrumb","itemListElement":[{"@type":"ListItem","position":1,"name":"Home","item":"https:\/\/now-news.de\/de\/"},{"@type":"ListItem","position":2,"name":"Irans Pr\u00e4sident Raisi setzt seine Lateinamerika-Reise fort: Vertr\u00e4ge mit Nicaragua unterzeichnet"}]},{"@type":"WebSite","@id":"https:\/\/now-news.de\/de\/#website","url":"https:\/\/now-news.de\/de\/","name":"just-now.NEWS Deutschland","description":"Das Portal f\u00fcr unzensierte Nachrichten aus der Welt","publisher":{"@id":"https:\/\/now-news.de\/de\/#organization"},"potentialAction":[{"@type":"SearchAction","target":{"@type":"EntryPoint","urlTemplate":"https:\/\/now-news.de\/de\/?s={search_term_string}"},"query-input":"required name=search_term_string"}],"inLanguage":"de"},{"@type":"Organization","@id":"https:\/\/now-news.de\/de\/#organization","name":"Just Now News","url":"https:\/\/now-news.de\/de\/","logo":{"@type":"ImageObject","inLanguage":"de","@id":"https:\/\/now-news.de\/de\/#\/schema\/logo\/image\/","url":"http:\/\/just-now.news\/de\/wp-content\/uploads\/sites\/3\/2022\/04\/logo500x500.jpg","contentUrl":"http:\/\/just-now.news\/de\/wp-content\/uploads\/sites\/3\/2022\/04\/logo500x500.jpg","width":500,"height":500,"caption":"Just Now News"},"image":{"@id":"https:\/\/now-news.de\/de\/#\/schema\/logo\/image\/"},"sameAs":["https:\/\/www.facebook.com\/wirmachenauf","https:\/\/x.com\/WirMachenAuf_de"]},{"@type":"Person","@id":"https:\/\/now-news.de\/de\/#\/schema\/person\/fb534a4e865501d8b3285208df34a9b5","name":"rtnews","image":{"@type":"ImageObject","inLanguage":"de","@id":"https:\/\/now-news.de\/de\/#\/schema\/person\/image\/","url":"https:\/\/secure.gravatar.com\/avatar\/82aafea7d8127119dd649515f56e2117?s=96&d=mm&r=g","contentUrl":"https:\/\/secure.gravatar.com\/avatar\/82aafea7d8127119dd649515f56e2117?s=96&d=mm&r=g","caption":"rtnews"},"url":"https:\/\/now-news.de\/de\/author\/rnews\/"}]}},"_links":{"self":[{"href":"https:\/\/now-news.de\/de\/wp-json\/wp\/v2\/posts\/38246"}],"collection":[{"href":"https:\/\/now-news.de\/de\/wp-json\/wp\/v2\/posts"}],"about":[{"href":"https:\/\/now-news.de\/de\/wp-json\/wp\/v2\/types\/post"}],"author":[{"embeddable":true,"href":"https:\/\/now-news.de\/de\/wp-json\/wp\/v2\/users\/3"}],"replies":[{"embeddable":true,"href":"https:\/\/now-news.de\/de\/wp-json\/wp\/v2\/comments?post=38246"}],"version-history":[{"count":0,"href":"https:\/\/now-news.de\/de\/wp-json\/wp\/v2\/posts\/38246\/revisions"}],"wp:featuredmedia":[{"embeddable":true,"href":"https:\/\/now-news.de\/de\/wp-json\/wp\/v2\/media\/38247"}],"wp:attachment":[{"href":"https:\/\/now-news.de\/de\/wp-json\/wp\/v2\/media?parent=38246"}],"wp:term":[{"taxonomy":"category","embeddable":true,"href":"https:\/\/now-news.de\/de\/wp-json\/wp\/v2\/categories?post=38246"},{"taxonomy":"post_tag","embeddable":true,"href":"https:\/\/now-news.de\/de\/wp-json\/wp\/v2\/tags?post=38246"}],"curies":[{"name":"wp","href":"https:\/\/api.w.org\/{rel}","templated":true}]}}