{"id":38215,"date":"2023-06-15T19:18:13","date_gmt":"2023-06-15T17:18:13","guid":{"rendered":"https:\/\/just-now.news\/de\/deutschland\/sacharowa-beim-wirtschaftsforum-russland-wuerde-atomwaffen-nur-zu-verteidigungszwecken-einsetzen\/"},"modified":"2023-06-15T19:18:13","modified_gmt":"2023-06-15T17:18:13","slug":"sacharowa-beim-wirtschaftsforum-russland-wuerde-atomwaffen-nur-zu-verteidigungszwecken-einsetzen","status":"publish","type":"post","link":"https:\/\/now-news.de\/de\/deutschland\/sacharowa-beim-wirtschaftsforum-russland-wuerde-atomwaffen-nur-zu-verteidigungszwecken-einsetzen\/","title":{"rendered":"Sacharowa beim Wirtschaftsforum: Russland w\u00fcrde Atomwaffen nur zu Verteidigungszwecken einsetzen"},"content":{"rendered":"<p><img decoding=\"async\" src=\"http:\/\/just-now.news\/de\/wp-content\/uploads\/sites\/3\/2023\/06\/648b1271b480cc162b6bc3dc.jpg\" \/><\/p>\n<div class=\"Text-root Text-type_1 \">\n                Maria Sacharowa, die Sprecherin des russischen Au\u00dfenministeriums, hat auf dem Internationalen Wirtschaftsforum in Sankt Petersburg eine Pressekonferenz abgehalten. Dabei erkl\u00e4rte sie, dass Russland Atomwaffen nur hypothetisch und einzig zu Verteidigungszwecken einsetzen w\u00fcrde.\n            <\/div>\n<p><\/p>\n<div class=\"Text-root Text-type_5 ArticleView-text ViewText-root \">\n<p>In der zweitgr\u00f6\u00dften russischen Stadt Sankt Petersburg findet traditionell allj\u00e4hrlich das Internationale Wirtschaftsforum statt. Dabei gab am Donnerstag die Sprecherin des russischen Au\u00dfenministeriums Maria Sacharowa eine Pressekonferenz. Die russische Diplomatin erkl\u00e4rte insbesondere, dass Russland Atomwaffen nur hypothetisch und einzig zu Verteidigungszwecken einsetzen w\u00fcrde. Die russische Nachrichtenagentur <em>TASS<\/em>\u00a0<a rel=\"nofollow noopener\" target=\"_blank\" href=\"https:\/\/tass.ru\/politika\/18018397\">zitierte<\/a> Sacharowa w\u00f6rtlich: \u00a0<\/p>\n<p><em>&#8220;Die russische Politik der nuklearen Abschreckung ist rein defensiver Natur, und der hypothetische Einsatz von Atomwaffen ist eindeutig auf au\u00dfergew\u00f6hnliche Umst\u00e4nde im Rahmen rein defensiver Zwecke beschr\u00e4nkt.&#8221;<\/em><\/p>\n<p>Russland sei voll und ganz dem Grundsatz verpflichtet, dass ein Atomkrieg inakzeptabel sei. In einem solchen Krieg w\u00fcrde es keine Gewinner geben. Es d\u00fcrfe niemals zu einem solchen Krieg kommen, betonte Sacharowa. Moskau rufe deshalb dazu auf, dass alle Unterzeichner der Gemeinsamen Erkl\u00e4rung der f\u00fcnf Atomm\u00e4chte zur Verhinderung eines Atomkriegs und des Wettr\u00fcstens eindringlich dazu auf, sich an diese Postulate zu halten.<\/p>\n<p>Sacharowa schloss auch keineswegs aus, dass Russland seine Entscheidung, den New-START-Vertrag vorl\u00e4ufig auszusetzen, wieder r\u00fcckg\u00e4ngig machen k\u00f6nnte. Dies k\u00f6nnte allerdings nur geschehen, wenn man in Washington, D.C. den politischen Willen zeigen und sich bem\u00fchen w\u00fcrde, die heraufbeschworenen Spannungen wieder abzubauen, zu deeskalieren und so die Bedingungen f\u00fcr die Wiederaufnahme der vollen Funktionsf\u00e4higkeit dieses Vertrags zu schaffen.<\/p>\n<p>Der russische Pr\u00e4sident Wladimir Putin hatte am 21. Februar bekanntgegeben, dass Moskau seine Beteiligung am New-START-Vertrag vorl\u00e4ufig aussetze, ihn aber nicht verlasse. Der Pr\u00e4sident Russlands betonte dabei, dass der russischen Seite vor einer erneuten Diskussion \u00fcber die Fortsetzung dieses Vertrags begreiflich gemacht werden m\u00fcsse, wie dieses Dokument die Arsenale nicht nur der USA, sondern auch der anderen NATO-Atomm\u00e4chte \u2013 Gro\u00dfbritannien und Frankreich \u2013 ber\u00fccksichtigen w\u00fcrde. Am 1. M\u00e4rz unterzeichnete Putin das Gesetz zur Aussetzung der Beteiligung Russlands am New-START-Vertrag.<\/p>\n<p><strong>Mehr zum Thema<\/strong> \u2013 <a rel=\"nofollow noopener\" target=\"_blank\" href=\"https:\/\/pressefreiheit.rtde.live\/russland\/164090-russlands-botschafter-in-usa-aussetzung\/\">Russlands Botschafter in USA: Aussetzung des New-START-Vertrags ist &#8220;einzig richtige Entscheidung&#8221;\u00a0<\/a><\/p>\n<\/div>\n<p><br \/>\n<br \/><a href=\"https:\/\/de.rt.com\/russland\/172745-sachrowa-beim-wirtschaftsforum-russland-koennte\/\">Source link <\/a><\/p>\n","protected":false},"excerpt":{"rendered":"<p>Maria Sacharowa, die Sprecherin des russischen Au\u00dfenministeriums, hat auf dem Internationalen Wirtschaftsforum in Sankt Petersburg eine Pressekonferenz abgehalten. Dabei erkl\u00e4rte sie, dass Russland Atomwaffen nur hypothetisch und einzig zu Verteidigungszwecken einsetzen w\u00fcrde. In der zweitgr\u00f6\u00dften russischen Stadt Sankt Petersburg findet traditionell allj\u00e4hrlich das Internationale Wirtschaftsforum statt. Dabei gab am Donnerstag die Sprecherin des russischen Au\u00dfenministeriums [&hellip;]<\/p>\n","protected":false},"author":3,"featured_media":38216,"comment_status":"open","ping_status":"open","sticky":false,"template":"","format":"standard","meta":{"_yoast_indexnow_last_ping":["1686849543"],"wp_automatic_camp":["217"],"194bab3def6ce3e8fa4e25f3ca1c022b":["Sacharowa beim Wirtschaftsforum: Russland w\u00fcrde Atomwaffen nur zu Verteidigungszwecken einsetzen"],"original_link":["https:\/\/de.rt.com\/russland\/172745-sachrowa-beim-wirtschaftsforum-russland-koennte\/"],"_thumbnail_id":["38216"],"_wptgpro_p2tg_sent2tg":["a:1:{i:23737;s:19:\"2023-06-15 19:20:29\";}"],"jnews_social_counter_last_update":["1788718975"]},"categories":[19,23],"tags":[7620,1814,7621,4230,126,942,45656,21957,528],"class_list":["post-38215","post","type-post","status-publish","format-standard","has-post-thumbnail","hentry","category-deutschland","category-russland","tag-atomwaffen","tag-beim","tag-einsetzen","tag-nur","tag-russland","tag-sacharowa","tag-verteidigungszwecken","tag-wirtschaftsforum","tag-wurde"],"yoast_head":"<!-- This site is optimized with the Yoast SEO Premium plugin v22.7 (Yoast SEO v28.2) - https:\/\/yoast.com\/product\/yoast-seo-premium-wordpress\/ -->\n<title>Sacharowa beim Wirtschaftsforum: Russland w\u00fcrde Atomwaffen nur zu Verteidigungszwecken einsetzen - just-now.NEWS Deutschland<\/title>\n<meta name=\"robots\" content=\"index, follow, max-snippet:-1, max-image-preview:large, max-video-preview:-1\" \/>\n<link rel=\"canonical\" href=\"https:\/\/now-news.de\/de\/deutschland\/sacharowa-beim-wirtschaftsforum-russland-wuerde-atomwaffen-nur-zu-verteidigungszwecken-einsetzen\/\" \/>\n<meta property=\"og:locale\" content=\"de_DE\" \/>\n<meta property=\"og:type\" content=\"article\" \/>\n<meta property=\"og:title\" content=\"Sacharowa beim Wirtschaftsforum: Russland w\u00fcrde Atomwaffen nur zu Verteidigungszwecken einsetzen\" \/>\n<meta property=\"og:description\" content=\"Maria Sacharowa, die Sprecherin des russischen Au\u00dfenministeriums, hat auf dem Internationalen Wirtschaftsforum in Sankt Petersburg eine Pressekonferenz abgehalten. Dabei erkl\u00e4rte sie, dass Russland Atomwaffen nur hypothetisch und einzig zu Verteidigungszwecken einsetzen w\u00fcrde. In der zweitgr\u00f6\u00dften russischen Stadt Sankt Petersburg findet traditionell allj\u00e4hrlich das Internationale Wirtschaftsforum statt. Dabei gab am Donnerstag die Sprecherin des russischen Au\u00dfenministeriums [&hellip;]\" \/>\n<meta property=\"og:url\" content=\"https:\/\/now-news.de\/de\/deutschland\/sacharowa-beim-wirtschaftsforum-russland-wuerde-atomwaffen-nur-zu-verteidigungszwecken-einsetzen\/\" \/>\n<meta property=\"og:site_name\" content=\"just-now.NEWS Deutschland\" \/>\n<meta property=\"article:publisher\" content=\"https:\/\/www.facebook.com\/wirmachenauf\" \/>\n<meta property=\"article:published_time\" content=\"2023-06-15T17:18:13+00:00\" \/>\n<meta property=\"og:image\" content=\"https:\/\/now-news.de\/de\/wp-content\/uploads\/sites\/3\/2023\/06\/Sacharowa-beim-Wirtschaftsforum-Russland-wuerde-Atomwaffen-nur-zu-Verteidigungszwecken-einsetzen.jpg\" \/>\n\t<meta property=\"og:image:width\" content=\"460\" \/>\n\t<meta property=\"og:image:height\" content=\"259\" \/>\n\t<meta property=\"og:image:type\" content=\"image\/jpeg\" \/>\n<meta name=\"author\" content=\"rtnews\" \/>\n<meta name=\"twitter:card\" content=\"summary_large_image\" \/>\n<meta name=\"twitter:creator\" content=\"@WirMachenAuf_de\" \/>\n<meta name=\"twitter:site\" content=\"@WirMachenAuf_de\" \/>\n<meta name=\"twitter:label1\" content=\"Verfasst von\" \/>\n\t<meta name=\"twitter:data1\" content=\"rtnews\" \/>\n\t<meta name=\"twitter:label2\" content=\"Gesch\u00e4tzte Lesezeit\" \/>\n\t<meta name=\"twitter:data2\" content=\"2\u00a0Minuten\" \/>\n<script type=\"application\/ld+json\" class=\"yoast-schema-graph\">{\"@context\":\"https:\\\/\\\/schema.org\",\"@graph\":[{\"@type\":\"Article\",\"@id\":\"https:\\\/\\\/now-news.de\\\/de\\\/deutschland\\\/sacharowa-beim-wirtschaftsforum-russland-wuerde-atomwaffen-nur-zu-verteidigungszwecken-einsetzen\\\/#article\",\"isPartOf\":{\"@id\":\"https:\\\/\\\/now-news.de\\\/de\\\/deutschland\\\/sacharowa-beim-wirtschaftsforum-russland-wuerde-atomwaffen-nur-zu-verteidigungszwecken-einsetzen\\\/\"},\"author\":{\"name\":\"rtnews\",\"@id\":\"https:\\\/\\\/now-news.de\\\/de\\\/#\\\/schema\\\/person\\\/fb534a4e865501d8b3285208df34a9b5\"},\"headline\":\"Sacharowa beim Wirtschaftsforum: Russland w\u00fcrde Atomwaffen nur zu Verteidigungszwecken einsetzen\",\"datePublished\":\"2023-06-15T17:18:13+00:00\",\"mainEntityOfPage\":{\"@id\":\"https:\\\/\\\/now-news.de\\\/de\\\/deutschland\\\/sacharowa-beim-wirtschaftsforum-russland-wuerde-atomwaffen-nur-zu-verteidigungszwecken-einsetzen\\\/\"},\"wordCount\":368,\"commentCount\":0,\"publisher\":{\"@id\":\"https:\\\/\\\/now-news.de\\\/de\\\/#organization\"},\"image\":{\"@id\":\"https:\\\/\\\/now-news.de\\\/de\\\/deutschland\\\/sacharowa-beim-wirtschaftsforum-russland-wuerde-atomwaffen-nur-zu-verteidigungszwecken-einsetzen\\\/#primaryimage\"},\"thumbnailUrl\":\"https:\\\/\\\/now-news.de\\\/de\\\/wp-content\\\/uploads\\\/sites\\\/3\\\/2023\\\/06\\\/Sacharowa-beim-Wirtschaftsforum-Russland-wuerde-Atomwaffen-nur-zu-Verteidigungszwecken-einsetzen.jpg\",\"keywords\":[\"Atomwaffen\",\"beim\",\"einsetzen\",\"NUR\",\"russland\",\"Sacharowa\",\"Verteidigungszwecken\",\"Wirtschaftsforum\",\"wurde\"],\"articleSection\":[\"Deutschland\",\"Russland\"],\"inLanguage\":\"de\",\"potentialAction\":[{\"@type\":\"CommentAction\",\"name\":\"Comment\",\"target\":[\"https:\\\/\\\/now-news.de\\\/de\\\/deutschland\\\/sacharowa-beim-wirtschaftsforum-russland-wuerde-atomwaffen-nur-zu-verteidigungszwecken-einsetzen\\\/#respond\"]}]},{\"@type\":\"WebPage\",\"@id\":\"https:\\\/\\\/now-news.de\\\/de\\\/deutschland\\\/sacharowa-beim-wirtschaftsforum-russland-wuerde-atomwaffen-nur-zu-verteidigungszwecken-einsetzen\\\/\",\"url\":\"https:\\\/\\\/now-news.de\\\/de\\\/deutschland\\\/sacharowa-beim-wirtschaftsforum-russland-wuerde-atomwaffen-nur-zu-verteidigungszwecken-einsetzen\\\/\",\"name\":\"Sacharowa beim Wirtschaftsforum: Russland w\u00fcrde Atomwaffen nur zu Verteidigungszwecken einsetzen - just-now.NEWS Deutschland\",\"isPartOf\":{\"@id\":\"https:\\\/\\\/now-news.de\\\/de\\\/#website\"},\"primaryImageOfPage\":{\"@id\":\"https:\\\/\\\/now-news.de\\\/de\\\/deutschland\\\/sacharowa-beim-wirtschaftsforum-russland-wuerde-atomwaffen-nur-zu-verteidigungszwecken-einsetzen\\\/#primaryimage\"},\"image\":{\"@id\":\"https:\\\/\\\/now-news.de\\\/de\\\/deutschland\\\/sacharowa-beim-wirtschaftsforum-russland-wuerde-atomwaffen-nur-zu-verteidigungszwecken-einsetzen\\\/#primaryimage\"},\"thumbnailUrl\":\"https:\\\/\\\/now-news.de\\\/de\\\/wp-content\\\/uploads\\\/sites\\\/3\\\/2023\\\/06\\\/Sacharowa-beim-Wirtschaftsforum-Russland-wuerde-Atomwaffen-nur-zu-Verteidigungszwecken-einsetzen.jpg\",\"datePublished\":\"2023-06-15T17:18:13+00:00\",\"breadcrumb\":{\"@id\":\"https:\\\/\\\/now-news.de\\\/de\\\/deutschland\\\/sacharowa-beim-wirtschaftsforum-russland-wuerde-atomwaffen-nur-zu-verteidigungszwecken-einsetzen\\\/#breadcrumb\"},\"inLanguage\":\"de\",\"potentialAction\":[{\"@type\":\"ReadAction\",\"target\":[\"https:\\\/\\\/now-news.de\\\/de\\\/deutschland\\\/sacharowa-beim-wirtschaftsforum-russland-wuerde-atomwaffen-nur-zu-verteidigungszwecken-einsetzen\\\/\"]}]},{\"@type\":\"ImageObject\",\"inLanguage\":\"de\",\"@id\":\"https:\\\/\\\/now-news.de\\\/de\\\/deutschland\\\/sacharowa-beim-wirtschaftsforum-russland-wuerde-atomwaffen-nur-zu-verteidigungszwecken-einsetzen\\\/#primaryimage\",\"url\":\"https:\\\/\\\/now-news.de\\\/de\\\/wp-content\\\/uploads\\\/sites\\\/3\\\/2023\\\/06\\\/Sacharowa-beim-Wirtschaftsforum-Russland-wuerde-Atomwaffen-nur-zu-Verteidigungszwecken-einsetzen.jpg\",\"contentUrl\":\"https:\\\/\\\/now-news.de\\\/de\\\/wp-content\\\/uploads\\\/sites\\\/3\\\/2023\\\/06\\\/Sacharowa-beim-Wirtschaftsforum-Russland-wuerde-Atomwaffen-nur-zu-Verteidigungszwecken-einsetzen.jpg\",\"width\":460,\"height\":259,\"caption\":\"Sacharowa beim Wirtschaftsforum: Russland w\u00fcrde Atomwaffen nur zu Verteidigungszwecken einsetzen\"},{\"@type\":\"BreadcrumbList\",\"@id\":\"https:\\\/\\\/now-news.de\\\/de\\\/deutschland\\\/sacharowa-beim-wirtschaftsforum-russland-wuerde-atomwaffen-nur-zu-verteidigungszwecken-einsetzen\\\/#breadcrumb\",\"itemListElement\":[{\"@type\":\"ListItem\",\"position\":1,\"name\":\"Home\",\"item\":\"https:\\\/\\\/now-news.de\\\/de\\\/\"},{\"@type\":\"ListItem\",\"position\":2,\"name\":\"Sacharowa beim Wirtschaftsforum: Russland w\u00fcrde Atomwaffen nur zu Verteidigungszwecken einsetzen\"}]},{\"@type\":\"WebSite\",\"@id\":\"https:\\\/\\\/now-news.de\\\/de\\\/#website\",\"url\":\"https:\\\/\\\/now-news.de\\\/de\\\/\",\"name\":\"just-now.NEWS Deutschland\",\"description\":\"Das Portal f\u00fcr unzensierte Nachrichten aus der Welt\",\"publisher\":{\"@id\":\"https:\\\/\\\/now-news.de\\\/de\\\/#organization\"},\"potentialAction\":[{\"@type\":\"SearchAction\",\"target\":{\"@type\":\"EntryPoint\",\"urlTemplate\":\"https:\\\/\\\/now-news.de\\\/de\\\/?s={search_term_string}\"},\"query-input\":{\"@type\":\"PropertyValueSpecification\",\"valueRequired\":true,\"valueName\":\"search_term_string\"}}],\"inLanguage\":\"de\"},{\"@type\":\"Organization\",\"@id\":\"https:\\\/\\\/now-news.de\\\/de\\\/#organization\",\"name\":\"Just Now News\",\"url\":\"https:\\\/\\\/now-news.de\\\/de\\\/\",\"logo\":{\"@type\":\"ImageObject\",\"inLanguage\":\"de\",\"@id\":\"https:\\\/\\\/now-news.de\\\/de\\\/#\\\/schema\\\/logo\\\/image\\\/\",\"url\":\"http:\\\/\\\/just-now.news\\\/de\\\/wp-content\\\/uploads\\\/sites\\\/3\\\/2022\\\/04\\\/logo500x500.jpg\",\"contentUrl\":\"http:\\\/\\\/just-now.news\\\/de\\\/wp-content\\\/uploads\\\/sites\\\/3\\\/2022\\\/04\\\/logo500x500.jpg\",\"width\":500,\"height\":500,\"caption\":\"Just Now News\"},\"image\":{\"@id\":\"https:\\\/\\\/now-news.de\\\/de\\\/#\\\/schema\\\/logo\\\/image\\\/\"},\"sameAs\":[\"https:\\\/\\\/www.facebook.com\\\/wirmachenauf\",\"https:\\\/\\\/x.com\\\/WirMachenAuf_de\"]},{\"@type\":\"Person\",\"@id\":\"https:\\\/\\\/now-news.de\\\/de\\\/#\\\/schema\\\/person\\\/fb534a4e865501d8b3285208df34a9b5\",\"name\":\"rtnews\",\"image\":{\"@type\":\"ImageObject\",\"inLanguage\":\"de\",\"@id\":\"https:\\\/\\\/secure.gravatar.com\\\/avatar\\\/358fe31b3ab5769fea05376e1953329834cd9912cf9daf607e2af3076a1b982b?s=96&d=mm&r=g\",\"url\":\"https:\\\/\\\/secure.gravatar.com\\\/avatar\\\/358fe31b3ab5769fea05376e1953329834cd9912cf9daf607e2af3076a1b982b?s=96&d=mm&r=g\",\"contentUrl\":\"https:\\\/\\\/secure.gravatar.com\\\/avatar\\\/358fe31b3ab5769fea05376e1953329834cd9912cf9daf607e2af3076a1b982b?s=96&d=mm&r=g\",\"caption\":\"rtnews\"},\"url\":\"https:\\\/\\\/now-news.de\\\/de\\\/author\\\/rnews\\\/\"}]}<\/script>\n<!-- \/ Yoast SEO Premium plugin. -->","yoast_head_json":{"title":"Sacharowa beim Wirtschaftsforum: Russland w\u00fcrde Atomwaffen nur zu Verteidigungszwecken einsetzen - just-now.NEWS Deutschland","robots":{"index":"index","follow":"follow","max-snippet":"max-snippet:-1","max-image-preview":"max-image-preview:large","max-video-preview":"max-video-preview:-1"},"canonical":"https:\/\/now-news.de\/de\/deutschland\/sacharowa-beim-wirtschaftsforum-russland-wuerde-atomwaffen-nur-zu-verteidigungszwecken-einsetzen\/","og_locale":"de_DE","og_type":"article","og_title":"Sacharowa beim Wirtschaftsforum: Russland w\u00fcrde Atomwaffen nur zu Verteidigungszwecken einsetzen","og_description":"Maria Sacharowa, die Sprecherin des russischen Au\u00dfenministeriums, hat auf dem Internationalen Wirtschaftsforum in Sankt Petersburg eine Pressekonferenz abgehalten. Dabei erkl\u00e4rte sie, dass Russland Atomwaffen nur hypothetisch und einzig zu Verteidigungszwecken einsetzen w\u00fcrde. In der zweitgr\u00f6\u00dften russischen Stadt Sankt Petersburg findet traditionell allj\u00e4hrlich das Internationale Wirtschaftsforum statt. Dabei gab am Donnerstag die Sprecherin des russischen Au\u00dfenministeriums [&hellip;]","og_url":"https:\/\/now-news.de\/de\/deutschland\/sacharowa-beim-wirtschaftsforum-russland-wuerde-atomwaffen-nur-zu-verteidigungszwecken-einsetzen\/","og_site_name":"just-now.NEWS Deutschland","article_publisher":"https:\/\/www.facebook.com\/wirmachenauf","article_published_time":"2023-06-15T17:18:13+00:00","og_image":[{"width":460,"height":259,"url":"https:\/\/now-news.de\/de\/wp-content\/uploads\/sites\/3\/2023\/06\/Sacharowa-beim-Wirtschaftsforum-Russland-wuerde-Atomwaffen-nur-zu-Verteidigungszwecken-einsetzen.jpg","type":"image\/jpeg"}],"author":"rtnews","twitter_card":"summary_large_image","twitter_creator":"@WirMachenAuf_de","twitter_site":"@WirMachenAuf_de","twitter_misc":{"Verfasst von":"rtnews","Gesch\u00e4tzte Lesezeit":"2\u00a0Minuten"},"schema":{"@context":"https:\/\/schema.org","@graph":[{"@type":"Article","@id":"https:\/\/now-news.de\/de\/deutschland\/sacharowa-beim-wirtschaftsforum-russland-wuerde-atomwaffen-nur-zu-verteidigungszwecken-einsetzen\/#article","isPartOf":{"@id":"https:\/\/now-news.de\/de\/deutschland\/sacharowa-beim-wirtschaftsforum-russland-wuerde-atomwaffen-nur-zu-verteidigungszwecken-einsetzen\/"},"author":{"name":"rtnews","@id":"https:\/\/now-news.de\/de\/#\/schema\/person\/fb534a4e865501d8b3285208df34a9b5"},"headline":"Sacharowa beim Wirtschaftsforum: Russland w\u00fcrde Atomwaffen nur zu Verteidigungszwecken einsetzen","datePublished":"2023-06-15T17:18:13+00:00","mainEntityOfPage":{"@id":"https:\/\/now-news.de\/de\/deutschland\/sacharowa-beim-wirtschaftsforum-russland-wuerde-atomwaffen-nur-zu-verteidigungszwecken-einsetzen\/"},"wordCount":368,"commentCount":0,"publisher":{"@id":"https:\/\/now-news.de\/de\/#organization"},"image":{"@id":"https:\/\/now-news.de\/de\/deutschland\/sacharowa-beim-wirtschaftsforum-russland-wuerde-atomwaffen-nur-zu-verteidigungszwecken-einsetzen\/#primaryimage"},"thumbnailUrl":"https:\/\/now-news.de\/de\/wp-content\/uploads\/sites\/3\/2023\/06\/Sacharowa-beim-Wirtschaftsforum-Russland-wuerde-Atomwaffen-nur-zu-Verteidigungszwecken-einsetzen.jpg","keywords":["Atomwaffen","beim","einsetzen","NUR","russland","Sacharowa","Verteidigungszwecken","Wirtschaftsforum","wurde"],"articleSection":["Deutschland","Russland"],"inLanguage":"de","potentialAction":[{"@type":"CommentAction","name":"Comment","target":["https:\/\/now-news.de\/de\/deutschland\/sacharowa-beim-wirtschaftsforum-russland-wuerde-atomwaffen-nur-zu-verteidigungszwecken-einsetzen\/#respond"]}]},{"@type":"WebPage","@id":"https:\/\/now-news.de\/de\/deutschland\/sacharowa-beim-wirtschaftsforum-russland-wuerde-atomwaffen-nur-zu-verteidigungszwecken-einsetzen\/","url":"https:\/\/now-news.de\/de\/deutschland\/sacharowa-beim-wirtschaftsforum-russland-wuerde-atomwaffen-nur-zu-verteidigungszwecken-einsetzen\/","name":"Sacharowa beim Wirtschaftsforum: Russland w\u00fcrde Atomwaffen nur zu Verteidigungszwecken einsetzen - just-now.NEWS Deutschland","isPartOf":{"@id":"https:\/\/now-news.de\/de\/#website"},"primaryImageOfPage":{"@id":"https:\/\/now-news.de\/de\/deutschland\/sacharowa-beim-wirtschaftsforum-russland-wuerde-atomwaffen-nur-zu-verteidigungszwecken-einsetzen\/#primaryimage"},"image":{"@id":"https:\/\/now-news.de\/de\/deutschland\/sacharowa-beim-wirtschaftsforum-russland-wuerde-atomwaffen-nur-zu-verteidigungszwecken-einsetzen\/#primaryimage"},"thumbnailUrl":"https:\/\/now-news.de\/de\/wp-content\/uploads\/sites\/3\/2023\/06\/Sacharowa-beim-Wirtschaftsforum-Russland-wuerde-Atomwaffen-nur-zu-Verteidigungszwecken-einsetzen.jpg","datePublished":"2023-06-15T17:18:13+00:00","breadcrumb":{"@id":"https:\/\/now-news.de\/de\/deutschland\/sacharowa-beim-wirtschaftsforum-russland-wuerde-atomwaffen-nur-zu-verteidigungszwecken-einsetzen\/#breadcrumb"},"inLanguage":"de","potentialAction":[{"@type":"ReadAction","target":["https:\/\/now-news.de\/de\/deutschland\/sacharowa-beim-wirtschaftsforum-russland-wuerde-atomwaffen-nur-zu-verteidigungszwecken-einsetzen\/"]}]},{"@type":"ImageObject","inLanguage":"de","@id":"https:\/\/now-news.de\/de\/deutschland\/sacharowa-beim-wirtschaftsforum-russland-wuerde-atomwaffen-nur-zu-verteidigungszwecken-einsetzen\/#primaryimage","url":"https:\/\/now-news.de\/de\/wp-content\/uploads\/sites\/3\/2023\/06\/Sacharowa-beim-Wirtschaftsforum-Russland-wuerde-Atomwaffen-nur-zu-Verteidigungszwecken-einsetzen.jpg","contentUrl":"https:\/\/now-news.de\/de\/wp-content\/uploads\/sites\/3\/2023\/06\/Sacharowa-beim-Wirtschaftsforum-Russland-wuerde-Atomwaffen-nur-zu-Verteidigungszwecken-einsetzen.jpg","width":460,"height":259,"caption":"Sacharowa beim Wirtschaftsforum: Russland w\u00fcrde Atomwaffen nur zu Verteidigungszwecken einsetzen"},{"@type":"BreadcrumbList","@id":"https:\/\/now-news.de\/de\/deutschland\/sacharowa-beim-wirtschaftsforum-russland-wuerde-atomwaffen-nur-zu-verteidigungszwecken-einsetzen\/#breadcrumb","itemListElement":[{"@type":"ListItem","position":1,"name":"Home","item":"https:\/\/now-news.de\/de\/"},{"@type":"ListItem","position":2,"name":"Sacharowa beim Wirtschaftsforum: Russland w\u00fcrde Atomwaffen nur zu Verteidigungszwecken einsetzen"}]},{"@type":"WebSite","@id":"https:\/\/now-news.de\/de\/#website","url":"https:\/\/now-news.de\/de\/","name":"just-now.NEWS Deutschland","description":"Das Portal f\u00fcr unzensierte Nachrichten aus der Welt","publisher":{"@id":"https:\/\/now-news.de\/de\/#organization"},"potentialAction":[{"@type":"SearchAction","target":{"@type":"EntryPoint","urlTemplate":"https:\/\/now-news.de\/de\/?s={search_term_string}"},"query-input":{"@type":"PropertyValueSpecification","valueRequired":true,"valueName":"search_term_string"}}],"inLanguage":"de"},{"@type":"Organization","@id":"https:\/\/now-news.de\/de\/#organization","name":"Just Now News","url":"https:\/\/now-news.de\/de\/","logo":{"@type":"ImageObject","inLanguage":"de","@id":"https:\/\/now-news.de\/de\/#\/schema\/logo\/image\/","url":"http:\/\/just-now.news\/de\/wp-content\/uploads\/sites\/3\/2022\/04\/logo500x500.jpg","contentUrl":"http:\/\/just-now.news\/de\/wp-content\/uploads\/sites\/3\/2022\/04\/logo500x500.jpg","width":500,"height":500,"caption":"Just Now News"},"image":{"@id":"https:\/\/now-news.de\/de\/#\/schema\/logo\/image\/"},"sameAs":["https:\/\/www.facebook.com\/wirmachenauf","https:\/\/x.com\/WirMachenAuf_de"]},{"@type":"Person","@id":"https:\/\/now-news.de\/de\/#\/schema\/person\/fb534a4e865501d8b3285208df34a9b5","name":"rtnews","image":{"@type":"ImageObject","inLanguage":"de","@id":"https:\/\/secure.gravatar.com\/avatar\/358fe31b3ab5769fea05376e1953329834cd9912cf9daf607e2af3076a1b982b?s=96&d=mm&r=g","url":"https:\/\/secure.gravatar.com\/avatar\/358fe31b3ab5769fea05376e1953329834cd9912cf9daf607e2af3076a1b982b?s=96&d=mm&r=g","contentUrl":"https:\/\/secure.gravatar.com\/avatar\/358fe31b3ab5769fea05376e1953329834cd9912cf9daf607e2af3076a1b982b?s=96&d=mm&r=g","caption":"rtnews"},"url":"https:\/\/now-news.de\/de\/author\/rnews\/"}]}},"_links":{"self":[{"href":"https:\/\/now-news.de\/de\/wp-json\/wp\/v2\/posts\/38215","targetHints":{"allow":["GET"]}}],"collection":[{"href":"https:\/\/now-news.de\/de\/wp-json\/wp\/v2\/posts"}],"about":[{"href":"https:\/\/now-news.de\/de\/wp-json\/wp\/v2\/types\/post"}],"author":[{"embeddable":true,"href":"https:\/\/now-news.de\/de\/wp-json\/wp\/v2\/users\/3"}],"replies":[{"embeddable":true,"href":"https:\/\/now-news.de\/de\/wp-json\/wp\/v2\/comments?post=38215"}],"version-history":[{"count":0,"href":"https:\/\/now-news.de\/de\/wp-json\/wp\/v2\/posts\/38215\/revisions"}],"wp:featuredmedia":[{"embeddable":true,"href":"https:\/\/now-news.de\/de\/wp-json\/wp\/v2\/media\/38216"}],"wp:attachment":[{"href":"https:\/\/now-news.de\/de\/wp-json\/wp\/v2\/media?parent=38215"}],"wp:term":[{"taxonomy":"category","embeddable":true,"href":"https:\/\/now-news.de\/de\/wp-json\/wp\/v2\/categories?post=38215"},{"taxonomy":"post_tag","embeddable":true,"href":"https:\/\/now-news.de\/de\/wp-json\/wp\/v2\/tags?post=38215"}],"curies":[{"name":"wp","href":"https:\/\/api.w.org\/{rel}","templated":true}]}}