{"id":38190,"date":"2023-06-15T13:15:40","date_gmt":"2023-06-15T11:15:40","guid":{"rendered":"https:\/\/just-now.news\/de\/deutschland\/pkk-verkuendet-ende-von-einseitigem-waffenstillstand-in-tuerkei\/"},"modified":"2023-06-15T13:15:40","modified_gmt":"2023-06-15T11:15:40","slug":"pkk-verkuendet-ende-von-einseitigem-waffenstillstand-in-tuerkei","status":"publish","type":"post","link":"https:\/\/now-news.de\/de\/deutschland\/pkk-verkuendet-ende-von-einseitigem-waffenstillstand-in-tuerkei\/","title":{"rendered":"PKK verk\u00fcndet Ende von einseitigem Waffenstillstand in T\u00fcrkei"},"content":{"rendered":"<p><img decoding=\"async\" src=\"http:\/\/just-now.news\/de\/wp-content\/uploads\/sites\/3\/2023\/06\/648ade0748fbef1c637f9201.jpg\" \/><\/p>\n<div class=\"Text-root Text-type_1 \">\n                Die in vielen westlichen L\u00e4ndern als terroristisch eingestufte und verbotene Arbeiterpartei Kurdistans (PKK) hat am Mittwoch die Beendigung ihres im Februar nach dem schweren Erdbeben in der T\u00fcrkei einseitig erkl\u00e4rten Waffenstillstands verk\u00fcndet.\n            <\/div>\n<p><\/p>\n<div class=\"Text-root Text-type_5 ArticleView-text ViewText-root \">\n<p>Die Arbeiterpartei Kurdistans (PKK), die in vielen westlichen L\u00e4ndern als terroristisch eingestuft und daher verboten wurde, hat am Mittwoch ihren einseitig erkl\u00e4rten Waffenstillstands f\u00fcr beendet erkl\u00e4rt. Der Waffenstillstand war eine Reaktion auf die schweren Erdbeben in der T\u00fcrkei im Februar dieses Jahres.<\/p>\n<p>&#8220;Das Bed\u00fcrfnis nach aktivem Kampf ist unvermeidbar geworden&#8221;, zitierte die prokurdische Nachrichtenagentur <em>Firat<\/em> gestern die Union der Gesellschaften Kurdistans (KCK), die das Erleiden &#8220;neuer Angriffswellen&#8221; beklagte, denn der t\u00fcrkische Pr\u00e4sident Recep Tayyip Erdo\u011fan lie\u00df zuletzt wieder hart gegen die militante Gruppierung vorgehen.<\/p>\n<p>&#8220;Wir geben bekannt, dass wir die einseitige Waffenruhe ab heute beendet haben&#8221;, erkl\u00e4rte die militante kurdische Dachorganisation, der die PKK angeh\u00f6rt. Damit droht die Gewalt in dem Konflikt zwischen der PKK und dem t\u00fcrkischen Staat wieder aufzuflammen, in dem seit 1984 bereits mehr als 40.000 Menschen get\u00f6tet wurden.<\/p>\n<p>Erdo\u011fan, der im vergangenen Monat f\u00fcr weitere f\u00fcnf Jahre wiedergew\u00e4hlt wurde, hatte die Eins\u00e4tze gegen die militante Gruppierung und ihre Ableger im Irak und in Syrien zuletzt wieder verst\u00e4rkt. Nach Angaben aus Ankara wurden seit Sonntag mehrere Dutzend kurdische K\u00e4mpfer im Norden Syriens get\u00f6tet.<\/p>\n<p>Das schwere Erdbeben im Februar mit mehr als 50.000 Toten hatte eine Region getroffen, die nahe der Schaupl\u00e4tze der schwersten K\u00e4mpfe zwischen den Kr\u00e4ften der t\u00fcrkischen Regierung und der PKK liegt. Vier Tage nach dem Erdbeben hatte die von der EU, den USA und der t\u00fcrkischen Regierung als Terrororganisation eingestufte PKK einseitig erkl\u00e4rt, ihre &#8220;Operationen&#8221; in der T\u00fcrkei auszusetzen, &#8220;solange uns der t\u00fcrkische Staat nicht angreift&#8221;.<\/p>\n<p><strong>Mehr zum Thema<\/strong> \u2013 <a rel=\"nofollow noopener\" target=\"_blank\" href=\"https:\/\/freeassange.rtde.life\/europa\/172516-tuerkei-fordert-erneut-zwei-staaten-loesung-fuer-zypern\/\">T\u00fcrkei fordert erneut Zwei-Staaten-L\u00f6sung f\u00fcr die Insel Zypern<\/a><\/p>\n<div class=\"EmbedBlock-root EmbedBlock-externalVideo EmbedBlock-vk\">\n<div class=\"VkEmbed\"><iframe class=\"lazyload\" data-src=\"https:\/\/vk.com\/video_ext.php?oid=-134310637&amp;id=456267592&amp;hash=06728ed8f36a7dc8\" frameborder=\"0\" width=\"853\" height=\"480\" allowfullscreen><\/iframe><\/div>\n<\/div>\n<\/div>\n<p><br \/>\n<br \/><a href=\"https:\/\/de.rt.com\/international\/172714-pkk-verkuendet-ende-von-einseitigem-waffenstillstand-in-tuerkei\/\">Source link <\/a><\/p>\n","protected":false},"excerpt":{"rendered":"<p>Die in vielen westlichen L\u00e4ndern als terroristisch eingestufte und verbotene Arbeiterpartei Kurdistans (PKK) hat am Mittwoch die Beendigung ihres im Februar nach dem schweren Erdbeben in der T\u00fcrkei einseitig erkl\u00e4rten Waffenstillstands verk\u00fcndet. Die Arbeiterpartei Kurdistans (PKK), die in vielen westlichen L\u00e4ndern als terroristisch eingestuft und daher verboten wurde, hat am Mittwoch ihren einseitig erkl\u00e4rten Waffenstillstands [&hellip;]<\/p>\n","protected":false},"author":3,"featured_media":38191,"comment_status":"open","ping_status":"open","sticky":false,"template":"","format":"standard","meta":{"_yoast_indexnow_last_ping":["1686828277"],"wp_automatic_camp":["217"],"bbaf5e839a0c163bf2dcdfe78e4e8782":["PKK verk\u00fcndet Ende von einseitigem Waffenstillstand in T\u00fcrkei"],"original_link":["https:\/\/de.rt.com\/international\/172714-pkk-verkuendet-ende-von-einseitigem-waffenstillstand-in-tuerkei\/"],"_thumbnail_id":["38191"],"jnews_social_counter_last_update":["1776955190"],"_wptgpro_p2tg_sent2tg":["a:1:{i:23737;s:19:\"2023-06-15 13:26:41\";}"]},"categories":[19,23],"tags":[45635,5375,18716,1897,9690,50,23024],"yoast_head":"<!-- This site is optimized with the Yoast SEO Premium plugin v22.7 (Yoast SEO v22.7) - https:\/\/yoast.com\/wordpress\/plugins\/seo\/ -->\n<title>PKK verk\u00fcndet Ende von einseitigem Waffenstillstand in T\u00fcrkei - just-now.NEWS Deutschland<\/title>\n<meta name=\"robots\" content=\"index, follow, max-snippet:-1, max-image-preview:large, max-video-preview:-1\" \/>\n<link rel=\"canonical\" href=\"https:\/\/now-news.de\/de\/deutschland\/pkk-verkuendet-ende-von-einseitigem-waffenstillstand-in-tuerkei\/\" \/>\n<meta property=\"og:locale\" content=\"de_DE\" \/>\n<meta property=\"og:type\" content=\"article\" \/>\n<meta property=\"og:title\" content=\"PKK verk\u00fcndet Ende von einseitigem Waffenstillstand in T\u00fcrkei\" \/>\n<meta property=\"og:description\" content=\"Die in vielen westlichen L\u00e4ndern als terroristisch eingestufte und verbotene Arbeiterpartei Kurdistans (PKK) hat am Mittwoch die Beendigung ihres im Februar nach dem schweren Erdbeben in der T\u00fcrkei einseitig erkl\u00e4rten Waffenstillstands verk\u00fcndet. Die Arbeiterpartei Kurdistans (PKK), die in vielen westlichen L\u00e4ndern als terroristisch eingestuft und daher verboten wurde, hat am Mittwoch ihren einseitig erkl\u00e4rten Waffenstillstands [&hellip;]\" \/>\n<meta property=\"og:url\" content=\"https:\/\/now-news.de\/de\/deutschland\/pkk-verkuendet-ende-von-einseitigem-waffenstillstand-in-tuerkei\/\" \/>\n<meta property=\"og:site_name\" content=\"just-now.NEWS Deutschland\" \/>\n<meta property=\"article:publisher\" content=\"https:\/\/www.facebook.com\/wirmachenauf\" \/>\n<meta property=\"article:published_time\" content=\"2023-06-15T11:15:40+00:00\" \/>\n<meta property=\"og:image\" content=\"https:\/\/now-news.de\/de\/wp-content\/uploads\/sites\/3\/2023\/06\/PKK-verkuendet-Ende-von-einseitigem-Waffenstillstand-in-Tuerkei.jpg\" \/>\n\t<meta property=\"og:image:width\" content=\"460\" \/>\n\t<meta property=\"og:image:height\" content=\"259\" \/>\n\t<meta property=\"og:image:type\" content=\"image\/jpeg\" \/>\n<meta name=\"author\" content=\"rtnews\" \/>\n<meta name=\"twitter:card\" content=\"summary_large_image\" \/>\n<meta name=\"twitter:creator\" content=\"@WirMachenAuf_de\" \/>\n<meta name=\"twitter:site\" content=\"@WirMachenAuf_de\" \/>\n<meta name=\"twitter:label1\" content=\"Verfasst von\" \/>\n\t<meta name=\"twitter:data1\" content=\"rtnews\" \/>\n\t<meta name=\"twitter:label2\" content=\"Gesch\u00e4tzte Lesezeit\" \/>\n\t<meta name=\"twitter:data2\" content=\"2\u00a0Minuten\" \/>\n<script type=\"application\/ld+json\" class=\"yoast-schema-graph\">{\"@context\":\"https:\/\/schema.org\",\"@graph\":[{\"@type\":\"Article\",\"@id\":\"https:\/\/now-news.de\/de\/deutschland\/pkk-verkuendet-ende-von-einseitigem-waffenstillstand-in-tuerkei\/#article\",\"isPartOf\":{\"@id\":\"https:\/\/now-news.de\/de\/deutschland\/pkk-verkuendet-ende-von-einseitigem-waffenstillstand-in-tuerkei\/\"},\"author\":{\"name\":\"rtnews\",\"@id\":\"https:\/\/now-news.de\/de\/#\/schema\/person\/fb534a4e865501d8b3285208df34a9b5\"},\"headline\":\"PKK verk\u00fcndet Ende von einseitigem Waffenstillstand in T\u00fcrkei\",\"datePublished\":\"2023-06-15T11:15:40+00:00\",\"dateModified\":\"2023-06-15T11:15:40+00:00\",\"mainEntityOfPage\":{\"@id\":\"https:\/\/now-news.de\/de\/deutschland\/pkk-verkuendet-ende-von-einseitigem-waffenstillstand-in-tuerkei\/\"},\"wordCount\":331,\"commentCount\":0,\"publisher\":{\"@id\":\"https:\/\/now-news.de\/de\/#organization\"},\"image\":{\"@id\":\"https:\/\/now-news.de\/de\/deutschland\/pkk-verkuendet-ende-von-einseitigem-waffenstillstand-in-tuerkei\/#primaryimage\"},\"thumbnailUrl\":\"https:\/\/now-news.de\/de\/wp-content\/uploads\/sites\/3\/2023\/06\/PKK-verkuendet-Ende-von-einseitigem-Waffenstillstand-in-Tuerkei.jpg\",\"keywords\":[\"einseitigem\",\"Ende\",\"PKK\",\"T\u00fcrkei\",\"verk\u00fcndet\",\"von\",\"Waffenstillstand\"],\"articleSection\":[\"Deutschland\",\"Russland\"],\"inLanguage\":\"de\",\"potentialAction\":[{\"@type\":\"CommentAction\",\"name\":\"Comment\",\"target\":[\"https:\/\/now-news.de\/de\/deutschland\/pkk-verkuendet-ende-von-einseitigem-waffenstillstand-in-tuerkei\/#respond\"]}]},{\"@type\":\"WebPage\",\"@id\":\"https:\/\/now-news.de\/de\/deutschland\/pkk-verkuendet-ende-von-einseitigem-waffenstillstand-in-tuerkei\/\",\"url\":\"https:\/\/now-news.de\/de\/deutschland\/pkk-verkuendet-ende-von-einseitigem-waffenstillstand-in-tuerkei\/\",\"name\":\"PKK verk\u00fcndet Ende von einseitigem Waffenstillstand in T\u00fcrkei - just-now.NEWS Deutschland\",\"isPartOf\":{\"@id\":\"https:\/\/now-news.de\/de\/#website\"},\"primaryImageOfPage\":{\"@id\":\"https:\/\/now-news.de\/de\/deutschland\/pkk-verkuendet-ende-von-einseitigem-waffenstillstand-in-tuerkei\/#primaryimage\"},\"image\":{\"@id\":\"https:\/\/now-news.de\/de\/deutschland\/pkk-verkuendet-ende-von-einseitigem-waffenstillstand-in-tuerkei\/#primaryimage\"},\"thumbnailUrl\":\"https:\/\/now-news.de\/de\/wp-content\/uploads\/sites\/3\/2023\/06\/PKK-verkuendet-Ende-von-einseitigem-Waffenstillstand-in-Tuerkei.jpg\",\"datePublished\":\"2023-06-15T11:15:40+00:00\",\"dateModified\":\"2023-06-15T11:15:40+00:00\",\"breadcrumb\":{\"@id\":\"https:\/\/now-news.de\/de\/deutschland\/pkk-verkuendet-ende-von-einseitigem-waffenstillstand-in-tuerkei\/#breadcrumb\"},\"inLanguage\":\"de\",\"potentialAction\":[{\"@type\":\"ReadAction\",\"target\":[\"https:\/\/now-news.de\/de\/deutschland\/pkk-verkuendet-ende-von-einseitigem-waffenstillstand-in-tuerkei\/\"]}]},{\"@type\":\"ImageObject\",\"inLanguage\":\"de\",\"@id\":\"https:\/\/now-news.de\/de\/deutschland\/pkk-verkuendet-ende-von-einseitigem-waffenstillstand-in-tuerkei\/#primaryimage\",\"url\":\"https:\/\/now-news.de\/de\/wp-content\/uploads\/sites\/3\/2023\/06\/PKK-verkuendet-Ende-von-einseitigem-Waffenstillstand-in-Tuerkei.jpg\",\"contentUrl\":\"https:\/\/now-news.de\/de\/wp-content\/uploads\/sites\/3\/2023\/06\/PKK-verkuendet-Ende-von-einseitigem-Waffenstillstand-in-Tuerkei.jpg\",\"width\":460,\"height\":259,\"caption\":\"PKK verk\u00fcndet Ende von einseitigem Waffenstillstand in T\u00fcrkei\"},{\"@type\":\"BreadcrumbList\",\"@id\":\"https:\/\/now-news.de\/de\/deutschland\/pkk-verkuendet-ende-von-einseitigem-waffenstillstand-in-tuerkei\/#breadcrumb\",\"itemListElement\":[{\"@type\":\"ListItem\",\"position\":1,\"name\":\"Home\",\"item\":\"https:\/\/now-news.de\/de\/\"},{\"@type\":\"ListItem\",\"position\":2,\"name\":\"PKK verk\u00fcndet Ende von einseitigem Waffenstillstand in T\u00fcrkei\"}]},{\"@type\":\"WebSite\",\"@id\":\"https:\/\/now-news.de\/de\/#website\",\"url\":\"https:\/\/now-news.de\/de\/\",\"name\":\"just-now.NEWS Deutschland\",\"description\":\"Das Portal f\u00fcr unzensierte Nachrichten aus der Welt\",\"publisher\":{\"@id\":\"https:\/\/now-news.de\/de\/#organization\"},\"potentialAction\":[{\"@type\":\"SearchAction\",\"target\":{\"@type\":\"EntryPoint\",\"urlTemplate\":\"https:\/\/now-news.de\/de\/?s={search_term_string}\"},\"query-input\":\"required name=search_term_string\"}],\"inLanguage\":\"de\"},{\"@type\":\"Organization\",\"@id\":\"https:\/\/now-news.de\/de\/#organization\",\"name\":\"Just Now News\",\"url\":\"https:\/\/now-news.de\/de\/\",\"logo\":{\"@type\":\"ImageObject\",\"inLanguage\":\"de\",\"@id\":\"https:\/\/now-news.de\/de\/#\/schema\/logo\/image\/\",\"url\":\"http:\/\/just-now.news\/de\/wp-content\/uploads\/sites\/3\/2022\/04\/logo500x500.jpg\",\"contentUrl\":\"http:\/\/just-now.news\/de\/wp-content\/uploads\/sites\/3\/2022\/04\/logo500x500.jpg\",\"width\":500,\"height\":500,\"caption\":\"Just Now News\"},\"image\":{\"@id\":\"https:\/\/now-news.de\/de\/#\/schema\/logo\/image\/\"},\"sameAs\":[\"https:\/\/www.facebook.com\/wirmachenauf\",\"https:\/\/x.com\/WirMachenAuf_de\"]},{\"@type\":\"Person\",\"@id\":\"https:\/\/now-news.de\/de\/#\/schema\/person\/fb534a4e865501d8b3285208df34a9b5\",\"name\":\"rtnews\",\"image\":{\"@type\":\"ImageObject\",\"inLanguage\":\"de\",\"@id\":\"https:\/\/now-news.de\/de\/#\/schema\/person\/image\/\",\"url\":\"https:\/\/secure.gravatar.com\/avatar\/82aafea7d8127119dd649515f56e2117?s=96&d=mm&r=g\",\"contentUrl\":\"https:\/\/secure.gravatar.com\/avatar\/82aafea7d8127119dd649515f56e2117?s=96&d=mm&r=g\",\"caption\":\"rtnews\"},\"url\":\"https:\/\/now-news.de\/de\/author\/rnews\/\"}]}<\/script>\n<!-- \/ Yoast SEO Premium plugin. -->","yoast_head_json":{"title":"PKK verk\u00fcndet Ende von einseitigem Waffenstillstand in T\u00fcrkei - just-now.NEWS Deutschland","robots":{"index":"index","follow":"follow","max-snippet":"max-snippet:-1","max-image-preview":"max-image-preview:large","max-video-preview":"max-video-preview:-1"},"canonical":"https:\/\/now-news.de\/de\/deutschland\/pkk-verkuendet-ende-von-einseitigem-waffenstillstand-in-tuerkei\/","og_locale":"de_DE","og_type":"article","og_title":"PKK verk\u00fcndet Ende von einseitigem Waffenstillstand in T\u00fcrkei","og_description":"Die in vielen westlichen L\u00e4ndern als terroristisch eingestufte und verbotene Arbeiterpartei Kurdistans (PKK) hat am Mittwoch die Beendigung ihres im Februar nach dem schweren Erdbeben in der T\u00fcrkei einseitig erkl\u00e4rten Waffenstillstands verk\u00fcndet. Die Arbeiterpartei Kurdistans (PKK), die in vielen westlichen L\u00e4ndern als terroristisch eingestuft und daher verboten wurde, hat am Mittwoch ihren einseitig erkl\u00e4rten Waffenstillstands [&hellip;]","og_url":"https:\/\/now-news.de\/de\/deutschland\/pkk-verkuendet-ende-von-einseitigem-waffenstillstand-in-tuerkei\/","og_site_name":"just-now.NEWS Deutschland","article_publisher":"https:\/\/www.facebook.com\/wirmachenauf","article_published_time":"2023-06-15T11:15:40+00:00","og_image":[{"width":460,"height":259,"url":"https:\/\/now-news.de\/de\/wp-content\/uploads\/sites\/3\/2023\/06\/PKK-verkuendet-Ende-von-einseitigem-Waffenstillstand-in-Tuerkei.jpg","type":"image\/jpeg"}],"author":"rtnews","twitter_card":"summary_large_image","twitter_creator":"@WirMachenAuf_de","twitter_site":"@WirMachenAuf_de","twitter_misc":{"Verfasst von":"rtnews","Gesch\u00e4tzte Lesezeit":"2\u00a0Minuten"},"schema":{"@context":"https:\/\/schema.org","@graph":[{"@type":"Article","@id":"https:\/\/now-news.de\/de\/deutschland\/pkk-verkuendet-ende-von-einseitigem-waffenstillstand-in-tuerkei\/#article","isPartOf":{"@id":"https:\/\/now-news.de\/de\/deutschland\/pkk-verkuendet-ende-von-einseitigem-waffenstillstand-in-tuerkei\/"},"author":{"name":"rtnews","@id":"https:\/\/now-news.de\/de\/#\/schema\/person\/fb534a4e865501d8b3285208df34a9b5"},"headline":"PKK verk\u00fcndet Ende von einseitigem Waffenstillstand in T\u00fcrkei","datePublished":"2023-06-15T11:15:40+00:00","dateModified":"2023-06-15T11:15:40+00:00","mainEntityOfPage":{"@id":"https:\/\/now-news.de\/de\/deutschland\/pkk-verkuendet-ende-von-einseitigem-waffenstillstand-in-tuerkei\/"},"wordCount":331,"commentCount":0,"publisher":{"@id":"https:\/\/now-news.de\/de\/#organization"},"image":{"@id":"https:\/\/now-news.de\/de\/deutschland\/pkk-verkuendet-ende-von-einseitigem-waffenstillstand-in-tuerkei\/#primaryimage"},"thumbnailUrl":"https:\/\/now-news.de\/de\/wp-content\/uploads\/sites\/3\/2023\/06\/PKK-verkuendet-Ende-von-einseitigem-Waffenstillstand-in-Tuerkei.jpg","keywords":["einseitigem","Ende","PKK","T\u00fcrkei","verk\u00fcndet","von","Waffenstillstand"],"articleSection":["Deutschland","Russland"],"inLanguage":"de","potentialAction":[{"@type":"CommentAction","name":"Comment","target":["https:\/\/now-news.de\/de\/deutschland\/pkk-verkuendet-ende-von-einseitigem-waffenstillstand-in-tuerkei\/#respond"]}]},{"@type":"WebPage","@id":"https:\/\/now-news.de\/de\/deutschland\/pkk-verkuendet-ende-von-einseitigem-waffenstillstand-in-tuerkei\/","url":"https:\/\/now-news.de\/de\/deutschland\/pkk-verkuendet-ende-von-einseitigem-waffenstillstand-in-tuerkei\/","name":"PKK verk\u00fcndet Ende von einseitigem Waffenstillstand in T\u00fcrkei - just-now.NEWS Deutschland","isPartOf":{"@id":"https:\/\/now-news.de\/de\/#website"},"primaryImageOfPage":{"@id":"https:\/\/now-news.de\/de\/deutschland\/pkk-verkuendet-ende-von-einseitigem-waffenstillstand-in-tuerkei\/#primaryimage"},"image":{"@id":"https:\/\/now-news.de\/de\/deutschland\/pkk-verkuendet-ende-von-einseitigem-waffenstillstand-in-tuerkei\/#primaryimage"},"thumbnailUrl":"https:\/\/now-news.de\/de\/wp-content\/uploads\/sites\/3\/2023\/06\/PKK-verkuendet-Ende-von-einseitigem-Waffenstillstand-in-Tuerkei.jpg","datePublished":"2023-06-15T11:15:40+00:00","dateModified":"2023-06-15T11:15:40+00:00","breadcrumb":{"@id":"https:\/\/now-news.de\/de\/deutschland\/pkk-verkuendet-ende-von-einseitigem-waffenstillstand-in-tuerkei\/#breadcrumb"},"inLanguage":"de","potentialAction":[{"@type":"ReadAction","target":["https:\/\/now-news.de\/de\/deutschland\/pkk-verkuendet-ende-von-einseitigem-waffenstillstand-in-tuerkei\/"]}]},{"@type":"ImageObject","inLanguage":"de","@id":"https:\/\/now-news.de\/de\/deutschland\/pkk-verkuendet-ende-von-einseitigem-waffenstillstand-in-tuerkei\/#primaryimage","url":"https:\/\/now-news.de\/de\/wp-content\/uploads\/sites\/3\/2023\/06\/PKK-verkuendet-Ende-von-einseitigem-Waffenstillstand-in-Tuerkei.jpg","contentUrl":"https:\/\/now-news.de\/de\/wp-content\/uploads\/sites\/3\/2023\/06\/PKK-verkuendet-Ende-von-einseitigem-Waffenstillstand-in-Tuerkei.jpg","width":460,"height":259,"caption":"PKK verk\u00fcndet Ende von einseitigem Waffenstillstand in T\u00fcrkei"},{"@type":"BreadcrumbList","@id":"https:\/\/now-news.de\/de\/deutschland\/pkk-verkuendet-ende-von-einseitigem-waffenstillstand-in-tuerkei\/#breadcrumb","itemListElement":[{"@type":"ListItem","position":1,"name":"Home","item":"https:\/\/now-news.de\/de\/"},{"@type":"ListItem","position":2,"name":"PKK verk\u00fcndet Ende von einseitigem Waffenstillstand in T\u00fcrkei"}]},{"@type":"WebSite","@id":"https:\/\/now-news.de\/de\/#website","url":"https:\/\/now-news.de\/de\/","name":"just-now.NEWS Deutschland","description":"Das Portal f\u00fcr unzensierte Nachrichten aus der Welt","publisher":{"@id":"https:\/\/now-news.de\/de\/#organization"},"potentialAction":[{"@type":"SearchAction","target":{"@type":"EntryPoint","urlTemplate":"https:\/\/now-news.de\/de\/?s={search_term_string}"},"query-input":"required name=search_term_string"}],"inLanguage":"de"},{"@type":"Organization","@id":"https:\/\/now-news.de\/de\/#organization","name":"Just Now News","url":"https:\/\/now-news.de\/de\/","logo":{"@type":"ImageObject","inLanguage":"de","@id":"https:\/\/now-news.de\/de\/#\/schema\/logo\/image\/","url":"http:\/\/just-now.news\/de\/wp-content\/uploads\/sites\/3\/2022\/04\/logo500x500.jpg","contentUrl":"http:\/\/just-now.news\/de\/wp-content\/uploads\/sites\/3\/2022\/04\/logo500x500.jpg","width":500,"height":500,"caption":"Just Now News"},"image":{"@id":"https:\/\/now-news.de\/de\/#\/schema\/logo\/image\/"},"sameAs":["https:\/\/www.facebook.com\/wirmachenauf","https:\/\/x.com\/WirMachenAuf_de"]},{"@type":"Person","@id":"https:\/\/now-news.de\/de\/#\/schema\/person\/fb534a4e865501d8b3285208df34a9b5","name":"rtnews","image":{"@type":"ImageObject","inLanguage":"de","@id":"https:\/\/now-news.de\/de\/#\/schema\/person\/image\/","url":"https:\/\/secure.gravatar.com\/avatar\/82aafea7d8127119dd649515f56e2117?s=96&d=mm&r=g","contentUrl":"https:\/\/secure.gravatar.com\/avatar\/82aafea7d8127119dd649515f56e2117?s=96&d=mm&r=g","caption":"rtnews"},"url":"https:\/\/now-news.de\/de\/author\/rnews\/"}]}},"_links":{"self":[{"href":"https:\/\/now-news.de\/de\/wp-json\/wp\/v2\/posts\/38190"}],"collection":[{"href":"https:\/\/now-news.de\/de\/wp-json\/wp\/v2\/posts"}],"about":[{"href":"https:\/\/now-news.de\/de\/wp-json\/wp\/v2\/types\/post"}],"author":[{"embeddable":true,"href":"https:\/\/now-news.de\/de\/wp-json\/wp\/v2\/users\/3"}],"replies":[{"embeddable":true,"href":"https:\/\/now-news.de\/de\/wp-json\/wp\/v2\/comments?post=38190"}],"version-history":[{"count":0,"href":"https:\/\/now-news.de\/de\/wp-json\/wp\/v2\/posts\/38190\/revisions"}],"wp:featuredmedia":[{"embeddable":true,"href":"https:\/\/now-news.de\/de\/wp-json\/wp\/v2\/media\/38191"}],"wp:attachment":[{"href":"https:\/\/now-news.de\/de\/wp-json\/wp\/v2\/media?parent=38190"}],"wp:term":[{"taxonomy":"category","embeddable":true,"href":"https:\/\/now-news.de\/de\/wp-json\/wp\/v2\/categories?post=38190"},{"taxonomy":"post_tag","embeddable":true,"href":"https:\/\/now-news.de\/de\/wp-json\/wp\/v2\/tags?post=38190"}],"curies":[{"name":"wp","href":"https:\/\/api.w.org\/{rel}","templated":true}]}}