{"id":38186,"date":"2023-06-15T12:03:33","date_gmt":"2023-06-15T10:03:33","guid":{"rendered":"https:\/\/just-now.news\/de\/deutschland\/bayern-aiwanger-abwahl-gescheitert-gruenen-abgeordnete-schulze-poltert-gegen-konkurrenten\/"},"modified":"2023-06-15T12:03:33","modified_gmt":"2023-06-15T10:03:33","slug":"bayern-aiwanger-abwahl-gescheitert-gruenen-abgeordnete-schulze-poltert-gegen-konkurrenten","status":"publish","type":"post","link":"https:\/\/now-news.de\/de\/deutschland\/bayern-aiwanger-abwahl-gescheitert-gruenen-abgeordnete-schulze-poltert-gegen-konkurrenten\/","title":{"rendered":"Bayern: Aiwanger Abwahl gescheitert \u2013 Gr\u00fcnen-Abgeordnete Schulze poltert gegen Konkurrenten"},"content":{"rendered":"<p><img decoding=\"async\" src=\"http:\/\/just-now.news\/de\/wp-content\/uploads\/sites\/3\/2023\/06\/648ab929b480cc07836739d9.jpg\" \/><\/p>\n<div class=\"Text-root Text-type_1 \">\n                Die Politik der Gr\u00fcnen st\u00f6\u00dft auf massive Kritik. Im Oktober wird in Bayern gew\u00e4hlt. Der Wahlkampf wurde auf einer Gro\u00dfdemonstration, auf der Hubert Aiwanger (Freie W\u00e4hler) die Gr\u00fcnen scharf attackierte, er\u00f6ffnet. Katharina Schulze von den bayerischen Gr\u00fcnen forderte daraufhin seine Abwahl und bezeichnet ihn als &#8220;Geistigen Brandstifter&#8221;.\n            <\/div>\n<p><\/p>\n<div class=\"Text-root Text-type_5 ArticleView-text ViewText-root \">\n<p>Hubert Aiwanger (Freie W\u00e4hler) ist seit November 2018 stellvertretender bayerischer Ministerpr\u00e4sident sowie bayerischer Wirtschaftsminister. Am 8. Oktober dieses Jahres wird in Bayern gew\u00e4hlt. Aiwangers Auftritt bei einer sogenannten &#8220;Heizungsdemo&#8221; im bayerischen Erding wurde von der Opposition, hinsichtlich seiner Kritik an der verantwortlichen Politik in Berlin, vehement kritisiert. Die Gr\u00fcnen verlangten eine Entlassung Aiwangers, die SPD seinen R\u00fccktritt. Die Koalitionsfraktionen von CSU und Freien W\u00e4hlern stimmten am Mittwochabend geschlossen gegen einen entsprechenden Antrag.<\/p>\n<p>Die bayerische Opposition nutzte dabei erneut am 14. Juni die Debatte \u00fcber eine Regierungserkl\u00e4rung von Hubert Aiwanger (Freie W\u00e4hler) zu scharfer Kritik am Wirtschaftsminister. Wegen seiner eindeutigen Wortwahl bei der Demonstration am vergangenen Wochenende attackierte laut dem Sender\u00a0<em>BR24<\/em>\u00a0vor allem Gr\u00fcnen-Fraktionschefin Katharina Schulze Aiwanger scharf. Dieser sei von &#8220;Verschw\u00f6rungstheoretikern gefeiert&#8221; worden, weil er &#8220;in F\u00e4kalsprache die Bundesregierung attackierte&#8221;. Seine Wortwahl sei f\u00fcr einen Vize-Ministerpr\u00e4sidenten nicht angemessen gewesen. Aiwanger gab in Erding Formulierungen wie &#8220;Berliner Chaoten&#8221; oder &#8220;Arsch offen&#8221; von sich. Der gr\u00f6\u00dfte Aufreger bei seiner Rede vor rund 13.000 Menschen war der Satz:<\/p>\n<blockquote>\n<p><em>&#8220;Jetzt ist der Punkt erreicht, wo endlich die schweigende gro\u00dfe Mehrheit dieses Landes sich die Demokratie wieder zur\u00fcckholen muss.&#8221;<\/em><\/p>\n<\/blockquote>\n<p>Katharina Schulze ist wiederum auch nicht gerade zur\u00fcckhaltend, bei ihrer Wortwahl in Auftritten und Reden. So <a rel=\"nofollow noopener\" target=\"_blank\" href=\"https:\/\/www.br.de\/nachrichten\/bayern\/geistiger-brandstifter-hitzige-landtagsdebatte-ueber-aiwanger,Th90Czg\">warnte<\/a> sie den bayerischen Ministerpr\u00e4sidenten Markus S\u00f6der (CSU), der ebenfalls in Erding sprach, mit der Feststellung: &#8220;Heranwanzen an Populisten st\u00e4rke am Ende das Original&#8221;. S\u00f6der war bei Aiwangers Regierungserkl\u00e4rung und der gestrigen Debatte nicht anwesend.<\/p>\n<p>Bei der erhitzten Debatte im Landtag stellte Schulze klar, Aiwanger &#8220;sei Teil der parlamentarischen Demokratie, drau\u00dfen wiegele er Menschen dagegen auf&#8221;. Seine Aussagen erinnerten sie &#8220;an Worte des AfD-Politikers Alexander Gauland und von Ex-US-Pr\u00e4sident Donald Trump&#8221; und stellten daher die &#8220;Lehrbuchbeschreibung eines astreinen Rechtspopulisten und geistigen Brandstifters&#8221; dar:<\/p>\n<div class=\"EmbedBlock-root EmbedBlock-twitter\">\n<div class=\"TwitterEmbed\">\n<blockquote class=\"twitter-tweet lazyload\" data-twitter=\"twitter-tweet\">\n<p lang=\"de\" dir=\"ltr\">Redet so jemand, der f\u00fcr Demokratie und Meinungsfreiheit einsteht?<a rel=\"nofollow noopener\" target=\"_blank\" href=\"https:\/\/twitter.com\/hashtag\/Schulze?src=hash&amp;ref_src=twsrc%5Etfw\">#Schulze<\/a><a rel=\"nofollow noopener\" target=\"_blank\" href=\"https:\/\/twitter.com\/hashtag\/Aiwanger?src=hash&amp;ref_src=twsrc%5Etfw\">#Aiwanger<\/a><a rel=\"nofollow noopener\" target=\"_blank\" href=\"https:\/\/t.co\/fOYfXLzK12\">pic.twitter.com\/fOYfXLzK12<\/a><\/p>\n<p>\u2014 Gr@ntl\u0258r \ud83e\udd68\ud83c\udf7a (@oida_grantler) <a rel=\"nofollow noopener\" target=\"_blank\" href=\"https:\/\/twitter.com\/oida_grantler\/status\/1669052457618399244?ref_src=twsrc%5Etfw\">June 14, 2023<\/a><\/p><\/blockquote>\n<\/div>\n<\/div>\n<p>Schulze fand in ihrer lauten Rede zudem f\u00fcr ihren Parteikollegen und verantwortlichen Wirtschaftsminister Robert Habeck rein wohlwollende Worte. Sie sei ihm &#8220;dankbar, f\u00fcr seine gro\u00dfartige Arbeit&#8221;. Nach vernehmbarer Reaktion der Anwesenden in dem Plenarsaal, echauffierte sich Schulze emp\u00f6rt und lautstark:<\/p>\n<blockquote>\n<p><em>&#8220;Sorry, Leute, w\u00e4hrend ihr jetzt hier aufst\u00f6hnt, wer hat uns gut durch diesen letzten Winter gebracht? Wer hat die Gasspeicherwerke gef\u00fcllt? Wer hat daf\u00fcr gesorgt, dass die erneuerbaren Energien entfesselt wurden? Das war Robert Habeck! W\u00e4hrend ihr nur von einer Deindustrialisierung schw\u00e4tzen k\u00f6nnt, arbeitet dieser Mann.&#8221;<\/em><\/p>\n<\/blockquote>\n<div class=\"EmbedBlock-root EmbedBlock-twitter\">\n<div class=\"TwitterEmbed\">\n<blockquote class=\"twitter-tweet lazyload\" data-twitter=\"twitter-tweet\">\n<p lang=\"de\" dir=\"ltr\">Ich bin ehrlich beeindruckt.Dass Frau <a rel=\"nofollow noopener\" target=\"_blank\" href=\"https:\/\/twitter.com\/hashtag\/Schulze?src=hash&amp;ref_src=twsrc%5Etfw\">#Schulze<\/a> ihre ber\u00fchmte Impfrede noch \u00fcbertreffen k\u00f6nnte, h\u00e4tte ich nicht geglaubt. Aber h\u00f6rt selbst: <a rel=\"nofollow noopener\" target=\"_blank\" href=\"https:\/\/t.co\/dEKuUyYC2a\">pic.twitter.com\/dEKuUyYC2a<\/a><\/p>\n<p>\u2014 Heli von Fersensporn (@HFersensporn) <a rel=\"nofollow noopener\" target=\"_blank\" href=\"https:\/\/twitter.com\/HFersensporn\/status\/1669007297190739978?ref_src=twsrc%5Etfw\">June 14, 2023<\/a><\/p><\/blockquote>\n<\/div>\n<\/div>\n<p>Nutzer der sozialen Medien zeigten sich entsetzt bis irritiert und erinnerten an Schulzes Rede aus dem Dezember 2021, in der sie eine &#8220;Versch\u00e4rfung der Kontaktbeschr\u00e4nkung f\u00fcr ungeimpfte Erwachsene&#8221; forderte. <a rel=\"nofollow noopener\" target=\"_blank\" href=\"https:\/\/www.bayern.landtag.de\/www\/ElanTextAblage_WP18\/Protokolle\/18%20Wahlperiode%20Kopie\/18%20WP%20Plenum%20Kopie\/098\/098_PL_006_gemeinsamer_aufruf-19275.pdf\">W\u00f6rtlich<\/a> sagte sie:<\/p>\n<blockquote>\n<p><em>&#8220;Zweitens wollen wir, dass der Handel endlich f\u00fcr Ungeimpfte geschlossen wird: 2G im Einzelhandel, mit Ausnahme der Grundversorgung, sowie 2G plus im touristischen Be<\/em><em>herbergungswesen, in der Gastronomie und bei k\u00f6rpernahen Dienstleistungen.&#8221;<\/em><\/p>\n<\/blockquote>\n<div class=\"EmbedBlock-root EmbedBlock-twitter\">\n<div class=\"TwitterEmbed\">\n<blockquote class=\"twitter-tweet lazyload\" data-twitter=\"twitter-tweet\">\n<p lang=\"de\" dir=\"ltr\">Das ist Katharina Schulze. Ihre Gr\u00fcnen wollen heute im Bayerischen Landtag den R\u00fccktritt von Hubert <a rel=\"nofollow noopener\" target=\"_blank\" href=\"https:\/\/twitter.com\/hashtag\/Aiwanger?src=hash&amp;ref_src=twsrc%5Etfw\">#Aiwanger<\/a> erwirken, weil er eine &#8220;Schande f\u00fcr unsere Demokratie&#8221; sei. <a rel=\"nofollow noopener\" target=\"_blank\" href=\"https:\/\/t.co\/FehOyuZyli\">pic.twitter.com\/FehOyuZyli<\/a><\/p>\n<p>\u2014 Gr@ntl\u0258r \ud83e\udd68\ud83c\udf7a (@oida_grantler) <a rel=\"nofollow noopener\" target=\"_blank\" href=\"https:\/\/twitter.com\/oida_grantler\/status\/1668847518883409920?ref_src=twsrc%5Etfw\">June 14, 2023<\/a><\/p><\/blockquote>\n<\/div>\n<\/div>\n<p>Aiwangers Parteikollegen konterten im Anschluss an Schulzes aktueller Rede und verteidigten den bayerischen Wirtschaftsminister. Der parlamentarische Gesch\u00e4ftsf\u00fchrer der Freie-W\u00e4hler-Fraktion, Fabian Mehring, warf Schulze eine &#8220;doppelz\u00fcngige, ziemlich billige Politshow&#8221; vor, mit dem Ziel, vom &#8220;politischen Versagen&#8221; der Gr\u00fcnen in Berlin abzulenken, so\u00a0<em>BR24<\/em>\u00a0<a rel=\"nofollow noopener\" target=\"_blank\" href=\"https:\/\/www.br.de\/nachrichten\/bayern\/geistiger-brandstifter-hitzige-landtagsdebatte-ueber-aiwanger,Th90Czg\">zusammenfassend<\/a>.<\/p>\n<p>Freie-W\u00e4hler-Fraktionschef Florian Streibl betonte, seine Fraktion blicke &#8220;mit Stolz auf unseren Wirtschaftsminister&#8221; und &#8220;wir wissen, wie die Regierungsarbeit in Bayern geht, und wir haben dieses Land durch die Krise gef\u00fchrt&#8221;. Die Ampel in Berlin sei gescheitert und eigentlich &#8220;jetzt schon Geschichte&#8221;. Der bayerische AfD-Fraktionsvize Gerd Mannes zeigte sich verwundert \u00fcber die R\u00fccktrittsforderungen an Aiwanger: &#8220;Warum soll ein Wirtschaftsminister zur\u00fccktreten, wenn er in viereinhalb Jahren einmal eine vern\u00fcnftige Rede h\u00e4lt?&#8221;.<\/p>\n<p>In der gestrigen Regierungserkl\u00e4rung Aiwangers mit dem Titel &#8220;Wohlstand sichern durch eine starke Wirtschaft&#8221; erkannte dieser &#8220;Fehlentwicklungen&#8221; und &#8220;wirtschaftspolitische S\u00fcnden im Bund&#8221;. Insbesondere kritisierte er laut\u00a0<em>BR24<\/em>\u00a0&#8220;neben dem Heizungs- auch das Energieeffizienzgesetz, das zu Deindustrialisierung f\u00fchre&#8221;.<\/p>\n<p><strong>Mehr zum Thema &#8211;<\/strong>\u00a0<a rel=\"nofollow noopener\" target=\"_blank\" href=\"https:\/\/freeassange.rtde.life\/inland\/172477-habeck-bevor-osteuropaeer-frieren-muessten\/\">Habeck: Bevor Osteurop\u00e4er frieren, m\u00fcssten wir unsere Industrie drosseln oder abschalten<\/a><\/p>\n<\/div>\n<p><script async src=\"https:\/\/platform.twitter.com\/widgets.js\" charset=\"utf-8\"><\/script><br \/>\n<br \/><br \/>\n<br \/><a href=\"https:\/\/de.rt.com\/inland\/172694-bayern-aiwanger-abwahl-gescheitert-gruenen\/\">Source link <\/a><\/p>\n","protected":false},"excerpt":{"rendered":"<p>Die Politik der Gr\u00fcnen st\u00f6\u00dft auf massive Kritik. Im Oktober wird in Bayern gew\u00e4hlt. Der Wahlkampf wurde auf einer Gro\u00dfdemonstration, auf der Hubert Aiwanger (Freie W\u00e4hler) die Gr\u00fcnen scharf attackierte, er\u00f6ffnet. Katharina Schulze von den bayerischen Gr\u00fcnen forderte daraufhin seine Abwahl und bezeichnet ihn als &#8220;Geistigen Brandstifter&#8221;. Hubert Aiwanger (Freie W\u00e4hler) ist seit November 2018 [&hellip;]<\/p>\n","protected":false},"author":3,"featured_media":38187,"comment_status":"open","ping_status":"open","sticky":false,"template":"","format":"standard","meta":{"_yoast_indexnow_last_ping":["1686823496"],"wp_automatic_camp":["217"],"569285e5eb4cab59718aad483fd764c4":["Bayern: Aiwanger Abwahl gescheitert \u2013 Gr\u00fcnen-Abgeordnete Schulze poltert gegen Konkurrenten"],"original_link":["https:\/\/de.rt.com\/inland\/172694-bayern-aiwanger-abwahl-gescheitert-gruenen\/"],"_thumbnail_id":["38187"],"jnews_social_counter_last_update":["1777800102"],"_wptgpro_p2tg_sent2tg":["a:1:{i:23737;s:19:\"2023-06-15 12:06:19\";}"]},"categories":[19,23],"tags":[45632,45631,11374,278,22580,44492,34570,45633,13326],"yoast_head":"<!-- This site is optimized with the Yoast SEO Premium plugin v22.7 (Yoast SEO v22.7) - https:\/\/yoast.com\/wordpress\/plugins\/seo\/ -->\n<title>Bayern: Aiwanger Abwahl gescheitert \u2013 Gr\u00fcnen-Abgeordnete Schulze poltert gegen Konkurrenten - just-now.NEWS Deutschland<\/title>\n<meta name=\"robots\" content=\"index, follow, max-snippet:-1, max-image-preview:large, max-video-preview:-1\" \/>\n<link rel=\"canonical\" href=\"https:\/\/now-news.de\/de\/deutschland\/bayern-aiwanger-abwahl-gescheitert-gruenen-abgeordnete-schulze-poltert-gegen-konkurrenten\/\" \/>\n<meta property=\"og:locale\" content=\"de_DE\" \/>\n<meta property=\"og:type\" content=\"article\" \/>\n<meta property=\"og:title\" content=\"Bayern: Aiwanger Abwahl gescheitert \u2013 Gr\u00fcnen-Abgeordnete Schulze poltert gegen Konkurrenten\" \/>\n<meta property=\"og:description\" content=\"Die Politik der Gr\u00fcnen st\u00f6\u00dft auf massive Kritik. Im Oktober wird in Bayern gew\u00e4hlt. Der Wahlkampf wurde auf einer Gro\u00dfdemonstration, auf der Hubert Aiwanger (Freie W\u00e4hler) die Gr\u00fcnen scharf attackierte, er\u00f6ffnet. Katharina Schulze von den bayerischen Gr\u00fcnen forderte daraufhin seine Abwahl und bezeichnet ihn als &#8220;Geistigen Brandstifter&#8221;. Hubert Aiwanger (Freie W\u00e4hler) ist seit November 2018 [&hellip;]\" \/>\n<meta property=\"og:url\" content=\"https:\/\/now-news.de\/de\/deutschland\/bayern-aiwanger-abwahl-gescheitert-gruenen-abgeordnete-schulze-poltert-gegen-konkurrenten\/\" \/>\n<meta property=\"og:site_name\" content=\"just-now.NEWS Deutschland\" \/>\n<meta property=\"article:publisher\" content=\"https:\/\/www.facebook.com\/wirmachenauf\" \/>\n<meta property=\"article:published_time\" content=\"2023-06-15T10:03:33+00:00\" \/>\n<meta property=\"og:image\" content=\"https:\/\/now-news.de\/de\/wp-content\/uploads\/sites\/3\/2023\/06\/Bayern-Aiwanger-Abwahl-gescheitert-\u2013-Gruenen-Abgeordnete-Schulze-poltert-gegen-Konkurrenten.jpg\" \/>\n\t<meta property=\"og:image:width\" content=\"460\" \/>\n\t<meta property=\"og:image:height\" content=\"259\" \/>\n\t<meta property=\"og:image:type\" content=\"image\/jpeg\" \/>\n<meta name=\"author\" content=\"rtnews\" \/>\n<meta name=\"twitter:card\" content=\"summary_large_image\" \/>\n<meta name=\"twitter:creator\" content=\"@WirMachenAuf_de\" \/>\n<meta name=\"twitter:site\" content=\"@WirMachenAuf_de\" \/>\n<meta name=\"twitter:label1\" content=\"Verfasst von\" \/>\n\t<meta name=\"twitter:data1\" content=\"rtnews\" \/>\n\t<meta name=\"twitter:label2\" content=\"Gesch\u00e4tzte Lesezeit\" \/>\n\t<meta name=\"twitter:data2\" content=\"4\u00a0Minuten\" \/>\n<script type=\"application\/ld+json\" class=\"yoast-schema-graph\">{\"@context\":\"https:\/\/schema.org\",\"@graph\":[{\"@type\":\"Article\",\"@id\":\"https:\/\/now-news.de\/de\/deutschland\/bayern-aiwanger-abwahl-gescheitert-gruenen-abgeordnete-schulze-poltert-gegen-konkurrenten\/#article\",\"isPartOf\":{\"@id\":\"https:\/\/now-news.de\/de\/deutschland\/bayern-aiwanger-abwahl-gescheitert-gruenen-abgeordnete-schulze-poltert-gegen-konkurrenten\/\"},\"author\":{\"name\":\"rtnews\",\"@id\":\"https:\/\/now-news.de\/de\/#\/schema\/person\/fb534a4e865501d8b3285208df34a9b5\"},\"headline\":\"Bayern: Aiwanger Abwahl gescheitert \u2013 Gr\u00fcnen-Abgeordnete Schulze poltert gegen Konkurrenten\",\"datePublished\":\"2023-06-15T10:03:33+00:00\",\"dateModified\":\"2023-06-15T10:03:33+00:00\",\"mainEntityOfPage\":{\"@id\":\"https:\/\/now-news.de\/de\/deutschland\/bayern-aiwanger-abwahl-gescheitert-gruenen-abgeordnete-schulze-poltert-gegen-konkurrenten\/\"},\"wordCount\":812,\"commentCount\":0,\"publisher\":{\"@id\":\"https:\/\/now-news.de\/de\/#organization\"},\"image\":{\"@id\":\"https:\/\/now-news.de\/de\/deutschland\/bayern-aiwanger-abwahl-gescheitert-gruenen-abgeordnete-schulze-poltert-gegen-konkurrenten\/#primaryimage\"},\"thumbnailUrl\":\"https:\/\/now-news.de\/de\/wp-content\/uploads\/sites\/3\/2023\/06\/Bayern-Aiwanger-Abwahl-gescheitert-\u2013-Gruenen-Abgeordnete-Schulze-poltert-gegen-Konkurrenten.jpg\",\"keywords\":[\"Abwahl\",\"Aiwanger\",\"bayern\",\"gegen\",\"Gescheitert\",\"Gr\u00fcnenAbgeordnete\",\"Konkurrenten\",\"poltert\",\"Schulze\"],\"articleSection\":[\"Deutschland\",\"Russland\"],\"inLanguage\":\"de\",\"potentialAction\":[{\"@type\":\"CommentAction\",\"name\":\"Comment\",\"target\":[\"https:\/\/now-news.de\/de\/deutschland\/bayern-aiwanger-abwahl-gescheitert-gruenen-abgeordnete-schulze-poltert-gegen-konkurrenten\/#respond\"]}]},{\"@type\":\"WebPage\",\"@id\":\"https:\/\/now-news.de\/de\/deutschland\/bayern-aiwanger-abwahl-gescheitert-gruenen-abgeordnete-schulze-poltert-gegen-konkurrenten\/\",\"url\":\"https:\/\/now-news.de\/de\/deutschland\/bayern-aiwanger-abwahl-gescheitert-gruenen-abgeordnete-schulze-poltert-gegen-konkurrenten\/\",\"name\":\"Bayern: Aiwanger Abwahl gescheitert \u2013 Gr\u00fcnen-Abgeordnete Schulze poltert gegen Konkurrenten - just-now.NEWS Deutschland\",\"isPartOf\":{\"@id\":\"https:\/\/now-news.de\/de\/#website\"},\"primaryImageOfPage\":{\"@id\":\"https:\/\/now-news.de\/de\/deutschland\/bayern-aiwanger-abwahl-gescheitert-gruenen-abgeordnete-schulze-poltert-gegen-konkurrenten\/#primaryimage\"},\"image\":{\"@id\":\"https:\/\/now-news.de\/de\/deutschland\/bayern-aiwanger-abwahl-gescheitert-gruenen-abgeordnete-schulze-poltert-gegen-konkurrenten\/#primaryimage\"},\"thumbnailUrl\":\"https:\/\/now-news.de\/de\/wp-content\/uploads\/sites\/3\/2023\/06\/Bayern-Aiwanger-Abwahl-gescheitert-\u2013-Gruenen-Abgeordnete-Schulze-poltert-gegen-Konkurrenten.jpg\",\"datePublished\":\"2023-06-15T10:03:33+00:00\",\"dateModified\":\"2023-06-15T10:03:33+00:00\",\"breadcrumb\":{\"@id\":\"https:\/\/now-news.de\/de\/deutschland\/bayern-aiwanger-abwahl-gescheitert-gruenen-abgeordnete-schulze-poltert-gegen-konkurrenten\/#breadcrumb\"},\"inLanguage\":\"de\",\"potentialAction\":[{\"@type\":\"ReadAction\",\"target\":[\"https:\/\/now-news.de\/de\/deutschland\/bayern-aiwanger-abwahl-gescheitert-gruenen-abgeordnete-schulze-poltert-gegen-konkurrenten\/\"]}]},{\"@type\":\"ImageObject\",\"inLanguage\":\"de\",\"@id\":\"https:\/\/now-news.de\/de\/deutschland\/bayern-aiwanger-abwahl-gescheitert-gruenen-abgeordnete-schulze-poltert-gegen-konkurrenten\/#primaryimage\",\"url\":\"https:\/\/now-news.de\/de\/wp-content\/uploads\/sites\/3\/2023\/06\/Bayern-Aiwanger-Abwahl-gescheitert-\u2013-Gruenen-Abgeordnete-Schulze-poltert-gegen-Konkurrenten.jpg\",\"contentUrl\":\"https:\/\/now-news.de\/de\/wp-content\/uploads\/sites\/3\/2023\/06\/Bayern-Aiwanger-Abwahl-gescheitert-\u2013-Gruenen-Abgeordnete-Schulze-poltert-gegen-Konkurrenten.jpg\",\"width\":460,\"height\":259,\"caption\":\"Bayern: Aiwanger Abwahl gescheitert \u2013 Gr\u00fcnen-Abgeordnete Schulze poltert gegen Konkurrenten\"},{\"@type\":\"BreadcrumbList\",\"@id\":\"https:\/\/now-news.de\/de\/deutschland\/bayern-aiwanger-abwahl-gescheitert-gruenen-abgeordnete-schulze-poltert-gegen-konkurrenten\/#breadcrumb\",\"itemListElement\":[{\"@type\":\"ListItem\",\"position\":1,\"name\":\"Home\",\"item\":\"https:\/\/now-news.de\/de\/\"},{\"@type\":\"ListItem\",\"position\":2,\"name\":\"Bayern: Aiwanger Abwahl gescheitert \u2013 Gr\u00fcnen-Abgeordnete Schulze poltert gegen Konkurrenten\"}]},{\"@type\":\"WebSite\",\"@id\":\"https:\/\/now-news.de\/de\/#website\",\"url\":\"https:\/\/now-news.de\/de\/\",\"name\":\"just-now.NEWS Deutschland\",\"description\":\"Das Portal f\u00fcr unzensierte Nachrichten aus der Welt\",\"publisher\":{\"@id\":\"https:\/\/now-news.de\/de\/#organization\"},\"potentialAction\":[{\"@type\":\"SearchAction\",\"target\":{\"@type\":\"EntryPoint\",\"urlTemplate\":\"https:\/\/now-news.de\/de\/?s={search_term_string}\"},\"query-input\":\"required name=search_term_string\"}],\"inLanguage\":\"de\"},{\"@type\":\"Organization\",\"@id\":\"https:\/\/now-news.de\/de\/#organization\",\"name\":\"Just Now News\",\"url\":\"https:\/\/now-news.de\/de\/\",\"logo\":{\"@type\":\"ImageObject\",\"inLanguage\":\"de\",\"@id\":\"https:\/\/now-news.de\/de\/#\/schema\/logo\/image\/\",\"url\":\"http:\/\/just-now.news\/de\/wp-content\/uploads\/sites\/3\/2022\/04\/logo500x500.jpg\",\"contentUrl\":\"http:\/\/just-now.news\/de\/wp-content\/uploads\/sites\/3\/2022\/04\/logo500x500.jpg\",\"width\":500,\"height\":500,\"caption\":\"Just Now News\"},\"image\":{\"@id\":\"https:\/\/now-news.de\/de\/#\/schema\/logo\/image\/\"},\"sameAs\":[\"https:\/\/www.facebook.com\/wirmachenauf\",\"https:\/\/x.com\/WirMachenAuf_de\"]},{\"@type\":\"Person\",\"@id\":\"https:\/\/now-news.de\/de\/#\/schema\/person\/fb534a4e865501d8b3285208df34a9b5\",\"name\":\"rtnews\",\"image\":{\"@type\":\"ImageObject\",\"inLanguage\":\"de\",\"@id\":\"https:\/\/now-news.de\/de\/#\/schema\/person\/image\/\",\"url\":\"https:\/\/secure.gravatar.com\/avatar\/82aafea7d8127119dd649515f56e2117?s=96&d=mm&r=g\",\"contentUrl\":\"https:\/\/secure.gravatar.com\/avatar\/82aafea7d8127119dd649515f56e2117?s=96&d=mm&r=g\",\"caption\":\"rtnews\"},\"url\":\"https:\/\/now-news.de\/de\/author\/rnews\/\"}]}<\/script>\n<!-- \/ Yoast SEO Premium plugin. -->","yoast_head_json":{"title":"Bayern: Aiwanger Abwahl gescheitert \u2013 Gr\u00fcnen-Abgeordnete Schulze poltert gegen Konkurrenten - just-now.NEWS Deutschland","robots":{"index":"index","follow":"follow","max-snippet":"max-snippet:-1","max-image-preview":"max-image-preview:large","max-video-preview":"max-video-preview:-1"},"canonical":"https:\/\/now-news.de\/de\/deutschland\/bayern-aiwanger-abwahl-gescheitert-gruenen-abgeordnete-schulze-poltert-gegen-konkurrenten\/","og_locale":"de_DE","og_type":"article","og_title":"Bayern: Aiwanger Abwahl gescheitert \u2013 Gr\u00fcnen-Abgeordnete Schulze poltert gegen Konkurrenten","og_description":"Die Politik der Gr\u00fcnen st\u00f6\u00dft auf massive Kritik. Im Oktober wird in Bayern gew\u00e4hlt. Der Wahlkampf wurde auf einer Gro\u00dfdemonstration, auf der Hubert Aiwanger (Freie W\u00e4hler) die Gr\u00fcnen scharf attackierte, er\u00f6ffnet. Katharina Schulze von den bayerischen Gr\u00fcnen forderte daraufhin seine Abwahl und bezeichnet ihn als &#8220;Geistigen Brandstifter&#8221;. Hubert Aiwanger (Freie W\u00e4hler) ist seit November 2018 [&hellip;]","og_url":"https:\/\/now-news.de\/de\/deutschland\/bayern-aiwanger-abwahl-gescheitert-gruenen-abgeordnete-schulze-poltert-gegen-konkurrenten\/","og_site_name":"just-now.NEWS Deutschland","article_publisher":"https:\/\/www.facebook.com\/wirmachenauf","article_published_time":"2023-06-15T10:03:33+00:00","og_image":[{"width":460,"height":259,"url":"https:\/\/now-news.de\/de\/wp-content\/uploads\/sites\/3\/2023\/06\/Bayern-Aiwanger-Abwahl-gescheitert-\u2013-Gruenen-Abgeordnete-Schulze-poltert-gegen-Konkurrenten.jpg","type":"image\/jpeg"}],"author":"rtnews","twitter_card":"summary_large_image","twitter_creator":"@WirMachenAuf_de","twitter_site":"@WirMachenAuf_de","twitter_misc":{"Verfasst von":"rtnews","Gesch\u00e4tzte Lesezeit":"4\u00a0Minuten"},"schema":{"@context":"https:\/\/schema.org","@graph":[{"@type":"Article","@id":"https:\/\/now-news.de\/de\/deutschland\/bayern-aiwanger-abwahl-gescheitert-gruenen-abgeordnete-schulze-poltert-gegen-konkurrenten\/#article","isPartOf":{"@id":"https:\/\/now-news.de\/de\/deutschland\/bayern-aiwanger-abwahl-gescheitert-gruenen-abgeordnete-schulze-poltert-gegen-konkurrenten\/"},"author":{"name":"rtnews","@id":"https:\/\/now-news.de\/de\/#\/schema\/person\/fb534a4e865501d8b3285208df34a9b5"},"headline":"Bayern: Aiwanger Abwahl gescheitert \u2013 Gr\u00fcnen-Abgeordnete Schulze poltert gegen Konkurrenten","datePublished":"2023-06-15T10:03:33+00:00","dateModified":"2023-06-15T10:03:33+00:00","mainEntityOfPage":{"@id":"https:\/\/now-news.de\/de\/deutschland\/bayern-aiwanger-abwahl-gescheitert-gruenen-abgeordnete-schulze-poltert-gegen-konkurrenten\/"},"wordCount":812,"commentCount":0,"publisher":{"@id":"https:\/\/now-news.de\/de\/#organization"},"image":{"@id":"https:\/\/now-news.de\/de\/deutschland\/bayern-aiwanger-abwahl-gescheitert-gruenen-abgeordnete-schulze-poltert-gegen-konkurrenten\/#primaryimage"},"thumbnailUrl":"https:\/\/now-news.de\/de\/wp-content\/uploads\/sites\/3\/2023\/06\/Bayern-Aiwanger-Abwahl-gescheitert-\u2013-Gruenen-Abgeordnete-Schulze-poltert-gegen-Konkurrenten.jpg","keywords":["Abwahl","Aiwanger","bayern","gegen","Gescheitert","Gr\u00fcnenAbgeordnete","Konkurrenten","poltert","Schulze"],"articleSection":["Deutschland","Russland"],"inLanguage":"de","potentialAction":[{"@type":"CommentAction","name":"Comment","target":["https:\/\/now-news.de\/de\/deutschland\/bayern-aiwanger-abwahl-gescheitert-gruenen-abgeordnete-schulze-poltert-gegen-konkurrenten\/#respond"]}]},{"@type":"WebPage","@id":"https:\/\/now-news.de\/de\/deutschland\/bayern-aiwanger-abwahl-gescheitert-gruenen-abgeordnete-schulze-poltert-gegen-konkurrenten\/","url":"https:\/\/now-news.de\/de\/deutschland\/bayern-aiwanger-abwahl-gescheitert-gruenen-abgeordnete-schulze-poltert-gegen-konkurrenten\/","name":"Bayern: Aiwanger Abwahl gescheitert \u2013 Gr\u00fcnen-Abgeordnete Schulze poltert gegen Konkurrenten - just-now.NEWS Deutschland","isPartOf":{"@id":"https:\/\/now-news.de\/de\/#website"},"primaryImageOfPage":{"@id":"https:\/\/now-news.de\/de\/deutschland\/bayern-aiwanger-abwahl-gescheitert-gruenen-abgeordnete-schulze-poltert-gegen-konkurrenten\/#primaryimage"},"image":{"@id":"https:\/\/now-news.de\/de\/deutschland\/bayern-aiwanger-abwahl-gescheitert-gruenen-abgeordnete-schulze-poltert-gegen-konkurrenten\/#primaryimage"},"thumbnailUrl":"https:\/\/now-news.de\/de\/wp-content\/uploads\/sites\/3\/2023\/06\/Bayern-Aiwanger-Abwahl-gescheitert-\u2013-Gruenen-Abgeordnete-Schulze-poltert-gegen-Konkurrenten.jpg","datePublished":"2023-06-15T10:03:33+00:00","dateModified":"2023-06-15T10:03:33+00:00","breadcrumb":{"@id":"https:\/\/now-news.de\/de\/deutschland\/bayern-aiwanger-abwahl-gescheitert-gruenen-abgeordnete-schulze-poltert-gegen-konkurrenten\/#breadcrumb"},"inLanguage":"de","potentialAction":[{"@type":"ReadAction","target":["https:\/\/now-news.de\/de\/deutschland\/bayern-aiwanger-abwahl-gescheitert-gruenen-abgeordnete-schulze-poltert-gegen-konkurrenten\/"]}]},{"@type":"ImageObject","inLanguage":"de","@id":"https:\/\/now-news.de\/de\/deutschland\/bayern-aiwanger-abwahl-gescheitert-gruenen-abgeordnete-schulze-poltert-gegen-konkurrenten\/#primaryimage","url":"https:\/\/now-news.de\/de\/wp-content\/uploads\/sites\/3\/2023\/06\/Bayern-Aiwanger-Abwahl-gescheitert-\u2013-Gruenen-Abgeordnete-Schulze-poltert-gegen-Konkurrenten.jpg","contentUrl":"https:\/\/now-news.de\/de\/wp-content\/uploads\/sites\/3\/2023\/06\/Bayern-Aiwanger-Abwahl-gescheitert-\u2013-Gruenen-Abgeordnete-Schulze-poltert-gegen-Konkurrenten.jpg","width":460,"height":259,"caption":"Bayern: Aiwanger Abwahl gescheitert \u2013 Gr\u00fcnen-Abgeordnete Schulze poltert gegen Konkurrenten"},{"@type":"BreadcrumbList","@id":"https:\/\/now-news.de\/de\/deutschland\/bayern-aiwanger-abwahl-gescheitert-gruenen-abgeordnete-schulze-poltert-gegen-konkurrenten\/#breadcrumb","itemListElement":[{"@type":"ListItem","position":1,"name":"Home","item":"https:\/\/now-news.de\/de\/"},{"@type":"ListItem","position":2,"name":"Bayern: Aiwanger Abwahl gescheitert \u2013 Gr\u00fcnen-Abgeordnete Schulze poltert gegen Konkurrenten"}]},{"@type":"WebSite","@id":"https:\/\/now-news.de\/de\/#website","url":"https:\/\/now-news.de\/de\/","name":"just-now.NEWS Deutschland","description":"Das Portal f\u00fcr unzensierte Nachrichten aus der Welt","publisher":{"@id":"https:\/\/now-news.de\/de\/#organization"},"potentialAction":[{"@type":"SearchAction","target":{"@type":"EntryPoint","urlTemplate":"https:\/\/now-news.de\/de\/?s={search_term_string}"},"query-input":"required name=search_term_string"}],"inLanguage":"de"},{"@type":"Organization","@id":"https:\/\/now-news.de\/de\/#organization","name":"Just Now News","url":"https:\/\/now-news.de\/de\/","logo":{"@type":"ImageObject","inLanguage":"de","@id":"https:\/\/now-news.de\/de\/#\/schema\/logo\/image\/","url":"http:\/\/just-now.news\/de\/wp-content\/uploads\/sites\/3\/2022\/04\/logo500x500.jpg","contentUrl":"http:\/\/just-now.news\/de\/wp-content\/uploads\/sites\/3\/2022\/04\/logo500x500.jpg","width":500,"height":500,"caption":"Just Now News"},"image":{"@id":"https:\/\/now-news.de\/de\/#\/schema\/logo\/image\/"},"sameAs":["https:\/\/www.facebook.com\/wirmachenauf","https:\/\/x.com\/WirMachenAuf_de"]},{"@type":"Person","@id":"https:\/\/now-news.de\/de\/#\/schema\/person\/fb534a4e865501d8b3285208df34a9b5","name":"rtnews","image":{"@type":"ImageObject","inLanguage":"de","@id":"https:\/\/now-news.de\/de\/#\/schema\/person\/image\/","url":"https:\/\/secure.gravatar.com\/avatar\/82aafea7d8127119dd649515f56e2117?s=96&d=mm&r=g","contentUrl":"https:\/\/secure.gravatar.com\/avatar\/82aafea7d8127119dd649515f56e2117?s=96&d=mm&r=g","caption":"rtnews"},"url":"https:\/\/now-news.de\/de\/author\/rnews\/"}]}},"_links":{"self":[{"href":"https:\/\/now-news.de\/de\/wp-json\/wp\/v2\/posts\/38186"}],"collection":[{"href":"https:\/\/now-news.de\/de\/wp-json\/wp\/v2\/posts"}],"about":[{"href":"https:\/\/now-news.de\/de\/wp-json\/wp\/v2\/types\/post"}],"author":[{"embeddable":true,"href":"https:\/\/now-news.de\/de\/wp-json\/wp\/v2\/users\/3"}],"replies":[{"embeddable":true,"href":"https:\/\/now-news.de\/de\/wp-json\/wp\/v2\/comments?post=38186"}],"version-history":[{"count":0,"href":"https:\/\/now-news.de\/de\/wp-json\/wp\/v2\/posts\/38186\/revisions"}],"wp:featuredmedia":[{"embeddable":true,"href":"https:\/\/now-news.de\/de\/wp-json\/wp\/v2\/media\/38187"}],"wp:attachment":[{"href":"https:\/\/now-news.de\/de\/wp-json\/wp\/v2\/media?parent=38186"}],"wp:term":[{"taxonomy":"category","embeddable":true,"href":"https:\/\/now-news.de\/de\/wp-json\/wp\/v2\/categories?post=38186"},{"taxonomy":"post_tag","embeddable":true,"href":"https:\/\/now-news.de\/de\/wp-json\/wp\/v2\/tags?post=38186"}],"curies":[{"name":"wp","href":"https:\/\/api.w.org\/{rel}","templated":true}]}}