{"id":38060,"date":"2023-06-13T17:02:48","date_gmt":"2023-06-13T15:02:48","guid":{"rendered":"https:\/\/just-now.news\/de\/deutschland\/ampel-in-der-dauerkrise-heizungsgesetz-kommt-nun-doch-in-den-bundestag\/"},"modified":"2023-06-13T17:02:48","modified_gmt":"2023-06-13T15:02:48","slug":"ampel-in-der-dauerkrise-heizungsgesetz-kommt-nun-doch-in-den-bundestag","status":"publish","type":"post","link":"https:\/\/now-news.de\/de\/deutschland\/ampel-in-der-dauerkrise-heizungsgesetz-kommt-nun-doch-in-den-bundestag\/","title":{"rendered":"Ampel in der Dauerkrise: Heizungsgesetz kommt nun doch in den Bundestag"},"content":{"rendered":"<p><img decoding=\"async\" src=\"http:\/\/just-now.news\/de\/wp-content\/uploads\/sites\/3\/2022\/10\/breaking3.jpg\" \/><\/p>\n<div class=\"Text-root Text-type_1 \">\n                Noch vor der Sommerpause sollte das Heizungsgesetz den Bundestag passieren. Bisher konnten sich die Fraktionen jedoch nicht dazu durchringen, die Pl\u00e4ne auf die Tagesordnung zu setzen. Nun schalten sich Kanzler Scholz und die Minister Habeck und Linder ein.\n            <\/div>\n<p><\/p>\n<div class=\"Text-root Text-type_5 ArticleView-text ViewText-root \">\n<p>In den festgefahrenen Verhandlungen um das Heizungsgesetz sind nun auch Bundeskanzler Olaf Scholz (SPD), Bundeswirtschaftsminister Robert Habeck (B\u00fcndnis90\/Die Gr\u00fcnen) und Finanzminister Christian Lindner (FDP) involviert. Wie mehrere Medien berichten, wurden die drei Vertreter der Ampel-Parteien in die Gespr\u00e4che der Fraktionen eingeschaltet. Der Grund f\u00fcr das Krisentreffen ist das Scheitern von Gespr\u00e4chen auf der Ebene der Fraktionschefs am Mittag. Neuesten Informationen zufolge soll das Gesetz laut <em>dpa<\/em> nun doch vor der Sommerpause in den Bundestag kommen.<\/p>\n<p>Ziel war es zunchst gewesen, das Heizungsgesetz noch in dieser Sitzungswoche zur ersten Lesung in den Bundestag einzubringen, um die Gesetzesnovelle bis zur Sommerpause in einem regul\u00e4ren parlamentarischen Verfahren zu beschlie\u00dfen. SPD, B\u00fcndnis90\/Die Gr\u00fcnen und FDP hatten sich allerdings nicht einigen k\u00f6nnen und das umstrittene Gesetz vorerst erneut nicht auf die Tagesordnung des Bundestags genommen. Das Gesetz k\u00f6nne bis zum Abend allerdings nachgereicht werden, wie Gr\u00fcnen-Fraktionschefin Katharina Dr\u00f6ge und SPD-Fraktionschef Rolf M\u00fctzenich deutlich machten. Am Abend wurde dann bekannt, dass das Gesetz doch noch vor der Sommerpause in den Bundestag kommt.<\/p>\n<p>Das Geb\u00e4udeenergiegesetz wurde im Koalitionsvertrag der Ampel-Parteien f\u00fcr das Jahr 2025 vorgesehen. Aufgrund der Energiekrise entschloss man sich jedoch, das Gesetz auf das Jahr 2024 vorzuziehen. Ein erster Entwurf des Gesetzes, das in der Verantwortung von Bundeswirtschafts- und Bundesbauministerium liegt, wurde im Februar \u00f6ffentlich. Daraufhin entbrannte ein bis heute andauernder heftiger Streit zwischen B\u00fcndnis90\/Die Gr\u00fcnen und der FDP.<\/p>\n<p>Im M\u00e4rz stimmte die FDP trotz Widerstand zun\u00e4chst zu, die Gesetzesnovelle in ver\u00e4nderter Form noch bis zur Sommerpause durch den Bundestag zu bringen. Mitte April verabschiedete das Kabinett dann einen neuen Entwurf des auch als Heizungsgesetz bekannt Geb\u00e4udeenergiegesetzes. FDP-Chef Linder mahnte daraufhin weitere Ver\u00e4nderungen im parlamentarischen Verfahren an. Die Debatte um die Gesetzesnovelle nahm daraufhin noch weiter Fahrt auf. Eine weitere Zuspitzung k\u00f6nnte die Ampel-Koalition erneut in eine Krise st\u00fcrzen.<\/p>\n<p>Falls das Gesetz den Bundestag nicht vor der Sommerpause passieren sollte, sehe sie eine &#8220;gro\u00dfe Belastung f\u00fcr die Handlungsf\u00e4higkeit der Koalition&#8221;, sagte Dr\u00f6ge zuvor. FDP-Fraktionschef Christian D\u00fcrr erkl\u00e4rte jedoch, das Gesetz m\u00fcsse &#8220;fundamental&#8221; ge\u00e4ndert werden. Die FDP fordert, dass die M\u00f6glichkeit einer mit Wasserstoff betriebenen Gasheizung st\u00e4rker im Gesetzespaket hervorgehoben werden soll. Die Liberalen dr\u00e4ngen zudem darauf, dass die Modernisierungsumlage bestehen bleibt, \u00fcber die Kosten auf Mieter abgew\u00e4lzt werden k\u00f6nnen. Der Mieterschutz ist wiederum eine der Forderungen der SPD \u2013 es k\u00f6nne nicht sein, dass die Umlagen nahezu komplett von den Mietern getragen werden m\u00fcssten, kritisierten Vertreter der Partei.<\/p>\n<p><strong>Mehr zum Thema &#8211;<\/strong>\u00a0<a rel=\"nofollow noopener\" target=\"_blank\" href=\"https:\/\/freeassange.rtde.live\/inland\/170935-aus-rache-fuer-fdp-blockade\/\">Aus Rache f\u00fcr FDP-Blockade beim Heizungsgesetz: Blockieren die Gr\u00fcnen Ahrtal-Hilfen? <\/a><\/p>\n<\/p>\n<\/div>\n<p><br \/>\n<br \/><a href=\"https:\/\/de.rt.com\/inland\/172564-ampel-in-krise-heizungsgesetz-wird\/\">Source link <\/a><\/p>\n","protected":false},"excerpt":{"rendered":"<p>Noch vor der Sommerpause sollte das Heizungsgesetz den Bundestag passieren. Bisher konnten sich die Fraktionen jedoch nicht dazu durchringen, die Pl\u00e4ne auf die Tagesordnung zu setzen. Nun schalten sich Kanzler Scholz und die Minister Habeck und Linder ein. In den festgefahrenen Verhandlungen um das Heizungsgesetz sind nun auch Bundeskanzler Olaf Scholz (SPD), Bundeswirtschaftsminister Robert Habeck [&hellip;]<\/p>\n","protected":false},"author":3,"featured_media":23828,"comment_status":"open","ping_status":"open","sticky":false,"template":"","format":"standard","meta":{"_yoast_indexnow_last_ping":["1686669552"],"wp_automatic_camp":["217"],"e7e561b111331f9705245eec69254d5f":["Ampel in der Dauerkrise: Heizungsgesetz kommt nun doch in den Bundestag"],"original_link":["https:\/\/de.rt.com\/inland\/172564-ampel-in-krise-heizungsgesetz-wird\/"],"_thumbnail_id":["23828"],"_wptgpro_p2tg_sent2tg":["a:1:{i:23737;s:19:\"2023-06-13 17:20:30\";}"],"jnews_social_counter_last_update":["1777026863"]},"categories":[19,23],"tags":[20367,2105,45548,48,82,9898,44716,310,2121],"yoast_head":"<!-- This site is optimized with the Yoast SEO Premium plugin v22.7 (Yoast SEO v22.7) - https:\/\/yoast.com\/wordpress\/plugins\/seo\/ -->\n<title>Ampel in der Dauerkrise: Heizungsgesetz kommt nun doch in den Bundestag - just-now.NEWS Deutschland<\/title>\n<meta name=\"robots\" content=\"index, follow, max-snippet:-1, max-image-preview:large, max-video-preview:-1\" \/>\n<link rel=\"canonical\" href=\"https:\/\/now-news.de\/de\/deutschland\/ampel-in-der-dauerkrise-heizungsgesetz-kommt-nun-doch-in-den-bundestag\/\" \/>\n<meta property=\"og:locale\" content=\"de_DE\" \/>\n<meta property=\"og:type\" content=\"article\" \/>\n<meta property=\"og:title\" content=\"Ampel in der Dauerkrise: Heizungsgesetz kommt nun doch in den Bundestag\" \/>\n<meta property=\"og:description\" content=\"Noch vor der Sommerpause sollte das Heizungsgesetz den Bundestag passieren. Bisher konnten sich die Fraktionen jedoch nicht dazu durchringen, die Pl\u00e4ne auf die Tagesordnung zu setzen. Nun schalten sich Kanzler Scholz und die Minister Habeck und Linder ein. In den festgefahrenen Verhandlungen um das Heizungsgesetz sind nun auch Bundeskanzler Olaf Scholz (SPD), Bundeswirtschaftsminister Robert Habeck [&hellip;]\" \/>\n<meta property=\"og:url\" content=\"https:\/\/now-news.de\/de\/deutschland\/ampel-in-der-dauerkrise-heizungsgesetz-kommt-nun-doch-in-den-bundestag\/\" \/>\n<meta property=\"og:site_name\" content=\"just-now.NEWS Deutschland\" \/>\n<meta property=\"article:publisher\" content=\"https:\/\/www.facebook.com\/wirmachenauf\" \/>\n<meta property=\"article:published_time\" content=\"2023-06-13T15:02:48+00:00\" \/>\n<meta property=\"og:image\" content=\"https:\/\/now-news.de\/de\/wp-content\/uploads\/sites\/3\/2022\/11\/Oberstes-britisches-Gericht-untersagt-Unabhaengigkeitsreferendum-in-Schottland.jpg\" \/>\n\t<meta property=\"og:image:width\" content=\"460\" \/>\n\t<meta property=\"og:image:height\" content=\"259\" \/>\n\t<meta property=\"og:image:type\" content=\"image\/jpeg\" \/>\n<meta name=\"author\" content=\"rtnews\" \/>\n<meta name=\"twitter:card\" content=\"summary_large_image\" \/>\n<meta name=\"twitter:creator\" content=\"@WirMachenAuf_de\" \/>\n<meta name=\"twitter:site\" content=\"@WirMachenAuf_de\" \/>\n<meta name=\"twitter:label1\" content=\"Verfasst von\" \/>\n\t<meta name=\"twitter:data1\" content=\"rtnews\" \/>\n\t<meta name=\"twitter:label2\" content=\"Gesch\u00e4tzte Lesezeit\" \/>\n\t<meta name=\"twitter:data2\" content=\"2\u00a0Minuten\" \/>\n<script type=\"application\/ld+json\" class=\"yoast-schema-graph\">{\"@context\":\"https:\/\/schema.org\",\"@graph\":[{\"@type\":\"Article\",\"@id\":\"https:\/\/now-news.de\/de\/deutschland\/ampel-in-der-dauerkrise-heizungsgesetz-kommt-nun-doch-in-den-bundestag\/#article\",\"isPartOf\":{\"@id\":\"https:\/\/now-news.de\/de\/deutschland\/ampel-in-der-dauerkrise-heizungsgesetz-kommt-nun-doch-in-den-bundestag\/\"},\"author\":{\"name\":\"rtnews\",\"@id\":\"https:\/\/now-news.de\/de\/#\/schema\/person\/fb534a4e865501d8b3285208df34a9b5\"},\"headline\":\"Ampel in der Dauerkrise: Heizungsgesetz kommt nun doch in den Bundestag\",\"datePublished\":\"2023-06-13T15:02:48+00:00\",\"dateModified\":\"2023-06-13T15:02:48+00:00\",\"mainEntityOfPage\":{\"@id\":\"https:\/\/now-news.de\/de\/deutschland\/ampel-in-der-dauerkrise-heizungsgesetz-kommt-nun-doch-in-den-bundestag\/\"},\"wordCount\":502,\"commentCount\":0,\"publisher\":{\"@id\":\"https:\/\/now-news.de\/de\/#organization\"},\"image\":{\"@id\":\"https:\/\/now-news.de\/de\/deutschland\/ampel-in-der-dauerkrise-heizungsgesetz-kommt-nun-doch-in-den-bundestag\/#primaryimage\"},\"thumbnailUrl\":\"https:\/\/now-news.de\/de\/wp-content\/uploads\/sites\/3\/2022\/11\/Oberstes-britisches-Gericht-untersagt-Unabhaengigkeitsreferendum-in-Schottland.jpg\",\"keywords\":[\"Ampel\",\"Bundestag\",\"Dauerkrise\",\"den\",\"der\",\"doch\",\"Heizungsgesetz\",\"kommt\",\"nun\"],\"articleSection\":[\"Deutschland\",\"Russland\"],\"inLanguage\":\"de\",\"potentialAction\":[{\"@type\":\"CommentAction\",\"name\":\"Comment\",\"target\":[\"https:\/\/now-news.de\/de\/deutschland\/ampel-in-der-dauerkrise-heizungsgesetz-kommt-nun-doch-in-den-bundestag\/#respond\"]}]},{\"@type\":\"WebPage\",\"@id\":\"https:\/\/now-news.de\/de\/deutschland\/ampel-in-der-dauerkrise-heizungsgesetz-kommt-nun-doch-in-den-bundestag\/\",\"url\":\"https:\/\/now-news.de\/de\/deutschland\/ampel-in-der-dauerkrise-heizungsgesetz-kommt-nun-doch-in-den-bundestag\/\",\"name\":\"Ampel in der Dauerkrise: Heizungsgesetz kommt nun doch in den Bundestag - just-now.NEWS Deutschland\",\"isPartOf\":{\"@id\":\"https:\/\/now-news.de\/de\/#website\"},\"primaryImageOfPage\":{\"@id\":\"https:\/\/now-news.de\/de\/deutschland\/ampel-in-der-dauerkrise-heizungsgesetz-kommt-nun-doch-in-den-bundestag\/#primaryimage\"},\"image\":{\"@id\":\"https:\/\/now-news.de\/de\/deutschland\/ampel-in-der-dauerkrise-heizungsgesetz-kommt-nun-doch-in-den-bundestag\/#primaryimage\"},\"thumbnailUrl\":\"https:\/\/now-news.de\/de\/wp-content\/uploads\/sites\/3\/2022\/11\/Oberstes-britisches-Gericht-untersagt-Unabhaengigkeitsreferendum-in-Schottland.jpg\",\"datePublished\":\"2023-06-13T15:02:48+00:00\",\"dateModified\":\"2023-06-13T15:02:48+00:00\",\"breadcrumb\":{\"@id\":\"https:\/\/now-news.de\/de\/deutschland\/ampel-in-der-dauerkrise-heizungsgesetz-kommt-nun-doch-in-den-bundestag\/#breadcrumb\"},\"inLanguage\":\"de\",\"potentialAction\":[{\"@type\":\"ReadAction\",\"target\":[\"https:\/\/now-news.de\/de\/deutschland\/ampel-in-der-dauerkrise-heizungsgesetz-kommt-nun-doch-in-den-bundestag\/\"]}]},{\"@type\":\"ImageObject\",\"inLanguage\":\"de\",\"@id\":\"https:\/\/now-news.de\/de\/deutschland\/ampel-in-der-dauerkrise-heizungsgesetz-kommt-nun-doch-in-den-bundestag\/#primaryimage\",\"url\":\"https:\/\/now-news.de\/de\/wp-content\/uploads\/sites\/3\/2022\/11\/Oberstes-britisches-Gericht-untersagt-Unabhaengigkeitsreferendum-in-Schottland.jpg\",\"contentUrl\":\"https:\/\/now-news.de\/de\/wp-content\/uploads\/sites\/3\/2022\/11\/Oberstes-britisches-Gericht-untersagt-Unabhaengigkeitsreferendum-in-Schottland.jpg\",\"width\":460,\"height\":259,\"caption\":\"Oberstes britisches Gericht untersagt Unabh\u00e4ngigkeitsreferendum in Schottland\"},{\"@type\":\"BreadcrumbList\",\"@id\":\"https:\/\/now-news.de\/de\/deutschland\/ampel-in-der-dauerkrise-heizungsgesetz-kommt-nun-doch-in-den-bundestag\/#breadcrumb\",\"itemListElement\":[{\"@type\":\"ListItem\",\"position\":1,\"name\":\"Home\",\"item\":\"https:\/\/now-news.de\/de\/\"},{\"@type\":\"ListItem\",\"position\":2,\"name\":\"Ampel in der Dauerkrise: Heizungsgesetz kommt nun doch in den Bundestag\"}]},{\"@type\":\"WebSite\",\"@id\":\"https:\/\/now-news.de\/de\/#website\",\"url\":\"https:\/\/now-news.de\/de\/\",\"name\":\"just-now.NEWS Deutschland\",\"description\":\"Das Portal f\u00fcr unzensierte Nachrichten aus der Welt\",\"publisher\":{\"@id\":\"https:\/\/now-news.de\/de\/#organization\"},\"potentialAction\":[{\"@type\":\"SearchAction\",\"target\":{\"@type\":\"EntryPoint\",\"urlTemplate\":\"https:\/\/now-news.de\/de\/?s={search_term_string}\"},\"query-input\":\"required name=search_term_string\"}],\"inLanguage\":\"de\"},{\"@type\":\"Organization\",\"@id\":\"https:\/\/now-news.de\/de\/#organization\",\"name\":\"Just Now News\",\"url\":\"https:\/\/now-news.de\/de\/\",\"logo\":{\"@type\":\"ImageObject\",\"inLanguage\":\"de\",\"@id\":\"https:\/\/now-news.de\/de\/#\/schema\/logo\/image\/\",\"url\":\"http:\/\/just-now.news\/de\/wp-content\/uploads\/sites\/3\/2022\/04\/logo500x500.jpg\",\"contentUrl\":\"http:\/\/just-now.news\/de\/wp-content\/uploads\/sites\/3\/2022\/04\/logo500x500.jpg\",\"width\":500,\"height\":500,\"caption\":\"Just Now News\"},\"image\":{\"@id\":\"https:\/\/now-news.de\/de\/#\/schema\/logo\/image\/\"},\"sameAs\":[\"https:\/\/www.facebook.com\/wirmachenauf\",\"https:\/\/x.com\/WirMachenAuf_de\"]},{\"@type\":\"Person\",\"@id\":\"https:\/\/now-news.de\/de\/#\/schema\/person\/fb534a4e865501d8b3285208df34a9b5\",\"name\":\"rtnews\",\"image\":{\"@type\":\"ImageObject\",\"inLanguage\":\"de\",\"@id\":\"https:\/\/now-news.de\/de\/#\/schema\/person\/image\/\",\"url\":\"https:\/\/secure.gravatar.com\/avatar\/82aafea7d8127119dd649515f56e2117?s=96&d=mm&r=g\",\"contentUrl\":\"https:\/\/secure.gravatar.com\/avatar\/82aafea7d8127119dd649515f56e2117?s=96&d=mm&r=g\",\"caption\":\"rtnews\"},\"url\":\"https:\/\/now-news.de\/de\/author\/rnews\/\"}]}<\/script>\n<!-- \/ Yoast SEO Premium plugin. -->","yoast_head_json":{"title":"Ampel in der Dauerkrise: Heizungsgesetz kommt nun doch in den Bundestag - just-now.NEWS Deutschland","robots":{"index":"index","follow":"follow","max-snippet":"max-snippet:-1","max-image-preview":"max-image-preview:large","max-video-preview":"max-video-preview:-1"},"canonical":"https:\/\/now-news.de\/de\/deutschland\/ampel-in-der-dauerkrise-heizungsgesetz-kommt-nun-doch-in-den-bundestag\/","og_locale":"de_DE","og_type":"article","og_title":"Ampel in der Dauerkrise: Heizungsgesetz kommt nun doch in den Bundestag","og_description":"Noch vor der Sommerpause sollte das Heizungsgesetz den Bundestag passieren. Bisher konnten sich die Fraktionen jedoch nicht dazu durchringen, die Pl\u00e4ne auf die Tagesordnung zu setzen. Nun schalten sich Kanzler Scholz und die Minister Habeck und Linder ein. In den festgefahrenen Verhandlungen um das Heizungsgesetz sind nun auch Bundeskanzler Olaf Scholz (SPD), Bundeswirtschaftsminister Robert Habeck [&hellip;]","og_url":"https:\/\/now-news.de\/de\/deutschland\/ampel-in-der-dauerkrise-heizungsgesetz-kommt-nun-doch-in-den-bundestag\/","og_site_name":"just-now.NEWS Deutschland","article_publisher":"https:\/\/www.facebook.com\/wirmachenauf","article_published_time":"2023-06-13T15:02:48+00:00","og_image":[{"width":460,"height":259,"url":"https:\/\/now-news.de\/de\/wp-content\/uploads\/sites\/3\/2022\/11\/Oberstes-britisches-Gericht-untersagt-Unabhaengigkeitsreferendum-in-Schottland.jpg","type":"image\/jpeg"}],"author":"rtnews","twitter_card":"summary_large_image","twitter_creator":"@WirMachenAuf_de","twitter_site":"@WirMachenAuf_de","twitter_misc":{"Verfasst von":"rtnews","Gesch\u00e4tzte Lesezeit":"2\u00a0Minuten"},"schema":{"@context":"https:\/\/schema.org","@graph":[{"@type":"Article","@id":"https:\/\/now-news.de\/de\/deutschland\/ampel-in-der-dauerkrise-heizungsgesetz-kommt-nun-doch-in-den-bundestag\/#article","isPartOf":{"@id":"https:\/\/now-news.de\/de\/deutschland\/ampel-in-der-dauerkrise-heizungsgesetz-kommt-nun-doch-in-den-bundestag\/"},"author":{"name":"rtnews","@id":"https:\/\/now-news.de\/de\/#\/schema\/person\/fb534a4e865501d8b3285208df34a9b5"},"headline":"Ampel in der Dauerkrise: Heizungsgesetz kommt nun doch in den Bundestag","datePublished":"2023-06-13T15:02:48+00:00","dateModified":"2023-06-13T15:02:48+00:00","mainEntityOfPage":{"@id":"https:\/\/now-news.de\/de\/deutschland\/ampel-in-der-dauerkrise-heizungsgesetz-kommt-nun-doch-in-den-bundestag\/"},"wordCount":502,"commentCount":0,"publisher":{"@id":"https:\/\/now-news.de\/de\/#organization"},"image":{"@id":"https:\/\/now-news.de\/de\/deutschland\/ampel-in-der-dauerkrise-heizungsgesetz-kommt-nun-doch-in-den-bundestag\/#primaryimage"},"thumbnailUrl":"https:\/\/now-news.de\/de\/wp-content\/uploads\/sites\/3\/2022\/11\/Oberstes-britisches-Gericht-untersagt-Unabhaengigkeitsreferendum-in-Schottland.jpg","keywords":["Ampel","Bundestag","Dauerkrise","den","der","doch","Heizungsgesetz","kommt","nun"],"articleSection":["Deutschland","Russland"],"inLanguage":"de","potentialAction":[{"@type":"CommentAction","name":"Comment","target":["https:\/\/now-news.de\/de\/deutschland\/ampel-in-der-dauerkrise-heizungsgesetz-kommt-nun-doch-in-den-bundestag\/#respond"]}]},{"@type":"WebPage","@id":"https:\/\/now-news.de\/de\/deutschland\/ampel-in-der-dauerkrise-heizungsgesetz-kommt-nun-doch-in-den-bundestag\/","url":"https:\/\/now-news.de\/de\/deutschland\/ampel-in-der-dauerkrise-heizungsgesetz-kommt-nun-doch-in-den-bundestag\/","name":"Ampel in der Dauerkrise: Heizungsgesetz kommt nun doch in den Bundestag - just-now.NEWS Deutschland","isPartOf":{"@id":"https:\/\/now-news.de\/de\/#website"},"primaryImageOfPage":{"@id":"https:\/\/now-news.de\/de\/deutschland\/ampel-in-der-dauerkrise-heizungsgesetz-kommt-nun-doch-in-den-bundestag\/#primaryimage"},"image":{"@id":"https:\/\/now-news.de\/de\/deutschland\/ampel-in-der-dauerkrise-heizungsgesetz-kommt-nun-doch-in-den-bundestag\/#primaryimage"},"thumbnailUrl":"https:\/\/now-news.de\/de\/wp-content\/uploads\/sites\/3\/2022\/11\/Oberstes-britisches-Gericht-untersagt-Unabhaengigkeitsreferendum-in-Schottland.jpg","datePublished":"2023-06-13T15:02:48+00:00","dateModified":"2023-06-13T15:02:48+00:00","breadcrumb":{"@id":"https:\/\/now-news.de\/de\/deutschland\/ampel-in-der-dauerkrise-heizungsgesetz-kommt-nun-doch-in-den-bundestag\/#breadcrumb"},"inLanguage":"de","potentialAction":[{"@type":"ReadAction","target":["https:\/\/now-news.de\/de\/deutschland\/ampel-in-der-dauerkrise-heizungsgesetz-kommt-nun-doch-in-den-bundestag\/"]}]},{"@type":"ImageObject","inLanguage":"de","@id":"https:\/\/now-news.de\/de\/deutschland\/ampel-in-der-dauerkrise-heizungsgesetz-kommt-nun-doch-in-den-bundestag\/#primaryimage","url":"https:\/\/now-news.de\/de\/wp-content\/uploads\/sites\/3\/2022\/11\/Oberstes-britisches-Gericht-untersagt-Unabhaengigkeitsreferendum-in-Schottland.jpg","contentUrl":"https:\/\/now-news.de\/de\/wp-content\/uploads\/sites\/3\/2022\/11\/Oberstes-britisches-Gericht-untersagt-Unabhaengigkeitsreferendum-in-Schottland.jpg","width":460,"height":259,"caption":"Oberstes britisches Gericht untersagt Unabh\u00e4ngigkeitsreferendum in Schottland"},{"@type":"BreadcrumbList","@id":"https:\/\/now-news.de\/de\/deutschland\/ampel-in-der-dauerkrise-heizungsgesetz-kommt-nun-doch-in-den-bundestag\/#breadcrumb","itemListElement":[{"@type":"ListItem","position":1,"name":"Home","item":"https:\/\/now-news.de\/de\/"},{"@type":"ListItem","position":2,"name":"Ampel in der Dauerkrise: Heizungsgesetz kommt nun doch in den Bundestag"}]},{"@type":"WebSite","@id":"https:\/\/now-news.de\/de\/#website","url":"https:\/\/now-news.de\/de\/","name":"just-now.NEWS Deutschland","description":"Das Portal f\u00fcr unzensierte Nachrichten aus der Welt","publisher":{"@id":"https:\/\/now-news.de\/de\/#organization"},"potentialAction":[{"@type":"SearchAction","target":{"@type":"EntryPoint","urlTemplate":"https:\/\/now-news.de\/de\/?s={search_term_string}"},"query-input":"required name=search_term_string"}],"inLanguage":"de"},{"@type":"Organization","@id":"https:\/\/now-news.de\/de\/#organization","name":"Just Now News","url":"https:\/\/now-news.de\/de\/","logo":{"@type":"ImageObject","inLanguage":"de","@id":"https:\/\/now-news.de\/de\/#\/schema\/logo\/image\/","url":"http:\/\/just-now.news\/de\/wp-content\/uploads\/sites\/3\/2022\/04\/logo500x500.jpg","contentUrl":"http:\/\/just-now.news\/de\/wp-content\/uploads\/sites\/3\/2022\/04\/logo500x500.jpg","width":500,"height":500,"caption":"Just Now News"},"image":{"@id":"https:\/\/now-news.de\/de\/#\/schema\/logo\/image\/"},"sameAs":["https:\/\/www.facebook.com\/wirmachenauf","https:\/\/x.com\/WirMachenAuf_de"]},{"@type":"Person","@id":"https:\/\/now-news.de\/de\/#\/schema\/person\/fb534a4e865501d8b3285208df34a9b5","name":"rtnews","image":{"@type":"ImageObject","inLanguage":"de","@id":"https:\/\/now-news.de\/de\/#\/schema\/person\/image\/","url":"https:\/\/secure.gravatar.com\/avatar\/82aafea7d8127119dd649515f56e2117?s=96&d=mm&r=g","contentUrl":"https:\/\/secure.gravatar.com\/avatar\/82aafea7d8127119dd649515f56e2117?s=96&d=mm&r=g","caption":"rtnews"},"url":"https:\/\/now-news.de\/de\/author\/rnews\/"}]}},"_links":{"self":[{"href":"https:\/\/now-news.de\/de\/wp-json\/wp\/v2\/posts\/38060"}],"collection":[{"href":"https:\/\/now-news.de\/de\/wp-json\/wp\/v2\/posts"}],"about":[{"href":"https:\/\/now-news.de\/de\/wp-json\/wp\/v2\/types\/post"}],"author":[{"embeddable":true,"href":"https:\/\/now-news.de\/de\/wp-json\/wp\/v2\/users\/3"}],"replies":[{"embeddable":true,"href":"https:\/\/now-news.de\/de\/wp-json\/wp\/v2\/comments?post=38060"}],"version-history":[{"count":0,"href":"https:\/\/now-news.de\/de\/wp-json\/wp\/v2\/posts\/38060\/revisions"}],"wp:featuredmedia":[{"embeddable":true,"href":"https:\/\/now-news.de\/de\/wp-json\/wp\/v2\/media\/23828"}],"wp:attachment":[{"href":"https:\/\/now-news.de\/de\/wp-json\/wp\/v2\/media?parent=38060"}],"wp:term":[{"taxonomy":"category","embeddable":true,"href":"https:\/\/now-news.de\/de\/wp-json\/wp\/v2\/categories?post=38060"},{"taxonomy":"post_tag","embeddable":true,"href":"https:\/\/now-news.de\/de\/wp-json\/wp\/v2\/tags?post=38060"}],"curies":[{"name":"wp","href":"https:\/\/api.w.org\/{rel}","templated":true}]}}