{"id":37981,"date":"2023-06-12T12:23:36","date_gmt":"2023-06-12T10:23:36","guid":{"rendered":"https:\/\/just-now.news\/de\/deutschland\/bundesinnenministerin-faeser-fordert-erneut-ein-messerverbot-in-bus-und-bahn\/"},"modified":"2023-06-12T12:23:36","modified_gmt":"2023-06-12T10:23:36","slug":"bundesinnenministerin-faeser-fordert-erneut-ein-messerverbot-in-bus-und-bahn","status":"publish","type":"post","link":"https:\/\/now-news.de\/de\/deutschland\/bundesinnenministerin-faeser-fordert-erneut-ein-messerverbot-in-bus-und-bahn\/","title":{"rendered":"Bundesinnenministerin Faeser fordert erneut ein Messerverbot in Bus und Bahn"},"content":{"rendered":"<p><img decoding=\"async\" src=\"http:\/\/just-now.news\/de\/wp-content\/uploads\/sites\/3\/2023\/06\/6486c8b548fbef2a1774a380.jpg\" \/><\/p>\n<div class=\"Text-root Text-type_1 \">\n                Faeser erneuert ihre Forderung aus dem April kurz vor der Innenministerkonferenz. Die Gewerkschaft der Polizei h\u00e4lt eine realistische Umsetzung der Pl\u00e4ne f\u00fcr &#8220;kaum kontrollierbar&#8221;. Ein bayerischer Gewerkschafter der GdP erkennt lediglich &#8220;Bes\u00e4nftigung durch Ablenkung&#8221;.\n            <\/div>\n<p><\/p>\n<div class=\"Text-root Text-type_5 ArticleView-text ViewText-root \">\n<p>Innenministerin Nancy Faeser will erneut gesetzlich regeln, dass Messer zuk\u00fcnftig\u00a0in Bus und Bahn verboten sind. Dementsprechende Kontrollen sollen durch die Polizei erfolgen. Im Rahmen eines\u00a0<a rel=\"nofollow noopener\" target=\"_blank\" href=\"https:\/\/www.bild.de\/politik\/inland\/politik-inland\/nancy-faeser-im-interview-neue-asyl-regelung-entlastet-deutschland-84280076.bild.html\">Interviews<\/a>\u00a0mit der\u00a0<em>Bild<\/em>-Zeitung zum Thema des Fl\u00fcchtlingskompromisses der EU verk\u00fcndete Faeser diesbez\u00fcgliche Pl\u00e4ne:<\/p>\n<blockquote>\n<p><em>&#8220;Ich werde n\u00e4chste Woche bei der Innenministerkonferenz ein generelles Messerverbot in Z\u00fcgen und im gesamten \u00f6ffentlichen Nahverkehr vorschlagen. Ich bin f\u00fcr ein Verbot, damit strikter kontrolliert und schlimme Gewalttaten verhindert werden k\u00f6nnen.&#8221;<\/em><\/p>\n<\/blockquote>\n<p>Diese Ank\u00fcndigung sei die erneute Absicht &#8220;h\u00e4rterer Ma\u00dfnahmen&#8221; bez\u00fcglich wiederkehrender Ereignisse &#8220;von \u00dcbergriffen auf Bahnh\u00f6fen und t\u00f6dlichen Messer-Attacken in Z\u00fcgen&#8221;. J\u00fcrgen K\u00f6hnlein, Landesvorsitzender der bayerischen Polizeigewerkschaft, erkennt in der Ank\u00fcndigung &#8220;die mittlerweile bestehende Hilfslosigkeit der Politik&#8221;. Des Weiteren wird K\u00f6hnlein in einem Twitter-Beitrag mit den Worten zitiert:<\/p>\n<blockquote>\n<p><em>&#8220;(&#8230;) Aber anstatt sich dem Kernproblem der Gewaltbereitschaft und des schnellen Einsatzes von Messern insgesamt zu widmen, versucht man es wieder mit Bes\u00e4nftigung durch Ablenkung.&#8221;<\/em><\/p>\n<\/blockquote>\n<div class=\"EmbedBlock-root EmbedBlock-twitter\">\n<div class=\"TwitterEmbed\">\n<blockquote class=\"twitter-tweet lazyload\" data-twitter=\"twitter-tweet\">\n<p lang=\"de\" dir=\"ltr\"><a rel=\"nofollow noopener\" target=\"_blank\" href=\"https:\/\/twitter.com\/hashtag\/DPolGHH?src=hash&amp;ref_src=twsrc%5Etfw\">#DPolGHH<\/a><a rel=\"nofollow noopener\" target=\"_blank\" href=\"https:\/\/twitter.com\/hashtag\/BMI?src=hash&amp;ref_src=twsrc%5Etfw\">#BMI<\/a> Messerverbot in Bus u. Bahn? J\u00fcrgen K\u00f6hnlein, Landesvorsitzender <a rel=\"nofollow noopener\" target=\"_blank\" href=\"https:\/\/twitter.com\/DPolGBayern?ref_src=twsrc%5Etfw\">@DPolGBayern<\/a>, hat zu diesem Vorschlag von Innenministerin <a rel=\"nofollow noopener\" target=\"_blank\" href=\"https:\/\/twitter.com\/hashtag\/Faeser?src=hash&amp;ref_src=twsrc%5Etfw\">#Faeser<\/a><a rel=\"nofollow noopener\" target=\"_blank\" href=\"https:\/\/twitter.com\/hashtag\/SPD?src=hash&amp;ref_src=twsrc%5Etfw\">#SPD<\/a> eine klare Meinung! <a rel=\"nofollow noopener\" target=\"_blank\" href=\"https:\/\/twitter.com\/hashtag\/DPolG?src=hash&amp;ref_src=twsrc%5Etfw\">#DPolG<\/a><a rel=\"nofollow noopener\" target=\"_blank\" href=\"https:\/\/t.co\/LvBLL0JSMD\">pic.twitter.com\/LvBLL0JSMD<\/a><\/p>\n<p>\u2014 DPolG Hamburg (@DPolGHH) <a rel=\"nofollow noopener\" target=\"_blank\" href=\"https:\/\/twitter.com\/DPolGHH\/status\/1668158449308319744?ref_src=twsrc%5Etfw\">June 12, 2023<\/a><\/p><\/blockquote>\n<\/div>\n<\/div>\n<p>Vom 14. bis zum 16. Juni tagen die Innenminister der L\u00e4nder. Auf die Frage, wer ein m\u00f6gliches Messerverbot kontrollieren k\u00f6nnte und welche Strafen gegebenenfalls den Besitzern drohen, antwortete Faeser:<\/p>\n<blockquote>\n<p>&#8220;Die Bundespolizei kann die stichpunktartigen Kontrollen an Bahnh\u00f6fen erh\u00f6hen, genauso sollten die L\u00e4nder mit ihren Polizeien handeln. Wer gegen das Waffenrecht verst\u00f6\u00dft, begeht eine Straftat, die streng geahndet werden kann.&#8221;<\/p>\n<\/blockquote>\n<p>Die Realit\u00e4t zeigt jedoch, dass einerseits bei der Deutschen Bahn praktisch bereits eine Form des Messerverbots\u00a0<a rel=\"nofollow noopener\" target=\"_blank\" href=\"https:\/\/deutschlandtarifverbund.de\/wp-content\/uploads\/2023\/05\/230607_A_TBDT_Tarifbedingungen-des-Deutschlandtarifs.pdf\">existiert<\/a>. In den Bef\u00f6rderungsbedingungen hei\u00dft es diesbez\u00fcglich:<\/p>\n<blockquote>\n<p><em>&#8220;Von der Mitnahme als Handgep\u00e4ck oder Traglast sind Gegenst\u00e4nde und Stoffe ausgeschlossen, die geeignet sind, Mitreisende zu st\u00f6ren oder zu verletzen oder den Wagen zu besch\u00e4digen.&#8221;\u00a0<\/em><\/p>\n<\/blockquote>\n<p>Das\u00a0<a rel=\"nofollow noopener\" target=\"_blank\" href=\"https:\/\/www.zdf.de\/nachrichten\/politik\/messer-verbot-busse-bahnen-faeser-100.html\">Verbot<\/a>\u00a0gilt je nach Auslegung &#8220;unter anderem f\u00fcr Pfefferspray, Schusswaffen \u2013 aber auch f\u00fcr Messer jeder Gr\u00f6\u00dfe&#8221;. Laut <em>ZDF<\/em> informierte die Gewerkschaft der Polizei (GdP) bereits im April, nach dem ersten Vorsto\u00df diesbez\u00fcglicher Pl\u00e4ne seitens Faeser, dass &#8220;eine fl\u00e4chendeckende \u00dcberwachung des Messerverbots mit der derzeitigen Personalsituation der Bundespolizei kaum vorstellbar&#8221; w\u00e4re. Eine effektive Umsetzung &#8220;kann die Bundespolizei momentan nur ansatzweise durchf\u00fchren&#8221;, so Andreas Ro\u00dfkopf von der GdP. Demnach fehlten in Deutschland aktuell &#8220;3.500 Kolleginnen und Kollegen f\u00fcr die Sicherheit an den Bahnh\u00f6fen und in den Z\u00fcgen&#8221;.<\/p>\n<p>Allein f\u00fcr das Bundesland Nordrhein-Westfalen zeige die Statistik des Jahres 2022, dass insgesamt 5081 F\u00e4lle mit dem Tatmittel &#8220;Stichwaffe&#8221; erfasst wurden. &#8220;In 625 F\u00e4llen wurde laut Innenministerium dabei ein nach dem Waffengesetz verbotenes Messer benutzt, in 4343 F\u00e4llen ein sonstiges Messer und in 113 F\u00e4llen eine andere Stichwaffe&#8221; so der\u00a0<em>Bild<\/em>-Artikel.\u00a0<\/p>\n<p><strong>Mehr zum Thema &#8211;<\/strong>\u00a0<a rel=\"nofollow noopener\" target=\"_blank\" href=\"https:\/\/freeassange.rtde.live\/inland\/166723-kriminalstatistik-2022-steigende-fallzahlen-bei\/\">Kriminalstatistik 2022: Steigende Fallzahlen bei Straf- und Gewalttaten &amp; Wirtschaftskriminalit\u00e4t<\/a><\/p>\n<\/div>\n<p><script async src=\"https:\/\/platform.twitter.com\/widgets.js\" charset=\"utf-8\"><\/script><br \/>\n<br \/><br \/>\n<br \/><a href=\"https:\/\/de.rt.com\/inland\/172430-bundesinnenministerin-faeser-fordert-erneut-messerverbot\/\">Source link <\/a><\/p>\n","protected":false},"excerpt":{"rendered":"<p>Faeser erneuert ihre Forderung aus dem April kurz vor der Innenministerkonferenz. Die Gewerkschaft der Polizei h\u00e4lt eine realistische Umsetzung der Pl\u00e4ne f\u00fcr &#8220;kaum kontrollierbar&#8221;. Ein bayerischer Gewerkschafter der GdP erkennt lediglich &#8220;Bes\u00e4nftigung durch Ablenkung&#8221;. Innenministerin Nancy Faeser will erneut gesetzlich regeln, dass Messer zuk\u00fcnftig\u00a0in Bus und Bahn verboten sind. Dementsprechende Kontrollen sollen durch die Polizei [&hellip;]<\/p>\n","protected":false},"author":3,"featured_media":37982,"comment_status":"open","ping_status":"open","sticky":false,"template":"","format":"standard","meta":{"_yoast_indexnow_last_ping":["1686566280"],"wp_automatic_camp":["217"],"923aac9787077f3411c5f2b2001ede12":["Bundesinnenministerin Faeser fordert erneut ein Messerverbot in Bus und Bahn"],"original_link":["https:\/\/de.rt.com\/inland\/172430-bundesinnenministerin-faeser-fordert-erneut-messerverbot\/"],"_thumbnail_id":["37982"],"jnews_social_counter_last_update":["1776941158"]},"categories":[19,23],"tags":[21087,27906,604,357,781,16802,355,42380,140],"yoast_head":"<!-- This site is optimized with the Yoast SEO Premium plugin v22.7 (Yoast SEO v22.7) - https:\/\/yoast.com\/wordpress\/plugins\/seo\/ -->\n<title>Bundesinnenministerin Faeser fordert erneut ein Messerverbot in Bus und Bahn - just-now.NEWS Deutschland<\/title>\n<meta name=\"robots\" content=\"index, follow, max-snippet:-1, max-image-preview:large, max-video-preview:-1\" \/>\n<link rel=\"canonical\" href=\"https:\/\/now-news.de\/de\/deutschland\/bundesinnenministerin-faeser-fordert-erneut-ein-messerverbot-in-bus-und-bahn\/\" \/>\n<meta property=\"og:locale\" content=\"de_DE\" \/>\n<meta property=\"og:type\" content=\"article\" \/>\n<meta property=\"og:title\" content=\"Bundesinnenministerin Faeser fordert erneut ein Messerverbot in Bus und Bahn\" \/>\n<meta property=\"og:description\" content=\"Faeser erneuert ihre Forderung aus dem April kurz vor der Innenministerkonferenz. Die Gewerkschaft der Polizei h\u00e4lt eine realistische Umsetzung der Pl\u00e4ne f\u00fcr &#8220;kaum kontrollierbar&#8221;. Ein bayerischer Gewerkschafter der GdP erkennt lediglich &#8220;Bes\u00e4nftigung durch Ablenkung&#8221;. Innenministerin Nancy Faeser will erneut gesetzlich regeln, dass Messer zuk\u00fcnftig\u00a0in Bus und Bahn verboten sind. Dementsprechende Kontrollen sollen durch die Polizei [&hellip;]\" \/>\n<meta property=\"og:url\" content=\"https:\/\/now-news.de\/de\/deutschland\/bundesinnenministerin-faeser-fordert-erneut-ein-messerverbot-in-bus-und-bahn\/\" \/>\n<meta property=\"og:site_name\" content=\"just-now.NEWS Deutschland\" \/>\n<meta property=\"article:publisher\" content=\"https:\/\/www.facebook.com\/wirmachenauf\" \/>\n<meta property=\"article:published_time\" content=\"2023-06-12T10:23:36+00:00\" \/>\n<meta property=\"og:image\" content=\"https:\/\/now-news.de\/de\/wp-content\/uploads\/sites\/3\/2023\/06\/Bundesinnenministerin-Faeser-fordert-erneut-ein-Messerverbot-in-Bus-und-Bahn.jpg\" \/>\n\t<meta property=\"og:image:width\" content=\"460\" \/>\n\t<meta property=\"og:image:height\" content=\"259\" \/>\n\t<meta property=\"og:image:type\" content=\"image\/jpeg\" \/>\n<meta name=\"author\" content=\"rtnews\" \/>\n<meta name=\"twitter:card\" content=\"summary_large_image\" \/>\n<meta name=\"twitter:creator\" content=\"@WirMachenAuf_de\" \/>\n<meta name=\"twitter:site\" content=\"@WirMachenAuf_de\" \/>\n<meta name=\"twitter:label1\" content=\"Verfasst von\" \/>\n\t<meta name=\"twitter:data1\" content=\"rtnews\" \/>\n\t<meta name=\"twitter:label2\" content=\"Gesch\u00e4tzte Lesezeit\" \/>\n\t<meta name=\"twitter:data2\" content=\"3\u00a0Minuten\" \/>\n<script type=\"application\/ld+json\" class=\"yoast-schema-graph\">{\"@context\":\"https:\/\/schema.org\",\"@graph\":[{\"@type\":\"Article\",\"@id\":\"https:\/\/now-news.de\/de\/deutschland\/bundesinnenministerin-faeser-fordert-erneut-ein-messerverbot-in-bus-und-bahn\/#article\",\"isPartOf\":{\"@id\":\"https:\/\/now-news.de\/de\/deutschland\/bundesinnenministerin-faeser-fordert-erneut-ein-messerverbot-in-bus-und-bahn\/\"},\"author\":{\"name\":\"rtnews\",\"@id\":\"https:\/\/now-news.de\/de\/#\/schema\/person\/fb534a4e865501d8b3285208df34a9b5\"},\"headline\":\"Bundesinnenministerin Faeser fordert erneut ein Messerverbot in Bus und Bahn\",\"datePublished\":\"2023-06-12T10:23:36+00:00\",\"dateModified\":\"2023-06-12T10:23:36+00:00\",\"mainEntityOfPage\":{\"@id\":\"https:\/\/now-news.de\/de\/deutschland\/bundesinnenministerin-faeser-fordert-erneut-ein-messerverbot-in-bus-und-bahn\/\"},\"wordCount\":532,\"commentCount\":0,\"publisher\":{\"@id\":\"https:\/\/now-news.de\/de\/#organization\"},\"image\":{\"@id\":\"https:\/\/now-news.de\/de\/deutschland\/bundesinnenministerin-faeser-fordert-erneut-ein-messerverbot-in-bus-und-bahn\/#primaryimage\"},\"thumbnailUrl\":\"https:\/\/now-news.de\/de\/wp-content\/uploads\/sites\/3\/2023\/06\/Bundesinnenministerin-Faeser-fordert-erneut-ein-Messerverbot-in-Bus-und-Bahn.jpg\",\"keywords\":[\"Bahn\",\"Bundesinnenministerin\",\"Bus\",\"ein\",\"erneut\",\"Faeser\",\"fordert\",\"Messerverbot\",\"und\"],\"articleSection\":[\"Deutschland\",\"Russland\"],\"inLanguage\":\"de\",\"potentialAction\":[{\"@type\":\"CommentAction\",\"name\":\"Comment\",\"target\":[\"https:\/\/now-news.de\/de\/deutschland\/bundesinnenministerin-faeser-fordert-erneut-ein-messerverbot-in-bus-und-bahn\/#respond\"]}]},{\"@type\":\"WebPage\",\"@id\":\"https:\/\/now-news.de\/de\/deutschland\/bundesinnenministerin-faeser-fordert-erneut-ein-messerverbot-in-bus-und-bahn\/\",\"url\":\"https:\/\/now-news.de\/de\/deutschland\/bundesinnenministerin-faeser-fordert-erneut-ein-messerverbot-in-bus-und-bahn\/\",\"name\":\"Bundesinnenministerin Faeser fordert erneut ein Messerverbot in Bus und Bahn - just-now.NEWS Deutschland\",\"isPartOf\":{\"@id\":\"https:\/\/now-news.de\/de\/#website\"},\"primaryImageOfPage\":{\"@id\":\"https:\/\/now-news.de\/de\/deutschland\/bundesinnenministerin-faeser-fordert-erneut-ein-messerverbot-in-bus-und-bahn\/#primaryimage\"},\"image\":{\"@id\":\"https:\/\/now-news.de\/de\/deutschland\/bundesinnenministerin-faeser-fordert-erneut-ein-messerverbot-in-bus-und-bahn\/#primaryimage\"},\"thumbnailUrl\":\"https:\/\/now-news.de\/de\/wp-content\/uploads\/sites\/3\/2023\/06\/Bundesinnenministerin-Faeser-fordert-erneut-ein-Messerverbot-in-Bus-und-Bahn.jpg\",\"datePublished\":\"2023-06-12T10:23:36+00:00\",\"dateModified\":\"2023-06-12T10:23:36+00:00\",\"breadcrumb\":{\"@id\":\"https:\/\/now-news.de\/de\/deutschland\/bundesinnenministerin-faeser-fordert-erneut-ein-messerverbot-in-bus-und-bahn\/#breadcrumb\"},\"inLanguage\":\"de\",\"potentialAction\":[{\"@type\":\"ReadAction\",\"target\":[\"https:\/\/now-news.de\/de\/deutschland\/bundesinnenministerin-faeser-fordert-erneut-ein-messerverbot-in-bus-und-bahn\/\"]}]},{\"@type\":\"ImageObject\",\"inLanguage\":\"de\",\"@id\":\"https:\/\/now-news.de\/de\/deutschland\/bundesinnenministerin-faeser-fordert-erneut-ein-messerverbot-in-bus-und-bahn\/#primaryimage\",\"url\":\"https:\/\/now-news.de\/de\/wp-content\/uploads\/sites\/3\/2023\/06\/Bundesinnenministerin-Faeser-fordert-erneut-ein-Messerverbot-in-Bus-und-Bahn.jpg\",\"contentUrl\":\"https:\/\/now-news.de\/de\/wp-content\/uploads\/sites\/3\/2023\/06\/Bundesinnenministerin-Faeser-fordert-erneut-ein-Messerverbot-in-Bus-und-Bahn.jpg\",\"width\":460,\"height\":259,\"caption\":\"Bundesinnenministerin Faeser fordert erneut ein Messerverbot in Bus und Bahn\"},{\"@type\":\"BreadcrumbList\",\"@id\":\"https:\/\/now-news.de\/de\/deutschland\/bundesinnenministerin-faeser-fordert-erneut-ein-messerverbot-in-bus-und-bahn\/#breadcrumb\",\"itemListElement\":[{\"@type\":\"ListItem\",\"position\":1,\"name\":\"Home\",\"item\":\"https:\/\/now-news.de\/de\/\"},{\"@type\":\"ListItem\",\"position\":2,\"name\":\"Bundesinnenministerin Faeser fordert erneut ein Messerverbot in Bus und Bahn\"}]},{\"@type\":\"WebSite\",\"@id\":\"https:\/\/now-news.de\/de\/#website\",\"url\":\"https:\/\/now-news.de\/de\/\",\"name\":\"just-now.NEWS Deutschland\",\"description\":\"Das Portal f\u00fcr unzensierte Nachrichten aus der Welt\",\"publisher\":{\"@id\":\"https:\/\/now-news.de\/de\/#organization\"},\"potentialAction\":[{\"@type\":\"SearchAction\",\"target\":{\"@type\":\"EntryPoint\",\"urlTemplate\":\"https:\/\/now-news.de\/de\/?s={search_term_string}\"},\"query-input\":\"required name=search_term_string\"}],\"inLanguage\":\"de\"},{\"@type\":\"Organization\",\"@id\":\"https:\/\/now-news.de\/de\/#organization\",\"name\":\"Just Now News\",\"url\":\"https:\/\/now-news.de\/de\/\",\"logo\":{\"@type\":\"ImageObject\",\"inLanguage\":\"de\",\"@id\":\"https:\/\/now-news.de\/de\/#\/schema\/logo\/image\/\",\"url\":\"http:\/\/just-now.news\/de\/wp-content\/uploads\/sites\/3\/2022\/04\/logo500x500.jpg\",\"contentUrl\":\"http:\/\/just-now.news\/de\/wp-content\/uploads\/sites\/3\/2022\/04\/logo500x500.jpg\",\"width\":500,\"height\":500,\"caption\":\"Just Now News\"},\"image\":{\"@id\":\"https:\/\/now-news.de\/de\/#\/schema\/logo\/image\/\"},\"sameAs\":[\"https:\/\/www.facebook.com\/wirmachenauf\",\"https:\/\/x.com\/WirMachenAuf_de\"]},{\"@type\":\"Person\",\"@id\":\"https:\/\/now-news.de\/de\/#\/schema\/person\/fb534a4e865501d8b3285208df34a9b5\",\"name\":\"rtnews\",\"image\":{\"@type\":\"ImageObject\",\"inLanguage\":\"de\",\"@id\":\"https:\/\/now-news.de\/de\/#\/schema\/person\/image\/\",\"url\":\"https:\/\/secure.gravatar.com\/avatar\/82aafea7d8127119dd649515f56e2117?s=96&d=mm&r=g\",\"contentUrl\":\"https:\/\/secure.gravatar.com\/avatar\/82aafea7d8127119dd649515f56e2117?s=96&d=mm&r=g\",\"caption\":\"rtnews\"},\"url\":\"https:\/\/now-news.de\/de\/author\/rnews\/\"}]}<\/script>\n<!-- \/ Yoast SEO Premium plugin. -->","yoast_head_json":{"title":"Bundesinnenministerin Faeser fordert erneut ein Messerverbot in Bus und Bahn - just-now.NEWS Deutschland","robots":{"index":"index","follow":"follow","max-snippet":"max-snippet:-1","max-image-preview":"max-image-preview:large","max-video-preview":"max-video-preview:-1"},"canonical":"https:\/\/now-news.de\/de\/deutschland\/bundesinnenministerin-faeser-fordert-erneut-ein-messerverbot-in-bus-und-bahn\/","og_locale":"de_DE","og_type":"article","og_title":"Bundesinnenministerin Faeser fordert erneut ein Messerverbot in Bus und Bahn","og_description":"Faeser erneuert ihre Forderung aus dem April kurz vor der Innenministerkonferenz. Die Gewerkschaft der Polizei h\u00e4lt eine realistische Umsetzung der Pl\u00e4ne f\u00fcr &#8220;kaum kontrollierbar&#8221;. Ein bayerischer Gewerkschafter der GdP erkennt lediglich &#8220;Bes\u00e4nftigung durch Ablenkung&#8221;. Innenministerin Nancy Faeser will erneut gesetzlich regeln, dass Messer zuk\u00fcnftig\u00a0in Bus und Bahn verboten sind. Dementsprechende Kontrollen sollen durch die Polizei [&hellip;]","og_url":"https:\/\/now-news.de\/de\/deutschland\/bundesinnenministerin-faeser-fordert-erneut-ein-messerverbot-in-bus-und-bahn\/","og_site_name":"just-now.NEWS Deutschland","article_publisher":"https:\/\/www.facebook.com\/wirmachenauf","article_published_time":"2023-06-12T10:23:36+00:00","og_image":[{"width":460,"height":259,"url":"https:\/\/now-news.de\/de\/wp-content\/uploads\/sites\/3\/2023\/06\/Bundesinnenministerin-Faeser-fordert-erneut-ein-Messerverbot-in-Bus-und-Bahn.jpg","type":"image\/jpeg"}],"author":"rtnews","twitter_card":"summary_large_image","twitter_creator":"@WirMachenAuf_de","twitter_site":"@WirMachenAuf_de","twitter_misc":{"Verfasst von":"rtnews","Gesch\u00e4tzte Lesezeit":"3\u00a0Minuten"},"schema":{"@context":"https:\/\/schema.org","@graph":[{"@type":"Article","@id":"https:\/\/now-news.de\/de\/deutschland\/bundesinnenministerin-faeser-fordert-erneut-ein-messerverbot-in-bus-und-bahn\/#article","isPartOf":{"@id":"https:\/\/now-news.de\/de\/deutschland\/bundesinnenministerin-faeser-fordert-erneut-ein-messerverbot-in-bus-und-bahn\/"},"author":{"name":"rtnews","@id":"https:\/\/now-news.de\/de\/#\/schema\/person\/fb534a4e865501d8b3285208df34a9b5"},"headline":"Bundesinnenministerin Faeser fordert erneut ein Messerverbot in Bus und Bahn","datePublished":"2023-06-12T10:23:36+00:00","dateModified":"2023-06-12T10:23:36+00:00","mainEntityOfPage":{"@id":"https:\/\/now-news.de\/de\/deutschland\/bundesinnenministerin-faeser-fordert-erneut-ein-messerverbot-in-bus-und-bahn\/"},"wordCount":532,"commentCount":0,"publisher":{"@id":"https:\/\/now-news.de\/de\/#organization"},"image":{"@id":"https:\/\/now-news.de\/de\/deutschland\/bundesinnenministerin-faeser-fordert-erneut-ein-messerverbot-in-bus-und-bahn\/#primaryimage"},"thumbnailUrl":"https:\/\/now-news.de\/de\/wp-content\/uploads\/sites\/3\/2023\/06\/Bundesinnenministerin-Faeser-fordert-erneut-ein-Messerverbot-in-Bus-und-Bahn.jpg","keywords":["Bahn","Bundesinnenministerin","Bus","ein","erneut","Faeser","fordert","Messerverbot","und"],"articleSection":["Deutschland","Russland"],"inLanguage":"de","potentialAction":[{"@type":"CommentAction","name":"Comment","target":["https:\/\/now-news.de\/de\/deutschland\/bundesinnenministerin-faeser-fordert-erneut-ein-messerverbot-in-bus-und-bahn\/#respond"]}]},{"@type":"WebPage","@id":"https:\/\/now-news.de\/de\/deutschland\/bundesinnenministerin-faeser-fordert-erneut-ein-messerverbot-in-bus-und-bahn\/","url":"https:\/\/now-news.de\/de\/deutschland\/bundesinnenministerin-faeser-fordert-erneut-ein-messerverbot-in-bus-und-bahn\/","name":"Bundesinnenministerin Faeser fordert erneut ein Messerverbot in Bus und Bahn - just-now.NEWS Deutschland","isPartOf":{"@id":"https:\/\/now-news.de\/de\/#website"},"primaryImageOfPage":{"@id":"https:\/\/now-news.de\/de\/deutschland\/bundesinnenministerin-faeser-fordert-erneut-ein-messerverbot-in-bus-und-bahn\/#primaryimage"},"image":{"@id":"https:\/\/now-news.de\/de\/deutschland\/bundesinnenministerin-faeser-fordert-erneut-ein-messerverbot-in-bus-und-bahn\/#primaryimage"},"thumbnailUrl":"https:\/\/now-news.de\/de\/wp-content\/uploads\/sites\/3\/2023\/06\/Bundesinnenministerin-Faeser-fordert-erneut-ein-Messerverbot-in-Bus-und-Bahn.jpg","datePublished":"2023-06-12T10:23:36+00:00","dateModified":"2023-06-12T10:23:36+00:00","breadcrumb":{"@id":"https:\/\/now-news.de\/de\/deutschland\/bundesinnenministerin-faeser-fordert-erneut-ein-messerverbot-in-bus-und-bahn\/#breadcrumb"},"inLanguage":"de","potentialAction":[{"@type":"ReadAction","target":["https:\/\/now-news.de\/de\/deutschland\/bundesinnenministerin-faeser-fordert-erneut-ein-messerverbot-in-bus-und-bahn\/"]}]},{"@type":"ImageObject","inLanguage":"de","@id":"https:\/\/now-news.de\/de\/deutschland\/bundesinnenministerin-faeser-fordert-erneut-ein-messerverbot-in-bus-und-bahn\/#primaryimage","url":"https:\/\/now-news.de\/de\/wp-content\/uploads\/sites\/3\/2023\/06\/Bundesinnenministerin-Faeser-fordert-erneut-ein-Messerverbot-in-Bus-und-Bahn.jpg","contentUrl":"https:\/\/now-news.de\/de\/wp-content\/uploads\/sites\/3\/2023\/06\/Bundesinnenministerin-Faeser-fordert-erneut-ein-Messerverbot-in-Bus-und-Bahn.jpg","width":460,"height":259,"caption":"Bundesinnenministerin Faeser fordert erneut ein Messerverbot in Bus und Bahn"},{"@type":"BreadcrumbList","@id":"https:\/\/now-news.de\/de\/deutschland\/bundesinnenministerin-faeser-fordert-erneut-ein-messerverbot-in-bus-und-bahn\/#breadcrumb","itemListElement":[{"@type":"ListItem","position":1,"name":"Home","item":"https:\/\/now-news.de\/de\/"},{"@type":"ListItem","position":2,"name":"Bundesinnenministerin Faeser fordert erneut ein Messerverbot in Bus und Bahn"}]},{"@type":"WebSite","@id":"https:\/\/now-news.de\/de\/#website","url":"https:\/\/now-news.de\/de\/","name":"just-now.NEWS Deutschland","description":"Das Portal f\u00fcr unzensierte Nachrichten aus der Welt","publisher":{"@id":"https:\/\/now-news.de\/de\/#organization"},"potentialAction":[{"@type":"SearchAction","target":{"@type":"EntryPoint","urlTemplate":"https:\/\/now-news.de\/de\/?s={search_term_string}"},"query-input":"required name=search_term_string"}],"inLanguage":"de"},{"@type":"Organization","@id":"https:\/\/now-news.de\/de\/#organization","name":"Just Now News","url":"https:\/\/now-news.de\/de\/","logo":{"@type":"ImageObject","inLanguage":"de","@id":"https:\/\/now-news.de\/de\/#\/schema\/logo\/image\/","url":"http:\/\/just-now.news\/de\/wp-content\/uploads\/sites\/3\/2022\/04\/logo500x500.jpg","contentUrl":"http:\/\/just-now.news\/de\/wp-content\/uploads\/sites\/3\/2022\/04\/logo500x500.jpg","width":500,"height":500,"caption":"Just Now News"},"image":{"@id":"https:\/\/now-news.de\/de\/#\/schema\/logo\/image\/"},"sameAs":["https:\/\/www.facebook.com\/wirmachenauf","https:\/\/x.com\/WirMachenAuf_de"]},{"@type":"Person","@id":"https:\/\/now-news.de\/de\/#\/schema\/person\/fb534a4e865501d8b3285208df34a9b5","name":"rtnews","image":{"@type":"ImageObject","inLanguage":"de","@id":"https:\/\/now-news.de\/de\/#\/schema\/person\/image\/","url":"https:\/\/secure.gravatar.com\/avatar\/82aafea7d8127119dd649515f56e2117?s=96&d=mm&r=g","contentUrl":"https:\/\/secure.gravatar.com\/avatar\/82aafea7d8127119dd649515f56e2117?s=96&d=mm&r=g","caption":"rtnews"},"url":"https:\/\/now-news.de\/de\/author\/rnews\/"}]}},"_links":{"self":[{"href":"https:\/\/now-news.de\/de\/wp-json\/wp\/v2\/posts\/37981"}],"collection":[{"href":"https:\/\/now-news.de\/de\/wp-json\/wp\/v2\/posts"}],"about":[{"href":"https:\/\/now-news.de\/de\/wp-json\/wp\/v2\/types\/post"}],"author":[{"embeddable":true,"href":"https:\/\/now-news.de\/de\/wp-json\/wp\/v2\/users\/3"}],"replies":[{"embeddable":true,"href":"https:\/\/now-news.de\/de\/wp-json\/wp\/v2\/comments?post=37981"}],"version-history":[{"count":0,"href":"https:\/\/now-news.de\/de\/wp-json\/wp\/v2\/posts\/37981\/revisions"}],"wp:featuredmedia":[{"embeddable":true,"href":"https:\/\/now-news.de\/de\/wp-json\/wp\/v2\/media\/37982"}],"wp:attachment":[{"href":"https:\/\/now-news.de\/de\/wp-json\/wp\/v2\/media?parent=37981"}],"wp:term":[{"taxonomy":"category","embeddable":true,"href":"https:\/\/now-news.de\/de\/wp-json\/wp\/v2\/categories?post=37981"},{"taxonomy":"post_tag","embeddable":true,"href":"https:\/\/now-news.de\/de\/wp-json\/wp\/v2\/tags?post=37981"}],"curies":[{"name":"wp","href":"https:\/\/api.w.org\/{rel}","templated":true}]}}