{"id":37905,"date":"2023-06-10T19:33:32","date_gmt":"2023-06-10T17:33:32","guid":{"rendered":"https:\/\/just-now.news\/de\/deutschland\/kommissarischer-chef-des-gebiets-cherson-ukrainische-streitkraefte-beschiessen-notunterkuenfte\/"},"modified":"2023-06-10T19:33:32","modified_gmt":"2023-06-10T17:33:32","slug":"kommissarischer-chef-des-gebiets-cherson-ukrainische-streitkraefte-beschiessen-notunterkuenfte","status":"publish","type":"post","link":"https:\/\/now-news.de\/de\/deutschland\/kommissarischer-chef-des-gebiets-cherson-ukrainische-streitkraefte-beschiessen-notunterkuenfte\/","title":{"rendered":"Kommissarischer Chef des Gebiets Cherson: Ukrainische Streitkr\u00e4fte beschie\u00dfen Notunterk\u00fcnfte"},"content":{"rendered":"<p><img decoding=\"async\" src=\"http:\/\/just-now.news\/de\/wp-content\/uploads\/sites\/3\/2023\/06\/648460cdb480cc142a292fae.jpg\" \/><\/p>\n<div class=\"Text-root Text-type_1 \">\n                Der Leiter des Gebiets Cherson, Wladimir Saldo, hat den ukrainischen Beschuss von Notunterk\u00fcnften mit Storm-Shadow-Raketen gemeldet. Ihm zufolge wurde ein Hotel im Ferienort Schelesny Port zerst\u00f6rt, eine Frau kam ums Leben. Zuvor hatte er \u00fcber zwei Tote beim Beschuss in Golaja Pristan berichtet.\n            <\/div>\n<p><\/p>\n<div class=\"Text-root Text-type_5 ArticleView-text ViewText-root \">\n<p>Das ukrainische Milit\u00e4r hat am Morgen des 10. Juni Angriffe auf provisorische Unterk\u00fcnfte auf der Arabat-Nehrung durchgef\u00fchrt. Dabei soll eine Frau get\u00f6tet worden sein. Dies teilte der kommissarische Leiter des Gebiets Cherson, Wladimir Saldo, mit.<\/p>\n<p>Vorl\u00e4ufigen Berichten zufolge wurden die Angriffe mit Storm-Shadow-Raketen durchgef\u00fchrt, die von London an Kiew geliefert wurden, <a rel=\"nofollow noopener\" target=\"_blank\" href=\"https:\/\/t.me\/SALDO_VGA\/861\">schrieb<\/a> Saldo auf seinem Telegram-Kanal.<\/p>\n<p>Au\u00dferdem sei bei dem n\u00e4chtlichen Beschuss des Ferienortes Schelesny Port das Hotel Positiv zerst\u00f6rt worden, f\u00fcgte der kommissarische Leiter des Gebiets hinzu. Er <a rel=\"nofollow noopener\" target=\"_blank\" href=\"https:\/\/t.me\/SALDO_VGA\/865\">ver\u00f6ffentlichte<\/a> auch Bild- und Videomaterial zu den verursachten Sch\u00e4den.<\/p>\n<p>Die Arabat-Nehrung ist ein langer, schmaler Landstreifen, der an die Insel Krjatschina angrenzt, und befindet sich im nord\u00f6stlichen Teil der Halbinsel Krim.<\/p>\n<p>Das Vereinigte K\u00f6nigreich hatte Mitte Mai die Lieferung von Storm-Shadow-Raketen an die Ukraine best\u00e4tigt. Seitdem berichteten die Beh\u00f6rden in den Gebieten LVR, DVR, Saporoschje und Cherson wiederholt \u00fcber Angriffe mit dieser Munition.<\/p>\n<p>Am 9. Juni hatte Saldo bereits \u00fcber den Beschuss eines Pionierlagers im Gebiet Cherson mit drei Storm-Shadow-Raketen berichtet. Ihm zufolge wurde ein Geschoss von einem Luftabwehrsystem abgeschossen, w\u00e4hrend die beiden anderen die Einrichtung trafen.<\/p>\n<p>Am 6. Juni brach der Damm des Kachowka-Wasserkraftwerks, woraufhin enorme Wassermassen aus dem Kachowka-Stausee austraten. Das \u00dcberschwemmungsgebiet umfasst Siedlungen auf beiden Seiten des Dnjepr, von denen das rechte Ufer unter der Kontrolle Kiews ist, w\u00e4hrend das linke Ufer von Moskau kontrolliert wird. Beide Seiten haben Evakuierungsma\u00dfnahmen angek\u00fcndigt.<\/p>\n<p>Moskau machte Kiew f\u00fcr den Vorfall verantwortlich. Verteidigungsminister Sergei Schoigu erkl\u00e4rte, das Ziel solcher Aktionen sei es, eine Offensive der russischen Armee in diesem Frontabschnitt zu verhindern. Das Ermittlungskomitee er\u00f6ffnete ein Strafverfahren wegen Terrorismus.<\/p>\n<p>Der ukrainische Pr\u00e4sident Wladimir Selenskij behauptete seinerseits, dass Russland in den Vorfall verwickelt sei. Am 8. Juni besuchte er Cherson. Auch eine Reihe westlicher Politiker machte Moskau f\u00fcr den Vorfall verantwortlich.<\/p>\n<p>Bis zum Abend des 8. Juni seien f\u00fcnftausend Menschen aus den von Russland kontrollierten Gebieten evakuiert worden, sagte Saldo. Bei einem Raketenangriff auf eine Evakuierungszone in Polaja Pristan wurden sieben Menschen, darunter zwei Zivilisten, get\u00f6tet.<\/p>\n<p><strong>Mehr zum Thema<\/strong> &#8211; <a rel=\"nofollow noopener\" target=\"_blank\" href=\"https:\/\/freeassange.rtde.me\/russland\/172271-peskow-raeumung-in-cherson-findet-unter-barbarischem-beschuss-der-ukraine-statt\/\">Peskow: R\u00e4umung in Cherson findet unter &#8220;barbarischem Beschuss&#8221; durch Ukraine statt<\/a><\/p>\n<\/div>\n<p><br \/>\n<br \/><a href=\"https:\/\/de.rt.com\/europa\/172344-kommissarischer-chef-gebiets-cherson-ukrainische\/\">Source link <\/a><\/p>\n","protected":false},"excerpt":{"rendered":"<p>Der Leiter des Gebiets Cherson, Wladimir Saldo, hat den ukrainischen Beschuss von Notunterk\u00fcnften mit Storm-Shadow-Raketen gemeldet. Ihm zufolge wurde ein Hotel im Ferienort Schelesny Port zerst\u00f6rt, eine Frau kam ums Leben. Zuvor hatte er \u00fcber zwei Tote beim Beschuss in Golaja Pristan berichtet. Das ukrainische Milit\u00e4r hat am Morgen des 10. Juni Angriffe auf provisorische [&hellip;]<\/p>\n","protected":false},"author":3,"featured_media":37906,"comment_status":"open","ping_status":"open","sticky":false,"template":"","format":"standard","meta":{"_yoast_indexnow_last_ping":["1686418749"],"wp_automatic_camp":["217"],"96e94d5f862466993e3861f286917990":["Kommissarischer Chef des Gebiets Cherson: Ukrainische Streitkr\u00e4fte beschie\u00dfen Notunterk\u00fcnfte"],"original_link":["https:\/\/de.rt.com\/europa\/172344-kommissarischer-chef-gebiets-cherson-ukrainische\/"],"_thumbnail_id":["37906"],"jnews_social_counter_last_update":["1777793984"]},"categories":[19,23],"tags":[27706,18111,5186,583,19657,45483,45484,17702,905],"yoast_head":"<!-- This site is optimized with the Yoast SEO Premium plugin v22.7 (Yoast SEO v22.7) - https:\/\/yoast.com\/wordpress\/plugins\/seo\/ -->\n<title>Kommissarischer Chef des Gebiets Cherson: Ukrainische Streitkr\u00e4fte beschie\u00dfen Notunterk\u00fcnfte - just-now.NEWS Deutschland<\/title>\n<meta name=\"robots\" content=\"index, follow, max-snippet:-1, max-image-preview:large, max-video-preview:-1\" \/>\n<link rel=\"canonical\" href=\"https:\/\/now-news.de\/de\/deutschland\/kommissarischer-chef-des-gebiets-cherson-ukrainische-streitkraefte-beschiessen-notunterkuenfte\/\" \/>\n<meta property=\"og:locale\" content=\"de_DE\" \/>\n<meta property=\"og:type\" content=\"article\" \/>\n<meta property=\"og:title\" content=\"Kommissarischer Chef des Gebiets Cherson: Ukrainische Streitkr\u00e4fte beschie\u00dfen Notunterk\u00fcnfte\" \/>\n<meta property=\"og:description\" content=\"Der Leiter des Gebiets Cherson, Wladimir Saldo, hat den ukrainischen Beschuss von Notunterk\u00fcnften mit Storm-Shadow-Raketen gemeldet. Ihm zufolge wurde ein Hotel im Ferienort Schelesny Port zerst\u00f6rt, eine Frau kam ums Leben. Zuvor hatte er \u00fcber zwei Tote beim Beschuss in Golaja Pristan berichtet. Das ukrainische Milit\u00e4r hat am Morgen des 10. Juni Angriffe auf provisorische [&hellip;]\" \/>\n<meta property=\"og:url\" content=\"https:\/\/now-news.de\/de\/deutschland\/kommissarischer-chef-des-gebiets-cherson-ukrainische-streitkraefte-beschiessen-notunterkuenfte\/\" \/>\n<meta property=\"og:site_name\" content=\"just-now.NEWS Deutschland\" \/>\n<meta property=\"article:publisher\" content=\"https:\/\/www.facebook.com\/wirmachenauf\" \/>\n<meta property=\"article:published_time\" content=\"2023-06-10T17:33:32+00:00\" \/>\n<meta property=\"og:image\" content=\"https:\/\/now-news.de\/de\/wp-content\/uploads\/sites\/3\/2023\/06\/Kommissarischer-Chef-des-Gebiets-Cherson-Ukrainische-Streitkraefte-beschiessen-Notunterkuenfte.jpg\" \/>\n\t<meta property=\"og:image:width\" content=\"460\" \/>\n\t<meta property=\"og:image:height\" content=\"259\" \/>\n\t<meta property=\"og:image:type\" content=\"image\/jpeg\" \/>\n<meta name=\"author\" content=\"rtnews\" \/>\n<meta name=\"twitter:card\" content=\"summary_large_image\" \/>\n<meta name=\"twitter:creator\" content=\"@WirMachenAuf_de\" \/>\n<meta name=\"twitter:site\" content=\"@WirMachenAuf_de\" \/>\n<meta name=\"twitter:label1\" content=\"Verfasst von\" \/>\n\t<meta name=\"twitter:data1\" content=\"rtnews\" \/>\n\t<meta name=\"twitter:label2\" content=\"Gesch\u00e4tzte Lesezeit\" \/>\n\t<meta name=\"twitter:data2\" content=\"2\u00a0Minuten\" \/>\n<script type=\"application\/ld+json\" class=\"yoast-schema-graph\">{\"@context\":\"https:\/\/schema.org\",\"@graph\":[{\"@type\":\"Article\",\"@id\":\"https:\/\/now-news.de\/de\/deutschland\/kommissarischer-chef-des-gebiets-cherson-ukrainische-streitkraefte-beschiessen-notunterkuenfte\/#article\",\"isPartOf\":{\"@id\":\"https:\/\/now-news.de\/de\/deutschland\/kommissarischer-chef-des-gebiets-cherson-ukrainische-streitkraefte-beschiessen-notunterkuenfte\/\"},\"author\":{\"name\":\"rtnews\",\"@id\":\"https:\/\/now-news.de\/de\/#\/schema\/person\/fb534a4e865501d8b3285208df34a9b5\"},\"headline\":\"Kommissarischer Chef des Gebiets Cherson: Ukrainische Streitkr\u00e4fte beschie\u00dfen Notunterk\u00fcnfte\",\"datePublished\":\"2023-06-10T17:33:32+00:00\",\"dateModified\":\"2023-06-10T17:33:32+00:00\",\"mainEntityOfPage\":{\"@id\":\"https:\/\/now-news.de\/de\/deutschland\/kommissarischer-chef-des-gebiets-cherson-ukrainische-streitkraefte-beschiessen-notunterkuenfte\/\"},\"wordCount\":421,\"commentCount\":0,\"publisher\":{\"@id\":\"https:\/\/now-news.de\/de\/#organization\"},\"image\":{\"@id\":\"https:\/\/now-news.de\/de\/deutschland\/kommissarischer-chef-des-gebiets-cherson-ukrainische-streitkraefte-beschiessen-notunterkuenfte\/#primaryimage\"},\"thumbnailUrl\":\"https:\/\/now-news.de\/de\/wp-content\/uploads\/sites\/3\/2023\/06\/Kommissarischer-Chef-des-Gebiets-Cherson-Ukrainische-Streitkraefte-beschiessen-Notunterkuenfte.jpg\",\"keywords\":[\"beschie\u00dfen\",\"Chef\",\"Cherson\",\"des\",\"Gebiets\",\"Kommissarischer\",\"Notunterk\u00fcnfte\",\"Streitkr\u00e4fte\",\"Ukrainische\"],\"articleSection\":[\"Deutschland\",\"Russland\"],\"inLanguage\":\"de\",\"potentialAction\":[{\"@type\":\"CommentAction\",\"name\":\"Comment\",\"target\":[\"https:\/\/now-news.de\/de\/deutschland\/kommissarischer-chef-des-gebiets-cherson-ukrainische-streitkraefte-beschiessen-notunterkuenfte\/#respond\"]}]},{\"@type\":\"WebPage\",\"@id\":\"https:\/\/now-news.de\/de\/deutschland\/kommissarischer-chef-des-gebiets-cherson-ukrainische-streitkraefte-beschiessen-notunterkuenfte\/\",\"url\":\"https:\/\/now-news.de\/de\/deutschland\/kommissarischer-chef-des-gebiets-cherson-ukrainische-streitkraefte-beschiessen-notunterkuenfte\/\",\"name\":\"Kommissarischer Chef des Gebiets Cherson: Ukrainische Streitkr\u00e4fte beschie\u00dfen Notunterk\u00fcnfte - just-now.NEWS Deutschland\",\"isPartOf\":{\"@id\":\"https:\/\/now-news.de\/de\/#website\"},\"primaryImageOfPage\":{\"@id\":\"https:\/\/now-news.de\/de\/deutschland\/kommissarischer-chef-des-gebiets-cherson-ukrainische-streitkraefte-beschiessen-notunterkuenfte\/#primaryimage\"},\"image\":{\"@id\":\"https:\/\/now-news.de\/de\/deutschland\/kommissarischer-chef-des-gebiets-cherson-ukrainische-streitkraefte-beschiessen-notunterkuenfte\/#primaryimage\"},\"thumbnailUrl\":\"https:\/\/now-news.de\/de\/wp-content\/uploads\/sites\/3\/2023\/06\/Kommissarischer-Chef-des-Gebiets-Cherson-Ukrainische-Streitkraefte-beschiessen-Notunterkuenfte.jpg\",\"datePublished\":\"2023-06-10T17:33:32+00:00\",\"dateModified\":\"2023-06-10T17:33:32+00:00\",\"breadcrumb\":{\"@id\":\"https:\/\/now-news.de\/de\/deutschland\/kommissarischer-chef-des-gebiets-cherson-ukrainische-streitkraefte-beschiessen-notunterkuenfte\/#breadcrumb\"},\"inLanguage\":\"de\",\"potentialAction\":[{\"@type\":\"ReadAction\",\"target\":[\"https:\/\/now-news.de\/de\/deutschland\/kommissarischer-chef-des-gebiets-cherson-ukrainische-streitkraefte-beschiessen-notunterkuenfte\/\"]}]},{\"@type\":\"ImageObject\",\"inLanguage\":\"de\",\"@id\":\"https:\/\/now-news.de\/de\/deutschland\/kommissarischer-chef-des-gebiets-cherson-ukrainische-streitkraefte-beschiessen-notunterkuenfte\/#primaryimage\",\"url\":\"https:\/\/now-news.de\/de\/wp-content\/uploads\/sites\/3\/2023\/06\/Kommissarischer-Chef-des-Gebiets-Cherson-Ukrainische-Streitkraefte-beschiessen-Notunterkuenfte.jpg\",\"contentUrl\":\"https:\/\/now-news.de\/de\/wp-content\/uploads\/sites\/3\/2023\/06\/Kommissarischer-Chef-des-Gebiets-Cherson-Ukrainische-Streitkraefte-beschiessen-Notunterkuenfte.jpg\",\"width\":460,\"height\":259,\"caption\":\"Kommissarischer Chef des Gebiets Cherson: Ukrainische Streitkr\u00e4fte beschie\u00dfen Notunterk\u00fcnfte\"},{\"@type\":\"BreadcrumbList\",\"@id\":\"https:\/\/now-news.de\/de\/deutschland\/kommissarischer-chef-des-gebiets-cherson-ukrainische-streitkraefte-beschiessen-notunterkuenfte\/#breadcrumb\",\"itemListElement\":[{\"@type\":\"ListItem\",\"position\":1,\"name\":\"Home\",\"item\":\"https:\/\/now-news.de\/de\/\"},{\"@type\":\"ListItem\",\"position\":2,\"name\":\"Kommissarischer Chef des Gebiets Cherson: Ukrainische Streitkr\u00e4fte beschie\u00dfen Notunterk\u00fcnfte\"}]},{\"@type\":\"WebSite\",\"@id\":\"https:\/\/now-news.de\/de\/#website\",\"url\":\"https:\/\/now-news.de\/de\/\",\"name\":\"just-now.NEWS Deutschland\",\"description\":\"Das Portal f\u00fcr unzensierte Nachrichten aus der Welt\",\"publisher\":{\"@id\":\"https:\/\/now-news.de\/de\/#organization\"},\"potentialAction\":[{\"@type\":\"SearchAction\",\"target\":{\"@type\":\"EntryPoint\",\"urlTemplate\":\"https:\/\/now-news.de\/de\/?s={search_term_string}\"},\"query-input\":\"required name=search_term_string\"}],\"inLanguage\":\"de\"},{\"@type\":\"Organization\",\"@id\":\"https:\/\/now-news.de\/de\/#organization\",\"name\":\"Just Now News\",\"url\":\"https:\/\/now-news.de\/de\/\",\"logo\":{\"@type\":\"ImageObject\",\"inLanguage\":\"de\",\"@id\":\"https:\/\/now-news.de\/de\/#\/schema\/logo\/image\/\",\"url\":\"http:\/\/just-now.news\/de\/wp-content\/uploads\/sites\/3\/2022\/04\/logo500x500.jpg\",\"contentUrl\":\"http:\/\/just-now.news\/de\/wp-content\/uploads\/sites\/3\/2022\/04\/logo500x500.jpg\",\"width\":500,\"height\":500,\"caption\":\"Just Now News\"},\"image\":{\"@id\":\"https:\/\/now-news.de\/de\/#\/schema\/logo\/image\/\"},\"sameAs\":[\"https:\/\/www.facebook.com\/wirmachenauf\",\"https:\/\/x.com\/WirMachenAuf_de\"]},{\"@type\":\"Person\",\"@id\":\"https:\/\/now-news.de\/de\/#\/schema\/person\/fb534a4e865501d8b3285208df34a9b5\",\"name\":\"rtnews\",\"image\":{\"@type\":\"ImageObject\",\"inLanguage\":\"de\",\"@id\":\"https:\/\/now-news.de\/de\/#\/schema\/person\/image\/\",\"url\":\"https:\/\/secure.gravatar.com\/avatar\/82aafea7d8127119dd649515f56e2117?s=96&d=mm&r=g\",\"contentUrl\":\"https:\/\/secure.gravatar.com\/avatar\/82aafea7d8127119dd649515f56e2117?s=96&d=mm&r=g\",\"caption\":\"rtnews\"},\"url\":\"https:\/\/now-news.de\/de\/author\/rnews\/\"}]}<\/script>\n<!-- \/ Yoast SEO Premium plugin. -->","yoast_head_json":{"title":"Kommissarischer Chef des Gebiets Cherson: Ukrainische Streitkr\u00e4fte beschie\u00dfen Notunterk\u00fcnfte - just-now.NEWS Deutschland","robots":{"index":"index","follow":"follow","max-snippet":"max-snippet:-1","max-image-preview":"max-image-preview:large","max-video-preview":"max-video-preview:-1"},"canonical":"https:\/\/now-news.de\/de\/deutschland\/kommissarischer-chef-des-gebiets-cherson-ukrainische-streitkraefte-beschiessen-notunterkuenfte\/","og_locale":"de_DE","og_type":"article","og_title":"Kommissarischer Chef des Gebiets Cherson: Ukrainische Streitkr\u00e4fte beschie\u00dfen Notunterk\u00fcnfte","og_description":"Der Leiter des Gebiets Cherson, Wladimir Saldo, hat den ukrainischen Beschuss von Notunterk\u00fcnften mit Storm-Shadow-Raketen gemeldet. Ihm zufolge wurde ein Hotel im Ferienort Schelesny Port zerst\u00f6rt, eine Frau kam ums Leben. Zuvor hatte er \u00fcber zwei Tote beim Beschuss in Golaja Pristan berichtet. Das ukrainische Milit\u00e4r hat am Morgen des 10. Juni Angriffe auf provisorische [&hellip;]","og_url":"https:\/\/now-news.de\/de\/deutschland\/kommissarischer-chef-des-gebiets-cherson-ukrainische-streitkraefte-beschiessen-notunterkuenfte\/","og_site_name":"just-now.NEWS Deutschland","article_publisher":"https:\/\/www.facebook.com\/wirmachenauf","article_published_time":"2023-06-10T17:33:32+00:00","og_image":[{"width":460,"height":259,"url":"https:\/\/now-news.de\/de\/wp-content\/uploads\/sites\/3\/2023\/06\/Kommissarischer-Chef-des-Gebiets-Cherson-Ukrainische-Streitkraefte-beschiessen-Notunterkuenfte.jpg","type":"image\/jpeg"}],"author":"rtnews","twitter_card":"summary_large_image","twitter_creator":"@WirMachenAuf_de","twitter_site":"@WirMachenAuf_de","twitter_misc":{"Verfasst von":"rtnews","Gesch\u00e4tzte Lesezeit":"2\u00a0Minuten"},"schema":{"@context":"https:\/\/schema.org","@graph":[{"@type":"Article","@id":"https:\/\/now-news.de\/de\/deutschland\/kommissarischer-chef-des-gebiets-cherson-ukrainische-streitkraefte-beschiessen-notunterkuenfte\/#article","isPartOf":{"@id":"https:\/\/now-news.de\/de\/deutschland\/kommissarischer-chef-des-gebiets-cherson-ukrainische-streitkraefte-beschiessen-notunterkuenfte\/"},"author":{"name":"rtnews","@id":"https:\/\/now-news.de\/de\/#\/schema\/person\/fb534a4e865501d8b3285208df34a9b5"},"headline":"Kommissarischer Chef des Gebiets Cherson: Ukrainische Streitkr\u00e4fte beschie\u00dfen Notunterk\u00fcnfte","datePublished":"2023-06-10T17:33:32+00:00","dateModified":"2023-06-10T17:33:32+00:00","mainEntityOfPage":{"@id":"https:\/\/now-news.de\/de\/deutschland\/kommissarischer-chef-des-gebiets-cherson-ukrainische-streitkraefte-beschiessen-notunterkuenfte\/"},"wordCount":421,"commentCount":0,"publisher":{"@id":"https:\/\/now-news.de\/de\/#organization"},"image":{"@id":"https:\/\/now-news.de\/de\/deutschland\/kommissarischer-chef-des-gebiets-cherson-ukrainische-streitkraefte-beschiessen-notunterkuenfte\/#primaryimage"},"thumbnailUrl":"https:\/\/now-news.de\/de\/wp-content\/uploads\/sites\/3\/2023\/06\/Kommissarischer-Chef-des-Gebiets-Cherson-Ukrainische-Streitkraefte-beschiessen-Notunterkuenfte.jpg","keywords":["beschie\u00dfen","Chef","Cherson","des","Gebiets","Kommissarischer","Notunterk\u00fcnfte","Streitkr\u00e4fte","Ukrainische"],"articleSection":["Deutschland","Russland"],"inLanguage":"de","potentialAction":[{"@type":"CommentAction","name":"Comment","target":["https:\/\/now-news.de\/de\/deutschland\/kommissarischer-chef-des-gebiets-cherson-ukrainische-streitkraefte-beschiessen-notunterkuenfte\/#respond"]}]},{"@type":"WebPage","@id":"https:\/\/now-news.de\/de\/deutschland\/kommissarischer-chef-des-gebiets-cherson-ukrainische-streitkraefte-beschiessen-notunterkuenfte\/","url":"https:\/\/now-news.de\/de\/deutschland\/kommissarischer-chef-des-gebiets-cherson-ukrainische-streitkraefte-beschiessen-notunterkuenfte\/","name":"Kommissarischer Chef des Gebiets Cherson: Ukrainische Streitkr\u00e4fte beschie\u00dfen Notunterk\u00fcnfte - just-now.NEWS Deutschland","isPartOf":{"@id":"https:\/\/now-news.de\/de\/#website"},"primaryImageOfPage":{"@id":"https:\/\/now-news.de\/de\/deutschland\/kommissarischer-chef-des-gebiets-cherson-ukrainische-streitkraefte-beschiessen-notunterkuenfte\/#primaryimage"},"image":{"@id":"https:\/\/now-news.de\/de\/deutschland\/kommissarischer-chef-des-gebiets-cherson-ukrainische-streitkraefte-beschiessen-notunterkuenfte\/#primaryimage"},"thumbnailUrl":"https:\/\/now-news.de\/de\/wp-content\/uploads\/sites\/3\/2023\/06\/Kommissarischer-Chef-des-Gebiets-Cherson-Ukrainische-Streitkraefte-beschiessen-Notunterkuenfte.jpg","datePublished":"2023-06-10T17:33:32+00:00","dateModified":"2023-06-10T17:33:32+00:00","breadcrumb":{"@id":"https:\/\/now-news.de\/de\/deutschland\/kommissarischer-chef-des-gebiets-cherson-ukrainische-streitkraefte-beschiessen-notunterkuenfte\/#breadcrumb"},"inLanguage":"de","potentialAction":[{"@type":"ReadAction","target":["https:\/\/now-news.de\/de\/deutschland\/kommissarischer-chef-des-gebiets-cherson-ukrainische-streitkraefte-beschiessen-notunterkuenfte\/"]}]},{"@type":"ImageObject","inLanguage":"de","@id":"https:\/\/now-news.de\/de\/deutschland\/kommissarischer-chef-des-gebiets-cherson-ukrainische-streitkraefte-beschiessen-notunterkuenfte\/#primaryimage","url":"https:\/\/now-news.de\/de\/wp-content\/uploads\/sites\/3\/2023\/06\/Kommissarischer-Chef-des-Gebiets-Cherson-Ukrainische-Streitkraefte-beschiessen-Notunterkuenfte.jpg","contentUrl":"https:\/\/now-news.de\/de\/wp-content\/uploads\/sites\/3\/2023\/06\/Kommissarischer-Chef-des-Gebiets-Cherson-Ukrainische-Streitkraefte-beschiessen-Notunterkuenfte.jpg","width":460,"height":259,"caption":"Kommissarischer Chef des Gebiets Cherson: Ukrainische Streitkr\u00e4fte beschie\u00dfen Notunterk\u00fcnfte"},{"@type":"BreadcrumbList","@id":"https:\/\/now-news.de\/de\/deutschland\/kommissarischer-chef-des-gebiets-cherson-ukrainische-streitkraefte-beschiessen-notunterkuenfte\/#breadcrumb","itemListElement":[{"@type":"ListItem","position":1,"name":"Home","item":"https:\/\/now-news.de\/de\/"},{"@type":"ListItem","position":2,"name":"Kommissarischer Chef des Gebiets Cherson: Ukrainische Streitkr\u00e4fte beschie\u00dfen Notunterk\u00fcnfte"}]},{"@type":"WebSite","@id":"https:\/\/now-news.de\/de\/#website","url":"https:\/\/now-news.de\/de\/","name":"just-now.NEWS Deutschland","description":"Das Portal f\u00fcr unzensierte Nachrichten aus der Welt","publisher":{"@id":"https:\/\/now-news.de\/de\/#organization"},"potentialAction":[{"@type":"SearchAction","target":{"@type":"EntryPoint","urlTemplate":"https:\/\/now-news.de\/de\/?s={search_term_string}"},"query-input":"required name=search_term_string"}],"inLanguage":"de"},{"@type":"Organization","@id":"https:\/\/now-news.de\/de\/#organization","name":"Just Now News","url":"https:\/\/now-news.de\/de\/","logo":{"@type":"ImageObject","inLanguage":"de","@id":"https:\/\/now-news.de\/de\/#\/schema\/logo\/image\/","url":"http:\/\/just-now.news\/de\/wp-content\/uploads\/sites\/3\/2022\/04\/logo500x500.jpg","contentUrl":"http:\/\/just-now.news\/de\/wp-content\/uploads\/sites\/3\/2022\/04\/logo500x500.jpg","width":500,"height":500,"caption":"Just Now News"},"image":{"@id":"https:\/\/now-news.de\/de\/#\/schema\/logo\/image\/"},"sameAs":["https:\/\/www.facebook.com\/wirmachenauf","https:\/\/x.com\/WirMachenAuf_de"]},{"@type":"Person","@id":"https:\/\/now-news.de\/de\/#\/schema\/person\/fb534a4e865501d8b3285208df34a9b5","name":"rtnews","image":{"@type":"ImageObject","inLanguage":"de","@id":"https:\/\/now-news.de\/de\/#\/schema\/person\/image\/","url":"https:\/\/secure.gravatar.com\/avatar\/82aafea7d8127119dd649515f56e2117?s=96&d=mm&r=g","contentUrl":"https:\/\/secure.gravatar.com\/avatar\/82aafea7d8127119dd649515f56e2117?s=96&d=mm&r=g","caption":"rtnews"},"url":"https:\/\/now-news.de\/de\/author\/rnews\/"}]}},"_links":{"self":[{"href":"https:\/\/now-news.de\/de\/wp-json\/wp\/v2\/posts\/37905"}],"collection":[{"href":"https:\/\/now-news.de\/de\/wp-json\/wp\/v2\/posts"}],"about":[{"href":"https:\/\/now-news.de\/de\/wp-json\/wp\/v2\/types\/post"}],"author":[{"embeddable":true,"href":"https:\/\/now-news.de\/de\/wp-json\/wp\/v2\/users\/3"}],"replies":[{"embeddable":true,"href":"https:\/\/now-news.de\/de\/wp-json\/wp\/v2\/comments?post=37905"}],"version-history":[{"count":0,"href":"https:\/\/now-news.de\/de\/wp-json\/wp\/v2\/posts\/37905\/revisions"}],"wp:featuredmedia":[{"embeddable":true,"href":"https:\/\/now-news.de\/de\/wp-json\/wp\/v2\/media\/37906"}],"wp:attachment":[{"href":"https:\/\/now-news.de\/de\/wp-json\/wp\/v2\/media?parent=37905"}],"wp:term":[{"taxonomy":"category","embeddable":true,"href":"https:\/\/now-news.de\/de\/wp-json\/wp\/v2\/categories?post=37905"},{"taxonomy":"post_tag","embeddable":true,"href":"https:\/\/now-news.de\/de\/wp-json\/wp\/v2\/tags?post=37905"}],"curies":[{"name":"wp","href":"https:\/\/api.w.org\/{rel}","templated":true}]}}