{"id":37901,"date":"2023-06-10T17:52:12","date_gmt":"2023-06-10T15:52:12","guid":{"rendered":"https:\/\/just-now.news\/de\/china\/ueberparteiliche-gruppe-schlaegt-gesetzesentwurf-zur-gewaehrung-des-vorrangigen-fluechtlingsstatus-fuer-uiguren-vor\/"},"modified":"2023-06-10T17:52:12","modified_gmt":"2023-06-10T15:52:12","slug":"ueberparteiliche-gruppe-schlaegt-gesetzesentwurf-zur-gewaehrung-des-vorrangigen-fluechtlingsstatus-fuer-uiguren-vor","status":"publish","type":"post","link":"https:\/\/now-news.de\/de\/china\/ueberparteiliche-gruppe-schlaegt-gesetzesentwurf-zur-gewaehrung-des-vorrangigen-fluechtlingsstatus-fuer-uiguren-vor\/","title":{"rendered":"\u00dcberparteiliche Gruppe schl\u00e4gt Gesetzesentwurf zur Gew\u00e4hrung des vorrangigen Fl\u00fcchtlingsstatus f\u00fcr Uiguren vor"},"content":{"rendered":"<div>\n<p>US-Gesetzgeber haben einen partei\u00fcbergreifenden Gesetzentwurf vorgeschlagen, um Uiguren und anderen ethnischen Minderheiten, die unter der Verfolgung durch das Regime der Kommunistischen Partei Chinas (KPCh) leiden, den vorrangigen Fl\u00fcchtlingsstatus zu gew\u00e4hren.<\/p>\n<p>Das \u00fcberparteiliche Gesetz zum Schutz der Menschenrechte der Uiguren wurde am 8. Juni von den Abgeordneten Maria Elvira Salazar (R-Fla.), Jennifer Wexton (D-Va.), Gregory Meeks (DN.Y.), Don Beyer (D-Va.) eingebracht. ) und Gerry Connolly (D-Va.).<\/p>\n<p>\u201eDie schrecklichen Gr\u00e4ueltaten, denen Uiguren und andere ethnische Minderheiten durch die chinesische Regierung ausgesetzt sind, stellen einen globalen Menschenrechtsnotstand dar, und die Vereinigten Staaten k\u00f6nnen denen, die vor dieser Verfolgung fliehen, nicht den R\u00fccken kehren\u201c, sagte Wexton.<\/p>\n<p>Laut einer Pressemitteilung wird der Gesetzesvorschlag Uiguren und anderen ethnischen Minderheiten in Xinjiang die \u201ePriorit\u00e4t 2\u201c oder P-2 zuordnen und so ihren Asylantragsprozess in den Vereinigten Staaten beschleunigen.<\/p>\n<p>Die P-2-Bezeichnung wird f\u00fcr Fl\u00fcchtlinge verwendet, die f\u00fcr die Vereinigten Staaten von besonderer humanit\u00e4rer Bedeutung sind und eine sofortige Neuansiedlung und Zugang zum US-Asylverfahren ben\u00f6tigen.<\/p>\n<p>Sie versucht auch, uigurische Fl\u00fcchtlinge zu sch\u00fctzen, die in L\u00e4nder au\u00dferhalb Chinas geflohen sind, indem diplomatischen Bem\u00fchungen in diesen L\u00e4ndern Vorrang einger\u00e4umt wird, die oft starkem Druck seitens der KPCh ausgesetzt sind, Uiguren an China auszuliefern.<\/p>\n<p>In einer Erkl\u00e4rung sagte Meeks, er glaube, dass die Bereitstellung eines erweiterten Fl\u00fcchtlingsschutzes f\u00fcr Uiguren und andere ethnische Minderheiten zeigen werde, dass die Vereinigten Staaten es mit den Menschenrechten ernst meinen.<\/p>\n<p>\u201eDie Vereinigten Staaten k\u00f6nnen Peking nicht einfach f\u00fcr seinen V\u00f6lkermord verurteilen und sich selbst auf die Schulter klopfen\u201c, sagte Meeks.  \u201eWir haben eine moralische und internationale Verantwortung, denjenigen Hilfe und Unterst\u00fctzung anzubieten, die versuchen, den Gr\u00e4ueltaten der Volksrepublik China in Xinjiang zu entkommen.\u201c<\/p>\n<p>Rushan Abbas, Gesch\u00e4ftsf\u00fchrer der Campaign for Uyghurs, sagte, die Zuerkennung des P-2-Fl\u00fcchtlingsstatus sei eine \u201el\u00e4ngst \u00fcberf\u00e4llige Anerkennung\u201c der schrecklichen Bedingungen, denen die Uiguren ausgesetzt sind.<\/p>\n<p>\u201eIch fordere den Kongress nachdr\u00fccklich auf, dieses Gesetz sofort zu verabschieden und der KPCh eine klare Botschaft zu \u00fcbermitteln, dass die Welt ihre eklatanten Menschenrechtsverletzungen nicht tolerieren wird\u201c, sagte Abbas in einer Erkl\u00e4rung.<\/p>\n<p>\u201eDie uigurische Gemeinschaft hat viel zu lange gelitten, und es ist an der Zeit, Ma\u00dfnahmen zu ergreifen, um ihnen den Schutz und die Hilfe zu bieten, die sie so dringend brauchen\u201c, f\u00fcgte sie hinzu.<\/p>\n<figure id=\"attachment_4491272\" style=\"width: 600px\" class=\"wp-caption alignnone\"> Eine Sicherheitsperson beobachtet am 21. M\u00e4rz 2021 von einem Wachturm rund um eine Haftanstalt im Kreis Yarkent im nordwestchinesischen Uigurischen Autonomen Gebiet Xinjiang aus. (AP Photo\/Ng Han Guan, Akte)<\/figure>\n<p>Im Februar wurde eine Delegation von 40 chinesischen Gesandten vom Ausschuss der Vereinten Nationen f\u00fcr wirtschaftliche, soziale und kulturelle Rechte zur Zwangsarbeit in Xinjiang befragt.<\/p>\n<p>W\u00e4hrend der sechsst\u00fcndigen Anh\u00f6rung am 15. Februar befragte das UN-Komitee die chinesische Delegation zur Zwangsarbeit in Xinjiang, zur Ungleichheit beim Zugang zu Bildung sowie zu den kulturellen und sprachlichen Rechten von Minderheiten.<\/p>\n<p>Sie wurden auch zu Berichten \u00fcber die Zerst\u00f6rung von Moscheen und Kl\u00f6stern in Xinjiang und zum Zweck der mit Stacheldraht und \u00dcberwachungskameras bewachten Umerziehungslager befragt.<\/p>\n<p>Die chinesische Delegation wies alle Vorw\u00fcrfe von Menschenrechtsverletzungen zur\u00fcck und erkl\u00e4rte, dass \u201edie Religionsfreiheit in der Autonomen Region Xinjiang gut gesch\u00fctzt sei\u201c, hei\u00dft es in der UN-Abschrift.<\/p>\n<p>Ein anderer chinesischer Delegierter behauptete, dass der Stacheldraht und die \u00dcberwachungskameras in den Umerziehungslagern in Xinjiang aus Sicherheitsgr\u00fcnden errichtet worden seien.<\/p>\n<p>Die Anklage wegen Menschenrechtsverletzungen folgte auf die Ver\u00f6ffentlichung eines UN-Berichts im August 2022, in dem es hie\u00df, das Ausma\u00df und die Brutalit\u00e4t der Inhaftierungen k\u00f6nnten einem Verbrechen gegen die Menschlichkeit gleichkommen.<\/p>\n<p>\u201eDas Ausma\u00df der willk\u00fcrlichen und diskriminierenden Inhaftierung von Mitgliedern der Uiguren und anderer \u00fcberwiegend muslimischer Gruppen \u2026 kann internationale Verbrechen, insbesondere Verbrechen gegen die Menschlichkeit, darstellen\u201c, hei\u00dft es darin.<\/p>\n<\/p><\/div>\n<p><br \/>\n<b> Text ist eine \u00dcbersetzung vom Epoch Times Artikel:<\/p>\n<p><a href=\"https:\/\/www.theepochtimes.com\/bipartisan-group-proposes-bill-to-grant-uyghurs-priority-refugee-status_5325368.html\">Source link <\/a><\/p>\n","protected":false},"excerpt":{"rendered":"<p>US-Gesetzgeber haben einen partei\u00fcbergreifenden Gesetzentwurf vorgeschlagen, um Uiguren und anderen ethnischen Minderheiten, die unter der Verfolgung durch das Regime der Kommunistischen Partei Chinas (KPCh) leiden, den vorrangigen Fl\u00fcchtlingsstatus zu gew\u00e4hren. Das \u00fcberparteiliche Gesetz zum Schutz der Menschenrechte der Uiguren wurde am 8. Juni von den Abgeordneten Maria Elvira Salazar (R-Fla.), Jennifer Wexton (D-Va.), Gregory Meeks [&hellip;]<\/p>\n","protected":false},"author":6,"featured_media":37902,"comment_status":"open","ping_status":"open","sticky":false,"template":"","format":"standard","meta":{"_yoast_indexnow_last_ping":["1686413470"],"wp_automatic_camp":["1164"],"a3a28bec30bf5ca17f905d3cda021ce6":["\u00dcberparteiliche Gruppe schl\u00e4gt Gesetzesentwurf zur Gew\u00e4hrung des vorrangigen Fl\u00fcchtlingsstatus f\u00fcr Uiguren vor\n"],"original_link":["https:\/\/www.theepochtimes.com\/bipartisan-group-proposes-bill-to-grant-uyghurs-priority-refugee-status_5325368.html"],"_thumbnail_id":["37902"],"wp_automatic_remove_first_image":["yes"],"jnews_social_counter_last_update":["1777643614"]},"categories":[21],"tags":[583,45481,221,21823,42654,3907,1468,29604,7234,320,45480,581],"yoast_head":"<!-- This site is optimized with the Yoast SEO Premium plugin v22.7 (Yoast SEO v22.7) - https:\/\/yoast.com\/wordpress\/plugins\/seo\/ -->\n<title>\u00dcberparteiliche Gruppe schl\u00e4gt Gesetzesentwurf zur Gew\u00e4hrung des vorrangigen Fl\u00fcchtlingsstatus f\u00fcr Uiguren vor - just-now.NEWS Deutschland<\/title>\n<meta name=\"robots\" content=\"index, follow, max-snippet:-1, max-image-preview:large, max-video-preview:-1\" \/>\n<link rel=\"canonical\" href=\"https:\/\/now-news.de\/de\/china\/ueberparteiliche-gruppe-schlaegt-gesetzesentwurf-zur-gewaehrung-des-vorrangigen-fluechtlingsstatus-fuer-uiguren-vor\/\" \/>\n<meta property=\"og:locale\" content=\"de_DE\" \/>\n<meta property=\"og:type\" content=\"article\" \/>\n<meta property=\"og:title\" content=\"\u00dcberparteiliche Gruppe schl\u00e4gt Gesetzesentwurf zur Gew\u00e4hrung des vorrangigen Fl\u00fcchtlingsstatus f\u00fcr Uiguren vor\" \/>\n<meta property=\"og:description\" content=\"US-Gesetzgeber haben einen partei\u00fcbergreifenden Gesetzentwurf vorgeschlagen, um Uiguren und anderen ethnischen Minderheiten, die unter der Verfolgung durch das Regime der Kommunistischen Partei Chinas (KPCh) leiden, den vorrangigen Fl\u00fcchtlingsstatus zu gew\u00e4hren. Das \u00fcberparteiliche Gesetz zum Schutz der Menschenrechte der Uiguren wurde am 8. Juni von den Abgeordneten Maria Elvira Salazar (R-Fla.), Jennifer Wexton (D-Va.), Gregory Meeks [&hellip;]\" \/>\n<meta property=\"og:url\" content=\"https:\/\/now-news.de\/de\/china\/ueberparteiliche-gruppe-schlaegt-gesetzesentwurf-zur-gewaehrung-des-vorrangigen-fluechtlingsstatus-fuer-uiguren-vor\/\" \/>\n<meta property=\"og:site_name\" content=\"just-now.NEWS Deutschland\" \/>\n<meta property=\"article:publisher\" content=\"https:\/\/www.facebook.com\/wirmachenauf\" \/>\n<meta property=\"article:published_time\" content=\"2023-06-10T15:52:12+00:00\" \/>\n<meta property=\"og:image\" content=\"https:\/\/now-news.de\/de\/wp-content\/uploads\/sites\/3\/2022\/09\/US-Gesetzgeber-reagieren-auf-den-UN-Bericht-ueber-die-Graeueltaten-der-KPCh.jpg\" \/>\n\t<meta property=\"og:image:width\" content=\"1200\" \/>\n\t<meta property=\"og:image:height\" content=\"800\" \/>\n\t<meta property=\"og:image:type\" content=\"image\/jpeg\" \/>\n<meta name=\"author\" content=\"epoch\" \/>\n<meta name=\"twitter:card\" content=\"summary_large_image\" \/>\n<meta name=\"twitter:creator\" content=\"@WirMachenAuf_de\" \/>\n<meta name=\"twitter:site\" content=\"@WirMachenAuf_de\" \/>\n<meta name=\"twitter:label1\" content=\"Verfasst von\" \/>\n\t<meta name=\"twitter:data1\" content=\"epoch\" \/>\n\t<meta name=\"twitter:label2\" content=\"Gesch\u00e4tzte Lesezeit\" \/>\n\t<meta name=\"twitter:data2\" content=\"3\u00a0Minuten\" \/>\n<script type=\"application\/ld+json\" class=\"yoast-schema-graph\">{\"@context\":\"https:\/\/schema.org\",\"@graph\":[{\"@type\":\"Article\",\"@id\":\"https:\/\/now-news.de\/de\/china\/ueberparteiliche-gruppe-schlaegt-gesetzesentwurf-zur-gewaehrung-des-vorrangigen-fluechtlingsstatus-fuer-uiguren-vor\/#article\",\"isPartOf\":{\"@id\":\"https:\/\/now-news.de\/de\/china\/ueberparteiliche-gruppe-schlaegt-gesetzesentwurf-zur-gewaehrung-des-vorrangigen-fluechtlingsstatus-fuer-uiguren-vor\/\"},\"author\":{\"name\":\"epoch\",\"@id\":\"https:\/\/now-news.de\/de\/#\/schema\/person\/c6dfcd35a72a074487761b9d49aef52f\"},\"headline\":\"\u00dcberparteiliche Gruppe schl\u00e4gt Gesetzesentwurf zur Gew\u00e4hrung des vorrangigen Fl\u00fcchtlingsstatus f\u00fcr Uiguren vor\",\"datePublished\":\"2023-06-10T15:52:12+00:00\",\"dateModified\":\"2023-06-10T15:52:12+00:00\",\"mainEntityOfPage\":{\"@id\":\"https:\/\/now-news.de\/de\/china\/ueberparteiliche-gruppe-schlaegt-gesetzesentwurf-zur-gewaehrung-des-vorrangigen-fluechtlingsstatus-fuer-uiguren-vor\/\"},\"wordCount\":652,\"commentCount\":0,\"publisher\":{\"@id\":\"https:\/\/now-news.de\/de\/#organization\"},\"image\":{\"@id\":\"https:\/\/now-news.de\/de\/china\/ueberparteiliche-gruppe-schlaegt-gesetzesentwurf-zur-gewaehrung-des-vorrangigen-fluechtlingsstatus-fuer-uiguren-vor\/#primaryimage\"},\"thumbnailUrl\":\"https:\/\/now-news.de\/de\/wp-content\/uploads\/sites\/3\/2022\/09\/US-Gesetzgeber-reagieren-auf-den-UN-Bericht-ueber-die-Graeueltaten-der-KPCh.jpg\",\"keywords\":[\"des\",\"Fl\u00fcchtlingsstatus\",\"f\u00fcr\",\"Gesetzesentwurf\",\"Gew\u00e4hrung\",\"Gruppe\",\"schl\u00e4gt\",\"\u00fcberparteiliche\",\"Uiguren\",\"vor\",\"vorrangigen\",\"zur\"],\"articleSection\":[\"China\"],\"inLanguage\":\"de\",\"potentialAction\":[{\"@type\":\"CommentAction\",\"name\":\"Comment\",\"target\":[\"https:\/\/now-news.de\/de\/china\/ueberparteiliche-gruppe-schlaegt-gesetzesentwurf-zur-gewaehrung-des-vorrangigen-fluechtlingsstatus-fuer-uiguren-vor\/#respond\"]}]},{\"@type\":\"WebPage\",\"@id\":\"https:\/\/now-news.de\/de\/china\/ueberparteiliche-gruppe-schlaegt-gesetzesentwurf-zur-gewaehrung-des-vorrangigen-fluechtlingsstatus-fuer-uiguren-vor\/\",\"url\":\"https:\/\/now-news.de\/de\/china\/ueberparteiliche-gruppe-schlaegt-gesetzesentwurf-zur-gewaehrung-des-vorrangigen-fluechtlingsstatus-fuer-uiguren-vor\/\",\"name\":\"\u00dcberparteiliche Gruppe schl\u00e4gt Gesetzesentwurf zur Gew\u00e4hrung des vorrangigen Fl\u00fcchtlingsstatus f\u00fcr Uiguren vor - just-now.NEWS Deutschland\",\"isPartOf\":{\"@id\":\"https:\/\/now-news.de\/de\/#website\"},\"primaryImageOfPage\":{\"@id\":\"https:\/\/now-news.de\/de\/china\/ueberparteiliche-gruppe-schlaegt-gesetzesentwurf-zur-gewaehrung-des-vorrangigen-fluechtlingsstatus-fuer-uiguren-vor\/#primaryimage\"},\"image\":{\"@id\":\"https:\/\/now-news.de\/de\/china\/ueberparteiliche-gruppe-schlaegt-gesetzesentwurf-zur-gewaehrung-des-vorrangigen-fluechtlingsstatus-fuer-uiguren-vor\/#primaryimage\"},\"thumbnailUrl\":\"https:\/\/now-news.de\/de\/wp-content\/uploads\/sites\/3\/2022\/09\/US-Gesetzgeber-reagieren-auf-den-UN-Bericht-ueber-die-Graeueltaten-der-KPCh.jpg\",\"datePublished\":\"2023-06-10T15:52:12+00:00\",\"dateModified\":\"2023-06-10T15:52:12+00:00\",\"breadcrumb\":{\"@id\":\"https:\/\/now-news.de\/de\/china\/ueberparteiliche-gruppe-schlaegt-gesetzesentwurf-zur-gewaehrung-des-vorrangigen-fluechtlingsstatus-fuer-uiguren-vor\/#breadcrumb\"},\"inLanguage\":\"de\",\"potentialAction\":[{\"@type\":\"ReadAction\",\"target\":[\"https:\/\/now-news.de\/de\/china\/ueberparteiliche-gruppe-schlaegt-gesetzesentwurf-zur-gewaehrung-des-vorrangigen-fluechtlingsstatus-fuer-uiguren-vor\/\"]}]},{\"@type\":\"ImageObject\",\"inLanguage\":\"de\",\"@id\":\"https:\/\/now-news.de\/de\/china\/ueberparteiliche-gruppe-schlaegt-gesetzesentwurf-zur-gewaehrung-des-vorrangigen-fluechtlingsstatus-fuer-uiguren-vor\/#primaryimage\",\"url\":\"https:\/\/now-news.de\/de\/wp-content\/uploads\/sites\/3\/2022\/09\/US-Gesetzgeber-reagieren-auf-den-UN-Bericht-ueber-die-Graeueltaten-der-KPCh.jpg\",\"contentUrl\":\"https:\/\/now-news.de\/de\/wp-content\/uploads\/sites\/3\/2022\/09\/US-Gesetzgeber-reagieren-auf-den-UN-Bericht-ueber-die-Graeueltaten-der-KPCh.jpg\",\"width\":1200,\"height\":800,\"caption\":\"A member of the Uyghur American Association rallies in front of the White House, Thursday, Oct. 1, 2020, after marching from Capitol Hill in Washington, in support of the Uyghur Forced Labor Prevention Act which has passed the House and now will go on to the Senate. The bill prohibits some imports from Xinjiang and imposes sanctions for human rights violations. (Jacquelyn Martin\/AP Photo)\"},{\"@type\":\"BreadcrumbList\",\"@id\":\"https:\/\/now-news.de\/de\/china\/ueberparteiliche-gruppe-schlaegt-gesetzesentwurf-zur-gewaehrung-des-vorrangigen-fluechtlingsstatus-fuer-uiguren-vor\/#breadcrumb\",\"itemListElement\":[{\"@type\":\"ListItem\",\"position\":1,\"name\":\"Home\",\"item\":\"https:\/\/now-news.de\/de\/\"},{\"@type\":\"ListItem\",\"position\":2,\"name\":\"\u00dcberparteiliche Gruppe schl\u00e4gt Gesetzesentwurf zur Gew\u00e4hrung des vorrangigen Fl\u00fcchtlingsstatus f\u00fcr Uiguren vor\"}]},{\"@type\":\"WebSite\",\"@id\":\"https:\/\/now-news.de\/de\/#website\",\"url\":\"https:\/\/now-news.de\/de\/\",\"name\":\"just-now.NEWS Deutschland\",\"description\":\"Das Portal f\u00fcr unzensierte Nachrichten aus der Welt\",\"publisher\":{\"@id\":\"https:\/\/now-news.de\/de\/#organization\"},\"potentialAction\":[{\"@type\":\"SearchAction\",\"target\":{\"@type\":\"EntryPoint\",\"urlTemplate\":\"https:\/\/now-news.de\/de\/?s={search_term_string}\"},\"query-input\":\"required name=search_term_string\"}],\"inLanguage\":\"de\"},{\"@type\":\"Organization\",\"@id\":\"https:\/\/now-news.de\/de\/#organization\",\"name\":\"Just Now News\",\"url\":\"https:\/\/now-news.de\/de\/\",\"logo\":{\"@type\":\"ImageObject\",\"inLanguage\":\"de\",\"@id\":\"https:\/\/now-news.de\/de\/#\/schema\/logo\/image\/\",\"url\":\"http:\/\/just-now.news\/de\/wp-content\/uploads\/sites\/3\/2022\/04\/logo500x500.jpg\",\"contentUrl\":\"http:\/\/just-now.news\/de\/wp-content\/uploads\/sites\/3\/2022\/04\/logo500x500.jpg\",\"width\":500,\"height\":500,\"caption\":\"Just Now News\"},\"image\":{\"@id\":\"https:\/\/now-news.de\/de\/#\/schema\/logo\/image\/\"},\"sameAs\":[\"https:\/\/www.facebook.com\/wirmachenauf\",\"https:\/\/x.com\/WirMachenAuf_de\"]},{\"@type\":\"Person\",\"@id\":\"https:\/\/now-news.de\/de\/#\/schema\/person\/c6dfcd35a72a074487761b9d49aef52f\",\"name\":\"epoch\",\"image\":{\"@type\":\"ImageObject\",\"inLanguage\":\"de\",\"@id\":\"https:\/\/now-news.de\/de\/#\/schema\/person\/image\/\",\"url\":\"https:\/\/secure.gravatar.com\/avatar\/56933836307948e61ef581cc4d100335?s=96&d=mm&r=g\",\"contentUrl\":\"https:\/\/secure.gravatar.com\/avatar\/56933836307948e61ef581cc4d100335?s=96&d=mm&r=g\",\"caption\":\"epoch\"},\"url\":\"https:\/\/now-news.de\/de\/author\/epoch\/\"}]}<\/script>\n<!-- \/ Yoast SEO Premium plugin. -->","yoast_head_json":{"title":"\u00dcberparteiliche Gruppe schl\u00e4gt Gesetzesentwurf zur Gew\u00e4hrung des vorrangigen Fl\u00fcchtlingsstatus f\u00fcr Uiguren vor - just-now.NEWS Deutschland","robots":{"index":"index","follow":"follow","max-snippet":"max-snippet:-1","max-image-preview":"max-image-preview:large","max-video-preview":"max-video-preview:-1"},"canonical":"https:\/\/now-news.de\/de\/china\/ueberparteiliche-gruppe-schlaegt-gesetzesentwurf-zur-gewaehrung-des-vorrangigen-fluechtlingsstatus-fuer-uiguren-vor\/","og_locale":"de_DE","og_type":"article","og_title":"\u00dcberparteiliche Gruppe schl\u00e4gt Gesetzesentwurf zur Gew\u00e4hrung des vorrangigen Fl\u00fcchtlingsstatus f\u00fcr Uiguren vor","og_description":"US-Gesetzgeber haben einen partei\u00fcbergreifenden Gesetzentwurf vorgeschlagen, um Uiguren und anderen ethnischen Minderheiten, die unter der Verfolgung durch das Regime der Kommunistischen Partei Chinas (KPCh) leiden, den vorrangigen Fl\u00fcchtlingsstatus zu gew\u00e4hren. Das \u00fcberparteiliche Gesetz zum Schutz der Menschenrechte der Uiguren wurde am 8. Juni von den Abgeordneten Maria Elvira Salazar (R-Fla.), Jennifer Wexton (D-Va.), Gregory Meeks [&hellip;]","og_url":"https:\/\/now-news.de\/de\/china\/ueberparteiliche-gruppe-schlaegt-gesetzesentwurf-zur-gewaehrung-des-vorrangigen-fluechtlingsstatus-fuer-uiguren-vor\/","og_site_name":"just-now.NEWS Deutschland","article_publisher":"https:\/\/www.facebook.com\/wirmachenauf","article_published_time":"2023-06-10T15:52:12+00:00","og_image":[{"width":1200,"height":800,"url":"https:\/\/now-news.de\/de\/wp-content\/uploads\/sites\/3\/2022\/09\/US-Gesetzgeber-reagieren-auf-den-UN-Bericht-ueber-die-Graeueltaten-der-KPCh.jpg","type":"image\/jpeg"}],"author":"epoch","twitter_card":"summary_large_image","twitter_creator":"@WirMachenAuf_de","twitter_site":"@WirMachenAuf_de","twitter_misc":{"Verfasst von":"epoch","Gesch\u00e4tzte Lesezeit":"3\u00a0Minuten"},"schema":{"@context":"https:\/\/schema.org","@graph":[{"@type":"Article","@id":"https:\/\/now-news.de\/de\/china\/ueberparteiliche-gruppe-schlaegt-gesetzesentwurf-zur-gewaehrung-des-vorrangigen-fluechtlingsstatus-fuer-uiguren-vor\/#article","isPartOf":{"@id":"https:\/\/now-news.de\/de\/china\/ueberparteiliche-gruppe-schlaegt-gesetzesentwurf-zur-gewaehrung-des-vorrangigen-fluechtlingsstatus-fuer-uiguren-vor\/"},"author":{"name":"epoch","@id":"https:\/\/now-news.de\/de\/#\/schema\/person\/c6dfcd35a72a074487761b9d49aef52f"},"headline":"\u00dcberparteiliche Gruppe schl\u00e4gt Gesetzesentwurf zur Gew\u00e4hrung des vorrangigen Fl\u00fcchtlingsstatus f\u00fcr Uiguren vor","datePublished":"2023-06-10T15:52:12+00:00","dateModified":"2023-06-10T15:52:12+00:00","mainEntityOfPage":{"@id":"https:\/\/now-news.de\/de\/china\/ueberparteiliche-gruppe-schlaegt-gesetzesentwurf-zur-gewaehrung-des-vorrangigen-fluechtlingsstatus-fuer-uiguren-vor\/"},"wordCount":652,"commentCount":0,"publisher":{"@id":"https:\/\/now-news.de\/de\/#organization"},"image":{"@id":"https:\/\/now-news.de\/de\/china\/ueberparteiliche-gruppe-schlaegt-gesetzesentwurf-zur-gewaehrung-des-vorrangigen-fluechtlingsstatus-fuer-uiguren-vor\/#primaryimage"},"thumbnailUrl":"https:\/\/now-news.de\/de\/wp-content\/uploads\/sites\/3\/2022\/09\/US-Gesetzgeber-reagieren-auf-den-UN-Bericht-ueber-die-Graeueltaten-der-KPCh.jpg","keywords":["des","Fl\u00fcchtlingsstatus","f\u00fcr","Gesetzesentwurf","Gew\u00e4hrung","Gruppe","schl\u00e4gt","\u00fcberparteiliche","Uiguren","vor","vorrangigen","zur"],"articleSection":["China"],"inLanguage":"de","potentialAction":[{"@type":"CommentAction","name":"Comment","target":["https:\/\/now-news.de\/de\/china\/ueberparteiliche-gruppe-schlaegt-gesetzesentwurf-zur-gewaehrung-des-vorrangigen-fluechtlingsstatus-fuer-uiguren-vor\/#respond"]}]},{"@type":"WebPage","@id":"https:\/\/now-news.de\/de\/china\/ueberparteiliche-gruppe-schlaegt-gesetzesentwurf-zur-gewaehrung-des-vorrangigen-fluechtlingsstatus-fuer-uiguren-vor\/","url":"https:\/\/now-news.de\/de\/china\/ueberparteiliche-gruppe-schlaegt-gesetzesentwurf-zur-gewaehrung-des-vorrangigen-fluechtlingsstatus-fuer-uiguren-vor\/","name":"\u00dcberparteiliche Gruppe schl\u00e4gt Gesetzesentwurf zur Gew\u00e4hrung des vorrangigen Fl\u00fcchtlingsstatus f\u00fcr Uiguren vor - just-now.NEWS Deutschland","isPartOf":{"@id":"https:\/\/now-news.de\/de\/#website"},"primaryImageOfPage":{"@id":"https:\/\/now-news.de\/de\/china\/ueberparteiliche-gruppe-schlaegt-gesetzesentwurf-zur-gewaehrung-des-vorrangigen-fluechtlingsstatus-fuer-uiguren-vor\/#primaryimage"},"image":{"@id":"https:\/\/now-news.de\/de\/china\/ueberparteiliche-gruppe-schlaegt-gesetzesentwurf-zur-gewaehrung-des-vorrangigen-fluechtlingsstatus-fuer-uiguren-vor\/#primaryimage"},"thumbnailUrl":"https:\/\/now-news.de\/de\/wp-content\/uploads\/sites\/3\/2022\/09\/US-Gesetzgeber-reagieren-auf-den-UN-Bericht-ueber-die-Graeueltaten-der-KPCh.jpg","datePublished":"2023-06-10T15:52:12+00:00","dateModified":"2023-06-10T15:52:12+00:00","breadcrumb":{"@id":"https:\/\/now-news.de\/de\/china\/ueberparteiliche-gruppe-schlaegt-gesetzesentwurf-zur-gewaehrung-des-vorrangigen-fluechtlingsstatus-fuer-uiguren-vor\/#breadcrumb"},"inLanguage":"de","potentialAction":[{"@type":"ReadAction","target":["https:\/\/now-news.de\/de\/china\/ueberparteiliche-gruppe-schlaegt-gesetzesentwurf-zur-gewaehrung-des-vorrangigen-fluechtlingsstatus-fuer-uiguren-vor\/"]}]},{"@type":"ImageObject","inLanguage":"de","@id":"https:\/\/now-news.de\/de\/china\/ueberparteiliche-gruppe-schlaegt-gesetzesentwurf-zur-gewaehrung-des-vorrangigen-fluechtlingsstatus-fuer-uiguren-vor\/#primaryimage","url":"https:\/\/now-news.de\/de\/wp-content\/uploads\/sites\/3\/2022\/09\/US-Gesetzgeber-reagieren-auf-den-UN-Bericht-ueber-die-Graeueltaten-der-KPCh.jpg","contentUrl":"https:\/\/now-news.de\/de\/wp-content\/uploads\/sites\/3\/2022\/09\/US-Gesetzgeber-reagieren-auf-den-UN-Bericht-ueber-die-Graeueltaten-der-KPCh.jpg","width":1200,"height":800,"caption":"A member of the Uyghur American Association rallies in front of the White House, Thursday, Oct. 1, 2020, after marching from Capitol Hill in Washington, in support of the Uyghur Forced Labor Prevention Act which has passed the House and now will go on to the Senate. The bill prohibits some imports from Xinjiang and imposes sanctions for human rights violations. (Jacquelyn Martin\/AP Photo)"},{"@type":"BreadcrumbList","@id":"https:\/\/now-news.de\/de\/china\/ueberparteiliche-gruppe-schlaegt-gesetzesentwurf-zur-gewaehrung-des-vorrangigen-fluechtlingsstatus-fuer-uiguren-vor\/#breadcrumb","itemListElement":[{"@type":"ListItem","position":1,"name":"Home","item":"https:\/\/now-news.de\/de\/"},{"@type":"ListItem","position":2,"name":"\u00dcberparteiliche Gruppe schl\u00e4gt Gesetzesentwurf zur Gew\u00e4hrung des vorrangigen Fl\u00fcchtlingsstatus f\u00fcr Uiguren vor"}]},{"@type":"WebSite","@id":"https:\/\/now-news.de\/de\/#website","url":"https:\/\/now-news.de\/de\/","name":"just-now.NEWS Deutschland","description":"Das Portal f\u00fcr unzensierte Nachrichten aus der Welt","publisher":{"@id":"https:\/\/now-news.de\/de\/#organization"},"potentialAction":[{"@type":"SearchAction","target":{"@type":"EntryPoint","urlTemplate":"https:\/\/now-news.de\/de\/?s={search_term_string}"},"query-input":"required name=search_term_string"}],"inLanguage":"de"},{"@type":"Organization","@id":"https:\/\/now-news.de\/de\/#organization","name":"Just Now News","url":"https:\/\/now-news.de\/de\/","logo":{"@type":"ImageObject","inLanguage":"de","@id":"https:\/\/now-news.de\/de\/#\/schema\/logo\/image\/","url":"http:\/\/just-now.news\/de\/wp-content\/uploads\/sites\/3\/2022\/04\/logo500x500.jpg","contentUrl":"http:\/\/just-now.news\/de\/wp-content\/uploads\/sites\/3\/2022\/04\/logo500x500.jpg","width":500,"height":500,"caption":"Just Now News"},"image":{"@id":"https:\/\/now-news.de\/de\/#\/schema\/logo\/image\/"},"sameAs":["https:\/\/www.facebook.com\/wirmachenauf","https:\/\/x.com\/WirMachenAuf_de"]},{"@type":"Person","@id":"https:\/\/now-news.de\/de\/#\/schema\/person\/c6dfcd35a72a074487761b9d49aef52f","name":"epoch","image":{"@type":"ImageObject","inLanguage":"de","@id":"https:\/\/now-news.de\/de\/#\/schema\/person\/image\/","url":"https:\/\/secure.gravatar.com\/avatar\/56933836307948e61ef581cc4d100335?s=96&d=mm&r=g","contentUrl":"https:\/\/secure.gravatar.com\/avatar\/56933836307948e61ef581cc4d100335?s=96&d=mm&r=g","caption":"epoch"},"url":"https:\/\/now-news.de\/de\/author\/epoch\/"}]}},"_links":{"self":[{"href":"https:\/\/now-news.de\/de\/wp-json\/wp\/v2\/posts\/37901"}],"collection":[{"href":"https:\/\/now-news.de\/de\/wp-json\/wp\/v2\/posts"}],"about":[{"href":"https:\/\/now-news.de\/de\/wp-json\/wp\/v2\/types\/post"}],"author":[{"embeddable":true,"href":"https:\/\/now-news.de\/de\/wp-json\/wp\/v2\/users\/6"}],"replies":[{"embeddable":true,"href":"https:\/\/now-news.de\/de\/wp-json\/wp\/v2\/comments?post=37901"}],"version-history":[{"count":0,"href":"https:\/\/now-news.de\/de\/wp-json\/wp\/v2\/posts\/37901\/revisions"}],"wp:featuredmedia":[{"embeddable":true,"href":"https:\/\/now-news.de\/de\/wp-json\/wp\/v2\/media\/37902"}],"wp:attachment":[{"href":"https:\/\/now-news.de\/de\/wp-json\/wp\/v2\/media?parent=37901"}],"wp:term":[{"taxonomy":"category","embeddable":true,"href":"https:\/\/now-news.de\/de\/wp-json\/wp\/v2\/categories?post=37901"},{"taxonomy":"post_tag","embeddable":true,"href":"https:\/\/now-news.de\/de\/wp-json\/wp\/v2\/tags?post=37901"}],"curies":[{"name":"wp","href":"https:\/\/api.w.org\/{rel}","templated":true}]}}