{"id":37829,"date":"2023-06-09T14:06:13","date_gmt":"2023-06-09T12:06:13","guid":{"rendered":"https:\/\/just-now.news\/de\/deutschland\/familienministerium-zahl-unbegleiteter-auslaendischer-kinder-mehr-als-verdoppelt\/"},"modified":"2023-06-09T14:06:13","modified_gmt":"2023-06-09T12:06:13","slug":"familienministerium-zahl-unbegleiteter-auslaendischer-kinder-mehr-als-verdoppelt","status":"publish","type":"post","link":"https:\/\/now-news.de\/de\/deutschland\/familienministerium-zahl-unbegleiteter-auslaendischer-kinder-mehr-als-verdoppelt\/","title":{"rendered":"Familienministerium: Zahl unbegleiteter ausl\u00e4ndischer Kinder mehr als verdoppelt"},"content":{"rendered":"<p><img decoding=\"async\" src=\"http:\/\/just-now.news\/de\/wp-content\/uploads\/sites\/3\/2023\/06\/6482d44cb480cc4ed01d446a.jpg\" \/><\/p>\n<div class=\"Text-root Text-type_1 \">\n                Die Zahl ausl\u00e4ndischer Kinder und Jugendlicher, die ohne Eltern oder andere Sorgeberechtigte in Deutschland leben, hat sich im Jahr 2022 im Vergleich zum Vorjahr mehr als verdoppelt. 91 Prozent der unbegleiteten Minderj\u00e4hrigen seien Jungen, nur neun Prozent M\u00e4dchen. Hauptherkunftsl\u00e4nder seien Afghanistan und Syrien.\n            <\/div>\n<p><\/p>\n<div class=\"Text-root Text-type_5 ArticleView-text ViewText-root \">\n<p>In einer Pressemitteilung auf der Webseite des Bundestages wird auf den &#8220;Bericht der Bundesregierung \u00fcber die Situation unbegleiteter ausl\u00e4ndischer Minderj\u00e4hriger in Deutschland&#8221; verwiesen. Einleitend wird dargelegt, dass Ende Oktober 2022 sich 17.657 unbegleitete Minderj\u00e4hrige in der Obhut der Kinder- und Jugendhilfe befanden. Ein Jahr zuvor waren es noch 8.267.<\/p>\n<p>Der 105-seitige <a rel=\"nofollow noopener\" target=\"_blank\" href=\"https:\/\/dserver.bundestag.de\/btd\/20\/071\/2007120.pdf\">Bericht<\/a> informiert in der Rubrik &#8220;Fallzahlen und Eckdaten zur Situation von unbegleiteten ausl\u00e4ndischen Minderj\u00e4hrigen&#8221;, dass der H\u00f6chststand der Zahlen von unbegleiteten Minderj\u00e4hrigen Ende Februar 2016 erreicht wurde. Zu diesem Zeitpunkt waren &#8220;69.004 unbegleitete Minderj\u00e4hrige und junge Vollj\u00e4hrige in der Zust\u00e4ndigkeit der Kinder- und Jugendhilfe, davon waren 60.638 unbegleitete Minderj\u00e4hrige und 8.366 junge Vollj\u00e4hrige.&#8221;<\/p>\n<p>Seit Oktober 2021 w\u00fcrden die Zahlen laut dem Ministeriumsbericht kontinuierlich wieder ansteigen. So sei zwischen September 2021 und Oktober 2022 die Zahl &#8220;der in jugendhilferechtlicher Zust\u00e4ndigkeit befindlichen UMA [unbegleiteten minderj\u00e4hrigen Ausl\u00e4nder] und jungen Vollj\u00e4hrigen um 40 Prozent angestiegen.&#8221; Die neu eingereisten unbegleiteten Minderj\u00e4hrigen seien im Durchschnitt &#8220;auch etwas j\u00fcnger&#8221;. W\u00e4hrend 2018 noch 68 Prozent der vorl\u00e4ufig in Obhut genommenen Jugendlichen \u00fcber 16 Jahre alt waren, waren es 2021 insgesamt 66 Prozent. Zugleich steige der Anteil m\u00e4nnlicher Kinder und Jugendlicher. Dazu hei\u00dft es:<\/p>\n<blockquote>\n<p><em>&#8220;91 Prozent der unbegleiteten Minderj\u00e4hrigen seien Jungen, nur neun Prozent M\u00e4dchen. Als Hauptherkunftl\u00e4nder nennt die Bundesregierung Afghanistan und Syrien.&#8221;<\/em><\/p>\n<\/blockquote>\n<p>Im Jahr 2021 waren die Hauptherkunftsl\u00e4nder Afghanistan, Syrien, Somalia, Guinea, Irak, T\u00fcrkei, Marokko, Iran, Pakistan und Eritrea (&#8220;in dieser Reihenfolge&#8221;).\u00a0Ein Jahr sp\u00e4ter lauteten demgegen\u00fcber nach Angaben der Bundespolizei und der meisten Bundesl\u00e4nder die Hauptherkunftsstaaten Afghanistan, Syrien und die T\u00fcrkei. Im Jahr 2021 wurden 3.249 Asylerstantr\u00e4ge seitens der Kinder und Jugendlichen gestellt, im Jahr darauf 7.277.<\/p>\n<p>Zum Thema: &#8220;H\u00e4ufigkeit der Nennung von Flucht- bzw. Migrationsgr\u00fcnden&#8221; werden folgende ermittelte Aussagen dargelegt (wobei sich die Prozentanteile\u00a0auf die Einsch\u00e4tzung\u00a0&#8220;Oft&#8221; bzw. &#8220;Immer&#8221; beziehen):<\/p>\n<ul>\n<li>Perspektivlosigkeit im Heimatland (41,9 Prozent Oft \u2013 26,9 Prozent Immer)<\/li>\n<li>Krieg bzw. B\u00fcrgerkrieg (62,5\/16,3)<\/li>\n<li>Prek\u00e4re wirtschaftliche Lage (41,3\/14,4)<\/li>\n<li>Formen psychischer Gewalt (traumatische<br \/>Erlebnisse durch Schleuser, Zwang durch Familie, Staat,&#8230;) (45,0\/18,8)<\/li>\n<li>Famili\u00e4re Probleme (19,4\/0,6)<\/li>\n<li>Verfolgung aufgrund ethnischer, nationaler oder<br \/>religi\u00f6ser Zugeh\u00f6rigkeit (34,4\/6,9)<\/li>\n<\/ul>\n<p>Die Quote der Befragung zum Thema: &#8220;Nicht ermittelbar\/keine Angabe&#8221; schwankt bei den einzelnen Rubriken zwischen 13,8 und 25 Prozent.<\/p>\n<p>Kinder und Jugendliche, die ohne Eltern und ohne Begleitung einer anderen sorgeberechtigten Person nach Deutschland k\u00e4men, geh\u00f6rten zu den &#8220;vulnerabelsten und gef\u00e4hrdetsten Personen \u00fcberhaupt&#8221;, so die Feststellung seitens der Bundesregierung. Diese br\u00e4uchten daher auch &#8220;besonderen staatlichen Schutz und Unterst\u00fctzung&#8221;.<\/p>\n<p>Die sozialen Einschr\u00e4nkungen der Corona-Pandemie, &#8220;insbesondere die Lockdowns&#8221; erschwerten laut\u00a0dem Bericht\u00a0die notwendige Integration der jungen Menschen. Als dringendes Problem werde zudem im Zusammenhang mit einem st\u00e4rkeren Zuzug von Gefl\u00fcchteten &#8220;fehlende Unterbringungsm\u00f6glichkeiten und der Mangel an Fachkr\u00e4ften&#8221; genannt. Nach Einsch\u00e4tzung der Bundesl\u00e4nder und Kinder- und Sozialverb\u00e4nde sei speziell &#8220;die psychosoziale und psychotherapeutische Versorgung weiterhin unzureichend&#8221;, so die Bundesregierung.<\/p>\n<p><strong>Mehr zum Thema <\/strong>&#8211;\u00a0<a rel=\"nofollow noopener\" target=\"_blank\" href=\"https:\/\/freeassange.rtde.live\/inland\/172194-personalnot-berliner-kindernotdienst-warnt-vor\/\">Personalnot: Berliner Kindernotdienst warnt vor &#8220;Katastrophe mit Ansage&#8221;<\/a><\/p>\n<\/div>\n<p><br \/>\n<br \/><a href=\"https:\/\/de.rt.com\/inland\/172242-familienministerium-zahl-unbegleiteter-auslaendischer-kinder\/\">Source link <\/a><\/p>\n","protected":false},"excerpt":{"rendered":"<p>Die Zahl ausl\u00e4ndischer Kinder und Jugendlicher, die ohne Eltern oder andere Sorgeberechtigte in Deutschland leben, hat sich im Jahr 2022 im Vergleich zum Vorjahr mehr als verdoppelt. 91 Prozent der unbegleiteten Minderj\u00e4hrigen seien Jungen, nur neun Prozent M\u00e4dchen. Hauptherkunftsl\u00e4nder seien Afghanistan und Syrien. In einer Pressemitteilung auf der Webseite des Bundestages wird auf den &#8220;Bericht [&hellip;]<\/p>\n","protected":false},"author":3,"featured_media":37830,"comment_status":"open","ping_status":"open","sticky":false,"template":"","format":"standard","meta":{"_yoast_indexnow_last_ping":["1686312595"],"wp_automatic_camp":["217"],"7c0fead789df820753633ad9e09ec9b2":["Familienministerium: Zahl unbegleiteter ausl\u00e4ndischer Kinder mehr als verdoppelt"],"original_link":["https:\/\/de.rt.com\/inland\/172242-familienministerium-zahl-unbegleiteter-auslaendischer-kinder\/"],"_thumbnail_id":["37830"],"jnews_social_counter_last_update":["1777260260"]},"categories":[19,23],"tags":[273,11773,45442,3567,2063,45443,21103,16017],"yoast_head":"<!-- This site is optimized with the Yoast SEO Premium plugin v22.7 (Yoast SEO v22.7) - https:\/\/yoast.com\/wordpress\/plugins\/seo\/ -->\n<title>Familienministerium: Zahl unbegleiteter ausl\u00e4ndischer Kinder mehr als verdoppelt - just-now.NEWS Deutschland<\/title>\n<meta name=\"robots\" content=\"index, follow, max-snippet:-1, max-image-preview:large, max-video-preview:-1\" \/>\n<link rel=\"canonical\" href=\"https:\/\/now-news.de\/de\/deutschland\/familienministerium-zahl-unbegleiteter-auslaendischer-kinder-mehr-als-verdoppelt\/\" \/>\n<meta property=\"og:locale\" content=\"de_DE\" \/>\n<meta property=\"og:type\" content=\"article\" \/>\n<meta property=\"og:title\" content=\"Familienministerium: Zahl unbegleiteter ausl\u00e4ndischer Kinder mehr als verdoppelt\" \/>\n<meta property=\"og:description\" content=\"Die Zahl ausl\u00e4ndischer Kinder und Jugendlicher, die ohne Eltern oder andere Sorgeberechtigte in Deutschland leben, hat sich im Jahr 2022 im Vergleich zum Vorjahr mehr als verdoppelt. 91 Prozent der unbegleiteten Minderj\u00e4hrigen seien Jungen, nur neun Prozent M\u00e4dchen. Hauptherkunftsl\u00e4nder seien Afghanistan und Syrien. In einer Pressemitteilung auf der Webseite des Bundestages wird auf den &#8220;Bericht [&hellip;]\" \/>\n<meta property=\"og:url\" content=\"https:\/\/now-news.de\/de\/deutschland\/familienministerium-zahl-unbegleiteter-auslaendischer-kinder-mehr-als-verdoppelt\/\" \/>\n<meta property=\"og:site_name\" content=\"just-now.NEWS Deutschland\" \/>\n<meta property=\"article:publisher\" content=\"https:\/\/www.facebook.com\/wirmachenauf\" \/>\n<meta property=\"article:published_time\" content=\"2023-06-09T12:06:13+00:00\" \/>\n<meta property=\"og:image\" content=\"https:\/\/now-news.de\/de\/wp-content\/uploads\/sites\/3\/2023\/06\/Familienministerium-Zahl-unbegleiteter-auslaendischer-Kinder-mehr-als-verdoppelt.jpg\" \/>\n\t<meta property=\"og:image:width\" content=\"460\" \/>\n\t<meta property=\"og:image:height\" content=\"259\" \/>\n\t<meta property=\"og:image:type\" content=\"image\/jpeg\" \/>\n<meta name=\"author\" content=\"rtnews\" \/>\n<meta name=\"twitter:card\" content=\"summary_large_image\" \/>\n<meta name=\"twitter:creator\" content=\"@WirMachenAuf_de\" \/>\n<meta name=\"twitter:site\" content=\"@WirMachenAuf_de\" \/>\n<meta name=\"twitter:label1\" content=\"Verfasst von\" \/>\n\t<meta name=\"twitter:data1\" content=\"rtnews\" \/>\n\t<meta name=\"twitter:label2\" content=\"Gesch\u00e4tzte Lesezeit\" \/>\n\t<meta name=\"twitter:data2\" content=\"3\u00a0Minuten\" \/>\n<script type=\"application\/ld+json\" class=\"yoast-schema-graph\">{\"@context\":\"https:\/\/schema.org\",\"@graph\":[{\"@type\":\"Article\",\"@id\":\"https:\/\/now-news.de\/de\/deutschland\/familienministerium-zahl-unbegleiteter-auslaendischer-kinder-mehr-als-verdoppelt\/#article\",\"isPartOf\":{\"@id\":\"https:\/\/now-news.de\/de\/deutschland\/familienministerium-zahl-unbegleiteter-auslaendischer-kinder-mehr-als-verdoppelt\/\"},\"author\":{\"name\":\"rtnews\",\"@id\":\"https:\/\/now-news.de\/de\/#\/schema\/person\/fb534a4e865501d8b3285208df34a9b5\"},\"headline\":\"Familienministerium: Zahl unbegleiteter ausl\u00e4ndischer Kinder mehr als verdoppelt\",\"datePublished\":\"2023-06-09T12:06:13+00:00\",\"dateModified\":\"2023-06-09T12:06:13+00:00\",\"mainEntityOfPage\":{\"@id\":\"https:\/\/now-news.de\/de\/deutschland\/familienministerium-zahl-unbegleiteter-auslaendischer-kinder-mehr-als-verdoppelt\/\"},\"wordCount\":535,\"commentCount\":0,\"publisher\":{\"@id\":\"https:\/\/now-news.de\/de\/#organization\"},\"image\":{\"@id\":\"https:\/\/now-news.de\/de\/deutschland\/familienministerium-zahl-unbegleiteter-auslaendischer-kinder-mehr-als-verdoppelt\/#primaryimage\"},\"thumbnailUrl\":\"https:\/\/now-news.de\/de\/wp-content\/uploads\/sites\/3\/2023\/06\/Familienministerium-Zahl-unbegleiteter-auslaendischer-Kinder-mehr-als-verdoppelt.jpg\",\"keywords\":[\"als\",\"ausl\u00e4ndischer\",\"Familienministerium\",\"Kinder\",\"mehr\",\"unbegleiteter\",\"verdoppelt\",\"Zahl\"],\"articleSection\":[\"Deutschland\",\"Russland\"],\"inLanguage\":\"de\",\"potentialAction\":[{\"@type\":\"CommentAction\",\"name\":\"Comment\",\"target\":[\"https:\/\/now-news.de\/de\/deutschland\/familienministerium-zahl-unbegleiteter-auslaendischer-kinder-mehr-als-verdoppelt\/#respond\"]}]},{\"@type\":\"WebPage\",\"@id\":\"https:\/\/now-news.de\/de\/deutschland\/familienministerium-zahl-unbegleiteter-auslaendischer-kinder-mehr-als-verdoppelt\/\",\"url\":\"https:\/\/now-news.de\/de\/deutschland\/familienministerium-zahl-unbegleiteter-auslaendischer-kinder-mehr-als-verdoppelt\/\",\"name\":\"Familienministerium: Zahl unbegleiteter ausl\u00e4ndischer Kinder mehr als verdoppelt - just-now.NEWS Deutschland\",\"isPartOf\":{\"@id\":\"https:\/\/now-news.de\/de\/#website\"},\"primaryImageOfPage\":{\"@id\":\"https:\/\/now-news.de\/de\/deutschland\/familienministerium-zahl-unbegleiteter-auslaendischer-kinder-mehr-als-verdoppelt\/#primaryimage\"},\"image\":{\"@id\":\"https:\/\/now-news.de\/de\/deutschland\/familienministerium-zahl-unbegleiteter-auslaendischer-kinder-mehr-als-verdoppelt\/#primaryimage\"},\"thumbnailUrl\":\"https:\/\/now-news.de\/de\/wp-content\/uploads\/sites\/3\/2023\/06\/Familienministerium-Zahl-unbegleiteter-auslaendischer-Kinder-mehr-als-verdoppelt.jpg\",\"datePublished\":\"2023-06-09T12:06:13+00:00\",\"dateModified\":\"2023-06-09T12:06:13+00:00\",\"breadcrumb\":{\"@id\":\"https:\/\/now-news.de\/de\/deutschland\/familienministerium-zahl-unbegleiteter-auslaendischer-kinder-mehr-als-verdoppelt\/#breadcrumb\"},\"inLanguage\":\"de\",\"potentialAction\":[{\"@type\":\"ReadAction\",\"target\":[\"https:\/\/now-news.de\/de\/deutschland\/familienministerium-zahl-unbegleiteter-auslaendischer-kinder-mehr-als-verdoppelt\/\"]}]},{\"@type\":\"ImageObject\",\"inLanguage\":\"de\",\"@id\":\"https:\/\/now-news.de\/de\/deutschland\/familienministerium-zahl-unbegleiteter-auslaendischer-kinder-mehr-als-verdoppelt\/#primaryimage\",\"url\":\"https:\/\/now-news.de\/de\/wp-content\/uploads\/sites\/3\/2023\/06\/Familienministerium-Zahl-unbegleiteter-auslaendischer-Kinder-mehr-als-verdoppelt.jpg\",\"contentUrl\":\"https:\/\/now-news.de\/de\/wp-content\/uploads\/sites\/3\/2023\/06\/Familienministerium-Zahl-unbegleiteter-auslaendischer-Kinder-mehr-als-verdoppelt.jpg\",\"width\":460,\"height\":259,\"caption\":\"Familienministerium: Zahl unbegleiteter ausl\u00e4ndischer Kinder mehr als verdoppelt\"},{\"@type\":\"BreadcrumbList\",\"@id\":\"https:\/\/now-news.de\/de\/deutschland\/familienministerium-zahl-unbegleiteter-auslaendischer-kinder-mehr-als-verdoppelt\/#breadcrumb\",\"itemListElement\":[{\"@type\":\"ListItem\",\"position\":1,\"name\":\"Home\",\"item\":\"https:\/\/now-news.de\/de\/\"},{\"@type\":\"ListItem\",\"position\":2,\"name\":\"Familienministerium: Zahl unbegleiteter ausl\u00e4ndischer Kinder mehr als verdoppelt\"}]},{\"@type\":\"WebSite\",\"@id\":\"https:\/\/now-news.de\/de\/#website\",\"url\":\"https:\/\/now-news.de\/de\/\",\"name\":\"just-now.NEWS Deutschland\",\"description\":\"Das Portal f\u00fcr unzensierte Nachrichten aus der Welt\",\"publisher\":{\"@id\":\"https:\/\/now-news.de\/de\/#organization\"},\"potentialAction\":[{\"@type\":\"SearchAction\",\"target\":{\"@type\":\"EntryPoint\",\"urlTemplate\":\"https:\/\/now-news.de\/de\/?s={search_term_string}\"},\"query-input\":\"required name=search_term_string\"}],\"inLanguage\":\"de\"},{\"@type\":\"Organization\",\"@id\":\"https:\/\/now-news.de\/de\/#organization\",\"name\":\"Just Now News\",\"url\":\"https:\/\/now-news.de\/de\/\",\"logo\":{\"@type\":\"ImageObject\",\"inLanguage\":\"de\",\"@id\":\"https:\/\/now-news.de\/de\/#\/schema\/logo\/image\/\",\"url\":\"http:\/\/just-now.news\/de\/wp-content\/uploads\/sites\/3\/2022\/04\/logo500x500.jpg\",\"contentUrl\":\"http:\/\/just-now.news\/de\/wp-content\/uploads\/sites\/3\/2022\/04\/logo500x500.jpg\",\"width\":500,\"height\":500,\"caption\":\"Just Now News\"},\"image\":{\"@id\":\"https:\/\/now-news.de\/de\/#\/schema\/logo\/image\/\"},\"sameAs\":[\"https:\/\/www.facebook.com\/wirmachenauf\",\"https:\/\/x.com\/WirMachenAuf_de\"]},{\"@type\":\"Person\",\"@id\":\"https:\/\/now-news.de\/de\/#\/schema\/person\/fb534a4e865501d8b3285208df34a9b5\",\"name\":\"rtnews\",\"image\":{\"@type\":\"ImageObject\",\"inLanguage\":\"de\",\"@id\":\"https:\/\/now-news.de\/de\/#\/schema\/person\/image\/\",\"url\":\"https:\/\/secure.gravatar.com\/avatar\/82aafea7d8127119dd649515f56e2117?s=96&d=mm&r=g\",\"contentUrl\":\"https:\/\/secure.gravatar.com\/avatar\/82aafea7d8127119dd649515f56e2117?s=96&d=mm&r=g\",\"caption\":\"rtnews\"},\"url\":\"https:\/\/now-news.de\/de\/author\/rnews\/\"}]}<\/script>\n<!-- \/ Yoast SEO Premium plugin. -->","yoast_head_json":{"title":"Familienministerium: Zahl unbegleiteter ausl\u00e4ndischer Kinder mehr als verdoppelt - just-now.NEWS Deutschland","robots":{"index":"index","follow":"follow","max-snippet":"max-snippet:-1","max-image-preview":"max-image-preview:large","max-video-preview":"max-video-preview:-1"},"canonical":"https:\/\/now-news.de\/de\/deutschland\/familienministerium-zahl-unbegleiteter-auslaendischer-kinder-mehr-als-verdoppelt\/","og_locale":"de_DE","og_type":"article","og_title":"Familienministerium: Zahl unbegleiteter ausl\u00e4ndischer Kinder mehr als verdoppelt","og_description":"Die Zahl ausl\u00e4ndischer Kinder und Jugendlicher, die ohne Eltern oder andere Sorgeberechtigte in Deutschland leben, hat sich im Jahr 2022 im Vergleich zum Vorjahr mehr als verdoppelt. 91 Prozent der unbegleiteten Minderj\u00e4hrigen seien Jungen, nur neun Prozent M\u00e4dchen. Hauptherkunftsl\u00e4nder seien Afghanistan und Syrien. In einer Pressemitteilung auf der Webseite des Bundestages wird auf den &#8220;Bericht [&hellip;]","og_url":"https:\/\/now-news.de\/de\/deutschland\/familienministerium-zahl-unbegleiteter-auslaendischer-kinder-mehr-als-verdoppelt\/","og_site_name":"just-now.NEWS Deutschland","article_publisher":"https:\/\/www.facebook.com\/wirmachenauf","article_published_time":"2023-06-09T12:06:13+00:00","og_image":[{"width":460,"height":259,"url":"https:\/\/now-news.de\/de\/wp-content\/uploads\/sites\/3\/2023\/06\/Familienministerium-Zahl-unbegleiteter-auslaendischer-Kinder-mehr-als-verdoppelt.jpg","type":"image\/jpeg"}],"author":"rtnews","twitter_card":"summary_large_image","twitter_creator":"@WirMachenAuf_de","twitter_site":"@WirMachenAuf_de","twitter_misc":{"Verfasst von":"rtnews","Gesch\u00e4tzte Lesezeit":"3\u00a0Minuten"},"schema":{"@context":"https:\/\/schema.org","@graph":[{"@type":"Article","@id":"https:\/\/now-news.de\/de\/deutschland\/familienministerium-zahl-unbegleiteter-auslaendischer-kinder-mehr-als-verdoppelt\/#article","isPartOf":{"@id":"https:\/\/now-news.de\/de\/deutschland\/familienministerium-zahl-unbegleiteter-auslaendischer-kinder-mehr-als-verdoppelt\/"},"author":{"name":"rtnews","@id":"https:\/\/now-news.de\/de\/#\/schema\/person\/fb534a4e865501d8b3285208df34a9b5"},"headline":"Familienministerium: Zahl unbegleiteter ausl\u00e4ndischer Kinder mehr als verdoppelt","datePublished":"2023-06-09T12:06:13+00:00","dateModified":"2023-06-09T12:06:13+00:00","mainEntityOfPage":{"@id":"https:\/\/now-news.de\/de\/deutschland\/familienministerium-zahl-unbegleiteter-auslaendischer-kinder-mehr-als-verdoppelt\/"},"wordCount":535,"commentCount":0,"publisher":{"@id":"https:\/\/now-news.de\/de\/#organization"},"image":{"@id":"https:\/\/now-news.de\/de\/deutschland\/familienministerium-zahl-unbegleiteter-auslaendischer-kinder-mehr-als-verdoppelt\/#primaryimage"},"thumbnailUrl":"https:\/\/now-news.de\/de\/wp-content\/uploads\/sites\/3\/2023\/06\/Familienministerium-Zahl-unbegleiteter-auslaendischer-Kinder-mehr-als-verdoppelt.jpg","keywords":["als","ausl\u00e4ndischer","Familienministerium","Kinder","mehr","unbegleiteter","verdoppelt","Zahl"],"articleSection":["Deutschland","Russland"],"inLanguage":"de","potentialAction":[{"@type":"CommentAction","name":"Comment","target":["https:\/\/now-news.de\/de\/deutschland\/familienministerium-zahl-unbegleiteter-auslaendischer-kinder-mehr-als-verdoppelt\/#respond"]}]},{"@type":"WebPage","@id":"https:\/\/now-news.de\/de\/deutschland\/familienministerium-zahl-unbegleiteter-auslaendischer-kinder-mehr-als-verdoppelt\/","url":"https:\/\/now-news.de\/de\/deutschland\/familienministerium-zahl-unbegleiteter-auslaendischer-kinder-mehr-als-verdoppelt\/","name":"Familienministerium: Zahl unbegleiteter ausl\u00e4ndischer Kinder mehr als verdoppelt - just-now.NEWS Deutschland","isPartOf":{"@id":"https:\/\/now-news.de\/de\/#website"},"primaryImageOfPage":{"@id":"https:\/\/now-news.de\/de\/deutschland\/familienministerium-zahl-unbegleiteter-auslaendischer-kinder-mehr-als-verdoppelt\/#primaryimage"},"image":{"@id":"https:\/\/now-news.de\/de\/deutschland\/familienministerium-zahl-unbegleiteter-auslaendischer-kinder-mehr-als-verdoppelt\/#primaryimage"},"thumbnailUrl":"https:\/\/now-news.de\/de\/wp-content\/uploads\/sites\/3\/2023\/06\/Familienministerium-Zahl-unbegleiteter-auslaendischer-Kinder-mehr-als-verdoppelt.jpg","datePublished":"2023-06-09T12:06:13+00:00","dateModified":"2023-06-09T12:06:13+00:00","breadcrumb":{"@id":"https:\/\/now-news.de\/de\/deutschland\/familienministerium-zahl-unbegleiteter-auslaendischer-kinder-mehr-als-verdoppelt\/#breadcrumb"},"inLanguage":"de","potentialAction":[{"@type":"ReadAction","target":["https:\/\/now-news.de\/de\/deutschland\/familienministerium-zahl-unbegleiteter-auslaendischer-kinder-mehr-als-verdoppelt\/"]}]},{"@type":"ImageObject","inLanguage":"de","@id":"https:\/\/now-news.de\/de\/deutschland\/familienministerium-zahl-unbegleiteter-auslaendischer-kinder-mehr-als-verdoppelt\/#primaryimage","url":"https:\/\/now-news.de\/de\/wp-content\/uploads\/sites\/3\/2023\/06\/Familienministerium-Zahl-unbegleiteter-auslaendischer-Kinder-mehr-als-verdoppelt.jpg","contentUrl":"https:\/\/now-news.de\/de\/wp-content\/uploads\/sites\/3\/2023\/06\/Familienministerium-Zahl-unbegleiteter-auslaendischer-Kinder-mehr-als-verdoppelt.jpg","width":460,"height":259,"caption":"Familienministerium: Zahl unbegleiteter ausl\u00e4ndischer Kinder mehr als verdoppelt"},{"@type":"BreadcrumbList","@id":"https:\/\/now-news.de\/de\/deutschland\/familienministerium-zahl-unbegleiteter-auslaendischer-kinder-mehr-als-verdoppelt\/#breadcrumb","itemListElement":[{"@type":"ListItem","position":1,"name":"Home","item":"https:\/\/now-news.de\/de\/"},{"@type":"ListItem","position":2,"name":"Familienministerium: Zahl unbegleiteter ausl\u00e4ndischer Kinder mehr als verdoppelt"}]},{"@type":"WebSite","@id":"https:\/\/now-news.de\/de\/#website","url":"https:\/\/now-news.de\/de\/","name":"just-now.NEWS Deutschland","description":"Das Portal f\u00fcr unzensierte Nachrichten aus der Welt","publisher":{"@id":"https:\/\/now-news.de\/de\/#organization"},"potentialAction":[{"@type":"SearchAction","target":{"@type":"EntryPoint","urlTemplate":"https:\/\/now-news.de\/de\/?s={search_term_string}"},"query-input":"required name=search_term_string"}],"inLanguage":"de"},{"@type":"Organization","@id":"https:\/\/now-news.de\/de\/#organization","name":"Just Now News","url":"https:\/\/now-news.de\/de\/","logo":{"@type":"ImageObject","inLanguage":"de","@id":"https:\/\/now-news.de\/de\/#\/schema\/logo\/image\/","url":"http:\/\/just-now.news\/de\/wp-content\/uploads\/sites\/3\/2022\/04\/logo500x500.jpg","contentUrl":"http:\/\/just-now.news\/de\/wp-content\/uploads\/sites\/3\/2022\/04\/logo500x500.jpg","width":500,"height":500,"caption":"Just Now News"},"image":{"@id":"https:\/\/now-news.de\/de\/#\/schema\/logo\/image\/"},"sameAs":["https:\/\/www.facebook.com\/wirmachenauf","https:\/\/x.com\/WirMachenAuf_de"]},{"@type":"Person","@id":"https:\/\/now-news.de\/de\/#\/schema\/person\/fb534a4e865501d8b3285208df34a9b5","name":"rtnews","image":{"@type":"ImageObject","inLanguage":"de","@id":"https:\/\/now-news.de\/de\/#\/schema\/person\/image\/","url":"https:\/\/secure.gravatar.com\/avatar\/82aafea7d8127119dd649515f56e2117?s=96&d=mm&r=g","contentUrl":"https:\/\/secure.gravatar.com\/avatar\/82aafea7d8127119dd649515f56e2117?s=96&d=mm&r=g","caption":"rtnews"},"url":"https:\/\/now-news.de\/de\/author\/rnews\/"}]}},"_links":{"self":[{"href":"https:\/\/now-news.de\/de\/wp-json\/wp\/v2\/posts\/37829"}],"collection":[{"href":"https:\/\/now-news.de\/de\/wp-json\/wp\/v2\/posts"}],"about":[{"href":"https:\/\/now-news.de\/de\/wp-json\/wp\/v2\/types\/post"}],"author":[{"embeddable":true,"href":"https:\/\/now-news.de\/de\/wp-json\/wp\/v2\/users\/3"}],"replies":[{"embeddable":true,"href":"https:\/\/now-news.de\/de\/wp-json\/wp\/v2\/comments?post=37829"}],"version-history":[{"count":0,"href":"https:\/\/now-news.de\/de\/wp-json\/wp\/v2\/posts\/37829\/revisions"}],"wp:featuredmedia":[{"embeddable":true,"href":"https:\/\/now-news.de\/de\/wp-json\/wp\/v2\/media\/37830"}],"wp:attachment":[{"href":"https:\/\/now-news.de\/de\/wp-json\/wp\/v2\/media?parent=37829"}],"wp:term":[{"taxonomy":"category","embeddable":true,"href":"https:\/\/now-news.de\/de\/wp-json\/wp\/v2\/categories?post=37829"},{"taxonomy":"post_tag","embeddable":true,"href":"https:\/\/now-news.de\/de\/wp-json\/wp\/v2\/tags?post=37829"}],"curies":[{"name":"wp","href":"https:\/\/api.w.org\/{rel}","templated":true}]}}