{"id":37827,"date":"2023-06-09T13:43:23","date_gmt":"2023-06-09T11:43:23","guid":{"rendered":"https:\/\/just-now.news\/de\/deutschland\/geheimdokumente-donald-trump-offiziell-angeklagt-und-vorgeladen\/"},"modified":"2023-06-09T13:43:23","modified_gmt":"2023-06-09T11:43:23","slug":"geheimdokumente-donald-trump-offiziell-angeklagt-und-vorgeladen","status":"publish","type":"post","link":"https:\/\/now-news.de\/de\/deutschland\/geheimdokumente-donald-trump-offiziell-angeklagt-und-vorgeladen\/","title":{"rendered":"Geheimdokumente: Donald Trump offiziell angeklagt und vorgeladen"},"content":{"rendered":"<p><img decoding=\"async\" src=\"http:\/\/just-now.news\/de\/wp-content\/uploads\/sites\/3\/2023\/06\/6482c18848fbef7fac03309c.jpg\" \/><\/p>\n<div class=\"Text-root Text-type_1 \">\n                Trump wird in der Untersuchung \u00fcber geheime Dokumente angeklagt, die bei Hausdurchsuchungen auf einem seiner Grundst\u00fccke gefunden wurden. Die Anklagepunkte lauten Verschw\u00f6rung zur Behinderung der Ermittlungen, vors\u00e4tzliche Zur\u00fcckhaltung von Dokumenten und Falschaussagen. Trump will sich am Dienstag den Beh\u00f6rden stellen.\n            <\/div>\n<p><\/p>\n<div class=\"Text-root Text-type_5 ArticleView-text ViewText-root \">\n<p>Donald Trump stellt mit der j\u00fcngsten Anklage den alleinigen Rekord, sich nun zum zweiten Mal als ehemaliger US-Pr\u00e4sident vor einem US-Gericht vorgeladen zu sehen. Im aktuellen Fall ist es die erste Anklage gegen einen Ex-Pr\u00e4sidenten auf US-Bundesebene. In einem ersten Zivilprozess wurde Trump Anfang Mai wegen des Vorwurfs sexueller N\u00f6tigung zu f\u00fcnf Millionen US-Dollar Schadensersatz verurteilt. Nun lautet die Anklage unrechtm\u00e4\u00dfiger Besitz von Geheimdokumenten.<\/p>\n<p>Der Vorwurf der US-Justiz lautet, dass Trump geheime Dokumente, die er bei seinem Ausscheiden aus dem Amt privat aufbewahrt hatte, falsch gehandhabt und die Bem\u00fchungen der Regierung, sie zur\u00fcckzufordern, behindert habe. Die Anklagen gegen ihn umfassen &#8220;die vors\u00e4tzliche Aufbewahrung von Geheimnissen der nationalen Verteidigung unter Verletzung des Spionagegesetzes, die Abgabe falscher Erkl\u00e4rungen und eine Verschw\u00f6rung zur Behinderung der Justiz&#8221;, so zwei mit der Angelegenheit vertraute Personen gegen\u00fcber der <em>New York Times<\/em> (Beschr\u00e4nkungen).<\/p>\n<p>US-Medien stellen nun die Frage, ob der wahrscheinlichste republikanische Konkurrent gegen den amtierenden US-Pr\u00e4sidenten Joe Biden, bei den anstehenden US-Wahlen im Jahr 2024, aufgrund der Anklageerhebung noch als Pr\u00e4sident kandidieren kann? Trump muss nun am kommenden Dienstag um 15:00 Uhr vor einem Bundesgericht in Miami erscheinen und best\u00e4tigte die Terminteilnahme.<\/p>\n<p>Er kommentierte die Anklage f\u00fcr seine Millionen Follower auf seiner eigenen Social-Media-Plattform\u00a0<a rel=\"nofollow noopener\" target=\"_blank\" href=\"https:\/\/truthsocial.com\/@realDonaldTrump\"><em>Truth Social<\/em><\/a>\u00a0mit zu erwartender Sch\u00e4rfe in der Formulierung:<\/p>\n<blockquote>\n<p><em>&#8220;Die korrupte Biden-Administration hat meine Anw\u00e4lte dar\u00fcber informiert, dass gegen mich Anklage erhoben wurde, anscheinend wegen des Kisten-Schwindels, obwohl Joe Biden 1850 Kisten in der Universit\u00e4t von Delaware zu stehen hat, weitere Kisten in Chinatown, D.C., und noch mehr Kisten an der Universit\u00e4t von Pennsylvania, und Dokumente, die \u00fcber den Boden seiner Garage verstreut sind, wo er seine Corvette parkt, die nur durch ein hauchd\u00fcnnes Garagentor &#8220;gesichert&#8221; ist und die meiste Zeit offen steht.&#8221;<\/em><\/p>\n<\/blockquote>\n<p>Trump schrieb weiter: &#8220;Ich bin ein unschuldiger Mann&#8221;, um abschlie\u00dfend festzustellen:<\/p>\n<blockquote>\n<p><em>&#8220;Dies ist in der Tat ein DUNKLER TAG f\u00fcr die Vereinigten Staaten von Amerika. Wir sind ein Land, das sich in einem ernsthaften und schnellen Niedergang befindet, aber gemeinsam werden wir Amerika wieder gro\u00df machen!&#8221;<\/em><\/p>\n<\/blockquote>\n<p>Er h\u00e4tte es nie f\u00fcr m\u00f6glich gehalten, dass so etwas einem ehemaligen Pr\u00e4sidenten der Vereinigten Staaten passieren k\u00f6nnte. Diese Feststellung wiederholte er auch in einer aktuellen Video-Botschaft:<\/p>\n<div class=\"EmbedBlock-root EmbedBlock-twitter\">\n<div class=\"TwitterEmbed\">\n<blockquote class=\"twitter-tweet lazyload\" data-twitter=\"twitter-tweet\">\n<p lang=\"en\" dir=\"ltr\">\ud83d\udea8<a rel=\"nofollow noopener\" target=\"_blank\" href=\"https:\/\/twitter.com\/hashtag\/BREAKING?src=hash&amp;ref_src=twsrc%5Etfw\">#BREAKING<\/a>: Former president Donald Trump has just released a video responding to being indicted <a rel=\"nofollow noopener\" target=\"_blank\" href=\"https:\/\/t.co\/XaU0DNka7F\">pic.twitter.com\/XaU0DNka7F<\/a><\/p>\n<p>\u2014 R A W S A L E R T S (@rawsalerts) <a rel=\"nofollow noopener\" target=\"_blank\" href=\"https:\/\/twitter.com\/rawsalerts\/status\/1666965995985010691?ref_src=twsrc%5Etfw\">June 9, 2023<\/a><\/p><\/blockquote>\n<\/div>\n<\/div>\n<p>Die Ermittlungen gegen ihn stellten eine weitere Falschmeldung dar, wie auch schon zuvor der Versuch, ihn \u00fcber die sogenannte Russia Gate-Aff\u00e4re zu diskreditieren, so Trump kommentierend.<\/p>\n<p>Zu den nun erhobenen Anklagepunkten kam es, nachdem die langwierigen Bem\u00fchungen des US-Nationalarchivs im Jahr 2021, Trump zur Herausgabe des von ihm mitgenommenen Materials zu \u00fcberzeugen, gescheitert waren. Die Dokumente gelten nach dem &#8220;Presidential Records Act&#8221; als Regierungseigentum. Trump \u00fcbergab dann im Januar 2022 15 Kisten mit Regierungsunterlagen. Es stellte sich heraus, dass die Kisten hochsensibles Material mit Verschlusssachenmarkierungen enthielten, was eine Untersuchung des Justizministeriums zur Folge hatte. Diese gipfelte in der Hausdurchsuchung in Mar-a-Lago, Florida, wo weitere Unterlagen vorgefunden und gesichert wurden.<\/p>\n<p>Eine offizielle Stellungnahme der US-Justizbeh\u00f6rde liegt laut US-Medien noch nicht vor. Die bei dem amtierenden Pr\u00e4sidenten Joe Biden vorgefundenen Unterlagen in Privatbesitz werden juristisch anders bewertet, da sich Biden vermeintlich von Beginn an kooperativer an der Aufkl\u00e4rung beteiligt h\u00e4tte.<\/p>\n<p><strong>Mehr zum Thema <\/strong>&#8211;\u00a0<a rel=\"nofollow noopener\" target=\"_blank\" href=\"https:\/\/freeassange.rtde.live\/nordamerika\/159995-fungierte-joe-bidens-privatanwesen-als-briefkastenfirma\/\">Verwicklung von Hunter Biden: Fungierte Joe Bidens Privatanwesen als Briefkastenfirma?<\/a><\/p>\n<\/div>\n<p><script async src=\"https:\/\/platform.twitter.com\/widgets.js\" charset=\"utf-8\"><\/script><br \/>\n<br \/><br \/>\n<br \/><a href=\"https:\/\/de.rt.com\/international\/172232-geheimdokumente-donald-trump-offiziell-angeklagt\/\">Source link <\/a><\/p>\n","protected":false},"excerpt":{"rendered":"<p>Trump wird in der Untersuchung \u00fcber geheime Dokumente angeklagt, die bei Hausdurchsuchungen auf einem seiner Grundst\u00fccke gefunden wurden. Die Anklagepunkte lauten Verschw\u00f6rung zur Behinderung der Ermittlungen, vors\u00e4tzliche Zur\u00fcckhaltung von Dokumenten und Falschaussagen. Trump will sich am Dienstag den Beh\u00f6rden stellen. Donald Trump stellt mit der j\u00fcngsten Anklage den alleinigen Rekord, sich nun zum zweiten Mal [&hellip;]<\/p>\n","protected":false},"author":3,"featured_media":37828,"comment_status":"open","ping_status":"open","sticky":false,"template":"","format":"standard","meta":{"_yoast_indexnow_last_ping":["1686311636"],"wp_automatic_camp":["217"],"7855e765766c11ee3b0400abe4ad71d1":["Geheimdokumente: Donald Trump offiziell angeklagt und vorgeladen"],"original_link":["https:\/\/de.rt.com\/international\/172232-geheimdokumente-donald-trump-offiziell-angeklagt\/"],"_thumbnail_id":["37828"],"jnews_social_counter_last_update":["1777218386"]},"categories":[19,23],"tags":[8172,3129,39450,2390,1639,140,27662],"yoast_head":"<!-- This site is optimized with the Yoast SEO Premium plugin v22.7 (Yoast SEO v22.7) - https:\/\/yoast.com\/wordpress\/plugins\/seo\/ -->\n<title>Geheimdokumente: Donald Trump offiziell angeklagt und vorgeladen - just-now.NEWS Deutschland<\/title>\n<meta name=\"robots\" content=\"index, follow, max-snippet:-1, max-image-preview:large, max-video-preview:-1\" \/>\n<link rel=\"canonical\" href=\"https:\/\/now-news.de\/de\/deutschland\/geheimdokumente-donald-trump-offiziell-angeklagt-und-vorgeladen\/\" \/>\n<meta property=\"og:locale\" content=\"de_DE\" \/>\n<meta property=\"og:type\" content=\"article\" \/>\n<meta property=\"og:title\" content=\"Geheimdokumente: Donald Trump offiziell angeklagt und vorgeladen\" \/>\n<meta property=\"og:description\" content=\"Trump wird in der Untersuchung \u00fcber geheime Dokumente angeklagt, die bei Hausdurchsuchungen auf einem seiner Grundst\u00fccke gefunden wurden. Die Anklagepunkte lauten Verschw\u00f6rung zur Behinderung der Ermittlungen, vors\u00e4tzliche Zur\u00fcckhaltung von Dokumenten und Falschaussagen. Trump will sich am Dienstag den Beh\u00f6rden stellen. Donald Trump stellt mit der j\u00fcngsten Anklage den alleinigen Rekord, sich nun zum zweiten Mal [&hellip;]\" \/>\n<meta property=\"og:url\" content=\"https:\/\/now-news.de\/de\/deutschland\/geheimdokumente-donald-trump-offiziell-angeklagt-und-vorgeladen\/\" \/>\n<meta property=\"og:site_name\" content=\"just-now.NEWS Deutschland\" \/>\n<meta property=\"article:publisher\" content=\"https:\/\/www.facebook.com\/wirmachenauf\" \/>\n<meta property=\"article:published_time\" content=\"2023-06-09T11:43:23+00:00\" \/>\n<meta property=\"og:image\" content=\"https:\/\/now-news.de\/de\/wp-content\/uploads\/sites\/3\/2023\/06\/Geheimdokumente-Donald-Trump-offiziell-angeklagt-und-vorgeladen.jpg\" \/>\n\t<meta property=\"og:image:width\" content=\"460\" \/>\n\t<meta property=\"og:image:height\" content=\"259\" \/>\n\t<meta property=\"og:image:type\" content=\"image\/jpeg\" \/>\n<meta name=\"author\" content=\"rtnews\" \/>\n<meta name=\"twitter:card\" content=\"summary_large_image\" \/>\n<meta name=\"twitter:creator\" content=\"@WirMachenAuf_de\" \/>\n<meta name=\"twitter:site\" content=\"@WirMachenAuf_de\" \/>\n<meta name=\"twitter:label1\" content=\"Verfasst von\" \/>\n\t<meta name=\"twitter:data1\" content=\"rtnews\" \/>\n\t<meta name=\"twitter:label2\" content=\"Gesch\u00e4tzte Lesezeit\" \/>\n\t<meta name=\"twitter:data2\" content=\"3\u00a0Minuten\" \/>\n<script type=\"application\/ld+json\" class=\"yoast-schema-graph\">{\"@context\":\"https:\/\/schema.org\",\"@graph\":[{\"@type\":\"Article\",\"@id\":\"https:\/\/now-news.de\/de\/deutschland\/geheimdokumente-donald-trump-offiziell-angeklagt-und-vorgeladen\/#article\",\"isPartOf\":{\"@id\":\"https:\/\/now-news.de\/de\/deutschland\/geheimdokumente-donald-trump-offiziell-angeklagt-und-vorgeladen\/\"},\"author\":{\"name\":\"rtnews\",\"@id\":\"https:\/\/now-news.de\/de\/#\/schema\/person\/fb534a4e865501d8b3285208df34a9b5\"},\"headline\":\"Geheimdokumente: Donald Trump offiziell angeklagt und vorgeladen\",\"datePublished\":\"2023-06-09T11:43:23+00:00\",\"dateModified\":\"2023-06-09T11:43:23+00:00\",\"mainEntityOfPage\":{\"@id\":\"https:\/\/now-news.de\/de\/deutschland\/geheimdokumente-donald-trump-offiziell-angeklagt-und-vorgeladen\/\"},\"wordCount\":634,\"commentCount\":0,\"publisher\":{\"@id\":\"https:\/\/now-news.de\/de\/#organization\"},\"image\":{\"@id\":\"https:\/\/now-news.de\/de\/deutschland\/geheimdokumente-donald-trump-offiziell-angeklagt-und-vorgeladen\/#primaryimage\"},\"thumbnailUrl\":\"https:\/\/now-news.de\/de\/wp-content\/uploads\/sites\/3\/2023\/06\/Geheimdokumente-Donald-Trump-offiziell-angeklagt-und-vorgeladen.jpg\",\"keywords\":[\"angeklagt\",\"Donald\",\"Geheimdokumente\",\"Offiziell\",\"trump\",\"und\",\"vorgeladen\"],\"articleSection\":[\"Deutschland\",\"Russland\"],\"inLanguage\":\"de\",\"potentialAction\":[{\"@type\":\"CommentAction\",\"name\":\"Comment\",\"target\":[\"https:\/\/now-news.de\/de\/deutschland\/geheimdokumente-donald-trump-offiziell-angeklagt-und-vorgeladen\/#respond\"]}]},{\"@type\":\"WebPage\",\"@id\":\"https:\/\/now-news.de\/de\/deutschland\/geheimdokumente-donald-trump-offiziell-angeklagt-und-vorgeladen\/\",\"url\":\"https:\/\/now-news.de\/de\/deutschland\/geheimdokumente-donald-trump-offiziell-angeklagt-und-vorgeladen\/\",\"name\":\"Geheimdokumente: Donald Trump offiziell angeklagt und vorgeladen - just-now.NEWS Deutschland\",\"isPartOf\":{\"@id\":\"https:\/\/now-news.de\/de\/#website\"},\"primaryImageOfPage\":{\"@id\":\"https:\/\/now-news.de\/de\/deutschland\/geheimdokumente-donald-trump-offiziell-angeklagt-und-vorgeladen\/#primaryimage\"},\"image\":{\"@id\":\"https:\/\/now-news.de\/de\/deutschland\/geheimdokumente-donald-trump-offiziell-angeklagt-und-vorgeladen\/#primaryimage\"},\"thumbnailUrl\":\"https:\/\/now-news.de\/de\/wp-content\/uploads\/sites\/3\/2023\/06\/Geheimdokumente-Donald-Trump-offiziell-angeklagt-und-vorgeladen.jpg\",\"datePublished\":\"2023-06-09T11:43:23+00:00\",\"dateModified\":\"2023-06-09T11:43:23+00:00\",\"breadcrumb\":{\"@id\":\"https:\/\/now-news.de\/de\/deutschland\/geheimdokumente-donald-trump-offiziell-angeklagt-und-vorgeladen\/#breadcrumb\"},\"inLanguage\":\"de\",\"potentialAction\":[{\"@type\":\"ReadAction\",\"target\":[\"https:\/\/now-news.de\/de\/deutschland\/geheimdokumente-donald-trump-offiziell-angeklagt-und-vorgeladen\/\"]}]},{\"@type\":\"ImageObject\",\"inLanguage\":\"de\",\"@id\":\"https:\/\/now-news.de\/de\/deutschland\/geheimdokumente-donald-trump-offiziell-angeklagt-und-vorgeladen\/#primaryimage\",\"url\":\"https:\/\/now-news.de\/de\/wp-content\/uploads\/sites\/3\/2023\/06\/Geheimdokumente-Donald-Trump-offiziell-angeklagt-und-vorgeladen.jpg\",\"contentUrl\":\"https:\/\/now-news.de\/de\/wp-content\/uploads\/sites\/3\/2023\/06\/Geheimdokumente-Donald-Trump-offiziell-angeklagt-und-vorgeladen.jpg\",\"width\":460,\"height\":259,\"caption\":\"Geheimdokumente: Donald Trump offiziell angeklagt und vorgeladen\"},{\"@type\":\"BreadcrumbList\",\"@id\":\"https:\/\/now-news.de\/de\/deutschland\/geheimdokumente-donald-trump-offiziell-angeklagt-und-vorgeladen\/#breadcrumb\",\"itemListElement\":[{\"@type\":\"ListItem\",\"position\":1,\"name\":\"Home\",\"item\":\"https:\/\/now-news.de\/de\/\"},{\"@type\":\"ListItem\",\"position\":2,\"name\":\"Geheimdokumente: Donald Trump offiziell angeklagt und vorgeladen\"}]},{\"@type\":\"WebSite\",\"@id\":\"https:\/\/now-news.de\/de\/#website\",\"url\":\"https:\/\/now-news.de\/de\/\",\"name\":\"just-now.NEWS Deutschland\",\"description\":\"Das Portal f\u00fcr unzensierte Nachrichten aus der Welt\",\"publisher\":{\"@id\":\"https:\/\/now-news.de\/de\/#organization\"},\"potentialAction\":[{\"@type\":\"SearchAction\",\"target\":{\"@type\":\"EntryPoint\",\"urlTemplate\":\"https:\/\/now-news.de\/de\/?s={search_term_string}\"},\"query-input\":\"required name=search_term_string\"}],\"inLanguage\":\"de\"},{\"@type\":\"Organization\",\"@id\":\"https:\/\/now-news.de\/de\/#organization\",\"name\":\"Just Now News\",\"url\":\"https:\/\/now-news.de\/de\/\",\"logo\":{\"@type\":\"ImageObject\",\"inLanguage\":\"de\",\"@id\":\"https:\/\/now-news.de\/de\/#\/schema\/logo\/image\/\",\"url\":\"http:\/\/just-now.news\/de\/wp-content\/uploads\/sites\/3\/2022\/04\/logo500x500.jpg\",\"contentUrl\":\"http:\/\/just-now.news\/de\/wp-content\/uploads\/sites\/3\/2022\/04\/logo500x500.jpg\",\"width\":500,\"height\":500,\"caption\":\"Just Now News\"},\"image\":{\"@id\":\"https:\/\/now-news.de\/de\/#\/schema\/logo\/image\/\"},\"sameAs\":[\"https:\/\/www.facebook.com\/wirmachenauf\",\"https:\/\/x.com\/WirMachenAuf_de\"]},{\"@type\":\"Person\",\"@id\":\"https:\/\/now-news.de\/de\/#\/schema\/person\/fb534a4e865501d8b3285208df34a9b5\",\"name\":\"rtnews\",\"image\":{\"@type\":\"ImageObject\",\"inLanguage\":\"de\",\"@id\":\"https:\/\/now-news.de\/de\/#\/schema\/person\/image\/\",\"url\":\"https:\/\/secure.gravatar.com\/avatar\/82aafea7d8127119dd649515f56e2117?s=96&d=mm&r=g\",\"contentUrl\":\"https:\/\/secure.gravatar.com\/avatar\/82aafea7d8127119dd649515f56e2117?s=96&d=mm&r=g\",\"caption\":\"rtnews\"},\"url\":\"https:\/\/now-news.de\/de\/author\/rnews\/\"}]}<\/script>\n<!-- \/ Yoast SEO Premium plugin. -->","yoast_head_json":{"title":"Geheimdokumente: Donald Trump offiziell angeklagt und vorgeladen - just-now.NEWS Deutschland","robots":{"index":"index","follow":"follow","max-snippet":"max-snippet:-1","max-image-preview":"max-image-preview:large","max-video-preview":"max-video-preview:-1"},"canonical":"https:\/\/now-news.de\/de\/deutschland\/geheimdokumente-donald-trump-offiziell-angeklagt-und-vorgeladen\/","og_locale":"de_DE","og_type":"article","og_title":"Geheimdokumente: Donald Trump offiziell angeklagt und vorgeladen","og_description":"Trump wird in der Untersuchung \u00fcber geheime Dokumente angeklagt, die bei Hausdurchsuchungen auf einem seiner Grundst\u00fccke gefunden wurden. Die Anklagepunkte lauten Verschw\u00f6rung zur Behinderung der Ermittlungen, vors\u00e4tzliche Zur\u00fcckhaltung von Dokumenten und Falschaussagen. Trump will sich am Dienstag den Beh\u00f6rden stellen. Donald Trump stellt mit der j\u00fcngsten Anklage den alleinigen Rekord, sich nun zum zweiten Mal [&hellip;]","og_url":"https:\/\/now-news.de\/de\/deutschland\/geheimdokumente-donald-trump-offiziell-angeklagt-und-vorgeladen\/","og_site_name":"just-now.NEWS Deutschland","article_publisher":"https:\/\/www.facebook.com\/wirmachenauf","article_published_time":"2023-06-09T11:43:23+00:00","og_image":[{"width":460,"height":259,"url":"https:\/\/now-news.de\/de\/wp-content\/uploads\/sites\/3\/2023\/06\/Geheimdokumente-Donald-Trump-offiziell-angeklagt-und-vorgeladen.jpg","type":"image\/jpeg"}],"author":"rtnews","twitter_card":"summary_large_image","twitter_creator":"@WirMachenAuf_de","twitter_site":"@WirMachenAuf_de","twitter_misc":{"Verfasst von":"rtnews","Gesch\u00e4tzte Lesezeit":"3\u00a0Minuten"},"schema":{"@context":"https:\/\/schema.org","@graph":[{"@type":"Article","@id":"https:\/\/now-news.de\/de\/deutschland\/geheimdokumente-donald-trump-offiziell-angeklagt-und-vorgeladen\/#article","isPartOf":{"@id":"https:\/\/now-news.de\/de\/deutschland\/geheimdokumente-donald-trump-offiziell-angeklagt-und-vorgeladen\/"},"author":{"name":"rtnews","@id":"https:\/\/now-news.de\/de\/#\/schema\/person\/fb534a4e865501d8b3285208df34a9b5"},"headline":"Geheimdokumente: Donald Trump offiziell angeklagt und vorgeladen","datePublished":"2023-06-09T11:43:23+00:00","dateModified":"2023-06-09T11:43:23+00:00","mainEntityOfPage":{"@id":"https:\/\/now-news.de\/de\/deutschland\/geheimdokumente-donald-trump-offiziell-angeklagt-und-vorgeladen\/"},"wordCount":634,"commentCount":0,"publisher":{"@id":"https:\/\/now-news.de\/de\/#organization"},"image":{"@id":"https:\/\/now-news.de\/de\/deutschland\/geheimdokumente-donald-trump-offiziell-angeklagt-und-vorgeladen\/#primaryimage"},"thumbnailUrl":"https:\/\/now-news.de\/de\/wp-content\/uploads\/sites\/3\/2023\/06\/Geheimdokumente-Donald-Trump-offiziell-angeklagt-und-vorgeladen.jpg","keywords":["angeklagt","Donald","Geheimdokumente","Offiziell","trump","und","vorgeladen"],"articleSection":["Deutschland","Russland"],"inLanguage":"de","potentialAction":[{"@type":"CommentAction","name":"Comment","target":["https:\/\/now-news.de\/de\/deutschland\/geheimdokumente-donald-trump-offiziell-angeklagt-und-vorgeladen\/#respond"]}]},{"@type":"WebPage","@id":"https:\/\/now-news.de\/de\/deutschland\/geheimdokumente-donald-trump-offiziell-angeklagt-und-vorgeladen\/","url":"https:\/\/now-news.de\/de\/deutschland\/geheimdokumente-donald-trump-offiziell-angeklagt-und-vorgeladen\/","name":"Geheimdokumente: Donald Trump offiziell angeklagt und vorgeladen - just-now.NEWS Deutschland","isPartOf":{"@id":"https:\/\/now-news.de\/de\/#website"},"primaryImageOfPage":{"@id":"https:\/\/now-news.de\/de\/deutschland\/geheimdokumente-donald-trump-offiziell-angeklagt-und-vorgeladen\/#primaryimage"},"image":{"@id":"https:\/\/now-news.de\/de\/deutschland\/geheimdokumente-donald-trump-offiziell-angeklagt-und-vorgeladen\/#primaryimage"},"thumbnailUrl":"https:\/\/now-news.de\/de\/wp-content\/uploads\/sites\/3\/2023\/06\/Geheimdokumente-Donald-Trump-offiziell-angeklagt-und-vorgeladen.jpg","datePublished":"2023-06-09T11:43:23+00:00","dateModified":"2023-06-09T11:43:23+00:00","breadcrumb":{"@id":"https:\/\/now-news.de\/de\/deutschland\/geheimdokumente-donald-trump-offiziell-angeklagt-und-vorgeladen\/#breadcrumb"},"inLanguage":"de","potentialAction":[{"@type":"ReadAction","target":["https:\/\/now-news.de\/de\/deutschland\/geheimdokumente-donald-trump-offiziell-angeklagt-und-vorgeladen\/"]}]},{"@type":"ImageObject","inLanguage":"de","@id":"https:\/\/now-news.de\/de\/deutschland\/geheimdokumente-donald-trump-offiziell-angeklagt-und-vorgeladen\/#primaryimage","url":"https:\/\/now-news.de\/de\/wp-content\/uploads\/sites\/3\/2023\/06\/Geheimdokumente-Donald-Trump-offiziell-angeklagt-und-vorgeladen.jpg","contentUrl":"https:\/\/now-news.de\/de\/wp-content\/uploads\/sites\/3\/2023\/06\/Geheimdokumente-Donald-Trump-offiziell-angeklagt-und-vorgeladen.jpg","width":460,"height":259,"caption":"Geheimdokumente: Donald Trump offiziell angeklagt und vorgeladen"},{"@type":"BreadcrumbList","@id":"https:\/\/now-news.de\/de\/deutschland\/geheimdokumente-donald-trump-offiziell-angeklagt-und-vorgeladen\/#breadcrumb","itemListElement":[{"@type":"ListItem","position":1,"name":"Home","item":"https:\/\/now-news.de\/de\/"},{"@type":"ListItem","position":2,"name":"Geheimdokumente: Donald Trump offiziell angeklagt und vorgeladen"}]},{"@type":"WebSite","@id":"https:\/\/now-news.de\/de\/#website","url":"https:\/\/now-news.de\/de\/","name":"just-now.NEWS Deutschland","description":"Das Portal f\u00fcr unzensierte Nachrichten aus der Welt","publisher":{"@id":"https:\/\/now-news.de\/de\/#organization"},"potentialAction":[{"@type":"SearchAction","target":{"@type":"EntryPoint","urlTemplate":"https:\/\/now-news.de\/de\/?s={search_term_string}"},"query-input":"required name=search_term_string"}],"inLanguage":"de"},{"@type":"Organization","@id":"https:\/\/now-news.de\/de\/#organization","name":"Just Now News","url":"https:\/\/now-news.de\/de\/","logo":{"@type":"ImageObject","inLanguage":"de","@id":"https:\/\/now-news.de\/de\/#\/schema\/logo\/image\/","url":"http:\/\/just-now.news\/de\/wp-content\/uploads\/sites\/3\/2022\/04\/logo500x500.jpg","contentUrl":"http:\/\/just-now.news\/de\/wp-content\/uploads\/sites\/3\/2022\/04\/logo500x500.jpg","width":500,"height":500,"caption":"Just Now News"},"image":{"@id":"https:\/\/now-news.de\/de\/#\/schema\/logo\/image\/"},"sameAs":["https:\/\/www.facebook.com\/wirmachenauf","https:\/\/x.com\/WirMachenAuf_de"]},{"@type":"Person","@id":"https:\/\/now-news.de\/de\/#\/schema\/person\/fb534a4e865501d8b3285208df34a9b5","name":"rtnews","image":{"@type":"ImageObject","inLanguage":"de","@id":"https:\/\/now-news.de\/de\/#\/schema\/person\/image\/","url":"https:\/\/secure.gravatar.com\/avatar\/82aafea7d8127119dd649515f56e2117?s=96&d=mm&r=g","contentUrl":"https:\/\/secure.gravatar.com\/avatar\/82aafea7d8127119dd649515f56e2117?s=96&d=mm&r=g","caption":"rtnews"},"url":"https:\/\/now-news.de\/de\/author\/rnews\/"}]}},"_links":{"self":[{"href":"https:\/\/now-news.de\/de\/wp-json\/wp\/v2\/posts\/37827"}],"collection":[{"href":"https:\/\/now-news.de\/de\/wp-json\/wp\/v2\/posts"}],"about":[{"href":"https:\/\/now-news.de\/de\/wp-json\/wp\/v2\/types\/post"}],"author":[{"embeddable":true,"href":"https:\/\/now-news.de\/de\/wp-json\/wp\/v2\/users\/3"}],"replies":[{"embeddable":true,"href":"https:\/\/now-news.de\/de\/wp-json\/wp\/v2\/comments?post=37827"}],"version-history":[{"count":0,"href":"https:\/\/now-news.de\/de\/wp-json\/wp\/v2\/posts\/37827\/revisions"}],"wp:featuredmedia":[{"embeddable":true,"href":"https:\/\/now-news.de\/de\/wp-json\/wp\/v2\/media\/37828"}],"wp:attachment":[{"href":"https:\/\/now-news.de\/de\/wp-json\/wp\/v2\/media?parent=37827"}],"wp:term":[{"taxonomy":"category","embeddable":true,"href":"https:\/\/now-news.de\/de\/wp-json\/wp\/v2\/categories?post=37827"},{"taxonomy":"post_tag","embeddable":true,"href":"https:\/\/now-news.de\/de\/wp-json\/wp\/v2\/tags?post=37827"}],"curies":[{"name":"wp","href":"https:\/\/api.w.org\/{rel}","templated":true}]}}