{"id":37772,"date":"2023-06-08T19:42:03","date_gmt":"2023-06-08T17:42:03","guid":{"rendered":"https:\/\/just-now.news\/de\/deutschland\/eu-und-faeser-trommeln-gegen-huawei-wir-muessen-unsere-kommunikationsnetze-schuetzen\/"},"modified":"2023-06-08T19:42:03","modified_gmt":"2023-06-08T17:42:03","slug":"eu-und-faeser-trommeln-gegen-huawei-wir-muessen-unsere-kommunikationsnetze-schuetzen","status":"publish","type":"post","link":"https:\/\/now-news.de\/de\/deutschland\/eu-und-faeser-trommeln-gegen-huawei-wir-muessen-unsere-kommunikationsnetze-schuetzen\/","title":{"rendered":"EU und Faeser trommeln gegen Huawei: &quot;Wir m\u00fcssen unsere Kommunikationsnetze sch\u00fctzen&quot;"},"content":{"rendered":"<p><img decoding=\"async\" src=\"http:\/\/just-now.news\/de\/wp-content\/uploads\/sites\/3\/2023\/06\/6481bd4db480cc36215b57a7.jpg\" \/><\/p>\n<div class=\"Text-root Text-type_1 \">\n                F\u00fcr den Ausbau den 5G-Netzes setzt die Deutsche Telekom auf die Technologie des chinesischen Anbieters Huawei. Wie die USA wollen jetzt auch die EU-Kommission und die Bundesregierung den Techgiganten aus Shenzhen aus heimischen Gefilden verdr\u00e4ngen.\n            <\/div>\n<p><\/p>\n<div class=\"Text-root Text-type_5 ArticleView-text ViewText-root \">\n<p>Auf einer Zusammenkunft von EU-Binnenmarktkommissar Thierry Breton und den Chefs der europ\u00e4ischen Mobilfunkkonzerne in Br\u00fcssel kritisierte der Franzose indirekt die Zusammenarbeit mit chinesischen Konzernen, insbesondere mit dem Tech-Anbieter Huawei.<\/p>\n<p><strong>EU macht Front gegen China<\/strong><\/p>\n<p>Geladen waren Jos\u00e9 Mar\u00eda \u00c1lvarez-Pallete L\u00f3pez von Telef\u00f3nica, Margherita Della Valle von\u00a0Vodafone\u00a0sowie Tim\u00a0H\u00f6ttges, Chef der\u00a0Deutschen Telekom. Breton beklagte die f\u00fcr ihn zu langsame Umsetzung der Sicherheitsvorkehrungen f\u00fcr den neuen Hochgeschwindigkeits-Mobilfunk 5G, wie das <em>Handelsblatt<\/em> am Donnerstag <a rel=\"nofollow noopener\" target=\"_blank\" href=\"https:\/\/www.handelsblatt.com\/politik\/international\/mobilfunknetze-risiko-fuer-die-kollektive-sicherheit-eu-dringt-auf-huawei-rauswurf\/29193540.html\">berichtet<\/a>. Die Kommission kritisiert, dass einige Unternehmen weiterhin auf nicht vertrauensw\u00fcrdige Lieferanten setzten. Das stehe &#8220;im Widerspruch zu den Zielen der EU&#8221; und m\u00fcsse sich \u00e4ndern. Besonders die Deutsche Telekom setzt beim 5G-Netzausbau auf Huawei \u2013 Br\u00fcssel gef\u00e4llt das gar nicht.<\/p>\n<p>Konkret erkl\u00e4rte Breton:<\/p>\n<blockquote>\n<p><em>&#8220;Es besteht dringender Handlungsbedarf, um die Entstehung erheblicher Schwachstellen und Abh\u00e4ngigkeiten zu verhindern, die nur schwer wieder r\u00fcckg\u00e4ngig zu machen w\u00e4ren.&#8221;<\/em><\/p>\n<\/blockquote>\n<p>Die Staaten der EU h\u00e4tten sich vor drei Jahren auf Sicherheitsstandards f\u00fcr die Mobilfunknetze geeinigt. Die sogenannte &#8220;5G-Toolbox&#8221; sieht den Ausschluss von &#8220;Hochrisiko-Anbietern&#8221; aus &#8220;kritischen Netzbereichen&#8221; vor.\u00a0Praktisch alle Vertreter der Mitgliedstaaten h\u00e4tten die gemeinsamen Grunds\u00e4tze damals unterzeichnet und \u00fcber ihr nationales Recht gesetzt.<\/p>\n<p>Doch die wenigsten Staaten setzten diese &#8220;Sicherheitsstandards&#8221; nun ein. Breton betonte:<\/p>\n<blockquote>\n<p><em>&#8220;Das stellt ein Risiko f\u00fcr die kollektive Sicherheit der Europ\u00e4ischen Union dar.&#8221;<\/em><\/p>\n<\/blockquote>\n<p>Auch die NATO, die unweit von Bretons Institution ihren Sitz hat, dr\u00e4ngt auf den &#8220;Schutz von kritischer Infrastruktur&#8221;, besonders auch der Mobilfunknetze. Die EU selbst hat allerdings die Entwicklung und F\u00f6rderung eigener Konzerne in diesen technischen Bereichen \u2013 \u00e4hnlich auch wie bei der k\u00fcnstlichen Intelligenz \u2013 komplett verschlafen. Falls chinesische Anbieter in Zukunft tats\u00e4chlich wegsanktioniert werden, kommen fast nur noch US-amerikanische oder s\u00fcdkoreanische <a rel=\"nofollow noopener\" target=\"_blank\" href=\"https:\/\/www.produktion.de\/technik\/zukunftstechnologien\/5g-6g\/diese-10-unternehmen-haben-bei-5g-die-nase-vorn-101.html\">Konzerne<\/a> in Frage.<\/p>\n<p><strong>Faeser denkt \u00fcber Verbote nach<\/strong><\/p>\n<p>Einige Akteure der\u00a0Bundesregierung\u00a0sind dabei ganz auf EU-Linie klar: Auch Innenministerin Nancy Faeser sieht die chinesischen Anbieter\u00a0Huawei\u00a0und\u00a0ZTE wegen zu gro\u00dfer N\u00e4he zu Peking als nicht vertrauensw\u00fcrdig an. Sie sagte:<\/p>\n<blockquote>\n<p><em>&#8220;Wir m\u00fcssen unsere Kommunikationsnetze sch\u00fctzen.&#8221;<\/em><\/p>\n<\/blockquote>\n<p>Daher pr\u00fcfe man nun\u00a0alle schon im 5G-Netz verbauten chinesischen Komponenten &#8220;sehr genau&#8221;. Sie betonte: &#8220;Wenn wir Gef\u00e4hrdungen erkennen, dann werden wir Komponenten verbieten.&#8221; Bereits im Fr\u00fchjahr hatte sie versucht, chinesische Tech-Anbieter auszubremsen. Jetzt wird wieder intensiv gepr\u00fcft, und bis zum Sp\u00e4tsommer wolle die Bundesregierung eine Entscheidung treffen. F\u00fcr den deutschen Netzausbau und besonders die Telekom k\u00f6nnte das zum Problem werden, denn zahlreiche Komponenten von Huawei sind bereits verbaut worden.<\/p>\n<p><strong>Mehr zum Thema<\/strong> &#8211; <a rel=\"nofollow noopener\" target=\"_blank\" href=\"https:\/\/freeassange.rtde.live\/inland\/164961-huawei-verbot-usa-treibt-deutschland\/\">Huawei-Verbot: USA treiben Deutschland weiter in die Abh\u00e4ngigkeit<\/a><\/p>\n<\/div>\n<p><br \/>\n<br \/><a href=\"https:\/\/de.rt.com\/international\/172161-eu-und-faeser-trommeln-gegen\/\">Source link <\/a><\/p>\n","protected":false},"excerpt":{"rendered":"<p>F\u00fcr den Ausbau den 5G-Netzes setzt die Deutsche Telekom auf die Technologie des chinesischen Anbieters Huawei. Wie die USA wollen jetzt auch die EU-Kommission und die Bundesregierung den Techgiganten aus Shenzhen aus heimischen Gefilden verdr\u00e4ngen. Auf einer Zusammenkunft von EU-Binnenmarktkommissar Thierry Breton und den Chefs der europ\u00e4ischen Mobilfunkkonzerne in Br\u00fcssel kritisierte der Franzose indirekt die [&hellip;]<\/p>\n","protected":false},"author":3,"featured_media":37773,"comment_status":"open","ping_status":"open","sticky":false,"template":"","format":"standard","meta":{"_yoast_indexnow_last_ping":["1686247014"],"wp_automatic_camp":["217"],"c56d175a9e3bf7ba4bcd421ced79daea":["EU und Faeser trommeln gegen Huawei: &quot;Wir m\u00fcssen unsere Kommunikationsnetze sch\u00fctzen&quot;"],"original_link":["https:\/\/de.rt.com\/international\/172161-eu-und-faeser-trommeln-gegen\/"],"_thumbnail_id":["37773"],"jnews_social_counter_last_update":["1777304710"]},"categories":[19,23],"tags":[16802,278,13576,45412,10623,5451,31457,45411,140,12596],"yoast_head":"<!-- This site is optimized with the Yoast SEO Premium plugin v22.7 (Yoast SEO v22.7) - https:\/\/yoast.com\/wordpress\/plugins\/seo\/ -->\n<title>EU und Faeser trommeln gegen Huawei: &quot;Wir m\u00fcssen unsere Kommunikationsnetze sch\u00fctzen&quot; - just-now.NEWS Deutschland<\/title>\n<meta name=\"robots\" content=\"index, follow, max-snippet:-1, max-image-preview:large, max-video-preview:-1\" \/>\n<link rel=\"canonical\" href=\"https:\/\/now-news.de\/de\/deutschland\/eu-und-faeser-trommeln-gegen-huawei-wir-muessen-unsere-kommunikationsnetze-schuetzen\/\" \/>\n<meta property=\"og:locale\" content=\"de_DE\" \/>\n<meta property=\"og:type\" content=\"article\" \/>\n<meta property=\"og:title\" content=\"EU und Faeser trommeln gegen Huawei: &quot;Wir m\u00fcssen unsere Kommunikationsnetze sch\u00fctzen&quot;\" \/>\n<meta property=\"og:description\" content=\"F\u00fcr den Ausbau den 5G-Netzes setzt die Deutsche Telekom auf die Technologie des chinesischen Anbieters Huawei. Wie die USA wollen jetzt auch die EU-Kommission und die Bundesregierung den Techgiganten aus Shenzhen aus heimischen Gefilden verdr\u00e4ngen. Auf einer Zusammenkunft von EU-Binnenmarktkommissar Thierry Breton und den Chefs der europ\u00e4ischen Mobilfunkkonzerne in Br\u00fcssel kritisierte der Franzose indirekt die [&hellip;]\" \/>\n<meta property=\"og:url\" content=\"https:\/\/now-news.de\/de\/deutschland\/eu-und-faeser-trommeln-gegen-huawei-wir-muessen-unsere-kommunikationsnetze-schuetzen\/\" \/>\n<meta property=\"og:site_name\" content=\"just-now.NEWS Deutschland\" \/>\n<meta property=\"article:publisher\" content=\"https:\/\/www.facebook.com\/wirmachenauf\" \/>\n<meta property=\"article:published_time\" content=\"2023-06-08T17:42:03+00:00\" \/>\n<meta property=\"og:image\" content=\"https:\/\/now-news.de\/de\/wp-content\/uploads\/sites\/3\/2023\/06\/EU-und-Faeser-trommeln-gegen-Huawei-quotWir-muessen-unsere-Kommunikationsnetze.jpg\" \/>\n\t<meta property=\"og:image:width\" content=\"460\" \/>\n\t<meta property=\"og:image:height\" content=\"259\" \/>\n\t<meta property=\"og:image:type\" content=\"image\/jpeg\" \/>\n<meta name=\"author\" content=\"rtnews\" \/>\n<meta name=\"twitter:card\" content=\"summary_large_image\" \/>\n<meta name=\"twitter:creator\" content=\"@WirMachenAuf_de\" \/>\n<meta name=\"twitter:site\" content=\"@WirMachenAuf_de\" \/>\n<meta name=\"twitter:label1\" content=\"Verfasst von\" \/>\n\t<meta name=\"twitter:data1\" content=\"rtnews\" \/>\n\t<meta name=\"twitter:label2\" content=\"Gesch\u00e4tzte Lesezeit\" \/>\n\t<meta name=\"twitter:data2\" content=\"2\u00a0Minuten\" \/>\n<script type=\"application\/ld+json\" class=\"yoast-schema-graph\">{\"@context\":\"https:\/\/schema.org\",\"@graph\":[{\"@type\":\"Article\",\"@id\":\"https:\/\/now-news.de\/de\/deutschland\/eu-und-faeser-trommeln-gegen-huawei-wir-muessen-unsere-kommunikationsnetze-schuetzen\/#article\",\"isPartOf\":{\"@id\":\"https:\/\/now-news.de\/de\/deutschland\/eu-und-faeser-trommeln-gegen-huawei-wir-muessen-unsere-kommunikationsnetze-schuetzen\/\"},\"author\":{\"name\":\"rtnews\",\"@id\":\"https:\/\/now-news.de\/de\/#\/schema\/person\/fb534a4e865501d8b3285208df34a9b5\"},\"headline\":\"EU und Faeser trommeln gegen Huawei: &quot;Wir m\u00fcssen unsere Kommunikationsnetze sch\u00fctzen&quot;\",\"datePublished\":\"2023-06-08T17:42:03+00:00\",\"dateModified\":\"2023-06-08T17:42:03+00:00\",\"mainEntityOfPage\":{\"@id\":\"https:\/\/now-news.de\/de\/deutschland\/eu-und-faeser-trommeln-gegen-huawei-wir-muessen-unsere-kommunikationsnetze-schuetzen\/\"},\"wordCount\":490,\"commentCount\":0,\"publisher\":{\"@id\":\"https:\/\/now-news.de\/de\/#organization\"},\"image\":{\"@id\":\"https:\/\/now-news.de\/de\/deutschland\/eu-und-faeser-trommeln-gegen-huawei-wir-muessen-unsere-kommunikationsnetze-schuetzen\/#primaryimage\"},\"thumbnailUrl\":\"https:\/\/now-news.de\/de\/wp-content\/uploads\/sites\/3\/2023\/06\/EU-und-Faeser-trommeln-gegen-Huawei-quotWir-muessen-unsere-Kommunikationsnetze.jpg\",\"keywords\":[\"Faeser\",\"gegen\",\"Huawei\",\"Kommunikationsnetze\",\"m\u00fcssen\",\"quotWir\",\"sch\u00fctzenquot\",\"trommeln\",\"und\",\"Unsere\"],\"articleSection\":[\"Deutschland\",\"Russland\"],\"inLanguage\":\"de\",\"potentialAction\":[{\"@type\":\"CommentAction\",\"name\":\"Comment\",\"target\":[\"https:\/\/now-news.de\/de\/deutschland\/eu-und-faeser-trommeln-gegen-huawei-wir-muessen-unsere-kommunikationsnetze-schuetzen\/#respond\"]}]},{\"@type\":\"WebPage\",\"@id\":\"https:\/\/now-news.de\/de\/deutschland\/eu-und-faeser-trommeln-gegen-huawei-wir-muessen-unsere-kommunikationsnetze-schuetzen\/\",\"url\":\"https:\/\/now-news.de\/de\/deutschland\/eu-und-faeser-trommeln-gegen-huawei-wir-muessen-unsere-kommunikationsnetze-schuetzen\/\",\"name\":\"EU und Faeser trommeln gegen Huawei: &quot;Wir m\u00fcssen unsere Kommunikationsnetze sch\u00fctzen&quot; - just-now.NEWS Deutschland\",\"isPartOf\":{\"@id\":\"https:\/\/now-news.de\/de\/#website\"},\"primaryImageOfPage\":{\"@id\":\"https:\/\/now-news.de\/de\/deutschland\/eu-und-faeser-trommeln-gegen-huawei-wir-muessen-unsere-kommunikationsnetze-schuetzen\/#primaryimage\"},\"image\":{\"@id\":\"https:\/\/now-news.de\/de\/deutschland\/eu-und-faeser-trommeln-gegen-huawei-wir-muessen-unsere-kommunikationsnetze-schuetzen\/#primaryimage\"},\"thumbnailUrl\":\"https:\/\/now-news.de\/de\/wp-content\/uploads\/sites\/3\/2023\/06\/EU-und-Faeser-trommeln-gegen-Huawei-quotWir-muessen-unsere-Kommunikationsnetze.jpg\",\"datePublished\":\"2023-06-08T17:42:03+00:00\",\"dateModified\":\"2023-06-08T17:42:03+00:00\",\"breadcrumb\":{\"@id\":\"https:\/\/now-news.de\/de\/deutschland\/eu-und-faeser-trommeln-gegen-huawei-wir-muessen-unsere-kommunikationsnetze-schuetzen\/#breadcrumb\"},\"inLanguage\":\"de\",\"potentialAction\":[{\"@type\":\"ReadAction\",\"target\":[\"https:\/\/now-news.de\/de\/deutschland\/eu-und-faeser-trommeln-gegen-huawei-wir-muessen-unsere-kommunikationsnetze-schuetzen\/\"]}]},{\"@type\":\"ImageObject\",\"inLanguage\":\"de\",\"@id\":\"https:\/\/now-news.de\/de\/deutschland\/eu-und-faeser-trommeln-gegen-huawei-wir-muessen-unsere-kommunikationsnetze-schuetzen\/#primaryimage\",\"url\":\"https:\/\/now-news.de\/de\/wp-content\/uploads\/sites\/3\/2023\/06\/EU-und-Faeser-trommeln-gegen-Huawei-quotWir-muessen-unsere-Kommunikationsnetze.jpg\",\"contentUrl\":\"https:\/\/now-news.de\/de\/wp-content\/uploads\/sites\/3\/2023\/06\/EU-und-Faeser-trommeln-gegen-Huawei-quotWir-muessen-unsere-Kommunikationsnetze.jpg\",\"width\":460,\"height\":259,\"caption\":\"EU und Faeser trommeln gegen Huawei: &quot;Wir m\u00fcssen unsere Kommunikationsnetze sch\u00fctzen&quot;\"},{\"@type\":\"BreadcrumbList\",\"@id\":\"https:\/\/now-news.de\/de\/deutschland\/eu-und-faeser-trommeln-gegen-huawei-wir-muessen-unsere-kommunikationsnetze-schuetzen\/#breadcrumb\",\"itemListElement\":[{\"@type\":\"ListItem\",\"position\":1,\"name\":\"Home\",\"item\":\"https:\/\/now-news.de\/de\/\"},{\"@type\":\"ListItem\",\"position\":2,\"name\":\"EU und Faeser trommeln gegen Huawei: &quot;Wir m\u00fcssen unsere Kommunikationsnetze sch\u00fctzen&quot;\"}]},{\"@type\":\"WebSite\",\"@id\":\"https:\/\/now-news.de\/de\/#website\",\"url\":\"https:\/\/now-news.de\/de\/\",\"name\":\"just-now.NEWS Deutschland\",\"description\":\"Das Portal f\u00fcr unzensierte Nachrichten aus der Welt\",\"publisher\":{\"@id\":\"https:\/\/now-news.de\/de\/#organization\"},\"potentialAction\":[{\"@type\":\"SearchAction\",\"target\":{\"@type\":\"EntryPoint\",\"urlTemplate\":\"https:\/\/now-news.de\/de\/?s={search_term_string}\"},\"query-input\":\"required name=search_term_string\"}],\"inLanguage\":\"de\"},{\"@type\":\"Organization\",\"@id\":\"https:\/\/now-news.de\/de\/#organization\",\"name\":\"Just Now News\",\"url\":\"https:\/\/now-news.de\/de\/\",\"logo\":{\"@type\":\"ImageObject\",\"inLanguage\":\"de\",\"@id\":\"https:\/\/now-news.de\/de\/#\/schema\/logo\/image\/\",\"url\":\"http:\/\/just-now.news\/de\/wp-content\/uploads\/sites\/3\/2022\/04\/logo500x500.jpg\",\"contentUrl\":\"http:\/\/just-now.news\/de\/wp-content\/uploads\/sites\/3\/2022\/04\/logo500x500.jpg\",\"width\":500,\"height\":500,\"caption\":\"Just Now News\"},\"image\":{\"@id\":\"https:\/\/now-news.de\/de\/#\/schema\/logo\/image\/\"},\"sameAs\":[\"https:\/\/www.facebook.com\/wirmachenauf\",\"https:\/\/x.com\/WirMachenAuf_de\"]},{\"@type\":\"Person\",\"@id\":\"https:\/\/now-news.de\/de\/#\/schema\/person\/fb534a4e865501d8b3285208df34a9b5\",\"name\":\"rtnews\",\"image\":{\"@type\":\"ImageObject\",\"inLanguage\":\"de\",\"@id\":\"https:\/\/now-news.de\/de\/#\/schema\/person\/image\/\",\"url\":\"https:\/\/secure.gravatar.com\/avatar\/82aafea7d8127119dd649515f56e2117?s=96&d=mm&r=g\",\"contentUrl\":\"https:\/\/secure.gravatar.com\/avatar\/82aafea7d8127119dd649515f56e2117?s=96&d=mm&r=g\",\"caption\":\"rtnews\"},\"url\":\"https:\/\/now-news.de\/de\/author\/rnews\/\"}]}<\/script>\n<!-- \/ Yoast SEO Premium plugin. -->","yoast_head_json":{"title":"EU und Faeser trommeln gegen Huawei: &quot;Wir m\u00fcssen unsere Kommunikationsnetze sch\u00fctzen&quot; - just-now.NEWS Deutschland","robots":{"index":"index","follow":"follow","max-snippet":"max-snippet:-1","max-image-preview":"max-image-preview:large","max-video-preview":"max-video-preview:-1"},"canonical":"https:\/\/now-news.de\/de\/deutschland\/eu-und-faeser-trommeln-gegen-huawei-wir-muessen-unsere-kommunikationsnetze-schuetzen\/","og_locale":"de_DE","og_type":"article","og_title":"EU und Faeser trommeln gegen Huawei: &quot;Wir m\u00fcssen unsere Kommunikationsnetze sch\u00fctzen&quot;","og_description":"F\u00fcr den Ausbau den 5G-Netzes setzt die Deutsche Telekom auf die Technologie des chinesischen Anbieters Huawei. Wie die USA wollen jetzt auch die EU-Kommission und die Bundesregierung den Techgiganten aus Shenzhen aus heimischen Gefilden verdr\u00e4ngen. Auf einer Zusammenkunft von EU-Binnenmarktkommissar Thierry Breton und den Chefs der europ\u00e4ischen Mobilfunkkonzerne in Br\u00fcssel kritisierte der Franzose indirekt die [&hellip;]","og_url":"https:\/\/now-news.de\/de\/deutschland\/eu-und-faeser-trommeln-gegen-huawei-wir-muessen-unsere-kommunikationsnetze-schuetzen\/","og_site_name":"just-now.NEWS Deutschland","article_publisher":"https:\/\/www.facebook.com\/wirmachenauf","article_published_time":"2023-06-08T17:42:03+00:00","og_image":[{"width":460,"height":259,"url":"https:\/\/now-news.de\/de\/wp-content\/uploads\/sites\/3\/2023\/06\/EU-und-Faeser-trommeln-gegen-Huawei-quotWir-muessen-unsere-Kommunikationsnetze.jpg","type":"image\/jpeg"}],"author":"rtnews","twitter_card":"summary_large_image","twitter_creator":"@WirMachenAuf_de","twitter_site":"@WirMachenAuf_de","twitter_misc":{"Verfasst von":"rtnews","Gesch\u00e4tzte Lesezeit":"2\u00a0Minuten"},"schema":{"@context":"https:\/\/schema.org","@graph":[{"@type":"Article","@id":"https:\/\/now-news.de\/de\/deutschland\/eu-und-faeser-trommeln-gegen-huawei-wir-muessen-unsere-kommunikationsnetze-schuetzen\/#article","isPartOf":{"@id":"https:\/\/now-news.de\/de\/deutschland\/eu-und-faeser-trommeln-gegen-huawei-wir-muessen-unsere-kommunikationsnetze-schuetzen\/"},"author":{"name":"rtnews","@id":"https:\/\/now-news.de\/de\/#\/schema\/person\/fb534a4e865501d8b3285208df34a9b5"},"headline":"EU und Faeser trommeln gegen Huawei: &quot;Wir m\u00fcssen unsere Kommunikationsnetze sch\u00fctzen&quot;","datePublished":"2023-06-08T17:42:03+00:00","dateModified":"2023-06-08T17:42:03+00:00","mainEntityOfPage":{"@id":"https:\/\/now-news.de\/de\/deutschland\/eu-und-faeser-trommeln-gegen-huawei-wir-muessen-unsere-kommunikationsnetze-schuetzen\/"},"wordCount":490,"commentCount":0,"publisher":{"@id":"https:\/\/now-news.de\/de\/#organization"},"image":{"@id":"https:\/\/now-news.de\/de\/deutschland\/eu-und-faeser-trommeln-gegen-huawei-wir-muessen-unsere-kommunikationsnetze-schuetzen\/#primaryimage"},"thumbnailUrl":"https:\/\/now-news.de\/de\/wp-content\/uploads\/sites\/3\/2023\/06\/EU-und-Faeser-trommeln-gegen-Huawei-quotWir-muessen-unsere-Kommunikationsnetze.jpg","keywords":["Faeser","gegen","Huawei","Kommunikationsnetze","m\u00fcssen","quotWir","sch\u00fctzenquot","trommeln","und","Unsere"],"articleSection":["Deutschland","Russland"],"inLanguage":"de","potentialAction":[{"@type":"CommentAction","name":"Comment","target":["https:\/\/now-news.de\/de\/deutschland\/eu-und-faeser-trommeln-gegen-huawei-wir-muessen-unsere-kommunikationsnetze-schuetzen\/#respond"]}]},{"@type":"WebPage","@id":"https:\/\/now-news.de\/de\/deutschland\/eu-und-faeser-trommeln-gegen-huawei-wir-muessen-unsere-kommunikationsnetze-schuetzen\/","url":"https:\/\/now-news.de\/de\/deutschland\/eu-und-faeser-trommeln-gegen-huawei-wir-muessen-unsere-kommunikationsnetze-schuetzen\/","name":"EU und Faeser trommeln gegen Huawei: &quot;Wir m\u00fcssen unsere Kommunikationsnetze sch\u00fctzen&quot; - just-now.NEWS Deutschland","isPartOf":{"@id":"https:\/\/now-news.de\/de\/#website"},"primaryImageOfPage":{"@id":"https:\/\/now-news.de\/de\/deutschland\/eu-und-faeser-trommeln-gegen-huawei-wir-muessen-unsere-kommunikationsnetze-schuetzen\/#primaryimage"},"image":{"@id":"https:\/\/now-news.de\/de\/deutschland\/eu-und-faeser-trommeln-gegen-huawei-wir-muessen-unsere-kommunikationsnetze-schuetzen\/#primaryimage"},"thumbnailUrl":"https:\/\/now-news.de\/de\/wp-content\/uploads\/sites\/3\/2023\/06\/EU-und-Faeser-trommeln-gegen-Huawei-quotWir-muessen-unsere-Kommunikationsnetze.jpg","datePublished":"2023-06-08T17:42:03+00:00","dateModified":"2023-06-08T17:42:03+00:00","breadcrumb":{"@id":"https:\/\/now-news.de\/de\/deutschland\/eu-und-faeser-trommeln-gegen-huawei-wir-muessen-unsere-kommunikationsnetze-schuetzen\/#breadcrumb"},"inLanguage":"de","potentialAction":[{"@type":"ReadAction","target":["https:\/\/now-news.de\/de\/deutschland\/eu-und-faeser-trommeln-gegen-huawei-wir-muessen-unsere-kommunikationsnetze-schuetzen\/"]}]},{"@type":"ImageObject","inLanguage":"de","@id":"https:\/\/now-news.de\/de\/deutschland\/eu-und-faeser-trommeln-gegen-huawei-wir-muessen-unsere-kommunikationsnetze-schuetzen\/#primaryimage","url":"https:\/\/now-news.de\/de\/wp-content\/uploads\/sites\/3\/2023\/06\/EU-und-Faeser-trommeln-gegen-Huawei-quotWir-muessen-unsere-Kommunikationsnetze.jpg","contentUrl":"https:\/\/now-news.de\/de\/wp-content\/uploads\/sites\/3\/2023\/06\/EU-und-Faeser-trommeln-gegen-Huawei-quotWir-muessen-unsere-Kommunikationsnetze.jpg","width":460,"height":259,"caption":"EU und Faeser trommeln gegen Huawei: &quot;Wir m\u00fcssen unsere Kommunikationsnetze sch\u00fctzen&quot;"},{"@type":"BreadcrumbList","@id":"https:\/\/now-news.de\/de\/deutschland\/eu-und-faeser-trommeln-gegen-huawei-wir-muessen-unsere-kommunikationsnetze-schuetzen\/#breadcrumb","itemListElement":[{"@type":"ListItem","position":1,"name":"Home","item":"https:\/\/now-news.de\/de\/"},{"@type":"ListItem","position":2,"name":"EU und Faeser trommeln gegen Huawei: &quot;Wir m\u00fcssen unsere Kommunikationsnetze sch\u00fctzen&quot;"}]},{"@type":"WebSite","@id":"https:\/\/now-news.de\/de\/#website","url":"https:\/\/now-news.de\/de\/","name":"just-now.NEWS Deutschland","description":"Das Portal f\u00fcr unzensierte Nachrichten aus der Welt","publisher":{"@id":"https:\/\/now-news.de\/de\/#organization"},"potentialAction":[{"@type":"SearchAction","target":{"@type":"EntryPoint","urlTemplate":"https:\/\/now-news.de\/de\/?s={search_term_string}"},"query-input":"required name=search_term_string"}],"inLanguage":"de"},{"@type":"Organization","@id":"https:\/\/now-news.de\/de\/#organization","name":"Just Now News","url":"https:\/\/now-news.de\/de\/","logo":{"@type":"ImageObject","inLanguage":"de","@id":"https:\/\/now-news.de\/de\/#\/schema\/logo\/image\/","url":"http:\/\/just-now.news\/de\/wp-content\/uploads\/sites\/3\/2022\/04\/logo500x500.jpg","contentUrl":"http:\/\/just-now.news\/de\/wp-content\/uploads\/sites\/3\/2022\/04\/logo500x500.jpg","width":500,"height":500,"caption":"Just Now News"},"image":{"@id":"https:\/\/now-news.de\/de\/#\/schema\/logo\/image\/"},"sameAs":["https:\/\/www.facebook.com\/wirmachenauf","https:\/\/x.com\/WirMachenAuf_de"]},{"@type":"Person","@id":"https:\/\/now-news.de\/de\/#\/schema\/person\/fb534a4e865501d8b3285208df34a9b5","name":"rtnews","image":{"@type":"ImageObject","inLanguage":"de","@id":"https:\/\/now-news.de\/de\/#\/schema\/person\/image\/","url":"https:\/\/secure.gravatar.com\/avatar\/82aafea7d8127119dd649515f56e2117?s=96&d=mm&r=g","contentUrl":"https:\/\/secure.gravatar.com\/avatar\/82aafea7d8127119dd649515f56e2117?s=96&d=mm&r=g","caption":"rtnews"},"url":"https:\/\/now-news.de\/de\/author\/rnews\/"}]}},"_links":{"self":[{"href":"https:\/\/now-news.de\/de\/wp-json\/wp\/v2\/posts\/37772"}],"collection":[{"href":"https:\/\/now-news.de\/de\/wp-json\/wp\/v2\/posts"}],"about":[{"href":"https:\/\/now-news.de\/de\/wp-json\/wp\/v2\/types\/post"}],"author":[{"embeddable":true,"href":"https:\/\/now-news.de\/de\/wp-json\/wp\/v2\/users\/3"}],"replies":[{"embeddable":true,"href":"https:\/\/now-news.de\/de\/wp-json\/wp\/v2\/comments?post=37772"}],"version-history":[{"count":0,"href":"https:\/\/now-news.de\/de\/wp-json\/wp\/v2\/posts\/37772\/revisions"}],"wp:featuredmedia":[{"embeddable":true,"href":"https:\/\/now-news.de\/de\/wp-json\/wp\/v2\/media\/37773"}],"wp:attachment":[{"href":"https:\/\/now-news.de\/de\/wp-json\/wp\/v2\/media?parent=37772"}],"wp:term":[{"taxonomy":"category","embeddable":true,"href":"https:\/\/now-news.de\/de\/wp-json\/wp\/v2\/categories?post=37772"},{"taxonomy":"post_tag","embeddable":true,"href":"https:\/\/now-news.de\/de\/wp-json\/wp\/v2\/tags?post=37772"}],"curies":[{"name":"wp","href":"https:\/\/api.w.org\/{rel}","templated":true}]}}