{"id":37704,"date":"2023-06-08T07:30:14","date_gmt":"2023-06-08T05:30:14","guid":{"rendered":"https:\/\/just-now.news\/de\/deutschland\/bundesfinanziertes-menschenrechtsinstitut-voraussetzungen-fuer-verbot-der-afd-erfuellt\/"},"modified":"2023-06-08T07:30:14","modified_gmt":"2023-06-08T05:30:14","slug":"bundesfinanziertes-menschenrechtsinstitut-voraussetzungen-fuer-verbot-der-afd-erfuellt","status":"publish","type":"post","link":"https:\/\/now-news.de\/de\/deutschland\/bundesfinanziertes-menschenrechtsinstitut-voraussetzungen-fuer-verbot-der-afd-erfuellt\/","title":{"rendered":"Bundesfinanziertes Menschenrechtsinstitut: Voraussetzungen f\u00fcr Verbot der AfD erf\u00fcllt"},"content":{"rendered":"<p><img decoding=\"async\" src=\"http:\/\/just-now.news\/de\/wp-content\/uploads\/sites\/3\/2023\/06\/648057dd48fbef415d0e22c6.jpg\" \/><\/p>\n<div class=\"Text-root Text-type_1 \">\n                Eine Analyse des Deutschen Instituts f\u00fcr Menschenrechte hat eine Gef\u00e4hrlichkeit der Partei f\u00fcr die freiheitlich demokratische Grundordnung festgestellt. Das aktuellste Problem f\u00fcr ein Verbot stelle die fehlende partei\u00fcbergreifende Ablehnung der AfD dar, &#8220;insbesondere auf kommunaler Ebene&#8221;.\n            <\/div>\n<p><\/p>\n<div class=\"Text-root Text-type_5 ArticleView-text ViewText-root \">\n<p>Am 7. Juni lautet die \u00dcberschrift einer <a rel=\"nofollow noopener\" target=\"_blank\" href=\"https:\/\/www.institut-fuer-menschenrechte.de\/aktuelles\/detail\/menschenrechtsinstitut-vorrausetzungen-fuer-verbot-der-afd-erfuellt\">Ver\u00f6ffentlichung<\/a> des Deutschen Instituts f\u00fcr Menschenrechte:<\/p>\n<blockquote>\n<p><em> &#8220;Voraussetzungen f\u00fcr Verbot der AfD erf\u00fcllt.&#8221;<\/em><\/p>\n<\/blockquote>\n<p>Die <em>ARD<\/em>-Tagesschau <a rel=\"nofollow noopener\" target=\"_blank\" href=\"https:\/\/www.tagesschau.de\/inland\/innenpolitik\/bericht-aus-berlin-afd-102.html\">titelte<\/a>\u00a0mit Hinblick auf aktuelle Umfrageauswertungen zwei Tage zuvor:<\/p>\n<blockquote>\n<p><em>&#8220;Parteien streiten \u00fcber Gr\u00fcnde f\u00fcr AfD-Hoch.&#8221;<\/em><\/p>\n<\/blockquote>\n<p>Die <em>Wirtschaftswoche<\/em>\u00a0<a rel=\"nofollow noopener\" target=\"_blank\" href=\"https:\/\/www.wiwo.de\/politik\/deutschland\/umfrage-afd-ist-in-ostdeutschland-deutlich-die-staerkste-kraft\/29192692.html\">informiert<\/a>\u00a0ihrerseits dar\u00fcber, dass die AfD einer Umfrage zufolge &#8220;im Osten des Landes auf 32 Prozent \u2013 mehr als doppelt so viel wie im Westen&#8221; Zustimmung bei den Befragten erfahre. Im sogenannten &#8220;BayernTrend&#8221; und weiteren Umfragen zur bayerischen Landtagswahl &#8220;lag die AfD zuletzt bei 12 Prozent&#8221;, so der Sender <em>BR24\u00a0<\/em>in einem\u00a0<a rel=\"nofollow noopener\" target=\"_blank\" href=\"https:\/\/www.br.de\/nachrichten\/bayern\/afd-im-umfrage-hoch-was-gruende-sind-und-was-die-etablierten-parteien-dagegen-tun-koennen,TgO0vTa\">Bericht<\/a>.<\/p>\n<p>Das Deutsche Institut f\u00fcr Menschenrechte sei den eigenen Angaben zufolge bei seiner Analyse der Frage nachgegangen, &#8220;ob die Voraussetzungen f\u00fcr ein Verbot der AfD gegeben sind.&#8221; Die Analyse tr\u00e4gt den Titel:<\/p>\n<blockquote>\n<p><em> &#8220;Warum die AfD verboten werden k\u00f6nnte. Empfehlungen an Staat und Politik.&#8221;<\/em><\/p>\n<\/blockquote>\n<p>Das Institut beschreibt sich als &#8220;unabh\u00e4ngige nationale Menschenrechtsinstitution&#8221;. Laut <a rel=\"nofollow noopener\" target=\"_blank\" href=\"https:\/\/www.institut-fuer-menschenrechte.de\/das-institut\/faq\">Eigenauskunft<\/a> erfolge die Finanzierung &#8220;aus dem Haushalt des Deutschen Bundestages sowie \u2013 f\u00fcr einzelne Projekte \u2013 aus Drittmitteln&#8221;.\u00a0<\/p>\n<p>Im Sinne einer\u00a0an die Politik gerichteten Empfehlung hei\u00dft es nun in der Ver\u00f6ffentlichung:<\/p>\n<blockquote>\n<p><em>&#8220;Die AfD hat in ihrer Gef\u00e4hrlichkeit f\u00fcr die freiheitliche demokratische Grundordnung mittlerweile einen Grad erreicht, sodass sie gem\u00e4\u00df Artikel 21 Grundgesetz (GG) durch das Bundesverfassungsgericht verboten werden k\u00f6nnte.&#8221;<\/em><\/p>\n<\/blockquote>\n<p>Die Autoren des Instituts erkennen demnach, dass die AfD &#8220;die freiheitlich demokratische Grundordnung beseitigen&#8221; will, und dass es sich &#8220;bereits nach ihrer Programmatik, um eine rechtsextreme Partei handelt.&#8221;<\/p>\n<p>Olaf Scholz (SPD) akzeptiere aktuell die unmittelbare Partei-Konkurrenz &#8220;trotz Umfragehoch nicht als Volkspartei&#8221;,\u00a0<a rel=\"nofollow noopener\" target=\"_blank\" href=\"https:\/\/www.welt.de\/politik\/deutschland\/article245727566\/Olaf-Scholz-sieht-AfD-trotz-Umfragehoch-nicht-als-Volkspartei.html\">zitiert<\/a>\u00a0die dem Springer-Verlag zugeh\u00f6rige Zeitung\u00a0<em>Welt<\/em>\u00a0den Kanzler.\u00a0Und Scholz erkl\u00e4rt\u00a0am 6. Juni den <em>RTL-<\/em>Zuschauern:<\/p>\n<blockquote>\n<p><em>&#8220;Die Partei hat nicht das Ziel, die Gesellschaft zusammenzuf\u00fchren.&#8221;<\/em><\/p>\n<\/blockquote>\n<p>In der Ver\u00f6ffentlichung des Instituts f\u00fcr Menschenrechte hei\u00dft es weiter:<\/p>\n<blockquote>\n<p><em>&#8220;Sie \u2013 die AfD \u2013 zielt auf die Abschaffung der in Artikel 1 Absatz 1 Grundgesetz verbrieften Garantie der Menschenw\u00fcrde. Au\u00dferdem setzt sich innerhalb der AfD zunehmend der insbesondere von Bj\u00f6rn H\u00f6cke vorangetriebene Kurs durch, der sich an der Gewaltherrschaft des Nationalsozialismus orientiert.&#8221;<\/em><\/p>\n<\/blockquote>\n<p>Gegen den kontrovers wahrgenommenen Politiker wurde j\u00fcngst\u00a0seitens der Staatsanwaltschaft Halle Anklage wegen &#8220;Verwendens von NS-Vokabular&#8221; erhoben.\u00a0Dabei geht es um eine Rede, die H\u00f6cke am 29. Mai 2021 in Merseburg auf einer Wahlkampf-Veranstaltung seiner Partei gehalten hatte. In dieser habe er die verbotene Losung der Sturmabteilung der NSDAP (SA) &#8220;Alles f\u00fcr Deutschland&#8221; <a rel=\"nofollow noopener\" target=\"_blank\" href=\"https:\/\/www.juedische-allgemeine.de\/politik\/staatsanwaltschaft-erhebt-anklage-gegen-bjoern-hoecke\/\">verwendet<\/a>, teilte die Staatsanwaltschaft am Montag mit. Die Klage wurde durch den vormaligen Gr\u00fcnen-Chef von Sachsen-Anhalt, Sebastian Striegel, eingereicht.<\/p>\n<p>Was die\u00a0&#8220;Empfehlungen an Staat und Politik&#8221; anbetrifft, lautet die Wahrnehmung und Formulierung seitens des Instituts f\u00fcr Menschenrechte in seiner Ver\u00f6ffentlichung:<\/p>\n<blockquote>\n<p><em>&#8220;Unabh\u00e4ngig davon, ob oder zu welchem Zeitpunkt sich die Antragsberechtigen daf\u00fcr entscheiden, einen Verbotsantrag zu stellen, kann der von der AfD ausgehenden Gefahr nur effektiv begegnet werden, wenn sich die anderen Parteien auf der Ebene des Bundes, der L\u00e4nder und der Kommunen unmissverst\u00e4ndlich von der AfD abgrenzen. Eine solche\u00a0Abgrenzung ist gegenw\u00e4rtig nicht durchg\u00e4ngig gegeben, was sich insbesondere auf kommunaler Ebene beobachten l\u00e4sst.&#8221;<\/em><\/p>\n<\/blockquote>\n<p>Das Analyseergebnis\u00a0f\u00fchre laut dem Institut\u00a0mit Hinblick auf die &#8220;festgestellte Gef\u00e4hrlichkeit der AfD&#8221; auch zu Konsequenzen bei der\u00a0&#8220;Anwendung des Waffenrechts gegen\u00fcber AfD-Mitgliedern oder des Disziplinarrechts gegen\u00fcber Beamt*innen, Soldat*innen oder Richter*innen, die die AfD unterst\u00fctzen.&#8221;<\/p>\n<p><strong>Mehr zum Thema <\/strong>&#8211;\u00a0<a rel=\"nofollow noopener\" target=\"_blank\" href=\"https:\/\/freeassange.rtde.life\/inland\/171908-linken-politiker-bartsch-gibt-eigener-partei-mitschuld-an-afd-hoch\/\">Erste Anzeichen von Selbstkritik? Linken-Politiker Bartsch gibt eigener Partei Mitschuld an AfD-Hoch<\/a><\/p>\n<\/div>\n<p><br \/>\n<br \/><a href=\"https:\/\/de.rt.com\/inland\/172049-bundesfinanziertes-menschenrechtsinstitut-voraussetzungen-fuer-verbot\/\">Source link <\/a><\/p>\n","protected":false},"excerpt":{"rendered":"<p>Eine Analyse des Deutschen Instituts f\u00fcr Menschenrechte hat eine Gef\u00e4hrlichkeit der Partei f\u00fcr die freiheitlich demokratische Grundordnung festgestellt. Das aktuellste Problem f\u00fcr ein Verbot stelle die fehlende partei\u00fcbergreifende Ablehnung der AfD dar, &#8220;insbesondere auf kommunaler Ebene&#8221;. Am 7. Juni lautet die \u00dcberschrift einer Ver\u00f6ffentlichung des Deutschen Instituts f\u00fcr Menschenrechte: &#8220;Voraussetzungen f\u00fcr Verbot der AfD erf\u00fcllt.&#8221; [&hellip;]<\/p>\n","protected":false},"author":3,"featured_media":37705,"comment_status":"open","ping_status":"open","sticky":false,"template":"","format":"standard","meta":{"_yoast_indexnow_last_ping":["1686204482"],"wp_automatic_camp":["217"],"74db8d460e41163777ad8b38f4966baa":["Bundesfinanziertes Menschenrechtsinstitut: Voraussetzungen f\u00fcr Verbot der AfD erf\u00fcllt"],"original_link":["https:\/\/de.rt.com\/inland\/172049-bundesfinanziertes-menschenrechtsinstitut-voraussetzungen-fuer-verbot\/"],"_thumbnail_id":["37705"],"jnews_social_counter_last_update":["1777578849"]},"categories":[19,23],"tags":[3815,45367,82,26877,221,45368,3817,23022],"yoast_head":"<!-- This site is optimized with the Yoast SEO Premium plugin v22.7 (Yoast SEO v22.7) - https:\/\/yoast.com\/wordpress\/plugins\/seo\/ -->\n<title>Bundesfinanziertes Menschenrechtsinstitut: Voraussetzungen f\u00fcr Verbot der AfD erf\u00fcllt - just-now.NEWS Deutschland<\/title>\n<meta name=\"robots\" content=\"index, follow, max-snippet:-1, max-image-preview:large, max-video-preview:-1\" \/>\n<link rel=\"canonical\" href=\"https:\/\/now-news.de\/de\/deutschland\/bundesfinanziertes-menschenrechtsinstitut-voraussetzungen-fuer-verbot-der-afd-erfuellt\/\" \/>\n<meta property=\"og:locale\" content=\"de_DE\" \/>\n<meta property=\"og:type\" content=\"article\" \/>\n<meta property=\"og:title\" content=\"Bundesfinanziertes Menschenrechtsinstitut: Voraussetzungen f\u00fcr Verbot der AfD erf\u00fcllt\" \/>\n<meta property=\"og:description\" content=\"Eine Analyse des Deutschen Instituts f\u00fcr Menschenrechte hat eine Gef\u00e4hrlichkeit der Partei f\u00fcr die freiheitlich demokratische Grundordnung festgestellt. Das aktuellste Problem f\u00fcr ein Verbot stelle die fehlende partei\u00fcbergreifende Ablehnung der AfD dar, &#8220;insbesondere auf kommunaler Ebene&#8221;. Am 7. Juni lautet die \u00dcberschrift einer Ver\u00f6ffentlichung des Deutschen Instituts f\u00fcr Menschenrechte: &#8220;Voraussetzungen f\u00fcr Verbot der AfD erf\u00fcllt.&#8221; [&hellip;]\" \/>\n<meta property=\"og:url\" content=\"https:\/\/now-news.de\/de\/deutschland\/bundesfinanziertes-menschenrechtsinstitut-voraussetzungen-fuer-verbot-der-afd-erfuellt\/\" \/>\n<meta property=\"og:site_name\" content=\"just-now.NEWS Deutschland\" \/>\n<meta property=\"article:publisher\" content=\"https:\/\/www.facebook.com\/wirmachenauf\" \/>\n<meta property=\"article:published_time\" content=\"2023-06-08T05:30:14+00:00\" \/>\n<meta property=\"og:image\" content=\"https:\/\/now-news.de\/de\/wp-content\/uploads\/sites\/3\/2023\/06\/Bundesfinanziertes-Menschenrechtsinstitut-Voraussetzungen-fuer-Verbot-der-AfD-erfuellt.jpg\" \/>\n\t<meta property=\"og:image:width\" content=\"460\" \/>\n\t<meta property=\"og:image:height\" content=\"259\" \/>\n\t<meta property=\"og:image:type\" content=\"image\/jpeg\" \/>\n<meta name=\"author\" content=\"rtnews\" \/>\n<meta name=\"twitter:card\" content=\"summary_large_image\" \/>\n<meta name=\"twitter:creator\" content=\"@WirMachenAuf_de\" \/>\n<meta name=\"twitter:site\" content=\"@WirMachenAuf_de\" \/>\n<meta name=\"twitter:label1\" content=\"Verfasst von\" \/>\n\t<meta name=\"twitter:data1\" content=\"rtnews\" \/>\n\t<meta name=\"twitter:label2\" content=\"Gesch\u00e4tzte Lesezeit\" \/>\n\t<meta name=\"twitter:data2\" content=\"3\u00a0Minuten\" \/>\n<script type=\"application\/ld+json\" class=\"yoast-schema-graph\">{\"@context\":\"https:\/\/schema.org\",\"@graph\":[{\"@type\":\"Article\",\"@id\":\"https:\/\/now-news.de\/de\/deutschland\/bundesfinanziertes-menschenrechtsinstitut-voraussetzungen-fuer-verbot-der-afd-erfuellt\/#article\",\"isPartOf\":{\"@id\":\"https:\/\/now-news.de\/de\/deutschland\/bundesfinanziertes-menschenrechtsinstitut-voraussetzungen-fuer-verbot-der-afd-erfuellt\/\"},\"author\":{\"name\":\"rtnews\",\"@id\":\"https:\/\/now-news.de\/de\/#\/schema\/person\/fb534a4e865501d8b3285208df34a9b5\"},\"headline\":\"Bundesfinanziertes Menschenrechtsinstitut: Voraussetzungen f\u00fcr Verbot der AfD erf\u00fcllt\",\"datePublished\":\"2023-06-08T05:30:14+00:00\",\"dateModified\":\"2023-06-08T05:30:14+00:00\",\"mainEntityOfPage\":{\"@id\":\"https:\/\/now-news.de\/de\/deutschland\/bundesfinanziertes-menschenrechtsinstitut-voraussetzungen-fuer-verbot-der-afd-erfuellt\/\"},\"wordCount\":619,\"commentCount\":0,\"publisher\":{\"@id\":\"https:\/\/now-news.de\/de\/#organization\"},\"image\":{\"@id\":\"https:\/\/now-news.de\/de\/deutschland\/bundesfinanziertes-menschenrechtsinstitut-voraussetzungen-fuer-verbot-der-afd-erfuellt\/#primaryimage\"},\"thumbnailUrl\":\"https:\/\/now-news.de\/de\/wp-content\/uploads\/sites\/3\/2023\/06\/Bundesfinanziertes-Menschenrechtsinstitut-Voraussetzungen-fuer-Verbot-der-AfD-erfuellt.jpg\",\"keywords\":[\"AfD\",\"Bundesfinanziertes\",\"der\",\"erf\u00fcllt\",\"f\u00fcr\",\"Menschenrechtsinstitut\",\"Verbot\",\"Voraussetzungen\"],\"articleSection\":[\"Deutschland\",\"Russland\"],\"inLanguage\":\"de\",\"potentialAction\":[{\"@type\":\"CommentAction\",\"name\":\"Comment\",\"target\":[\"https:\/\/now-news.de\/de\/deutschland\/bundesfinanziertes-menschenrechtsinstitut-voraussetzungen-fuer-verbot-der-afd-erfuellt\/#respond\"]}]},{\"@type\":\"WebPage\",\"@id\":\"https:\/\/now-news.de\/de\/deutschland\/bundesfinanziertes-menschenrechtsinstitut-voraussetzungen-fuer-verbot-der-afd-erfuellt\/\",\"url\":\"https:\/\/now-news.de\/de\/deutschland\/bundesfinanziertes-menschenrechtsinstitut-voraussetzungen-fuer-verbot-der-afd-erfuellt\/\",\"name\":\"Bundesfinanziertes Menschenrechtsinstitut: Voraussetzungen f\u00fcr Verbot der AfD erf\u00fcllt - just-now.NEWS Deutschland\",\"isPartOf\":{\"@id\":\"https:\/\/now-news.de\/de\/#website\"},\"primaryImageOfPage\":{\"@id\":\"https:\/\/now-news.de\/de\/deutschland\/bundesfinanziertes-menschenrechtsinstitut-voraussetzungen-fuer-verbot-der-afd-erfuellt\/#primaryimage\"},\"image\":{\"@id\":\"https:\/\/now-news.de\/de\/deutschland\/bundesfinanziertes-menschenrechtsinstitut-voraussetzungen-fuer-verbot-der-afd-erfuellt\/#primaryimage\"},\"thumbnailUrl\":\"https:\/\/now-news.de\/de\/wp-content\/uploads\/sites\/3\/2023\/06\/Bundesfinanziertes-Menschenrechtsinstitut-Voraussetzungen-fuer-Verbot-der-AfD-erfuellt.jpg\",\"datePublished\":\"2023-06-08T05:30:14+00:00\",\"dateModified\":\"2023-06-08T05:30:14+00:00\",\"breadcrumb\":{\"@id\":\"https:\/\/now-news.de\/de\/deutschland\/bundesfinanziertes-menschenrechtsinstitut-voraussetzungen-fuer-verbot-der-afd-erfuellt\/#breadcrumb\"},\"inLanguage\":\"de\",\"potentialAction\":[{\"@type\":\"ReadAction\",\"target\":[\"https:\/\/now-news.de\/de\/deutschland\/bundesfinanziertes-menschenrechtsinstitut-voraussetzungen-fuer-verbot-der-afd-erfuellt\/\"]}]},{\"@type\":\"ImageObject\",\"inLanguage\":\"de\",\"@id\":\"https:\/\/now-news.de\/de\/deutschland\/bundesfinanziertes-menschenrechtsinstitut-voraussetzungen-fuer-verbot-der-afd-erfuellt\/#primaryimage\",\"url\":\"https:\/\/now-news.de\/de\/wp-content\/uploads\/sites\/3\/2023\/06\/Bundesfinanziertes-Menschenrechtsinstitut-Voraussetzungen-fuer-Verbot-der-AfD-erfuellt.jpg\",\"contentUrl\":\"https:\/\/now-news.de\/de\/wp-content\/uploads\/sites\/3\/2023\/06\/Bundesfinanziertes-Menschenrechtsinstitut-Voraussetzungen-fuer-Verbot-der-AfD-erfuellt.jpg\",\"width\":460,\"height\":259,\"caption\":\"Bundesfinanziertes Menschenrechtsinstitut: Voraussetzungen f\u00fcr Verbot der AfD erf\u00fcllt\"},{\"@type\":\"BreadcrumbList\",\"@id\":\"https:\/\/now-news.de\/de\/deutschland\/bundesfinanziertes-menschenrechtsinstitut-voraussetzungen-fuer-verbot-der-afd-erfuellt\/#breadcrumb\",\"itemListElement\":[{\"@type\":\"ListItem\",\"position\":1,\"name\":\"Home\",\"item\":\"https:\/\/now-news.de\/de\/\"},{\"@type\":\"ListItem\",\"position\":2,\"name\":\"Bundesfinanziertes Menschenrechtsinstitut: Voraussetzungen f\u00fcr Verbot der AfD erf\u00fcllt\"}]},{\"@type\":\"WebSite\",\"@id\":\"https:\/\/now-news.de\/de\/#website\",\"url\":\"https:\/\/now-news.de\/de\/\",\"name\":\"just-now.NEWS Deutschland\",\"description\":\"Das Portal f\u00fcr unzensierte Nachrichten aus der Welt\",\"publisher\":{\"@id\":\"https:\/\/now-news.de\/de\/#organization\"},\"potentialAction\":[{\"@type\":\"SearchAction\",\"target\":{\"@type\":\"EntryPoint\",\"urlTemplate\":\"https:\/\/now-news.de\/de\/?s={search_term_string}\"},\"query-input\":\"required name=search_term_string\"}],\"inLanguage\":\"de\"},{\"@type\":\"Organization\",\"@id\":\"https:\/\/now-news.de\/de\/#organization\",\"name\":\"Just Now News\",\"url\":\"https:\/\/now-news.de\/de\/\",\"logo\":{\"@type\":\"ImageObject\",\"inLanguage\":\"de\",\"@id\":\"https:\/\/now-news.de\/de\/#\/schema\/logo\/image\/\",\"url\":\"http:\/\/just-now.news\/de\/wp-content\/uploads\/sites\/3\/2022\/04\/logo500x500.jpg\",\"contentUrl\":\"http:\/\/just-now.news\/de\/wp-content\/uploads\/sites\/3\/2022\/04\/logo500x500.jpg\",\"width\":500,\"height\":500,\"caption\":\"Just Now News\"},\"image\":{\"@id\":\"https:\/\/now-news.de\/de\/#\/schema\/logo\/image\/\"},\"sameAs\":[\"https:\/\/www.facebook.com\/wirmachenauf\",\"https:\/\/x.com\/WirMachenAuf_de\"]},{\"@type\":\"Person\",\"@id\":\"https:\/\/now-news.de\/de\/#\/schema\/person\/fb534a4e865501d8b3285208df34a9b5\",\"name\":\"rtnews\",\"image\":{\"@type\":\"ImageObject\",\"inLanguage\":\"de\",\"@id\":\"https:\/\/now-news.de\/de\/#\/schema\/person\/image\/\",\"url\":\"https:\/\/secure.gravatar.com\/avatar\/82aafea7d8127119dd649515f56e2117?s=96&d=mm&r=g\",\"contentUrl\":\"https:\/\/secure.gravatar.com\/avatar\/82aafea7d8127119dd649515f56e2117?s=96&d=mm&r=g\",\"caption\":\"rtnews\"},\"url\":\"https:\/\/now-news.de\/de\/author\/rnews\/\"}]}<\/script>\n<!-- \/ Yoast SEO Premium plugin. -->","yoast_head_json":{"title":"Bundesfinanziertes Menschenrechtsinstitut: Voraussetzungen f\u00fcr Verbot der AfD erf\u00fcllt - just-now.NEWS Deutschland","robots":{"index":"index","follow":"follow","max-snippet":"max-snippet:-1","max-image-preview":"max-image-preview:large","max-video-preview":"max-video-preview:-1"},"canonical":"https:\/\/now-news.de\/de\/deutschland\/bundesfinanziertes-menschenrechtsinstitut-voraussetzungen-fuer-verbot-der-afd-erfuellt\/","og_locale":"de_DE","og_type":"article","og_title":"Bundesfinanziertes Menschenrechtsinstitut: Voraussetzungen f\u00fcr Verbot der AfD erf\u00fcllt","og_description":"Eine Analyse des Deutschen Instituts f\u00fcr Menschenrechte hat eine Gef\u00e4hrlichkeit der Partei f\u00fcr die freiheitlich demokratische Grundordnung festgestellt. Das aktuellste Problem f\u00fcr ein Verbot stelle die fehlende partei\u00fcbergreifende Ablehnung der AfD dar, &#8220;insbesondere auf kommunaler Ebene&#8221;. Am 7. Juni lautet die \u00dcberschrift einer Ver\u00f6ffentlichung des Deutschen Instituts f\u00fcr Menschenrechte: &#8220;Voraussetzungen f\u00fcr Verbot der AfD erf\u00fcllt.&#8221; [&hellip;]","og_url":"https:\/\/now-news.de\/de\/deutschland\/bundesfinanziertes-menschenrechtsinstitut-voraussetzungen-fuer-verbot-der-afd-erfuellt\/","og_site_name":"just-now.NEWS Deutschland","article_publisher":"https:\/\/www.facebook.com\/wirmachenauf","article_published_time":"2023-06-08T05:30:14+00:00","og_image":[{"width":460,"height":259,"url":"https:\/\/now-news.de\/de\/wp-content\/uploads\/sites\/3\/2023\/06\/Bundesfinanziertes-Menschenrechtsinstitut-Voraussetzungen-fuer-Verbot-der-AfD-erfuellt.jpg","type":"image\/jpeg"}],"author":"rtnews","twitter_card":"summary_large_image","twitter_creator":"@WirMachenAuf_de","twitter_site":"@WirMachenAuf_de","twitter_misc":{"Verfasst von":"rtnews","Gesch\u00e4tzte Lesezeit":"3\u00a0Minuten"},"schema":{"@context":"https:\/\/schema.org","@graph":[{"@type":"Article","@id":"https:\/\/now-news.de\/de\/deutschland\/bundesfinanziertes-menschenrechtsinstitut-voraussetzungen-fuer-verbot-der-afd-erfuellt\/#article","isPartOf":{"@id":"https:\/\/now-news.de\/de\/deutschland\/bundesfinanziertes-menschenrechtsinstitut-voraussetzungen-fuer-verbot-der-afd-erfuellt\/"},"author":{"name":"rtnews","@id":"https:\/\/now-news.de\/de\/#\/schema\/person\/fb534a4e865501d8b3285208df34a9b5"},"headline":"Bundesfinanziertes Menschenrechtsinstitut: Voraussetzungen f\u00fcr Verbot der AfD erf\u00fcllt","datePublished":"2023-06-08T05:30:14+00:00","dateModified":"2023-06-08T05:30:14+00:00","mainEntityOfPage":{"@id":"https:\/\/now-news.de\/de\/deutschland\/bundesfinanziertes-menschenrechtsinstitut-voraussetzungen-fuer-verbot-der-afd-erfuellt\/"},"wordCount":619,"commentCount":0,"publisher":{"@id":"https:\/\/now-news.de\/de\/#organization"},"image":{"@id":"https:\/\/now-news.de\/de\/deutschland\/bundesfinanziertes-menschenrechtsinstitut-voraussetzungen-fuer-verbot-der-afd-erfuellt\/#primaryimage"},"thumbnailUrl":"https:\/\/now-news.de\/de\/wp-content\/uploads\/sites\/3\/2023\/06\/Bundesfinanziertes-Menschenrechtsinstitut-Voraussetzungen-fuer-Verbot-der-AfD-erfuellt.jpg","keywords":["AfD","Bundesfinanziertes","der","erf\u00fcllt","f\u00fcr","Menschenrechtsinstitut","Verbot","Voraussetzungen"],"articleSection":["Deutschland","Russland"],"inLanguage":"de","potentialAction":[{"@type":"CommentAction","name":"Comment","target":["https:\/\/now-news.de\/de\/deutschland\/bundesfinanziertes-menschenrechtsinstitut-voraussetzungen-fuer-verbot-der-afd-erfuellt\/#respond"]}]},{"@type":"WebPage","@id":"https:\/\/now-news.de\/de\/deutschland\/bundesfinanziertes-menschenrechtsinstitut-voraussetzungen-fuer-verbot-der-afd-erfuellt\/","url":"https:\/\/now-news.de\/de\/deutschland\/bundesfinanziertes-menschenrechtsinstitut-voraussetzungen-fuer-verbot-der-afd-erfuellt\/","name":"Bundesfinanziertes Menschenrechtsinstitut: Voraussetzungen f\u00fcr Verbot der AfD erf\u00fcllt - just-now.NEWS Deutschland","isPartOf":{"@id":"https:\/\/now-news.de\/de\/#website"},"primaryImageOfPage":{"@id":"https:\/\/now-news.de\/de\/deutschland\/bundesfinanziertes-menschenrechtsinstitut-voraussetzungen-fuer-verbot-der-afd-erfuellt\/#primaryimage"},"image":{"@id":"https:\/\/now-news.de\/de\/deutschland\/bundesfinanziertes-menschenrechtsinstitut-voraussetzungen-fuer-verbot-der-afd-erfuellt\/#primaryimage"},"thumbnailUrl":"https:\/\/now-news.de\/de\/wp-content\/uploads\/sites\/3\/2023\/06\/Bundesfinanziertes-Menschenrechtsinstitut-Voraussetzungen-fuer-Verbot-der-AfD-erfuellt.jpg","datePublished":"2023-06-08T05:30:14+00:00","dateModified":"2023-06-08T05:30:14+00:00","breadcrumb":{"@id":"https:\/\/now-news.de\/de\/deutschland\/bundesfinanziertes-menschenrechtsinstitut-voraussetzungen-fuer-verbot-der-afd-erfuellt\/#breadcrumb"},"inLanguage":"de","potentialAction":[{"@type":"ReadAction","target":["https:\/\/now-news.de\/de\/deutschland\/bundesfinanziertes-menschenrechtsinstitut-voraussetzungen-fuer-verbot-der-afd-erfuellt\/"]}]},{"@type":"ImageObject","inLanguage":"de","@id":"https:\/\/now-news.de\/de\/deutschland\/bundesfinanziertes-menschenrechtsinstitut-voraussetzungen-fuer-verbot-der-afd-erfuellt\/#primaryimage","url":"https:\/\/now-news.de\/de\/wp-content\/uploads\/sites\/3\/2023\/06\/Bundesfinanziertes-Menschenrechtsinstitut-Voraussetzungen-fuer-Verbot-der-AfD-erfuellt.jpg","contentUrl":"https:\/\/now-news.de\/de\/wp-content\/uploads\/sites\/3\/2023\/06\/Bundesfinanziertes-Menschenrechtsinstitut-Voraussetzungen-fuer-Verbot-der-AfD-erfuellt.jpg","width":460,"height":259,"caption":"Bundesfinanziertes Menschenrechtsinstitut: Voraussetzungen f\u00fcr Verbot der AfD erf\u00fcllt"},{"@type":"BreadcrumbList","@id":"https:\/\/now-news.de\/de\/deutschland\/bundesfinanziertes-menschenrechtsinstitut-voraussetzungen-fuer-verbot-der-afd-erfuellt\/#breadcrumb","itemListElement":[{"@type":"ListItem","position":1,"name":"Home","item":"https:\/\/now-news.de\/de\/"},{"@type":"ListItem","position":2,"name":"Bundesfinanziertes Menschenrechtsinstitut: Voraussetzungen f\u00fcr Verbot der AfD erf\u00fcllt"}]},{"@type":"WebSite","@id":"https:\/\/now-news.de\/de\/#website","url":"https:\/\/now-news.de\/de\/","name":"just-now.NEWS Deutschland","description":"Das Portal f\u00fcr unzensierte Nachrichten aus der Welt","publisher":{"@id":"https:\/\/now-news.de\/de\/#organization"},"potentialAction":[{"@type":"SearchAction","target":{"@type":"EntryPoint","urlTemplate":"https:\/\/now-news.de\/de\/?s={search_term_string}"},"query-input":"required name=search_term_string"}],"inLanguage":"de"},{"@type":"Organization","@id":"https:\/\/now-news.de\/de\/#organization","name":"Just Now News","url":"https:\/\/now-news.de\/de\/","logo":{"@type":"ImageObject","inLanguage":"de","@id":"https:\/\/now-news.de\/de\/#\/schema\/logo\/image\/","url":"http:\/\/just-now.news\/de\/wp-content\/uploads\/sites\/3\/2022\/04\/logo500x500.jpg","contentUrl":"http:\/\/just-now.news\/de\/wp-content\/uploads\/sites\/3\/2022\/04\/logo500x500.jpg","width":500,"height":500,"caption":"Just Now News"},"image":{"@id":"https:\/\/now-news.de\/de\/#\/schema\/logo\/image\/"},"sameAs":["https:\/\/www.facebook.com\/wirmachenauf","https:\/\/x.com\/WirMachenAuf_de"]},{"@type":"Person","@id":"https:\/\/now-news.de\/de\/#\/schema\/person\/fb534a4e865501d8b3285208df34a9b5","name":"rtnews","image":{"@type":"ImageObject","inLanguage":"de","@id":"https:\/\/now-news.de\/de\/#\/schema\/person\/image\/","url":"https:\/\/secure.gravatar.com\/avatar\/82aafea7d8127119dd649515f56e2117?s=96&d=mm&r=g","contentUrl":"https:\/\/secure.gravatar.com\/avatar\/82aafea7d8127119dd649515f56e2117?s=96&d=mm&r=g","caption":"rtnews"},"url":"https:\/\/now-news.de\/de\/author\/rnews\/"}]}},"_links":{"self":[{"href":"https:\/\/now-news.de\/de\/wp-json\/wp\/v2\/posts\/37704"}],"collection":[{"href":"https:\/\/now-news.de\/de\/wp-json\/wp\/v2\/posts"}],"about":[{"href":"https:\/\/now-news.de\/de\/wp-json\/wp\/v2\/types\/post"}],"author":[{"embeddable":true,"href":"https:\/\/now-news.de\/de\/wp-json\/wp\/v2\/users\/3"}],"replies":[{"embeddable":true,"href":"https:\/\/now-news.de\/de\/wp-json\/wp\/v2\/comments?post=37704"}],"version-history":[{"count":0,"href":"https:\/\/now-news.de\/de\/wp-json\/wp\/v2\/posts\/37704\/revisions"}],"wp:featuredmedia":[{"embeddable":true,"href":"https:\/\/now-news.de\/de\/wp-json\/wp\/v2\/media\/37705"}],"wp:attachment":[{"href":"https:\/\/now-news.de\/de\/wp-json\/wp\/v2\/media?parent=37704"}],"wp:term":[{"taxonomy":"category","embeddable":true,"href":"https:\/\/now-news.de\/de\/wp-json\/wp\/v2\/categories?post=37704"},{"taxonomy":"post_tag","embeddable":true,"href":"https:\/\/now-news.de\/de\/wp-json\/wp\/v2\/tags?post=37704"}],"curies":[{"name":"wp","href":"https:\/\/api.w.org\/{rel}","templated":true}]}}