{"id":37682,"date":"2023-06-07T20:49:59","date_gmt":"2023-06-07T18:49:59","guid":{"rendered":"http:\/\/just-now.news\/de\/deutschland\/lex-tusk-eu-kommission-eroeffnet-neues-verfahren-gegen-polen\/"},"modified":"2023-06-07T20:49:59","modified_gmt":"2023-06-07T18:49:59","slug":"lex-tusk-eu-kommission-eroeffnet-neues-verfahren-gegen-polen","status":"publish","type":"post","link":"https:\/\/now-news.de\/de\/deutschland\/lex-tusk-eu-kommission-eroeffnet-neues-verfahren-gegen-polen\/","title":{"rendered":"&quot;Lex Tusk&quot;: EU-Kommission er\u00f6ffnet neues Verfahren gegen Polen"},"content":{"rendered":"<p><img decoding=\"async\" src=\"http:\/\/just-now.news\/de\/wp-content\/uploads\/sites\/3\/2023\/06\/64807e3e48fbef09a4648dca.jpg\" \/><\/p>\n<div class=\"Text-root Text-type_1 \">\n                Ein neues Gesetz \u00fcber vermeintlichen &#8220;russischen Einfluss&#8221; in Polen sorgt in der EU weiter f\u00fcr Unmut. Am Mittwoch teilte der Vizepr\u00e4sident der EU-Kommission, Valdis Dombrovskis, in Br\u00fcssel mit, dass es nun ein neues Verfahren gegen Warschau geben werde.\n            <\/div>\n<p><\/p>\n<div class=\"Text-root Text-type_5 ArticleView-text ViewText-root \">\n<p>Die Europ\u00e4ische Kommission er\u00f6ffnet wegen eines polnischen Gesetzes ein neues Verfahren gegen Polen. Man habe die Entscheidung heute getroffen, sagte der Vizepr\u00e4sident der EU-Kommission, Valdis Dombrovskis, in Br\u00fcssel. Am Ende k\u00f6nnte eine Klage vor dem Europ\u00e4ischen Gerichtshof und eine Geldbu\u00dfe stehen.<\/p>\n<p>Konkret geht es bei dem polnischen Gesetz darum, dass eine Untersuchungskommission pr\u00fcfen soll, ob Amtstr\u00e4ger zwischen 2007 und 2022 &#8220;unter russischem Einfluss Entscheidungen trafen, die der Sicherheit des Landes schadeten.&#8221;<\/p>\n<p>Kritiker bef\u00fcrchten, dass das Gesetz dazu dienen k\u00f6nnte, den Oppositionspolitiker Donald Tusk vor der Parlamentswahl im Herbst zu diskreditieren oder sogar aus dem politischen Leben zu verbannen. Die Rede ist von einer &#8220;Lex Tusk&#8221;. Das Gesetz w\u00fcrde es einer von der Regierung eingesetzten Kommission erm\u00f6glichen, Politiker von Wahlen auszuschlie\u00dfen.<\/p>\n<p>Am 8. Juni\u00a0will die EU-Kommission einen Brief mit den gegen die polnische Regierung erhobenen Vorw\u00fcrfen verschicken, Warschau hat dann zwei Monate Zeit, darauf zu reagieren.<\/p>\n<p>In seiner urspr\u00fcnglichen Form sah das Gesetz vor, dass die neunk\u00f6pfige Untersuchungskommission Strafen und ein Amtsverbot von bis zu zehn Jahren verh\u00e4ngen darf. Nach heftiger Kritik seitens der EU und der USA hatte Pr\u00e4sident Andrzej Duda, aber bereits \u00c4nderungen vorgeschlagen.<\/p>\n<p>In der neuen Fassung soll das Gremium nun lediglich feststellen, &#8220;dass eine Person, die unter russischem Einfluss gehandelt hat, eine ordnungsgem\u00e4\u00dfe Erf\u00fcllung des \u00f6ffentlichen Interesses nicht gew\u00e4hrleisten kann.&#8221;<\/p>\n<p><strong>Mehr zum Thema<\/strong> \u2013 <a rel=\"nofollow noopener\" target=\"_blank\" href=\"https:\/\/freeassange.rtde.life\/meinung\/171863-russland-hat-alle-polnischen-politiker-gekauft\/\">Russland hat alle polnischen Politiker gekauft \u2013 sagen polnische Politiker<\/a><\/p>\n<div class=\"EmbedBlock-root EmbedBlock-externalVideo EmbedBlock-odysee\">\n<div class=\"VkEmbed\"><iframe class=\"lazyload\" data-src=\"https:\/\/odysee.com\/%24\/embed\/%40RTDE%3Ae%2Fgewaltiger-anti-regierungsmarsch-warschau-hunderttausende-demonstrieren-gesetzentwurf%3Ad\" frameborder=\"0\" width=\"853\" height=\"480\" allowfullscreen><\/iframe><\/div>\n<\/div>\n<\/div>\n<p><br \/>\n<br \/><a href=\"https:\/\/de.rt.com\/international\/172074-lex-tusk-eu-kommission-eroeffnet\/\">Source link <\/a><\/p>\n","protected":false},"excerpt":{"rendered":"<p>Ein neues Gesetz \u00fcber vermeintlichen &#8220;russischen Einfluss&#8221; in Polen sorgt in der EU weiter f\u00fcr Unmut. Am Mittwoch teilte der Vizepr\u00e4sident der EU-Kommission, Valdis Dombrovskis, in Br\u00fcssel mit, dass es nun ein neues Verfahren gegen Warschau geben werde. Die Europ\u00e4ische Kommission er\u00f6ffnet wegen eines polnischen Gesetzes ein neues Verfahren gegen Polen. Man habe die Entscheidung [&hellip;]<\/p>\n","protected":false},"author":3,"featured_media":37683,"comment_status":"open","ping_status":"open","sticky":false,"template":"","format":"standard","meta":{"_yoast_indexnow_last_ping":["1686163987"],"wp_automatic_camp":["217"],"d58ac8ffecfdf11b42294efb694fef2b":["&quot;Lex Tusk&quot;: EU-Kommission er\u00f6ffnet neues Verfahren gegen Polen"],"original_link":["https:\/\/de.rt.com\/international\/172074-lex-tusk-eu-kommission-eroeffnet\/"],"_thumbnail_id":["37683"],"jnews_social_counter_last_update":["1777635794"]},"categories":[19,23],"tags":[11662,1500,278,5324,5850,45074,45355,24663],"yoast_head":"<!-- This site is optimized with the Yoast SEO Premium plugin v22.7 (Yoast SEO v22.7) - https:\/\/yoast.com\/wordpress\/plugins\/seo\/ -->\n<title>&quot;Lex Tusk&quot;: EU-Kommission er\u00f6ffnet neues Verfahren gegen Polen - just-now.NEWS Deutschland<\/title>\n<meta name=\"robots\" content=\"index, follow, max-snippet:-1, max-image-preview:large, max-video-preview:-1\" \/>\n<link rel=\"canonical\" href=\"https:\/\/now-news.de\/de\/deutschland\/lex-tusk-eu-kommission-eroeffnet-neues-verfahren-gegen-polen\/\" \/>\n<meta property=\"og:locale\" content=\"de_DE\" \/>\n<meta property=\"og:type\" content=\"article\" \/>\n<meta property=\"og:title\" content=\"&quot;Lex Tusk&quot;: EU-Kommission er\u00f6ffnet neues Verfahren gegen Polen\" \/>\n<meta property=\"og:description\" content=\"Ein neues Gesetz \u00fcber vermeintlichen &#8220;russischen Einfluss&#8221; in Polen sorgt in der EU weiter f\u00fcr Unmut. Am Mittwoch teilte der Vizepr\u00e4sident der EU-Kommission, Valdis Dombrovskis, in Br\u00fcssel mit, dass es nun ein neues Verfahren gegen Warschau geben werde. Die Europ\u00e4ische Kommission er\u00f6ffnet wegen eines polnischen Gesetzes ein neues Verfahren gegen Polen. Man habe die Entscheidung [&hellip;]\" \/>\n<meta property=\"og:url\" content=\"https:\/\/now-news.de\/de\/deutschland\/lex-tusk-eu-kommission-eroeffnet-neues-verfahren-gegen-polen\/\" \/>\n<meta property=\"og:site_name\" content=\"just-now.NEWS Deutschland\" \/>\n<meta property=\"article:publisher\" content=\"https:\/\/www.facebook.com\/wirmachenauf\" \/>\n<meta property=\"article:published_time\" content=\"2023-06-07T18:49:59+00:00\" \/>\n<meta property=\"og:image\" content=\"https:\/\/now-news.de\/de\/wp-content\/uploads\/sites\/3\/2023\/06\/quotLex-Tuskquot-EU-Kommission-eroeffnet-neues-Verfahren-gegen-Polen.jpg\" \/>\n\t<meta property=\"og:image:width\" content=\"460\" \/>\n\t<meta property=\"og:image:height\" content=\"259\" \/>\n\t<meta property=\"og:image:type\" content=\"image\/jpeg\" \/>\n<meta name=\"author\" content=\"rtnews\" \/>\n<meta name=\"twitter:card\" content=\"summary_large_image\" \/>\n<meta name=\"twitter:creator\" content=\"@WirMachenAuf_de\" \/>\n<meta name=\"twitter:site\" content=\"@WirMachenAuf_de\" \/>\n<meta name=\"twitter:label1\" content=\"Verfasst von\" \/>\n\t<meta name=\"twitter:data1\" content=\"rtnews\" \/>\n\t<meta name=\"twitter:label2\" content=\"Gesch\u00e4tzte Lesezeit\" \/>\n\t<meta name=\"twitter:data2\" content=\"1\u00a0Minute\" \/>\n<script type=\"application\/ld+json\" class=\"yoast-schema-graph\">{\"@context\":\"https:\/\/schema.org\",\"@graph\":[{\"@type\":\"Article\",\"@id\":\"https:\/\/now-news.de\/de\/deutschland\/lex-tusk-eu-kommission-eroeffnet-neues-verfahren-gegen-polen\/#article\",\"isPartOf\":{\"@id\":\"https:\/\/now-news.de\/de\/deutschland\/lex-tusk-eu-kommission-eroeffnet-neues-verfahren-gegen-polen\/\"},\"author\":{\"name\":\"rtnews\",\"@id\":\"https:\/\/now-news.de\/de\/#\/schema\/person\/fb534a4e865501d8b3285208df34a9b5\"},\"headline\":\"&quot;Lex Tusk&quot;: EU-Kommission er\u00f6ffnet neues Verfahren gegen Polen\",\"datePublished\":\"2023-06-07T18:49:59+00:00\",\"dateModified\":\"2023-06-07T18:49:59+00:00\",\"mainEntityOfPage\":{\"@id\":\"https:\/\/now-news.de\/de\/deutschland\/lex-tusk-eu-kommission-eroeffnet-neues-verfahren-gegen-polen\/\"},\"wordCount\":300,\"commentCount\":0,\"publisher\":{\"@id\":\"https:\/\/now-news.de\/de\/#organization\"},\"image\":{\"@id\":\"https:\/\/now-news.de\/de\/deutschland\/lex-tusk-eu-kommission-eroeffnet-neues-verfahren-gegen-polen\/#primaryimage\"},\"thumbnailUrl\":\"https:\/\/now-news.de\/de\/wp-content\/uploads\/sites\/3\/2023\/06\/quotLex-Tuskquot-EU-Kommission-eroeffnet-neues-Verfahren-gegen-Polen.jpg\",\"keywords\":[\"er\u00f6ffnet\",\"EUKommission\",\"gegen\",\"neues\",\"Polen\",\"quotLex\",\"Tuskquot\",\"Verfahren\"],\"articleSection\":[\"Deutschland\",\"Russland\"],\"inLanguage\":\"de\",\"potentialAction\":[{\"@type\":\"CommentAction\",\"name\":\"Comment\",\"target\":[\"https:\/\/now-news.de\/de\/deutschland\/lex-tusk-eu-kommission-eroeffnet-neues-verfahren-gegen-polen\/#respond\"]}]},{\"@type\":\"WebPage\",\"@id\":\"https:\/\/now-news.de\/de\/deutschland\/lex-tusk-eu-kommission-eroeffnet-neues-verfahren-gegen-polen\/\",\"url\":\"https:\/\/now-news.de\/de\/deutschland\/lex-tusk-eu-kommission-eroeffnet-neues-verfahren-gegen-polen\/\",\"name\":\"&quot;Lex Tusk&quot;: EU-Kommission er\u00f6ffnet neues Verfahren gegen Polen - just-now.NEWS Deutschland\",\"isPartOf\":{\"@id\":\"https:\/\/now-news.de\/de\/#website\"},\"primaryImageOfPage\":{\"@id\":\"https:\/\/now-news.de\/de\/deutschland\/lex-tusk-eu-kommission-eroeffnet-neues-verfahren-gegen-polen\/#primaryimage\"},\"image\":{\"@id\":\"https:\/\/now-news.de\/de\/deutschland\/lex-tusk-eu-kommission-eroeffnet-neues-verfahren-gegen-polen\/#primaryimage\"},\"thumbnailUrl\":\"https:\/\/now-news.de\/de\/wp-content\/uploads\/sites\/3\/2023\/06\/quotLex-Tuskquot-EU-Kommission-eroeffnet-neues-Verfahren-gegen-Polen.jpg\",\"datePublished\":\"2023-06-07T18:49:59+00:00\",\"dateModified\":\"2023-06-07T18:49:59+00:00\",\"breadcrumb\":{\"@id\":\"https:\/\/now-news.de\/de\/deutschland\/lex-tusk-eu-kommission-eroeffnet-neues-verfahren-gegen-polen\/#breadcrumb\"},\"inLanguage\":\"de\",\"potentialAction\":[{\"@type\":\"ReadAction\",\"target\":[\"https:\/\/now-news.de\/de\/deutschland\/lex-tusk-eu-kommission-eroeffnet-neues-verfahren-gegen-polen\/\"]}]},{\"@type\":\"ImageObject\",\"inLanguage\":\"de\",\"@id\":\"https:\/\/now-news.de\/de\/deutschland\/lex-tusk-eu-kommission-eroeffnet-neues-verfahren-gegen-polen\/#primaryimage\",\"url\":\"https:\/\/now-news.de\/de\/wp-content\/uploads\/sites\/3\/2023\/06\/quotLex-Tuskquot-EU-Kommission-eroeffnet-neues-Verfahren-gegen-Polen.jpg\",\"contentUrl\":\"https:\/\/now-news.de\/de\/wp-content\/uploads\/sites\/3\/2023\/06\/quotLex-Tuskquot-EU-Kommission-eroeffnet-neues-Verfahren-gegen-Polen.jpg\",\"width\":460,\"height\":259,\"caption\":\"&quot;Lex Tusk&quot;: EU-Kommission er\u00f6ffnet neues Verfahren gegen Polen\"},{\"@type\":\"BreadcrumbList\",\"@id\":\"https:\/\/now-news.de\/de\/deutschland\/lex-tusk-eu-kommission-eroeffnet-neues-verfahren-gegen-polen\/#breadcrumb\",\"itemListElement\":[{\"@type\":\"ListItem\",\"position\":1,\"name\":\"Home\",\"item\":\"https:\/\/now-news.de\/de\/\"},{\"@type\":\"ListItem\",\"position\":2,\"name\":\"&quot;Lex Tusk&quot;: EU-Kommission er\u00f6ffnet neues Verfahren gegen Polen\"}]},{\"@type\":\"WebSite\",\"@id\":\"https:\/\/now-news.de\/de\/#website\",\"url\":\"https:\/\/now-news.de\/de\/\",\"name\":\"just-now.NEWS Deutschland\",\"description\":\"Das Portal f\u00fcr unzensierte Nachrichten aus der Welt\",\"publisher\":{\"@id\":\"https:\/\/now-news.de\/de\/#organization\"},\"potentialAction\":[{\"@type\":\"SearchAction\",\"target\":{\"@type\":\"EntryPoint\",\"urlTemplate\":\"https:\/\/now-news.de\/de\/?s={search_term_string}\"},\"query-input\":\"required name=search_term_string\"}],\"inLanguage\":\"de\"},{\"@type\":\"Organization\",\"@id\":\"https:\/\/now-news.de\/de\/#organization\",\"name\":\"Just Now News\",\"url\":\"https:\/\/now-news.de\/de\/\",\"logo\":{\"@type\":\"ImageObject\",\"inLanguage\":\"de\",\"@id\":\"https:\/\/now-news.de\/de\/#\/schema\/logo\/image\/\",\"url\":\"http:\/\/just-now.news\/de\/wp-content\/uploads\/sites\/3\/2022\/04\/logo500x500.jpg\",\"contentUrl\":\"http:\/\/just-now.news\/de\/wp-content\/uploads\/sites\/3\/2022\/04\/logo500x500.jpg\",\"width\":500,\"height\":500,\"caption\":\"Just Now News\"},\"image\":{\"@id\":\"https:\/\/now-news.de\/de\/#\/schema\/logo\/image\/\"},\"sameAs\":[\"https:\/\/www.facebook.com\/wirmachenauf\",\"https:\/\/x.com\/WirMachenAuf_de\"]},{\"@type\":\"Person\",\"@id\":\"https:\/\/now-news.de\/de\/#\/schema\/person\/fb534a4e865501d8b3285208df34a9b5\",\"name\":\"rtnews\",\"image\":{\"@type\":\"ImageObject\",\"inLanguage\":\"de\",\"@id\":\"https:\/\/now-news.de\/de\/#\/schema\/person\/image\/\",\"url\":\"https:\/\/secure.gravatar.com\/avatar\/82aafea7d8127119dd649515f56e2117?s=96&d=mm&r=g\",\"contentUrl\":\"https:\/\/secure.gravatar.com\/avatar\/82aafea7d8127119dd649515f56e2117?s=96&d=mm&r=g\",\"caption\":\"rtnews\"},\"url\":\"https:\/\/now-news.de\/de\/author\/rnews\/\"}]}<\/script>\n<!-- \/ Yoast SEO Premium plugin. -->","yoast_head_json":{"title":"&quot;Lex Tusk&quot;: EU-Kommission er\u00f6ffnet neues Verfahren gegen Polen - just-now.NEWS Deutschland","robots":{"index":"index","follow":"follow","max-snippet":"max-snippet:-1","max-image-preview":"max-image-preview:large","max-video-preview":"max-video-preview:-1"},"canonical":"https:\/\/now-news.de\/de\/deutschland\/lex-tusk-eu-kommission-eroeffnet-neues-verfahren-gegen-polen\/","og_locale":"de_DE","og_type":"article","og_title":"&quot;Lex Tusk&quot;: EU-Kommission er\u00f6ffnet neues Verfahren gegen Polen","og_description":"Ein neues Gesetz \u00fcber vermeintlichen &#8220;russischen Einfluss&#8221; in Polen sorgt in der EU weiter f\u00fcr Unmut. Am Mittwoch teilte der Vizepr\u00e4sident der EU-Kommission, Valdis Dombrovskis, in Br\u00fcssel mit, dass es nun ein neues Verfahren gegen Warschau geben werde. Die Europ\u00e4ische Kommission er\u00f6ffnet wegen eines polnischen Gesetzes ein neues Verfahren gegen Polen. Man habe die Entscheidung [&hellip;]","og_url":"https:\/\/now-news.de\/de\/deutschland\/lex-tusk-eu-kommission-eroeffnet-neues-verfahren-gegen-polen\/","og_site_name":"just-now.NEWS Deutschland","article_publisher":"https:\/\/www.facebook.com\/wirmachenauf","article_published_time":"2023-06-07T18:49:59+00:00","og_image":[{"width":460,"height":259,"url":"https:\/\/now-news.de\/de\/wp-content\/uploads\/sites\/3\/2023\/06\/quotLex-Tuskquot-EU-Kommission-eroeffnet-neues-Verfahren-gegen-Polen.jpg","type":"image\/jpeg"}],"author":"rtnews","twitter_card":"summary_large_image","twitter_creator":"@WirMachenAuf_de","twitter_site":"@WirMachenAuf_de","twitter_misc":{"Verfasst von":"rtnews","Gesch\u00e4tzte Lesezeit":"1\u00a0Minute"},"schema":{"@context":"https:\/\/schema.org","@graph":[{"@type":"Article","@id":"https:\/\/now-news.de\/de\/deutschland\/lex-tusk-eu-kommission-eroeffnet-neues-verfahren-gegen-polen\/#article","isPartOf":{"@id":"https:\/\/now-news.de\/de\/deutschland\/lex-tusk-eu-kommission-eroeffnet-neues-verfahren-gegen-polen\/"},"author":{"name":"rtnews","@id":"https:\/\/now-news.de\/de\/#\/schema\/person\/fb534a4e865501d8b3285208df34a9b5"},"headline":"&quot;Lex Tusk&quot;: EU-Kommission er\u00f6ffnet neues Verfahren gegen Polen","datePublished":"2023-06-07T18:49:59+00:00","dateModified":"2023-06-07T18:49:59+00:00","mainEntityOfPage":{"@id":"https:\/\/now-news.de\/de\/deutschland\/lex-tusk-eu-kommission-eroeffnet-neues-verfahren-gegen-polen\/"},"wordCount":300,"commentCount":0,"publisher":{"@id":"https:\/\/now-news.de\/de\/#organization"},"image":{"@id":"https:\/\/now-news.de\/de\/deutschland\/lex-tusk-eu-kommission-eroeffnet-neues-verfahren-gegen-polen\/#primaryimage"},"thumbnailUrl":"https:\/\/now-news.de\/de\/wp-content\/uploads\/sites\/3\/2023\/06\/quotLex-Tuskquot-EU-Kommission-eroeffnet-neues-Verfahren-gegen-Polen.jpg","keywords":["er\u00f6ffnet","EUKommission","gegen","neues","Polen","quotLex","Tuskquot","Verfahren"],"articleSection":["Deutschland","Russland"],"inLanguage":"de","potentialAction":[{"@type":"CommentAction","name":"Comment","target":["https:\/\/now-news.de\/de\/deutschland\/lex-tusk-eu-kommission-eroeffnet-neues-verfahren-gegen-polen\/#respond"]}]},{"@type":"WebPage","@id":"https:\/\/now-news.de\/de\/deutschland\/lex-tusk-eu-kommission-eroeffnet-neues-verfahren-gegen-polen\/","url":"https:\/\/now-news.de\/de\/deutschland\/lex-tusk-eu-kommission-eroeffnet-neues-verfahren-gegen-polen\/","name":"&quot;Lex Tusk&quot;: EU-Kommission er\u00f6ffnet neues Verfahren gegen Polen - just-now.NEWS Deutschland","isPartOf":{"@id":"https:\/\/now-news.de\/de\/#website"},"primaryImageOfPage":{"@id":"https:\/\/now-news.de\/de\/deutschland\/lex-tusk-eu-kommission-eroeffnet-neues-verfahren-gegen-polen\/#primaryimage"},"image":{"@id":"https:\/\/now-news.de\/de\/deutschland\/lex-tusk-eu-kommission-eroeffnet-neues-verfahren-gegen-polen\/#primaryimage"},"thumbnailUrl":"https:\/\/now-news.de\/de\/wp-content\/uploads\/sites\/3\/2023\/06\/quotLex-Tuskquot-EU-Kommission-eroeffnet-neues-Verfahren-gegen-Polen.jpg","datePublished":"2023-06-07T18:49:59+00:00","dateModified":"2023-06-07T18:49:59+00:00","breadcrumb":{"@id":"https:\/\/now-news.de\/de\/deutschland\/lex-tusk-eu-kommission-eroeffnet-neues-verfahren-gegen-polen\/#breadcrumb"},"inLanguage":"de","potentialAction":[{"@type":"ReadAction","target":["https:\/\/now-news.de\/de\/deutschland\/lex-tusk-eu-kommission-eroeffnet-neues-verfahren-gegen-polen\/"]}]},{"@type":"ImageObject","inLanguage":"de","@id":"https:\/\/now-news.de\/de\/deutschland\/lex-tusk-eu-kommission-eroeffnet-neues-verfahren-gegen-polen\/#primaryimage","url":"https:\/\/now-news.de\/de\/wp-content\/uploads\/sites\/3\/2023\/06\/quotLex-Tuskquot-EU-Kommission-eroeffnet-neues-Verfahren-gegen-Polen.jpg","contentUrl":"https:\/\/now-news.de\/de\/wp-content\/uploads\/sites\/3\/2023\/06\/quotLex-Tuskquot-EU-Kommission-eroeffnet-neues-Verfahren-gegen-Polen.jpg","width":460,"height":259,"caption":"&quot;Lex Tusk&quot;: EU-Kommission er\u00f6ffnet neues Verfahren gegen Polen"},{"@type":"BreadcrumbList","@id":"https:\/\/now-news.de\/de\/deutschland\/lex-tusk-eu-kommission-eroeffnet-neues-verfahren-gegen-polen\/#breadcrumb","itemListElement":[{"@type":"ListItem","position":1,"name":"Home","item":"https:\/\/now-news.de\/de\/"},{"@type":"ListItem","position":2,"name":"&quot;Lex Tusk&quot;: EU-Kommission er\u00f6ffnet neues Verfahren gegen Polen"}]},{"@type":"WebSite","@id":"https:\/\/now-news.de\/de\/#website","url":"https:\/\/now-news.de\/de\/","name":"just-now.NEWS Deutschland","description":"Das Portal f\u00fcr unzensierte Nachrichten aus der Welt","publisher":{"@id":"https:\/\/now-news.de\/de\/#organization"},"potentialAction":[{"@type":"SearchAction","target":{"@type":"EntryPoint","urlTemplate":"https:\/\/now-news.de\/de\/?s={search_term_string}"},"query-input":"required name=search_term_string"}],"inLanguage":"de"},{"@type":"Organization","@id":"https:\/\/now-news.de\/de\/#organization","name":"Just Now News","url":"https:\/\/now-news.de\/de\/","logo":{"@type":"ImageObject","inLanguage":"de","@id":"https:\/\/now-news.de\/de\/#\/schema\/logo\/image\/","url":"http:\/\/just-now.news\/de\/wp-content\/uploads\/sites\/3\/2022\/04\/logo500x500.jpg","contentUrl":"http:\/\/just-now.news\/de\/wp-content\/uploads\/sites\/3\/2022\/04\/logo500x500.jpg","width":500,"height":500,"caption":"Just Now News"},"image":{"@id":"https:\/\/now-news.de\/de\/#\/schema\/logo\/image\/"},"sameAs":["https:\/\/www.facebook.com\/wirmachenauf","https:\/\/x.com\/WirMachenAuf_de"]},{"@type":"Person","@id":"https:\/\/now-news.de\/de\/#\/schema\/person\/fb534a4e865501d8b3285208df34a9b5","name":"rtnews","image":{"@type":"ImageObject","inLanguage":"de","@id":"https:\/\/now-news.de\/de\/#\/schema\/person\/image\/","url":"https:\/\/secure.gravatar.com\/avatar\/82aafea7d8127119dd649515f56e2117?s=96&d=mm&r=g","contentUrl":"https:\/\/secure.gravatar.com\/avatar\/82aafea7d8127119dd649515f56e2117?s=96&d=mm&r=g","caption":"rtnews"},"url":"https:\/\/now-news.de\/de\/author\/rnews\/"}]}},"_links":{"self":[{"href":"https:\/\/now-news.de\/de\/wp-json\/wp\/v2\/posts\/37682"}],"collection":[{"href":"https:\/\/now-news.de\/de\/wp-json\/wp\/v2\/posts"}],"about":[{"href":"https:\/\/now-news.de\/de\/wp-json\/wp\/v2\/types\/post"}],"author":[{"embeddable":true,"href":"https:\/\/now-news.de\/de\/wp-json\/wp\/v2\/users\/3"}],"replies":[{"embeddable":true,"href":"https:\/\/now-news.de\/de\/wp-json\/wp\/v2\/comments?post=37682"}],"version-history":[{"count":0,"href":"https:\/\/now-news.de\/de\/wp-json\/wp\/v2\/posts\/37682\/revisions"}],"wp:featuredmedia":[{"embeddable":true,"href":"https:\/\/now-news.de\/de\/wp-json\/wp\/v2\/media\/37683"}],"wp:attachment":[{"href":"https:\/\/now-news.de\/de\/wp-json\/wp\/v2\/media?parent=37682"}],"wp:term":[{"taxonomy":"category","embeddable":true,"href":"https:\/\/now-news.de\/de\/wp-json\/wp\/v2\/categories?post=37682"},{"taxonomy":"post_tag","embeddable":true,"href":"https:\/\/now-news.de\/de\/wp-json\/wp\/v2\/tags?post=37682"}],"curies":[{"name":"wp","href":"https:\/\/api.w.org\/{rel}","templated":true}]}}