{"id":37678,"date":"2023-06-07T20:13:49","date_gmt":"2023-06-07T18:13:49","guid":{"rendered":"https:\/\/just-now.news\/de\/deutschland\/ard-chef-kai-gniffke-will-gez-erhoehung-experten-fordern-schluss-mit-gendern\/"},"modified":"2023-06-07T20:13:49","modified_gmt":"2023-06-07T18:13:49","slug":"ard-chef-kai-gniffke-will-gez-erhoehung-experten-fordern-schluss-mit-gendern","status":"publish","type":"post","link":"https:\/\/now-news.de\/de\/deutschland\/ard-chef-kai-gniffke-will-gez-erhoehung-experten-fordern-schluss-mit-gendern\/","title":{"rendered":"ARD-Chef Kai Gniffke will GEZ-Erh\u00f6hung \u2013 Experten fordern Schluss mit Gendern"},"content":{"rendered":"<p><img decoding=\"async\" src=\"http:\/\/just-now.news\/de\/wp-content\/uploads\/sites\/3\/2023\/06\/647f317e48fbef09a4648d6e.jpg\" \/><\/p>\n<div class=\"Text-root Text-type_1 \">\n                Ob wegen Gendersprache oder einseitiger Berichterstattung: Seit Jahren w\u00e4chst das Misstrauen der Deutschen in den \u00f6ffentlich-rechtlichen Rundfunk. Eine Erh\u00f6hung des monatlichen Rundfunkbeitrags h\u00e4lt ARD-Chef Kai Gniffke dennoch f\u00fcr n\u00f6tig.\n            <\/div>\n<p><\/p>\n<div class=\"Text-root Text-type_5 ArticleView-text ViewText-root \">\n<p>Der Vorsitzende der <em>ARD<\/em> und <em>SWR<\/em>-Intendant Kai Gniffke will laut eigenen Angaben f\u00fcr die Erh\u00f6hung des sogenannten Rundfunkbeitrags k\u00e4mpfen. Dies sagte der 62-J\u00e4hrige am Dienstag auf der Digitalmesse Republica, die aktuell in Berlin stattfindet.<\/p>\n<p>Laut Gniffke brauche es das Geld, um der Aufgabe der <em>ARD<\/em> als \u00f6ffentlich-rechtlicher Rundfunk (\u00d6RR) nachzukommen. Unverantwortlich w\u00e4re es hingegen, Mitarbeitern aufgrund nicht ausreichender finanzieller Mittel zu k\u00fcndigen.<\/p>\n<p>Gleichzeitig betonte er, dass er wisse, &#8220;wie die Gesellschaft \u00fcber uns denkt und redet&#8221;. Deshalb werde man effizienter arbeiten. Eine m\u00f6gliche H\u00f6he des k\u00fcnftigen Rundfunkbeitrags nannte der Rundfunk-Funktion\u00e4r nicht.\u00a0<\/p>\n<p><strong>Ministerpr\u00e4sidenten gegen Erh\u00f6hung<\/strong><\/p>\n<p>Aktuell m\u00fcssen deutsche Haushalte und Firmen monatlich 18,36 Euro\u00a0als sogenannten Rundfunkbeitrag zahlen. Die aktuelle Beitragsperiode l\u00e4uft noch bis Ende 2024.<\/p>\n<p><em>ARD<\/em>, <em>ZDF<\/em> und <em>Deutschlandradio<\/em> haben ihre Finanzplanung f\u00fcr die Zeit ab dem 1. Januar 2025 bereits an die zust\u00e4ndige Finanzkommission geschickt. Sobald die Pr\u00fcfung abgeschlossen ist,\u00a0spricht die Kommission eine Empfehlung aus, die den Bundesl\u00e4ndern zu Abstimmung vorgelegt wird.<\/p>\n<p>F\u00fcr die Erh\u00f6hung des Rundfunkbeitrags ist eine einstimmige Zustimmung n\u00f6tig. Ob es hierzu kommen wird, ist aktuell unklar.<\/p>\n<p>Eine Umfrage der Zeitung <em>Welt<\/em>\u00a0ergab n\u00e4mlich, dass die Ministerpr\u00e4sidenten von Th\u00fcringen, Brandenburg, Niedersachsen und Bayern eine Erh\u00f6hung nicht mittragen wollen. Mecklenburg-Vorpommern, Schleswig-Holstein und andere L\u00e4nder pochen auf eine h\u00f6here Kostendisziplin.<\/p>\n<p><strong>Kritik an Gendersprache st\u00f6\u00dft auf taube Ohren<\/strong><\/p>\n<p>Die Ursache f\u00fcr diese scharfen Reaktionen aus der Politik gegen\u00fcber einer Erh\u00f6hung des Rundfunkbeitrags d\u00fcrfte vor allem am schlechten Ruf liegen, den die \u00f6ffentlich-rechtlichen Medien unter den B\u00fcrgern mittlerweile haben. Auch wiederholt vorgetragene Kritik am Vorgehen der Sender, zum Beispiel beim sogenannten Gendern, scheinen weitgehend auf taube Ohren zu sto\u00dfen.<\/p>\n<p>So hatten 70 Sprachwissenschaftler schon im Juli 2022 einen Aufruf unterzeichnet, in dem das Gendern kritisiert wurde. Nun haben die Initiatoren ihren <a rel=\"nofollow noopener\" target=\"_blank\" href=\"\/www.linguistik-vs-gendern.de\/)\">Aufruf<\/a> wiederholt, den mittlerweile 700 Personen, die sich wissenschaftlich mit der deutschen Sprache besch\u00e4ftigen, unterschrieben haben.<\/p>\n<p><strong>Publikum w\u00fcnscht keine Umerziehung<\/strong><\/p>\n<p>Um ihren Anliegen Nachdruck zu verleihen,\u00a0versandten die Initiatoren zus\u00e4tzlich einen Brief mit ihren Forderungen an s\u00e4mtliche Fernsehr\u00e4te (im Schnitt 50 Mitglieder pro Sender), in dem sie darauf hinweisen, dass 80 Prozent der Bev\u00f6lkerung die &#8220;Gendersprache&#8221; ablehnten.<\/p>\n<p>Dass \u00f6ffentlich-rechtliche Medienmacher dennoch weiterhin Gendersprache nutzten, dokumentiere &#8220;eine tiefe Entfremdung zwischen Medienmachern und ihrem Publikum&#8221;:<\/p>\n<blockquote>\n<p><em>&#8220;Die beharren auf ihrem p\u00e4dagogischen Sprachprojekt und bemerken nicht, dass sich das Publikum abwendet, weil es keine Umerziehung w\u00fcnscht.&#8221;<\/em><\/p>\n<\/blockquote>\n<p>Einer der Initiatoren, der Komponist und Publizist Fabian Payr, begr\u00fcndete das Vorgehen, dass man die Fernsehr\u00e4te einzeln anschreibe damit, dass man &#8220;nicht davon ausgehen k\u00f6nnen, dass ein Schreiben, das an die Gesch\u00e4ftsstelle eines Rates gesendet wird, an alle Mitglieder weitergeleitet wird&#8221;.<\/p>\n<p><strong>\u00d6RR soll seine origin\u00e4ren Aufgaben erf\u00fcllen<\/strong><\/p>\n<p>In ihrem Brief an die Fernsehr\u00e4te bitten die Initiatoren darum, sich in den jeweiligen Gremien daf\u00fcr einzusetzen, dass &#8220;der \u00d6RR wieder seinen origin\u00e4ren Aufgaben&#8221; nachkomme.\u00a0Man begr\u00fc\u00dfe jedes sinnvolle Engagement f\u00fcr Gleichberechtigung, der Rundfunk sei aber kein Ort f\u00fcr politischen Aktivismus.<\/p>\n<p>&#8220;Gendergerechte Sprache&#8221; trage ma\u00dfgeblich zum Verlust von Vertrauen der B\u00fcrger in die \u00f6ffentlich-rechtlichen Medien bei, da sie von vielen als &#8220;Jargon einer Elite&#8221; wahrgenommen werde.<\/p>\n<p>Durch Nutzung einer &#8220;ideologisch motivierten Sprache&#8221; w\u00fcrden zudem die Vorgaben des Medienstaatsvertrags verletzt, der\u00a0den \u00d6RR zu &#8220;Objektivit\u00e4t und Unparteilichkeit der Berichterstattung, zu Meinungsvielfalt sowie Ausgewogenheit seiner Angebote&#8221; verpflichte.<\/p>\n<p><strong>Mehr zum Thema\u00a0<\/strong>\u2013\u00a0<a rel=\"nofollow noopener\" target=\"_blank\" href=\"https:\/\/freeassange.rtde.me\/inland\/171406-impfnebenwirkungen-gez-medien-und-stiko\/\">&#8220;Impfnebenwirkungen&#8221;, GEZ-Medien und die STIKO: Kein &#8220;urs\u00e4chlicher&#8221; Zusammenhang?<\/a><\/p>\n<\/div>\n<p><br \/>\n<br \/><a href=\"https:\/\/de.rt.com\/inland\/171992-ard-chef-kai-gniffke-will\/\">Source link <\/a><\/p>\n","protected":false},"excerpt":{"rendered":"<p>Ob wegen Gendersprache oder einseitiger Berichterstattung: Seit Jahren w\u00e4chst das Misstrauen der Deutschen in den \u00f6ffentlich-rechtlichen Rundfunk. Eine Erh\u00f6hung des monatlichen Rundfunkbeitrags h\u00e4lt ARD-Chef Kai Gniffke dennoch f\u00fcr n\u00f6tig. Der Vorsitzende der ARD und SWR-Intendant Kai Gniffke will laut eigenen Angaben f\u00fcr die Erh\u00f6hung des sogenannten Rundfunkbeitrags k\u00e4mpfen. Dies sagte der 62-J\u00e4hrige am Dienstag auf [&hellip;]<\/p>\n","protected":false},"author":3,"featured_media":37679,"comment_status":"open","ping_status":"open","sticky":false,"template":"","format":"standard","meta":{"_yoast_indexnow_last_ping":["1686162056"],"wp_automatic_camp":["217"],"b50168dec0a590f0b52cd72f0636b79d":["ARD-Chef Kai Gniffke will GEZ-Erh\u00f6hung \u2013 Experten fordern Schluss mit Gendern"],"original_link":["https:\/\/de.rt.com\/inland\/171992-ard-chef-kai-gniffke-will\/"],"_thumbnail_id":["37679"],"jnews_social_counter_last_update":["1777332531"]},"categories":[19,23],"tags":[35878,3312,3657,21311,45352,45351,9487,419,28929],"yoast_head":"<!-- This site is optimized with the Yoast SEO Premium plugin v22.7 (Yoast SEO v22.7) - https:\/\/yoast.com\/wordpress\/plugins\/seo\/ -->\n<title>ARD-Chef Kai Gniffke will GEZ-Erh\u00f6hung \u2013 Experten fordern Schluss mit Gendern - just-now.NEWS Deutschland<\/title>\n<meta name=\"robots\" content=\"index, follow, max-snippet:-1, max-image-preview:large, max-video-preview:-1\" \/>\n<link rel=\"canonical\" href=\"https:\/\/now-news.de\/de\/deutschland\/ard-chef-kai-gniffke-will-gez-erhoehung-experten-fordern-schluss-mit-gendern\/\" \/>\n<meta property=\"og:locale\" content=\"de_DE\" \/>\n<meta property=\"og:type\" content=\"article\" \/>\n<meta property=\"og:title\" content=\"ARD-Chef Kai Gniffke will GEZ-Erh\u00f6hung \u2013 Experten fordern Schluss mit Gendern\" \/>\n<meta property=\"og:description\" content=\"Ob wegen Gendersprache oder einseitiger Berichterstattung: Seit Jahren w\u00e4chst das Misstrauen der Deutschen in den \u00f6ffentlich-rechtlichen Rundfunk. Eine Erh\u00f6hung des monatlichen Rundfunkbeitrags h\u00e4lt ARD-Chef Kai Gniffke dennoch f\u00fcr n\u00f6tig. Der Vorsitzende der ARD und SWR-Intendant Kai Gniffke will laut eigenen Angaben f\u00fcr die Erh\u00f6hung des sogenannten Rundfunkbeitrags k\u00e4mpfen. Dies sagte der 62-J\u00e4hrige am Dienstag auf [&hellip;]\" \/>\n<meta property=\"og:url\" content=\"https:\/\/now-news.de\/de\/deutschland\/ard-chef-kai-gniffke-will-gez-erhoehung-experten-fordern-schluss-mit-gendern\/\" \/>\n<meta property=\"og:site_name\" content=\"just-now.NEWS Deutschland\" \/>\n<meta property=\"article:publisher\" content=\"https:\/\/www.facebook.com\/wirmachenauf\" \/>\n<meta property=\"article:published_time\" content=\"2023-06-07T18:13:49+00:00\" \/>\n<meta property=\"og:image\" content=\"https:\/\/now-news.de\/de\/wp-content\/uploads\/sites\/3\/2023\/06\/ARD-Chef-Kai-Gniffke-will-GEZ-Erhoehung-\u2013-Experten-fordern-Schluss-mit.jpg\" \/>\n\t<meta property=\"og:image:width\" content=\"460\" \/>\n\t<meta property=\"og:image:height\" content=\"259\" \/>\n\t<meta property=\"og:image:type\" content=\"image\/jpeg\" \/>\n<meta name=\"author\" content=\"rtnews\" \/>\n<meta name=\"twitter:card\" content=\"summary_large_image\" \/>\n<meta name=\"twitter:creator\" content=\"@WirMachenAuf_de\" \/>\n<meta name=\"twitter:site\" content=\"@WirMachenAuf_de\" \/>\n<meta name=\"twitter:label1\" content=\"Verfasst von\" \/>\n\t<meta name=\"twitter:data1\" content=\"rtnews\" \/>\n\t<meta name=\"twitter:label2\" content=\"Gesch\u00e4tzte Lesezeit\" \/>\n\t<meta name=\"twitter:data2\" content=\"3\u00a0Minuten\" \/>\n<script type=\"application\/ld+json\" class=\"yoast-schema-graph\">{\"@context\":\"https:\/\/schema.org\",\"@graph\":[{\"@type\":\"Article\",\"@id\":\"https:\/\/now-news.de\/de\/deutschland\/ard-chef-kai-gniffke-will-gez-erhoehung-experten-fordern-schluss-mit-gendern\/#article\",\"isPartOf\":{\"@id\":\"https:\/\/now-news.de\/de\/deutschland\/ard-chef-kai-gniffke-will-gez-erhoehung-experten-fordern-schluss-mit-gendern\/\"},\"author\":{\"name\":\"rtnews\",\"@id\":\"https:\/\/now-news.de\/de\/#\/schema\/person\/fb534a4e865501d8b3285208df34a9b5\"},\"headline\":\"ARD-Chef Kai Gniffke will GEZ-Erh\u00f6hung \u2013 Experten fordern Schluss mit Gendern\",\"datePublished\":\"2023-06-07T18:13:49+00:00\",\"dateModified\":\"2023-06-07T18:13:49+00:00\",\"mainEntityOfPage\":{\"@id\":\"https:\/\/now-news.de\/de\/deutschland\/ard-chef-kai-gniffke-will-gez-erhoehung-experten-fordern-schluss-mit-gendern\/\"},\"wordCount\":625,\"commentCount\":0,\"publisher\":{\"@id\":\"https:\/\/now-news.de\/de\/#organization\"},\"image\":{\"@id\":\"https:\/\/now-news.de\/de\/deutschland\/ard-chef-kai-gniffke-will-gez-erhoehung-experten-fordern-schluss-mit-gendern\/#primaryimage\"},\"thumbnailUrl\":\"https:\/\/now-news.de\/de\/wp-content\/uploads\/sites\/3\/2023\/06\/ARD-Chef-Kai-Gniffke-will-GEZ-Erhoehung-\u2013-Experten-fordern-Schluss-mit.jpg\",\"keywords\":[\"ARDChef\",\"Experten\",\"f\u00f6rdern\",\"Gendern\",\"GEZErh\u00f6hung\",\"Gniffke\",\"kai\",\"mit\",\"Schluss\"],\"articleSection\":[\"Deutschland\",\"Russland\"],\"inLanguage\":\"de\",\"potentialAction\":[{\"@type\":\"CommentAction\",\"name\":\"Comment\",\"target\":[\"https:\/\/now-news.de\/de\/deutschland\/ard-chef-kai-gniffke-will-gez-erhoehung-experten-fordern-schluss-mit-gendern\/#respond\"]}]},{\"@type\":\"WebPage\",\"@id\":\"https:\/\/now-news.de\/de\/deutschland\/ard-chef-kai-gniffke-will-gez-erhoehung-experten-fordern-schluss-mit-gendern\/\",\"url\":\"https:\/\/now-news.de\/de\/deutschland\/ard-chef-kai-gniffke-will-gez-erhoehung-experten-fordern-schluss-mit-gendern\/\",\"name\":\"ARD-Chef Kai Gniffke will GEZ-Erh\u00f6hung \u2013 Experten fordern Schluss mit Gendern - just-now.NEWS Deutschland\",\"isPartOf\":{\"@id\":\"https:\/\/now-news.de\/de\/#website\"},\"primaryImageOfPage\":{\"@id\":\"https:\/\/now-news.de\/de\/deutschland\/ard-chef-kai-gniffke-will-gez-erhoehung-experten-fordern-schluss-mit-gendern\/#primaryimage\"},\"image\":{\"@id\":\"https:\/\/now-news.de\/de\/deutschland\/ard-chef-kai-gniffke-will-gez-erhoehung-experten-fordern-schluss-mit-gendern\/#primaryimage\"},\"thumbnailUrl\":\"https:\/\/now-news.de\/de\/wp-content\/uploads\/sites\/3\/2023\/06\/ARD-Chef-Kai-Gniffke-will-GEZ-Erhoehung-\u2013-Experten-fordern-Schluss-mit.jpg\",\"datePublished\":\"2023-06-07T18:13:49+00:00\",\"dateModified\":\"2023-06-07T18:13:49+00:00\",\"breadcrumb\":{\"@id\":\"https:\/\/now-news.de\/de\/deutschland\/ard-chef-kai-gniffke-will-gez-erhoehung-experten-fordern-schluss-mit-gendern\/#breadcrumb\"},\"inLanguage\":\"de\",\"potentialAction\":[{\"@type\":\"ReadAction\",\"target\":[\"https:\/\/now-news.de\/de\/deutschland\/ard-chef-kai-gniffke-will-gez-erhoehung-experten-fordern-schluss-mit-gendern\/\"]}]},{\"@type\":\"ImageObject\",\"inLanguage\":\"de\",\"@id\":\"https:\/\/now-news.de\/de\/deutschland\/ard-chef-kai-gniffke-will-gez-erhoehung-experten-fordern-schluss-mit-gendern\/#primaryimage\",\"url\":\"https:\/\/now-news.de\/de\/wp-content\/uploads\/sites\/3\/2023\/06\/ARD-Chef-Kai-Gniffke-will-GEZ-Erhoehung-\u2013-Experten-fordern-Schluss-mit.jpg\",\"contentUrl\":\"https:\/\/now-news.de\/de\/wp-content\/uploads\/sites\/3\/2023\/06\/ARD-Chef-Kai-Gniffke-will-GEZ-Erhoehung-\u2013-Experten-fordern-Schluss-mit.jpg\",\"width\":460,\"height\":259,\"caption\":\"ARD-Chef Kai Gniffke will GEZ-Erh\u00f6hung \u2013 Experten fordern Schluss mit Gendern\"},{\"@type\":\"BreadcrumbList\",\"@id\":\"https:\/\/now-news.de\/de\/deutschland\/ard-chef-kai-gniffke-will-gez-erhoehung-experten-fordern-schluss-mit-gendern\/#breadcrumb\",\"itemListElement\":[{\"@type\":\"ListItem\",\"position\":1,\"name\":\"Home\",\"item\":\"https:\/\/now-news.de\/de\/\"},{\"@type\":\"ListItem\",\"position\":2,\"name\":\"ARD-Chef Kai Gniffke will GEZ-Erh\u00f6hung \u2013 Experten fordern Schluss mit Gendern\"}]},{\"@type\":\"WebSite\",\"@id\":\"https:\/\/now-news.de\/de\/#website\",\"url\":\"https:\/\/now-news.de\/de\/\",\"name\":\"just-now.NEWS Deutschland\",\"description\":\"Das Portal f\u00fcr unzensierte Nachrichten aus der Welt\",\"publisher\":{\"@id\":\"https:\/\/now-news.de\/de\/#organization\"},\"potentialAction\":[{\"@type\":\"SearchAction\",\"target\":{\"@type\":\"EntryPoint\",\"urlTemplate\":\"https:\/\/now-news.de\/de\/?s={search_term_string}\"},\"query-input\":\"required name=search_term_string\"}],\"inLanguage\":\"de\"},{\"@type\":\"Organization\",\"@id\":\"https:\/\/now-news.de\/de\/#organization\",\"name\":\"Just Now News\",\"url\":\"https:\/\/now-news.de\/de\/\",\"logo\":{\"@type\":\"ImageObject\",\"inLanguage\":\"de\",\"@id\":\"https:\/\/now-news.de\/de\/#\/schema\/logo\/image\/\",\"url\":\"http:\/\/just-now.news\/de\/wp-content\/uploads\/sites\/3\/2022\/04\/logo500x500.jpg\",\"contentUrl\":\"http:\/\/just-now.news\/de\/wp-content\/uploads\/sites\/3\/2022\/04\/logo500x500.jpg\",\"width\":500,\"height\":500,\"caption\":\"Just Now News\"},\"image\":{\"@id\":\"https:\/\/now-news.de\/de\/#\/schema\/logo\/image\/\"},\"sameAs\":[\"https:\/\/www.facebook.com\/wirmachenauf\",\"https:\/\/x.com\/WirMachenAuf_de\"]},{\"@type\":\"Person\",\"@id\":\"https:\/\/now-news.de\/de\/#\/schema\/person\/fb534a4e865501d8b3285208df34a9b5\",\"name\":\"rtnews\",\"image\":{\"@type\":\"ImageObject\",\"inLanguage\":\"de\",\"@id\":\"https:\/\/now-news.de\/de\/#\/schema\/person\/image\/\",\"url\":\"https:\/\/secure.gravatar.com\/avatar\/82aafea7d8127119dd649515f56e2117?s=96&d=mm&r=g\",\"contentUrl\":\"https:\/\/secure.gravatar.com\/avatar\/82aafea7d8127119dd649515f56e2117?s=96&d=mm&r=g\",\"caption\":\"rtnews\"},\"url\":\"https:\/\/now-news.de\/de\/author\/rnews\/\"}]}<\/script>\n<!-- \/ Yoast SEO Premium plugin. -->","yoast_head_json":{"title":"ARD-Chef Kai Gniffke will GEZ-Erh\u00f6hung \u2013 Experten fordern Schluss mit Gendern - just-now.NEWS Deutschland","robots":{"index":"index","follow":"follow","max-snippet":"max-snippet:-1","max-image-preview":"max-image-preview:large","max-video-preview":"max-video-preview:-1"},"canonical":"https:\/\/now-news.de\/de\/deutschland\/ard-chef-kai-gniffke-will-gez-erhoehung-experten-fordern-schluss-mit-gendern\/","og_locale":"de_DE","og_type":"article","og_title":"ARD-Chef Kai Gniffke will GEZ-Erh\u00f6hung \u2013 Experten fordern Schluss mit Gendern","og_description":"Ob wegen Gendersprache oder einseitiger Berichterstattung: Seit Jahren w\u00e4chst das Misstrauen der Deutschen in den \u00f6ffentlich-rechtlichen Rundfunk. Eine Erh\u00f6hung des monatlichen Rundfunkbeitrags h\u00e4lt ARD-Chef Kai Gniffke dennoch f\u00fcr n\u00f6tig. Der Vorsitzende der ARD und SWR-Intendant Kai Gniffke will laut eigenen Angaben f\u00fcr die Erh\u00f6hung des sogenannten Rundfunkbeitrags k\u00e4mpfen. Dies sagte der 62-J\u00e4hrige am Dienstag auf [&hellip;]","og_url":"https:\/\/now-news.de\/de\/deutschland\/ard-chef-kai-gniffke-will-gez-erhoehung-experten-fordern-schluss-mit-gendern\/","og_site_name":"just-now.NEWS Deutschland","article_publisher":"https:\/\/www.facebook.com\/wirmachenauf","article_published_time":"2023-06-07T18:13:49+00:00","og_image":[{"width":460,"height":259,"url":"https:\/\/now-news.de\/de\/wp-content\/uploads\/sites\/3\/2023\/06\/ARD-Chef-Kai-Gniffke-will-GEZ-Erhoehung-\u2013-Experten-fordern-Schluss-mit.jpg","type":"image\/jpeg"}],"author":"rtnews","twitter_card":"summary_large_image","twitter_creator":"@WirMachenAuf_de","twitter_site":"@WirMachenAuf_de","twitter_misc":{"Verfasst von":"rtnews","Gesch\u00e4tzte Lesezeit":"3\u00a0Minuten"},"schema":{"@context":"https:\/\/schema.org","@graph":[{"@type":"Article","@id":"https:\/\/now-news.de\/de\/deutschland\/ard-chef-kai-gniffke-will-gez-erhoehung-experten-fordern-schluss-mit-gendern\/#article","isPartOf":{"@id":"https:\/\/now-news.de\/de\/deutschland\/ard-chef-kai-gniffke-will-gez-erhoehung-experten-fordern-schluss-mit-gendern\/"},"author":{"name":"rtnews","@id":"https:\/\/now-news.de\/de\/#\/schema\/person\/fb534a4e865501d8b3285208df34a9b5"},"headline":"ARD-Chef Kai Gniffke will GEZ-Erh\u00f6hung \u2013 Experten fordern Schluss mit Gendern","datePublished":"2023-06-07T18:13:49+00:00","dateModified":"2023-06-07T18:13:49+00:00","mainEntityOfPage":{"@id":"https:\/\/now-news.de\/de\/deutschland\/ard-chef-kai-gniffke-will-gez-erhoehung-experten-fordern-schluss-mit-gendern\/"},"wordCount":625,"commentCount":0,"publisher":{"@id":"https:\/\/now-news.de\/de\/#organization"},"image":{"@id":"https:\/\/now-news.de\/de\/deutschland\/ard-chef-kai-gniffke-will-gez-erhoehung-experten-fordern-schluss-mit-gendern\/#primaryimage"},"thumbnailUrl":"https:\/\/now-news.de\/de\/wp-content\/uploads\/sites\/3\/2023\/06\/ARD-Chef-Kai-Gniffke-will-GEZ-Erhoehung-\u2013-Experten-fordern-Schluss-mit.jpg","keywords":["ARDChef","Experten","f\u00f6rdern","Gendern","GEZErh\u00f6hung","Gniffke","kai","mit","Schluss"],"articleSection":["Deutschland","Russland"],"inLanguage":"de","potentialAction":[{"@type":"CommentAction","name":"Comment","target":["https:\/\/now-news.de\/de\/deutschland\/ard-chef-kai-gniffke-will-gez-erhoehung-experten-fordern-schluss-mit-gendern\/#respond"]}]},{"@type":"WebPage","@id":"https:\/\/now-news.de\/de\/deutschland\/ard-chef-kai-gniffke-will-gez-erhoehung-experten-fordern-schluss-mit-gendern\/","url":"https:\/\/now-news.de\/de\/deutschland\/ard-chef-kai-gniffke-will-gez-erhoehung-experten-fordern-schluss-mit-gendern\/","name":"ARD-Chef Kai Gniffke will GEZ-Erh\u00f6hung \u2013 Experten fordern Schluss mit Gendern - just-now.NEWS Deutschland","isPartOf":{"@id":"https:\/\/now-news.de\/de\/#website"},"primaryImageOfPage":{"@id":"https:\/\/now-news.de\/de\/deutschland\/ard-chef-kai-gniffke-will-gez-erhoehung-experten-fordern-schluss-mit-gendern\/#primaryimage"},"image":{"@id":"https:\/\/now-news.de\/de\/deutschland\/ard-chef-kai-gniffke-will-gez-erhoehung-experten-fordern-schluss-mit-gendern\/#primaryimage"},"thumbnailUrl":"https:\/\/now-news.de\/de\/wp-content\/uploads\/sites\/3\/2023\/06\/ARD-Chef-Kai-Gniffke-will-GEZ-Erhoehung-\u2013-Experten-fordern-Schluss-mit.jpg","datePublished":"2023-06-07T18:13:49+00:00","dateModified":"2023-06-07T18:13:49+00:00","breadcrumb":{"@id":"https:\/\/now-news.de\/de\/deutschland\/ard-chef-kai-gniffke-will-gez-erhoehung-experten-fordern-schluss-mit-gendern\/#breadcrumb"},"inLanguage":"de","potentialAction":[{"@type":"ReadAction","target":["https:\/\/now-news.de\/de\/deutschland\/ard-chef-kai-gniffke-will-gez-erhoehung-experten-fordern-schluss-mit-gendern\/"]}]},{"@type":"ImageObject","inLanguage":"de","@id":"https:\/\/now-news.de\/de\/deutschland\/ard-chef-kai-gniffke-will-gez-erhoehung-experten-fordern-schluss-mit-gendern\/#primaryimage","url":"https:\/\/now-news.de\/de\/wp-content\/uploads\/sites\/3\/2023\/06\/ARD-Chef-Kai-Gniffke-will-GEZ-Erhoehung-\u2013-Experten-fordern-Schluss-mit.jpg","contentUrl":"https:\/\/now-news.de\/de\/wp-content\/uploads\/sites\/3\/2023\/06\/ARD-Chef-Kai-Gniffke-will-GEZ-Erhoehung-\u2013-Experten-fordern-Schluss-mit.jpg","width":460,"height":259,"caption":"ARD-Chef Kai Gniffke will GEZ-Erh\u00f6hung \u2013 Experten fordern Schluss mit Gendern"},{"@type":"BreadcrumbList","@id":"https:\/\/now-news.de\/de\/deutschland\/ard-chef-kai-gniffke-will-gez-erhoehung-experten-fordern-schluss-mit-gendern\/#breadcrumb","itemListElement":[{"@type":"ListItem","position":1,"name":"Home","item":"https:\/\/now-news.de\/de\/"},{"@type":"ListItem","position":2,"name":"ARD-Chef Kai Gniffke will GEZ-Erh\u00f6hung \u2013 Experten fordern Schluss mit Gendern"}]},{"@type":"WebSite","@id":"https:\/\/now-news.de\/de\/#website","url":"https:\/\/now-news.de\/de\/","name":"just-now.NEWS Deutschland","description":"Das Portal f\u00fcr unzensierte Nachrichten aus der Welt","publisher":{"@id":"https:\/\/now-news.de\/de\/#organization"},"potentialAction":[{"@type":"SearchAction","target":{"@type":"EntryPoint","urlTemplate":"https:\/\/now-news.de\/de\/?s={search_term_string}"},"query-input":"required name=search_term_string"}],"inLanguage":"de"},{"@type":"Organization","@id":"https:\/\/now-news.de\/de\/#organization","name":"Just Now News","url":"https:\/\/now-news.de\/de\/","logo":{"@type":"ImageObject","inLanguage":"de","@id":"https:\/\/now-news.de\/de\/#\/schema\/logo\/image\/","url":"http:\/\/just-now.news\/de\/wp-content\/uploads\/sites\/3\/2022\/04\/logo500x500.jpg","contentUrl":"http:\/\/just-now.news\/de\/wp-content\/uploads\/sites\/3\/2022\/04\/logo500x500.jpg","width":500,"height":500,"caption":"Just Now News"},"image":{"@id":"https:\/\/now-news.de\/de\/#\/schema\/logo\/image\/"},"sameAs":["https:\/\/www.facebook.com\/wirmachenauf","https:\/\/x.com\/WirMachenAuf_de"]},{"@type":"Person","@id":"https:\/\/now-news.de\/de\/#\/schema\/person\/fb534a4e865501d8b3285208df34a9b5","name":"rtnews","image":{"@type":"ImageObject","inLanguage":"de","@id":"https:\/\/now-news.de\/de\/#\/schema\/person\/image\/","url":"https:\/\/secure.gravatar.com\/avatar\/82aafea7d8127119dd649515f56e2117?s=96&d=mm&r=g","contentUrl":"https:\/\/secure.gravatar.com\/avatar\/82aafea7d8127119dd649515f56e2117?s=96&d=mm&r=g","caption":"rtnews"},"url":"https:\/\/now-news.de\/de\/author\/rnews\/"}]}},"_links":{"self":[{"href":"https:\/\/now-news.de\/de\/wp-json\/wp\/v2\/posts\/37678"}],"collection":[{"href":"https:\/\/now-news.de\/de\/wp-json\/wp\/v2\/posts"}],"about":[{"href":"https:\/\/now-news.de\/de\/wp-json\/wp\/v2\/types\/post"}],"author":[{"embeddable":true,"href":"https:\/\/now-news.de\/de\/wp-json\/wp\/v2\/users\/3"}],"replies":[{"embeddable":true,"href":"https:\/\/now-news.de\/de\/wp-json\/wp\/v2\/comments?post=37678"}],"version-history":[{"count":0,"href":"https:\/\/now-news.de\/de\/wp-json\/wp\/v2\/posts\/37678\/revisions"}],"wp:featuredmedia":[{"embeddable":true,"href":"https:\/\/now-news.de\/de\/wp-json\/wp\/v2\/media\/37679"}],"wp:attachment":[{"href":"https:\/\/now-news.de\/de\/wp-json\/wp\/v2\/media?parent=37678"}],"wp:term":[{"taxonomy":"category","embeddable":true,"href":"https:\/\/now-news.de\/de\/wp-json\/wp\/v2\/categories?post=37678"},{"taxonomy":"post_tag","embeddable":true,"href":"https:\/\/now-news.de\/de\/wp-json\/wp\/v2\/tags?post=37678"}],"curies":[{"name":"wp","href":"https:\/\/api.w.org\/{rel}","templated":true}]}}