{"id":37638,"date":"2023-06-07T12:41:13","date_gmt":"2023-06-07T10:41:13","guid":{"rendered":"https:\/\/just-now.news\/de\/deutschland\/medienbericht-umstrittenes-heizungsgesetz-kommt-noch-vor-sommerpause-2\/"},"modified":"2023-06-07T12:41:13","modified_gmt":"2023-06-07T10:41:13","slug":"medienbericht-umstrittenes-heizungsgesetz-kommt-noch-vor-sommerpause-2","status":"publish","type":"post","link":"https:\/\/now-news.de\/de\/deutschland\/medienbericht-umstrittenes-heizungsgesetz-kommt-noch-vor-sommerpause-2\/","title":{"rendered":"Medienbericht: Umstrittenes Heizungsgesetz kommt noch vor Sommerpause"},"content":{"rendered":"<p><img decoding=\"async\" src=\"http:\/\/just-now.news\/de\/wp-content\/uploads\/sites\/3\/2023\/06\/648063feb480cc67263b1f66.jpg\" \/><\/p>\n<div class=\"Text-root Text-type_1 \">\n                Das umstrittene Heizungsgesetz soll einem Bericht von &#8220;ntv&#8221; zufolge noch vor der Sommerpause durch Bundestag und Bundesrat. Dies haben die drei Parteichefs von SPD, Gr\u00fcnen und FDP bei einem vertraulichen Treffen besprochen.\n            <\/div>\n<p><\/p>\n<div class=\"Text-root Text-type_5 ArticleView-text ViewText-root \">\n<p>Das umstrittene Heizungsgesetz soll noch vor der Sommerpause durch Bundestag und Bundesrat. Dies haben die drei Parteichefs von SPD, Gr\u00fcnen und FDP nach <em>RTL\/ntv<\/em>-Informationen bei einem vertraulichen Treffen besprochen.<\/p>\n<p>Dem Bericht zufolge sollen sich Gr\u00fcnen-Chef Omid Nouripour und FDP-Chef Christian Lindner dar\u00fcber einig sein, keine weiteren Verz\u00f6gerungen zuzulassen. Das Ansehen der Koalition sei durch die heftige Auseinandersetzung besch\u00e4digt genug.<\/p>\n<p>Damit k\u00f6nnte das Gesetz sp\u00e4testens am 7. Juli im Bundestag und Bundesrat abschlie\u00dfend behandelt werden.<\/p>\n<p>Das umstrittene Gesetz hatte in den letzten Wochen zu Verwerfungen innerhalb der Ampelkoalition gef\u00fchrt. Von der FDP hie\u00df es immer wieder, dass man nicht damit rechne, das Gesetz vor der Sommerpause zu verabschieden, obwohl das die Forderung von Wirtschaftsminister Robert Habeck war.<\/p>\n<p>Das Ansehen der Regierung wurde durch den Zwist deutlich besch\u00e4digt. Dies zeigte sich auch in Umfragen. Besonders die Gr\u00fcnen st\u00fcrzten stark ab.<\/p>\n<p><strong>Mehr zum Thema<\/strong> \u2013 <a rel=\"nofollow noopener\" target=\"_blank\" href=\"https:\/\/freeassange.rtde.life\/inland\/171740-habeck-heizung-wie-missglueckte-talkrunde\/\">Habeck-Heizung: Wie eine missgl\u00fcckte Talkrunde ein Schlaglicht auf die &#8220;Energiewende&#8221; wirft<\/a><\/p>\n<div class=\"EmbedBlock-root EmbedBlock-externalVideo EmbedBlock-odysee\">\n<div class=\"VkEmbed\"><iframe class=\"lazyload\" data-src=\"https:\/\/odysee.com\/%24\/embed\/%40RTDE%3Ae%2Fdebatte-habecks-heizplaene-auf-misthaufen-geschichte-entsorgt-werden%3Ac\" frameborder=\"0\" width=\"853\" height=\"480\" allowfullscreen><\/iframe><\/div>\n<\/div>\n<\/div>\n<p><br \/>\n<br \/><a href=\"https:\/\/de.rt.com\/inland\/172052-medienbericht-umstrittenes-heizungsgesetz-kommt-noch\/\">Source link <\/a><\/p>\n","protected":false},"excerpt":{"rendered":"<p>Das umstrittene Heizungsgesetz soll einem Bericht von &#8220;ntv&#8221; zufolge noch vor der Sommerpause durch Bundestag und Bundesrat. Dies haben die drei Parteichefs von SPD, Gr\u00fcnen und FDP bei einem vertraulichen Treffen besprochen. Das umstrittene Heizungsgesetz soll noch vor der Sommerpause durch Bundestag und Bundesrat. Dies haben die drei Parteichefs von SPD, Gr\u00fcnen und FDP nach [&hellip;]<\/p>\n","protected":false},"author":3,"featured_media":37639,"comment_status":"open","ping_status":"open","sticky":false,"template":"","format":"standard","meta":{"_yoast_indexnow_last_ping":["1686139870"],"wp_automatic_camp":["217"],"d2f9233c253e3c09bcd145d8ea3f507e":["Medienbericht: Umstrittenes Heizungsgesetz kommt noch vor Sommerpause"],"original_link":["https:\/\/de.rt.com\/inland\/172052-medienbericht-umstrittenes-heizungsgesetz-kommt-noch\/"],"_thumbnail_id":["37639"],"jnews_social_counter_last_update":["1776998954"]},"categories":[19,23],"tags":[44716,310,869,1674,26547,5374,320],"yoast_head":"<!-- This site is optimized with the Yoast SEO Premium plugin v22.7 (Yoast SEO v22.7) - https:\/\/yoast.com\/wordpress\/plugins\/seo\/ -->\n<title>Medienbericht: Umstrittenes Heizungsgesetz kommt noch vor Sommerpause - just-now.NEWS Deutschland<\/title>\n<meta name=\"robots\" content=\"index, follow, max-snippet:-1, max-image-preview:large, max-video-preview:-1\" \/>\n<link rel=\"canonical\" href=\"https:\/\/now-news.de\/de\/deutschland\/medienbericht-umstrittenes-heizungsgesetz-kommt-noch-vor-sommerpause-2\/\" \/>\n<meta property=\"og:locale\" content=\"de_DE\" \/>\n<meta property=\"og:type\" content=\"article\" \/>\n<meta property=\"og:title\" content=\"Medienbericht: Umstrittenes Heizungsgesetz kommt noch vor Sommerpause\" \/>\n<meta property=\"og:description\" content=\"Das umstrittene Heizungsgesetz soll einem Bericht von &#8220;ntv&#8221; zufolge noch vor der Sommerpause durch Bundestag und Bundesrat. Dies haben die drei Parteichefs von SPD, Gr\u00fcnen und FDP bei einem vertraulichen Treffen besprochen. Das umstrittene Heizungsgesetz soll noch vor der Sommerpause durch Bundestag und Bundesrat. Dies haben die drei Parteichefs von SPD, Gr\u00fcnen und FDP nach [&hellip;]\" \/>\n<meta property=\"og:url\" content=\"https:\/\/now-news.de\/de\/deutschland\/medienbericht-umstrittenes-heizungsgesetz-kommt-noch-vor-sommerpause-2\/\" \/>\n<meta property=\"og:site_name\" content=\"just-now.NEWS Deutschland\" \/>\n<meta property=\"article:publisher\" content=\"https:\/\/www.facebook.com\/wirmachenauf\" \/>\n<meta property=\"article:published_time\" content=\"2023-06-07T10:41:13+00:00\" \/>\n<meta property=\"og:image\" content=\"https:\/\/now-news.de\/de\/wp-content\/uploads\/sites\/3\/2023\/06\/Medienbericht-Umstrittenes-Heizungsgesetz-kommt-noch-vor-Sommerpause.jpg\" \/>\n\t<meta property=\"og:image:width\" content=\"460\" \/>\n\t<meta property=\"og:image:height\" content=\"259\" \/>\n\t<meta property=\"og:image:type\" content=\"image\/jpeg\" \/>\n<meta name=\"author\" content=\"rtnews\" \/>\n<meta name=\"twitter:card\" content=\"summary_large_image\" \/>\n<meta name=\"twitter:creator\" content=\"@WirMachenAuf_de\" \/>\n<meta name=\"twitter:site\" content=\"@WirMachenAuf_de\" \/>\n<meta name=\"twitter:label1\" content=\"Verfasst von\" \/>\n\t<meta name=\"twitter:data1\" content=\"rtnews\" \/>\n\t<meta name=\"twitter:label2\" content=\"Gesch\u00e4tzte Lesezeit\" \/>\n\t<meta name=\"twitter:data2\" content=\"1\u00a0Minute\" \/>\n<script type=\"application\/ld+json\" class=\"yoast-schema-graph\">{\"@context\":\"https:\/\/schema.org\",\"@graph\":[{\"@type\":\"Article\",\"@id\":\"https:\/\/now-news.de\/de\/deutschland\/medienbericht-umstrittenes-heizungsgesetz-kommt-noch-vor-sommerpause-2\/#article\",\"isPartOf\":{\"@id\":\"https:\/\/now-news.de\/de\/deutschland\/medienbericht-umstrittenes-heizungsgesetz-kommt-noch-vor-sommerpause-2\/\"},\"author\":{\"name\":\"rtnews\",\"@id\":\"https:\/\/now-news.de\/de\/#\/schema\/person\/fb534a4e865501d8b3285208df34a9b5\"},\"headline\":\"Medienbericht: Umstrittenes Heizungsgesetz kommt noch vor Sommerpause\",\"datePublished\":\"2023-06-07T10:41:13+00:00\",\"dateModified\":\"2023-06-07T10:41:13+00:00\",\"mainEntityOfPage\":{\"@id\":\"https:\/\/now-news.de\/de\/deutschland\/medienbericht-umstrittenes-heizungsgesetz-kommt-noch-vor-sommerpause-2\/\"},\"wordCount\":208,\"commentCount\":0,\"publisher\":{\"@id\":\"https:\/\/now-news.de\/de\/#organization\"},\"image\":{\"@id\":\"https:\/\/now-news.de\/de\/deutschland\/medienbericht-umstrittenes-heizungsgesetz-kommt-noch-vor-sommerpause-2\/#primaryimage\"},\"thumbnailUrl\":\"https:\/\/now-news.de\/de\/wp-content\/uploads\/sites\/3\/2023\/06\/Medienbericht-Umstrittenes-Heizungsgesetz-kommt-noch-vor-Sommerpause.jpg\",\"keywords\":[\"Heizungsgesetz\",\"kommt\",\"Medienbericht\",\"noch\",\"Sommerpause\",\"umstrittenes\",\"vor\"],\"articleSection\":[\"Deutschland\",\"Russland\"],\"inLanguage\":\"de\",\"potentialAction\":[{\"@type\":\"CommentAction\",\"name\":\"Comment\",\"target\":[\"https:\/\/now-news.de\/de\/deutschland\/medienbericht-umstrittenes-heizungsgesetz-kommt-noch-vor-sommerpause-2\/#respond\"]}]},{\"@type\":\"WebPage\",\"@id\":\"https:\/\/now-news.de\/de\/deutschland\/medienbericht-umstrittenes-heizungsgesetz-kommt-noch-vor-sommerpause-2\/\",\"url\":\"https:\/\/now-news.de\/de\/deutschland\/medienbericht-umstrittenes-heizungsgesetz-kommt-noch-vor-sommerpause-2\/\",\"name\":\"Medienbericht: Umstrittenes Heizungsgesetz kommt noch vor Sommerpause - just-now.NEWS Deutschland\",\"isPartOf\":{\"@id\":\"https:\/\/now-news.de\/de\/#website\"},\"primaryImageOfPage\":{\"@id\":\"https:\/\/now-news.de\/de\/deutschland\/medienbericht-umstrittenes-heizungsgesetz-kommt-noch-vor-sommerpause-2\/#primaryimage\"},\"image\":{\"@id\":\"https:\/\/now-news.de\/de\/deutschland\/medienbericht-umstrittenes-heizungsgesetz-kommt-noch-vor-sommerpause-2\/#primaryimage\"},\"thumbnailUrl\":\"https:\/\/now-news.de\/de\/wp-content\/uploads\/sites\/3\/2023\/06\/Medienbericht-Umstrittenes-Heizungsgesetz-kommt-noch-vor-Sommerpause.jpg\",\"datePublished\":\"2023-06-07T10:41:13+00:00\",\"dateModified\":\"2023-06-07T10:41:13+00:00\",\"breadcrumb\":{\"@id\":\"https:\/\/now-news.de\/de\/deutschland\/medienbericht-umstrittenes-heizungsgesetz-kommt-noch-vor-sommerpause-2\/#breadcrumb\"},\"inLanguage\":\"de\",\"potentialAction\":[{\"@type\":\"ReadAction\",\"target\":[\"https:\/\/now-news.de\/de\/deutschland\/medienbericht-umstrittenes-heizungsgesetz-kommt-noch-vor-sommerpause-2\/\"]}]},{\"@type\":\"ImageObject\",\"inLanguage\":\"de\",\"@id\":\"https:\/\/now-news.de\/de\/deutschland\/medienbericht-umstrittenes-heizungsgesetz-kommt-noch-vor-sommerpause-2\/#primaryimage\",\"url\":\"https:\/\/now-news.de\/de\/wp-content\/uploads\/sites\/3\/2023\/06\/Medienbericht-Umstrittenes-Heizungsgesetz-kommt-noch-vor-Sommerpause.jpg\",\"contentUrl\":\"https:\/\/now-news.de\/de\/wp-content\/uploads\/sites\/3\/2023\/06\/Medienbericht-Umstrittenes-Heizungsgesetz-kommt-noch-vor-Sommerpause.jpg\",\"width\":460,\"height\":259,\"caption\":\"Medienbericht: Umstrittenes Heizungsgesetz kommt noch vor Sommerpause\"},{\"@type\":\"BreadcrumbList\",\"@id\":\"https:\/\/now-news.de\/de\/deutschland\/medienbericht-umstrittenes-heizungsgesetz-kommt-noch-vor-sommerpause-2\/#breadcrumb\",\"itemListElement\":[{\"@type\":\"ListItem\",\"position\":1,\"name\":\"Home\",\"item\":\"https:\/\/now-news.de\/de\/\"},{\"@type\":\"ListItem\",\"position\":2,\"name\":\"Medienbericht: Umstrittenes Heizungsgesetz kommt noch vor Sommerpause\"}]},{\"@type\":\"WebSite\",\"@id\":\"https:\/\/now-news.de\/de\/#website\",\"url\":\"https:\/\/now-news.de\/de\/\",\"name\":\"just-now.NEWS Deutschland\",\"description\":\"Das Portal f\u00fcr unzensierte Nachrichten aus der Welt\",\"publisher\":{\"@id\":\"https:\/\/now-news.de\/de\/#organization\"},\"potentialAction\":[{\"@type\":\"SearchAction\",\"target\":{\"@type\":\"EntryPoint\",\"urlTemplate\":\"https:\/\/now-news.de\/de\/?s={search_term_string}\"},\"query-input\":\"required name=search_term_string\"}],\"inLanguage\":\"de\"},{\"@type\":\"Organization\",\"@id\":\"https:\/\/now-news.de\/de\/#organization\",\"name\":\"Just Now News\",\"url\":\"https:\/\/now-news.de\/de\/\",\"logo\":{\"@type\":\"ImageObject\",\"inLanguage\":\"de\",\"@id\":\"https:\/\/now-news.de\/de\/#\/schema\/logo\/image\/\",\"url\":\"http:\/\/just-now.news\/de\/wp-content\/uploads\/sites\/3\/2022\/04\/logo500x500.jpg\",\"contentUrl\":\"http:\/\/just-now.news\/de\/wp-content\/uploads\/sites\/3\/2022\/04\/logo500x500.jpg\",\"width\":500,\"height\":500,\"caption\":\"Just Now News\"},\"image\":{\"@id\":\"https:\/\/now-news.de\/de\/#\/schema\/logo\/image\/\"},\"sameAs\":[\"https:\/\/www.facebook.com\/wirmachenauf\",\"https:\/\/x.com\/WirMachenAuf_de\"]},{\"@type\":\"Person\",\"@id\":\"https:\/\/now-news.de\/de\/#\/schema\/person\/fb534a4e865501d8b3285208df34a9b5\",\"name\":\"rtnews\",\"image\":{\"@type\":\"ImageObject\",\"inLanguage\":\"de\",\"@id\":\"https:\/\/now-news.de\/de\/#\/schema\/person\/image\/\",\"url\":\"https:\/\/secure.gravatar.com\/avatar\/82aafea7d8127119dd649515f56e2117?s=96&d=mm&r=g\",\"contentUrl\":\"https:\/\/secure.gravatar.com\/avatar\/82aafea7d8127119dd649515f56e2117?s=96&d=mm&r=g\",\"caption\":\"rtnews\"},\"url\":\"https:\/\/now-news.de\/de\/author\/rnews\/\"}]}<\/script>\n<!-- \/ Yoast SEO Premium plugin. -->","yoast_head_json":{"title":"Medienbericht: Umstrittenes Heizungsgesetz kommt noch vor Sommerpause - just-now.NEWS Deutschland","robots":{"index":"index","follow":"follow","max-snippet":"max-snippet:-1","max-image-preview":"max-image-preview:large","max-video-preview":"max-video-preview:-1"},"canonical":"https:\/\/now-news.de\/de\/deutschland\/medienbericht-umstrittenes-heizungsgesetz-kommt-noch-vor-sommerpause-2\/","og_locale":"de_DE","og_type":"article","og_title":"Medienbericht: Umstrittenes Heizungsgesetz kommt noch vor Sommerpause","og_description":"Das umstrittene Heizungsgesetz soll einem Bericht von &#8220;ntv&#8221; zufolge noch vor der Sommerpause durch Bundestag und Bundesrat. Dies haben die drei Parteichefs von SPD, Gr\u00fcnen und FDP bei einem vertraulichen Treffen besprochen. Das umstrittene Heizungsgesetz soll noch vor der Sommerpause durch Bundestag und Bundesrat. Dies haben die drei Parteichefs von SPD, Gr\u00fcnen und FDP nach [&hellip;]","og_url":"https:\/\/now-news.de\/de\/deutschland\/medienbericht-umstrittenes-heizungsgesetz-kommt-noch-vor-sommerpause-2\/","og_site_name":"just-now.NEWS Deutschland","article_publisher":"https:\/\/www.facebook.com\/wirmachenauf","article_published_time":"2023-06-07T10:41:13+00:00","og_image":[{"width":460,"height":259,"url":"https:\/\/now-news.de\/de\/wp-content\/uploads\/sites\/3\/2023\/06\/Medienbericht-Umstrittenes-Heizungsgesetz-kommt-noch-vor-Sommerpause.jpg","type":"image\/jpeg"}],"author":"rtnews","twitter_card":"summary_large_image","twitter_creator":"@WirMachenAuf_de","twitter_site":"@WirMachenAuf_de","twitter_misc":{"Verfasst von":"rtnews","Gesch\u00e4tzte Lesezeit":"1\u00a0Minute"},"schema":{"@context":"https:\/\/schema.org","@graph":[{"@type":"Article","@id":"https:\/\/now-news.de\/de\/deutschland\/medienbericht-umstrittenes-heizungsgesetz-kommt-noch-vor-sommerpause-2\/#article","isPartOf":{"@id":"https:\/\/now-news.de\/de\/deutschland\/medienbericht-umstrittenes-heizungsgesetz-kommt-noch-vor-sommerpause-2\/"},"author":{"name":"rtnews","@id":"https:\/\/now-news.de\/de\/#\/schema\/person\/fb534a4e865501d8b3285208df34a9b5"},"headline":"Medienbericht: Umstrittenes Heizungsgesetz kommt noch vor Sommerpause","datePublished":"2023-06-07T10:41:13+00:00","dateModified":"2023-06-07T10:41:13+00:00","mainEntityOfPage":{"@id":"https:\/\/now-news.de\/de\/deutschland\/medienbericht-umstrittenes-heizungsgesetz-kommt-noch-vor-sommerpause-2\/"},"wordCount":208,"commentCount":0,"publisher":{"@id":"https:\/\/now-news.de\/de\/#organization"},"image":{"@id":"https:\/\/now-news.de\/de\/deutschland\/medienbericht-umstrittenes-heizungsgesetz-kommt-noch-vor-sommerpause-2\/#primaryimage"},"thumbnailUrl":"https:\/\/now-news.de\/de\/wp-content\/uploads\/sites\/3\/2023\/06\/Medienbericht-Umstrittenes-Heizungsgesetz-kommt-noch-vor-Sommerpause.jpg","keywords":["Heizungsgesetz","kommt","Medienbericht","noch","Sommerpause","umstrittenes","vor"],"articleSection":["Deutschland","Russland"],"inLanguage":"de","potentialAction":[{"@type":"CommentAction","name":"Comment","target":["https:\/\/now-news.de\/de\/deutschland\/medienbericht-umstrittenes-heizungsgesetz-kommt-noch-vor-sommerpause-2\/#respond"]}]},{"@type":"WebPage","@id":"https:\/\/now-news.de\/de\/deutschland\/medienbericht-umstrittenes-heizungsgesetz-kommt-noch-vor-sommerpause-2\/","url":"https:\/\/now-news.de\/de\/deutschland\/medienbericht-umstrittenes-heizungsgesetz-kommt-noch-vor-sommerpause-2\/","name":"Medienbericht: Umstrittenes Heizungsgesetz kommt noch vor Sommerpause - just-now.NEWS Deutschland","isPartOf":{"@id":"https:\/\/now-news.de\/de\/#website"},"primaryImageOfPage":{"@id":"https:\/\/now-news.de\/de\/deutschland\/medienbericht-umstrittenes-heizungsgesetz-kommt-noch-vor-sommerpause-2\/#primaryimage"},"image":{"@id":"https:\/\/now-news.de\/de\/deutschland\/medienbericht-umstrittenes-heizungsgesetz-kommt-noch-vor-sommerpause-2\/#primaryimage"},"thumbnailUrl":"https:\/\/now-news.de\/de\/wp-content\/uploads\/sites\/3\/2023\/06\/Medienbericht-Umstrittenes-Heizungsgesetz-kommt-noch-vor-Sommerpause.jpg","datePublished":"2023-06-07T10:41:13+00:00","dateModified":"2023-06-07T10:41:13+00:00","breadcrumb":{"@id":"https:\/\/now-news.de\/de\/deutschland\/medienbericht-umstrittenes-heizungsgesetz-kommt-noch-vor-sommerpause-2\/#breadcrumb"},"inLanguage":"de","potentialAction":[{"@type":"ReadAction","target":["https:\/\/now-news.de\/de\/deutschland\/medienbericht-umstrittenes-heizungsgesetz-kommt-noch-vor-sommerpause-2\/"]}]},{"@type":"ImageObject","inLanguage":"de","@id":"https:\/\/now-news.de\/de\/deutschland\/medienbericht-umstrittenes-heizungsgesetz-kommt-noch-vor-sommerpause-2\/#primaryimage","url":"https:\/\/now-news.de\/de\/wp-content\/uploads\/sites\/3\/2023\/06\/Medienbericht-Umstrittenes-Heizungsgesetz-kommt-noch-vor-Sommerpause.jpg","contentUrl":"https:\/\/now-news.de\/de\/wp-content\/uploads\/sites\/3\/2023\/06\/Medienbericht-Umstrittenes-Heizungsgesetz-kommt-noch-vor-Sommerpause.jpg","width":460,"height":259,"caption":"Medienbericht: Umstrittenes Heizungsgesetz kommt noch vor Sommerpause"},{"@type":"BreadcrumbList","@id":"https:\/\/now-news.de\/de\/deutschland\/medienbericht-umstrittenes-heizungsgesetz-kommt-noch-vor-sommerpause-2\/#breadcrumb","itemListElement":[{"@type":"ListItem","position":1,"name":"Home","item":"https:\/\/now-news.de\/de\/"},{"@type":"ListItem","position":2,"name":"Medienbericht: Umstrittenes Heizungsgesetz kommt noch vor Sommerpause"}]},{"@type":"WebSite","@id":"https:\/\/now-news.de\/de\/#website","url":"https:\/\/now-news.de\/de\/","name":"just-now.NEWS Deutschland","description":"Das Portal f\u00fcr unzensierte Nachrichten aus der Welt","publisher":{"@id":"https:\/\/now-news.de\/de\/#organization"},"potentialAction":[{"@type":"SearchAction","target":{"@type":"EntryPoint","urlTemplate":"https:\/\/now-news.de\/de\/?s={search_term_string}"},"query-input":"required name=search_term_string"}],"inLanguage":"de"},{"@type":"Organization","@id":"https:\/\/now-news.de\/de\/#organization","name":"Just Now News","url":"https:\/\/now-news.de\/de\/","logo":{"@type":"ImageObject","inLanguage":"de","@id":"https:\/\/now-news.de\/de\/#\/schema\/logo\/image\/","url":"http:\/\/just-now.news\/de\/wp-content\/uploads\/sites\/3\/2022\/04\/logo500x500.jpg","contentUrl":"http:\/\/just-now.news\/de\/wp-content\/uploads\/sites\/3\/2022\/04\/logo500x500.jpg","width":500,"height":500,"caption":"Just Now News"},"image":{"@id":"https:\/\/now-news.de\/de\/#\/schema\/logo\/image\/"},"sameAs":["https:\/\/www.facebook.com\/wirmachenauf","https:\/\/x.com\/WirMachenAuf_de"]},{"@type":"Person","@id":"https:\/\/now-news.de\/de\/#\/schema\/person\/fb534a4e865501d8b3285208df34a9b5","name":"rtnews","image":{"@type":"ImageObject","inLanguage":"de","@id":"https:\/\/now-news.de\/de\/#\/schema\/person\/image\/","url":"https:\/\/secure.gravatar.com\/avatar\/82aafea7d8127119dd649515f56e2117?s=96&d=mm&r=g","contentUrl":"https:\/\/secure.gravatar.com\/avatar\/82aafea7d8127119dd649515f56e2117?s=96&d=mm&r=g","caption":"rtnews"},"url":"https:\/\/now-news.de\/de\/author\/rnews\/"}]}},"_links":{"self":[{"href":"https:\/\/now-news.de\/de\/wp-json\/wp\/v2\/posts\/37638"}],"collection":[{"href":"https:\/\/now-news.de\/de\/wp-json\/wp\/v2\/posts"}],"about":[{"href":"https:\/\/now-news.de\/de\/wp-json\/wp\/v2\/types\/post"}],"author":[{"embeddable":true,"href":"https:\/\/now-news.de\/de\/wp-json\/wp\/v2\/users\/3"}],"replies":[{"embeddable":true,"href":"https:\/\/now-news.de\/de\/wp-json\/wp\/v2\/comments?post=37638"}],"version-history":[{"count":0,"href":"https:\/\/now-news.de\/de\/wp-json\/wp\/v2\/posts\/37638\/revisions"}],"wp:featuredmedia":[{"embeddable":true,"href":"https:\/\/now-news.de\/de\/wp-json\/wp\/v2\/media\/37639"}],"wp:attachment":[{"href":"https:\/\/now-news.de\/de\/wp-json\/wp\/v2\/media?parent=37638"}],"wp:term":[{"taxonomy":"category","embeddable":true,"href":"https:\/\/now-news.de\/de\/wp-json\/wp\/v2\/categories?post=37638"},{"taxonomy":"post_tag","embeddable":true,"href":"https:\/\/now-news.de\/de\/wp-json\/wp\/v2\/tags?post=37638"}],"curies":[{"name":"wp","href":"https:\/\/api.w.org\/{rel}","templated":true}]}}