{"id":37632,"date":"2023-06-07T13:02:07","date_gmt":"2023-06-07T11:02:07","guid":{"rendered":"http:\/\/just-now.news\/de\/deutschland\/kiewer-hoehlenkloster-kulturministerium-setzt-moenchen-dreitagesfrist-fuer-raeumung\/"},"modified":"2023-06-07T13:02:07","modified_gmt":"2023-06-07T11:02:07","slug":"kiewer-hoehlenkloster-kulturministerium-setzt-moenchen-dreitagesfrist-fuer-raeumung","status":"publish","type":"post","link":"https:\/\/now-news.de\/de\/deutschland\/kiewer-hoehlenkloster-kulturministerium-setzt-moenchen-dreitagesfrist-fuer-raeumung\/","title":{"rendered":"Kiewer H\u00f6hlenkloster: Kulturministerium setzt M\u00f6nchen Dreitagesfrist f\u00fcr R\u00e4umung"},"content":{"rendered":"<p><img decoding=\"async\" src=\"http:\/\/just-now.news\/de\/wp-content\/uploads\/sites\/3\/2023\/06\/647f2e51b480cc2d79096873.jpg\" \/><\/p>\n<div class=\"Text-root Text-type_1 \">\n                Das Kiewer Regime leitet einen erneuten Versuch ein, die kanonische Ukrainisch-Orthodoxe Kirche des Moskauer Patriarchats aus ihrem Hauptsitz, dem ber\u00fchmten Kiewer H\u00f6hlenkloster, zu vertreiben. Nun wurde den M\u00f6nchen eine dreit\u00e4gige R\u00e4umungsfrist gesetzt.\n            <\/div>\n<p><\/p>\n<div class=\"Text-root Text-type_5 ArticleView-text ViewText-root \">\n<p>Die M\u00f6nche der kanonischen Ukrainisch-Orthodoxen Kirche (UOK) sind verpflichtet worden, das Kiewer H\u00f6hlenkloster innerhalb von drei Tagen zu verlassen, teilte der ukrainische Kulturminister Aleksandr Tkatschenko auf seinem Telegramkanal mit.<\/p>\n<p>Demzufolge hat das &#8220;Staatliche Reservat&#8221;, das die Sonderrechte des Klosterkomplexes verwaltet und dem Kulturministerium untersteht, im Ergebnis der Arbeit einer ministeriellen Kommission eine entsprechende Aufforderung an die Kirche gesandt.<\/p>\n<blockquote>\n<p><em>&#8220;Nun, nachdem das Reservat eine R\u00e4umungsaufforderung an die UOK MP betreffend die sofortige R\u00e4umung, Beendigung der Nutzung und R\u00fcckgabe seines Eigentums zugestellt hat, muss diese innerhalb von drei Werktagen ab dem Datum der Zustellung der Aufforderung nachkommen. Im Falle einer Weigerung, wird ein Gericht eine geeignete Entscheidung treffen&#8221;<\/em>, sagte der Minister.<\/p>\n<\/blockquote>\n<p>Er f\u00fcgte hinzu, dass am 5. Juni eine ministerielle Kommission einen Akt der Annahme und \u00dcbertragung des Eigentums unterzeichnet hat. Insgesamt hat die Kommission 79 Immobilien gepr\u00fcft. Der Verwaltungsakt wurde auch den Vertretern des Klosters zugesandt, die sich jedoch weigerten, ihn \u00fcber das Sekretariat anzunehmen, woraufhin das Reservat alle Dokumente per Post sowie elektronisch \u00fcbermittelte.<\/p>\n<p>Die neue Runde des Konflikts um das Kiewer H\u00f6hlenkloster begann, als das Kulturministerium den Pachtvertrag k\u00fcndigte und die M\u00f6nche aufforderte, das Kloster <a rel=\"nofollow noopener\" target=\"_blank\" href=\"https:\/\/test.rtde.life\/europa\/165001-moenche-kanonischen-ukrainisch-orthodoxen-kirche-muessen-hoehlenkloster-verlassen\/\">bis zum 29. M\u00e4rz zu verlassen<\/a>. Tkatschenko sagte jedoch, dass sie bleiben k\u00f6nnten, wenn sie sich der schismatischen Orthodoxen Kirche der Ukraine (deren Neugr\u00fcndung 2018 stattfand) anschlie\u00dfen w\u00fcrden.<\/p>\n<p>Die UOK erkl\u00e4rte, der Pachtvertrag k\u00f6nne nicht einseitig gek\u00fcndigt werden und es gebe kein Gerichtsurteil zu dieser Frage. Der Abt des Klosters, Metropolit Pawel (Paul), k\u00fcndigte an, dass die Br\u00fcder bis zum Ende standhaft bleiben w\u00fcrden. Der Abt wurde sp\u00e4ter unter dem Vorwurf der Anstiftung zu interreligi\u00f6sem Zwist und der Unterst\u00fctzung des russischen Vorgehens <a rel=\"nofollow noopener\" target=\"_blank\" href=\"https:\/\/test.rtde.life\/kurzclips\/video\/166833-abt-unter-hausarrest-westen-schweigt\/\">unter Hausarrest gestellt<\/a>. Seinen Angaben zufolge wurde ihm angeboten, alle Anklagen fallen zu lassen, wenn die M\u00f6nche in die nicht kanonische Neugr\u00fcndung \u00fcbertreten w\u00fcrden.<\/p>\n<p>Zwei Monate lang <a rel=\"nofollow noopener\" target=\"_blank\" href=\"https:\/\/test.rtde.life\/europa\/166571-glaeubige-hindern-staatliche-kommission-am-betreten-hoehlenkloster\/\">behinderten die Gl\u00e4ubigen<\/a> die Arbeit der Kommission, die ihrerseits oftmals versuchte, die Klostergeb\u00e4ude zu versiegeln und notfalls die M\u00f6nche und Gl\u00e4ubigen darin einzusperren. Infolgedessen wurden mindestens vier Gemeindemitglieder sowie die Menschenrechtsaktivistin Viktoria Kochanowskaja festgenommen. Sie alle wurden unter Hausarrest gestellt.<\/p>\n<p>Das Kiewer H\u00f6hlenkloster (russisch Kiewo-Petscherskaja Lawra, ukrainisch Kiewo-Petscherska Lawra) wurde im 11. Jahrhundert gegr\u00fcndet und ist eines der wichtigsten Zentren der russischen und ostslawischen Orthodoxie und Aufkl\u00e4rung. Auf dem Gel\u00e4nde des Klosters sind die sterblichen \u00dcberreste verehrter Heiliger und ber\u00fchmter historischer Pers\u00f6nlichkeiten bestattet.<\/p>\n<p>W\u00e4hrend der Sowjetzeit war das Kloster geschlossen, es wurde aber noch in der sp\u00e4ten Sowjetzeit f\u00fcr Gottesdienste wieder zug\u00e4nglich gemacht. Seit 1988 befindet es sich im faktischen Besitz der Ukrainisch-Orthodoxen Kirche, der gr\u00f6\u00dften Konfession des Landes. Der ukrainische Staat hat sich jedoch stets geweigert, das Eigentum am Komplex an die Orthodoxe Kirche, also den von den Sowjets enteigneten Alteigent\u00fcmer, r\u00fcckzu\u00fcbertragen, sodass die Nutzung des Komplexes durch Kirche und M\u00f6nche stets in einem Pachtverh\u00e4ltnis geregelt war.<\/p>\n<p>Im Jahr 1990 nahm die UNESCO das Kloster als ein bedeutendes Weltkulturerbe in die entsprechende Liste auf. Der Klosterkomplex wurde seitdem vorrangig mit Mitteln der Ukrainisch-Orthodoxen Kirche und deren Gl\u00e4ubigen rekonstruiert, wiederaufgebaut und instand gehalten. Auch die im Zweiten Weltkrieg zerst\u00f6rte gr\u00f6\u00dfte Kirche des Komplexes wurde auf diese Weise mit kirchlichen Mitteln wiederaufgebaut. Seit 1994 ist Metropolit Pawel der Vikar des H\u00f6hlenklosters.<\/p>\n<p>Seit dem Sieg des nationalistischen Maidan im Februar 2014 steht die kanonische Ukrainisch-Orthodoxe Kirche wegen ihrer traditionellen, wenn auch in letzter Zeit eher symbolischen Zugeh\u00f6rigkeit zum Moskauer Patriarchat (die UOK ist seit 1990 mit weitgehender Selbstverwaltung ausgestattet) unter massivem Druck. Zwei Abspaltungen wurden von den neuen Machthabern seitdem unverhohlen bevorzugt und mit staatlichen Mitteln bedacht, etwa im Rahmen der Einf\u00fchrung der Milit\u00e4rkapl\u00e4ne. Ungehindert, zum Teil sogar mit staatlicher Unterst\u00fctzung, ergreifen Anh\u00e4nger der Abspaltungen\u00a0<a rel=\"nofollow noopener\" target=\"_blank\" href=\"https:\/\/test.rtde.tech\/newsticker\/76763-ukrainische-nationalisten-nehmen-orthodoxe-kirche-ein\/\">unter Einsatz von Gewalt<\/a>\u00a0Besitz von Kirchen und verdr\u00e4ngen die traditionellen Gemeinden.<\/p>\n<p>Ende 2018 wurden die Abspaltungen unter der Schirmherrschaft des damaligen Pr\u00e4sidenten Poroschenko zur offiziellen &#8220;<a rel=\"nofollow noopener\" target=\"_blank\" href=\"https:\/\/test.rtde.tech\/europa\/81218-ukraine-poroschenko-grundet-ukrainische-nationalkirche-mithilfe-cia\/\">Orthodoxen Kirche der Ukraine<\/a>&#8221; vereinigt, die 2019 von dem Patriarchen von Konstantinopel\u00a0<a rel=\"nofollow noopener\" target=\"_blank\" href=\"https:\/\/test.rtde.tech\/newsticker\/82070-orthodoxe-nationalkirche-in-ukraine-fur\/\">als &#8220;unabh\u00e4ngig&#8221; anerkannt<\/a>\u00a0wurde. In der orthodoxen Weltkirche ist dieser Akt umstritten und wird teilweise als ein nicht kanonischer Eingriff in den Hoheitsbereich des Moskauer Patriarchen verurteilt. Unter ukrainischen Gl\u00e4ubigen hat die Neugr\u00fcndung bislang nur\u00a0<a rel=\"nofollow noopener\" target=\"_blank\" href=\"https:\/\/test.rtde.tech\/europa\/89153-ukraine-nur-vier-prozent-pfarreien\/\">beschr\u00e4nkte Anerkennung<\/a>.<\/p>\n<p>Seit 2018 gibt es wiederholt Bestrebungen und politische Initiativen, die Kl\u00f6ster der Ukraine an die neu gegr\u00fcndete Nationalkirche zu \u00fcbertragen. Wladimir Selenskij, der sich in den ersten zwei Jahren seiner Amtszeit sichtbar aus dem konfessionellen Konflikt heraushielt, hat sich nach Beginn der russischen milit\u00e4rischen Intervention im Februar 2022 offen dazu bekannt, die Ukrainisch-Orthodoxe Kirche vernichten zu wollen.<\/p>\n<p><strong>Mehr zum Thema<\/strong> &#8211; <a rel=\"nofollow noopener\" target=\"_blank\" href=\"https:\/\/test.rtde.life\/meinung\/167627-kloster-ueberlebte-mongolen-nazis-und-bolschewiki-aber-wird-selenskij-%C3%BCberleben\/\">Ein Kloster \u00fcberlebte die Mongolen, die Nazis und die Bolschewiki. Aber wird es Selenskij \u00fcberleben?<\/a><\/p>\n<\/div>\n<p><br \/>\n<br \/><a href=\"https:\/\/de.rt.com\/international\/171981-kiewer-hoehlenkloster-kulturministerium-setzt-moenchen\/\">Source link <\/a><\/p>\n","protected":false},"excerpt":{"rendered":"<p>Das Kiewer Regime leitet einen erneuten Versuch ein, die kanonische Ukrainisch-Orthodoxe Kirche des Moskauer Patriarchats aus ihrem Hauptsitz, dem ber\u00fchmten Kiewer H\u00f6hlenkloster, zu vertreiben. Nun wurde den M\u00f6nchen eine dreit\u00e4gige R\u00e4umungsfrist gesetzt. Die M\u00f6nche der kanonischen Ukrainisch-Orthodoxen Kirche (UOK) sind verpflichtet worden, das Kiewer H\u00f6hlenkloster innerhalb von drei Tagen zu verlassen, teilte der ukrainische Kulturminister [&hellip;]<\/p>\n","protected":false},"author":3,"featured_media":37633,"comment_status":"open","ping_status":"open","sticky":false,"template":"","format":"standard","meta":{"_yoast_indexnow_last_ping":["1686136021"],"wp_automatic_camp":["217"],"caf0be48c6173811fd036313edc74383":["Kiewer H\u00f6hlenkloster: Kulturministerium setzt M\u00f6nchen Dreitagesfrist f\u00fcr R\u00e4umung"],"original_link":["https:\/\/de.rt.com\/international\/171981-kiewer-hoehlenkloster-kulturministerium-setzt-moenchen\/"],"_thumbnail_id":["37633"],"jnews_social_counter_last_update":["1777171576"]},"categories":[19,23],"tags":[45321,221,41789,18588,45319,45320,40017,1997],"yoast_head":"<!-- This site is optimized with the Yoast SEO Premium plugin v22.7 (Yoast SEO v22.7) - https:\/\/yoast.com\/wordpress\/plugins\/seo\/ -->\n<title>Kiewer H\u00f6hlenkloster: Kulturministerium setzt M\u00f6nchen Dreitagesfrist f\u00fcr R\u00e4umung - just-now.NEWS Deutschland<\/title>\n<meta name=\"robots\" content=\"index, follow, max-snippet:-1, max-image-preview:large, max-video-preview:-1\" \/>\n<link rel=\"canonical\" href=\"https:\/\/now-news.de\/de\/deutschland\/kiewer-hoehlenkloster-kulturministerium-setzt-moenchen-dreitagesfrist-fuer-raeumung\/\" \/>\n<meta property=\"og:locale\" content=\"de_DE\" \/>\n<meta property=\"og:type\" content=\"article\" \/>\n<meta property=\"og:title\" content=\"Kiewer H\u00f6hlenkloster: Kulturministerium setzt M\u00f6nchen Dreitagesfrist f\u00fcr R\u00e4umung\" \/>\n<meta property=\"og:description\" content=\"Das Kiewer Regime leitet einen erneuten Versuch ein, die kanonische Ukrainisch-Orthodoxe Kirche des Moskauer Patriarchats aus ihrem Hauptsitz, dem ber\u00fchmten Kiewer H\u00f6hlenkloster, zu vertreiben. Nun wurde den M\u00f6nchen eine dreit\u00e4gige R\u00e4umungsfrist gesetzt. Die M\u00f6nche der kanonischen Ukrainisch-Orthodoxen Kirche (UOK) sind verpflichtet worden, das Kiewer H\u00f6hlenkloster innerhalb von drei Tagen zu verlassen, teilte der ukrainische Kulturminister [&hellip;]\" \/>\n<meta property=\"og:url\" content=\"https:\/\/now-news.de\/de\/deutschland\/kiewer-hoehlenkloster-kulturministerium-setzt-moenchen-dreitagesfrist-fuer-raeumung\/\" \/>\n<meta property=\"og:site_name\" content=\"just-now.NEWS Deutschland\" \/>\n<meta property=\"article:publisher\" content=\"https:\/\/www.facebook.com\/wirmachenauf\" \/>\n<meta property=\"article:published_time\" content=\"2023-06-07T11:02:07+00:00\" \/>\n<meta property=\"og:image\" content=\"https:\/\/now-news.de\/de\/wp-content\/uploads\/sites\/3\/2023\/06\/Kiewer-Hoehlenkloster-Kulturministerium-setzt-Moenchen-Dreitagesfrist-fuer-Raeumung.jpg\" \/>\n\t<meta property=\"og:image:width\" content=\"460\" \/>\n\t<meta property=\"og:image:height\" content=\"259\" \/>\n\t<meta property=\"og:image:type\" content=\"image\/jpeg\" \/>\n<meta name=\"author\" content=\"rtnews\" \/>\n<meta name=\"twitter:card\" content=\"summary_large_image\" \/>\n<meta name=\"twitter:creator\" content=\"@WirMachenAuf_de\" \/>\n<meta name=\"twitter:site\" content=\"@WirMachenAuf_de\" \/>\n<meta name=\"twitter:label1\" content=\"Verfasst von\" \/>\n\t<meta name=\"twitter:data1\" content=\"rtnews\" \/>\n\t<meta name=\"twitter:label2\" content=\"Gesch\u00e4tzte Lesezeit\" \/>\n\t<meta name=\"twitter:data2\" content=\"4\u00a0Minuten\" \/>\n<script type=\"application\/ld+json\" class=\"yoast-schema-graph\">{\"@context\":\"https:\/\/schema.org\",\"@graph\":[{\"@type\":\"Article\",\"@id\":\"https:\/\/now-news.de\/de\/deutschland\/kiewer-hoehlenkloster-kulturministerium-setzt-moenchen-dreitagesfrist-fuer-raeumung\/#article\",\"isPartOf\":{\"@id\":\"https:\/\/now-news.de\/de\/deutschland\/kiewer-hoehlenkloster-kulturministerium-setzt-moenchen-dreitagesfrist-fuer-raeumung\/\"},\"author\":{\"name\":\"rtnews\",\"@id\":\"https:\/\/now-news.de\/de\/#\/schema\/person\/fb534a4e865501d8b3285208df34a9b5\"},\"headline\":\"Kiewer H\u00f6hlenkloster: Kulturministerium setzt M\u00f6nchen Dreitagesfrist f\u00fcr R\u00e4umung\",\"datePublished\":\"2023-06-07T11:02:07+00:00\",\"dateModified\":\"2023-06-07T11:02:07+00:00\",\"mainEntityOfPage\":{\"@id\":\"https:\/\/now-news.de\/de\/deutschland\/kiewer-hoehlenkloster-kulturministerium-setzt-moenchen-dreitagesfrist-fuer-raeumung\/\"},\"wordCount\":843,\"commentCount\":0,\"publisher\":{\"@id\":\"https:\/\/now-news.de\/de\/#organization\"},\"image\":{\"@id\":\"https:\/\/now-news.de\/de\/deutschland\/kiewer-hoehlenkloster-kulturministerium-setzt-moenchen-dreitagesfrist-fuer-raeumung\/#primaryimage\"},\"thumbnailUrl\":\"https:\/\/now-news.de\/de\/wp-content\/uploads\/sites\/3\/2023\/06\/Kiewer-Hoehlenkloster-Kulturministerium-setzt-Moenchen-Dreitagesfrist-fuer-Raeumung.jpg\",\"keywords\":[\"Dreitagesfrist\",\"f\u00fcr\",\"H\u00f6hlenkloster\",\"Kiewer\",\"Kulturministerium\",\"M\u00f6nchen\",\"R\u00e4umung\",\"setzt\"],\"articleSection\":[\"Deutschland\",\"Russland\"],\"inLanguage\":\"de\",\"potentialAction\":[{\"@type\":\"CommentAction\",\"name\":\"Comment\",\"target\":[\"https:\/\/now-news.de\/de\/deutschland\/kiewer-hoehlenkloster-kulturministerium-setzt-moenchen-dreitagesfrist-fuer-raeumung\/#respond\"]}]},{\"@type\":\"WebPage\",\"@id\":\"https:\/\/now-news.de\/de\/deutschland\/kiewer-hoehlenkloster-kulturministerium-setzt-moenchen-dreitagesfrist-fuer-raeumung\/\",\"url\":\"https:\/\/now-news.de\/de\/deutschland\/kiewer-hoehlenkloster-kulturministerium-setzt-moenchen-dreitagesfrist-fuer-raeumung\/\",\"name\":\"Kiewer H\u00f6hlenkloster: Kulturministerium setzt M\u00f6nchen Dreitagesfrist f\u00fcr R\u00e4umung - just-now.NEWS Deutschland\",\"isPartOf\":{\"@id\":\"https:\/\/now-news.de\/de\/#website\"},\"primaryImageOfPage\":{\"@id\":\"https:\/\/now-news.de\/de\/deutschland\/kiewer-hoehlenkloster-kulturministerium-setzt-moenchen-dreitagesfrist-fuer-raeumung\/#primaryimage\"},\"image\":{\"@id\":\"https:\/\/now-news.de\/de\/deutschland\/kiewer-hoehlenkloster-kulturministerium-setzt-moenchen-dreitagesfrist-fuer-raeumung\/#primaryimage\"},\"thumbnailUrl\":\"https:\/\/now-news.de\/de\/wp-content\/uploads\/sites\/3\/2023\/06\/Kiewer-Hoehlenkloster-Kulturministerium-setzt-Moenchen-Dreitagesfrist-fuer-Raeumung.jpg\",\"datePublished\":\"2023-06-07T11:02:07+00:00\",\"dateModified\":\"2023-06-07T11:02:07+00:00\",\"breadcrumb\":{\"@id\":\"https:\/\/now-news.de\/de\/deutschland\/kiewer-hoehlenkloster-kulturministerium-setzt-moenchen-dreitagesfrist-fuer-raeumung\/#breadcrumb\"},\"inLanguage\":\"de\",\"potentialAction\":[{\"@type\":\"ReadAction\",\"target\":[\"https:\/\/now-news.de\/de\/deutschland\/kiewer-hoehlenkloster-kulturministerium-setzt-moenchen-dreitagesfrist-fuer-raeumung\/\"]}]},{\"@type\":\"ImageObject\",\"inLanguage\":\"de\",\"@id\":\"https:\/\/now-news.de\/de\/deutschland\/kiewer-hoehlenkloster-kulturministerium-setzt-moenchen-dreitagesfrist-fuer-raeumung\/#primaryimage\",\"url\":\"https:\/\/now-news.de\/de\/wp-content\/uploads\/sites\/3\/2023\/06\/Kiewer-Hoehlenkloster-Kulturministerium-setzt-Moenchen-Dreitagesfrist-fuer-Raeumung.jpg\",\"contentUrl\":\"https:\/\/now-news.de\/de\/wp-content\/uploads\/sites\/3\/2023\/06\/Kiewer-Hoehlenkloster-Kulturministerium-setzt-Moenchen-Dreitagesfrist-fuer-Raeumung.jpg\",\"width\":460,\"height\":259,\"caption\":\"Kiewer H\u00f6hlenkloster: Kulturministerium setzt M\u00f6nchen Dreitagesfrist f\u00fcr R\u00e4umung\"},{\"@type\":\"BreadcrumbList\",\"@id\":\"https:\/\/now-news.de\/de\/deutschland\/kiewer-hoehlenkloster-kulturministerium-setzt-moenchen-dreitagesfrist-fuer-raeumung\/#breadcrumb\",\"itemListElement\":[{\"@type\":\"ListItem\",\"position\":1,\"name\":\"Home\",\"item\":\"https:\/\/now-news.de\/de\/\"},{\"@type\":\"ListItem\",\"position\":2,\"name\":\"Kiewer H\u00f6hlenkloster: Kulturministerium setzt M\u00f6nchen Dreitagesfrist f\u00fcr R\u00e4umung\"}]},{\"@type\":\"WebSite\",\"@id\":\"https:\/\/now-news.de\/de\/#website\",\"url\":\"https:\/\/now-news.de\/de\/\",\"name\":\"just-now.NEWS Deutschland\",\"description\":\"Das Portal f\u00fcr unzensierte Nachrichten aus der Welt\",\"publisher\":{\"@id\":\"https:\/\/now-news.de\/de\/#organization\"},\"potentialAction\":[{\"@type\":\"SearchAction\",\"target\":{\"@type\":\"EntryPoint\",\"urlTemplate\":\"https:\/\/now-news.de\/de\/?s={search_term_string}\"},\"query-input\":\"required name=search_term_string\"}],\"inLanguage\":\"de\"},{\"@type\":\"Organization\",\"@id\":\"https:\/\/now-news.de\/de\/#organization\",\"name\":\"Just Now News\",\"url\":\"https:\/\/now-news.de\/de\/\",\"logo\":{\"@type\":\"ImageObject\",\"inLanguage\":\"de\",\"@id\":\"https:\/\/now-news.de\/de\/#\/schema\/logo\/image\/\",\"url\":\"http:\/\/just-now.news\/de\/wp-content\/uploads\/sites\/3\/2022\/04\/logo500x500.jpg\",\"contentUrl\":\"http:\/\/just-now.news\/de\/wp-content\/uploads\/sites\/3\/2022\/04\/logo500x500.jpg\",\"width\":500,\"height\":500,\"caption\":\"Just Now News\"},\"image\":{\"@id\":\"https:\/\/now-news.de\/de\/#\/schema\/logo\/image\/\"},\"sameAs\":[\"https:\/\/www.facebook.com\/wirmachenauf\",\"https:\/\/x.com\/WirMachenAuf_de\"]},{\"@type\":\"Person\",\"@id\":\"https:\/\/now-news.de\/de\/#\/schema\/person\/fb534a4e865501d8b3285208df34a9b5\",\"name\":\"rtnews\",\"image\":{\"@type\":\"ImageObject\",\"inLanguage\":\"de\",\"@id\":\"https:\/\/now-news.de\/de\/#\/schema\/person\/image\/\",\"url\":\"https:\/\/secure.gravatar.com\/avatar\/82aafea7d8127119dd649515f56e2117?s=96&d=mm&r=g\",\"contentUrl\":\"https:\/\/secure.gravatar.com\/avatar\/82aafea7d8127119dd649515f56e2117?s=96&d=mm&r=g\",\"caption\":\"rtnews\"},\"url\":\"https:\/\/now-news.de\/de\/author\/rnews\/\"}]}<\/script>\n<!-- \/ Yoast SEO Premium plugin. -->","yoast_head_json":{"title":"Kiewer H\u00f6hlenkloster: Kulturministerium setzt M\u00f6nchen Dreitagesfrist f\u00fcr R\u00e4umung - just-now.NEWS Deutschland","robots":{"index":"index","follow":"follow","max-snippet":"max-snippet:-1","max-image-preview":"max-image-preview:large","max-video-preview":"max-video-preview:-1"},"canonical":"https:\/\/now-news.de\/de\/deutschland\/kiewer-hoehlenkloster-kulturministerium-setzt-moenchen-dreitagesfrist-fuer-raeumung\/","og_locale":"de_DE","og_type":"article","og_title":"Kiewer H\u00f6hlenkloster: Kulturministerium setzt M\u00f6nchen Dreitagesfrist f\u00fcr R\u00e4umung","og_description":"Das Kiewer Regime leitet einen erneuten Versuch ein, die kanonische Ukrainisch-Orthodoxe Kirche des Moskauer Patriarchats aus ihrem Hauptsitz, dem ber\u00fchmten Kiewer H\u00f6hlenkloster, zu vertreiben. Nun wurde den M\u00f6nchen eine dreit\u00e4gige R\u00e4umungsfrist gesetzt. Die M\u00f6nche der kanonischen Ukrainisch-Orthodoxen Kirche (UOK) sind verpflichtet worden, das Kiewer H\u00f6hlenkloster innerhalb von drei Tagen zu verlassen, teilte der ukrainische Kulturminister [&hellip;]","og_url":"https:\/\/now-news.de\/de\/deutschland\/kiewer-hoehlenkloster-kulturministerium-setzt-moenchen-dreitagesfrist-fuer-raeumung\/","og_site_name":"just-now.NEWS Deutschland","article_publisher":"https:\/\/www.facebook.com\/wirmachenauf","article_published_time":"2023-06-07T11:02:07+00:00","og_image":[{"width":460,"height":259,"url":"https:\/\/now-news.de\/de\/wp-content\/uploads\/sites\/3\/2023\/06\/Kiewer-Hoehlenkloster-Kulturministerium-setzt-Moenchen-Dreitagesfrist-fuer-Raeumung.jpg","type":"image\/jpeg"}],"author":"rtnews","twitter_card":"summary_large_image","twitter_creator":"@WirMachenAuf_de","twitter_site":"@WirMachenAuf_de","twitter_misc":{"Verfasst von":"rtnews","Gesch\u00e4tzte Lesezeit":"4\u00a0Minuten"},"schema":{"@context":"https:\/\/schema.org","@graph":[{"@type":"Article","@id":"https:\/\/now-news.de\/de\/deutschland\/kiewer-hoehlenkloster-kulturministerium-setzt-moenchen-dreitagesfrist-fuer-raeumung\/#article","isPartOf":{"@id":"https:\/\/now-news.de\/de\/deutschland\/kiewer-hoehlenkloster-kulturministerium-setzt-moenchen-dreitagesfrist-fuer-raeumung\/"},"author":{"name":"rtnews","@id":"https:\/\/now-news.de\/de\/#\/schema\/person\/fb534a4e865501d8b3285208df34a9b5"},"headline":"Kiewer H\u00f6hlenkloster: Kulturministerium setzt M\u00f6nchen Dreitagesfrist f\u00fcr R\u00e4umung","datePublished":"2023-06-07T11:02:07+00:00","dateModified":"2023-06-07T11:02:07+00:00","mainEntityOfPage":{"@id":"https:\/\/now-news.de\/de\/deutschland\/kiewer-hoehlenkloster-kulturministerium-setzt-moenchen-dreitagesfrist-fuer-raeumung\/"},"wordCount":843,"commentCount":0,"publisher":{"@id":"https:\/\/now-news.de\/de\/#organization"},"image":{"@id":"https:\/\/now-news.de\/de\/deutschland\/kiewer-hoehlenkloster-kulturministerium-setzt-moenchen-dreitagesfrist-fuer-raeumung\/#primaryimage"},"thumbnailUrl":"https:\/\/now-news.de\/de\/wp-content\/uploads\/sites\/3\/2023\/06\/Kiewer-Hoehlenkloster-Kulturministerium-setzt-Moenchen-Dreitagesfrist-fuer-Raeumung.jpg","keywords":["Dreitagesfrist","f\u00fcr","H\u00f6hlenkloster","Kiewer","Kulturministerium","M\u00f6nchen","R\u00e4umung","setzt"],"articleSection":["Deutschland","Russland"],"inLanguage":"de","potentialAction":[{"@type":"CommentAction","name":"Comment","target":["https:\/\/now-news.de\/de\/deutschland\/kiewer-hoehlenkloster-kulturministerium-setzt-moenchen-dreitagesfrist-fuer-raeumung\/#respond"]}]},{"@type":"WebPage","@id":"https:\/\/now-news.de\/de\/deutschland\/kiewer-hoehlenkloster-kulturministerium-setzt-moenchen-dreitagesfrist-fuer-raeumung\/","url":"https:\/\/now-news.de\/de\/deutschland\/kiewer-hoehlenkloster-kulturministerium-setzt-moenchen-dreitagesfrist-fuer-raeumung\/","name":"Kiewer H\u00f6hlenkloster: Kulturministerium setzt M\u00f6nchen Dreitagesfrist f\u00fcr R\u00e4umung - just-now.NEWS Deutschland","isPartOf":{"@id":"https:\/\/now-news.de\/de\/#website"},"primaryImageOfPage":{"@id":"https:\/\/now-news.de\/de\/deutschland\/kiewer-hoehlenkloster-kulturministerium-setzt-moenchen-dreitagesfrist-fuer-raeumung\/#primaryimage"},"image":{"@id":"https:\/\/now-news.de\/de\/deutschland\/kiewer-hoehlenkloster-kulturministerium-setzt-moenchen-dreitagesfrist-fuer-raeumung\/#primaryimage"},"thumbnailUrl":"https:\/\/now-news.de\/de\/wp-content\/uploads\/sites\/3\/2023\/06\/Kiewer-Hoehlenkloster-Kulturministerium-setzt-Moenchen-Dreitagesfrist-fuer-Raeumung.jpg","datePublished":"2023-06-07T11:02:07+00:00","dateModified":"2023-06-07T11:02:07+00:00","breadcrumb":{"@id":"https:\/\/now-news.de\/de\/deutschland\/kiewer-hoehlenkloster-kulturministerium-setzt-moenchen-dreitagesfrist-fuer-raeumung\/#breadcrumb"},"inLanguage":"de","potentialAction":[{"@type":"ReadAction","target":["https:\/\/now-news.de\/de\/deutschland\/kiewer-hoehlenkloster-kulturministerium-setzt-moenchen-dreitagesfrist-fuer-raeumung\/"]}]},{"@type":"ImageObject","inLanguage":"de","@id":"https:\/\/now-news.de\/de\/deutschland\/kiewer-hoehlenkloster-kulturministerium-setzt-moenchen-dreitagesfrist-fuer-raeumung\/#primaryimage","url":"https:\/\/now-news.de\/de\/wp-content\/uploads\/sites\/3\/2023\/06\/Kiewer-Hoehlenkloster-Kulturministerium-setzt-Moenchen-Dreitagesfrist-fuer-Raeumung.jpg","contentUrl":"https:\/\/now-news.de\/de\/wp-content\/uploads\/sites\/3\/2023\/06\/Kiewer-Hoehlenkloster-Kulturministerium-setzt-Moenchen-Dreitagesfrist-fuer-Raeumung.jpg","width":460,"height":259,"caption":"Kiewer H\u00f6hlenkloster: Kulturministerium setzt M\u00f6nchen Dreitagesfrist f\u00fcr R\u00e4umung"},{"@type":"BreadcrumbList","@id":"https:\/\/now-news.de\/de\/deutschland\/kiewer-hoehlenkloster-kulturministerium-setzt-moenchen-dreitagesfrist-fuer-raeumung\/#breadcrumb","itemListElement":[{"@type":"ListItem","position":1,"name":"Home","item":"https:\/\/now-news.de\/de\/"},{"@type":"ListItem","position":2,"name":"Kiewer H\u00f6hlenkloster: Kulturministerium setzt M\u00f6nchen Dreitagesfrist f\u00fcr R\u00e4umung"}]},{"@type":"WebSite","@id":"https:\/\/now-news.de\/de\/#website","url":"https:\/\/now-news.de\/de\/","name":"just-now.NEWS Deutschland","description":"Das Portal f\u00fcr unzensierte Nachrichten aus der Welt","publisher":{"@id":"https:\/\/now-news.de\/de\/#organization"},"potentialAction":[{"@type":"SearchAction","target":{"@type":"EntryPoint","urlTemplate":"https:\/\/now-news.de\/de\/?s={search_term_string}"},"query-input":"required name=search_term_string"}],"inLanguage":"de"},{"@type":"Organization","@id":"https:\/\/now-news.de\/de\/#organization","name":"Just Now News","url":"https:\/\/now-news.de\/de\/","logo":{"@type":"ImageObject","inLanguage":"de","@id":"https:\/\/now-news.de\/de\/#\/schema\/logo\/image\/","url":"http:\/\/just-now.news\/de\/wp-content\/uploads\/sites\/3\/2022\/04\/logo500x500.jpg","contentUrl":"http:\/\/just-now.news\/de\/wp-content\/uploads\/sites\/3\/2022\/04\/logo500x500.jpg","width":500,"height":500,"caption":"Just Now News"},"image":{"@id":"https:\/\/now-news.de\/de\/#\/schema\/logo\/image\/"},"sameAs":["https:\/\/www.facebook.com\/wirmachenauf","https:\/\/x.com\/WirMachenAuf_de"]},{"@type":"Person","@id":"https:\/\/now-news.de\/de\/#\/schema\/person\/fb534a4e865501d8b3285208df34a9b5","name":"rtnews","image":{"@type":"ImageObject","inLanguage":"de","@id":"https:\/\/now-news.de\/de\/#\/schema\/person\/image\/","url":"https:\/\/secure.gravatar.com\/avatar\/82aafea7d8127119dd649515f56e2117?s=96&d=mm&r=g","contentUrl":"https:\/\/secure.gravatar.com\/avatar\/82aafea7d8127119dd649515f56e2117?s=96&d=mm&r=g","caption":"rtnews"},"url":"https:\/\/now-news.de\/de\/author\/rnews\/"}]}},"_links":{"self":[{"href":"https:\/\/now-news.de\/de\/wp-json\/wp\/v2\/posts\/37632"}],"collection":[{"href":"https:\/\/now-news.de\/de\/wp-json\/wp\/v2\/posts"}],"about":[{"href":"https:\/\/now-news.de\/de\/wp-json\/wp\/v2\/types\/post"}],"author":[{"embeddable":true,"href":"https:\/\/now-news.de\/de\/wp-json\/wp\/v2\/users\/3"}],"replies":[{"embeddable":true,"href":"https:\/\/now-news.de\/de\/wp-json\/wp\/v2\/comments?post=37632"}],"version-history":[{"count":0,"href":"https:\/\/now-news.de\/de\/wp-json\/wp\/v2\/posts\/37632\/revisions"}],"wp:featuredmedia":[{"embeddable":true,"href":"https:\/\/now-news.de\/de\/wp-json\/wp\/v2\/media\/37633"}],"wp:attachment":[{"href":"https:\/\/now-news.de\/de\/wp-json\/wp\/v2\/media?parent=37632"}],"wp:term":[{"taxonomy":"category","embeddable":true,"href":"https:\/\/now-news.de\/de\/wp-json\/wp\/v2\/categories?post=37632"},{"taxonomy":"post_tag","embeddable":true,"href":"https:\/\/now-news.de\/de\/wp-json\/wp\/v2\/tags?post=37632"}],"curies":[{"name":"wp","href":"https:\/\/api.w.org\/{rel}","templated":true}]}}