{"id":37619,"date":"2023-06-07T11:02:12","date_gmt":"2023-06-07T09:02:12","guid":{"rendered":"https:\/\/just-now.news\/de\/deutschland\/aufbruch-in-eine-welt-ohne-russland-gipfel-in-moldawien-bereitete-neue-erweiterung-der-eu-vor\/"},"modified":"2023-06-07T11:02:12","modified_gmt":"2023-06-07T09:02:12","slug":"aufbruch-in-eine-welt-ohne-russland-gipfel-in-moldawien-bereitete-neue-erweiterung-der-eu-vor","status":"publish","type":"post","link":"https:\/\/now-news.de\/de\/deutschland\/aufbruch-in-eine-welt-ohne-russland-gipfel-in-moldawien-bereitete-neue-erweiterung-der-eu-vor\/","title":{"rendered":"Aufbruch in eine Welt ohne Russland? Gipfel in Moldawien bereitete neue Erweiterung der EU vor"},"content":{"rendered":"<p><img decoding=\"async\" src=\"http:\/\/just-now.news\/de\/wp-content\/uploads\/sites\/3\/2023\/06\/647f6eba48fbef4d592bdab3.jpg\" \/><\/p>\n<div class=\"Text-root Text-type_1 \">\n                Beim Gipfeltreffen der &#8220;Europ\u00e4ischen Politischen Gemeinschaft&#8221; am 1. Juni in Moldawien verk\u00fcndete EU-Chefdiplomat Josep Borrell seine Vision von einer nochmals erweiterten EU inklusive T\u00fcrkei und Aserbaidschan. Dies werde der &#8220;Aufbruch in eine Welt ohne Russland&#8221;. So offen sprach noch kein westlicher Politiker \u00fcber die wahren Pl\u00e4ne der Expansion.\n            <\/div>\n<p><\/p>\n<div class=\"Text-root Text-type_5 ArticleView-text ViewText-root \">\n<p><em>Von Pierre L\u00e9vy<\/em><\/p>\n<p>Das zweite Gipfeltreffen der &#8220;Europ\u00e4ischen Politischen Gemeinschaft&#8221; (EPG) fand am 1. Juni in der N\u00e4he von Chi\u0219in\u0103u, der Hauptstadt Moldawiens, statt. Sechsundvierzig Staats- und Regierungschefs waren anwesend. Die Chefs der EU-Mitgliedstaaten trafen also auf ihre Amtskollegen von rund 20 anderen L\u00e4ndern des alten Kontinents. Ein Treffen der &#8220;europ\u00e4ischen Familie&#8221;, freuten sich die Organisatoren. Wie bei der ersten Veranstaltung waren nur Russland und Wei\u00dfrussland von vornherein ausgeschlossen worden.<\/p>\n<p>Ein Ausschluss, der nicht \u00fcberrascht, wenn man sich an die Entstehungsgeschichte der EPG erinnert. Es war der franz\u00f6sische Pr\u00e4sident Emmanuel Macron, der in einer Rede vom Mai 2022 als Erster die Einf\u00fchrung dieses &#8220;unbekannten politischen Objekts&#8221; gew\u00fcnscht hatte. Der Krieg in der Ukraine \u2013 in seiner aktuellen Phase \u2013 hatte drei Monate zuvor begonnen. Macron hatte, wie seine westlichen Kollegen, einen Rahmen finden wollen, der die Ukraine und Moldawien politisch einbindet, da er damals noch Vorbehalte gegen den eigentlichen Beitritt dieser L\u00e4nder zur Europ\u00e4ischen Union gehabt hatte.<\/p>\n<p>Die Idee missfiel daher zun\u00e4chst einer Reihe von Hauptst\u00e4dten, z. B. der mittel- und osteurop\u00e4ischen L\u00e4nder, die im Namen der atlantischen Solidarit\u00e4t, die ihrer Meinung nach untrennbar mit der EU verbunden war, f\u00fcr eine m\u00f6glichst baldige ordnungsgem\u00e4\u00dfe Integration Kiews und Chi\u0219in\u0103us pl\u00e4dierten.<\/p>\n<p>Schlie\u00dflich setzte sich der Herrscher des \u00c9lys\u00e9e-Palasts durch, indem er in Aussicht stellte, dass ein solches kontinentales Treffen ein ideales Mittel w\u00e4re, um die Isolation Moskaus zu signalisieren. Das erste Treffen, das im Oktober 2022 in Prag stattgefunden hatte, war vom tschechischen Premierminister Petr Fiala er\u00f6ffnet worden, der schon die &#8220;Gelegenheit f\u00fcr die europ\u00e4ischen Demokratien [also: einschlie\u00dflich Aserbaidschans und der T\u00fcrkei], eine vereinte Front gegen Putins Brutalit\u00e4t zu pr\u00e4sentieren&#8221; feierte. Der Chefdiplomat der EU Josep Borrell hatte seinerseits demonstrativ verk\u00fcndet (obwohl er offiziell keine Rolle gespielt hatte): &#8220;Dieses Treffen ist der Weg zu einer neuen Ordnung ohne Russland.&#8221;<\/p>\n<p>Es \u00fcberrascht nicht, dass sich die antirussische Stimmung neun Monate sp\u00e4ter nicht gemildert hat. Umso weniger, als diesmal auch der ukrainische Pr\u00e4sident anwesend war. Eine &#8220;\u00dcberraschung&#8221;, die niemanden \u00fcberraschte, da Wladimir Selenskij jetzt kein einziges internationales Treffen mehr verpasst, sobald er dort Panzer, Raketen und Flugzeuge fordern kann.<\/p>\n<p>Die EPG hat keine formelle institutionelle Existenz. Wozu kann sie also gut sein, da es bereits die EU und die NATO gibt, ganz abgesehen vom Europarat?<\/p>\n<p>F\u00fcr einige Politiker, insbesondere Macron, erm\u00f6glichen diese Konferenzen eine &#8220;strategische Intimit\u00e4t&#8221; mit dem Vereinigten K\u00f6nigreich, das die EU verlassen hat, sowie mit L\u00e4ndern, die sich weigern, dem Klub beizutreten, wie Island, Norwegen oder die Schweiz. Offiziell k\u00f6nne dort auch an einer Zusammenarbeit in Bereichen wie Energie, Schutz der Infrastruktur, Jugend, Konnektivit\u00e4t und Mobilit\u00e4t gearbeitet werden. Der franz\u00f6sische Pr\u00e4sident hat in diesem Rahmen auch die Einrichtung einer Reservetruppe f\u00fcr Cyberkriegsf\u00fchrung vorgeschlagen &#8230;<\/p>\n<p>Die Organisatoren begr\u00fc\u00dften im \u00dcbrigen, dass ein solches Forum informelle bi- oder multilaterale Austausche erlauben kann. Macron und Olaf Scholz nahmen beispielsweise an Kontakten zwischen den Pr\u00e4sidenten Armeniens und Aserbaidschans teil, deren L\u00e4nder sich nach wie vor in einem Zustand des verdeckten Krieges befinden; oder zwischen dem serbischen Pr\u00e4sidenten und seiner Amtskollegin aus dem Kosovo, einer ehemaligen serbischen Provinz, die sich 2008 selbst f\u00fcr unabh\u00e4ngig erkl\u00e4rt hatte, aber von Belgrad nicht anerkannt wird und mit dem sich der Konflikt in letzter Zeit wieder aufgeheizt hat. Keines dieser Konziliare f\u00fchrte jedoch zu nennenswerten Fortschritten.<\/p>\n<p>In Wirklichkeit ist die &#8220;Erweiterung&#8221; der EU die wichtigste Frage, die in den K\u00f6pfen der Prominenten herumspukt. Das betrifft einerseits die Ukraine und Moldawien (zwei ehemalige Sowjetrepubliken), deren Beh\u00f6rden mit Nachdruck an die Br\u00fcsseler T\u00fcr klopfen. Ihnen wurde vor einem Jahr der Kandidatenstatus zuerkannt. Der n\u00e4chste Schritt ist die Aufnahme von Beitrittsverhandlungen, f\u00fcr die die 27 bis Ende des Jahres gr\u00fcnes Licht geben m\u00fcssen.<\/p>\n<p>Mit &#8220;Verhandlungen&#8221; ist die einseitige Anpassung der Rechtsvorschriften der Kandidatenl\u00e4nder an das EU-Recht gemeint. Der Prozess kann sich \u00fcber Jahre hinziehen, ohne dass ein Erfolg garantiert ist \u2013 die &#8220;Verhandlungen&#8221; mit der T\u00fcrkei waren 2005 aufgenommen worden und sind nun eingefroren.<\/p>\n<p>Die Gespr\u00e4che werden grunds\u00e4tzlich mit jedem einzelnen Kandidatenstaat gef\u00fchrt, aber viele f\u00fchrende EU-Politiker pl\u00e4dieren f\u00fcr eine Beschleunigung der Verfahren und bestehen darauf, dass einige Balkanl\u00e4nder \u2013 Serbien, Montenegro, Bosnien und Herzegowina, Nordmazedonien, Kosovo, &#8230; \u2013, die seit Jahren in mehr oder weniger fortgeschrittenen Vorzimmern warten, nicht vergessen werden. Andernfalls, so betonen vor allem Warschau, Prag, aber auch Berlin, w\u00fcrde Russland in S\u00fcdosteuropa seine Z\u00fcge vorantreiben, um den alten Kontinent zu destabilisieren.<\/p>\n<p>Paris bestreitet das Argument nicht, ist aber besorgt \u00fcber eine EU, die mit zunehmender Gr\u00f6\u00dfe immer impotenter wird. So w\u00e4re die Einstimmigkeit, die \u2013 zum Leidwesen Deutschlands \u2013 in der Au\u00dfenpolitik immer noch die Regel ist, bei drei\u00dfig oder f\u00fcnfunddrei\u00dfig Mitgliedern immer schwieriger zu verhandeln.<\/p>\n<p>Macron ist daher \u2013 nicht ganz zu Unrecht \u2013 davon \u00fcberzeugt, dass jeder weitere Beitritt die Wahrscheinlichkeit eines Zerfalls der EU erh\u00f6hen w\u00fcrde, wenn nicht die Architektur und die Regeln der EU ge\u00e4ndert werden. F\u00fcr diejenigen, die die Geschichte der EU verfolgen, taucht damit die Debatte wieder auf, die Paris und Berlin seit den 2000er-Jahren f\u00fchrten: Frankreich pl\u00e4dierte f\u00fcr mehr Integration vor der &#8220;Erweiterung&#8221;, Deutschland f\u00fcr Erweiterung vor &#8220;Vertiefung&#8221; \u2013 diese zweite Sichtweise hatte sich 2004 durchgesetzt und machte Mitteleuropa zum wirtschaftlichen Hinterhof Berlins.<\/p>\n<p>In den letzten Wochen schien der franz\u00f6sische Pr\u00e4sident jedoch seine Tonart zu \u00e4ndern. Am 31. Mai forderte er in Bratislava eine Beschleunigung des Beitritts von Kiew und Chi\u0219in\u0103u: &#8220;Wir treten in eine sehr politische Phase ein, die EU muss den westlichen Balkan, die Ukraine und Moldawien einbinden&#8221;. Doch um gleich darauf zu pr\u00e4zisieren: &#8220;Wir m\u00fcssen akzeptieren, dass wir eine erweiterte, geopolitische Union haben. Gleichzeitig k\u00f6nnten einige ihrer Mitglieder beschlie\u00dfen, eine viel st\u00e4rker gemeinschaftsintegrierte Politik zu betreiben.&#8221;<\/p>\n<p>Damit taucht die alte Seeschlange des &#8220;Europa der verschiedenen Geschwindigkeiten&#8221; wieder auf, ein Streit, der lange Zeit Paris und Berlin entzweite. Der Streit k\u00f6nnte innerhalb der 27 EU-Staaten wieder aufflammen, ohne dass die Einrichtung der EPG den Konflikt in irgendeiner Weise l\u00f6sen k\u00f6nnte. Der n\u00e4chste Gipfel wird im Oktober in Spanien stattfinden.<\/p>\n<p>Wie dem auch sei, der Vollzug der Erweiterung ist, auch langfristig, unwahrscheinlich.<\/p>\n<p>Da auf dem Gipfeltreffen am 1. Juni keine nennenswerten Fortschritte erzielt wurden, wird vor allem eine wichtige Abwesenheit in Erinnerung bleiben: die des t\u00fcrkischen Pr\u00e4sidenten, der wenige Tage zuvor wiedergew\u00e4hlt wurde. W\u00e4hrend die meisten westlichen Politiker diskret hofften, dass dieses NATO-Schl\u00fcsselland einen Nachfolger w\u00e4hlen w\u00fcrde, der der atlantischen Allianz gef\u00fcgiger sein w\u00fcrde, scheint nun die neue Amtszeit von Recep Tayyip Erdo\u011fan mit gro\u00dfen Unsicherheiten verbunden, so sehr hat er in den letzten Jahren im westlichen Lager die Rolle des b\u00f6sen Buben gespielt.<\/p>\n<p>Dass er dem Gipfeltreffen in Chi\u0219in\u0103u fernblieb, ist vielleicht kein gutes Zeichen f\u00fcr die europ\u00e4ischen Staats- und Regierungschefs, die ihre &#8220;Einheit gegen\u00fcber Putin&#8221; demonstrieren wollten &#8230;<\/p>\n<p><strong>Mehr zum Thema<\/strong> &#8211; <a rel=\"nofollow noopener\" target=\"_blank\" href=\"https:\/\/test.rtde.life\/meinung\/170049-im-osten-nichts-neues-eliten\/\">Im Osten nichts Neues? Die Eliten der \u00f6stlichen EU-Staaten werden unruhig<\/a><\/p>\n<\/div>\n<p><br \/>\n<br \/><a href=\"https:\/\/de.rt.com\/meinung\/172016-aufbruch-in-welt-ohne-russland\/\">Source link <\/a><\/p>\n","protected":false},"excerpt":{"rendered":"<p>Beim Gipfeltreffen der &#8220;Europ\u00e4ischen Politischen Gemeinschaft&#8221; am 1. Juni in Moldawien verk\u00fcndete EU-Chefdiplomat Josep Borrell seine Vision von einer nochmals erweiterten EU inklusive T\u00fcrkei und Aserbaidschan. Dies werde der &#8220;Aufbruch in eine Welt ohne Russland&#8221;. So offen sprach noch kein westlicher Politiker \u00fcber die wahren Pl\u00e4ne der Expansion. Von Pierre L\u00e9vy Das zweite Gipfeltreffen der [&hellip;]<\/p>\n","protected":false},"author":3,"featured_media":37620,"comment_status":"open","ping_status":"open","sticky":false,"template":"","format":"standard","meta":{"_yoast_indexnow_last_ping":["1686129256"],"wp_automatic_camp":["217"],"deaabd696d92bda31b2837df5a12803f":["Aufbruch in eine Welt ohne Russland? Gipfel in Moldawien bereitete neue Erweiterung der EU vor"],"original_link":["https:\/\/de.rt.com\/meinung\/172016-aufbruch-in-welt-ohne-russland\/"],"_thumbnail_id":["37620"],"jnews_social_counter_last_update":["1777622498"]},"categories":[19,23],"tags":[41200,33937,82,275,18569,23970,25732,1227,779,126,320,778],"yoast_head":"<!-- This site is optimized with the Yoast SEO Premium plugin v22.7 (Yoast SEO v22.7) - https:\/\/yoast.com\/wordpress\/plugins\/seo\/ -->\n<title>Aufbruch in eine Welt ohne Russland? Gipfel in Moldawien bereitete neue Erweiterung der EU vor - just-now.NEWS Deutschland<\/title>\n<meta name=\"robots\" content=\"index, follow, max-snippet:-1, max-image-preview:large, max-video-preview:-1\" \/>\n<link rel=\"canonical\" href=\"https:\/\/now-news.de\/de\/deutschland\/aufbruch-in-eine-welt-ohne-russland-gipfel-in-moldawien-bereitete-neue-erweiterung-der-eu-vor\/\" \/>\n<meta property=\"og:locale\" content=\"de_DE\" \/>\n<meta property=\"og:type\" content=\"article\" \/>\n<meta property=\"og:title\" content=\"Aufbruch in eine Welt ohne Russland? Gipfel in Moldawien bereitete neue Erweiterung der EU vor\" \/>\n<meta property=\"og:description\" content=\"Beim Gipfeltreffen der &#8220;Europ\u00e4ischen Politischen Gemeinschaft&#8221; am 1. Juni in Moldawien verk\u00fcndete EU-Chefdiplomat Josep Borrell seine Vision von einer nochmals erweiterten EU inklusive T\u00fcrkei und Aserbaidschan. Dies werde der &#8220;Aufbruch in eine Welt ohne Russland&#8221;. So offen sprach noch kein westlicher Politiker \u00fcber die wahren Pl\u00e4ne der Expansion. Von Pierre L\u00e9vy Das zweite Gipfeltreffen der [&hellip;]\" \/>\n<meta property=\"og:url\" content=\"https:\/\/now-news.de\/de\/deutschland\/aufbruch-in-eine-welt-ohne-russland-gipfel-in-moldawien-bereitete-neue-erweiterung-der-eu-vor\/\" \/>\n<meta property=\"og:site_name\" content=\"just-now.NEWS Deutschland\" \/>\n<meta property=\"article:publisher\" content=\"https:\/\/www.facebook.com\/wirmachenauf\" \/>\n<meta property=\"article:published_time\" content=\"2023-06-07T09:02:12+00:00\" \/>\n<meta property=\"og:image\" content=\"https:\/\/now-news.de\/de\/wp-content\/uploads\/sites\/3\/2023\/06\/Aufbruch-in-eine-Welt-ohne-Russland-Gipfel-in-Moldawien-bereitete.jpg\" \/>\n\t<meta property=\"og:image:width\" content=\"460\" \/>\n\t<meta property=\"og:image:height\" content=\"259\" \/>\n\t<meta property=\"og:image:type\" content=\"image\/jpeg\" \/>\n<meta name=\"author\" content=\"rtnews\" \/>\n<meta name=\"twitter:card\" content=\"summary_large_image\" \/>\n<meta name=\"twitter:creator\" content=\"@WirMachenAuf_de\" \/>\n<meta name=\"twitter:site\" content=\"@WirMachenAuf_de\" \/>\n<meta name=\"twitter:label1\" content=\"Verfasst von\" \/>\n\t<meta name=\"twitter:data1\" content=\"rtnews\" \/>\n\t<meta name=\"twitter:label2\" content=\"Gesch\u00e4tzte Lesezeit\" \/>\n\t<meta name=\"twitter:data2\" content=\"6\u00a0Minuten\" \/>\n<script type=\"application\/ld+json\" class=\"yoast-schema-graph\">{\"@context\":\"https:\/\/schema.org\",\"@graph\":[{\"@type\":\"Article\",\"@id\":\"https:\/\/now-news.de\/de\/deutschland\/aufbruch-in-eine-welt-ohne-russland-gipfel-in-moldawien-bereitete-neue-erweiterung-der-eu-vor\/#article\",\"isPartOf\":{\"@id\":\"https:\/\/now-news.de\/de\/deutschland\/aufbruch-in-eine-welt-ohne-russland-gipfel-in-moldawien-bereitete-neue-erweiterung-der-eu-vor\/\"},\"author\":{\"name\":\"rtnews\",\"@id\":\"https:\/\/now-news.de\/de\/#\/schema\/person\/fb534a4e865501d8b3285208df34a9b5\"},\"headline\":\"Aufbruch in eine Welt ohne Russland? Gipfel in Moldawien bereitete neue Erweiterung der EU vor\",\"datePublished\":\"2023-06-07T09:02:12+00:00\",\"dateModified\":\"2023-06-07T09:02:12+00:00\",\"mainEntityOfPage\":{\"@id\":\"https:\/\/now-news.de\/de\/deutschland\/aufbruch-in-eine-welt-ohne-russland-gipfel-in-moldawien-bereitete-neue-erweiterung-der-eu-vor\/\"},\"wordCount\":1270,\"commentCount\":0,\"publisher\":{\"@id\":\"https:\/\/now-news.de\/de\/#organization\"},\"image\":{\"@id\":\"https:\/\/now-news.de\/de\/deutschland\/aufbruch-in-eine-welt-ohne-russland-gipfel-in-moldawien-bereitete-neue-erweiterung-der-eu-vor\/#primaryimage\"},\"thumbnailUrl\":\"https:\/\/now-news.de\/de\/wp-content\/uploads\/sites\/3\/2023\/06\/Aufbruch-in-eine-Welt-ohne-Russland-Gipfel-in-Moldawien-bereitete.jpg\",\"keywords\":[\"Aufbruch\",\"bereitete\",\"der\",\"eine\",\"Erweiterung\",\"Gipfel\",\"Moldawien\",\"NEUE\",\"ohne\",\"russland\",\"vor\",\"Welt\"],\"articleSection\":[\"Deutschland\",\"Russland\"],\"inLanguage\":\"de\",\"potentialAction\":[{\"@type\":\"CommentAction\",\"name\":\"Comment\",\"target\":[\"https:\/\/now-news.de\/de\/deutschland\/aufbruch-in-eine-welt-ohne-russland-gipfel-in-moldawien-bereitete-neue-erweiterung-der-eu-vor\/#respond\"]}]},{\"@type\":\"WebPage\",\"@id\":\"https:\/\/now-news.de\/de\/deutschland\/aufbruch-in-eine-welt-ohne-russland-gipfel-in-moldawien-bereitete-neue-erweiterung-der-eu-vor\/\",\"url\":\"https:\/\/now-news.de\/de\/deutschland\/aufbruch-in-eine-welt-ohne-russland-gipfel-in-moldawien-bereitete-neue-erweiterung-der-eu-vor\/\",\"name\":\"Aufbruch in eine Welt ohne Russland? Gipfel in Moldawien bereitete neue Erweiterung der EU vor - just-now.NEWS Deutschland\",\"isPartOf\":{\"@id\":\"https:\/\/now-news.de\/de\/#website\"},\"primaryImageOfPage\":{\"@id\":\"https:\/\/now-news.de\/de\/deutschland\/aufbruch-in-eine-welt-ohne-russland-gipfel-in-moldawien-bereitete-neue-erweiterung-der-eu-vor\/#primaryimage\"},\"image\":{\"@id\":\"https:\/\/now-news.de\/de\/deutschland\/aufbruch-in-eine-welt-ohne-russland-gipfel-in-moldawien-bereitete-neue-erweiterung-der-eu-vor\/#primaryimage\"},\"thumbnailUrl\":\"https:\/\/now-news.de\/de\/wp-content\/uploads\/sites\/3\/2023\/06\/Aufbruch-in-eine-Welt-ohne-Russland-Gipfel-in-Moldawien-bereitete.jpg\",\"datePublished\":\"2023-06-07T09:02:12+00:00\",\"dateModified\":\"2023-06-07T09:02:12+00:00\",\"breadcrumb\":{\"@id\":\"https:\/\/now-news.de\/de\/deutschland\/aufbruch-in-eine-welt-ohne-russland-gipfel-in-moldawien-bereitete-neue-erweiterung-der-eu-vor\/#breadcrumb\"},\"inLanguage\":\"de\",\"potentialAction\":[{\"@type\":\"ReadAction\",\"target\":[\"https:\/\/now-news.de\/de\/deutschland\/aufbruch-in-eine-welt-ohne-russland-gipfel-in-moldawien-bereitete-neue-erweiterung-der-eu-vor\/\"]}]},{\"@type\":\"ImageObject\",\"inLanguage\":\"de\",\"@id\":\"https:\/\/now-news.de\/de\/deutschland\/aufbruch-in-eine-welt-ohne-russland-gipfel-in-moldawien-bereitete-neue-erweiterung-der-eu-vor\/#primaryimage\",\"url\":\"https:\/\/now-news.de\/de\/wp-content\/uploads\/sites\/3\/2023\/06\/Aufbruch-in-eine-Welt-ohne-Russland-Gipfel-in-Moldawien-bereitete.jpg\",\"contentUrl\":\"https:\/\/now-news.de\/de\/wp-content\/uploads\/sites\/3\/2023\/06\/Aufbruch-in-eine-Welt-ohne-Russland-Gipfel-in-Moldawien-bereitete.jpg\",\"width\":460,\"height\":259,\"caption\":\"Aufbruch in eine Welt ohne Russland? Gipfel in Moldawien bereitete neue Erweiterung der EU vor\"},{\"@type\":\"BreadcrumbList\",\"@id\":\"https:\/\/now-news.de\/de\/deutschland\/aufbruch-in-eine-welt-ohne-russland-gipfel-in-moldawien-bereitete-neue-erweiterung-der-eu-vor\/#breadcrumb\",\"itemListElement\":[{\"@type\":\"ListItem\",\"position\":1,\"name\":\"Home\",\"item\":\"https:\/\/now-news.de\/de\/\"},{\"@type\":\"ListItem\",\"position\":2,\"name\":\"Aufbruch in eine Welt ohne Russland? Gipfel in Moldawien bereitete neue Erweiterung der EU vor\"}]},{\"@type\":\"WebSite\",\"@id\":\"https:\/\/now-news.de\/de\/#website\",\"url\":\"https:\/\/now-news.de\/de\/\",\"name\":\"just-now.NEWS Deutschland\",\"description\":\"Das Portal f\u00fcr unzensierte Nachrichten aus der Welt\",\"publisher\":{\"@id\":\"https:\/\/now-news.de\/de\/#organization\"},\"potentialAction\":[{\"@type\":\"SearchAction\",\"target\":{\"@type\":\"EntryPoint\",\"urlTemplate\":\"https:\/\/now-news.de\/de\/?s={search_term_string}\"},\"query-input\":\"required name=search_term_string\"}],\"inLanguage\":\"de\"},{\"@type\":\"Organization\",\"@id\":\"https:\/\/now-news.de\/de\/#organization\",\"name\":\"Just Now News\",\"url\":\"https:\/\/now-news.de\/de\/\",\"logo\":{\"@type\":\"ImageObject\",\"inLanguage\":\"de\",\"@id\":\"https:\/\/now-news.de\/de\/#\/schema\/logo\/image\/\",\"url\":\"http:\/\/just-now.news\/de\/wp-content\/uploads\/sites\/3\/2022\/04\/logo500x500.jpg\",\"contentUrl\":\"http:\/\/just-now.news\/de\/wp-content\/uploads\/sites\/3\/2022\/04\/logo500x500.jpg\",\"width\":500,\"height\":500,\"caption\":\"Just Now News\"},\"image\":{\"@id\":\"https:\/\/now-news.de\/de\/#\/schema\/logo\/image\/\"},\"sameAs\":[\"https:\/\/www.facebook.com\/wirmachenauf\",\"https:\/\/x.com\/WirMachenAuf_de\"]},{\"@type\":\"Person\",\"@id\":\"https:\/\/now-news.de\/de\/#\/schema\/person\/fb534a4e865501d8b3285208df34a9b5\",\"name\":\"rtnews\",\"image\":{\"@type\":\"ImageObject\",\"inLanguage\":\"de\",\"@id\":\"https:\/\/now-news.de\/de\/#\/schema\/person\/image\/\",\"url\":\"https:\/\/secure.gravatar.com\/avatar\/82aafea7d8127119dd649515f56e2117?s=96&d=mm&r=g\",\"contentUrl\":\"https:\/\/secure.gravatar.com\/avatar\/82aafea7d8127119dd649515f56e2117?s=96&d=mm&r=g\",\"caption\":\"rtnews\"},\"url\":\"https:\/\/now-news.de\/de\/author\/rnews\/\"}]}<\/script>\n<!-- \/ Yoast SEO Premium plugin. -->","yoast_head_json":{"title":"Aufbruch in eine Welt ohne Russland? Gipfel in Moldawien bereitete neue Erweiterung der EU vor - just-now.NEWS Deutschland","robots":{"index":"index","follow":"follow","max-snippet":"max-snippet:-1","max-image-preview":"max-image-preview:large","max-video-preview":"max-video-preview:-1"},"canonical":"https:\/\/now-news.de\/de\/deutschland\/aufbruch-in-eine-welt-ohne-russland-gipfel-in-moldawien-bereitete-neue-erweiterung-der-eu-vor\/","og_locale":"de_DE","og_type":"article","og_title":"Aufbruch in eine Welt ohne Russland? Gipfel in Moldawien bereitete neue Erweiterung der EU vor","og_description":"Beim Gipfeltreffen der &#8220;Europ\u00e4ischen Politischen Gemeinschaft&#8221; am 1. Juni in Moldawien verk\u00fcndete EU-Chefdiplomat Josep Borrell seine Vision von einer nochmals erweiterten EU inklusive T\u00fcrkei und Aserbaidschan. Dies werde der &#8220;Aufbruch in eine Welt ohne Russland&#8221;. So offen sprach noch kein westlicher Politiker \u00fcber die wahren Pl\u00e4ne der Expansion. Von Pierre L\u00e9vy Das zweite Gipfeltreffen der [&hellip;]","og_url":"https:\/\/now-news.de\/de\/deutschland\/aufbruch-in-eine-welt-ohne-russland-gipfel-in-moldawien-bereitete-neue-erweiterung-der-eu-vor\/","og_site_name":"just-now.NEWS Deutschland","article_publisher":"https:\/\/www.facebook.com\/wirmachenauf","article_published_time":"2023-06-07T09:02:12+00:00","og_image":[{"width":460,"height":259,"url":"https:\/\/now-news.de\/de\/wp-content\/uploads\/sites\/3\/2023\/06\/Aufbruch-in-eine-Welt-ohne-Russland-Gipfel-in-Moldawien-bereitete.jpg","type":"image\/jpeg"}],"author":"rtnews","twitter_card":"summary_large_image","twitter_creator":"@WirMachenAuf_de","twitter_site":"@WirMachenAuf_de","twitter_misc":{"Verfasst von":"rtnews","Gesch\u00e4tzte Lesezeit":"6\u00a0Minuten"},"schema":{"@context":"https:\/\/schema.org","@graph":[{"@type":"Article","@id":"https:\/\/now-news.de\/de\/deutschland\/aufbruch-in-eine-welt-ohne-russland-gipfel-in-moldawien-bereitete-neue-erweiterung-der-eu-vor\/#article","isPartOf":{"@id":"https:\/\/now-news.de\/de\/deutschland\/aufbruch-in-eine-welt-ohne-russland-gipfel-in-moldawien-bereitete-neue-erweiterung-der-eu-vor\/"},"author":{"name":"rtnews","@id":"https:\/\/now-news.de\/de\/#\/schema\/person\/fb534a4e865501d8b3285208df34a9b5"},"headline":"Aufbruch in eine Welt ohne Russland? Gipfel in Moldawien bereitete neue Erweiterung der EU vor","datePublished":"2023-06-07T09:02:12+00:00","dateModified":"2023-06-07T09:02:12+00:00","mainEntityOfPage":{"@id":"https:\/\/now-news.de\/de\/deutschland\/aufbruch-in-eine-welt-ohne-russland-gipfel-in-moldawien-bereitete-neue-erweiterung-der-eu-vor\/"},"wordCount":1270,"commentCount":0,"publisher":{"@id":"https:\/\/now-news.de\/de\/#organization"},"image":{"@id":"https:\/\/now-news.de\/de\/deutschland\/aufbruch-in-eine-welt-ohne-russland-gipfel-in-moldawien-bereitete-neue-erweiterung-der-eu-vor\/#primaryimage"},"thumbnailUrl":"https:\/\/now-news.de\/de\/wp-content\/uploads\/sites\/3\/2023\/06\/Aufbruch-in-eine-Welt-ohne-Russland-Gipfel-in-Moldawien-bereitete.jpg","keywords":["Aufbruch","bereitete","der","eine","Erweiterung","Gipfel","Moldawien","NEUE","ohne","russland","vor","Welt"],"articleSection":["Deutschland","Russland"],"inLanguage":"de","potentialAction":[{"@type":"CommentAction","name":"Comment","target":["https:\/\/now-news.de\/de\/deutschland\/aufbruch-in-eine-welt-ohne-russland-gipfel-in-moldawien-bereitete-neue-erweiterung-der-eu-vor\/#respond"]}]},{"@type":"WebPage","@id":"https:\/\/now-news.de\/de\/deutschland\/aufbruch-in-eine-welt-ohne-russland-gipfel-in-moldawien-bereitete-neue-erweiterung-der-eu-vor\/","url":"https:\/\/now-news.de\/de\/deutschland\/aufbruch-in-eine-welt-ohne-russland-gipfel-in-moldawien-bereitete-neue-erweiterung-der-eu-vor\/","name":"Aufbruch in eine Welt ohne Russland? Gipfel in Moldawien bereitete neue Erweiterung der EU vor - just-now.NEWS Deutschland","isPartOf":{"@id":"https:\/\/now-news.de\/de\/#website"},"primaryImageOfPage":{"@id":"https:\/\/now-news.de\/de\/deutschland\/aufbruch-in-eine-welt-ohne-russland-gipfel-in-moldawien-bereitete-neue-erweiterung-der-eu-vor\/#primaryimage"},"image":{"@id":"https:\/\/now-news.de\/de\/deutschland\/aufbruch-in-eine-welt-ohne-russland-gipfel-in-moldawien-bereitete-neue-erweiterung-der-eu-vor\/#primaryimage"},"thumbnailUrl":"https:\/\/now-news.de\/de\/wp-content\/uploads\/sites\/3\/2023\/06\/Aufbruch-in-eine-Welt-ohne-Russland-Gipfel-in-Moldawien-bereitete.jpg","datePublished":"2023-06-07T09:02:12+00:00","dateModified":"2023-06-07T09:02:12+00:00","breadcrumb":{"@id":"https:\/\/now-news.de\/de\/deutschland\/aufbruch-in-eine-welt-ohne-russland-gipfel-in-moldawien-bereitete-neue-erweiterung-der-eu-vor\/#breadcrumb"},"inLanguage":"de","potentialAction":[{"@type":"ReadAction","target":["https:\/\/now-news.de\/de\/deutschland\/aufbruch-in-eine-welt-ohne-russland-gipfel-in-moldawien-bereitete-neue-erweiterung-der-eu-vor\/"]}]},{"@type":"ImageObject","inLanguage":"de","@id":"https:\/\/now-news.de\/de\/deutschland\/aufbruch-in-eine-welt-ohne-russland-gipfel-in-moldawien-bereitete-neue-erweiterung-der-eu-vor\/#primaryimage","url":"https:\/\/now-news.de\/de\/wp-content\/uploads\/sites\/3\/2023\/06\/Aufbruch-in-eine-Welt-ohne-Russland-Gipfel-in-Moldawien-bereitete.jpg","contentUrl":"https:\/\/now-news.de\/de\/wp-content\/uploads\/sites\/3\/2023\/06\/Aufbruch-in-eine-Welt-ohne-Russland-Gipfel-in-Moldawien-bereitete.jpg","width":460,"height":259,"caption":"Aufbruch in eine Welt ohne Russland? Gipfel in Moldawien bereitete neue Erweiterung der EU vor"},{"@type":"BreadcrumbList","@id":"https:\/\/now-news.de\/de\/deutschland\/aufbruch-in-eine-welt-ohne-russland-gipfel-in-moldawien-bereitete-neue-erweiterung-der-eu-vor\/#breadcrumb","itemListElement":[{"@type":"ListItem","position":1,"name":"Home","item":"https:\/\/now-news.de\/de\/"},{"@type":"ListItem","position":2,"name":"Aufbruch in eine Welt ohne Russland? Gipfel in Moldawien bereitete neue Erweiterung der EU vor"}]},{"@type":"WebSite","@id":"https:\/\/now-news.de\/de\/#website","url":"https:\/\/now-news.de\/de\/","name":"just-now.NEWS Deutschland","description":"Das Portal f\u00fcr unzensierte Nachrichten aus der Welt","publisher":{"@id":"https:\/\/now-news.de\/de\/#organization"},"potentialAction":[{"@type":"SearchAction","target":{"@type":"EntryPoint","urlTemplate":"https:\/\/now-news.de\/de\/?s={search_term_string}"},"query-input":"required name=search_term_string"}],"inLanguage":"de"},{"@type":"Organization","@id":"https:\/\/now-news.de\/de\/#organization","name":"Just Now News","url":"https:\/\/now-news.de\/de\/","logo":{"@type":"ImageObject","inLanguage":"de","@id":"https:\/\/now-news.de\/de\/#\/schema\/logo\/image\/","url":"http:\/\/just-now.news\/de\/wp-content\/uploads\/sites\/3\/2022\/04\/logo500x500.jpg","contentUrl":"http:\/\/just-now.news\/de\/wp-content\/uploads\/sites\/3\/2022\/04\/logo500x500.jpg","width":500,"height":500,"caption":"Just Now News"},"image":{"@id":"https:\/\/now-news.de\/de\/#\/schema\/logo\/image\/"},"sameAs":["https:\/\/www.facebook.com\/wirmachenauf","https:\/\/x.com\/WirMachenAuf_de"]},{"@type":"Person","@id":"https:\/\/now-news.de\/de\/#\/schema\/person\/fb534a4e865501d8b3285208df34a9b5","name":"rtnews","image":{"@type":"ImageObject","inLanguage":"de","@id":"https:\/\/now-news.de\/de\/#\/schema\/person\/image\/","url":"https:\/\/secure.gravatar.com\/avatar\/82aafea7d8127119dd649515f56e2117?s=96&d=mm&r=g","contentUrl":"https:\/\/secure.gravatar.com\/avatar\/82aafea7d8127119dd649515f56e2117?s=96&d=mm&r=g","caption":"rtnews"},"url":"https:\/\/now-news.de\/de\/author\/rnews\/"}]}},"_links":{"self":[{"href":"https:\/\/now-news.de\/de\/wp-json\/wp\/v2\/posts\/37619"}],"collection":[{"href":"https:\/\/now-news.de\/de\/wp-json\/wp\/v2\/posts"}],"about":[{"href":"https:\/\/now-news.de\/de\/wp-json\/wp\/v2\/types\/post"}],"author":[{"embeddable":true,"href":"https:\/\/now-news.de\/de\/wp-json\/wp\/v2\/users\/3"}],"replies":[{"embeddable":true,"href":"https:\/\/now-news.de\/de\/wp-json\/wp\/v2\/comments?post=37619"}],"version-history":[{"count":0,"href":"https:\/\/now-news.de\/de\/wp-json\/wp\/v2\/posts\/37619\/revisions"}],"wp:featuredmedia":[{"embeddable":true,"href":"https:\/\/now-news.de\/de\/wp-json\/wp\/v2\/media\/37620"}],"wp:attachment":[{"href":"https:\/\/now-news.de\/de\/wp-json\/wp\/v2\/media?parent=37619"}],"wp:term":[{"taxonomy":"category","embeddable":true,"href":"https:\/\/now-news.de\/de\/wp-json\/wp\/v2\/categories?post=37619"},{"taxonomy":"post_tag","embeddable":true,"href":"https:\/\/now-news.de\/de\/wp-json\/wp\/v2\/tags?post=37619"}],"curies":[{"name":"wp","href":"https:\/\/api.w.org\/{rel}","templated":true}]}}