{"id":37615,"date":"2023-06-07T09:53:58","date_gmt":"2023-06-07T07:53:58","guid":{"rendered":"http:\/\/just-now.news\/de\/deutschland\/medienbericht-emmanuel-macron-stemmt-sich-gegen-nato-buero-in-japan\/"},"modified":"2023-06-07T09:53:58","modified_gmt":"2023-06-07T07:53:58","slug":"medienbericht-emmanuel-macron-stemmt-sich-gegen-nato-buero-in-japan","status":"publish","type":"post","link":"https:\/\/now-news.de\/de\/deutschland\/medienbericht-emmanuel-macron-stemmt-sich-gegen-nato-buero-in-japan\/","title":{"rendered":"Medienbericht: Emmanuel Macron stemmt sich gegen NATO-B\u00fcro in Japan"},"content":{"rendered":"<p><img decoding=\"async\" src=\"http:\/\/just-now.news\/de\/wp-content\/uploads\/sites\/3\/2023\/06\/647f25b5b480cc517717bdd3.jpg\" \/><\/p>\n<div class=\"Text-root Text-type_1 \">\n                Japan ist ein enger Verb\u00fcndeter der NATO und will daher ein B\u00fcro des westlichen Milit\u00e4rb\u00fcndnisses in Tokio er\u00f6ffnen. Das NATO-Mitglied Frankreich spricht sich aber laut einem Medienbericht gegen diesen Plan aus. Paris will demnach keine zus\u00e4tzlichen Spannungen mit Peking.\n            <\/div>\n<p><\/p>\n<div class=\"Text-root Text-type_5 ArticleView-text ViewText-root \">\n<p>Die Zeitung <em>Financial Times <\/em>(<em>FT<\/em>) <a rel=\"nofollow noopener\" target=\"_blank\" href=\"https:\/\/www.ft.com\/content\/204e595f-5e05-4c06-a05e-fffa61e09b27\">berichtet<\/a> unter Berufung auf informierte Quellen, dass sich Frankreich als NATO-Mitglied dem Vorhaben widersetze, ein B\u00fcro des Milit\u00e4rb\u00fcndnisses in Japan zu er\u00f6ffnen. Dagegen sei Pr\u00e4sident Emmanuel Macron. Laut dem Bericht erschwere der Widerstand der Regierung in Paris die internen NATO-Gespr\u00e4che \u00fcber die Schaffung des ersten B\u00fcros der Allianz im Indopazifik.<\/p>\n<p>Ein namentlich nicht genannter franz\u00f6sischer Beamter argumentiert die Haltung Frankreichs damit, dass die NATO-Charta die geografische\u00a0Reichweite\u00a0der Allianz auf den Nordatlantik begrenzt. Nach Angaben einer anderen Quelle will Paris keine Schritte unterst\u00fctzen, die die Spannungen zwischen der NATO und China versch\u00e4rfen k\u00f6nnten.<\/p>\n<p>Das Blatt zitiert au\u00dferdem die Worte Macrons bei einer Konferenz in der letzten Woche, wonach die Allianz ihr Einsatzgebiet auf keine Territorien au\u00dferhalb des Nordatlantiks erweitern sollte.<\/p>\n<blockquote>\n<p><em>&#8220;Wenn wir die NATO dr\u00e4ngen werden, ihr Spektrum und ihre Geografie zu erweitern, werden wir einen gro\u00dfen Fehler begehen.&#8221;<\/em><\/p>\n<\/blockquote>\n<div class=\"EmbedBlock-root EmbedBlock-twitter\">\n<div class=\"TwitterEmbed\">\n<blockquote class=\"twitter-tweet lazyload\" data-twitter=\"twitter-tweet\">\n<p lang=\"en\" dir=\"ltr\">Macron: \u201cIf\u2026we push Nato to enlarge the spectrum and the geography, we will make a big mistake.\u201d<a rel=\"nofollow noopener\" target=\"_blank\" href=\"https:\/\/t.co\/k0Js999uS5\">https:\/\/t.co\/k0Js999uS5<\/a><\/p>\n<p>\u2014 Derek J. Grossman (@DerekJGrossman) <a rel=\"nofollow noopener\" target=\"_blank\" href=\"https:\/\/twitter.com\/DerekJGrossman\/status\/1665790249329475585?ref_src=twsrc%5Etfw\">June 5, 2023<\/a><\/p><\/blockquote>\n<\/div>\n<\/div>\n<p>Im Mai hatte der japanische Premierminister Fumio Kishida bekannt gegeben, dass seine Regierung \u00fcber die Er\u00f6ffnung eines NATO-B\u00fcros verhandele. Weitere Details wollte er nicht preisgeben. Der Generalsekret\u00e4r der Allianz Jens Stoltenberg best\u00e4tigte die Gespr\u00e4che und betonte, dass Tokio ein sehr enger und wichtiger Verb\u00fcndeter der NATO sei.<\/p>\n<p>Peking kritisierte bereits diese Pl\u00e4ne scharf. Au\u00dfenamtssprecherin Mao Ning sagte, dass dies den Frieden und die Stabilit\u00e4t in der Region beeintr\u00e4chtigen k\u00f6nnte. Asien sei ein vielversprechendes Gebiet f\u00fcr Kooperation und Entwicklung und kein geopolitisches Kampffeld.<\/p>\n<p><strong>Mehr zum Thema<\/strong> &#8211;\u00a0<a rel=\"nofollow noopener\" target=\"_blank\" href=\"https:\/\/freeassange.rtde.life\/asien\/169253-chinas-aussenamt-nato-erweiterung-in\/\">Chinas Au\u00dfenamt: NATO-Erweiterung in Asien wird Frieden und Stabilit\u00e4t untergraben<\/a><\/p>\n<\/p>\n<\/div>\n<p><script async src=\"https:\/\/platform.twitter.com\/widgets.js\" charset=\"utf-8\"><\/script><br \/>\n<br \/><br \/>\n<br \/><a href=\"https:\/\/de.rt.com\/asien\/171972-medienbericht-emmanuel-macron-stemmt-sich-gegen-nato-buero-in-japan\/\">Source link <\/a><\/p>\n","protected":false},"excerpt":{"rendered":"<p>Japan ist ein enger Verb\u00fcndeter der NATO und will daher ein B\u00fcro des westlichen Milit\u00e4rb\u00fcndnisses in Tokio er\u00f6ffnen. Das NATO-Mitglied Frankreich spricht sich aber laut einem Medienbericht gegen diesen Plan aus. Paris will demnach keine zus\u00e4tzlichen Spannungen mit Peking. Die Zeitung Financial Times (FT) berichtet unter Berufung auf informierte Quellen, dass sich Frankreich als NATO-Mitglied [&hellip;]<\/p>\n","protected":false},"author":3,"featured_media":37616,"comment_status":"open","ping_status":"open","sticky":false,"template":"","format":"standard","meta":{"_yoast_indexnow_last_ping":["1686125403"],"wp_automatic_camp":["217"],"9bf8069dc84c6c722af3c512a87743a3":["Medienbericht: Emmanuel Macron stemmt sich gegen NATO-B\u00fcro in Japan"],"original_link":["https:\/\/de.rt.com\/asien\/171972-medienbericht-emmanuel-macron-stemmt-sich-gegen-nato-buero-in-japan\/"],"_thumbnail_id":["37616"],"jnews_social_counter_last_update":["1777616511"]},"categories":[19,23],"tags":[9152,278,5232,1711,869,45310,434,23985],"yoast_head":"<!-- This site is optimized with the Yoast SEO Premium plugin v22.7 (Yoast SEO v22.7) - https:\/\/yoast.com\/wordpress\/plugins\/seo\/ -->\n<title>Medienbericht: Emmanuel Macron stemmt sich gegen NATO-B\u00fcro in Japan - just-now.NEWS Deutschland<\/title>\n<meta name=\"robots\" content=\"index, follow, max-snippet:-1, max-image-preview:large, max-video-preview:-1\" \/>\n<link rel=\"canonical\" href=\"https:\/\/now-news.de\/de\/deutschland\/medienbericht-emmanuel-macron-stemmt-sich-gegen-nato-buero-in-japan\/\" \/>\n<meta property=\"og:locale\" content=\"de_DE\" \/>\n<meta property=\"og:type\" content=\"article\" \/>\n<meta property=\"og:title\" content=\"Medienbericht: Emmanuel Macron stemmt sich gegen NATO-B\u00fcro in Japan\" \/>\n<meta property=\"og:description\" content=\"Japan ist ein enger Verb\u00fcndeter der NATO und will daher ein B\u00fcro des westlichen Milit\u00e4rb\u00fcndnisses in Tokio er\u00f6ffnen. Das NATO-Mitglied Frankreich spricht sich aber laut einem Medienbericht gegen diesen Plan aus. Paris will demnach keine zus\u00e4tzlichen Spannungen mit Peking. Die Zeitung Financial Times (FT) berichtet unter Berufung auf informierte Quellen, dass sich Frankreich als NATO-Mitglied [&hellip;]\" \/>\n<meta property=\"og:url\" content=\"https:\/\/now-news.de\/de\/deutschland\/medienbericht-emmanuel-macron-stemmt-sich-gegen-nato-buero-in-japan\/\" \/>\n<meta property=\"og:site_name\" content=\"just-now.NEWS Deutschland\" \/>\n<meta property=\"article:publisher\" content=\"https:\/\/www.facebook.com\/wirmachenauf\" \/>\n<meta property=\"article:published_time\" content=\"2023-06-07T07:53:58+00:00\" \/>\n<meta property=\"og:image\" content=\"https:\/\/now-news.de\/de\/wp-content\/uploads\/sites\/3\/2023\/06\/Medienbericht-Emmanuel-Macron-stemmt-sich-gegen-NATO-Buero-in-Japan.jpg\" \/>\n\t<meta property=\"og:image:width\" content=\"460\" \/>\n\t<meta property=\"og:image:height\" content=\"259\" \/>\n\t<meta property=\"og:image:type\" content=\"image\/jpeg\" \/>\n<meta name=\"author\" content=\"rtnews\" \/>\n<meta name=\"twitter:card\" content=\"summary_large_image\" \/>\n<meta name=\"twitter:creator\" content=\"@WirMachenAuf_de\" \/>\n<meta name=\"twitter:site\" content=\"@WirMachenAuf_de\" \/>\n<meta name=\"twitter:label1\" content=\"Verfasst von\" \/>\n\t<meta name=\"twitter:data1\" content=\"rtnews\" \/>\n\t<meta name=\"twitter:label2\" content=\"Gesch\u00e4tzte Lesezeit\" \/>\n\t<meta name=\"twitter:data2\" content=\"2\u00a0Minuten\" \/>\n<script type=\"application\/ld+json\" class=\"yoast-schema-graph\">{\"@context\":\"https:\/\/schema.org\",\"@graph\":[{\"@type\":\"Article\",\"@id\":\"https:\/\/now-news.de\/de\/deutschland\/medienbericht-emmanuel-macron-stemmt-sich-gegen-nato-buero-in-japan\/#article\",\"isPartOf\":{\"@id\":\"https:\/\/now-news.de\/de\/deutschland\/medienbericht-emmanuel-macron-stemmt-sich-gegen-nato-buero-in-japan\/\"},\"author\":{\"name\":\"rtnews\",\"@id\":\"https:\/\/now-news.de\/de\/#\/schema\/person\/fb534a4e865501d8b3285208df34a9b5\"},\"headline\":\"Medienbericht: Emmanuel Macron stemmt sich gegen NATO-B\u00fcro in Japan\",\"datePublished\":\"2023-06-07T07:53:58+00:00\",\"dateModified\":\"2023-06-07T07:53:58+00:00\",\"mainEntityOfPage\":{\"@id\":\"https:\/\/now-news.de\/de\/deutschland\/medienbericht-emmanuel-macron-stemmt-sich-gegen-nato-buero-in-japan\/\"},\"wordCount\":356,\"commentCount\":0,\"publisher\":{\"@id\":\"https:\/\/now-news.de\/de\/#organization\"},\"image\":{\"@id\":\"https:\/\/now-news.de\/de\/deutschland\/medienbericht-emmanuel-macron-stemmt-sich-gegen-nato-buero-in-japan\/#primaryimage\"},\"thumbnailUrl\":\"https:\/\/now-news.de\/de\/wp-content\/uploads\/sites\/3\/2023\/06\/Medienbericht-Emmanuel-Macron-stemmt-sich-gegen-NATO-Buero-in-Japan.jpg\",\"keywords\":[\"Emmanuel\",\"gegen\",\"Japan\",\"macron\",\"Medienbericht\",\"NATOB\u00fcro\",\"sich\",\"stemmt\"],\"articleSection\":[\"Deutschland\",\"Russland\"],\"inLanguage\":\"de\",\"potentialAction\":[{\"@type\":\"CommentAction\",\"name\":\"Comment\",\"target\":[\"https:\/\/now-news.de\/de\/deutschland\/medienbericht-emmanuel-macron-stemmt-sich-gegen-nato-buero-in-japan\/#respond\"]}]},{\"@type\":\"WebPage\",\"@id\":\"https:\/\/now-news.de\/de\/deutschland\/medienbericht-emmanuel-macron-stemmt-sich-gegen-nato-buero-in-japan\/\",\"url\":\"https:\/\/now-news.de\/de\/deutschland\/medienbericht-emmanuel-macron-stemmt-sich-gegen-nato-buero-in-japan\/\",\"name\":\"Medienbericht: Emmanuel Macron stemmt sich gegen NATO-B\u00fcro in Japan - just-now.NEWS Deutschland\",\"isPartOf\":{\"@id\":\"https:\/\/now-news.de\/de\/#website\"},\"primaryImageOfPage\":{\"@id\":\"https:\/\/now-news.de\/de\/deutschland\/medienbericht-emmanuel-macron-stemmt-sich-gegen-nato-buero-in-japan\/#primaryimage\"},\"image\":{\"@id\":\"https:\/\/now-news.de\/de\/deutschland\/medienbericht-emmanuel-macron-stemmt-sich-gegen-nato-buero-in-japan\/#primaryimage\"},\"thumbnailUrl\":\"https:\/\/now-news.de\/de\/wp-content\/uploads\/sites\/3\/2023\/06\/Medienbericht-Emmanuel-Macron-stemmt-sich-gegen-NATO-Buero-in-Japan.jpg\",\"datePublished\":\"2023-06-07T07:53:58+00:00\",\"dateModified\":\"2023-06-07T07:53:58+00:00\",\"breadcrumb\":{\"@id\":\"https:\/\/now-news.de\/de\/deutschland\/medienbericht-emmanuel-macron-stemmt-sich-gegen-nato-buero-in-japan\/#breadcrumb\"},\"inLanguage\":\"de\",\"potentialAction\":[{\"@type\":\"ReadAction\",\"target\":[\"https:\/\/now-news.de\/de\/deutschland\/medienbericht-emmanuel-macron-stemmt-sich-gegen-nato-buero-in-japan\/\"]}]},{\"@type\":\"ImageObject\",\"inLanguage\":\"de\",\"@id\":\"https:\/\/now-news.de\/de\/deutschland\/medienbericht-emmanuel-macron-stemmt-sich-gegen-nato-buero-in-japan\/#primaryimage\",\"url\":\"https:\/\/now-news.de\/de\/wp-content\/uploads\/sites\/3\/2023\/06\/Medienbericht-Emmanuel-Macron-stemmt-sich-gegen-NATO-Buero-in-Japan.jpg\",\"contentUrl\":\"https:\/\/now-news.de\/de\/wp-content\/uploads\/sites\/3\/2023\/06\/Medienbericht-Emmanuel-Macron-stemmt-sich-gegen-NATO-Buero-in-Japan.jpg\",\"width\":460,\"height\":259,\"caption\":\"Medienbericht: Emmanuel Macron stemmt sich gegen NATO-B\u00fcro in Japan\"},{\"@type\":\"BreadcrumbList\",\"@id\":\"https:\/\/now-news.de\/de\/deutschland\/medienbericht-emmanuel-macron-stemmt-sich-gegen-nato-buero-in-japan\/#breadcrumb\",\"itemListElement\":[{\"@type\":\"ListItem\",\"position\":1,\"name\":\"Home\",\"item\":\"https:\/\/now-news.de\/de\/\"},{\"@type\":\"ListItem\",\"position\":2,\"name\":\"Medienbericht: Emmanuel Macron stemmt sich gegen NATO-B\u00fcro in Japan\"}]},{\"@type\":\"WebSite\",\"@id\":\"https:\/\/now-news.de\/de\/#website\",\"url\":\"https:\/\/now-news.de\/de\/\",\"name\":\"just-now.NEWS Deutschland\",\"description\":\"Das Portal f\u00fcr unzensierte Nachrichten aus der Welt\",\"publisher\":{\"@id\":\"https:\/\/now-news.de\/de\/#organization\"},\"potentialAction\":[{\"@type\":\"SearchAction\",\"target\":{\"@type\":\"EntryPoint\",\"urlTemplate\":\"https:\/\/now-news.de\/de\/?s={search_term_string}\"},\"query-input\":\"required name=search_term_string\"}],\"inLanguage\":\"de\"},{\"@type\":\"Organization\",\"@id\":\"https:\/\/now-news.de\/de\/#organization\",\"name\":\"Just Now News\",\"url\":\"https:\/\/now-news.de\/de\/\",\"logo\":{\"@type\":\"ImageObject\",\"inLanguage\":\"de\",\"@id\":\"https:\/\/now-news.de\/de\/#\/schema\/logo\/image\/\",\"url\":\"http:\/\/just-now.news\/de\/wp-content\/uploads\/sites\/3\/2022\/04\/logo500x500.jpg\",\"contentUrl\":\"http:\/\/just-now.news\/de\/wp-content\/uploads\/sites\/3\/2022\/04\/logo500x500.jpg\",\"width\":500,\"height\":500,\"caption\":\"Just Now News\"},\"image\":{\"@id\":\"https:\/\/now-news.de\/de\/#\/schema\/logo\/image\/\"},\"sameAs\":[\"https:\/\/www.facebook.com\/wirmachenauf\",\"https:\/\/x.com\/WirMachenAuf_de\"]},{\"@type\":\"Person\",\"@id\":\"https:\/\/now-news.de\/de\/#\/schema\/person\/fb534a4e865501d8b3285208df34a9b5\",\"name\":\"rtnews\",\"image\":{\"@type\":\"ImageObject\",\"inLanguage\":\"de\",\"@id\":\"https:\/\/now-news.de\/de\/#\/schema\/person\/image\/\",\"url\":\"https:\/\/secure.gravatar.com\/avatar\/82aafea7d8127119dd649515f56e2117?s=96&d=mm&r=g\",\"contentUrl\":\"https:\/\/secure.gravatar.com\/avatar\/82aafea7d8127119dd649515f56e2117?s=96&d=mm&r=g\",\"caption\":\"rtnews\"},\"url\":\"https:\/\/now-news.de\/de\/author\/rnews\/\"}]}<\/script>\n<!-- \/ Yoast SEO Premium plugin. -->","yoast_head_json":{"title":"Medienbericht: Emmanuel Macron stemmt sich gegen NATO-B\u00fcro in Japan - just-now.NEWS Deutschland","robots":{"index":"index","follow":"follow","max-snippet":"max-snippet:-1","max-image-preview":"max-image-preview:large","max-video-preview":"max-video-preview:-1"},"canonical":"https:\/\/now-news.de\/de\/deutschland\/medienbericht-emmanuel-macron-stemmt-sich-gegen-nato-buero-in-japan\/","og_locale":"de_DE","og_type":"article","og_title":"Medienbericht: Emmanuel Macron stemmt sich gegen NATO-B\u00fcro in Japan","og_description":"Japan ist ein enger Verb\u00fcndeter der NATO und will daher ein B\u00fcro des westlichen Milit\u00e4rb\u00fcndnisses in Tokio er\u00f6ffnen. Das NATO-Mitglied Frankreich spricht sich aber laut einem Medienbericht gegen diesen Plan aus. Paris will demnach keine zus\u00e4tzlichen Spannungen mit Peking. Die Zeitung Financial Times (FT) berichtet unter Berufung auf informierte Quellen, dass sich Frankreich als NATO-Mitglied [&hellip;]","og_url":"https:\/\/now-news.de\/de\/deutschland\/medienbericht-emmanuel-macron-stemmt-sich-gegen-nato-buero-in-japan\/","og_site_name":"just-now.NEWS Deutschland","article_publisher":"https:\/\/www.facebook.com\/wirmachenauf","article_published_time":"2023-06-07T07:53:58+00:00","og_image":[{"width":460,"height":259,"url":"https:\/\/now-news.de\/de\/wp-content\/uploads\/sites\/3\/2023\/06\/Medienbericht-Emmanuel-Macron-stemmt-sich-gegen-NATO-Buero-in-Japan.jpg","type":"image\/jpeg"}],"author":"rtnews","twitter_card":"summary_large_image","twitter_creator":"@WirMachenAuf_de","twitter_site":"@WirMachenAuf_de","twitter_misc":{"Verfasst von":"rtnews","Gesch\u00e4tzte Lesezeit":"2\u00a0Minuten"},"schema":{"@context":"https:\/\/schema.org","@graph":[{"@type":"Article","@id":"https:\/\/now-news.de\/de\/deutschland\/medienbericht-emmanuel-macron-stemmt-sich-gegen-nato-buero-in-japan\/#article","isPartOf":{"@id":"https:\/\/now-news.de\/de\/deutschland\/medienbericht-emmanuel-macron-stemmt-sich-gegen-nato-buero-in-japan\/"},"author":{"name":"rtnews","@id":"https:\/\/now-news.de\/de\/#\/schema\/person\/fb534a4e865501d8b3285208df34a9b5"},"headline":"Medienbericht: Emmanuel Macron stemmt sich gegen NATO-B\u00fcro in Japan","datePublished":"2023-06-07T07:53:58+00:00","dateModified":"2023-06-07T07:53:58+00:00","mainEntityOfPage":{"@id":"https:\/\/now-news.de\/de\/deutschland\/medienbericht-emmanuel-macron-stemmt-sich-gegen-nato-buero-in-japan\/"},"wordCount":356,"commentCount":0,"publisher":{"@id":"https:\/\/now-news.de\/de\/#organization"},"image":{"@id":"https:\/\/now-news.de\/de\/deutschland\/medienbericht-emmanuel-macron-stemmt-sich-gegen-nato-buero-in-japan\/#primaryimage"},"thumbnailUrl":"https:\/\/now-news.de\/de\/wp-content\/uploads\/sites\/3\/2023\/06\/Medienbericht-Emmanuel-Macron-stemmt-sich-gegen-NATO-Buero-in-Japan.jpg","keywords":["Emmanuel","gegen","Japan","macron","Medienbericht","NATOB\u00fcro","sich","stemmt"],"articleSection":["Deutschland","Russland"],"inLanguage":"de","potentialAction":[{"@type":"CommentAction","name":"Comment","target":["https:\/\/now-news.de\/de\/deutschland\/medienbericht-emmanuel-macron-stemmt-sich-gegen-nato-buero-in-japan\/#respond"]}]},{"@type":"WebPage","@id":"https:\/\/now-news.de\/de\/deutschland\/medienbericht-emmanuel-macron-stemmt-sich-gegen-nato-buero-in-japan\/","url":"https:\/\/now-news.de\/de\/deutschland\/medienbericht-emmanuel-macron-stemmt-sich-gegen-nato-buero-in-japan\/","name":"Medienbericht: Emmanuel Macron stemmt sich gegen NATO-B\u00fcro in Japan - just-now.NEWS Deutschland","isPartOf":{"@id":"https:\/\/now-news.de\/de\/#website"},"primaryImageOfPage":{"@id":"https:\/\/now-news.de\/de\/deutschland\/medienbericht-emmanuel-macron-stemmt-sich-gegen-nato-buero-in-japan\/#primaryimage"},"image":{"@id":"https:\/\/now-news.de\/de\/deutschland\/medienbericht-emmanuel-macron-stemmt-sich-gegen-nato-buero-in-japan\/#primaryimage"},"thumbnailUrl":"https:\/\/now-news.de\/de\/wp-content\/uploads\/sites\/3\/2023\/06\/Medienbericht-Emmanuel-Macron-stemmt-sich-gegen-NATO-Buero-in-Japan.jpg","datePublished":"2023-06-07T07:53:58+00:00","dateModified":"2023-06-07T07:53:58+00:00","breadcrumb":{"@id":"https:\/\/now-news.de\/de\/deutschland\/medienbericht-emmanuel-macron-stemmt-sich-gegen-nato-buero-in-japan\/#breadcrumb"},"inLanguage":"de","potentialAction":[{"@type":"ReadAction","target":["https:\/\/now-news.de\/de\/deutschland\/medienbericht-emmanuel-macron-stemmt-sich-gegen-nato-buero-in-japan\/"]}]},{"@type":"ImageObject","inLanguage":"de","@id":"https:\/\/now-news.de\/de\/deutschland\/medienbericht-emmanuel-macron-stemmt-sich-gegen-nato-buero-in-japan\/#primaryimage","url":"https:\/\/now-news.de\/de\/wp-content\/uploads\/sites\/3\/2023\/06\/Medienbericht-Emmanuel-Macron-stemmt-sich-gegen-NATO-Buero-in-Japan.jpg","contentUrl":"https:\/\/now-news.de\/de\/wp-content\/uploads\/sites\/3\/2023\/06\/Medienbericht-Emmanuel-Macron-stemmt-sich-gegen-NATO-Buero-in-Japan.jpg","width":460,"height":259,"caption":"Medienbericht: Emmanuel Macron stemmt sich gegen NATO-B\u00fcro in Japan"},{"@type":"BreadcrumbList","@id":"https:\/\/now-news.de\/de\/deutschland\/medienbericht-emmanuel-macron-stemmt-sich-gegen-nato-buero-in-japan\/#breadcrumb","itemListElement":[{"@type":"ListItem","position":1,"name":"Home","item":"https:\/\/now-news.de\/de\/"},{"@type":"ListItem","position":2,"name":"Medienbericht: Emmanuel Macron stemmt sich gegen NATO-B\u00fcro in Japan"}]},{"@type":"WebSite","@id":"https:\/\/now-news.de\/de\/#website","url":"https:\/\/now-news.de\/de\/","name":"just-now.NEWS Deutschland","description":"Das Portal f\u00fcr unzensierte Nachrichten aus der Welt","publisher":{"@id":"https:\/\/now-news.de\/de\/#organization"},"potentialAction":[{"@type":"SearchAction","target":{"@type":"EntryPoint","urlTemplate":"https:\/\/now-news.de\/de\/?s={search_term_string}"},"query-input":"required name=search_term_string"}],"inLanguage":"de"},{"@type":"Organization","@id":"https:\/\/now-news.de\/de\/#organization","name":"Just Now News","url":"https:\/\/now-news.de\/de\/","logo":{"@type":"ImageObject","inLanguage":"de","@id":"https:\/\/now-news.de\/de\/#\/schema\/logo\/image\/","url":"http:\/\/just-now.news\/de\/wp-content\/uploads\/sites\/3\/2022\/04\/logo500x500.jpg","contentUrl":"http:\/\/just-now.news\/de\/wp-content\/uploads\/sites\/3\/2022\/04\/logo500x500.jpg","width":500,"height":500,"caption":"Just Now News"},"image":{"@id":"https:\/\/now-news.de\/de\/#\/schema\/logo\/image\/"},"sameAs":["https:\/\/www.facebook.com\/wirmachenauf","https:\/\/x.com\/WirMachenAuf_de"]},{"@type":"Person","@id":"https:\/\/now-news.de\/de\/#\/schema\/person\/fb534a4e865501d8b3285208df34a9b5","name":"rtnews","image":{"@type":"ImageObject","inLanguage":"de","@id":"https:\/\/now-news.de\/de\/#\/schema\/person\/image\/","url":"https:\/\/secure.gravatar.com\/avatar\/82aafea7d8127119dd649515f56e2117?s=96&d=mm&r=g","contentUrl":"https:\/\/secure.gravatar.com\/avatar\/82aafea7d8127119dd649515f56e2117?s=96&d=mm&r=g","caption":"rtnews"},"url":"https:\/\/now-news.de\/de\/author\/rnews\/"}]}},"_links":{"self":[{"href":"https:\/\/now-news.de\/de\/wp-json\/wp\/v2\/posts\/37615"}],"collection":[{"href":"https:\/\/now-news.de\/de\/wp-json\/wp\/v2\/posts"}],"about":[{"href":"https:\/\/now-news.de\/de\/wp-json\/wp\/v2\/types\/post"}],"author":[{"embeddable":true,"href":"https:\/\/now-news.de\/de\/wp-json\/wp\/v2\/users\/3"}],"replies":[{"embeddable":true,"href":"https:\/\/now-news.de\/de\/wp-json\/wp\/v2\/comments?post=37615"}],"version-history":[{"count":0,"href":"https:\/\/now-news.de\/de\/wp-json\/wp\/v2\/posts\/37615\/revisions"}],"wp:featuredmedia":[{"embeddable":true,"href":"https:\/\/now-news.de\/de\/wp-json\/wp\/v2\/media\/37616"}],"wp:attachment":[{"href":"https:\/\/now-news.de\/de\/wp-json\/wp\/v2\/media?parent=37615"}],"wp:term":[{"taxonomy":"category","embeddable":true,"href":"https:\/\/now-news.de\/de\/wp-json\/wp\/v2\/categories?post=37615"},{"taxonomy":"post_tag","embeddable":true,"href":"https:\/\/now-news.de\/de\/wp-json\/wp\/v2\/tags?post=37615"}],"curies":[{"name":"wp","href":"https:\/\/api.w.org\/{rel}","templated":true}]}}