{"id":3761,"date":"2021-04-14T17:36:24","date_gmt":"2021-04-14T15:36:24","guid":{"rendered":"http:\/\/just-now.news\/de\/great-reset\/greatvideos\/schwab-uj-vilagrendje-egy-szabadkomuves-forgatokoenyv-resze-szakacs-arpad\/"},"modified":"2021-04-14T17:36:24","modified_gmt":"2021-04-14T15:36:24","slug":"schwab-uj-vilagrendje-egy-szabadkomuves-forgatokoenyv-resze-szakacs-arpad","status":"publish","type":"post","link":"https:\/\/now-news.de\/de\/great-reset\/greatvideos\/schwab-uj-vilagrendje-egy-szabadkomuves-forgatokoenyv-resze-szakacs-arpad\/","title":{"rendered":"Schwab \u00faj vil\u00e1grendje egy szabadk\u0151m\u0171ves forgat\u00f3k\u00f6nyv r\u00e9sze? &#8211; Szak\u00e1cs \u00c1rp\u00e1d"},"content":{"rendered":"<p><iframe loading=\"lazy\"  width=\"580\" height=\"385\" src=\"https:\/\/www.youtube.com\/embed\/MOHa4-VbGmU?modestbranding=1\" frameborder=\"0\" allowfullscreen><\/iframe><br \/>\n<br \/>&#8220;\u00dajraind\u00edtan\u00e1&#8221; a vil\u00e1got a Vil\u00e1ggazdas\u00e1gi F\u00f3rum eln\u00f6ke. Klaus Schwab. Egy interj\u00faban elmondta, hogy az els\u0151 az, hogy a vil\u00e1got ellen\u00e1ll\u00f3bb\u00e1 tegy\u00fck, mert eg\u00e9szen biztosan szembe kell n\u00e9zn\u00fcnk \u00fajabb \u00e9s \u00fajabb v\u00e1ratlan esem\u00e9nyekkel, az \u00fagynevezett fekete hatty\u00fakkal, tal\u00e1n k\u00fcl\u00f6nb\u00f6z\u0151 t\u00edpus\u00fa v\u00edrusokkal. M\u00e1sodsorban befogad\u00f3bb\u00e1, igazs\u00e1gosabb\u00e1 kell tenn\u00fcnk a vil\u00e1got, mert l\u00e1ttuk, hogy fenntarthatatlan, ah\u00e1ny ember ma kirekesztettnek \u00e9rzi mag\u00e1t. V\u00e9g\u00fcl pedig sokkal z\u00f6ldebb\u00e9 kell tenn\u00fcnk a vil\u00e1got. Minden energi\u00e1nkat a sz\u00e9n-dioxid-mentes\u00edt\u00e9sre kell ford\u00edtanunk annak \u00e9rdek\u00e9ben, hogy elker\u00fclj\u00fck azt a s\u00falyos katasztr\u00f3f\u00e1t, amelynek m\u00e1r most az els\u0151 jeleit tapasztaljuk.<\/p>\n<p>Ennek kapcs\u00e1n besz\u00e9lgett\u00fcnk Szak\u00e1cs \u00c1rp\u00e1d \u00fajs\u00e1g\u00edr\u00f3val<\/p>\n<p>M\u0171sorvezet\u0151: Kir\u00e1ly Tam\u00e1s<br \/>\nSzerkeszt\u0151: T\u00f3th-Szente Lili<\/p>\n<p>Hit R\u00e1di\u00f3: https:\/\/www.hitradio.hu<br \/>\nFacebook: https:\/\/www.facebook.com\/hitradio.hu\/<br \/>\nInstagram: https:\/\/www.instagram.com\/hitradiobp\/<br \/>\nTwitter: https:\/\/www.twitter.com\/hitradiohu<br \/>\n<br \/><a href=\"https:\/\/www.youtube.com\/watch?v=MOHa4-VbGmU\">source<\/a><\/p>\n","protected":false},"excerpt":{"rendered":"<p>&#8220;\u00dajraind\u00edtan\u00e1&#8221; a vil\u00e1got a Vil\u00e1ggazdas\u00e1gi F\u00f3rum eln\u00f6ke. Klaus Schwab. Egy interj\u00faban elmondta, hogy az els\u0151 az, hogy a vil\u00e1got ellen\u00e1ll\u00f3bb\u00e1 tegy\u00fck, mert eg\u00e9szen biztosan szembe kell n\u00e9zn\u00fcnk \u00fajabb \u00e9s \u00fajabb v\u00e1ratlan esem\u00e9nyekkel, az \u00fagynevezett fekete hatty\u00fakkal, tal\u00e1n k\u00fcl\u00f6nb\u00f6z\u0151 t\u00edpus\u00fa v\u00edrusokkal. M\u00e1sodsorban befogad\u00f3bb\u00e1, igazs\u00e1gosabb\u00e1 kell tenn\u00fcnk a vil\u00e1got, mert l\u00e1ttuk, hogy fenntarthatatlan, ah\u00e1ny ember ma kirekesztettnek [&hellip;]<\/p>\n","protected":false},"author":5,"featured_media":3762,"comment_status":"open","ping_status":"open","sticky":false,"template":"","format":"standard","meta":{"wp_automatic_camp":["168"],"caa6f8dc6c55ca8aa5d7f96ab0893990":["Schwab \u00faj vil\u00e1grendje egy szabadk\u0151m\u0171ves forgat\u00f3k\u00f6nyv r\u00e9sze? - Szak\u00e1cs \u00c1rp\u00e1d"],"original_link":["https:\/\/www.youtube.com\/watch?v=MOHa4-VbGmU"],"_thumbnail_id":["3762"],"wp_automatic_remove_first_image":["yes"],"jnews_social_counter_last_update":["1777265360"]},"categories":[53],"tags":[10851,10838,10836,10846,10848,10833,10832,10839,10837,10840,10841,10835,10834,10843,10842,10849,58,10847,10850,10844,10845],"yoast_head":"<!-- This site is optimized with the Yoast SEO Premium plugin v22.7 (Yoast SEO v22.7) - https:\/\/yoast.com\/wordpress\/plugins\/seo\/ -->\n<title>Schwab \u00faj vil\u00e1grendje egy szabadk\u0151m\u0171ves forgat\u00f3k\u00f6nyv r\u00e9sze? - Szak\u00e1cs \u00c1rp\u00e1d - just-now.NEWS Deutschland<\/title>\n<meta name=\"robots\" content=\"index, follow, max-snippet:-1, max-image-preview:large, max-video-preview:-1\" \/>\n<link rel=\"canonical\" href=\"https:\/\/now-news.de\/de\/great-reset\/greatvideos\/schwab-uj-vilagrendje-egy-szabadkomuves-forgatokoenyv-resze-szakacs-arpad\/\" \/>\n<meta property=\"og:locale\" content=\"de_DE\" \/>\n<meta property=\"og:type\" content=\"article\" \/>\n<meta property=\"og:title\" content=\"Schwab \u00faj vil\u00e1grendje egy szabadk\u0151m\u0171ves forgat\u00f3k\u00f6nyv r\u00e9sze? - Szak\u00e1cs \u00c1rp\u00e1d\" \/>\n<meta property=\"og:description\" content=\"&#8220;\u00dajraind\u00edtan\u00e1&#8221; a vil\u00e1got a Vil\u00e1ggazdas\u00e1gi F\u00f3rum eln\u00f6ke. Klaus Schwab. Egy interj\u00faban elmondta, hogy az els\u0151 az, hogy a vil\u00e1got ellen\u00e1ll\u00f3bb\u00e1 tegy\u00fck, mert eg\u00e9szen biztosan szembe kell n\u00e9zn\u00fcnk \u00fajabb \u00e9s \u00fajabb v\u00e1ratlan esem\u00e9nyekkel, az \u00fagynevezett fekete hatty\u00fakkal, tal\u00e1n k\u00fcl\u00f6nb\u00f6z\u0151 t\u00edpus\u00fa v\u00edrusokkal. M\u00e1sodsorban befogad\u00f3bb\u00e1, igazs\u00e1gosabb\u00e1 kell tenn\u00fcnk a vil\u00e1got, mert l\u00e1ttuk, hogy fenntarthatatlan, ah\u00e1ny ember ma kirekesztettnek [&hellip;]\" \/>\n<meta property=\"og:url\" content=\"https:\/\/now-news.de\/de\/great-reset\/greatvideos\/schwab-uj-vilagrendje-egy-szabadkomuves-forgatokoenyv-resze-szakacs-arpad\/\" \/>\n<meta property=\"og:site_name\" content=\"just-now.NEWS Deutschland\" \/>\n<meta property=\"article:publisher\" content=\"https:\/\/www.facebook.com\/wirmachenauf\" \/>\n<meta property=\"article:published_time\" content=\"2021-04-14T15:36:24+00:00\" \/>\n<meta property=\"og:image\" content=\"https:\/\/now-news.de\/de\/wp-content\/uploads\/sites\/3\/2022\/04\/Schwab-uj-vilagrendje-egy-szabadkomuves-forgatokoenyv-resze-Szakacs-Arpad.jpg\" \/>\n\t<meta property=\"og:image:width\" content=\"480\" \/>\n\t<meta property=\"og:image:height\" content=\"360\" \/>\n\t<meta property=\"og:image:type\" content=\"image\/jpeg\" \/>\n<meta name=\"author\" content=\"greatreset\" \/>\n<meta name=\"twitter:card\" content=\"summary_large_image\" \/>\n<meta name=\"twitter:creator\" content=\"@WirMachenAuf_de\" \/>\n<meta name=\"twitter:site\" content=\"@WirMachenAuf_de\" \/>\n<meta name=\"twitter:label1\" content=\"Verfasst von\" \/>\n\t<meta name=\"twitter:data1\" content=\"greatreset\" \/>\n\t<meta name=\"twitter:label2\" content=\"Gesch\u00e4tzte Lesezeit\" \/>\n\t<meta name=\"twitter:data2\" content=\"1\u00a0Minute\" \/>\n<script type=\"application\/ld+json\" class=\"yoast-schema-graph\">{\"@context\":\"https:\/\/schema.org\",\"@graph\":[{\"@type\":\"Article\",\"@id\":\"https:\/\/now-news.de\/de\/great-reset\/greatvideos\/schwab-uj-vilagrendje-egy-szabadkomuves-forgatokoenyv-resze-szakacs-arpad\/#article\",\"isPartOf\":{\"@id\":\"https:\/\/now-news.de\/de\/great-reset\/greatvideos\/schwab-uj-vilagrendje-egy-szabadkomuves-forgatokoenyv-resze-szakacs-arpad\/\"},\"author\":{\"name\":\"greatreset\",\"@id\":\"https:\/\/now-news.de\/de\/#\/schema\/person\/8afb4cd92b68572db7902c13a349ffcb\"},\"headline\":\"Schwab \u00faj vil\u00e1grendje egy szabadk\u0151m\u0171ves forgat\u00f3k\u00f6nyv r\u00e9sze? &#8211; Szak\u00e1cs \u00c1rp\u00e1d\",\"datePublished\":\"2021-04-14T15:36:24+00:00\",\"dateModified\":\"2021-04-14T15:36:24+00:00\",\"mainEntityOfPage\":{\"@id\":\"https:\/\/now-news.de\/de\/great-reset\/greatvideos\/schwab-uj-vilagrendje-egy-szabadkomuves-forgatokoenyv-resze-szakacs-arpad\/\"},\"wordCount\":203,\"commentCount\":0,\"publisher\":{\"@id\":\"https:\/\/now-news.de\/de\/#organization\"},\"image\":{\"@id\":\"https:\/\/now-news.de\/de\/great-reset\/greatvideos\/schwab-uj-vilagrendje-egy-szabadkomuves-forgatokoenyv-resze-szakacs-arpad\/#primaryimage\"},\"thumbnailUrl\":\"https:\/\/now-news.de\/de\/wp-content\/uploads\/sites\/3\/2022\/04\/Schwab-uj-vilagrendje-egy-szabadkomuves-forgatokoenyv-resze-Szakacs-Arpad.jpg\",\"keywords\":[\"\u00c1rp\u00e1d\",\"Biblia\",\"Budapest\",\"egy\",\"forgat\u00f3k\u00f6nyv\",\"Hit Gy\u00fclekezete\",\"Hit R\u00e1di\u00f3\",\"ige\",\"Isten\",\"kereszt\u00e9ny\",\"k\u00f6z\u00e9let\",\"Magyarorsz\u00e1g\",\"N\u00e9meth S\u00e1ndor\",\"Orb\u00e1n Viktor\",\"politika\",\"r\u00e9sze\",\"Schwab\",\"szabadk\u0151m\u0171ves\",\"Szak\u00e1cs\",\"\u00faj\",\"vil\u00e1grendje\"],\"articleSection\":[\"GreatVideos\"],\"inLanguage\":\"de\",\"potentialAction\":[{\"@type\":\"CommentAction\",\"name\":\"Comment\",\"target\":[\"https:\/\/now-news.de\/de\/great-reset\/greatvideos\/schwab-uj-vilagrendje-egy-szabadkomuves-forgatokoenyv-resze-szakacs-arpad\/#respond\"]}]},{\"@type\":\"WebPage\",\"@id\":\"https:\/\/now-news.de\/de\/great-reset\/greatvideos\/schwab-uj-vilagrendje-egy-szabadkomuves-forgatokoenyv-resze-szakacs-arpad\/\",\"url\":\"https:\/\/now-news.de\/de\/great-reset\/greatvideos\/schwab-uj-vilagrendje-egy-szabadkomuves-forgatokoenyv-resze-szakacs-arpad\/\",\"name\":\"Schwab \u00faj vil\u00e1grendje egy szabadk\u0151m\u0171ves forgat\u00f3k\u00f6nyv r\u00e9sze? - Szak\u00e1cs \u00c1rp\u00e1d - just-now.NEWS Deutschland\",\"isPartOf\":{\"@id\":\"https:\/\/now-news.de\/de\/#website\"},\"primaryImageOfPage\":{\"@id\":\"https:\/\/now-news.de\/de\/great-reset\/greatvideos\/schwab-uj-vilagrendje-egy-szabadkomuves-forgatokoenyv-resze-szakacs-arpad\/#primaryimage\"},\"image\":{\"@id\":\"https:\/\/now-news.de\/de\/great-reset\/greatvideos\/schwab-uj-vilagrendje-egy-szabadkomuves-forgatokoenyv-resze-szakacs-arpad\/#primaryimage\"},\"thumbnailUrl\":\"https:\/\/now-news.de\/de\/wp-content\/uploads\/sites\/3\/2022\/04\/Schwab-uj-vilagrendje-egy-szabadkomuves-forgatokoenyv-resze-Szakacs-Arpad.jpg\",\"datePublished\":\"2021-04-14T15:36:24+00:00\",\"dateModified\":\"2021-04-14T15:36:24+00:00\",\"breadcrumb\":{\"@id\":\"https:\/\/now-news.de\/de\/great-reset\/greatvideos\/schwab-uj-vilagrendje-egy-szabadkomuves-forgatokoenyv-resze-szakacs-arpad\/#breadcrumb\"},\"inLanguage\":\"de\",\"potentialAction\":[{\"@type\":\"ReadAction\",\"target\":[\"https:\/\/now-news.de\/de\/great-reset\/greatvideos\/schwab-uj-vilagrendje-egy-szabadkomuves-forgatokoenyv-resze-szakacs-arpad\/\"]}]},{\"@type\":\"ImageObject\",\"inLanguage\":\"de\",\"@id\":\"https:\/\/now-news.de\/de\/great-reset\/greatvideos\/schwab-uj-vilagrendje-egy-szabadkomuves-forgatokoenyv-resze-szakacs-arpad\/#primaryimage\",\"url\":\"https:\/\/now-news.de\/de\/wp-content\/uploads\/sites\/3\/2022\/04\/Schwab-uj-vilagrendje-egy-szabadkomuves-forgatokoenyv-resze-Szakacs-Arpad.jpg\",\"contentUrl\":\"https:\/\/now-news.de\/de\/wp-content\/uploads\/sites\/3\/2022\/04\/Schwab-uj-vilagrendje-egy-szabadkomuves-forgatokoenyv-resze-Szakacs-Arpad.jpg\",\"width\":480,\"height\":360},{\"@type\":\"BreadcrumbList\",\"@id\":\"https:\/\/now-news.de\/de\/great-reset\/greatvideos\/schwab-uj-vilagrendje-egy-szabadkomuves-forgatokoenyv-resze-szakacs-arpad\/#breadcrumb\",\"itemListElement\":[{\"@type\":\"ListItem\",\"position\":1,\"name\":\"Home\",\"item\":\"https:\/\/now-news.de\/de\/\"},{\"@type\":\"ListItem\",\"position\":2,\"name\":\"Schwab \u00faj vil\u00e1grendje egy szabadk\u0151m\u0171ves forgat\u00f3k\u00f6nyv r\u00e9sze? &#8211; Szak\u00e1cs \u00c1rp\u00e1d\"}]},{\"@type\":\"WebSite\",\"@id\":\"https:\/\/now-news.de\/de\/#website\",\"url\":\"https:\/\/now-news.de\/de\/\",\"name\":\"just-now.NEWS Deutschland\",\"description\":\"Das Portal f\u00fcr unzensierte Nachrichten aus der Welt\",\"publisher\":{\"@id\":\"https:\/\/now-news.de\/de\/#organization\"},\"potentialAction\":[{\"@type\":\"SearchAction\",\"target\":{\"@type\":\"EntryPoint\",\"urlTemplate\":\"https:\/\/now-news.de\/de\/?s={search_term_string}\"},\"query-input\":\"required name=search_term_string\"}],\"inLanguage\":\"de\"},{\"@type\":\"Organization\",\"@id\":\"https:\/\/now-news.de\/de\/#organization\",\"name\":\"Just Now News\",\"url\":\"https:\/\/now-news.de\/de\/\",\"logo\":{\"@type\":\"ImageObject\",\"inLanguage\":\"de\",\"@id\":\"https:\/\/now-news.de\/de\/#\/schema\/logo\/image\/\",\"url\":\"http:\/\/just-now.news\/de\/wp-content\/uploads\/sites\/3\/2022\/04\/logo500x500.jpg\",\"contentUrl\":\"http:\/\/just-now.news\/de\/wp-content\/uploads\/sites\/3\/2022\/04\/logo500x500.jpg\",\"width\":500,\"height\":500,\"caption\":\"Just Now News\"},\"image\":{\"@id\":\"https:\/\/now-news.de\/de\/#\/schema\/logo\/image\/\"},\"sameAs\":[\"https:\/\/www.facebook.com\/wirmachenauf\",\"https:\/\/x.com\/WirMachenAuf_de\"]},{\"@type\":\"Person\",\"@id\":\"https:\/\/now-news.de\/de\/#\/schema\/person\/8afb4cd92b68572db7902c13a349ffcb\",\"name\":\"greatreset\",\"image\":{\"@type\":\"ImageObject\",\"inLanguage\":\"de\",\"@id\":\"https:\/\/now-news.de\/de\/#\/schema\/person\/image\/\",\"url\":\"https:\/\/secure.gravatar.com\/avatar\/a088df625d49991c090e78c8b9542592?s=96&d=mm&r=g\",\"contentUrl\":\"https:\/\/secure.gravatar.com\/avatar\/a088df625d49991c090e78c8b9542592?s=96&d=mm&r=g\",\"caption\":\"greatreset\"},\"url\":\"https:\/\/now-news.de\/de\/author\/greatreset\/\"}]}<\/script>\n<!-- \/ Yoast SEO Premium plugin. -->","yoast_head_json":{"title":"Schwab \u00faj vil\u00e1grendje egy szabadk\u0151m\u0171ves forgat\u00f3k\u00f6nyv r\u00e9sze? - Szak\u00e1cs \u00c1rp\u00e1d - just-now.NEWS Deutschland","robots":{"index":"index","follow":"follow","max-snippet":"max-snippet:-1","max-image-preview":"max-image-preview:large","max-video-preview":"max-video-preview:-1"},"canonical":"https:\/\/now-news.de\/de\/great-reset\/greatvideos\/schwab-uj-vilagrendje-egy-szabadkomuves-forgatokoenyv-resze-szakacs-arpad\/","og_locale":"de_DE","og_type":"article","og_title":"Schwab \u00faj vil\u00e1grendje egy szabadk\u0151m\u0171ves forgat\u00f3k\u00f6nyv r\u00e9sze? - Szak\u00e1cs \u00c1rp\u00e1d","og_description":"&#8220;\u00dajraind\u00edtan\u00e1&#8221; a vil\u00e1got a Vil\u00e1ggazdas\u00e1gi F\u00f3rum eln\u00f6ke. Klaus Schwab. Egy interj\u00faban elmondta, hogy az els\u0151 az, hogy a vil\u00e1got ellen\u00e1ll\u00f3bb\u00e1 tegy\u00fck, mert eg\u00e9szen biztosan szembe kell n\u00e9zn\u00fcnk \u00fajabb \u00e9s \u00fajabb v\u00e1ratlan esem\u00e9nyekkel, az \u00fagynevezett fekete hatty\u00fakkal, tal\u00e1n k\u00fcl\u00f6nb\u00f6z\u0151 t\u00edpus\u00fa v\u00edrusokkal. M\u00e1sodsorban befogad\u00f3bb\u00e1, igazs\u00e1gosabb\u00e1 kell tenn\u00fcnk a vil\u00e1got, mert l\u00e1ttuk, hogy fenntarthatatlan, ah\u00e1ny ember ma kirekesztettnek [&hellip;]","og_url":"https:\/\/now-news.de\/de\/great-reset\/greatvideos\/schwab-uj-vilagrendje-egy-szabadkomuves-forgatokoenyv-resze-szakacs-arpad\/","og_site_name":"just-now.NEWS Deutschland","article_publisher":"https:\/\/www.facebook.com\/wirmachenauf","article_published_time":"2021-04-14T15:36:24+00:00","og_image":[{"width":480,"height":360,"url":"https:\/\/now-news.de\/de\/wp-content\/uploads\/sites\/3\/2022\/04\/Schwab-uj-vilagrendje-egy-szabadkomuves-forgatokoenyv-resze-Szakacs-Arpad.jpg","type":"image\/jpeg"}],"author":"greatreset","twitter_card":"summary_large_image","twitter_creator":"@WirMachenAuf_de","twitter_site":"@WirMachenAuf_de","twitter_misc":{"Verfasst von":"greatreset","Gesch\u00e4tzte Lesezeit":"1\u00a0Minute"},"schema":{"@context":"https:\/\/schema.org","@graph":[{"@type":"Article","@id":"https:\/\/now-news.de\/de\/great-reset\/greatvideos\/schwab-uj-vilagrendje-egy-szabadkomuves-forgatokoenyv-resze-szakacs-arpad\/#article","isPartOf":{"@id":"https:\/\/now-news.de\/de\/great-reset\/greatvideos\/schwab-uj-vilagrendje-egy-szabadkomuves-forgatokoenyv-resze-szakacs-arpad\/"},"author":{"name":"greatreset","@id":"https:\/\/now-news.de\/de\/#\/schema\/person\/8afb4cd92b68572db7902c13a349ffcb"},"headline":"Schwab \u00faj vil\u00e1grendje egy szabadk\u0151m\u0171ves forgat\u00f3k\u00f6nyv r\u00e9sze? &#8211; Szak\u00e1cs \u00c1rp\u00e1d","datePublished":"2021-04-14T15:36:24+00:00","dateModified":"2021-04-14T15:36:24+00:00","mainEntityOfPage":{"@id":"https:\/\/now-news.de\/de\/great-reset\/greatvideos\/schwab-uj-vilagrendje-egy-szabadkomuves-forgatokoenyv-resze-szakacs-arpad\/"},"wordCount":203,"commentCount":0,"publisher":{"@id":"https:\/\/now-news.de\/de\/#organization"},"image":{"@id":"https:\/\/now-news.de\/de\/great-reset\/greatvideos\/schwab-uj-vilagrendje-egy-szabadkomuves-forgatokoenyv-resze-szakacs-arpad\/#primaryimage"},"thumbnailUrl":"https:\/\/now-news.de\/de\/wp-content\/uploads\/sites\/3\/2022\/04\/Schwab-uj-vilagrendje-egy-szabadkomuves-forgatokoenyv-resze-Szakacs-Arpad.jpg","keywords":["\u00c1rp\u00e1d","Biblia","Budapest","egy","forgat\u00f3k\u00f6nyv","Hit Gy\u00fclekezete","Hit R\u00e1di\u00f3","ige","Isten","kereszt\u00e9ny","k\u00f6z\u00e9let","Magyarorsz\u00e1g","N\u00e9meth S\u00e1ndor","Orb\u00e1n Viktor","politika","r\u00e9sze","Schwab","szabadk\u0151m\u0171ves","Szak\u00e1cs","\u00faj","vil\u00e1grendje"],"articleSection":["GreatVideos"],"inLanguage":"de","potentialAction":[{"@type":"CommentAction","name":"Comment","target":["https:\/\/now-news.de\/de\/great-reset\/greatvideos\/schwab-uj-vilagrendje-egy-szabadkomuves-forgatokoenyv-resze-szakacs-arpad\/#respond"]}]},{"@type":"WebPage","@id":"https:\/\/now-news.de\/de\/great-reset\/greatvideos\/schwab-uj-vilagrendje-egy-szabadkomuves-forgatokoenyv-resze-szakacs-arpad\/","url":"https:\/\/now-news.de\/de\/great-reset\/greatvideos\/schwab-uj-vilagrendje-egy-szabadkomuves-forgatokoenyv-resze-szakacs-arpad\/","name":"Schwab \u00faj vil\u00e1grendje egy szabadk\u0151m\u0171ves forgat\u00f3k\u00f6nyv r\u00e9sze? - Szak\u00e1cs \u00c1rp\u00e1d - just-now.NEWS Deutschland","isPartOf":{"@id":"https:\/\/now-news.de\/de\/#website"},"primaryImageOfPage":{"@id":"https:\/\/now-news.de\/de\/great-reset\/greatvideos\/schwab-uj-vilagrendje-egy-szabadkomuves-forgatokoenyv-resze-szakacs-arpad\/#primaryimage"},"image":{"@id":"https:\/\/now-news.de\/de\/great-reset\/greatvideos\/schwab-uj-vilagrendje-egy-szabadkomuves-forgatokoenyv-resze-szakacs-arpad\/#primaryimage"},"thumbnailUrl":"https:\/\/now-news.de\/de\/wp-content\/uploads\/sites\/3\/2022\/04\/Schwab-uj-vilagrendje-egy-szabadkomuves-forgatokoenyv-resze-Szakacs-Arpad.jpg","datePublished":"2021-04-14T15:36:24+00:00","dateModified":"2021-04-14T15:36:24+00:00","breadcrumb":{"@id":"https:\/\/now-news.de\/de\/great-reset\/greatvideos\/schwab-uj-vilagrendje-egy-szabadkomuves-forgatokoenyv-resze-szakacs-arpad\/#breadcrumb"},"inLanguage":"de","potentialAction":[{"@type":"ReadAction","target":["https:\/\/now-news.de\/de\/great-reset\/greatvideos\/schwab-uj-vilagrendje-egy-szabadkomuves-forgatokoenyv-resze-szakacs-arpad\/"]}]},{"@type":"ImageObject","inLanguage":"de","@id":"https:\/\/now-news.de\/de\/great-reset\/greatvideos\/schwab-uj-vilagrendje-egy-szabadkomuves-forgatokoenyv-resze-szakacs-arpad\/#primaryimage","url":"https:\/\/now-news.de\/de\/wp-content\/uploads\/sites\/3\/2022\/04\/Schwab-uj-vilagrendje-egy-szabadkomuves-forgatokoenyv-resze-Szakacs-Arpad.jpg","contentUrl":"https:\/\/now-news.de\/de\/wp-content\/uploads\/sites\/3\/2022\/04\/Schwab-uj-vilagrendje-egy-szabadkomuves-forgatokoenyv-resze-Szakacs-Arpad.jpg","width":480,"height":360},{"@type":"BreadcrumbList","@id":"https:\/\/now-news.de\/de\/great-reset\/greatvideos\/schwab-uj-vilagrendje-egy-szabadkomuves-forgatokoenyv-resze-szakacs-arpad\/#breadcrumb","itemListElement":[{"@type":"ListItem","position":1,"name":"Home","item":"https:\/\/now-news.de\/de\/"},{"@type":"ListItem","position":2,"name":"Schwab \u00faj vil\u00e1grendje egy szabadk\u0151m\u0171ves forgat\u00f3k\u00f6nyv r\u00e9sze? &#8211; Szak\u00e1cs \u00c1rp\u00e1d"}]},{"@type":"WebSite","@id":"https:\/\/now-news.de\/de\/#website","url":"https:\/\/now-news.de\/de\/","name":"just-now.NEWS Deutschland","description":"Das Portal f\u00fcr unzensierte Nachrichten aus der Welt","publisher":{"@id":"https:\/\/now-news.de\/de\/#organization"},"potentialAction":[{"@type":"SearchAction","target":{"@type":"EntryPoint","urlTemplate":"https:\/\/now-news.de\/de\/?s={search_term_string}"},"query-input":"required name=search_term_string"}],"inLanguage":"de"},{"@type":"Organization","@id":"https:\/\/now-news.de\/de\/#organization","name":"Just Now News","url":"https:\/\/now-news.de\/de\/","logo":{"@type":"ImageObject","inLanguage":"de","@id":"https:\/\/now-news.de\/de\/#\/schema\/logo\/image\/","url":"http:\/\/just-now.news\/de\/wp-content\/uploads\/sites\/3\/2022\/04\/logo500x500.jpg","contentUrl":"http:\/\/just-now.news\/de\/wp-content\/uploads\/sites\/3\/2022\/04\/logo500x500.jpg","width":500,"height":500,"caption":"Just Now News"},"image":{"@id":"https:\/\/now-news.de\/de\/#\/schema\/logo\/image\/"},"sameAs":["https:\/\/www.facebook.com\/wirmachenauf","https:\/\/x.com\/WirMachenAuf_de"]},{"@type":"Person","@id":"https:\/\/now-news.de\/de\/#\/schema\/person\/8afb4cd92b68572db7902c13a349ffcb","name":"greatreset","image":{"@type":"ImageObject","inLanguage":"de","@id":"https:\/\/now-news.de\/de\/#\/schema\/person\/image\/","url":"https:\/\/secure.gravatar.com\/avatar\/a088df625d49991c090e78c8b9542592?s=96&d=mm&r=g","contentUrl":"https:\/\/secure.gravatar.com\/avatar\/a088df625d49991c090e78c8b9542592?s=96&d=mm&r=g","caption":"greatreset"},"url":"https:\/\/now-news.de\/de\/author\/greatreset\/"}]}},"_links":{"self":[{"href":"https:\/\/now-news.de\/de\/wp-json\/wp\/v2\/posts\/3761"}],"collection":[{"href":"https:\/\/now-news.de\/de\/wp-json\/wp\/v2\/posts"}],"about":[{"href":"https:\/\/now-news.de\/de\/wp-json\/wp\/v2\/types\/post"}],"author":[{"embeddable":true,"href":"https:\/\/now-news.de\/de\/wp-json\/wp\/v2\/users\/5"}],"replies":[{"embeddable":true,"href":"https:\/\/now-news.de\/de\/wp-json\/wp\/v2\/comments?post=3761"}],"version-history":[{"count":0,"href":"https:\/\/now-news.de\/de\/wp-json\/wp\/v2\/posts\/3761\/revisions"}],"wp:featuredmedia":[{"embeddable":true,"href":"https:\/\/now-news.de\/de\/wp-json\/wp\/v2\/media\/3762"}],"wp:attachment":[{"href":"https:\/\/now-news.de\/de\/wp-json\/wp\/v2\/media?parent=3761"}],"wp:term":[{"taxonomy":"category","embeddable":true,"href":"https:\/\/now-news.de\/de\/wp-json\/wp\/v2\/categories?post=3761"},{"taxonomy":"post_tag","embeddable":true,"href":"https:\/\/now-news.de\/de\/wp-json\/wp\/v2\/tags?post=3761"}],"curies":[{"name":"wp","href":"https:\/\/api.w.org\/{rel}","templated":true}]}}