{"id":37609,"date":"2023-06-07T08:32:24","date_gmt":"2023-06-07T06:32:24","guid":{"rendered":"http:\/\/just-now.news\/de\/deutschland\/letzte-generation-hausfriedensbruch-und-sachbeschaedigung-auf-sylt\/"},"modified":"2023-06-07T08:32:24","modified_gmt":"2023-06-07T06:32:24","slug":"letzte-generation-hausfriedensbruch-und-sachbeschaedigung-auf-sylt","status":"publish","type":"post","link":"https:\/\/now-news.de\/de\/deutschland\/letzte-generation-hausfriedensbruch-und-sachbeschaedigung-auf-sylt\/","title":{"rendered":"Letzte Generation: Hausfriedensbruch und Sachbesch\u00e4digung auf Sylt"},"content":{"rendered":"<div class=\"Text-root Text-type_1 \">\n                Erneut glorifizieren Aktivisten der Gruppierung &#8220;Letzte Generation&#8221; ihre strafrechtlich relevanten Ad-hoc-Aktionen. Diesmal wurde ein Privatjet auf dem Sylter Flughafen &#8220;mit Warnfarbe markiert.&#8221;\n            <\/div>\n<p><\/p>\n<div class=\"Text-root Text-type_5 ArticleView-text ViewText-root \">\n<p>Wie zuvor angek\u00fcndigt, weiten die selbsternannten Klimasch\u00fctzer ihre provokativen Aktionen auf das gesamte Bundesgebiet aus. Vollkommen ungest\u00f6rt verschafften sich die Aktivisten auf der Nordseeinsel Sylt am 6. Juni Zugang\u00a0zu dem Gel\u00e4nde des \u00f6rtlichen Flughafens.\u00a0Diesbez\u00fcglich hei\u00dft es in einer Erkl\u00e4rung auf der Webseite:<\/p>\n<blockquote>\n<p><em>&#8220;Mit Bolzenschneidern wurde an zwei unterschiedlichen Stellen der Zaun des Flughafengel\u00e4ndes durchtrennt. Dann liefen die Protestierenden mit pr\u00e4parierten Feuerl\u00f6schern direkt zu den parkenden Privatjets um die klimasch\u00e4dlichen Auswirkungen der Privatfl\u00fcge mit greller Farbe deutlich zu machen.&#8221;<\/em><\/p>\n<\/blockquote>\n<p>Erneut wurde die Aktion durch begleitende Social-Media-Zuarbeiter dokumentiert:<\/p>\n<div class=\"EmbedBlock-root EmbedBlock-twitter\">\n<div class=\"TwitterEmbed\">\n<blockquote class=\"twitter-tweet lazyload\" data-twitter=\"twitter-tweet\">\n<p lang=\"de\" dir=\"ltr\">+++ Privatjet auf Sylt mit Warnfarbe markiert +++Mit diesem Protest am Flughafen Sylt wenden wir uns direkt an unseren <a rel=\"nofollow noopener\" target=\"_blank\" href=\"https:\/\/twitter.com\/Bundeskanzler?ref_src=twsrc%5Etfw\">@Bundeskanzler<\/a>.F\u00fcr wen machen Sie Politik, Herr Scholz? <a rel=\"nofollow noopener\" target=\"_blank\" href=\"https:\/\/t.co\/N6SUQZeSRS\">pic.twitter.com\/N6SUQZeSRS<\/a><\/p>\n<p>\u2014 Letzte Generation (@AufstandLastGen) <a rel=\"nofollow noopener\" target=\"_blank\" href=\"https:\/\/twitter.com\/AufstandLastGen\/status\/1666027301773910016?ref_src=twsrc%5Etfw\">June 6, 2023<\/a><\/p><\/blockquote>\n<\/div>\n<\/div>\n<p>Auf den Tragfl\u00e4chen des mutwillig beschmutzten Jets wurden Banner mit folgenden Losungen entrollt:<\/p>\n<blockquote>\n<p><em>&#8220;Euer Luxus = Unsere D\u00fcrre&#8221; und &#8220;Euer Luxus = Unsere Ernteausf\u00e4lle.&#8221;<\/em><\/p>\n<\/blockquote>\n<p>Die f\u00fcnf beteiligten Personen im Alter von 21 bis 60 Jahren klebten sich im Anschluss an ihre Spr\u00fchaktion mit einer Hand jeweils auf den Tragfl\u00e4chen des Flugzeugs oder auf dem Asphalt davor fest.<\/p>\n<figure class=\"RTImage-root\">\n<div class=\"RTImage-image RTImage-original\"><picture class=\"Picture-root Picture-original\"><!--[if IE 9]><video style=\"display: none;\"><![endif]--><source media=\"(-webkit-min-device-pixel-ratio: 2) and (min-resolution: 120dpi)\" data-srcset=\" \nhttp:\/\/just-now.news\/de\/wp-content\/uploads\/sites\/3\/2023\/06\/647f373e48fbef09a4648d73.jpg 850w,\n                http:\/\/just-now.news\/de\/wp-content\/uploads\/sites\/3\/2023\/06\/647f373e48fbef09a4648d73.jpg 1960w,\n            \" ><source data-srcset=\" \nhttp:\/\/just-now.news\/de\/wp-content\/uploads\/sites\/3\/2023\/06\/647f373e48fbef09a4648d73.jpg 460w,\n              http:\/\/just-now.news\/de\/wp-content\/uploads\/sites\/3\/2023\/06\/647f373e48fbef09a4648d73.jpg 980w,\n            \" ><!--[if IE 9]><\/video><![endif]--><img decoding=\"async\" data- src=\"data:image\/png;base64,iVBORw0KGgoAAAANSUhEUgAAABAAAAAJCAQAAACRI2S5AAAAEElEQVR42mNkIAAYRxWAAQAG9gAKqv6+AwAAAABJRU5ErkJggg==\" class=\"Picture-root Picture-original lazyload\" data-src=\"http:\/\/just-now.news\/de\/wp-content\/uploads\/sites\/3\/2023\/06\/647f373e48fbef09a4648d73.jpg\" alt=\"\"><\/source><\/source><\/picture><!-- noscript pattern --><noscript><img decoding=\"async\" src=\"http:\/\/just-now.news\/de\/wp-content\/uploads\/sites\/3\/2023\/06\/647f373e48fbef09a4648d73.jpg\" alt=\"\"><\/noscript><\/div><figcaption class=\"RTImage-footer\"><span class=\"RTImage-caption\"><span class=\"RTImage-captionItem\">Sylter Flughafen, 6. Juni 2023.<\/span><\/span><span class=\"RTImage-source\"><span class=\"RTImage-captionItem\">Screenshot: Twitter-Letzte Generation<\/span><\/span><\/figcaption><\/figure>\n<p>Am Vormittag wurde die Polizei \u00fcber den Vorfall informiert.\u00a0Strafrechtliche Ermittlungen wurden vor Ort eingeleitet. Theodor Schnarr, Sprecher der Letzten Generation, \u00e4u\u00dferte sich zu der j\u00fcngsten Aktion mit der Erkl\u00e4rung:<\/p>\n<blockquote>\n<p><em>&#8220;Herr Scholz verfolgt bisher einen Plan, der vom Bundesverfassungsgericht als unzureichend bezeichnet wurde und keine konkreten Ma\u00dfnahmen f\u00fcr die Einhaltung der Klimaziele vorsieht. Es bedarf dringend einer gesetzlichen Regulierung, um die Emissionen der Privatjet-Besitzer, Limousinenfahrer und Superyacht-Besitzer zu reduzieren. Als Kanzler der SPD und Vertreter der Sozialdemokratie sollte Scholz die Gerechtigkeit im Blick haben. Doch wo bleibt die Gerechtigkeit, wenn wenige den Planeten zerst\u00f6ren und alle anderen darunter leiden?&#8221;<\/em><\/p>\n<\/blockquote>\n<p>Mit dem &#8220;friedlichen Protest auf dem Flughafen Sylt&#8221; w\u00fcrden die Apokalyptiker Olaf Scholz beim Wort nehmen, so der Wortlaut der offiziellen <a rel=\"nofollow noopener\" target=\"_blank\" href=\"https:\/\/letztegeneration.org\/blog\/2023\/06\/privatjet-auf-sylt-mit-warnfarbe-markiert-herr-scholz-handeln-sie\/\">Mitteilung<\/a>.\u00a0Denn dieser habe in einem Gespr\u00e4ch mit der Wochenzeitung <em>Zeit<\/em> mitgeteilt, &#8220;dass die Forderungen der Letzten Generation zu unkonkret seien und es ums Anpacken gehe.&#8221; Laut Polizeiangaben wurde aufgrund der Aktion bis zum sp\u00e4ten Nachmittag der Flugverkehr nach oder von der Insel Sylt eingestellt.<\/p>\n<p><strong>Mehr zum Thema &#8211;<\/strong>\u00a0<a rel=\"nofollow noopener\" target=\"_blank\" href=\"https:\/\/freeassange.rtde.life\/inland\/170378-wir-brauchen-geld-letzte-generation\/\">&#8220;Wir brauchen Geld!&#8221; \u2013 &#8220;Letzte Generation&#8221; verlegt sich aufs Betteln<\/a><\/p>\n<\/p>\n<\/div>\n<p><script async src=\"https:\/\/platform.twitter.com\/widgets.js\" charset=\"utf-8\"><\/script><br \/>\n<br \/><br \/>\n<br \/><a href=\"https:\/\/de.rt.com\/inland\/171991-letzte-generation-hausfriedensbruch-und-sachbeschaedigung\/\">Source link <\/a><\/p>\n","protected":false},"excerpt":{"rendered":"<p>Erneut glorifizieren Aktivisten der Gruppierung &#8220;Letzte Generation&#8221; ihre strafrechtlich relevanten Ad-hoc-Aktionen. Diesmal wurde ein Privatjet auf dem Sylter Flughafen &#8220;mit Warnfarbe markiert.&#8221; Wie zuvor angek\u00fcndigt, weiten die selbsternannten Klimasch\u00fctzer ihre provokativen Aktionen auf das gesamte Bundesgebiet aus. Vollkommen ungest\u00f6rt verschafften sich die Aktivisten auf der Nordseeinsel Sylt am 6. Juni Zugang\u00a0zu dem Gel\u00e4nde des \u00f6rtlichen [&hellip;]<\/p>\n","protected":false},"author":3,"featured_media":37610,"comment_status":"open","ping_status":"open","sticky":false,"template":"","format":"standard","meta":{"_yoast_indexnow_last_ping":["1686119610"],"wp_automatic_camp":["217"],"4982497ef14d23c765d6006f3574751b":["Letzte Generation: Hausfriedensbruch und Sachbesch\u00e4digung auf Sylt"],"original_link":["https:\/\/de.rt.com\/inland\/171991-letzte-generation-hausfriedensbruch-und-sachbeschaedigung\/"],"_thumbnail_id":["37610"],"jnews_social_counter_last_update":["1777348212"]},"categories":[19,23],"tags":[133,4958,45305,2109,45306,27400,140],"yoast_head":"<!-- This site is optimized with the Yoast SEO Premium plugin v22.7 (Yoast SEO v22.7) - https:\/\/yoast.com\/wordpress\/plugins\/seo\/ -->\n<title>Letzte Generation: Hausfriedensbruch und Sachbesch\u00e4digung auf Sylt - just-now.NEWS Deutschland<\/title>\n<meta name=\"robots\" content=\"index, follow, max-snippet:-1, max-image-preview:large, max-video-preview:-1\" \/>\n<link rel=\"canonical\" href=\"https:\/\/now-news.de\/de\/deutschland\/letzte-generation-hausfriedensbruch-und-sachbeschaedigung-auf-sylt\/\" \/>\n<meta property=\"og:locale\" content=\"de_DE\" \/>\n<meta property=\"og:type\" content=\"article\" \/>\n<meta property=\"og:title\" content=\"Letzte Generation: Hausfriedensbruch und Sachbesch\u00e4digung auf Sylt\" \/>\n<meta property=\"og:description\" content=\"Erneut glorifizieren Aktivisten der Gruppierung &#8220;Letzte Generation&#8221; ihre strafrechtlich relevanten Ad-hoc-Aktionen. Diesmal wurde ein Privatjet auf dem Sylter Flughafen &#8220;mit Warnfarbe markiert.&#8221; Wie zuvor angek\u00fcndigt, weiten die selbsternannten Klimasch\u00fctzer ihre provokativen Aktionen auf das gesamte Bundesgebiet aus. Vollkommen ungest\u00f6rt verschafften sich die Aktivisten auf der Nordseeinsel Sylt am 6. Juni Zugang\u00a0zu dem Gel\u00e4nde des \u00f6rtlichen [&hellip;]\" \/>\n<meta property=\"og:url\" content=\"https:\/\/now-news.de\/de\/deutschland\/letzte-generation-hausfriedensbruch-und-sachbeschaedigung-auf-sylt\/\" \/>\n<meta property=\"og:site_name\" content=\"just-now.NEWS Deutschland\" \/>\n<meta property=\"article:publisher\" content=\"https:\/\/www.facebook.com\/wirmachenauf\" \/>\n<meta property=\"article:published_time\" content=\"2023-06-07T06:32:24+00:00\" \/>\n<meta property=\"og:image\" content=\"https:\/\/now-news.de\/de\/wp-content\/uploads\/sites\/3\/2023\/06\/Letzte-Generation-Hausfriedensbruch-und-Sachbeschaedigung-auf-Sylt.jpg\" \/>\n\t<meta property=\"og:image:width\" content=\"1075\" \/>\n\t<meta property=\"og:image:height\" content=\"591\" \/>\n\t<meta property=\"og:image:type\" content=\"image\/jpeg\" \/>\n<meta name=\"author\" content=\"rtnews\" \/>\n<meta name=\"twitter:card\" content=\"summary_large_image\" \/>\n<meta name=\"twitter:creator\" content=\"@WirMachenAuf_de\" \/>\n<meta name=\"twitter:site\" content=\"@WirMachenAuf_de\" \/>\n<meta name=\"twitter:label1\" content=\"Verfasst von\" \/>\n\t<meta name=\"twitter:data1\" content=\"rtnews\" \/>\n\t<meta name=\"twitter:label2\" content=\"Gesch\u00e4tzte Lesezeit\" \/>\n\t<meta name=\"twitter:data2\" content=\"2\u00a0Minuten\" \/>\n<script type=\"application\/ld+json\" class=\"yoast-schema-graph\">{\"@context\":\"https:\/\/schema.org\",\"@graph\":[{\"@type\":\"Article\",\"@id\":\"https:\/\/now-news.de\/de\/deutschland\/letzte-generation-hausfriedensbruch-und-sachbeschaedigung-auf-sylt\/#article\",\"isPartOf\":{\"@id\":\"https:\/\/now-news.de\/de\/deutschland\/letzte-generation-hausfriedensbruch-und-sachbeschaedigung-auf-sylt\/\"},\"author\":{\"name\":\"rtnews\",\"@id\":\"https:\/\/now-news.de\/de\/#\/schema\/person\/fb534a4e865501d8b3285208df34a9b5\"},\"headline\":\"Letzte Generation: Hausfriedensbruch und Sachbesch\u00e4digung auf Sylt\",\"datePublished\":\"2023-06-07T06:32:24+00:00\",\"dateModified\":\"2023-06-07T06:32:24+00:00\",\"mainEntityOfPage\":{\"@id\":\"https:\/\/now-news.de\/de\/deutschland\/letzte-generation-hausfriedensbruch-und-sachbeschaedigung-auf-sylt\/\"},\"wordCount\":420,\"commentCount\":0,\"publisher\":{\"@id\":\"https:\/\/now-news.de\/de\/#organization\"},\"image\":{\"@id\":\"https:\/\/now-news.de\/de\/deutschland\/letzte-generation-hausfriedensbruch-und-sachbeschaedigung-auf-sylt\/#primaryimage\"},\"thumbnailUrl\":\"https:\/\/now-news.de\/de\/wp-content\/uploads\/sites\/3\/2023\/06\/Letzte-Generation-Hausfriedensbruch-und-Sachbeschaedigung-auf-Sylt.jpg\",\"keywords\":[\"AUF\",\"Generation\",\"Hausfriedensbruch\",\"letzte\",\"Sachbesch\u00e4digung\",\"Sylt\",\"und\"],\"articleSection\":[\"Deutschland\",\"Russland\"],\"inLanguage\":\"de\",\"potentialAction\":[{\"@type\":\"CommentAction\",\"name\":\"Comment\",\"target\":[\"https:\/\/now-news.de\/de\/deutschland\/letzte-generation-hausfriedensbruch-und-sachbeschaedigung-auf-sylt\/#respond\"]}]},{\"@type\":\"WebPage\",\"@id\":\"https:\/\/now-news.de\/de\/deutschland\/letzte-generation-hausfriedensbruch-und-sachbeschaedigung-auf-sylt\/\",\"url\":\"https:\/\/now-news.de\/de\/deutschland\/letzte-generation-hausfriedensbruch-und-sachbeschaedigung-auf-sylt\/\",\"name\":\"Letzte Generation: Hausfriedensbruch und Sachbesch\u00e4digung auf Sylt - just-now.NEWS Deutschland\",\"isPartOf\":{\"@id\":\"https:\/\/now-news.de\/de\/#website\"},\"primaryImageOfPage\":{\"@id\":\"https:\/\/now-news.de\/de\/deutschland\/letzte-generation-hausfriedensbruch-und-sachbeschaedigung-auf-sylt\/#primaryimage\"},\"image\":{\"@id\":\"https:\/\/now-news.de\/de\/deutschland\/letzte-generation-hausfriedensbruch-und-sachbeschaedigung-auf-sylt\/#primaryimage\"},\"thumbnailUrl\":\"https:\/\/now-news.de\/de\/wp-content\/uploads\/sites\/3\/2023\/06\/Letzte-Generation-Hausfriedensbruch-und-Sachbeschaedigung-auf-Sylt.jpg\",\"datePublished\":\"2023-06-07T06:32:24+00:00\",\"dateModified\":\"2023-06-07T06:32:24+00:00\",\"breadcrumb\":{\"@id\":\"https:\/\/now-news.de\/de\/deutschland\/letzte-generation-hausfriedensbruch-und-sachbeschaedigung-auf-sylt\/#breadcrumb\"},\"inLanguage\":\"de\",\"potentialAction\":[{\"@type\":\"ReadAction\",\"target\":[\"https:\/\/now-news.de\/de\/deutschland\/letzte-generation-hausfriedensbruch-und-sachbeschaedigung-auf-sylt\/\"]}]},{\"@type\":\"ImageObject\",\"inLanguage\":\"de\",\"@id\":\"https:\/\/now-news.de\/de\/deutschland\/letzte-generation-hausfriedensbruch-und-sachbeschaedigung-auf-sylt\/#primaryimage\",\"url\":\"https:\/\/now-news.de\/de\/wp-content\/uploads\/sites\/3\/2023\/06\/Letzte-Generation-Hausfriedensbruch-und-Sachbeschaedigung-auf-Sylt.jpg\",\"contentUrl\":\"https:\/\/now-news.de\/de\/wp-content\/uploads\/sites\/3\/2023\/06\/Letzte-Generation-Hausfriedensbruch-und-Sachbeschaedigung-auf-Sylt.jpg\",\"width\":1075,\"height\":591,\"caption\":\"Letzte Generation: Hausfriedensbruch und Sachbesch\u00e4digung auf Sylt\"},{\"@type\":\"BreadcrumbList\",\"@id\":\"https:\/\/now-news.de\/de\/deutschland\/letzte-generation-hausfriedensbruch-und-sachbeschaedigung-auf-sylt\/#breadcrumb\",\"itemListElement\":[{\"@type\":\"ListItem\",\"position\":1,\"name\":\"Home\",\"item\":\"https:\/\/now-news.de\/de\/\"},{\"@type\":\"ListItem\",\"position\":2,\"name\":\"Letzte Generation: Hausfriedensbruch und Sachbesch\u00e4digung auf Sylt\"}]},{\"@type\":\"WebSite\",\"@id\":\"https:\/\/now-news.de\/de\/#website\",\"url\":\"https:\/\/now-news.de\/de\/\",\"name\":\"just-now.NEWS Deutschland\",\"description\":\"Das Portal f\u00fcr unzensierte Nachrichten aus der Welt\",\"publisher\":{\"@id\":\"https:\/\/now-news.de\/de\/#organization\"},\"potentialAction\":[{\"@type\":\"SearchAction\",\"target\":{\"@type\":\"EntryPoint\",\"urlTemplate\":\"https:\/\/now-news.de\/de\/?s={search_term_string}\"},\"query-input\":\"required name=search_term_string\"}],\"inLanguage\":\"de\"},{\"@type\":\"Organization\",\"@id\":\"https:\/\/now-news.de\/de\/#organization\",\"name\":\"Just Now News\",\"url\":\"https:\/\/now-news.de\/de\/\",\"logo\":{\"@type\":\"ImageObject\",\"inLanguage\":\"de\",\"@id\":\"https:\/\/now-news.de\/de\/#\/schema\/logo\/image\/\",\"url\":\"http:\/\/just-now.news\/de\/wp-content\/uploads\/sites\/3\/2022\/04\/logo500x500.jpg\",\"contentUrl\":\"http:\/\/just-now.news\/de\/wp-content\/uploads\/sites\/3\/2022\/04\/logo500x500.jpg\",\"width\":500,\"height\":500,\"caption\":\"Just Now News\"},\"image\":{\"@id\":\"https:\/\/now-news.de\/de\/#\/schema\/logo\/image\/\"},\"sameAs\":[\"https:\/\/www.facebook.com\/wirmachenauf\",\"https:\/\/x.com\/WirMachenAuf_de\"]},{\"@type\":\"Person\",\"@id\":\"https:\/\/now-news.de\/de\/#\/schema\/person\/fb534a4e865501d8b3285208df34a9b5\",\"name\":\"rtnews\",\"image\":{\"@type\":\"ImageObject\",\"inLanguage\":\"de\",\"@id\":\"https:\/\/now-news.de\/de\/#\/schema\/person\/image\/\",\"url\":\"https:\/\/secure.gravatar.com\/avatar\/82aafea7d8127119dd649515f56e2117?s=96&d=mm&r=g\",\"contentUrl\":\"https:\/\/secure.gravatar.com\/avatar\/82aafea7d8127119dd649515f56e2117?s=96&d=mm&r=g\",\"caption\":\"rtnews\"},\"url\":\"https:\/\/now-news.de\/de\/author\/rnews\/\"}]}<\/script>\n<!-- \/ Yoast SEO Premium plugin. -->","yoast_head_json":{"title":"Letzte Generation: Hausfriedensbruch und Sachbesch\u00e4digung auf Sylt - just-now.NEWS Deutschland","robots":{"index":"index","follow":"follow","max-snippet":"max-snippet:-1","max-image-preview":"max-image-preview:large","max-video-preview":"max-video-preview:-1"},"canonical":"https:\/\/now-news.de\/de\/deutschland\/letzte-generation-hausfriedensbruch-und-sachbeschaedigung-auf-sylt\/","og_locale":"de_DE","og_type":"article","og_title":"Letzte Generation: Hausfriedensbruch und Sachbesch\u00e4digung auf Sylt","og_description":"Erneut glorifizieren Aktivisten der Gruppierung &#8220;Letzte Generation&#8221; ihre strafrechtlich relevanten Ad-hoc-Aktionen. Diesmal wurde ein Privatjet auf dem Sylter Flughafen &#8220;mit Warnfarbe markiert.&#8221; Wie zuvor angek\u00fcndigt, weiten die selbsternannten Klimasch\u00fctzer ihre provokativen Aktionen auf das gesamte Bundesgebiet aus. Vollkommen ungest\u00f6rt verschafften sich die Aktivisten auf der Nordseeinsel Sylt am 6. Juni Zugang\u00a0zu dem Gel\u00e4nde des \u00f6rtlichen [&hellip;]","og_url":"https:\/\/now-news.de\/de\/deutschland\/letzte-generation-hausfriedensbruch-und-sachbeschaedigung-auf-sylt\/","og_site_name":"just-now.NEWS Deutschland","article_publisher":"https:\/\/www.facebook.com\/wirmachenauf","article_published_time":"2023-06-07T06:32:24+00:00","og_image":[{"width":1075,"height":591,"url":"https:\/\/now-news.de\/de\/wp-content\/uploads\/sites\/3\/2023\/06\/Letzte-Generation-Hausfriedensbruch-und-Sachbeschaedigung-auf-Sylt.jpg","type":"image\/jpeg"}],"author":"rtnews","twitter_card":"summary_large_image","twitter_creator":"@WirMachenAuf_de","twitter_site":"@WirMachenAuf_de","twitter_misc":{"Verfasst von":"rtnews","Gesch\u00e4tzte Lesezeit":"2\u00a0Minuten"},"schema":{"@context":"https:\/\/schema.org","@graph":[{"@type":"Article","@id":"https:\/\/now-news.de\/de\/deutschland\/letzte-generation-hausfriedensbruch-und-sachbeschaedigung-auf-sylt\/#article","isPartOf":{"@id":"https:\/\/now-news.de\/de\/deutschland\/letzte-generation-hausfriedensbruch-und-sachbeschaedigung-auf-sylt\/"},"author":{"name":"rtnews","@id":"https:\/\/now-news.de\/de\/#\/schema\/person\/fb534a4e865501d8b3285208df34a9b5"},"headline":"Letzte Generation: Hausfriedensbruch und Sachbesch\u00e4digung auf Sylt","datePublished":"2023-06-07T06:32:24+00:00","dateModified":"2023-06-07T06:32:24+00:00","mainEntityOfPage":{"@id":"https:\/\/now-news.de\/de\/deutschland\/letzte-generation-hausfriedensbruch-und-sachbeschaedigung-auf-sylt\/"},"wordCount":420,"commentCount":0,"publisher":{"@id":"https:\/\/now-news.de\/de\/#organization"},"image":{"@id":"https:\/\/now-news.de\/de\/deutschland\/letzte-generation-hausfriedensbruch-und-sachbeschaedigung-auf-sylt\/#primaryimage"},"thumbnailUrl":"https:\/\/now-news.de\/de\/wp-content\/uploads\/sites\/3\/2023\/06\/Letzte-Generation-Hausfriedensbruch-und-Sachbeschaedigung-auf-Sylt.jpg","keywords":["AUF","Generation","Hausfriedensbruch","letzte","Sachbesch\u00e4digung","Sylt","und"],"articleSection":["Deutschland","Russland"],"inLanguage":"de","potentialAction":[{"@type":"CommentAction","name":"Comment","target":["https:\/\/now-news.de\/de\/deutschland\/letzte-generation-hausfriedensbruch-und-sachbeschaedigung-auf-sylt\/#respond"]}]},{"@type":"WebPage","@id":"https:\/\/now-news.de\/de\/deutschland\/letzte-generation-hausfriedensbruch-und-sachbeschaedigung-auf-sylt\/","url":"https:\/\/now-news.de\/de\/deutschland\/letzte-generation-hausfriedensbruch-und-sachbeschaedigung-auf-sylt\/","name":"Letzte Generation: Hausfriedensbruch und Sachbesch\u00e4digung auf Sylt - just-now.NEWS Deutschland","isPartOf":{"@id":"https:\/\/now-news.de\/de\/#website"},"primaryImageOfPage":{"@id":"https:\/\/now-news.de\/de\/deutschland\/letzte-generation-hausfriedensbruch-und-sachbeschaedigung-auf-sylt\/#primaryimage"},"image":{"@id":"https:\/\/now-news.de\/de\/deutschland\/letzte-generation-hausfriedensbruch-und-sachbeschaedigung-auf-sylt\/#primaryimage"},"thumbnailUrl":"https:\/\/now-news.de\/de\/wp-content\/uploads\/sites\/3\/2023\/06\/Letzte-Generation-Hausfriedensbruch-und-Sachbeschaedigung-auf-Sylt.jpg","datePublished":"2023-06-07T06:32:24+00:00","dateModified":"2023-06-07T06:32:24+00:00","breadcrumb":{"@id":"https:\/\/now-news.de\/de\/deutschland\/letzte-generation-hausfriedensbruch-und-sachbeschaedigung-auf-sylt\/#breadcrumb"},"inLanguage":"de","potentialAction":[{"@type":"ReadAction","target":["https:\/\/now-news.de\/de\/deutschland\/letzte-generation-hausfriedensbruch-und-sachbeschaedigung-auf-sylt\/"]}]},{"@type":"ImageObject","inLanguage":"de","@id":"https:\/\/now-news.de\/de\/deutschland\/letzte-generation-hausfriedensbruch-und-sachbeschaedigung-auf-sylt\/#primaryimage","url":"https:\/\/now-news.de\/de\/wp-content\/uploads\/sites\/3\/2023\/06\/Letzte-Generation-Hausfriedensbruch-und-Sachbeschaedigung-auf-Sylt.jpg","contentUrl":"https:\/\/now-news.de\/de\/wp-content\/uploads\/sites\/3\/2023\/06\/Letzte-Generation-Hausfriedensbruch-und-Sachbeschaedigung-auf-Sylt.jpg","width":1075,"height":591,"caption":"Letzte Generation: Hausfriedensbruch und Sachbesch\u00e4digung auf Sylt"},{"@type":"BreadcrumbList","@id":"https:\/\/now-news.de\/de\/deutschland\/letzte-generation-hausfriedensbruch-und-sachbeschaedigung-auf-sylt\/#breadcrumb","itemListElement":[{"@type":"ListItem","position":1,"name":"Home","item":"https:\/\/now-news.de\/de\/"},{"@type":"ListItem","position":2,"name":"Letzte Generation: Hausfriedensbruch und Sachbesch\u00e4digung auf Sylt"}]},{"@type":"WebSite","@id":"https:\/\/now-news.de\/de\/#website","url":"https:\/\/now-news.de\/de\/","name":"just-now.NEWS Deutschland","description":"Das Portal f\u00fcr unzensierte Nachrichten aus der Welt","publisher":{"@id":"https:\/\/now-news.de\/de\/#organization"},"potentialAction":[{"@type":"SearchAction","target":{"@type":"EntryPoint","urlTemplate":"https:\/\/now-news.de\/de\/?s={search_term_string}"},"query-input":"required name=search_term_string"}],"inLanguage":"de"},{"@type":"Organization","@id":"https:\/\/now-news.de\/de\/#organization","name":"Just Now News","url":"https:\/\/now-news.de\/de\/","logo":{"@type":"ImageObject","inLanguage":"de","@id":"https:\/\/now-news.de\/de\/#\/schema\/logo\/image\/","url":"http:\/\/just-now.news\/de\/wp-content\/uploads\/sites\/3\/2022\/04\/logo500x500.jpg","contentUrl":"http:\/\/just-now.news\/de\/wp-content\/uploads\/sites\/3\/2022\/04\/logo500x500.jpg","width":500,"height":500,"caption":"Just Now News"},"image":{"@id":"https:\/\/now-news.de\/de\/#\/schema\/logo\/image\/"},"sameAs":["https:\/\/www.facebook.com\/wirmachenauf","https:\/\/x.com\/WirMachenAuf_de"]},{"@type":"Person","@id":"https:\/\/now-news.de\/de\/#\/schema\/person\/fb534a4e865501d8b3285208df34a9b5","name":"rtnews","image":{"@type":"ImageObject","inLanguage":"de","@id":"https:\/\/now-news.de\/de\/#\/schema\/person\/image\/","url":"https:\/\/secure.gravatar.com\/avatar\/82aafea7d8127119dd649515f56e2117?s=96&d=mm&r=g","contentUrl":"https:\/\/secure.gravatar.com\/avatar\/82aafea7d8127119dd649515f56e2117?s=96&d=mm&r=g","caption":"rtnews"},"url":"https:\/\/now-news.de\/de\/author\/rnews\/"}]}},"_links":{"self":[{"href":"https:\/\/now-news.de\/de\/wp-json\/wp\/v2\/posts\/37609"}],"collection":[{"href":"https:\/\/now-news.de\/de\/wp-json\/wp\/v2\/posts"}],"about":[{"href":"https:\/\/now-news.de\/de\/wp-json\/wp\/v2\/types\/post"}],"author":[{"embeddable":true,"href":"https:\/\/now-news.de\/de\/wp-json\/wp\/v2\/users\/3"}],"replies":[{"embeddable":true,"href":"https:\/\/now-news.de\/de\/wp-json\/wp\/v2\/comments?post=37609"}],"version-history":[{"count":0,"href":"https:\/\/now-news.de\/de\/wp-json\/wp\/v2\/posts\/37609\/revisions"}],"wp:featuredmedia":[{"embeddable":true,"href":"https:\/\/now-news.de\/de\/wp-json\/wp\/v2\/media\/37610"}],"wp:attachment":[{"href":"https:\/\/now-news.de\/de\/wp-json\/wp\/v2\/media?parent=37609"}],"wp:term":[{"taxonomy":"category","embeddable":true,"href":"https:\/\/now-news.de\/de\/wp-json\/wp\/v2\/categories?post=37609"},{"taxonomy":"post_tag","embeddable":true,"href":"https:\/\/now-news.de\/de\/wp-json\/wp\/v2\/tags?post=37609"}],"curies":[{"name":"wp","href":"https:\/\/api.w.org\/{rel}","templated":true}]}}