{"id":37573,"date":"2023-06-06T15:50:59","date_gmt":"2023-06-06T13:50:59","guid":{"rendered":"https:\/\/just-now.news\/de\/deutschland\/der-blasen-kanzler-kaum-trifft-olaf-scholz-auf-echte-menschen-flippt-er-aus\/"},"modified":"2023-06-06T15:50:59","modified_gmt":"2023-06-06T13:50:59","slug":"der-blasen-kanzler-kaum-trifft-olaf-scholz-auf-echte-menschen-flippt-er-aus","status":"publish","type":"post","link":"https:\/\/now-news.de\/de\/deutschland\/der-blasen-kanzler-kaum-trifft-olaf-scholz-auf-echte-menschen-flippt-er-aus\/","title":{"rendered":"Der Blasen-Kanzler: Kaum trifft Olaf Scholz auf echte Menschen, flippt er aus"},"content":{"rendered":"<p><img decoding=\"async\" src=\"http:\/\/just-now.news\/de\/wp-content\/uploads\/sites\/3\/2023\/06\/647efa29b480cc5b8b18689e.jpg\" \/><\/p>\n<div class=\"Text-root Text-type_1 \">\n                Bei einem Europafest der SPD erfuhr Kanzler Olaf Scholz (SPD) heftige Widerworte. Als &#8220;Kriegstreiber&#8221; wurde er beschimpft, kombiniert mit Rufen wie &#8220;Wir sind das Volk&#8221; und &#8220;Frieden schaffen ohne Waffen&#8221;. Daraufhin flippte der Kanzler regelrecht aus. Daf\u00fcr muss man aber Verst\u00e4ndnis aufbringen.\n            <\/div>\n<p><\/p>\n<div class=\"Text-root Text-type_5 ArticleView-text ViewText-root \">\n<p><em>Von<\/em>\u00a0<em>Tom J. Wellbrock<\/em><\/p>\n<p>Sawsan Chebli (SPD) ist bekannt f\u00fcr ihren unerm\u00fcdlichen Kampf gegen Hass und Hetze. K\u00fcrzlich hat sie sogar ein Buch mit dem Titel &#8220;Laut&#8221; herausgebracht, das seitdem viel diskutiert wird \u2013 vor allem von Chebli selbst. Sie wird nicht m\u00fcde, die Wichtigkeit ihres Buches anzupreisen, das sich auf Amazon die stolze Bewertung mit einem Stern und Kommentare wie &#8220;Kann weg&#8221; oder &#8220;Leider nur Hirn-Vakuum&#8221; eingefangen hat.<\/p>\n<p>Wie auch immer, mit Hass und Hetze kennt sich Chebli aus, und daher wei\u00df sie auch, wann wir es ausdr\u00fccklich nicht mit Hetze zu tun haben. Etwa dann, wenn der Bundeskanzler B\u00fcrger beschimpft, die wollen, dass der Ukraine-Krieg endlich endet. Auf Twitter teilte sie eine zusammenfassende Video-Sequenz mit den pr\u00e4gnantesten Stellen der Schreierei von Scholz und zwitscherte dazu:<\/p>\n<blockquote>\n<p>&#8220;<em>Also ich mag es, wenn unser Kanzler Emotionen zeigt.&#8221;<\/em><\/p>\n<\/blockquote>\n<p>Hass und Hetze? Ja, schon, aber nicht, wenn beides von Olaf Scholz ausgeht.<\/p>\n<p>F\u00fcr diesen unterirdischen Tweet kriegt Chebli leider wieder nur einen Stern.<\/p>\n<p><strong>Woher kommen Emotionen beim Kanzler Scholz?<\/strong><\/p>\n<p>Es war nicht der erste Auftritt von Scholz, bei dem er munter auf das Volk hernieder br\u00fcllte, weil das Volk schon wieder doofe Sachen sagte. Immer, wenn er sich sch\u00f6ne Reden zurechtlegt, kommen ein paar Unbelehrbare um die Ecke und machen alles kaputt. Da kann man schon mal so emotional werden, dass Sawsan Chebli in Tweets ihre entz\u00fcckte Begeisterung ausdr\u00fcckt.<\/p>\n<p>Doch des R\u00e4tsels L\u00f6sung scheint mir recht einfach zu sein. Olaf Scholz ist st\u00e4ndiger Bewohner seiner kleinen Gedankenwelt, einer Blase bestehend aus Kollegen, Lakaien, Fans, Stiefelleckern und nicht zuletzt der Chefetage in Washington. Wenn er schimpft wie ein Rohrspatz (rein optisch erinnert es an einen computeranimierten Gartenzwerg aus dem Hause &#8220;Fixel&#8221;), dann nur deshalb, weil er pl\u00f6tzlich und unerwartet ein echtes Feedback vom Volk erh\u00e4lt.<\/p>\n<p>Man muss das verstehen, mit dem Volk hat Scholz weder etwas am Hut noch etwas zu tun.<\/p>\n<p><strong>Berlin Inside<\/strong><\/p>\n<p>Die Distanz zur Bev\u00f6lkerung ist nur auf den ersten Blick komfortabel. Sicher, man muss sich nicht mit den wirren Gedanken der B\u00fcrger herumschlagen. Kriegsangst, Armutsangst, Klimaangst, Coronaangst, Angstangst und was es noch so alles gibt. Das ist nat\u00fcrlich nicht sehr sch\u00f6n, viel sch\u00f6ner ist es, sich auf dem Dach des Reichstages eine oder vier Stunden in die Sonne zu legen. Der gemeine B\u00fcrger ist empfindlich, mosert st\u00e4ndig rum, will gut leben und eine vern\u00fcnftige Rente haben. Das stresst, zumal dann, wenn man das daf\u00fcr notwendige Geld f\u00fcr den geopolitischen Suizid vorgesehen hat.<\/p>\n<p>Andererseits kommt es aufgrund dieser Blasenbildung im engen Kreis schnell zu Missverst\u00e4ndnissen, wenn man als Kanzler mal vors Volk tritt und die Priorit\u00e4ten erl\u00e4utern will. F\u00fcr einen Moment die Blase schwebend verlassen und mit dem P\u00f6bel in Kontakt zu treten, birgt unangenehme \u00dcberraschungen in sich. W\u00e4hrend der Kanzler bisher nur entscheiden musste, wann Waffen, Panzer, Kampfjets und Uranmunition gen Ukraine wandern, muss er bei Begegnungen mit den Schreih\u00e4lsen pl\u00f6tzlich die Erfahrung machen, dass die \u00fcberhaupt nix davon wollen. Das k\u00f6nnte zartbesaitete Pers\u00f6nlichkeiten in Trauer versetzen. Bei klein geratenen Leuten, die, wenn sie etwa Leute treffen, die wom\u00f6glich auch noch Amerikaner sind, st\u00e4ndig nach oben schauen m\u00fcssen, k\u00f6nnen solche Erfahrungen auch in unkontrollierten Wutausbr\u00fcchen enden.<\/p>\n<p><strong>Zur\u00fcck in der Box<\/strong><\/p>\n<p>Olaf Scholz hat es \u00fcberstanden. Er befindet sich jetzt wieder in seinem gesch\u00fctzten Rahmen, labt sich in seiner pers\u00f6nlichen Box an Speisen und Getr\u00e4nken und kann weiter an Ideen arbeiten, um die faschistische Ukraine mit &#8220;demokratisch-milit\u00e4rischen&#8221; Mitteln zu verteidigen. Diesen Wahnsinn nach au\u00dfen hin als coole Aktion zur Verteidigung von allem, was heilig ist, zu verkaufen, ist faktisch nicht m\u00f6glich, wie Reaktionen in der Bev\u00f6lkerung wiederholt zeigen. Aber fernab von Krakeelern, Schreih\u00e4lsen und Putin-Begreifern gelingt das Kunstst\u00fcck m\u00fchelos.<\/p>\n<p>Kein Wunder! Kommunikativ befindet sich Olaf Scholz auf Augenh\u00f6he mit dem d\u00f6senden Joe Biden, der stammelnden Annalena Baerbock oder dem in Richtung Volk leise vor sich hin furzenden Robert Habeck. Da gibt es keine Missverst\u00e4ndnisse.<\/p>\n<p><em>Tom J. Wellbrock ist Journalist, Sprecher, Texter, Podcaster, Moderator und Mitherausgeber des Blogs\u00a0<\/em><a rel=\"nofollow noopener\" target=\"_blank\" href=\"https:\/\/www.neulandrebellen.de\/\"><em>neulandrebellen<\/em><\/a><em>.<\/em><\/p>\n<p><strong>Mehr zum Thema<\/strong> &#8211;\u00a0<a rel=\"nofollow noopener\" target=\"_blank\" href=\"https:\/\/freeassange.rtde.live\/inland\/171777-hat-einfach-nur-gutgetan-bilds\/\">&#8220;Etwas hei\u00df unterm Helmchen?&#8221; \u2013 Bilds Ronzheimer preist Scholz&#8217; Publikumsbeschimpfung<\/a><\/p>\n<\/div>\n<p><br \/>\n<br \/><a href=\"https:\/\/de.rt.com\/meinung\/171948-blasen-kanzler-kaum-trifft-olaf\/\">Source link <\/a><\/p>\n","protected":false},"excerpt":{"rendered":"<p>Bei einem Europafest der SPD erfuhr Kanzler Olaf Scholz (SPD) heftige Widerworte. Als &#8220;Kriegstreiber&#8221; wurde er beschimpft, kombiniert mit Rufen wie &#8220;Wir sind das Volk&#8221; und &#8220;Frieden schaffen ohne Waffen&#8221;. Daraufhin flippte der Kanzler regelrecht aus. Daf\u00fcr muss man aber Verst\u00e4ndnis aufbringen. Von\u00a0Tom J. Wellbrock Sawsan Chebli (SPD) ist bekannt f\u00fcr ihren unerm\u00fcdlichen Kampf gegen [&hellip;]<\/p>\n","protected":false},"author":3,"featured_media":37574,"comment_status":"open","ping_status":"open","sticky":false,"template":"","format":"standard","meta":{"_yoast_indexnow_last_ping":["1686059636"],"wp_automatic_camp":["217"],"a286a940979fefcd13d79542aa9fbcde":["Der Blasen-Kanzler: Kaum trifft Olaf Scholz auf echte Menschen, flippt er aus"],"original_link":["https:\/\/de.rt.com\/meinung\/171948-blasen-kanzler-kaum-trifft-olaf\/"],"_thumbnail_id":["37574"],"jnews_social_counter_last_update":["1777171442"]},"categories":[19,23],"tags":[133,679,45281,82,14675,45282,22503,1378,7179,1001,13790],"yoast_head":"<!-- This site is optimized with the Yoast SEO Premium plugin v22.7 (Yoast SEO v22.7) - https:\/\/yoast.com\/wordpress\/plugins\/seo\/ -->\n<title>Der Blasen-Kanzler: Kaum trifft Olaf Scholz auf echte Menschen, flippt er aus - just-now.NEWS Deutschland<\/title>\n<meta name=\"robots\" content=\"index, follow, max-snippet:-1, max-image-preview:large, max-video-preview:-1\" \/>\n<link rel=\"canonical\" href=\"https:\/\/now-news.de\/de\/deutschland\/der-blasen-kanzler-kaum-trifft-olaf-scholz-auf-echte-menschen-flippt-er-aus\/\" \/>\n<meta property=\"og:locale\" content=\"de_DE\" \/>\n<meta property=\"og:type\" content=\"article\" \/>\n<meta property=\"og:title\" content=\"Der Blasen-Kanzler: Kaum trifft Olaf Scholz auf echte Menschen, flippt er aus\" \/>\n<meta property=\"og:description\" content=\"Bei einem Europafest der SPD erfuhr Kanzler Olaf Scholz (SPD) heftige Widerworte. Als &#8220;Kriegstreiber&#8221; wurde er beschimpft, kombiniert mit Rufen wie &#8220;Wir sind das Volk&#8221; und &#8220;Frieden schaffen ohne Waffen&#8221;. Daraufhin flippte der Kanzler regelrecht aus. Daf\u00fcr muss man aber Verst\u00e4ndnis aufbringen. Von\u00a0Tom J. Wellbrock Sawsan Chebli (SPD) ist bekannt f\u00fcr ihren unerm\u00fcdlichen Kampf gegen [&hellip;]\" \/>\n<meta property=\"og:url\" content=\"https:\/\/now-news.de\/de\/deutschland\/der-blasen-kanzler-kaum-trifft-olaf-scholz-auf-echte-menschen-flippt-er-aus\/\" \/>\n<meta property=\"og:site_name\" content=\"just-now.NEWS Deutschland\" \/>\n<meta property=\"article:publisher\" content=\"https:\/\/www.facebook.com\/wirmachenauf\" \/>\n<meta property=\"article:published_time\" content=\"2023-06-06T13:50:59+00:00\" \/>\n<meta property=\"og:image\" content=\"https:\/\/now-news.de\/de\/wp-content\/uploads\/sites\/3\/2023\/06\/Der-Blasen-Kanzler-Kaum-trifft-Olaf-Scholz-auf-echte-Menschen-flippt.jpg\" \/>\n\t<meta property=\"og:image:width\" content=\"460\" \/>\n\t<meta property=\"og:image:height\" content=\"259\" \/>\n\t<meta property=\"og:image:type\" content=\"image\/jpeg\" \/>\n<meta name=\"author\" content=\"rtnews\" \/>\n<meta name=\"twitter:card\" content=\"summary_large_image\" \/>\n<meta name=\"twitter:creator\" content=\"@WirMachenAuf_de\" \/>\n<meta name=\"twitter:site\" content=\"@WirMachenAuf_de\" \/>\n<meta name=\"twitter:label1\" content=\"Verfasst von\" \/>\n\t<meta name=\"twitter:data1\" content=\"rtnews\" \/>\n\t<meta name=\"twitter:label2\" content=\"Gesch\u00e4tzte Lesezeit\" \/>\n\t<meta name=\"twitter:data2\" content=\"4\u00a0Minuten\" \/>\n<script type=\"application\/ld+json\" class=\"yoast-schema-graph\">{\"@context\":\"https:\/\/schema.org\",\"@graph\":[{\"@type\":\"Article\",\"@id\":\"https:\/\/now-news.de\/de\/deutschland\/der-blasen-kanzler-kaum-trifft-olaf-scholz-auf-echte-menschen-flippt-er-aus\/#article\",\"isPartOf\":{\"@id\":\"https:\/\/now-news.de\/de\/deutschland\/der-blasen-kanzler-kaum-trifft-olaf-scholz-auf-echte-menschen-flippt-er-aus\/\"},\"author\":{\"name\":\"rtnews\",\"@id\":\"https:\/\/now-news.de\/de\/#\/schema\/person\/fb534a4e865501d8b3285208df34a9b5\"},\"headline\":\"Der Blasen-Kanzler: Kaum trifft Olaf Scholz auf echte Menschen, flippt er aus\",\"datePublished\":\"2023-06-06T13:50:59+00:00\",\"dateModified\":\"2023-06-06T13:50:59+00:00\",\"mainEntityOfPage\":{\"@id\":\"https:\/\/now-news.de\/de\/deutschland\/der-blasen-kanzler-kaum-trifft-olaf-scholz-auf-echte-menschen-flippt-er-aus\/\"},\"wordCount\":774,\"commentCount\":0,\"publisher\":{\"@id\":\"https:\/\/now-news.de\/de\/#organization\"},\"image\":{\"@id\":\"https:\/\/now-news.de\/de\/deutschland\/der-blasen-kanzler-kaum-trifft-olaf-scholz-auf-echte-menschen-flippt-er-aus\/#primaryimage\"},\"thumbnailUrl\":\"https:\/\/now-news.de\/de\/wp-content\/uploads\/sites\/3\/2023\/06\/Der-Blasen-Kanzler-Kaum-trifft-Olaf-Scholz-auf-echte-Menschen-flippt.jpg\",\"keywords\":[\"AUF\",\"aus\",\"BlasenKanzler\",\"der\",\"echte\",\"flippt\",\"Kaum\",\"Menschen\",\"Olaf\",\"Scholz\",\"trifft\"],\"articleSection\":[\"Deutschland\",\"Russland\"],\"inLanguage\":\"de\",\"potentialAction\":[{\"@type\":\"CommentAction\",\"name\":\"Comment\",\"target\":[\"https:\/\/now-news.de\/de\/deutschland\/der-blasen-kanzler-kaum-trifft-olaf-scholz-auf-echte-menschen-flippt-er-aus\/#respond\"]}]},{\"@type\":\"WebPage\",\"@id\":\"https:\/\/now-news.de\/de\/deutschland\/der-blasen-kanzler-kaum-trifft-olaf-scholz-auf-echte-menschen-flippt-er-aus\/\",\"url\":\"https:\/\/now-news.de\/de\/deutschland\/der-blasen-kanzler-kaum-trifft-olaf-scholz-auf-echte-menschen-flippt-er-aus\/\",\"name\":\"Der Blasen-Kanzler: Kaum trifft Olaf Scholz auf echte Menschen, flippt er aus - just-now.NEWS Deutschland\",\"isPartOf\":{\"@id\":\"https:\/\/now-news.de\/de\/#website\"},\"primaryImageOfPage\":{\"@id\":\"https:\/\/now-news.de\/de\/deutschland\/der-blasen-kanzler-kaum-trifft-olaf-scholz-auf-echte-menschen-flippt-er-aus\/#primaryimage\"},\"image\":{\"@id\":\"https:\/\/now-news.de\/de\/deutschland\/der-blasen-kanzler-kaum-trifft-olaf-scholz-auf-echte-menschen-flippt-er-aus\/#primaryimage\"},\"thumbnailUrl\":\"https:\/\/now-news.de\/de\/wp-content\/uploads\/sites\/3\/2023\/06\/Der-Blasen-Kanzler-Kaum-trifft-Olaf-Scholz-auf-echte-Menschen-flippt.jpg\",\"datePublished\":\"2023-06-06T13:50:59+00:00\",\"dateModified\":\"2023-06-06T13:50:59+00:00\",\"breadcrumb\":{\"@id\":\"https:\/\/now-news.de\/de\/deutschland\/der-blasen-kanzler-kaum-trifft-olaf-scholz-auf-echte-menschen-flippt-er-aus\/#breadcrumb\"},\"inLanguage\":\"de\",\"potentialAction\":[{\"@type\":\"ReadAction\",\"target\":[\"https:\/\/now-news.de\/de\/deutschland\/der-blasen-kanzler-kaum-trifft-olaf-scholz-auf-echte-menschen-flippt-er-aus\/\"]}]},{\"@type\":\"ImageObject\",\"inLanguage\":\"de\",\"@id\":\"https:\/\/now-news.de\/de\/deutschland\/der-blasen-kanzler-kaum-trifft-olaf-scholz-auf-echte-menschen-flippt-er-aus\/#primaryimage\",\"url\":\"https:\/\/now-news.de\/de\/wp-content\/uploads\/sites\/3\/2023\/06\/Der-Blasen-Kanzler-Kaum-trifft-Olaf-Scholz-auf-echte-Menschen-flippt.jpg\",\"contentUrl\":\"https:\/\/now-news.de\/de\/wp-content\/uploads\/sites\/3\/2023\/06\/Der-Blasen-Kanzler-Kaum-trifft-Olaf-Scholz-auf-echte-Menschen-flippt.jpg\",\"width\":460,\"height\":259,\"caption\":\"Der Blasen-Kanzler: Kaum trifft Olaf Scholz auf echte Menschen, flippt er aus\"},{\"@type\":\"BreadcrumbList\",\"@id\":\"https:\/\/now-news.de\/de\/deutschland\/der-blasen-kanzler-kaum-trifft-olaf-scholz-auf-echte-menschen-flippt-er-aus\/#breadcrumb\",\"itemListElement\":[{\"@type\":\"ListItem\",\"position\":1,\"name\":\"Home\",\"item\":\"https:\/\/now-news.de\/de\/\"},{\"@type\":\"ListItem\",\"position\":2,\"name\":\"Der Blasen-Kanzler: Kaum trifft Olaf Scholz auf echte Menschen, flippt er aus\"}]},{\"@type\":\"WebSite\",\"@id\":\"https:\/\/now-news.de\/de\/#website\",\"url\":\"https:\/\/now-news.de\/de\/\",\"name\":\"just-now.NEWS Deutschland\",\"description\":\"Das Portal f\u00fcr unzensierte Nachrichten aus der Welt\",\"publisher\":{\"@id\":\"https:\/\/now-news.de\/de\/#organization\"},\"potentialAction\":[{\"@type\":\"SearchAction\",\"target\":{\"@type\":\"EntryPoint\",\"urlTemplate\":\"https:\/\/now-news.de\/de\/?s={search_term_string}\"},\"query-input\":\"required name=search_term_string\"}],\"inLanguage\":\"de\"},{\"@type\":\"Organization\",\"@id\":\"https:\/\/now-news.de\/de\/#organization\",\"name\":\"Just Now News\",\"url\":\"https:\/\/now-news.de\/de\/\",\"logo\":{\"@type\":\"ImageObject\",\"inLanguage\":\"de\",\"@id\":\"https:\/\/now-news.de\/de\/#\/schema\/logo\/image\/\",\"url\":\"http:\/\/just-now.news\/de\/wp-content\/uploads\/sites\/3\/2022\/04\/logo500x500.jpg\",\"contentUrl\":\"http:\/\/just-now.news\/de\/wp-content\/uploads\/sites\/3\/2022\/04\/logo500x500.jpg\",\"width\":500,\"height\":500,\"caption\":\"Just Now News\"},\"image\":{\"@id\":\"https:\/\/now-news.de\/de\/#\/schema\/logo\/image\/\"},\"sameAs\":[\"https:\/\/www.facebook.com\/wirmachenauf\",\"https:\/\/x.com\/WirMachenAuf_de\"]},{\"@type\":\"Person\",\"@id\":\"https:\/\/now-news.de\/de\/#\/schema\/person\/fb534a4e865501d8b3285208df34a9b5\",\"name\":\"rtnews\",\"image\":{\"@type\":\"ImageObject\",\"inLanguage\":\"de\",\"@id\":\"https:\/\/now-news.de\/de\/#\/schema\/person\/image\/\",\"url\":\"https:\/\/secure.gravatar.com\/avatar\/82aafea7d8127119dd649515f56e2117?s=96&d=mm&r=g\",\"contentUrl\":\"https:\/\/secure.gravatar.com\/avatar\/82aafea7d8127119dd649515f56e2117?s=96&d=mm&r=g\",\"caption\":\"rtnews\"},\"url\":\"https:\/\/now-news.de\/de\/author\/rnews\/\"}]}<\/script>\n<!-- \/ Yoast SEO Premium plugin. -->","yoast_head_json":{"title":"Der Blasen-Kanzler: Kaum trifft Olaf Scholz auf echte Menschen, flippt er aus - just-now.NEWS Deutschland","robots":{"index":"index","follow":"follow","max-snippet":"max-snippet:-1","max-image-preview":"max-image-preview:large","max-video-preview":"max-video-preview:-1"},"canonical":"https:\/\/now-news.de\/de\/deutschland\/der-blasen-kanzler-kaum-trifft-olaf-scholz-auf-echte-menschen-flippt-er-aus\/","og_locale":"de_DE","og_type":"article","og_title":"Der Blasen-Kanzler: Kaum trifft Olaf Scholz auf echte Menschen, flippt er aus","og_description":"Bei einem Europafest der SPD erfuhr Kanzler Olaf Scholz (SPD) heftige Widerworte. Als &#8220;Kriegstreiber&#8221; wurde er beschimpft, kombiniert mit Rufen wie &#8220;Wir sind das Volk&#8221; und &#8220;Frieden schaffen ohne Waffen&#8221;. Daraufhin flippte der Kanzler regelrecht aus. Daf\u00fcr muss man aber Verst\u00e4ndnis aufbringen. Von\u00a0Tom J. Wellbrock Sawsan Chebli (SPD) ist bekannt f\u00fcr ihren unerm\u00fcdlichen Kampf gegen [&hellip;]","og_url":"https:\/\/now-news.de\/de\/deutschland\/der-blasen-kanzler-kaum-trifft-olaf-scholz-auf-echte-menschen-flippt-er-aus\/","og_site_name":"just-now.NEWS Deutschland","article_publisher":"https:\/\/www.facebook.com\/wirmachenauf","article_published_time":"2023-06-06T13:50:59+00:00","og_image":[{"width":460,"height":259,"url":"https:\/\/now-news.de\/de\/wp-content\/uploads\/sites\/3\/2023\/06\/Der-Blasen-Kanzler-Kaum-trifft-Olaf-Scholz-auf-echte-Menschen-flippt.jpg","type":"image\/jpeg"}],"author":"rtnews","twitter_card":"summary_large_image","twitter_creator":"@WirMachenAuf_de","twitter_site":"@WirMachenAuf_de","twitter_misc":{"Verfasst von":"rtnews","Gesch\u00e4tzte Lesezeit":"4\u00a0Minuten"},"schema":{"@context":"https:\/\/schema.org","@graph":[{"@type":"Article","@id":"https:\/\/now-news.de\/de\/deutschland\/der-blasen-kanzler-kaum-trifft-olaf-scholz-auf-echte-menschen-flippt-er-aus\/#article","isPartOf":{"@id":"https:\/\/now-news.de\/de\/deutschland\/der-blasen-kanzler-kaum-trifft-olaf-scholz-auf-echte-menschen-flippt-er-aus\/"},"author":{"name":"rtnews","@id":"https:\/\/now-news.de\/de\/#\/schema\/person\/fb534a4e865501d8b3285208df34a9b5"},"headline":"Der Blasen-Kanzler: Kaum trifft Olaf Scholz auf echte Menschen, flippt er aus","datePublished":"2023-06-06T13:50:59+00:00","dateModified":"2023-06-06T13:50:59+00:00","mainEntityOfPage":{"@id":"https:\/\/now-news.de\/de\/deutschland\/der-blasen-kanzler-kaum-trifft-olaf-scholz-auf-echte-menschen-flippt-er-aus\/"},"wordCount":774,"commentCount":0,"publisher":{"@id":"https:\/\/now-news.de\/de\/#organization"},"image":{"@id":"https:\/\/now-news.de\/de\/deutschland\/der-blasen-kanzler-kaum-trifft-olaf-scholz-auf-echte-menschen-flippt-er-aus\/#primaryimage"},"thumbnailUrl":"https:\/\/now-news.de\/de\/wp-content\/uploads\/sites\/3\/2023\/06\/Der-Blasen-Kanzler-Kaum-trifft-Olaf-Scholz-auf-echte-Menschen-flippt.jpg","keywords":["AUF","aus","BlasenKanzler","der","echte","flippt","Kaum","Menschen","Olaf","Scholz","trifft"],"articleSection":["Deutschland","Russland"],"inLanguage":"de","potentialAction":[{"@type":"CommentAction","name":"Comment","target":["https:\/\/now-news.de\/de\/deutschland\/der-blasen-kanzler-kaum-trifft-olaf-scholz-auf-echte-menschen-flippt-er-aus\/#respond"]}]},{"@type":"WebPage","@id":"https:\/\/now-news.de\/de\/deutschland\/der-blasen-kanzler-kaum-trifft-olaf-scholz-auf-echte-menschen-flippt-er-aus\/","url":"https:\/\/now-news.de\/de\/deutschland\/der-blasen-kanzler-kaum-trifft-olaf-scholz-auf-echte-menschen-flippt-er-aus\/","name":"Der Blasen-Kanzler: Kaum trifft Olaf Scholz auf echte Menschen, flippt er aus - just-now.NEWS Deutschland","isPartOf":{"@id":"https:\/\/now-news.de\/de\/#website"},"primaryImageOfPage":{"@id":"https:\/\/now-news.de\/de\/deutschland\/der-blasen-kanzler-kaum-trifft-olaf-scholz-auf-echte-menschen-flippt-er-aus\/#primaryimage"},"image":{"@id":"https:\/\/now-news.de\/de\/deutschland\/der-blasen-kanzler-kaum-trifft-olaf-scholz-auf-echte-menschen-flippt-er-aus\/#primaryimage"},"thumbnailUrl":"https:\/\/now-news.de\/de\/wp-content\/uploads\/sites\/3\/2023\/06\/Der-Blasen-Kanzler-Kaum-trifft-Olaf-Scholz-auf-echte-Menschen-flippt.jpg","datePublished":"2023-06-06T13:50:59+00:00","dateModified":"2023-06-06T13:50:59+00:00","breadcrumb":{"@id":"https:\/\/now-news.de\/de\/deutschland\/der-blasen-kanzler-kaum-trifft-olaf-scholz-auf-echte-menschen-flippt-er-aus\/#breadcrumb"},"inLanguage":"de","potentialAction":[{"@type":"ReadAction","target":["https:\/\/now-news.de\/de\/deutschland\/der-blasen-kanzler-kaum-trifft-olaf-scholz-auf-echte-menschen-flippt-er-aus\/"]}]},{"@type":"ImageObject","inLanguage":"de","@id":"https:\/\/now-news.de\/de\/deutschland\/der-blasen-kanzler-kaum-trifft-olaf-scholz-auf-echte-menschen-flippt-er-aus\/#primaryimage","url":"https:\/\/now-news.de\/de\/wp-content\/uploads\/sites\/3\/2023\/06\/Der-Blasen-Kanzler-Kaum-trifft-Olaf-Scholz-auf-echte-Menschen-flippt.jpg","contentUrl":"https:\/\/now-news.de\/de\/wp-content\/uploads\/sites\/3\/2023\/06\/Der-Blasen-Kanzler-Kaum-trifft-Olaf-Scholz-auf-echte-Menschen-flippt.jpg","width":460,"height":259,"caption":"Der Blasen-Kanzler: Kaum trifft Olaf Scholz auf echte Menschen, flippt er aus"},{"@type":"BreadcrumbList","@id":"https:\/\/now-news.de\/de\/deutschland\/der-blasen-kanzler-kaum-trifft-olaf-scholz-auf-echte-menschen-flippt-er-aus\/#breadcrumb","itemListElement":[{"@type":"ListItem","position":1,"name":"Home","item":"https:\/\/now-news.de\/de\/"},{"@type":"ListItem","position":2,"name":"Der Blasen-Kanzler: Kaum trifft Olaf Scholz auf echte Menschen, flippt er aus"}]},{"@type":"WebSite","@id":"https:\/\/now-news.de\/de\/#website","url":"https:\/\/now-news.de\/de\/","name":"just-now.NEWS Deutschland","description":"Das Portal f\u00fcr unzensierte Nachrichten aus der Welt","publisher":{"@id":"https:\/\/now-news.de\/de\/#organization"},"potentialAction":[{"@type":"SearchAction","target":{"@type":"EntryPoint","urlTemplate":"https:\/\/now-news.de\/de\/?s={search_term_string}"},"query-input":"required name=search_term_string"}],"inLanguage":"de"},{"@type":"Organization","@id":"https:\/\/now-news.de\/de\/#organization","name":"Just Now News","url":"https:\/\/now-news.de\/de\/","logo":{"@type":"ImageObject","inLanguage":"de","@id":"https:\/\/now-news.de\/de\/#\/schema\/logo\/image\/","url":"http:\/\/just-now.news\/de\/wp-content\/uploads\/sites\/3\/2022\/04\/logo500x500.jpg","contentUrl":"http:\/\/just-now.news\/de\/wp-content\/uploads\/sites\/3\/2022\/04\/logo500x500.jpg","width":500,"height":500,"caption":"Just Now News"},"image":{"@id":"https:\/\/now-news.de\/de\/#\/schema\/logo\/image\/"},"sameAs":["https:\/\/www.facebook.com\/wirmachenauf","https:\/\/x.com\/WirMachenAuf_de"]},{"@type":"Person","@id":"https:\/\/now-news.de\/de\/#\/schema\/person\/fb534a4e865501d8b3285208df34a9b5","name":"rtnews","image":{"@type":"ImageObject","inLanguage":"de","@id":"https:\/\/now-news.de\/de\/#\/schema\/person\/image\/","url":"https:\/\/secure.gravatar.com\/avatar\/82aafea7d8127119dd649515f56e2117?s=96&d=mm&r=g","contentUrl":"https:\/\/secure.gravatar.com\/avatar\/82aafea7d8127119dd649515f56e2117?s=96&d=mm&r=g","caption":"rtnews"},"url":"https:\/\/now-news.de\/de\/author\/rnews\/"}]}},"_links":{"self":[{"href":"https:\/\/now-news.de\/de\/wp-json\/wp\/v2\/posts\/37573"}],"collection":[{"href":"https:\/\/now-news.de\/de\/wp-json\/wp\/v2\/posts"}],"about":[{"href":"https:\/\/now-news.de\/de\/wp-json\/wp\/v2\/types\/post"}],"author":[{"embeddable":true,"href":"https:\/\/now-news.de\/de\/wp-json\/wp\/v2\/users\/3"}],"replies":[{"embeddable":true,"href":"https:\/\/now-news.de\/de\/wp-json\/wp\/v2\/comments?post=37573"}],"version-history":[{"count":0,"href":"https:\/\/now-news.de\/de\/wp-json\/wp\/v2\/posts\/37573\/revisions"}],"wp:featuredmedia":[{"embeddable":true,"href":"https:\/\/now-news.de\/de\/wp-json\/wp\/v2\/media\/37574"}],"wp:attachment":[{"href":"https:\/\/now-news.de\/de\/wp-json\/wp\/v2\/media?parent=37573"}],"wp:term":[{"taxonomy":"category","embeddable":true,"href":"https:\/\/now-news.de\/de\/wp-json\/wp\/v2\/categories?post=37573"},{"taxonomy":"post_tag","embeddable":true,"href":"https:\/\/now-news.de\/de\/wp-json\/wp\/v2\/tags?post=37573"}],"curies":[{"name":"wp","href":"https:\/\/api.w.org\/{rel}","templated":true}]}}