{"id":3751,"date":"2022-04-26T15:15:00","date_gmt":"2022-04-26T13:15:00","guid":{"rendered":"http:\/\/just-now.news\/de\/deutschland\/russland-26-jaehriger-erschiesst-zwei-kinder-und-erzieherin-in-einem-kindergarten\/"},"modified":"2022-04-26T15:15:00","modified_gmt":"2022-04-26T13:15:00","slug":"russland-26-jaehriger-erschiesst-zwei-kinder-und-erzieherin-in-einem-kindergarten","status":"publish","type":"post","link":"https:\/\/now-news.de\/de\/deutschland\/russland-26-jaehriger-erschiesst-zwei-kinder-und-erzieherin-in-einem-kindergarten\/","title":{"rendered":"Russland: 26-J\u00e4hriger erschie\u00dft zwei Kinder und Erzieherin in einem Kindergarten"},"content":{"rendered":"<p><\/p>\n<div class=\"Text-root Text-type_5 ArticleView-text ViewText-root \">\n<p>In einem Kindergarten in dem russischen Dorf Weschkajma, Gebiet Uljanowsk, hat ein Mann zwei Kinder und eine Erzieherin erschossen. Eine weitere Erzieherin soll verletzt worden sein. Laut Medienberichten sei der 26-j\u00e4hrige Sch\u00fctze w\u00e4hrend des Mittagsschlafs der Kinder in die Kita eingedrungen und habe das Feuer er\u00f6ffnet.\u00a0Anschlie\u00dfend habe er sich selbst get\u00f6tet. Angaben zum Tatmotiv wurden nicht gemacht.<\/p>\n<\/p>\n<div class=\"EmbedBlock-root EmbedBlock-twitter\">\n<div class=\"TwitterEmbed\">\n<blockquote class=\"twitter-tweet lazyload\" data-twitter=\"twitter-tweet\">\n<p lang=\"ru\" dir=\"ltr\">\u0412 \u043f\u043e\u0441\u0451\u043b\u043a\u0435 \u0412\u0435\u0448\u043a\u0430\u0439\u043c\u0430 \u0432 \u0423\u043b\u044c\u044f\u043d\u043e\u0432\u0441\u043a\u043e\u0439 \u043e\u0431\u043b\u0430\u0441\u0442\u0438 \u0432\u043e \u0432\u0442\u043e\u0440\u043d\u0438\u043a, 26 \u0430\u043f\u0440\u0435\u043b\u044f, \u043d\u0435\u0438\u0437\u0432\u0435\u0441\u0442\u043d\u044b\u0439 \u043c\u0443\u0436\u0447\u0438\u043d\u0430 \u0432\u043e\u0440\u0432\u0430\u043b\u0441\u044f \u0432 \u0437\u0434\u0430\u043d\u0438\u0435 \u0434\u0435\u0442\u0441\u043a\u043e\u0433\u043e \u0441\u0430\u0434\u0430 &#8220;\u0420\u044f\u0431\u0438\u043d\u043a\u0430&#8221; \u0438 \u0443\u0441\u0442\u0440\u043e\u0438\u043b \u0441\u0442\u0440\u0435\u043b\u044c\u0431\u0443.\u041f\u043e\u0433\u0438\u0431\u043b\u0438 \u0447\u0435\u0442\u044b\u0440\u0435 \u0447\u0435\u043b\u043e\u0432\u0435\u043a\u0430: \u043d\u0430\u043f\u0430\u0434\u0430\u0432\u0448\u0438\u0439 \u0437\u0430\u0441\u0442\u0440\u0435\u043b\u0438\u043b \u043d\u044f\u043d\u0435\u0447\u043a\u0443 \u0438 \u0434\u0432\u0443\u0445 \u0434\u0435\u0442\u0435\u0439, \u0430 \u0442\u0430\u043a\u0436\u0435 \u043f\u043e\u043a\u043e\u043d\u0447\u0438\u043b \u0441 \u0441\u043e\u0431\u043e\u0439. <a target=\"_blank\" href=\"https:\/\/t.co\/nd7RFbeNiN\" rel=\"noopener\">pic.twitter.com\/nd7RFbeNiN<\/a><\/p>\n<p>\u2014 \u0414\u0443\u0441\u044f \u041d\u044e\u0448\u0438\u043d\u0430 (@DNusina) <a target=\"_blank\" href=\"https:\/\/twitter.com\/DNusina\/status\/1518901413753106432?ref_src=twsrc%5Etfw\" rel=\"noopener\">April 26, 2022<\/a><\/p><\/blockquote>\n<\/div>\n<\/div>\n<p>Nach vorl\u00e4ufigem Wissensstand war der Sch\u00fctze nicht der rechtm\u00e4\u00dfige Eigent\u00fcmer des Gewehrs, dieses soll einem 68-j\u00e4hrigen Mann geh\u00f6rt haben. Wie verschiedene Medien berichten,\u00a0hat der 26-J\u00e4hrige auch diesen Mann noch vor der\u00a0Bluttat im Kindergarten erschossen. Das russische Ermittlungskomitee leitete eine Untersuchung ein.<\/p>\n<p>Der Gouverneur der Region best\u00e4tigte den Vorfall. Er sprach den Familien der Opfer sein Beileid aus und wies an, dass ihnen medizinische, psychologische und soziale Hilfe geleistet wird.<\/p>\n<\/p>\n<p><strong>Mehr zum Thema<\/strong> &#8211; <a target=\"_blank\" href=\"https:\/\/deutsch.rt.com\/russland\/135062-vatermord-und-schiesserei-im-kindergarten\/\" rel=\"noopener noreferrer\">Vatermord und Schie\u00dferei im Kindergarten: Russin bleibt bis Ende Mai in U-Haft<\/a><\/p>\n<\/div>\n<p><script async src=\"https:\/\/platform.twitter.com\/widgets.js\" charset=\"utf-8\"><\/script><br \/>\n<br \/><br \/>\n<br \/><a href=\"https:\/\/de.rt.com\/russland\/137067-russland-28-jahriger-erschiesst-zwei\/\">Source link <\/a><\/p>\n","protected":false},"excerpt":{"rendered":"<p>In einem Kindergarten in dem russischen Dorf Weschkajma, Gebiet Uljanowsk, hat ein Mann zwei Kinder und eine Erzieherin erschossen. Eine weitere Erzieherin soll verletzt worden sein. Laut Medienberichten sei der 26-j\u00e4hrige Sch\u00fctze w\u00e4hrend des Mittagsschlafs der Kinder in die Kita eingedrungen und habe das Feuer er\u00f6ffnet.\u00a0Anschlie\u00dfend habe er sich selbst get\u00f6tet. Angaben zum Tatmotiv wurden [&hellip;]<\/p>\n","protected":false},"author":3,"featured_media":3752,"comment_status":"open","ping_status":"open","sticky":false,"template":"","format":"standard","meta":{"wp_automatic_camp":["217"],"704fc960404fbd532b971b229897ecda":["Russland: 26-J\u00e4hriger erschie\u00dft zwei Kinder und Erzieherin in einem Kindergarten"],"original_link":["https:\/\/de.rt.com\/russland\/137067-russland-28-jahriger-erschiesst-zwei\/"],"_thumbnail_id":["3752"],"wp_automatic_remove_first_image":["yes"],"_wptg_p2tg_sent2tg":["2022-04-26 21:11:32"],"jnews_social_counter_last_update":["1777263896"]},"categories":[19,23],"tags":[10799,352,10800,10801,3567,10802,126,140,1003],"yoast_head":"<!-- This site is optimized with the Yoast SEO Premium plugin v22.7 (Yoast SEO v22.7) - https:\/\/yoast.com\/wordpress\/plugins\/seo\/ -->\n<title>Russland: 26-J\u00e4hriger erschie\u00dft zwei Kinder und Erzieherin in einem Kindergarten - just-now.NEWS Deutschland<\/title>\n<meta name=\"robots\" content=\"index, follow, max-snippet:-1, max-image-preview:large, max-video-preview:-1\" \/>\n<link rel=\"canonical\" href=\"https:\/\/now-news.de\/de\/deutschland\/russland-26-jaehriger-erschiesst-zwei-kinder-und-erzieherin-in-einem-kindergarten\/\" \/>\n<meta property=\"og:locale\" content=\"de_DE\" \/>\n<meta property=\"og:type\" content=\"article\" \/>\n<meta property=\"og:title\" content=\"Russland: 26-J\u00e4hriger erschie\u00dft zwei Kinder und Erzieherin in einem Kindergarten\" \/>\n<meta property=\"og:description\" content=\"In einem Kindergarten in dem russischen Dorf Weschkajma, Gebiet Uljanowsk, hat ein Mann zwei Kinder und eine Erzieherin erschossen. Eine weitere Erzieherin soll verletzt worden sein. Laut Medienberichten sei der 26-j\u00e4hrige Sch\u00fctze w\u00e4hrend des Mittagsschlafs der Kinder in die Kita eingedrungen und habe das Feuer er\u00f6ffnet.\u00a0Anschlie\u00dfend habe er sich selbst get\u00f6tet. Angaben zum Tatmotiv wurden [&hellip;]\" \/>\n<meta property=\"og:url\" content=\"https:\/\/now-news.de\/de\/deutschland\/russland-26-jaehriger-erschiesst-zwei-kinder-und-erzieherin-in-einem-kindergarten\/\" \/>\n<meta property=\"og:site_name\" content=\"just-now.NEWS Deutschland\" \/>\n<meta property=\"article:publisher\" content=\"https:\/\/www.facebook.com\/wirmachenauf\" \/>\n<meta property=\"article:published_time\" content=\"2022-04-26T13:15:00+00:00\" \/>\n<meta property=\"og:image\" content=\"https:\/\/now-news.de\/de\/wp-content\/uploads\/sites\/3\/2022\/04\/Russland-26-Jaehriger-erschiesst-zwei-Kinder-und-Erzieherin-in-einem-Kindergarten.jpg\" \/>\n\t<meta property=\"og:image:width\" content=\"1104\" \/>\n\t<meta property=\"og:image:height\" content=\"622\" \/>\n\t<meta property=\"og:image:type\" content=\"image\/jpeg\" \/>\n<meta name=\"author\" content=\"rtnews\" \/>\n<meta name=\"twitter:card\" content=\"summary_large_image\" \/>\n<meta name=\"twitter:creator\" content=\"@WirMachenAuf_de\" \/>\n<meta name=\"twitter:site\" content=\"@WirMachenAuf_de\" \/>\n<meta name=\"twitter:label1\" content=\"Verfasst von\" \/>\n\t<meta name=\"twitter:data1\" content=\"rtnews\" \/>\n\t<meta name=\"twitter:label2\" content=\"Gesch\u00e4tzte Lesezeit\" \/>\n\t<meta name=\"twitter:data2\" content=\"1\u00a0Minute\" \/>\n<script type=\"application\/ld+json\" class=\"yoast-schema-graph\">{\"@context\":\"https:\/\/schema.org\",\"@graph\":[{\"@type\":\"Article\",\"@id\":\"https:\/\/now-news.de\/de\/deutschland\/russland-26-jaehriger-erschiesst-zwei-kinder-und-erzieherin-in-einem-kindergarten\/#article\",\"isPartOf\":{\"@id\":\"https:\/\/now-news.de\/de\/deutschland\/russland-26-jaehriger-erschiesst-zwei-kinder-und-erzieherin-in-einem-kindergarten\/\"},\"author\":{\"name\":\"rtnews\",\"@id\":\"https:\/\/now-news.de\/de\/#\/schema\/person\/fb534a4e865501d8b3285208df34a9b5\"},\"headline\":\"Russland: 26-J\u00e4hriger erschie\u00dft zwei Kinder und Erzieherin in einem Kindergarten\",\"datePublished\":\"2022-04-26T13:15:00+00:00\",\"dateModified\":\"2022-04-26T13:15:00+00:00\",\"mainEntityOfPage\":{\"@id\":\"https:\/\/now-news.de\/de\/deutschland\/russland-26-jaehriger-erschiesst-zwei-kinder-und-erzieherin-in-einem-kindergarten\/\"},\"wordCount\":218,\"commentCount\":0,\"publisher\":{\"@id\":\"https:\/\/now-news.de\/de\/#organization\"},\"image\":{\"@id\":\"https:\/\/now-news.de\/de\/deutschland\/russland-26-jaehriger-erschiesst-zwei-kinder-und-erzieherin-in-einem-kindergarten\/#primaryimage\"},\"thumbnailUrl\":\"https:\/\/now-news.de\/de\/wp-content\/uploads\/sites\/3\/2022\/04\/Russland-26-Jaehriger-erschiesst-zwei-Kinder-und-Erzieherin-in-einem-Kindergarten.jpg\",\"keywords\":[\"26J\u00e4hriger\",\"einem\",\"erschie\u00dft\",\"Erzieherin\",\"Kinder\",\"Kindergarten\",\"russland\",\"und\",\"zwei\"],\"articleSection\":[\"Deutschland\",\"Russland\"],\"inLanguage\":\"de\",\"potentialAction\":[{\"@type\":\"CommentAction\",\"name\":\"Comment\",\"target\":[\"https:\/\/now-news.de\/de\/deutschland\/russland-26-jaehriger-erschiesst-zwei-kinder-und-erzieherin-in-einem-kindergarten\/#respond\"]}]},{\"@type\":\"WebPage\",\"@id\":\"https:\/\/now-news.de\/de\/deutschland\/russland-26-jaehriger-erschiesst-zwei-kinder-und-erzieherin-in-einem-kindergarten\/\",\"url\":\"https:\/\/now-news.de\/de\/deutschland\/russland-26-jaehriger-erschiesst-zwei-kinder-und-erzieherin-in-einem-kindergarten\/\",\"name\":\"Russland: 26-J\u00e4hriger erschie\u00dft zwei Kinder und Erzieherin in einem Kindergarten - just-now.NEWS Deutschland\",\"isPartOf\":{\"@id\":\"https:\/\/now-news.de\/de\/#website\"},\"primaryImageOfPage\":{\"@id\":\"https:\/\/now-news.de\/de\/deutschland\/russland-26-jaehriger-erschiesst-zwei-kinder-und-erzieherin-in-einem-kindergarten\/#primaryimage\"},\"image\":{\"@id\":\"https:\/\/now-news.de\/de\/deutschland\/russland-26-jaehriger-erschiesst-zwei-kinder-und-erzieherin-in-einem-kindergarten\/#primaryimage\"},\"thumbnailUrl\":\"https:\/\/now-news.de\/de\/wp-content\/uploads\/sites\/3\/2022\/04\/Russland-26-Jaehriger-erschiesst-zwei-Kinder-und-Erzieherin-in-einem-Kindergarten.jpg\",\"datePublished\":\"2022-04-26T13:15:00+00:00\",\"dateModified\":\"2022-04-26T13:15:00+00:00\",\"breadcrumb\":{\"@id\":\"https:\/\/now-news.de\/de\/deutschland\/russland-26-jaehriger-erschiesst-zwei-kinder-und-erzieherin-in-einem-kindergarten\/#breadcrumb\"},\"inLanguage\":\"de\",\"potentialAction\":[{\"@type\":\"ReadAction\",\"target\":[\"https:\/\/now-news.de\/de\/deutschland\/russland-26-jaehriger-erschiesst-zwei-kinder-und-erzieherin-in-einem-kindergarten\/\"]}]},{\"@type\":\"ImageObject\",\"inLanguage\":\"de\",\"@id\":\"https:\/\/now-news.de\/de\/deutschland\/russland-26-jaehriger-erschiesst-zwei-kinder-und-erzieherin-in-einem-kindergarten\/#primaryimage\",\"url\":\"https:\/\/now-news.de\/de\/wp-content\/uploads\/sites\/3\/2022\/04\/Russland-26-Jaehriger-erschiesst-zwei-Kinder-und-Erzieherin-in-einem-Kindergarten.jpg\",\"contentUrl\":\"https:\/\/now-news.de\/de\/wp-content\/uploads\/sites\/3\/2022\/04\/Russland-26-Jaehriger-erschiesst-zwei-Kinder-und-Erzieherin-in-einem-Kindergarten.jpg\",\"width\":1104,\"height\":622,\"caption\":\"Russland: 26-J\u00e4hriger erschie\u00dft zwei Kinder und Erzieherin in einem Kindergarten\"},{\"@type\":\"BreadcrumbList\",\"@id\":\"https:\/\/now-news.de\/de\/deutschland\/russland-26-jaehriger-erschiesst-zwei-kinder-und-erzieherin-in-einem-kindergarten\/#breadcrumb\",\"itemListElement\":[{\"@type\":\"ListItem\",\"position\":1,\"name\":\"Home\",\"item\":\"https:\/\/now-news.de\/de\/\"},{\"@type\":\"ListItem\",\"position\":2,\"name\":\"Russland: 26-J\u00e4hriger erschie\u00dft zwei Kinder und Erzieherin in einem Kindergarten\"}]},{\"@type\":\"WebSite\",\"@id\":\"https:\/\/now-news.de\/de\/#website\",\"url\":\"https:\/\/now-news.de\/de\/\",\"name\":\"just-now.NEWS Deutschland\",\"description\":\"Das Portal f\u00fcr unzensierte Nachrichten aus der Welt\",\"publisher\":{\"@id\":\"https:\/\/now-news.de\/de\/#organization\"},\"potentialAction\":[{\"@type\":\"SearchAction\",\"target\":{\"@type\":\"EntryPoint\",\"urlTemplate\":\"https:\/\/now-news.de\/de\/?s={search_term_string}\"},\"query-input\":\"required name=search_term_string\"}],\"inLanguage\":\"de\"},{\"@type\":\"Organization\",\"@id\":\"https:\/\/now-news.de\/de\/#organization\",\"name\":\"Just Now News\",\"url\":\"https:\/\/now-news.de\/de\/\",\"logo\":{\"@type\":\"ImageObject\",\"inLanguage\":\"de\",\"@id\":\"https:\/\/now-news.de\/de\/#\/schema\/logo\/image\/\",\"url\":\"http:\/\/just-now.news\/de\/wp-content\/uploads\/sites\/3\/2022\/04\/logo500x500.jpg\",\"contentUrl\":\"http:\/\/just-now.news\/de\/wp-content\/uploads\/sites\/3\/2022\/04\/logo500x500.jpg\",\"width\":500,\"height\":500,\"caption\":\"Just Now News\"},\"image\":{\"@id\":\"https:\/\/now-news.de\/de\/#\/schema\/logo\/image\/\"},\"sameAs\":[\"https:\/\/www.facebook.com\/wirmachenauf\",\"https:\/\/x.com\/WirMachenAuf_de\"]},{\"@type\":\"Person\",\"@id\":\"https:\/\/now-news.de\/de\/#\/schema\/person\/fb534a4e865501d8b3285208df34a9b5\",\"name\":\"rtnews\",\"image\":{\"@type\":\"ImageObject\",\"inLanguage\":\"de\",\"@id\":\"https:\/\/now-news.de\/de\/#\/schema\/person\/image\/\",\"url\":\"https:\/\/secure.gravatar.com\/avatar\/82aafea7d8127119dd649515f56e2117?s=96&d=mm&r=g\",\"contentUrl\":\"https:\/\/secure.gravatar.com\/avatar\/82aafea7d8127119dd649515f56e2117?s=96&d=mm&r=g\",\"caption\":\"rtnews\"},\"url\":\"https:\/\/now-news.de\/de\/author\/rnews\/\"}]}<\/script>\n<!-- \/ Yoast SEO Premium plugin. -->","yoast_head_json":{"title":"Russland: 26-J\u00e4hriger erschie\u00dft zwei Kinder und Erzieherin in einem Kindergarten - just-now.NEWS Deutschland","robots":{"index":"index","follow":"follow","max-snippet":"max-snippet:-1","max-image-preview":"max-image-preview:large","max-video-preview":"max-video-preview:-1"},"canonical":"https:\/\/now-news.de\/de\/deutschland\/russland-26-jaehriger-erschiesst-zwei-kinder-und-erzieherin-in-einem-kindergarten\/","og_locale":"de_DE","og_type":"article","og_title":"Russland: 26-J\u00e4hriger erschie\u00dft zwei Kinder und Erzieherin in einem Kindergarten","og_description":"In einem Kindergarten in dem russischen Dorf Weschkajma, Gebiet Uljanowsk, hat ein Mann zwei Kinder und eine Erzieherin erschossen. Eine weitere Erzieherin soll verletzt worden sein. Laut Medienberichten sei der 26-j\u00e4hrige Sch\u00fctze w\u00e4hrend des Mittagsschlafs der Kinder in die Kita eingedrungen und habe das Feuer er\u00f6ffnet.\u00a0Anschlie\u00dfend habe er sich selbst get\u00f6tet. Angaben zum Tatmotiv wurden [&hellip;]","og_url":"https:\/\/now-news.de\/de\/deutschland\/russland-26-jaehriger-erschiesst-zwei-kinder-und-erzieherin-in-einem-kindergarten\/","og_site_name":"just-now.NEWS Deutschland","article_publisher":"https:\/\/www.facebook.com\/wirmachenauf","article_published_time":"2022-04-26T13:15:00+00:00","og_image":[{"width":1104,"height":622,"url":"https:\/\/now-news.de\/de\/wp-content\/uploads\/sites\/3\/2022\/04\/Russland-26-Jaehriger-erschiesst-zwei-Kinder-und-Erzieherin-in-einem-Kindergarten.jpg","type":"image\/jpeg"}],"author":"rtnews","twitter_card":"summary_large_image","twitter_creator":"@WirMachenAuf_de","twitter_site":"@WirMachenAuf_de","twitter_misc":{"Verfasst von":"rtnews","Gesch\u00e4tzte Lesezeit":"1\u00a0Minute"},"schema":{"@context":"https:\/\/schema.org","@graph":[{"@type":"Article","@id":"https:\/\/now-news.de\/de\/deutschland\/russland-26-jaehriger-erschiesst-zwei-kinder-und-erzieherin-in-einem-kindergarten\/#article","isPartOf":{"@id":"https:\/\/now-news.de\/de\/deutschland\/russland-26-jaehriger-erschiesst-zwei-kinder-und-erzieherin-in-einem-kindergarten\/"},"author":{"name":"rtnews","@id":"https:\/\/now-news.de\/de\/#\/schema\/person\/fb534a4e865501d8b3285208df34a9b5"},"headline":"Russland: 26-J\u00e4hriger erschie\u00dft zwei Kinder und Erzieherin in einem Kindergarten","datePublished":"2022-04-26T13:15:00+00:00","dateModified":"2022-04-26T13:15:00+00:00","mainEntityOfPage":{"@id":"https:\/\/now-news.de\/de\/deutschland\/russland-26-jaehriger-erschiesst-zwei-kinder-und-erzieherin-in-einem-kindergarten\/"},"wordCount":218,"commentCount":0,"publisher":{"@id":"https:\/\/now-news.de\/de\/#organization"},"image":{"@id":"https:\/\/now-news.de\/de\/deutschland\/russland-26-jaehriger-erschiesst-zwei-kinder-und-erzieherin-in-einem-kindergarten\/#primaryimage"},"thumbnailUrl":"https:\/\/now-news.de\/de\/wp-content\/uploads\/sites\/3\/2022\/04\/Russland-26-Jaehriger-erschiesst-zwei-Kinder-und-Erzieherin-in-einem-Kindergarten.jpg","keywords":["26J\u00e4hriger","einem","erschie\u00dft","Erzieherin","Kinder","Kindergarten","russland","und","zwei"],"articleSection":["Deutschland","Russland"],"inLanguage":"de","potentialAction":[{"@type":"CommentAction","name":"Comment","target":["https:\/\/now-news.de\/de\/deutschland\/russland-26-jaehriger-erschiesst-zwei-kinder-und-erzieherin-in-einem-kindergarten\/#respond"]}]},{"@type":"WebPage","@id":"https:\/\/now-news.de\/de\/deutschland\/russland-26-jaehriger-erschiesst-zwei-kinder-und-erzieherin-in-einem-kindergarten\/","url":"https:\/\/now-news.de\/de\/deutschland\/russland-26-jaehriger-erschiesst-zwei-kinder-und-erzieherin-in-einem-kindergarten\/","name":"Russland: 26-J\u00e4hriger erschie\u00dft zwei Kinder und Erzieherin in einem Kindergarten - just-now.NEWS Deutschland","isPartOf":{"@id":"https:\/\/now-news.de\/de\/#website"},"primaryImageOfPage":{"@id":"https:\/\/now-news.de\/de\/deutschland\/russland-26-jaehriger-erschiesst-zwei-kinder-und-erzieherin-in-einem-kindergarten\/#primaryimage"},"image":{"@id":"https:\/\/now-news.de\/de\/deutschland\/russland-26-jaehriger-erschiesst-zwei-kinder-und-erzieherin-in-einem-kindergarten\/#primaryimage"},"thumbnailUrl":"https:\/\/now-news.de\/de\/wp-content\/uploads\/sites\/3\/2022\/04\/Russland-26-Jaehriger-erschiesst-zwei-Kinder-und-Erzieherin-in-einem-Kindergarten.jpg","datePublished":"2022-04-26T13:15:00+00:00","dateModified":"2022-04-26T13:15:00+00:00","breadcrumb":{"@id":"https:\/\/now-news.de\/de\/deutschland\/russland-26-jaehriger-erschiesst-zwei-kinder-und-erzieherin-in-einem-kindergarten\/#breadcrumb"},"inLanguage":"de","potentialAction":[{"@type":"ReadAction","target":["https:\/\/now-news.de\/de\/deutschland\/russland-26-jaehriger-erschiesst-zwei-kinder-und-erzieherin-in-einem-kindergarten\/"]}]},{"@type":"ImageObject","inLanguage":"de","@id":"https:\/\/now-news.de\/de\/deutschland\/russland-26-jaehriger-erschiesst-zwei-kinder-und-erzieherin-in-einem-kindergarten\/#primaryimage","url":"https:\/\/now-news.de\/de\/wp-content\/uploads\/sites\/3\/2022\/04\/Russland-26-Jaehriger-erschiesst-zwei-Kinder-und-Erzieherin-in-einem-Kindergarten.jpg","contentUrl":"https:\/\/now-news.de\/de\/wp-content\/uploads\/sites\/3\/2022\/04\/Russland-26-Jaehriger-erschiesst-zwei-Kinder-und-Erzieherin-in-einem-Kindergarten.jpg","width":1104,"height":622,"caption":"Russland: 26-J\u00e4hriger erschie\u00dft zwei Kinder und Erzieherin in einem Kindergarten"},{"@type":"BreadcrumbList","@id":"https:\/\/now-news.de\/de\/deutschland\/russland-26-jaehriger-erschiesst-zwei-kinder-und-erzieherin-in-einem-kindergarten\/#breadcrumb","itemListElement":[{"@type":"ListItem","position":1,"name":"Home","item":"https:\/\/now-news.de\/de\/"},{"@type":"ListItem","position":2,"name":"Russland: 26-J\u00e4hriger erschie\u00dft zwei Kinder und Erzieherin in einem Kindergarten"}]},{"@type":"WebSite","@id":"https:\/\/now-news.de\/de\/#website","url":"https:\/\/now-news.de\/de\/","name":"just-now.NEWS Deutschland","description":"Das Portal f\u00fcr unzensierte Nachrichten aus der Welt","publisher":{"@id":"https:\/\/now-news.de\/de\/#organization"},"potentialAction":[{"@type":"SearchAction","target":{"@type":"EntryPoint","urlTemplate":"https:\/\/now-news.de\/de\/?s={search_term_string}"},"query-input":"required name=search_term_string"}],"inLanguage":"de"},{"@type":"Organization","@id":"https:\/\/now-news.de\/de\/#organization","name":"Just Now News","url":"https:\/\/now-news.de\/de\/","logo":{"@type":"ImageObject","inLanguage":"de","@id":"https:\/\/now-news.de\/de\/#\/schema\/logo\/image\/","url":"http:\/\/just-now.news\/de\/wp-content\/uploads\/sites\/3\/2022\/04\/logo500x500.jpg","contentUrl":"http:\/\/just-now.news\/de\/wp-content\/uploads\/sites\/3\/2022\/04\/logo500x500.jpg","width":500,"height":500,"caption":"Just Now News"},"image":{"@id":"https:\/\/now-news.de\/de\/#\/schema\/logo\/image\/"},"sameAs":["https:\/\/www.facebook.com\/wirmachenauf","https:\/\/x.com\/WirMachenAuf_de"]},{"@type":"Person","@id":"https:\/\/now-news.de\/de\/#\/schema\/person\/fb534a4e865501d8b3285208df34a9b5","name":"rtnews","image":{"@type":"ImageObject","inLanguage":"de","@id":"https:\/\/now-news.de\/de\/#\/schema\/person\/image\/","url":"https:\/\/secure.gravatar.com\/avatar\/82aafea7d8127119dd649515f56e2117?s=96&d=mm&r=g","contentUrl":"https:\/\/secure.gravatar.com\/avatar\/82aafea7d8127119dd649515f56e2117?s=96&d=mm&r=g","caption":"rtnews"},"url":"https:\/\/now-news.de\/de\/author\/rnews\/"}]}},"_links":{"self":[{"href":"https:\/\/now-news.de\/de\/wp-json\/wp\/v2\/posts\/3751"}],"collection":[{"href":"https:\/\/now-news.de\/de\/wp-json\/wp\/v2\/posts"}],"about":[{"href":"https:\/\/now-news.de\/de\/wp-json\/wp\/v2\/types\/post"}],"author":[{"embeddable":true,"href":"https:\/\/now-news.de\/de\/wp-json\/wp\/v2\/users\/3"}],"replies":[{"embeddable":true,"href":"https:\/\/now-news.de\/de\/wp-json\/wp\/v2\/comments?post=3751"}],"version-history":[{"count":0,"href":"https:\/\/now-news.de\/de\/wp-json\/wp\/v2\/posts\/3751\/revisions"}],"wp:featuredmedia":[{"embeddable":true,"href":"https:\/\/now-news.de\/de\/wp-json\/wp\/v2\/media\/3752"}],"wp:attachment":[{"href":"https:\/\/now-news.de\/de\/wp-json\/wp\/v2\/media?parent=3751"}],"wp:term":[{"taxonomy":"category","embeddable":true,"href":"https:\/\/now-news.de\/de\/wp-json\/wp\/v2\/categories?post=3751"},{"taxonomy":"post_tag","embeddable":true,"href":"https:\/\/now-news.de\/de\/wp-json\/wp\/v2\/tags?post=3751"}],"curies":[{"name":"wp","href":"https:\/\/api.w.org\/{rel}","templated":true}]}}