{"id":37493,"date":"2023-06-05T15:05:49","date_gmt":"2023-06-05T13:05:49","guid":{"rendered":"https:\/\/just-now.news\/de\/deutschland\/protestaktionen-gegen-air-defender-23-deutschland-fuehrt-nato-uebung-fuer-krieg-gegen-russland\/"},"modified":"2023-06-05T15:05:49","modified_gmt":"2023-06-05T13:05:49","slug":"protestaktionen-gegen-air-defender-23-deutschland-fuehrt-nato-uebung-fuer-krieg-gegen-russland","status":"publish","type":"post","link":"https:\/\/now-news.de\/de\/deutschland\/protestaktionen-gegen-air-defender-23-deutschland-fuehrt-nato-uebung-fuer-krieg-gegen-russland\/","title":{"rendered":"Protestaktionen gegen &quot;Air Defender 23&quot; \u2013 Deutschland f\u00fchrt NATO-\u00dcbung f\u00fcr Krieg gegen Russland"},"content":{"rendered":"<p><img decoding=\"async\" src=\"http:\/\/just-now.news\/de\/wp-content\/uploads\/sites\/3\/2023\/06\/647dc7cd48fbef17cf1d6989.JPG\" \/><\/p>\n<div class=\"Text-root Text-type_1 \">\n                Laut einer Analyse der Informationsstelle Militarisierung (IMI) trainiert die NATO beim diesj\u00e4hrigen Luftwaffen-Man\u00f6ver Air Defender 23 &#8220;f\u00fcr einen Krieg der NATO mit Russland in Europa&#8221;. Der Verzicht auf jedwede diplomatische Gepflogenheit bei dieser \u00dcbung sei hochgef\u00e4hrlich, warnte die IMI. Auf einer Sonderseite ver\u00f6ffentlicht sie geplante Protestaktionen gegen das Gro\u00dfman\u00f6ver.\n            <\/div>\n<p><\/p>\n<div class=\"Text-root Text-type_5 ArticleView-text ViewText-root \">\n<p>Auf einer <a rel=\"nofollow noopener\" target=\"_blank\" href=\"https:\/\/www.imi-online.de\/2023\/06\/01\/sonderseite-grossmanoever-air-defender-2023\/\">Sonderseite<\/a> informiert die Informationsstelle Militarisierung (IMI) \u00fcber einige geplante Protestaktionen gegen das NATO-Luftwaffenman\u00f6ver &#8220;Air Defender 23&#8221;, das vom 12. bis zum 23. Juni gr\u00f6\u00dftenteils am Himmel \u00fcber Deutschland stattfinden wird. Nach <a rel=\"nofollow noopener\" target=\"_blank\" href=\"https:\/\/www.bundeswehr.de\/de\/organisation\/luftwaffe\/team-luftwaffe-auf-uebung\/air-defender-23-\">Angaben<\/a> der Bundeswehr handelt sich dabei um die gr\u00f6\u00dfte Luftwaffen-Verlege\u00fcbung seit Bestehen der NATO. Folgende Termine f\u00fcr Protestaktionen wurden bislang auf der Sonderseite bekannt gegeben. Diese Liste soll kontinuierlich erg\u00e4nzt und aktualisiert werden.<\/p>\n<p><strong>PROTESTTERMINE<\/strong>:<\/p>\n<ul>\n<li>10.6. <a rel=\"nofollow noopener\" target=\"_blank\" href=\"https:\/\/www.friedenskooperative.de\/termine\/air-defender-2023-gegen-alle-militaermanoever-weltweit\">Spangdahlem<\/a><\/li>\n<li>10.6. Stuttgart-Vaihingen (Markt, 11:50 Uhr)<\/li>\n<li>10.6. <a rel=\"nofollow noopener\" target=\"_blank\" href=\"https:\/\/www.friedenskooperative.de\/termine\/demo-gegen-nato-manoever-air-defender-23\">Wunstorf<\/a><\/li>\n<li>12.6. Berlin<\/li>\n<li>12.6. K\u00f6nigs Wusterhausen<\/li>\n<li>12.6. Leipzig<\/li>\n<li>14.6. <a rel=\"nofollow noopener\" target=\"_blank\" href=\"https:\/\/www.friedenskooperative.de\/termine\/mahnwache-zum-air-defender-23-manoever\">Jagel<\/a><\/li>\n<li>15.6. Stuttgart (17.00 Uhr, Querspange, K\u00f6nigstra\u00dfe 78 vor Wilhelmsbau)<\/li>\n<li>17.6. <a rel=\"nofollow noopener\" target=\"_blank\" href=\"https:\/\/www.friedenskooperative.de\/termine\/kundgebung-zum-thema-air-defender-2023\">Brandenburg\/Havel<\/a><\/li>\n<li>17.6. <a rel=\"nofollow noopener\" target=\"_blank\" href=\"https:\/\/www.friedenskooperative.de\/termine\/fuer-diplomatie-statt-militaerische-eskalation-mit-defender\">Mainz-Kasel<\/a> (geh\u00f6rt aber zu Wiesbaden)<\/li>\n<li>18.6. Malchin (16 Uhr)<\/li>\n<\/ul>\n<p>Der auf der IMI-Sonderseite installierte Ticker stellt zudem Nachrichten f\u00fcr Friedensaktivisten zusammen. Zuletzt wurde dort berichtet, dass die Deutsche Friedensgesellschaft \u2013 Vereinigte KriegsdienstgegnerInnen (DFG-VK) in einer <a rel=\"nofollow noopener\" target=\"_blank\" href=\"https:\/\/dfg-vk.de\/nato-kriegsuebung-air-defender-friedensgesellschaft-warnt-vor-eskalation\/\">Pressemitteilung<\/a> &#8220;eine Absage der geplanten Gro\u00df\u00fcbung der NATO&#8221; forderten.<\/p>\n<p>Dieser Ticker verbreitete auch ein vielsagendes <a rel=\"nofollow noopener\" target=\"_blank\" href=\"https:\/\/www.spiegel.de\/politik\/luftwaffen-inspekteur-ingo-gerhartz-nennt-nato-uebung-ueber-deutschland-glaubwuerdige-abschreckung-a-5a6f47ae-2450-447b-94f4-c445aa95083b\">Interview<\/a> des deutschen Inspekteurs der Luftwaffe Generalleutnant Ingo Gerhartz. Dabei habe der General der Bundeswehr erkl\u00e4rt, dass die bei Air Defender 23 beteiligten Flugzeuge &#8220;nur vereinzelt&#8221; bis an die Grenze zu Russland fliegen w\u00fcrden. Einer <a rel=\"nofollow noopener\" target=\"_blank\" href=\"https:\/\/www.imi-online.de\/2023\/05\/15\/air-defender-2023\/\">INI-Analyse<\/a> zufolge <a rel=\"nofollow noopener\" target=\"_blank\" href=\"https:\/\/www.youtube.com\/watch?v=vMvziOb4lJc\">br\u00fcstete<\/a> sich Gerhartz geradezu mit der F\u00fchrungsrolle, die die deutsche Bundeswehr bei dieser Milit\u00e4r\u00fcbung einnehmen wird:<\/p>\n<blockquote>\n<p><em>&#8220;Es ist eine \u00dcbung, wo die NATO unterst\u00fctzt. Aber es ist eine deutsch gef\u00fchrte \u00dcbung.&#8221;<\/em><\/p>\n<\/blockquote>\n<p>In der ausf\u00fchrlichen Analyse werden viele Details \u00fcber das kommende Man\u00f6ver dargestellt. Vom 12. bis zum 23. Juni sollen t\u00e4glich zwischen 40 bis 80 Milit\u00e4rmaschinen zu <a rel=\"nofollow noopener\" target=\"_blank\" href=\"https:\/\/www.bundeswehr.de\/resource\/blob\/5606254\/66320e497fa340cfb19f61e73ed0a8c0\/ad23-factsheets-data.pdf\">Luftkriegs\u00fcbungen<\/a> aufsteigen. Daf\u00fcr w\u00fcrden im Luftraum \u00fcber Deutschland jeweils drei \u00dcbungsgebiete f\u00fcr den zivilen Luftverkehr, und zwar t\u00e4glich mindestens f\u00fcr vier Stunden, vollst\u00e4ndig gesperrt. Ziel des Man\u00f6vers sei das \u00dcben eines Krieges gegen Russland, bewertet die INI den Sinn und Zweck dieses NATO-Man\u00f6vers:<\/p>\n<blockquote>\n<p><em>&#8220;Sicherheit f\u00fcr Deutschland bedeutet in dieser Logik ein \u00dcbungsszenario, in dem Luftkriegsoperation nach Artikel 5 des Nordatlantikvertrages, also f\u00fcr einen Krieg der NATO mit Russland in Europa, trainiert werden.&#8221;<\/em><\/p>\n<\/blockquote>\n<p>Mit Bezugnahme auf die <a rel=\"nofollow noopener\" target=\"_blank\" href=\"https:\/\/dserver.bundestag.de\/btd\/20\/062\/2006293.pdf\">Antwort der Bundesregierung<\/a> auf eine Kleine Anfrage der Abgeordneten Ali Al-Dailami, \u017baklin Nasti\u0107, Andrej Hunko und der \u00fcbrigen Bundestagsfraktion der Partei Die Linke schreibt IMI au\u00dferdem dazu:<\/p>\n<p>&#8220;Auch wenn Russland in den offiziellen Dokumenten zu Air Defender 2023 nicht genannt wird und das Man\u00f6ver laut der Bundesregierung auf einem &#8216;rein generischen Szenario&#8217; basiert, machten der deutsche Luftwaffeninspekteur Ingo Gerhartz und der Chef der US Air National Guard Michael A. Loh bereits an anderen Stellen deutlich, gegen wen sich das Man\u00f6ver richtet. Schon 2021 legte Loh seine Motivation f\u00fcr die Teilnahme dar: &#8216;Ich m\u00f6chte, dass [meine Leute] anfangen, mehr \u00fcber unsere drohenden Gefahren \u2013 China und Russland \u2013 nachzudenken und versuchen, sie auf diese Standards zu bringen.&#8217; &#8220;<\/p>\n<p>Schlie\u00dflich solle das <em>Deutsche Zentrum Luftoperationen<\/em> im nordrhein-westf\u00e4lischen Kalkar w\u00e4hrend Air Defender 2023 beweisen, dass es Luftwaffenverb\u00e4nde in einer Gr\u00f6\u00dfenordnung von \u00fcber 200 Milit\u00e4rflugzeugen f\u00fchren k\u00f6nne. Das <em>Deutsche Zentrum Luftoperationen<\/em> strebe bei der \u00dcbung die Zertifizierung als Joint Air Force Component Command der NATO \u2013 also als gemeinsames, vom B\u00fcndnis zertifiziertes Kommando f\u00fcr Gro\u00dfverb\u00e4nde der NATO-Luftstreitkr\u00e4fte an.<\/p>\n<p>Auf die bislang g\u00e4ngige Praxis zwischen der NATO und Russland, sich bei Gro\u00dfman\u00f6vern im Vorfeld offiziell dar\u00fcber zu informieren, dass es sich lediglich um eine \u00dcbung handele, verzichtete diesmal die NATO bei &#8220;Air Defender 23&#8221;. Dementsprechend seien dieses Mal auch nicht \u2013 wie sonst \u00fcblich \u2013 Einladungen an Milit\u00e4rbeobachter aus Russland und Wei\u00dfrussland ausgesprochen worden. In dieser Situation sei der Verzicht auf diplomatische Kommunikation hochgef\u00e4hrlich, warnte die IMI:<\/p>\n<blockquote>\n<p><em>&#8220;Diese Praxis diente der gegenseitigen Versicherung, dass die Milit\u00e4r\u00fcbungen zwar dem gegenseitigen Muskelspiel und der Abschreckung, nicht aber der Vorbereitung eines Angriffs dienten. In der aktuellen Phase der milit\u00e4rischen Konfrontation in der Ukraine auf diese Kommunikationsformen zu verzichten, ist hochgradig gef\u00e4hrlich.&#8221;<\/em>\u00a0<\/p>\n<\/blockquote>\n<p>Dazu passend habe der Luftwaffen-Generalleutnant Gerhartz Anfang April bei einem Pressetermin auf der Joint Base Andrews bei Washington, D.C. seine Antwort auf die Frage nach der Informationspolitik gegen\u00fcber Russland folgenderma\u00dfen <a rel=\"nofollow noopener\" target=\"_blank\" href=\"https:\/\/www.youtube.com\/watch?v=EjgekeKtvIQ\">erl\u00e4utert<\/a>:<\/p>\n<blockquote>\n<p><em>&#8220;Wir werden ihnen [Russland] keinen Brief schreiben. Sie werden die Nachricht schon erhalten\/verstehen, wenn unsere Flugzeuge ausschw\u00e4rmen.&#8221;<\/em><\/p>\n<\/blockquote>\n<p><strong>Mehr zum Thema<\/strong> &#8211; <a rel=\"nofollow noopener\" target=\"_blank\" href=\"https:\/\/pressefreiheit.rtde.live\/kurzclips\/video\/171592-nato-betreibt-gefaehrliches-saebelrasseln-daniele\/\">&#8220;Die NATO betreibt gef\u00e4hrliches S\u00e4belrasseln&#8221; \u2013 Daniele Ganser im Interview<\/a><\/p>\n<\/div>\n<p><br \/>\n<br \/><a href=\"https:\/\/de.rt.com\/inland\/171860-protestaktionen-gegen-air-defender-23\/\">Source link <\/a><\/p>\n","protected":false},"excerpt":{"rendered":"<p>Laut einer Analyse der Informationsstelle Militarisierung (IMI) trainiert die NATO beim diesj\u00e4hrigen Luftwaffen-Man\u00f6ver Air Defender 23 &#8220;f\u00fcr einen Krieg der NATO mit Russland in Europa&#8221;. Der Verzicht auf jedwede diplomatische Gepflogenheit bei dieser \u00dcbung sei hochgef\u00e4hrlich, warnte die IMI. Auf einer Sonderseite ver\u00f6ffentlicht sie geplante Protestaktionen gegen das Gro\u00dfman\u00f6ver. Auf einer Sonderseite informiert die Informationsstelle [&hellip;]<\/p>\n","protected":false},"author":3,"featured_media":37494,"comment_status":"open","ping_status":"open","sticky":false,"template":"","format":"standard","meta":{"_yoast_indexnow_last_ping":["1685970717"],"wp_automatic_camp":["217"],"56d107645ae58042170f25c75e5ce5b6":["Protestaktionen gegen &quot;Air Defender 23&quot; \u2013 Deutschland f\u00fchrt NATO-\u00dcbung f\u00fcr Krieg gegen Russland"],"original_link":["https:\/\/de.rt.com\/inland\/171860-protestaktionen-gegen-air-defender-23\/"],"_thumbnail_id":["37494"],"jnews_social_counter_last_update":["1777587121"]},"categories":[19,23],"tags":[44994,7161,179,3525,221,278,130,20877,35519,42753,126],"yoast_head":"<!-- This site is optimized with the Yoast SEO Premium plugin v22.7 (Yoast SEO v22.7) - https:\/\/yoast.com\/wordpress\/plugins\/seo\/ -->\n<title>Protestaktionen gegen &quot;Air Defender 23&quot; \u2013 Deutschland f\u00fchrt NATO-\u00dcbung f\u00fcr Krieg gegen Russland - just-now.NEWS Deutschland<\/title>\n<meta name=\"robots\" content=\"index, follow, max-snippet:-1, max-image-preview:large, max-video-preview:-1\" \/>\n<link rel=\"canonical\" href=\"https:\/\/now-news.de\/de\/deutschland\/protestaktionen-gegen-air-defender-23-deutschland-fuehrt-nato-uebung-fuer-krieg-gegen-russland\/\" \/>\n<meta property=\"og:locale\" content=\"de_DE\" \/>\n<meta property=\"og:type\" content=\"article\" \/>\n<meta property=\"og:title\" content=\"Protestaktionen gegen &quot;Air Defender 23&quot; \u2013 Deutschland f\u00fchrt NATO-\u00dcbung f\u00fcr Krieg gegen Russland\" \/>\n<meta property=\"og:description\" content=\"Laut einer Analyse der Informationsstelle Militarisierung (IMI) trainiert die NATO beim diesj\u00e4hrigen Luftwaffen-Man\u00f6ver Air Defender 23 &#8220;f\u00fcr einen Krieg der NATO mit Russland in Europa&#8221;. Der Verzicht auf jedwede diplomatische Gepflogenheit bei dieser \u00dcbung sei hochgef\u00e4hrlich, warnte die IMI. Auf einer Sonderseite ver\u00f6ffentlicht sie geplante Protestaktionen gegen das Gro\u00dfman\u00f6ver. Auf einer Sonderseite informiert die Informationsstelle [&hellip;]\" \/>\n<meta property=\"og:url\" content=\"https:\/\/now-news.de\/de\/deutschland\/protestaktionen-gegen-air-defender-23-deutschland-fuehrt-nato-uebung-fuer-krieg-gegen-russland\/\" \/>\n<meta property=\"og:site_name\" content=\"just-now.NEWS Deutschland\" \/>\n<meta property=\"article:publisher\" content=\"https:\/\/www.facebook.com\/wirmachenauf\" \/>\n<meta property=\"article:published_time\" content=\"2023-06-05T13:05:49+00:00\" \/>\n<meta property=\"og:image\" content=\"https:\/\/now-news.de\/de\/wp-content\/uploads\/sites\/3\/2023\/06\/Protestaktionen-gegen-quotAir-Defender-23quot-\u2013-Deutschland-fuehrt-NATO-Uebung-fuer.JPG\" \/>\n\t<meta property=\"og:image:width\" content=\"460\" \/>\n\t<meta property=\"og:image:height\" content=\"259\" \/>\n\t<meta property=\"og:image:type\" content=\"image\/jpeg\" \/>\n<meta name=\"author\" content=\"rtnews\" \/>\n<meta name=\"twitter:card\" content=\"summary_large_image\" \/>\n<meta name=\"twitter:creator\" content=\"@WirMachenAuf_de\" \/>\n<meta name=\"twitter:site\" content=\"@WirMachenAuf_de\" \/>\n<meta name=\"twitter:label1\" content=\"Verfasst von\" \/>\n\t<meta name=\"twitter:data1\" content=\"rtnews\" \/>\n\t<meta name=\"twitter:label2\" content=\"Gesch\u00e4tzte Lesezeit\" \/>\n\t<meta name=\"twitter:data2\" content=\"4\u00a0Minuten\" \/>\n<script type=\"application\/ld+json\" class=\"yoast-schema-graph\">{\"@context\":\"https:\/\/schema.org\",\"@graph\":[{\"@type\":\"Article\",\"@id\":\"https:\/\/now-news.de\/de\/deutschland\/protestaktionen-gegen-air-defender-23-deutschland-fuehrt-nato-uebung-fuer-krieg-gegen-russland\/#article\",\"isPartOf\":{\"@id\":\"https:\/\/now-news.de\/de\/deutschland\/protestaktionen-gegen-air-defender-23-deutschland-fuehrt-nato-uebung-fuer-krieg-gegen-russland\/\"},\"author\":{\"name\":\"rtnews\",\"@id\":\"https:\/\/now-news.de\/de\/#\/schema\/person\/fb534a4e865501d8b3285208df34a9b5\"},\"headline\":\"Protestaktionen gegen &quot;Air Defender 23&quot; \u2013 Deutschland f\u00fchrt NATO-\u00dcbung f\u00fcr Krieg gegen Russland\",\"datePublished\":\"2023-06-05T13:05:49+00:00\",\"dateModified\":\"2023-06-05T13:05:49+00:00\",\"mainEntityOfPage\":{\"@id\":\"https:\/\/now-news.de\/de\/deutschland\/protestaktionen-gegen-air-defender-23-deutschland-fuehrt-nato-uebung-fuer-krieg-gegen-russland\/\"},\"wordCount\":772,\"commentCount\":0,\"publisher\":{\"@id\":\"https:\/\/now-news.de\/de\/#organization\"},\"image\":{\"@id\":\"https:\/\/now-news.de\/de\/deutschland\/protestaktionen-gegen-air-defender-23-deutschland-fuehrt-nato-uebung-fuer-krieg-gegen-russland\/#primaryimage\"},\"thumbnailUrl\":\"https:\/\/now-news.de\/de\/wp-content\/uploads\/sites\/3\/2023\/06\/Protestaktionen-gegen-quotAir-Defender-23quot-\u2013-Deutschland-fuehrt-NATO-Uebung-fuer.JPG\",\"keywords\":[\"23quot\",\"Defender\",\"Deutschland\",\"f\u00fchrt\",\"f\u00fcr\",\"gegen\",\"krieg\",\"NATO\u00dcbung\",\"Protestaktionen\",\"quotAir\",\"russland\"],\"articleSection\":[\"Deutschland\",\"Russland\"],\"inLanguage\":\"de\",\"potentialAction\":[{\"@type\":\"CommentAction\",\"name\":\"Comment\",\"target\":[\"https:\/\/now-news.de\/de\/deutschland\/protestaktionen-gegen-air-defender-23-deutschland-fuehrt-nato-uebung-fuer-krieg-gegen-russland\/#respond\"]}]},{\"@type\":\"WebPage\",\"@id\":\"https:\/\/now-news.de\/de\/deutschland\/protestaktionen-gegen-air-defender-23-deutschland-fuehrt-nato-uebung-fuer-krieg-gegen-russland\/\",\"url\":\"https:\/\/now-news.de\/de\/deutschland\/protestaktionen-gegen-air-defender-23-deutschland-fuehrt-nato-uebung-fuer-krieg-gegen-russland\/\",\"name\":\"Protestaktionen gegen &quot;Air Defender 23&quot; \u2013 Deutschland f\u00fchrt NATO-\u00dcbung f\u00fcr Krieg gegen Russland - just-now.NEWS Deutschland\",\"isPartOf\":{\"@id\":\"https:\/\/now-news.de\/de\/#website\"},\"primaryImageOfPage\":{\"@id\":\"https:\/\/now-news.de\/de\/deutschland\/protestaktionen-gegen-air-defender-23-deutschland-fuehrt-nato-uebung-fuer-krieg-gegen-russland\/#primaryimage\"},\"image\":{\"@id\":\"https:\/\/now-news.de\/de\/deutschland\/protestaktionen-gegen-air-defender-23-deutschland-fuehrt-nato-uebung-fuer-krieg-gegen-russland\/#primaryimage\"},\"thumbnailUrl\":\"https:\/\/now-news.de\/de\/wp-content\/uploads\/sites\/3\/2023\/06\/Protestaktionen-gegen-quotAir-Defender-23quot-\u2013-Deutschland-fuehrt-NATO-Uebung-fuer.JPG\",\"datePublished\":\"2023-06-05T13:05:49+00:00\",\"dateModified\":\"2023-06-05T13:05:49+00:00\",\"breadcrumb\":{\"@id\":\"https:\/\/now-news.de\/de\/deutschland\/protestaktionen-gegen-air-defender-23-deutschland-fuehrt-nato-uebung-fuer-krieg-gegen-russland\/#breadcrumb\"},\"inLanguage\":\"de\",\"potentialAction\":[{\"@type\":\"ReadAction\",\"target\":[\"https:\/\/now-news.de\/de\/deutschland\/protestaktionen-gegen-air-defender-23-deutschland-fuehrt-nato-uebung-fuer-krieg-gegen-russland\/\"]}]},{\"@type\":\"ImageObject\",\"inLanguage\":\"de\",\"@id\":\"https:\/\/now-news.de\/de\/deutschland\/protestaktionen-gegen-air-defender-23-deutschland-fuehrt-nato-uebung-fuer-krieg-gegen-russland\/#primaryimage\",\"url\":\"https:\/\/now-news.de\/de\/wp-content\/uploads\/sites\/3\/2023\/06\/Protestaktionen-gegen-quotAir-Defender-23quot-\u2013-Deutschland-fuehrt-NATO-Uebung-fuer.JPG\",\"contentUrl\":\"https:\/\/now-news.de\/de\/wp-content\/uploads\/sites\/3\/2023\/06\/Protestaktionen-gegen-quotAir-Defender-23quot-\u2013-Deutschland-fuehrt-NATO-Uebung-fuer.JPG\",\"width\":460,\"height\":259,\"caption\":\"Protestaktionen gegen &quot;Air Defender 23&quot; \u2013 Deutschland f\u00fchrt NATO-\u00dcbung f\u00fcr Krieg gegen Russland\"},{\"@type\":\"BreadcrumbList\",\"@id\":\"https:\/\/now-news.de\/de\/deutschland\/protestaktionen-gegen-air-defender-23-deutschland-fuehrt-nato-uebung-fuer-krieg-gegen-russland\/#breadcrumb\",\"itemListElement\":[{\"@type\":\"ListItem\",\"position\":1,\"name\":\"Home\",\"item\":\"https:\/\/now-news.de\/de\/\"},{\"@type\":\"ListItem\",\"position\":2,\"name\":\"Protestaktionen gegen &quot;Air Defender 23&quot; \u2013 Deutschland f\u00fchrt NATO-\u00dcbung f\u00fcr Krieg gegen Russland\"}]},{\"@type\":\"WebSite\",\"@id\":\"https:\/\/now-news.de\/de\/#website\",\"url\":\"https:\/\/now-news.de\/de\/\",\"name\":\"just-now.NEWS Deutschland\",\"description\":\"Das Portal f\u00fcr unzensierte Nachrichten aus der Welt\",\"publisher\":{\"@id\":\"https:\/\/now-news.de\/de\/#organization\"},\"potentialAction\":[{\"@type\":\"SearchAction\",\"target\":{\"@type\":\"EntryPoint\",\"urlTemplate\":\"https:\/\/now-news.de\/de\/?s={search_term_string}\"},\"query-input\":\"required name=search_term_string\"}],\"inLanguage\":\"de\"},{\"@type\":\"Organization\",\"@id\":\"https:\/\/now-news.de\/de\/#organization\",\"name\":\"Just Now News\",\"url\":\"https:\/\/now-news.de\/de\/\",\"logo\":{\"@type\":\"ImageObject\",\"inLanguage\":\"de\",\"@id\":\"https:\/\/now-news.de\/de\/#\/schema\/logo\/image\/\",\"url\":\"http:\/\/just-now.news\/de\/wp-content\/uploads\/sites\/3\/2022\/04\/logo500x500.jpg\",\"contentUrl\":\"http:\/\/just-now.news\/de\/wp-content\/uploads\/sites\/3\/2022\/04\/logo500x500.jpg\",\"width\":500,\"height\":500,\"caption\":\"Just Now News\"},\"image\":{\"@id\":\"https:\/\/now-news.de\/de\/#\/schema\/logo\/image\/\"},\"sameAs\":[\"https:\/\/www.facebook.com\/wirmachenauf\",\"https:\/\/x.com\/WirMachenAuf_de\"]},{\"@type\":\"Person\",\"@id\":\"https:\/\/now-news.de\/de\/#\/schema\/person\/fb534a4e865501d8b3285208df34a9b5\",\"name\":\"rtnews\",\"image\":{\"@type\":\"ImageObject\",\"inLanguage\":\"de\",\"@id\":\"https:\/\/now-news.de\/de\/#\/schema\/person\/image\/\",\"url\":\"https:\/\/secure.gravatar.com\/avatar\/82aafea7d8127119dd649515f56e2117?s=96&d=mm&r=g\",\"contentUrl\":\"https:\/\/secure.gravatar.com\/avatar\/82aafea7d8127119dd649515f56e2117?s=96&d=mm&r=g\",\"caption\":\"rtnews\"},\"url\":\"https:\/\/now-news.de\/de\/author\/rnews\/\"}]}<\/script>\n<!-- \/ Yoast SEO Premium plugin. -->","yoast_head_json":{"title":"Protestaktionen gegen &quot;Air Defender 23&quot; \u2013 Deutschland f\u00fchrt NATO-\u00dcbung f\u00fcr Krieg gegen Russland - just-now.NEWS Deutschland","robots":{"index":"index","follow":"follow","max-snippet":"max-snippet:-1","max-image-preview":"max-image-preview:large","max-video-preview":"max-video-preview:-1"},"canonical":"https:\/\/now-news.de\/de\/deutschland\/protestaktionen-gegen-air-defender-23-deutschland-fuehrt-nato-uebung-fuer-krieg-gegen-russland\/","og_locale":"de_DE","og_type":"article","og_title":"Protestaktionen gegen &quot;Air Defender 23&quot; \u2013 Deutschland f\u00fchrt NATO-\u00dcbung f\u00fcr Krieg gegen Russland","og_description":"Laut einer Analyse der Informationsstelle Militarisierung (IMI) trainiert die NATO beim diesj\u00e4hrigen Luftwaffen-Man\u00f6ver Air Defender 23 &#8220;f\u00fcr einen Krieg der NATO mit Russland in Europa&#8221;. Der Verzicht auf jedwede diplomatische Gepflogenheit bei dieser \u00dcbung sei hochgef\u00e4hrlich, warnte die IMI. Auf einer Sonderseite ver\u00f6ffentlicht sie geplante Protestaktionen gegen das Gro\u00dfman\u00f6ver. Auf einer Sonderseite informiert die Informationsstelle [&hellip;]","og_url":"https:\/\/now-news.de\/de\/deutschland\/protestaktionen-gegen-air-defender-23-deutschland-fuehrt-nato-uebung-fuer-krieg-gegen-russland\/","og_site_name":"just-now.NEWS Deutschland","article_publisher":"https:\/\/www.facebook.com\/wirmachenauf","article_published_time":"2023-06-05T13:05:49+00:00","og_image":[{"width":460,"height":259,"url":"https:\/\/now-news.de\/de\/wp-content\/uploads\/sites\/3\/2023\/06\/Protestaktionen-gegen-quotAir-Defender-23quot-\u2013-Deutschland-fuehrt-NATO-Uebung-fuer.JPG","type":"image\/jpeg"}],"author":"rtnews","twitter_card":"summary_large_image","twitter_creator":"@WirMachenAuf_de","twitter_site":"@WirMachenAuf_de","twitter_misc":{"Verfasst von":"rtnews","Gesch\u00e4tzte Lesezeit":"4\u00a0Minuten"},"schema":{"@context":"https:\/\/schema.org","@graph":[{"@type":"Article","@id":"https:\/\/now-news.de\/de\/deutschland\/protestaktionen-gegen-air-defender-23-deutschland-fuehrt-nato-uebung-fuer-krieg-gegen-russland\/#article","isPartOf":{"@id":"https:\/\/now-news.de\/de\/deutschland\/protestaktionen-gegen-air-defender-23-deutschland-fuehrt-nato-uebung-fuer-krieg-gegen-russland\/"},"author":{"name":"rtnews","@id":"https:\/\/now-news.de\/de\/#\/schema\/person\/fb534a4e865501d8b3285208df34a9b5"},"headline":"Protestaktionen gegen &quot;Air Defender 23&quot; \u2013 Deutschland f\u00fchrt NATO-\u00dcbung f\u00fcr Krieg gegen Russland","datePublished":"2023-06-05T13:05:49+00:00","dateModified":"2023-06-05T13:05:49+00:00","mainEntityOfPage":{"@id":"https:\/\/now-news.de\/de\/deutschland\/protestaktionen-gegen-air-defender-23-deutschland-fuehrt-nato-uebung-fuer-krieg-gegen-russland\/"},"wordCount":772,"commentCount":0,"publisher":{"@id":"https:\/\/now-news.de\/de\/#organization"},"image":{"@id":"https:\/\/now-news.de\/de\/deutschland\/protestaktionen-gegen-air-defender-23-deutschland-fuehrt-nato-uebung-fuer-krieg-gegen-russland\/#primaryimage"},"thumbnailUrl":"https:\/\/now-news.de\/de\/wp-content\/uploads\/sites\/3\/2023\/06\/Protestaktionen-gegen-quotAir-Defender-23quot-\u2013-Deutschland-fuehrt-NATO-Uebung-fuer.JPG","keywords":["23quot","Defender","Deutschland","f\u00fchrt","f\u00fcr","gegen","krieg","NATO\u00dcbung","Protestaktionen","quotAir","russland"],"articleSection":["Deutschland","Russland"],"inLanguage":"de","potentialAction":[{"@type":"CommentAction","name":"Comment","target":["https:\/\/now-news.de\/de\/deutschland\/protestaktionen-gegen-air-defender-23-deutschland-fuehrt-nato-uebung-fuer-krieg-gegen-russland\/#respond"]}]},{"@type":"WebPage","@id":"https:\/\/now-news.de\/de\/deutschland\/protestaktionen-gegen-air-defender-23-deutschland-fuehrt-nato-uebung-fuer-krieg-gegen-russland\/","url":"https:\/\/now-news.de\/de\/deutschland\/protestaktionen-gegen-air-defender-23-deutschland-fuehrt-nato-uebung-fuer-krieg-gegen-russland\/","name":"Protestaktionen gegen &quot;Air Defender 23&quot; \u2013 Deutschland f\u00fchrt NATO-\u00dcbung f\u00fcr Krieg gegen Russland - just-now.NEWS Deutschland","isPartOf":{"@id":"https:\/\/now-news.de\/de\/#website"},"primaryImageOfPage":{"@id":"https:\/\/now-news.de\/de\/deutschland\/protestaktionen-gegen-air-defender-23-deutschland-fuehrt-nato-uebung-fuer-krieg-gegen-russland\/#primaryimage"},"image":{"@id":"https:\/\/now-news.de\/de\/deutschland\/protestaktionen-gegen-air-defender-23-deutschland-fuehrt-nato-uebung-fuer-krieg-gegen-russland\/#primaryimage"},"thumbnailUrl":"https:\/\/now-news.de\/de\/wp-content\/uploads\/sites\/3\/2023\/06\/Protestaktionen-gegen-quotAir-Defender-23quot-\u2013-Deutschland-fuehrt-NATO-Uebung-fuer.JPG","datePublished":"2023-06-05T13:05:49+00:00","dateModified":"2023-06-05T13:05:49+00:00","breadcrumb":{"@id":"https:\/\/now-news.de\/de\/deutschland\/protestaktionen-gegen-air-defender-23-deutschland-fuehrt-nato-uebung-fuer-krieg-gegen-russland\/#breadcrumb"},"inLanguage":"de","potentialAction":[{"@type":"ReadAction","target":["https:\/\/now-news.de\/de\/deutschland\/protestaktionen-gegen-air-defender-23-deutschland-fuehrt-nato-uebung-fuer-krieg-gegen-russland\/"]}]},{"@type":"ImageObject","inLanguage":"de","@id":"https:\/\/now-news.de\/de\/deutschland\/protestaktionen-gegen-air-defender-23-deutschland-fuehrt-nato-uebung-fuer-krieg-gegen-russland\/#primaryimage","url":"https:\/\/now-news.de\/de\/wp-content\/uploads\/sites\/3\/2023\/06\/Protestaktionen-gegen-quotAir-Defender-23quot-\u2013-Deutschland-fuehrt-NATO-Uebung-fuer.JPG","contentUrl":"https:\/\/now-news.de\/de\/wp-content\/uploads\/sites\/3\/2023\/06\/Protestaktionen-gegen-quotAir-Defender-23quot-\u2013-Deutschland-fuehrt-NATO-Uebung-fuer.JPG","width":460,"height":259,"caption":"Protestaktionen gegen &quot;Air Defender 23&quot; \u2013 Deutschland f\u00fchrt NATO-\u00dcbung f\u00fcr Krieg gegen Russland"},{"@type":"BreadcrumbList","@id":"https:\/\/now-news.de\/de\/deutschland\/protestaktionen-gegen-air-defender-23-deutschland-fuehrt-nato-uebung-fuer-krieg-gegen-russland\/#breadcrumb","itemListElement":[{"@type":"ListItem","position":1,"name":"Home","item":"https:\/\/now-news.de\/de\/"},{"@type":"ListItem","position":2,"name":"Protestaktionen gegen &quot;Air Defender 23&quot; \u2013 Deutschland f\u00fchrt NATO-\u00dcbung f\u00fcr Krieg gegen Russland"}]},{"@type":"WebSite","@id":"https:\/\/now-news.de\/de\/#website","url":"https:\/\/now-news.de\/de\/","name":"just-now.NEWS Deutschland","description":"Das Portal f\u00fcr unzensierte Nachrichten aus der Welt","publisher":{"@id":"https:\/\/now-news.de\/de\/#organization"},"potentialAction":[{"@type":"SearchAction","target":{"@type":"EntryPoint","urlTemplate":"https:\/\/now-news.de\/de\/?s={search_term_string}"},"query-input":"required name=search_term_string"}],"inLanguage":"de"},{"@type":"Organization","@id":"https:\/\/now-news.de\/de\/#organization","name":"Just Now News","url":"https:\/\/now-news.de\/de\/","logo":{"@type":"ImageObject","inLanguage":"de","@id":"https:\/\/now-news.de\/de\/#\/schema\/logo\/image\/","url":"http:\/\/just-now.news\/de\/wp-content\/uploads\/sites\/3\/2022\/04\/logo500x500.jpg","contentUrl":"http:\/\/just-now.news\/de\/wp-content\/uploads\/sites\/3\/2022\/04\/logo500x500.jpg","width":500,"height":500,"caption":"Just Now News"},"image":{"@id":"https:\/\/now-news.de\/de\/#\/schema\/logo\/image\/"},"sameAs":["https:\/\/www.facebook.com\/wirmachenauf","https:\/\/x.com\/WirMachenAuf_de"]},{"@type":"Person","@id":"https:\/\/now-news.de\/de\/#\/schema\/person\/fb534a4e865501d8b3285208df34a9b5","name":"rtnews","image":{"@type":"ImageObject","inLanguage":"de","@id":"https:\/\/now-news.de\/de\/#\/schema\/person\/image\/","url":"https:\/\/secure.gravatar.com\/avatar\/82aafea7d8127119dd649515f56e2117?s=96&d=mm&r=g","contentUrl":"https:\/\/secure.gravatar.com\/avatar\/82aafea7d8127119dd649515f56e2117?s=96&d=mm&r=g","caption":"rtnews"},"url":"https:\/\/now-news.de\/de\/author\/rnews\/"}]}},"_links":{"self":[{"href":"https:\/\/now-news.de\/de\/wp-json\/wp\/v2\/posts\/37493"}],"collection":[{"href":"https:\/\/now-news.de\/de\/wp-json\/wp\/v2\/posts"}],"about":[{"href":"https:\/\/now-news.de\/de\/wp-json\/wp\/v2\/types\/post"}],"author":[{"embeddable":true,"href":"https:\/\/now-news.de\/de\/wp-json\/wp\/v2\/users\/3"}],"replies":[{"embeddable":true,"href":"https:\/\/now-news.de\/de\/wp-json\/wp\/v2\/comments?post=37493"}],"version-history":[{"count":0,"href":"https:\/\/now-news.de\/de\/wp-json\/wp\/v2\/posts\/37493\/revisions"}],"wp:featuredmedia":[{"embeddable":true,"href":"https:\/\/now-news.de\/de\/wp-json\/wp\/v2\/media\/37494"}],"wp:attachment":[{"href":"https:\/\/now-news.de\/de\/wp-json\/wp\/v2\/media?parent=37493"}],"wp:term":[{"taxonomy":"category","embeddable":true,"href":"https:\/\/now-news.de\/de\/wp-json\/wp\/v2\/categories?post=37493"},{"taxonomy":"post_tag","embeddable":true,"href":"https:\/\/now-news.de\/de\/wp-json\/wp\/v2\/tags?post=37493"}],"curies":[{"name":"wp","href":"https:\/\/api.w.org\/{rel}","templated":true}]}}