{"id":37439,"date":"2023-06-04T18:01:49","date_gmt":"2023-06-04T16:01:49","guid":{"rendered":"https:\/\/just-now.news\/de\/deutschland\/haltungsjournalismus-zdf-journalistin-erhielt-zusatzhonorar-fuer-habeck-interview\/"},"modified":"2023-06-04T18:01:49","modified_gmt":"2023-06-04T16:01:49","slug":"haltungsjournalismus-zdf-journalistin-erhielt-zusatzhonorar-fuer-habeck-interview","status":"publish","type":"post","link":"https:\/\/now-news.de\/de\/deutschland\/haltungsjournalismus-zdf-journalistin-erhielt-zusatzhonorar-fuer-habeck-interview\/","title":{"rendered":"Haltungsjournalismus: ZDF-Journalistin erhielt Zusatzhonorar f\u00fcr Habeck-Interview"},"content":{"rendered":"<p><img decoding=\"async\" src=\"http:\/\/just-now.news\/de\/wp-content\/uploads\/sites\/3\/2023\/06\/647c9b75b480cc51900adb4f.jpg\" \/><\/p>\n<div class=\"Text-root Text-type_1 \">\n                Wieder einmal zeigt sich, wie eng die GEZ-Medien mit deutschen Spitzenpolitikern verflochten sind. So hat die ZDF Vizechefredakteurin Anne Gellinek f\u00fcr ein Wohlf\u00fchlinterview mit Wirtschaftsminister Robert Habeck 650 Euro Extrasal\u00e4r erhalten \u2013 das ZDF bestritt dies zun\u00e4chst.\n            <\/div>\n<p><\/p>\n<div class=\"Text-root Text-type_5 ArticleView-text ViewText-root \">\n<p>Laut dem Portal <em>Pleiteticker.de<\/em> hat die stellvertretende\u00a0<em>ZDF<\/em>-Chefredakteurin Anne Gellinek f\u00fcr ein \u00e4u\u00dferst wohlwollendes Interview mit Robert Habeck im August 2022 ein Honorar von der Bundesregierung <a rel=\"nofollow noopener\" target=\"_blank\" href=\"https:\/\/pleiteticker.de\/exklusiv-zdf-log-ueber-brisante-regierungszahlung-an-vize-chefredakteurin\/\">erhalten<\/a>. Das zeigt eine neue Antwort der Bundesregierung auf eine <a rel=\"nofollow noopener\" target=\"_blank\" href=\"https:\/\/dserver.bundestag.de\/btd\/20\/062\/2006256.pdf\">Anfrage<\/a> der AfD-Bundestagsfraktion.\u00a0Zun\u00e4chst hatte das\u00a0<em>ZDF<\/em>\u00a0die Zahlung nicht best\u00e4tigt.<\/p>\n<p>Bereits im Fr\u00fchjahr wurde eine Liste mit bekannten Journalisten\u00a0der GEZ-Medien ver\u00f6ffentlicht, die\u00a0wie Judith Rakers oder Eckart von Hirschhausen Zahlungen erhielten. In einer neuen Liste zeigt sich, dass Gellinek am 29. August 2022 eine Veranstaltung mit dem Titel &#8220;Wie gelingt das klimagerechte Europa&#8221; moderierte, in der sie den Bundeswirtschaftsminister Robert Habeck (B\u00fcndnis 90\/ Die Gr\u00fcnen) interviewte.\u00a0Nun stellte sich heraus, dass die stellvertretende\u00a0<em>ZDF<\/em>-Chefredakteurin ein Sal\u00e4r von rund 650 Euro f\u00fcr das einst\u00fcndige Interview erhalten hat. Dabei wird sie durch die Zwangsgeb\u00fchren der GEZ bereits mit einem sechsstelligen Jahresgehalt f\u00fcrstlich entlohnt.<\/p>\n<p>Den Rahmen der Veranstaltung bildete ein Gespr\u00e4ch mit EU-Kommissionspr\u00e4sidentin Ursula von der Leyen (CDU) und dem Bundeswirtschaftsminister Robert Habeck. Kritische Fragen zum Thema &#8220;Gasumlage&#8221; oder wie der B\u00fcrger die finanziellen Belastungen der gr\u00fcnen Klimaagenda bew\u00e4ltigen soll, gab es allerdings nicht. Stattdessen wurde viel gelacht und insbesondere Habeck wurden von seitens der Moderatorin reichlich Sympathiebekundungen entgegengebracht. Ob die Honorarzahlung Konsequenzen haben wird, bleibt abzuwarten.<\/p>\n<p><strong>Mehr zum Thema<\/strong> &#8211; <a rel=\"nofollow noopener\" target=\"_blank\" href=\"https:\/\/freeassange.rtde.live\/inland\/167958-eckard-von-hirschhausen-auch-er-dankbarer-geldempfaenger\/\">Eckart von Hirschhausen: Auch er dankbarer Geldempf\u00e4nger als Regierungsdienstleister<\/a><\/p>\n<\/div>\n<p><br \/>\n<br \/><a href=\"https:\/\/de.rt.com\/inland\/171800-haltungsjournalismus-zdf-vizechefin-erhielt-zusatzhonorar\/\">Source link <\/a><\/p>\n","protected":false},"excerpt":{"rendered":"<p>Wieder einmal zeigt sich, wie eng die GEZ-Medien mit deutschen Spitzenpolitikern verflochten sind. So hat die ZDF Vizechefredakteurin Anne Gellinek f\u00fcr ein Wohlf\u00fchlinterview mit Wirtschaftsminister Robert Habeck 650 Euro Extrasal\u00e4r erhalten \u2013 das ZDF bestritt dies zun\u00e4chst. Laut dem Portal Pleiteticker.de hat die stellvertretende\u00a0ZDF-Chefredakteurin Anne Gellinek f\u00fcr ein \u00e4u\u00dferst wohlwollendes Interview mit Robert Habeck im [&hellip;]<\/p>\n","protected":false},"author":3,"featured_media":37440,"comment_status":"open","ping_status":"open","sticky":false,"template":"","format":"standard","meta":{"_yoast_indexnow_last_ping":["1685894514"],"wp_automatic_camp":["217"],"fbb72f69e3962309d16fbcbd05e5ab94":["Haltungsjournalismus: ZDF-Journalistin erhielt Zusatzhonorar f\u00fcr Habeck-Interview"],"original_link":["https:\/\/de.rt.com\/inland\/171800-haltungsjournalismus-zdf-vizechefin-erhielt-zusatzhonorar\/"],"_thumbnail_id":["37440"],"jnews_social_counter_last_update":["1777421937"]},"categories":[19,23],"tags":[20932,221,45190,45187,45188,45189],"yoast_head":"<!-- This site is optimized with the Yoast SEO Premium plugin v22.7 (Yoast SEO v22.7) - https:\/\/yoast.com\/wordpress\/plugins\/seo\/ -->\n<title>Haltungsjournalismus: ZDF-Journalistin erhielt Zusatzhonorar f\u00fcr Habeck-Interview - just-now.NEWS Deutschland<\/title>\n<meta name=\"robots\" content=\"index, follow, max-snippet:-1, max-image-preview:large, max-video-preview:-1\" \/>\n<link rel=\"canonical\" href=\"https:\/\/now-news.de\/de\/deutschland\/haltungsjournalismus-zdf-journalistin-erhielt-zusatzhonorar-fuer-habeck-interview\/\" \/>\n<meta property=\"og:locale\" content=\"de_DE\" \/>\n<meta property=\"og:type\" content=\"article\" \/>\n<meta property=\"og:title\" content=\"Haltungsjournalismus: ZDF-Journalistin erhielt Zusatzhonorar f\u00fcr Habeck-Interview\" \/>\n<meta property=\"og:description\" content=\"Wieder einmal zeigt sich, wie eng die GEZ-Medien mit deutschen Spitzenpolitikern verflochten sind. So hat die ZDF Vizechefredakteurin Anne Gellinek f\u00fcr ein Wohlf\u00fchlinterview mit Wirtschaftsminister Robert Habeck 650 Euro Extrasal\u00e4r erhalten \u2013 das ZDF bestritt dies zun\u00e4chst. Laut dem Portal Pleiteticker.de hat die stellvertretende\u00a0ZDF-Chefredakteurin Anne Gellinek f\u00fcr ein \u00e4u\u00dferst wohlwollendes Interview mit Robert Habeck im [&hellip;]\" \/>\n<meta property=\"og:url\" content=\"https:\/\/now-news.de\/de\/deutschland\/haltungsjournalismus-zdf-journalistin-erhielt-zusatzhonorar-fuer-habeck-interview\/\" \/>\n<meta property=\"og:site_name\" content=\"just-now.NEWS Deutschland\" \/>\n<meta property=\"article:publisher\" content=\"https:\/\/www.facebook.com\/wirmachenauf\" \/>\n<meta property=\"article:published_time\" content=\"2023-06-04T16:01:49+00:00\" \/>\n<meta property=\"og:image\" content=\"https:\/\/now-news.de\/de\/wp-content\/uploads\/sites\/3\/2023\/06\/Haltungsjournalismus-ZDF-Journalistin-erhielt-Zusatzhonorar-fuer-Habeck-Interview.jpg\" \/>\n\t<meta property=\"og:image:width\" content=\"460\" \/>\n\t<meta property=\"og:image:height\" content=\"259\" \/>\n\t<meta property=\"og:image:type\" content=\"image\/jpeg\" \/>\n<meta name=\"author\" content=\"rtnews\" \/>\n<meta name=\"twitter:card\" content=\"summary_large_image\" \/>\n<meta name=\"twitter:creator\" content=\"@WirMachenAuf_de\" \/>\n<meta name=\"twitter:site\" content=\"@WirMachenAuf_de\" \/>\n<meta name=\"twitter:label1\" content=\"Verfasst von\" \/>\n\t<meta name=\"twitter:data1\" content=\"rtnews\" \/>\n\t<meta name=\"twitter:label2\" content=\"Gesch\u00e4tzte Lesezeit\" \/>\n\t<meta name=\"twitter:data2\" content=\"1\u00a0Minute\" \/>\n<script type=\"application\/ld+json\" class=\"yoast-schema-graph\">{\"@context\":\"https:\/\/schema.org\",\"@graph\":[{\"@type\":\"Article\",\"@id\":\"https:\/\/now-news.de\/de\/deutschland\/haltungsjournalismus-zdf-journalistin-erhielt-zusatzhonorar-fuer-habeck-interview\/#article\",\"isPartOf\":{\"@id\":\"https:\/\/now-news.de\/de\/deutschland\/haltungsjournalismus-zdf-journalistin-erhielt-zusatzhonorar-fuer-habeck-interview\/\"},\"author\":{\"name\":\"rtnews\",\"@id\":\"https:\/\/now-news.de\/de\/#\/schema\/person\/fb534a4e865501d8b3285208df34a9b5\"},\"headline\":\"Haltungsjournalismus: ZDF-Journalistin erhielt Zusatzhonorar f\u00fcr Habeck-Interview\",\"datePublished\":\"2023-06-04T16:01:49+00:00\",\"dateModified\":\"2023-06-04T16:01:49+00:00\",\"mainEntityOfPage\":{\"@id\":\"https:\/\/now-news.de\/de\/deutschland\/haltungsjournalismus-zdf-journalistin-erhielt-zusatzhonorar-fuer-habeck-interview\/\"},\"wordCount\":279,\"commentCount\":0,\"publisher\":{\"@id\":\"https:\/\/now-news.de\/de\/#organization\"},\"image\":{\"@id\":\"https:\/\/now-news.de\/de\/deutschland\/haltungsjournalismus-zdf-journalistin-erhielt-zusatzhonorar-fuer-habeck-interview\/#primaryimage\"},\"thumbnailUrl\":\"https:\/\/now-news.de\/de\/wp-content\/uploads\/sites\/3\/2023\/06\/Haltungsjournalismus-ZDF-Journalistin-erhielt-Zusatzhonorar-fuer-Habeck-Interview.jpg\",\"keywords\":[\"erhielt\",\"f\u00fcr\",\"HabeckInterview\",\"Haltungsjournalismus\",\"ZDFJournalistin\",\"Zusatzhonorar\"],\"articleSection\":[\"Deutschland\",\"Russland\"],\"inLanguage\":\"de\",\"potentialAction\":[{\"@type\":\"CommentAction\",\"name\":\"Comment\",\"target\":[\"https:\/\/now-news.de\/de\/deutschland\/haltungsjournalismus-zdf-journalistin-erhielt-zusatzhonorar-fuer-habeck-interview\/#respond\"]}]},{\"@type\":\"WebPage\",\"@id\":\"https:\/\/now-news.de\/de\/deutschland\/haltungsjournalismus-zdf-journalistin-erhielt-zusatzhonorar-fuer-habeck-interview\/\",\"url\":\"https:\/\/now-news.de\/de\/deutschland\/haltungsjournalismus-zdf-journalistin-erhielt-zusatzhonorar-fuer-habeck-interview\/\",\"name\":\"Haltungsjournalismus: ZDF-Journalistin erhielt Zusatzhonorar f\u00fcr Habeck-Interview - just-now.NEWS Deutschland\",\"isPartOf\":{\"@id\":\"https:\/\/now-news.de\/de\/#website\"},\"primaryImageOfPage\":{\"@id\":\"https:\/\/now-news.de\/de\/deutschland\/haltungsjournalismus-zdf-journalistin-erhielt-zusatzhonorar-fuer-habeck-interview\/#primaryimage\"},\"image\":{\"@id\":\"https:\/\/now-news.de\/de\/deutschland\/haltungsjournalismus-zdf-journalistin-erhielt-zusatzhonorar-fuer-habeck-interview\/#primaryimage\"},\"thumbnailUrl\":\"https:\/\/now-news.de\/de\/wp-content\/uploads\/sites\/3\/2023\/06\/Haltungsjournalismus-ZDF-Journalistin-erhielt-Zusatzhonorar-fuer-Habeck-Interview.jpg\",\"datePublished\":\"2023-06-04T16:01:49+00:00\",\"dateModified\":\"2023-06-04T16:01:49+00:00\",\"breadcrumb\":{\"@id\":\"https:\/\/now-news.de\/de\/deutschland\/haltungsjournalismus-zdf-journalistin-erhielt-zusatzhonorar-fuer-habeck-interview\/#breadcrumb\"},\"inLanguage\":\"de\",\"potentialAction\":[{\"@type\":\"ReadAction\",\"target\":[\"https:\/\/now-news.de\/de\/deutschland\/haltungsjournalismus-zdf-journalistin-erhielt-zusatzhonorar-fuer-habeck-interview\/\"]}]},{\"@type\":\"ImageObject\",\"inLanguage\":\"de\",\"@id\":\"https:\/\/now-news.de\/de\/deutschland\/haltungsjournalismus-zdf-journalistin-erhielt-zusatzhonorar-fuer-habeck-interview\/#primaryimage\",\"url\":\"https:\/\/now-news.de\/de\/wp-content\/uploads\/sites\/3\/2023\/06\/Haltungsjournalismus-ZDF-Journalistin-erhielt-Zusatzhonorar-fuer-Habeck-Interview.jpg\",\"contentUrl\":\"https:\/\/now-news.de\/de\/wp-content\/uploads\/sites\/3\/2023\/06\/Haltungsjournalismus-ZDF-Journalistin-erhielt-Zusatzhonorar-fuer-Habeck-Interview.jpg\",\"width\":460,\"height\":259,\"caption\":\"Haltungsjournalismus: ZDF-Journalistin erhielt Zusatzhonorar f\u00fcr Habeck-Interview\"},{\"@type\":\"BreadcrumbList\",\"@id\":\"https:\/\/now-news.de\/de\/deutschland\/haltungsjournalismus-zdf-journalistin-erhielt-zusatzhonorar-fuer-habeck-interview\/#breadcrumb\",\"itemListElement\":[{\"@type\":\"ListItem\",\"position\":1,\"name\":\"Home\",\"item\":\"https:\/\/now-news.de\/de\/\"},{\"@type\":\"ListItem\",\"position\":2,\"name\":\"Haltungsjournalismus: ZDF-Journalistin erhielt Zusatzhonorar f\u00fcr Habeck-Interview\"}]},{\"@type\":\"WebSite\",\"@id\":\"https:\/\/now-news.de\/de\/#website\",\"url\":\"https:\/\/now-news.de\/de\/\",\"name\":\"just-now.NEWS Deutschland\",\"description\":\"Das Portal f\u00fcr unzensierte Nachrichten aus der Welt\",\"publisher\":{\"@id\":\"https:\/\/now-news.de\/de\/#organization\"},\"potentialAction\":[{\"@type\":\"SearchAction\",\"target\":{\"@type\":\"EntryPoint\",\"urlTemplate\":\"https:\/\/now-news.de\/de\/?s={search_term_string}\"},\"query-input\":\"required name=search_term_string\"}],\"inLanguage\":\"de\"},{\"@type\":\"Organization\",\"@id\":\"https:\/\/now-news.de\/de\/#organization\",\"name\":\"Just Now News\",\"url\":\"https:\/\/now-news.de\/de\/\",\"logo\":{\"@type\":\"ImageObject\",\"inLanguage\":\"de\",\"@id\":\"https:\/\/now-news.de\/de\/#\/schema\/logo\/image\/\",\"url\":\"http:\/\/just-now.news\/de\/wp-content\/uploads\/sites\/3\/2022\/04\/logo500x500.jpg\",\"contentUrl\":\"http:\/\/just-now.news\/de\/wp-content\/uploads\/sites\/3\/2022\/04\/logo500x500.jpg\",\"width\":500,\"height\":500,\"caption\":\"Just Now News\"},\"image\":{\"@id\":\"https:\/\/now-news.de\/de\/#\/schema\/logo\/image\/\"},\"sameAs\":[\"https:\/\/www.facebook.com\/wirmachenauf\",\"https:\/\/x.com\/WirMachenAuf_de\"]},{\"@type\":\"Person\",\"@id\":\"https:\/\/now-news.de\/de\/#\/schema\/person\/fb534a4e865501d8b3285208df34a9b5\",\"name\":\"rtnews\",\"image\":{\"@type\":\"ImageObject\",\"inLanguage\":\"de\",\"@id\":\"https:\/\/now-news.de\/de\/#\/schema\/person\/image\/\",\"url\":\"https:\/\/secure.gravatar.com\/avatar\/82aafea7d8127119dd649515f56e2117?s=96&d=mm&r=g\",\"contentUrl\":\"https:\/\/secure.gravatar.com\/avatar\/82aafea7d8127119dd649515f56e2117?s=96&d=mm&r=g\",\"caption\":\"rtnews\"},\"url\":\"https:\/\/now-news.de\/de\/author\/rnews\/\"}]}<\/script>\n<!-- \/ Yoast SEO Premium plugin. -->","yoast_head_json":{"title":"Haltungsjournalismus: ZDF-Journalistin erhielt Zusatzhonorar f\u00fcr Habeck-Interview - just-now.NEWS Deutschland","robots":{"index":"index","follow":"follow","max-snippet":"max-snippet:-1","max-image-preview":"max-image-preview:large","max-video-preview":"max-video-preview:-1"},"canonical":"https:\/\/now-news.de\/de\/deutschland\/haltungsjournalismus-zdf-journalistin-erhielt-zusatzhonorar-fuer-habeck-interview\/","og_locale":"de_DE","og_type":"article","og_title":"Haltungsjournalismus: ZDF-Journalistin erhielt Zusatzhonorar f\u00fcr Habeck-Interview","og_description":"Wieder einmal zeigt sich, wie eng die GEZ-Medien mit deutschen Spitzenpolitikern verflochten sind. So hat die ZDF Vizechefredakteurin Anne Gellinek f\u00fcr ein Wohlf\u00fchlinterview mit Wirtschaftsminister Robert Habeck 650 Euro Extrasal\u00e4r erhalten \u2013 das ZDF bestritt dies zun\u00e4chst. Laut dem Portal Pleiteticker.de hat die stellvertretende\u00a0ZDF-Chefredakteurin Anne Gellinek f\u00fcr ein \u00e4u\u00dferst wohlwollendes Interview mit Robert Habeck im [&hellip;]","og_url":"https:\/\/now-news.de\/de\/deutschland\/haltungsjournalismus-zdf-journalistin-erhielt-zusatzhonorar-fuer-habeck-interview\/","og_site_name":"just-now.NEWS Deutschland","article_publisher":"https:\/\/www.facebook.com\/wirmachenauf","article_published_time":"2023-06-04T16:01:49+00:00","og_image":[{"width":460,"height":259,"url":"https:\/\/now-news.de\/de\/wp-content\/uploads\/sites\/3\/2023\/06\/Haltungsjournalismus-ZDF-Journalistin-erhielt-Zusatzhonorar-fuer-Habeck-Interview.jpg","type":"image\/jpeg"}],"author":"rtnews","twitter_card":"summary_large_image","twitter_creator":"@WirMachenAuf_de","twitter_site":"@WirMachenAuf_de","twitter_misc":{"Verfasst von":"rtnews","Gesch\u00e4tzte Lesezeit":"1\u00a0Minute"},"schema":{"@context":"https:\/\/schema.org","@graph":[{"@type":"Article","@id":"https:\/\/now-news.de\/de\/deutschland\/haltungsjournalismus-zdf-journalistin-erhielt-zusatzhonorar-fuer-habeck-interview\/#article","isPartOf":{"@id":"https:\/\/now-news.de\/de\/deutschland\/haltungsjournalismus-zdf-journalistin-erhielt-zusatzhonorar-fuer-habeck-interview\/"},"author":{"name":"rtnews","@id":"https:\/\/now-news.de\/de\/#\/schema\/person\/fb534a4e865501d8b3285208df34a9b5"},"headline":"Haltungsjournalismus: ZDF-Journalistin erhielt Zusatzhonorar f\u00fcr Habeck-Interview","datePublished":"2023-06-04T16:01:49+00:00","dateModified":"2023-06-04T16:01:49+00:00","mainEntityOfPage":{"@id":"https:\/\/now-news.de\/de\/deutschland\/haltungsjournalismus-zdf-journalistin-erhielt-zusatzhonorar-fuer-habeck-interview\/"},"wordCount":279,"commentCount":0,"publisher":{"@id":"https:\/\/now-news.de\/de\/#organization"},"image":{"@id":"https:\/\/now-news.de\/de\/deutschland\/haltungsjournalismus-zdf-journalistin-erhielt-zusatzhonorar-fuer-habeck-interview\/#primaryimage"},"thumbnailUrl":"https:\/\/now-news.de\/de\/wp-content\/uploads\/sites\/3\/2023\/06\/Haltungsjournalismus-ZDF-Journalistin-erhielt-Zusatzhonorar-fuer-Habeck-Interview.jpg","keywords":["erhielt","f\u00fcr","HabeckInterview","Haltungsjournalismus","ZDFJournalistin","Zusatzhonorar"],"articleSection":["Deutschland","Russland"],"inLanguage":"de","potentialAction":[{"@type":"CommentAction","name":"Comment","target":["https:\/\/now-news.de\/de\/deutschland\/haltungsjournalismus-zdf-journalistin-erhielt-zusatzhonorar-fuer-habeck-interview\/#respond"]}]},{"@type":"WebPage","@id":"https:\/\/now-news.de\/de\/deutschland\/haltungsjournalismus-zdf-journalistin-erhielt-zusatzhonorar-fuer-habeck-interview\/","url":"https:\/\/now-news.de\/de\/deutschland\/haltungsjournalismus-zdf-journalistin-erhielt-zusatzhonorar-fuer-habeck-interview\/","name":"Haltungsjournalismus: ZDF-Journalistin erhielt Zusatzhonorar f\u00fcr Habeck-Interview - just-now.NEWS Deutschland","isPartOf":{"@id":"https:\/\/now-news.de\/de\/#website"},"primaryImageOfPage":{"@id":"https:\/\/now-news.de\/de\/deutschland\/haltungsjournalismus-zdf-journalistin-erhielt-zusatzhonorar-fuer-habeck-interview\/#primaryimage"},"image":{"@id":"https:\/\/now-news.de\/de\/deutschland\/haltungsjournalismus-zdf-journalistin-erhielt-zusatzhonorar-fuer-habeck-interview\/#primaryimage"},"thumbnailUrl":"https:\/\/now-news.de\/de\/wp-content\/uploads\/sites\/3\/2023\/06\/Haltungsjournalismus-ZDF-Journalistin-erhielt-Zusatzhonorar-fuer-Habeck-Interview.jpg","datePublished":"2023-06-04T16:01:49+00:00","dateModified":"2023-06-04T16:01:49+00:00","breadcrumb":{"@id":"https:\/\/now-news.de\/de\/deutschland\/haltungsjournalismus-zdf-journalistin-erhielt-zusatzhonorar-fuer-habeck-interview\/#breadcrumb"},"inLanguage":"de","potentialAction":[{"@type":"ReadAction","target":["https:\/\/now-news.de\/de\/deutschland\/haltungsjournalismus-zdf-journalistin-erhielt-zusatzhonorar-fuer-habeck-interview\/"]}]},{"@type":"ImageObject","inLanguage":"de","@id":"https:\/\/now-news.de\/de\/deutschland\/haltungsjournalismus-zdf-journalistin-erhielt-zusatzhonorar-fuer-habeck-interview\/#primaryimage","url":"https:\/\/now-news.de\/de\/wp-content\/uploads\/sites\/3\/2023\/06\/Haltungsjournalismus-ZDF-Journalistin-erhielt-Zusatzhonorar-fuer-Habeck-Interview.jpg","contentUrl":"https:\/\/now-news.de\/de\/wp-content\/uploads\/sites\/3\/2023\/06\/Haltungsjournalismus-ZDF-Journalistin-erhielt-Zusatzhonorar-fuer-Habeck-Interview.jpg","width":460,"height":259,"caption":"Haltungsjournalismus: ZDF-Journalistin erhielt Zusatzhonorar f\u00fcr Habeck-Interview"},{"@type":"BreadcrumbList","@id":"https:\/\/now-news.de\/de\/deutschland\/haltungsjournalismus-zdf-journalistin-erhielt-zusatzhonorar-fuer-habeck-interview\/#breadcrumb","itemListElement":[{"@type":"ListItem","position":1,"name":"Home","item":"https:\/\/now-news.de\/de\/"},{"@type":"ListItem","position":2,"name":"Haltungsjournalismus: ZDF-Journalistin erhielt Zusatzhonorar f\u00fcr Habeck-Interview"}]},{"@type":"WebSite","@id":"https:\/\/now-news.de\/de\/#website","url":"https:\/\/now-news.de\/de\/","name":"just-now.NEWS Deutschland","description":"Das Portal f\u00fcr unzensierte Nachrichten aus der Welt","publisher":{"@id":"https:\/\/now-news.de\/de\/#organization"},"potentialAction":[{"@type":"SearchAction","target":{"@type":"EntryPoint","urlTemplate":"https:\/\/now-news.de\/de\/?s={search_term_string}"},"query-input":"required name=search_term_string"}],"inLanguage":"de"},{"@type":"Organization","@id":"https:\/\/now-news.de\/de\/#organization","name":"Just Now News","url":"https:\/\/now-news.de\/de\/","logo":{"@type":"ImageObject","inLanguage":"de","@id":"https:\/\/now-news.de\/de\/#\/schema\/logo\/image\/","url":"http:\/\/just-now.news\/de\/wp-content\/uploads\/sites\/3\/2022\/04\/logo500x500.jpg","contentUrl":"http:\/\/just-now.news\/de\/wp-content\/uploads\/sites\/3\/2022\/04\/logo500x500.jpg","width":500,"height":500,"caption":"Just Now News"},"image":{"@id":"https:\/\/now-news.de\/de\/#\/schema\/logo\/image\/"},"sameAs":["https:\/\/www.facebook.com\/wirmachenauf","https:\/\/x.com\/WirMachenAuf_de"]},{"@type":"Person","@id":"https:\/\/now-news.de\/de\/#\/schema\/person\/fb534a4e865501d8b3285208df34a9b5","name":"rtnews","image":{"@type":"ImageObject","inLanguage":"de","@id":"https:\/\/now-news.de\/de\/#\/schema\/person\/image\/","url":"https:\/\/secure.gravatar.com\/avatar\/82aafea7d8127119dd649515f56e2117?s=96&d=mm&r=g","contentUrl":"https:\/\/secure.gravatar.com\/avatar\/82aafea7d8127119dd649515f56e2117?s=96&d=mm&r=g","caption":"rtnews"},"url":"https:\/\/now-news.de\/de\/author\/rnews\/"}]}},"_links":{"self":[{"href":"https:\/\/now-news.de\/de\/wp-json\/wp\/v2\/posts\/37439"}],"collection":[{"href":"https:\/\/now-news.de\/de\/wp-json\/wp\/v2\/posts"}],"about":[{"href":"https:\/\/now-news.de\/de\/wp-json\/wp\/v2\/types\/post"}],"author":[{"embeddable":true,"href":"https:\/\/now-news.de\/de\/wp-json\/wp\/v2\/users\/3"}],"replies":[{"embeddable":true,"href":"https:\/\/now-news.de\/de\/wp-json\/wp\/v2\/comments?post=37439"}],"version-history":[{"count":0,"href":"https:\/\/now-news.de\/de\/wp-json\/wp\/v2\/posts\/37439\/revisions"}],"wp:featuredmedia":[{"embeddable":true,"href":"https:\/\/now-news.de\/de\/wp-json\/wp\/v2\/media\/37440"}],"wp:attachment":[{"href":"https:\/\/now-news.de\/de\/wp-json\/wp\/v2\/media?parent=37439"}],"wp:term":[{"taxonomy":"category","embeddable":true,"href":"https:\/\/now-news.de\/de\/wp-json\/wp\/v2\/categories?post=37439"},{"taxonomy":"post_tag","embeddable":true,"href":"https:\/\/now-news.de\/de\/wp-json\/wp\/v2\/tags?post=37439"}],"curies":[{"name":"wp","href":"https:\/\/api.w.org\/{rel}","templated":true}]}}