{"id":37417,"date":"2023-06-04T13:48:29","date_gmt":"2023-06-04T11:48:29","guid":{"rendered":"https:\/\/just-now.news\/de\/deutschland\/winter-auf-der-suedhalbinsel-rekordkaelte-in-australien\/"},"modified":"2023-06-04T13:48:29","modified_gmt":"2023-06-04T11:48:29","slug":"winter-auf-der-suedhalbinsel-rekordkaelte-in-australien","status":"publish","type":"post","link":"https:\/\/now-news.de\/de\/deutschland\/winter-auf-der-suedhalbinsel-rekordkaelte-in-australien\/","title":{"rendered":"Winter auf der S\u00fcdhalbinsel: Rekordk\u00e4lte in Australien"},"content":{"rendered":"<p><img decoding=\"async\" src=\"http:\/\/just-now.news\/de\/wp-content\/uploads\/sites\/3\/2023\/06\/647c718148fbef19b53ef18d.jpg\" \/><\/p>\n<div class=\"Text-root Text-type_1 \">\n                Auf der S\u00fcdhalbinsel hat am 1. Juni der kalendarische Winter begonnen. Australien erlebt dabei eine Rekordk\u00e4lte: Der letzte Monat des &#8220;Herbstes&#8221; war so kalt wie noch nie seit Beginn der Aufzeichnungen. Stellt das die Theorie der Erderw\u00e4rmung infrage?\n            <\/div>\n<p><\/p>\n<div class=\"Text-root Text-type_5 ArticleView-text ViewText-root \">\n<p>Die Durchschnittstemperaturen in Australien sind im Mai auf Rekordtiefen gesunken, die gr\u00f6\u00dfte Metropole des f\u00fcnften Kontinents, Sydney, erlebte dabei die k\u00e4ltesten N\u00e4chte seit 66 Jahren.\u00a0Mehr als hundert australische Wetterstationen haben nach Medienberichten die k\u00e4ltesten Mai-Minimaltemperaturen seit Beginn der Aufzeichnungen registriert.\u00a0<\/p>\n<p>Die Tagestiefsttemperaturen lagen im Mai in Zentral- und Ostaustralien fast auf dem Niveau des Mittwinters und fielen um bis zu f\u00fcnf Grad Celsius unter den Durchschnitt, in Einzelf\u00e4llen sogar bis zu zehn Grad Celsius unter den Normalwert.<\/p>\n<p>Rekorde wurden in allen australischen Bundesstaaten gebrochen, von den Tropen bis zum Outback und Osttasmanien. Das galt sowohl f\u00fcr Wetterstationen, die seit weniger als drei\u00dfig Jahren in Betrieb sind, bis zu langj\u00e4hrigen Stationen mit etwa hundert Jahren an Datenhistorie.<\/p>\n<p>Sowohl in Camooweal im Bundesstaat Queensland als auch in Tamworth in New South Wales lagen die durchschnittlichen Tiefsttemperaturen in diesem Mai bei 8,5 Grad Celsius beziehungsweise 2,4 Grad Celsius und damit auf dem niedrigsten Stand der seit dem Jahr 1907 gesammelten Daten.<\/p>\n<p>Der eisige Monat brachte h\u00e4ufigen Frost, der bis ins tropische Queensland und das Northern Territory reichte, sowie mehrere Schneef\u00e4lle in den s\u00fcd\u00f6stlichen Gebirgsz\u00fcgen. Die Niederschlagsmenge lag fast im gesamten Land weit unter dem Durchschnitt vergangener Jahre.<\/p>\n<p>Das \u00fcberraschend k\u00fchle Ende des australischen Herbstes wird in der \u00f6rtlichen Presse mit dem Hinweis darauf als ungew\u00f6hnlich bezeichnet, dass die Rekorde der letzten Jahrzehnte meist am oberen Ende des Thermometers lagen.<\/p>\n<p>In Australien selbst wird dar\u00fcber diskutiert, ob die Rekordk\u00e4lte die Theorien der Klimaerw\u00e4rmung infrage stellt oder im Gegenteil beweist. Anh\u00e4nger der letzteren These argumentieren, dass Australien in diesem Jahr in einer &#8220;K\u00e4lteblase&#8221; gelandet sei. Auch m\u00fcsse man abwarten, wie der australische Winter selbst, der soeben erst begonnen habe, ausfallen werde. Erst dann k\u00f6nne man sagen, ob es sich um eine Verschiebung des meteorologischen Winters handele oder um eine echte Abk\u00fchlung in diesem Teil der Welt.\u00a0<\/p>\n<p><strong>Mehr zum Thema<\/strong> \u2013 <a rel=\"nofollow noopener\" target=\"_blank\" href=\"https:\/\/freeassange.rtde.live\/meinung\/168564-klimaaktivisten-wer-ueber-klima-spricht\/\">Klimaaktivisten \u2013 Wer \u00fcber das Klima spricht, darf \u00fcber den Krieg nicht schweigen<\/a><\/p>\n<\/div>\n<p><br \/>\n<br \/><a href=\"https:\/\/de.rt.com\/international\/171789-winter-auf-suedhalbinsel-rekordkaelte-in-australien\/\">Source link <\/a><\/p>\n","protected":false},"excerpt":{"rendered":"<p>Auf der S\u00fcdhalbinsel hat am 1. Juni der kalendarische Winter begonnen. Australien erlebt dabei eine Rekordk\u00e4lte: Der letzte Monat des &#8220;Herbstes&#8221; war so kalt wie noch nie seit Beginn der Aufzeichnungen. Stellt das die Theorie der Erderw\u00e4rmung infrage? Die Durchschnittstemperaturen in Australien sind im Mai auf Rekordtiefen gesunken, die gr\u00f6\u00dfte Metropole des f\u00fcnften Kontinents, Sydney, [&hellip;]<\/p>\n","protected":false},"author":3,"featured_media":37418,"comment_status":"open","ping_status":"open","sticky":false,"template":"","format":"standard","meta":{"_yoast_indexnow_last_ping":["1685880114"],"wp_automatic_camp":["217"],"c367e6b0299bfb1c5fdb33a9c209e85c":["Winter auf der S\u00fcdhalbinsel: Rekordk\u00e4lte in Australien"],"original_link":["https:\/\/de.rt.com\/international\/171789-winter-auf-suedhalbinsel-rekordkaelte-in-australien\/"],"_thumbnail_id":["37418"],"jnews_social_counter_last_update":["1777622145"]},"categories":[19,23],"tags":[133,3310,82,45179,45178,7753],"yoast_head":"<!-- This site is optimized with the Yoast SEO Premium plugin v22.7 (Yoast SEO v22.7) - https:\/\/yoast.com\/wordpress\/plugins\/seo\/ -->\n<title>Winter auf der S\u00fcdhalbinsel: Rekordk\u00e4lte in Australien - just-now.NEWS Deutschland<\/title>\n<meta name=\"robots\" content=\"index, follow, max-snippet:-1, max-image-preview:large, max-video-preview:-1\" \/>\n<link rel=\"canonical\" href=\"https:\/\/now-news.de\/de\/deutschland\/winter-auf-der-suedhalbinsel-rekordkaelte-in-australien\/\" \/>\n<meta property=\"og:locale\" content=\"de_DE\" \/>\n<meta property=\"og:type\" content=\"article\" \/>\n<meta property=\"og:title\" content=\"Winter auf der S\u00fcdhalbinsel: Rekordk\u00e4lte in Australien\" \/>\n<meta property=\"og:description\" content=\"Auf der S\u00fcdhalbinsel hat am 1. Juni der kalendarische Winter begonnen. Australien erlebt dabei eine Rekordk\u00e4lte: Der letzte Monat des &#8220;Herbstes&#8221; war so kalt wie noch nie seit Beginn der Aufzeichnungen. Stellt das die Theorie der Erderw\u00e4rmung infrage? Die Durchschnittstemperaturen in Australien sind im Mai auf Rekordtiefen gesunken, die gr\u00f6\u00dfte Metropole des f\u00fcnften Kontinents, Sydney, [&hellip;]\" \/>\n<meta property=\"og:url\" content=\"https:\/\/now-news.de\/de\/deutschland\/winter-auf-der-suedhalbinsel-rekordkaelte-in-australien\/\" \/>\n<meta property=\"og:site_name\" content=\"just-now.NEWS Deutschland\" \/>\n<meta property=\"article:publisher\" content=\"https:\/\/www.facebook.com\/wirmachenauf\" \/>\n<meta property=\"article:published_time\" content=\"2023-06-04T11:48:29+00:00\" \/>\n<meta property=\"og:image\" content=\"https:\/\/now-news.de\/de\/wp-content\/uploads\/sites\/3\/2023\/06\/Winter-auf-der-Suedhalbinsel-Rekordkaelte-in-Australien.jpg\" \/>\n\t<meta property=\"og:image:width\" content=\"460\" \/>\n\t<meta property=\"og:image:height\" content=\"259\" \/>\n\t<meta property=\"og:image:type\" content=\"image\/jpeg\" \/>\n<meta name=\"author\" content=\"rtnews\" \/>\n<meta name=\"twitter:card\" content=\"summary_large_image\" \/>\n<meta name=\"twitter:creator\" content=\"@WirMachenAuf_de\" \/>\n<meta name=\"twitter:site\" content=\"@WirMachenAuf_de\" \/>\n<meta name=\"twitter:label1\" content=\"Verfasst von\" \/>\n\t<meta name=\"twitter:data1\" content=\"rtnews\" \/>\n\t<meta name=\"twitter:label2\" content=\"Gesch\u00e4tzte Lesezeit\" \/>\n\t<meta name=\"twitter:data2\" content=\"2\u00a0Minuten\" \/>\n<script type=\"application\/ld+json\" class=\"yoast-schema-graph\">{\"@context\":\"https:\/\/schema.org\",\"@graph\":[{\"@type\":\"Article\",\"@id\":\"https:\/\/now-news.de\/de\/deutschland\/winter-auf-der-suedhalbinsel-rekordkaelte-in-australien\/#article\",\"isPartOf\":{\"@id\":\"https:\/\/now-news.de\/de\/deutschland\/winter-auf-der-suedhalbinsel-rekordkaelte-in-australien\/\"},\"author\":{\"name\":\"rtnews\",\"@id\":\"https:\/\/now-news.de\/de\/#\/schema\/person\/fb534a4e865501d8b3285208df34a9b5\"},\"headline\":\"Winter auf der S\u00fcdhalbinsel: Rekordk\u00e4lte in Australien\",\"datePublished\":\"2023-06-04T11:48:29+00:00\",\"dateModified\":\"2023-06-04T11:48:29+00:00\",\"mainEntityOfPage\":{\"@id\":\"https:\/\/now-news.de\/de\/deutschland\/winter-auf-der-suedhalbinsel-rekordkaelte-in-australien\/\"},\"wordCount\":390,\"commentCount\":0,\"publisher\":{\"@id\":\"https:\/\/now-news.de\/de\/#organization\"},\"image\":{\"@id\":\"https:\/\/now-news.de\/de\/deutschland\/winter-auf-der-suedhalbinsel-rekordkaelte-in-australien\/#primaryimage\"},\"thumbnailUrl\":\"https:\/\/now-news.de\/de\/wp-content\/uploads\/sites\/3\/2023\/06\/Winter-auf-der-Suedhalbinsel-Rekordkaelte-in-Australien.jpg\",\"keywords\":[\"AUF\",\"Australien\",\"der\",\"Rekordk\u00e4lte\",\"S\u00fcdhalbinsel\",\"Winter\"],\"articleSection\":[\"Deutschland\",\"Russland\"],\"inLanguage\":\"de\",\"potentialAction\":[{\"@type\":\"CommentAction\",\"name\":\"Comment\",\"target\":[\"https:\/\/now-news.de\/de\/deutschland\/winter-auf-der-suedhalbinsel-rekordkaelte-in-australien\/#respond\"]}]},{\"@type\":\"WebPage\",\"@id\":\"https:\/\/now-news.de\/de\/deutschland\/winter-auf-der-suedhalbinsel-rekordkaelte-in-australien\/\",\"url\":\"https:\/\/now-news.de\/de\/deutschland\/winter-auf-der-suedhalbinsel-rekordkaelte-in-australien\/\",\"name\":\"Winter auf der S\u00fcdhalbinsel: Rekordk\u00e4lte in Australien - just-now.NEWS Deutschland\",\"isPartOf\":{\"@id\":\"https:\/\/now-news.de\/de\/#website\"},\"primaryImageOfPage\":{\"@id\":\"https:\/\/now-news.de\/de\/deutschland\/winter-auf-der-suedhalbinsel-rekordkaelte-in-australien\/#primaryimage\"},\"image\":{\"@id\":\"https:\/\/now-news.de\/de\/deutschland\/winter-auf-der-suedhalbinsel-rekordkaelte-in-australien\/#primaryimage\"},\"thumbnailUrl\":\"https:\/\/now-news.de\/de\/wp-content\/uploads\/sites\/3\/2023\/06\/Winter-auf-der-Suedhalbinsel-Rekordkaelte-in-Australien.jpg\",\"datePublished\":\"2023-06-04T11:48:29+00:00\",\"dateModified\":\"2023-06-04T11:48:29+00:00\",\"breadcrumb\":{\"@id\":\"https:\/\/now-news.de\/de\/deutschland\/winter-auf-der-suedhalbinsel-rekordkaelte-in-australien\/#breadcrumb\"},\"inLanguage\":\"de\",\"potentialAction\":[{\"@type\":\"ReadAction\",\"target\":[\"https:\/\/now-news.de\/de\/deutschland\/winter-auf-der-suedhalbinsel-rekordkaelte-in-australien\/\"]}]},{\"@type\":\"ImageObject\",\"inLanguage\":\"de\",\"@id\":\"https:\/\/now-news.de\/de\/deutschland\/winter-auf-der-suedhalbinsel-rekordkaelte-in-australien\/#primaryimage\",\"url\":\"https:\/\/now-news.de\/de\/wp-content\/uploads\/sites\/3\/2023\/06\/Winter-auf-der-Suedhalbinsel-Rekordkaelte-in-Australien.jpg\",\"contentUrl\":\"https:\/\/now-news.de\/de\/wp-content\/uploads\/sites\/3\/2023\/06\/Winter-auf-der-Suedhalbinsel-Rekordkaelte-in-Australien.jpg\",\"width\":460,\"height\":259,\"caption\":\"Winter auf der S\u00fcdhalbinsel: Rekordk\u00e4lte in Australien\"},{\"@type\":\"BreadcrumbList\",\"@id\":\"https:\/\/now-news.de\/de\/deutschland\/winter-auf-der-suedhalbinsel-rekordkaelte-in-australien\/#breadcrumb\",\"itemListElement\":[{\"@type\":\"ListItem\",\"position\":1,\"name\":\"Home\",\"item\":\"https:\/\/now-news.de\/de\/\"},{\"@type\":\"ListItem\",\"position\":2,\"name\":\"Winter auf der S\u00fcdhalbinsel: Rekordk\u00e4lte in Australien\"}]},{\"@type\":\"WebSite\",\"@id\":\"https:\/\/now-news.de\/de\/#website\",\"url\":\"https:\/\/now-news.de\/de\/\",\"name\":\"just-now.NEWS Deutschland\",\"description\":\"Das Portal f\u00fcr unzensierte Nachrichten aus der Welt\",\"publisher\":{\"@id\":\"https:\/\/now-news.de\/de\/#organization\"},\"potentialAction\":[{\"@type\":\"SearchAction\",\"target\":{\"@type\":\"EntryPoint\",\"urlTemplate\":\"https:\/\/now-news.de\/de\/?s={search_term_string}\"},\"query-input\":\"required name=search_term_string\"}],\"inLanguage\":\"de\"},{\"@type\":\"Organization\",\"@id\":\"https:\/\/now-news.de\/de\/#organization\",\"name\":\"Just Now News\",\"url\":\"https:\/\/now-news.de\/de\/\",\"logo\":{\"@type\":\"ImageObject\",\"inLanguage\":\"de\",\"@id\":\"https:\/\/now-news.de\/de\/#\/schema\/logo\/image\/\",\"url\":\"http:\/\/just-now.news\/de\/wp-content\/uploads\/sites\/3\/2022\/04\/logo500x500.jpg\",\"contentUrl\":\"http:\/\/just-now.news\/de\/wp-content\/uploads\/sites\/3\/2022\/04\/logo500x500.jpg\",\"width\":500,\"height\":500,\"caption\":\"Just Now News\"},\"image\":{\"@id\":\"https:\/\/now-news.de\/de\/#\/schema\/logo\/image\/\"},\"sameAs\":[\"https:\/\/www.facebook.com\/wirmachenauf\",\"https:\/\/x.com\/WirMachenAuf_de\"]},{\"@type\":\"Person\",\"@id\":\"https:\/\/now-news.de\/de\/#\/schema\/person\/fb534a4e865501d8b3285208df34a9b5\",\"name\":\"rtnews\",\"image\":{\"@type\":\"ImageObject\",\"inLanguage\":\"de\",\"@id\":\"https:\/\/now-news.de\/de\/#\/schema\/person\/image\/\",\"url\":\"https:\/\/secure.gravatar.com\/avatar\/82aafea7d8127119dd649515f56e2117?s=96&d=mm&r=g\",\"contentUrl\":\"https:\/\/secure.gravatar.com\/avatar\/82aafea7d8127119dd649515f56e2117?s=96&d=mm&r=g\",\"caption\":\"rtnews\"},\"url\":\"https:\/\/now-news.de\/de\/author\/rnews\/\"}]}<\/script>\n<!-- \/ Yoast SEO Premium plugin. -->","yoast_head_json":{"title":"Winter auf der S\u00fcdhalbinsel: Rekordk\u00e4lte in Australien - just-now.NEWS Deutschland","robots":{"index":"index","follow":"follow","max-snippet":"max-snippet:-1","max-image-preview":"max-image-preview:large","max-video-preview":"max-video-preview:-1"},"canonical":"https:\/\/now-news.de\/de\/deutschland\/winter-auf-der-suedhalbinsel-rekordkaelte-in-australien\/","og_locale":"de_DE","og_type":"article","og_title":"Winter auf der S\u00fcdhalbinsel: Rekordk\u00e4lte in Australien","og_description":"Auf der S\u00fcdhalbinsel hat am 1. Juni der kalendarische Winter begonnen. Australien erlebt dabei eine Rekordk\u00e4lte: Der letzte Monat des &#8220;Herbstes&#8221; war so kalt wie noch nie seit Beginn der Aufzeichnungen. Stellt das die Theorie der Erderw\u00e4rmung infrage? Die Durchschnittstemperaturen in Australien sind im Mai auf Rekordtiefen gesunken, die gr\u00f6\u00dfte Metropole des f\u00fcnften Kontinents, Sydney, [&hellip;]","og_url":"https:\/\/now-news.de\/de\/deutschland\/winter-auf-der-suedhalbinsel-rekordkaelte-in-australien\/","og_site_name":"just-now.NEWS Deutschland","article_publisher":"https:\/\/www.facebook.com\/wirmachenauf","article_published_time":"2023-06-04T11:48:29+00:00","og_image":[{"width":460,"height":259,"url":"https:\/\/now-news.de\/de\/wp-content\/uploads\/sites\/3\/2023\/06\/Winter-auf-der-Suedhalbinsel-Rekordkaelte-in-Australien.jpg","type":"image\/jpeg"}],"author":"rtnews","twitter_card":"summary_large_image","twitter_creator":"@WirMachenAuf_de","twitter_site":"@WirMachenAuf_de","twitter_misc":{"Verfasst von":"rtnews","Gesch\u00e4tzte Lesezeit":"2\u00a0Minuten"},"schema":{"@context":"https:\/\/schema.org","@graph":[{"@type":"Article","@id":"https:\/\/now-news.de\/de\/deutschland\/winter-auf-der-suedhalbinsel-rekordkaelte-in-australien\/#article","isPartOf":{"@id":"https:\/\/now-news.de\/de\/deutschland\/winter-auf-der-suedhalbinsel-rekordkaelte-in-australien\/"},"author":{"name":"rtnews","@id":"https:\/\/now-news.de\/de\/#\/schema\/person\/fb534a4e865501d8b3285208df34a9b5"},"headline":"Winter auf der S\u00fcdhalbinsel: Rekordk\u00e4lte in Australien","datePublished":"2023-06-04T11:48:29+00:00","dateModified":"2023-06-04T11:48:29+00:00","mainEntityOfPage":{"@id":"https:\/\/now-news.de\/de\/deutschland\/winter-auf-der-suedhalbinsel-rekordkaelte-in-australien\/"},"wordCount":390,"commentCount":0,"publisher":{"@id":"https:\/\/now-news.de\/de\/#organization"},"image":{"@id":"https:\/\/now-news.de\/de\/deutschland\/winter-auf-der-suedhalbinsel-rekordkaelte-in-australien\/#primaryimage"},"thumbnailUrl":"https:\/\/now-news.de\/de\/wp-content\/uploads\/sites\/3\/2023\/06\/Winter-auf-der-Suedhalbinsel-Rekordkaelte-in-Australien.jpg","keywords":["AUF","Australien","der","Rekordk\u00e4lte","S\u00fcdhalbinsel","Winter"],"articleSection":["Deutschland","Russland"],"inLanguage":"de","potentialAction":[{"@type":"CommentAction","name":"Comment","target":["https:\/\/now-news.de\/de\/deutschland\/winter-auf-der-suedhalbinsel-rekordkaelte-in-australien\/#respond"]}]},{"@type":"WebPage","@id":"https:\/\/now-news.de\/de\/deutschland\/winter-auf-der-suedhalbinsel-rekordkaelte-in-australien\/","url":"https:\/\/now-news.de\/de\/deutschland\/winter-auf-der-suedhalbinsel-rekordkaelte-in-australien\/","name":"Winter auf der S\u00fcdhalbinsel: Rekordk\u00e4lte in Australien - just-now.NEWS Deutschland","isPartOf":{"@id":"https:\/\/now-news.de\/de\/#website"},"primaryImageOfPage":{"@id":"https:\/\/now-news.de\/de\/deutschland\/winter-auf-der-suedhalbinsel-rekordkaelte-in-australien\/#primaryimage"},"image":{"@id":"https:\/\/now-news.de\/de\/deutschland\/winter-auf-der-suedhalbinsel-rekordkaelte-in-australien\/#primaryimage"},"thumbnailUrl":"https:\/\/now-news.de\/de\/wp-content\/uploads\/sites\/3\/2023\/06\/Winter-auf-der-Suedhalbinsel-Rekordkaelte-in-Australien.jpg","datePublished":"2023-06-04T11:48:29+00:00","dateModified":"2023-06-04T11:48:29+00:00","breadcrumb":{"@id":"https:\/\/now-news.de\/de\/deutschland\/winter-auf-der-suedhalbinsel-rekordkaelte-in-australien\/#breadcrumb"},"inLanguage":"de","potentialAction":[{"@type":"ReadAction","target":["https:\/\/now-news.de\/de\/deutschland\/winter-auf-der-suedhalbinsel-rekordkaelte-in-australien\/"]}]},{"@type":"ImageObject","inLanguage":"de","@id":"https:\/\/now-news.de\/de\/deutschland\/winter-auf-der-suedhalbinsel-rekordkaelte-in-australien\/#primaryimage","url":"https:\/\/now-news.de\/de\/wp-content\/uploads\/sites\/3\/2023\/06\/Winter-auf-der-Suedhalbinsel-Rekordkaelte-in-Australien.jpg","contentUrl":"https:\/\/now-news.de\/de\/wp-content\/uploads\/sites\/3\/2023\/06\/Winter-auf-der-Suedhalbinsel-Rekordkaelte-in-Australien.jpg","width":460,"height":259,"caption":"Winter auf der S\u00fcdhalbinsel: Rekordk\u00e4lte in Australien"},{"@type":"BreadcrumbList","@id":"https:\/\/now-news.de\/de\/deutschland\/winter-auf-der-suedhalbinsel-rekordkaelte-in-australien\/#breadcrumb","itemListElement":[{"@type":"ListItem","position":1,"name":"Home","item":"https:\/\/now-news.de\/de\/"},{"@type":"ListItem","position":2,"name":"Winter auf der S\u00fcdhalbinsel: Rekordk\u00e4lte in Australien"}]},{"@type":"WebSite","@id":"https:\/\/now-news.de\/de\/#website","url":"https:\/\/now-news.de\/de\/","name":"just-now.NEWS Deutschland","description":"Das Portal f\u00fcr unzensierte Nachrichten aus der Welt","publisher":{"@id":"https:\/\/now-news.de\/de\/#organization"},"potentialAction":[{"@type":"SearchAction","target":{"@type":"EntryPoint","urlTemplate":"https:\/\/now-news.de\/de\/?s={search_term_string}"},"query-input":"required name=search_term_string"}],"inLanguage":"de"},{"@type":"Organization","@id":"https:\/\/now-news.de\/de\/#organization","name":"Just Now News","url":"https:\/\/now-news.de\/de\/","logo":{"@type":"ImageObject","inLanguage":"de","@id":"https:\/\/now-news.de\/de\/#\/schema\/logo\/image\/","url":"http:\/\/just-now.news\/de\/wp-content\/uploads\/sites\/3\/2022\/04\/logo500x500.jpg","contentUrl":"http:\/\/just-now.news\/de\/wp-content\/uploads\/sites\/3\/2022\/04\/logo500x500.jpg","width":500,"height":500,"caption":"Just Now News"},"image":{"@id":"https:\/\/now-news.de\/de\/#\/schema\/logo\/image\/"},"sameAs":["https:\/\/www.facebook.com\/wirmachenauf","https:\/\/x.com\/WirMachenAuf_de"]},{"@type":"Person","@id":"https:\/\/now-news.de\/de\/#\/schema\/person\/fb534a4e865501d8b3285208df34a9b5","name":"rtnews","image":{"@type":"ImageObject","inLanguage":"de","@id":"https:\/\/now-news.de\/de\/#\/schema\/person\/image\/","url":"https:\/\/secure.gravatar.com\/avatar\/82aafea7d8127119dd649515f56e2117?s=96&d=mm&r=g","contentUrl":"https:\/\/secure.gravatar.com\/avatar\/82aafea7d8127119dd649515f56e2117?s=96&d=mm&r=g","caption":"rtnews"},"url":"https:\/\/now-news.de\/de\/author\/rnews\/"}]}},"_links":{"self":[{"href":"https:\/\/now-news.de\/de\/wp-json\/wp\/v2\/posts\/37417"}],"collection":[{"href":"https:\/\/now-news.de\/de\/wp-json\/wp\/v2\/posts"}],"about":[{"href":"https:\/\/now-news.de\/de\/wp-json\/wp\/v2\/types\/post"}],"author":[{"embeddable":true,"href":"https:\/\/now-news.de\/de\/wp-json\/wp\/v2\/users\/3"}],"replies":[{"embeddable":true,"href":"https:\/\/now-news.de\/de\/wp-json\/wp\/v2\/comments?post=37417"}],"version-history":[{"count":0,"href":"https:\/\/now-news.de\/de\/wp-json\/wp\/v2\/posts\/37417\/revisions"}],"wp:featuredmedia":[{"embeddable":true,"href":"https:\/\/now-news.de\/de\/wp-json\/wp\/v2\/media\/37418"}],"wp:attachment":[{"href":"https:\/\/now-news.de\/de\/wp-json\/wp\/v2\/media?parent=37417"}],"wp:term":[{"taxonomy":"category","embeddable":true,"href":"https:\/\/now-news.de\/de\/wp-json\/wp\/v2\/categories?post=37417"},{"taxonomy":"post_tag","embeddable":true,"href":"https:\/\/now-news.de\/de\/wp-json\/wp\/v2\/tags?post=37417"}],"curies":[{"name":"wp","href":"https:\/\/api.w.org\/{rel}","templated":true}]}}