{"id":374,"date":"2022-04-16T14:14:30","date_gmt":"2022-04-16T15:14:30","guid":{"rendered":"http:\/\/just-now.news\/de\/deutschland\/seltsame-lehren-aus-der-geschichte-torgau-streicht-gedenkfeier-zum-elbe-day-am-25-april\/"},"modified":"2022-04-16T14:14:30","modified_gmt":"2022-04-16T15:14:30","slug":"seltsame-lehren-aus-der-geschichte-torgau-streicht-gedenkfeier-zum-elbe-day-am-25-april","status":"publish","type":"post","link":"https:\/\/now-news.de\/de\/deutschland\/seltsame-lehren-aus-der-geschichte-torgau-streicht-gedenkfeier-zum-elbe-day-am-25-april\/","title":{"rendered":"Seltsame Lehren aus der Geschichte: Torgau streicht Gedenkfeier zum &quot;Elbe Day&quot; am 25. April"},"content":{"rendered":"<p>Die s\u00e4chsische Stadt Torgau hat in diesem Jahr die Gedenkfeier zum sogenannten &#8220;Elbe Day&#8221; abgesagt, die an das Zusammentreffen sowjetischer und US-amerikanischer Truppen am 25. April 1945 erinnert. Damals hatten sich sowjetische und US-Soldaten auf den Tr\u00fcmmern der Torgauer Elbbr\u00fccke die H\u00e4nde gereicht.<\/p>\n<figure class=\"RTImage-root\">\n<div class=\"RTImage-image RTImage-original\"><!--[if IE 9]&gt;<video>&lt;![endif]--><!--[if IE 9]&gt;<\/video>&lt;![endif]--><!-- noscript pattern --><img decoding=\"async\" src=\"https:\/\/cdni.russiatoday.com\/deutsch\/images\/2022.04\/original\/625abcea48fbef462631404a.jpg\" alt=\"\"><\/div><figcaption class=\"RTImage-footer\"><span class=\"RTImage-caption\"><span class=\"RTImage-captionItem\">Denkmal &#8220;Der Geist der Elbe&#8221; zum Gedenken an das erste Zusammentreffen von sowjetischen und US-amerikanischen Truppen am 25. April 1945 kurz vor Ende des Zweiten Weltkriegs, hinter Schloss Hartenfels an der Elbe, Torgau, Sachsen, Deutschland, Europa. Hier zum 75. Jahrestag am 25.4.2020.<\/span><\/span><span class=\"RTImage-source\"><span class=\"RTImage-captionItem\">Andreas Vitting<\/span><span class=\"RTImage-captionItem\"> \/ www.globallookpress.com<\/span><\/span><\/figcaption><\/figure>\n<p>Die aktuelle Lage in der Ukraine sei f\u00fcr eine derartige Zusammenkunft nicht passend, meinte Oberb\u00fcrgermeisterin Romina Barth (CDU) <a target=\"_blank\" href=\"https:\/\/www.mdr.de\/nachrichten\/sachsen\/leipzig\/delitzsch-eilenburg-torgau\/feier-elbe-day-absage-fuenfundzwanzigster-april-100.html\" rel=\"noopener\">gegen\u00fcber<\/a> dem <em>MDR<\/em>. Wer m\u00f6chte, k\u00f6nne jedoch an dem Tag Kr\u00e4nze oder Blumen am Denkmal der Begegnung niederlegen.<\/p>\n<p>Zudem l\u00e4dt der Bischofskonvent am 25. April zu einem gemeinsamen Friedensgebet am Br\u00fcckenpfeiler der ehemaligen Elbebr\u00fccke ein. Der sogenannte &#8220;Elbe Day&#8221;, das Musikfestival am Elbufer, werde aber wie geplant am 30. April stattfinden, sagte die B\u00fcrgermeisterin weiter. Neben musikalischer Untermalung werden sich zahlreiche Vereine der ehemaligen s\u00e4chsischen Residenzstadt vorstellen. Bei Anbruch der Dunkelheit ist weiterhin eine Friedens-Lichterfahrt auf der Elbe geplant.<\/p>\n<p><strong>Mehr zum Thema<\/strong> &#8211;\u00a0<a target=\"_blank\" href=\"https:\/\/de.rt.com\/meinung\/136173-buchenwald-und-vertauschten-fahnen\/\" rel=\"noopener\">Buchenwald und die vertauschten Fahnen \u2013 Geht es noch zynischer?<\/a><\/p>\n<p><br \/>\n<br \/><a href=\"https:\/\/de.rt.com\/inland\/136347-seltsame-lehren-aus-der-geschichte-torgau-streicht-gedenkfeier-zum-elbe-day\/\">Source link <\/a><\/p>\n","protected":false},"excerpt":{"rendered":"<p>Die s\u00e4chsische Stadt Torgau hat in diesem Jahr die Gedenkfeier zum sogenannten &#8220;Elbe Day&#8221; abgesagt, die an das Zusammentreffen sowjetischer und US-amerikanischer Truppen am 25. April 1945 erinnert. Damals hatten sich sowjetische und US-Soldaten auf den Tr\u00fcmmern der Torgauer Elbbr\u00fccke die H\u00e4nde gereicht. Denkmal &#8220;Der Geist der Elbe&#8221; zum Gedenken an das erste Zusammentreffen von [&hellip;]<\/p>\n","protected":false},"author":3,"featured_media":375,"comment_status":"open","ping_status":"open","sticky":false,"template":"","format":"standard","meta":{"_wptg_p2tg_sent2tg":["2022-04-17 22:31:37"],"wp_automatic_camp":["217"],"65f293f6ec47a033eb24cfa61402dcf5":["Seltsame Lehren aus der Geschichte: Torgau streicht Gedenkfeier zum &quot;Elbe Day&quot; am 25. April"],"original_link":["https:\/\/de.rt.com\/inland\/136347-seltsame-lehren-aus-der-geschichte-torgau-streicht-gedenkfeier-zum-elbe-day\/"],"jnews_social_counter_last_update":["1777702905"],"_thumbnail_id":["375"],"wp_automatic_remove_first_image":["yes"]},"categories":[19,23],"tags":[857,679,856,82,854,851,850,855,849,853,852,565],"yoast_head":"<!-- This site is optimized with the Yoast SEO Premium plugin v22.7 (Yoast SEO v22.7) - https:\/\/yoast.com\/wordpress\/plugins\/seo\/ -->\n<title>Seltsame Lehren aus der Geschichte: Torgau streicht Gedenkfeier zum &quot;Elbe Day&quot; am 25. April - just-now.NEWS Deutschland<\/title>\n<meta name=\"robots\" content=\"index, follow, max-snippet:-1, max-image-preview:large, max-video-preview:-1\" \/>\n<link rel=\"canonical\" href=\"https:\/\/now-news.de\/de\/deutschland\/seltsame-lehren-aus-der-geschichte-torgau-streicht-gedenkfeier-zum-elbe-day-am-25-april\/\" \/>\n<meta property=\"og:locale\" content=\"de_DE\" \/>\n<meta property=\"og:type\" content=\"article\" \/>\n<meta property=\"og:title\" content=\"Seltsame Lehren aus der Geschichte: Torgau streicht Gedenkfeier zum &quot;Elbe Day&quot; am 25. April\" \/>\n<meta property=\"og:description\" content=\"Die s\u00e4chsische Stadt Torgau hat in diesem Jahr die Gedenkfeier zum sogenannten &#8220;Elbe Day&#8221; abgesagt, die an das Zusammentreffen sowjetischer und US-amerikanischer Truppen am 25. April 1945 erinnert. Damals hatten sich sowjetische und US-Soldaten auf den Tr\u00fcmmern der Torgauer Elbbr\u00fccke die H\u00e4nde gereicht. Denkmal &#8220;Der Geist der Elbe&#8221; zum Gedenken an das erste Zusammentreffen von [&hellip;]\" \/>\n<meta property=\"og:url\" content=\"https:\/\/now-news.de\/de\/deutschland\/seltsame-lehren-aus-der-geschichte-torgau-streicht-gedenkfeier-zum-elbe-day-am-25-april\/\" \/>\n<meta property=\"og:site_name\" content=\"just-now.NEWS Deutschland\" \/>\n<meta property=\"article:publisher\" content=\"https:\/\/www.facebook.com\/wirmachenauf\" \/>\n<meta property=\"article:published_time\" content=\"2022-04-16T15:14:30+00:00\" \/>\n<meta property=\"og:image\" content=\"https:\/\/now-news.de\/de\/wp-content\/uploads\/sites\/3\/2022\/04\/Seltsame-Lehren-aus-der-Geschichte-Torgau-streicht-Gedenkfeier-zum-quotElbe.jpg\" \/>\n\t<meta property=\"og:image:width\" content=\"1618\" \/>\n\t<meta property=\"og:image:height\" content=\"1080\" \/>\n\t<meta property=\"og:image:type\" content=\"image\/jpeg\" \/>\n<meta name=\"author\" content=\"rtnews\" \/>\n<meta name=\"twitter:card\" content=\"summary_large_image\" \/>\n<meta name=\"twitter:creator\" content=\"@WirMachenAuf_de\" \/>\n<meta name=\"twitter:site\" content=\"@WirMachenAuf_de\" \/>\n<meta name=\"twitter:label1\" content=\"Verfasst von\" \/>\n\t<meta name=\"twitter:data1\" content=\"rtnews\" \/>\n\t<meta name=\"twitter:label2\" content=\"Gesch\u00e4tzte Lesezeit\" \/>\n\t<meta name=\"twitter:data2\" content=\"1\u00a0Minute\" \/>\n<script type=\"application\/ld+json\" class=\"yoast-schema-graph\">{\"@context\":\"https:\/\/schema.org\",\"@graph\":[{\"@type\":\"Article\",\"@id\":\"https:\/\/now-news.de\/de\/deutschland\/seltsame-lehren-aus-der-geschichte-torgau-streicht-gedenkfeier-zum-elbe-day-am-25-april\/#article\",\"isPartOf\":{\"@id\":\"https:\/\/now-news.de\/de\/deutschland\/seltsame-lehren-aus-der-geschichte-torgau-streicht-gedenkfeier-zum-elbe-day-am-25-april\/\"},\"author\":{\"name\":\"rtnews\",\"@id\":\"https:\/\/now-news.de\/de\/#\/schema\/person\/fb534a4e865501d8b3285208df34a9b5\"},\"headline\":\"Seltsame Lehren aus der Geschichte: Torgau streicht Gedenkfeier zum &quot;Elbe Day&quot; am 25. April\",\"datePublished\":\"2022-04-16T15:14:30+00:00\",\"dateModified\":\"2022-04-16T15:14:30+00:00\",\"mainEntityOfPage\":{\"@id\":\"https:\/\/now-news.de\/de\/deutschland\/seltsame-lehren-aus-der-geschichte-torgau-streicht-gedenkfeier-zum-elbe-day-am-25-april\/\"},\"wordCount\":225,\"commentCount\":0,\"publisher\":{\"@id\":\"https:\/\/now-news.de\/de\/#organization\"},\"image\":{\"@id\":\"https:\/\/now-news.de\/de\/deutschland\/seltsame-lehren-aus-der-geschichte-torgau-streicht-gedenkfeier-zum-elbe-day-am-25-april\/#primaryimage\"},\"thumbnailUrl\":\"https:\/\/now-news.de\/de\/wp-content\/uploads\/sites\/3\/2022\/04\/Seltsame-Lehren-aus-der-Geschichte-Torgau-streicht-Gedenkfeier-zum-quotElbe.jpg\",\"keywords\":[\"April\",\"aus\",\"Dayquot\",\"der\",\"Gedenkfeier\",\"Geschichte\",\"Lehren\",\"quotElbe\",\"Seltsame\",\"streicht\",\"Torgau\",\"zum\"],\"articleSection\":[\"Deutschland\",\"Russland\"],\"inLanguage\":\"de\",\"potentialAction\":[{\"@type\":\"CommentAction\",\"name\":\"Comment\",\"target\":[\"https:\/\/now-news.de\/de\/deutschland\/seltsame-lehren-aus-der-geschichte-torgau-streicht-gedenkfeier-zum-elbe-day-am-25-april\/#respond\"]}]},{\"@type\":\"WebPage\",\"@id\":\"https:\/\/now-news.de\/de\/deutschland\/seltsame-lehren-aus-der-geschichte-torgau-streicht-gedenkfeier-zum-elbe-day-am-25-april\/\",\"url\":\"https:\/\/now-news.de\/de\/deutschland\/seltsame-lehren-aus-der-geschichte-torgau-streicht-gedenkfeier-zum-elbe-day-am-25-april\/\",\"name\":\"Seltsame Lehren aus der Geschichte: Torgau streicht Gedenkfeier zum &quot;Elbe Day&quot; am 25. April - just-now.NEWS Deutschland\",\"isPartOf\":{\"@id\":\"https:\/\/now-news.de\/de\/#website\"},\"primaryImageOfPage\":{\"@id\":\"https:\/\/now-news.de\/de\/deutschland\/seltsame-lehren-aus-der-geschichte-torgau-streicht-gedenkfeier-zum-elbe-day-am-25-april\/#primaryimage\"},\"image\":{\"@id\":\"https:\/\/now-news.de\/de\/deutschland\/seltsame-lehren-aus-der-geschichte-torgau-streicht-gedenkfeier-zum-elbe-day-am-25-april\/#primaryimage\"},\"thumbnailUrl\":\"https:\/\/now-news.de\/de\/wp-content\/uploads\/sites\/3\/2022\/04\/Seltsame-Lehren-aus-der-Geschichte-Torgau-streicht-Gedenkfeier-zum-quotElbe.jpg\",\"datePublished\":\"2022-04-16T15:14:30+00:00\",\"dateModified\":\"2022-04-16T15:14:30+00:00\",\"breadcrumb\":{\"@id\":\"https:\/\/now-news.de\/de\/deutschland\/seltsame-lehren-aus-der-geschichte-torgau-streicht-gedenkfeier-zum-elbe-day-am-25-april\/#breadcrumb\"},\"inLanguage\":\"de\",\"potentialAction\":[{\"@type\":\"ReadAction\",\"target\":[\"https:\/\/now-news.de\/de\/deutschland\/seltsame-lehren-aus-der-geschichte-torgau-streicht-gedenkfeier-zum-elbe-day-am-25-april\/\"]}]},{\"@type\":\"ImageObject\",\"inLanguage\":\"de\",\"@id\":\"https:\/\/now-news.de\/de\/deutschland\/seltsame-lehren-aus-der-geschichte-torgau-streicht-gedenkfeier-zum-elbe-day-am-25-april\/#primaryimage\",\"url\":\"https:\/\/now-news.de\/de\/wp-content\/uploads\/sites\/3\/2022\/04\/Seltsame-Lehren-aus-der-Geschichte-Torgau-streicht-Gedenkfeier-zum-quotElbe.jpg\",\"contentUrl\":\"https:\/\/now-news.de\/de\/wp-content\/uploads\/sites\/3\/2022\/04\/Seltsame-Lehren-aus-der-Geschichte-Torgau-streicht-Gedenkfeier-zum-quotElbe.jpg\",\"width\":1618,\"height\":1080},{\"@type\":\"BreadcrumbList\",\"@id\":\"https:\/\/now-news.de\/de\/deutschland\/seltsame-lehren-aus-der-geschichte-torgau-streicht-gedenkfeier-zum-elbe-day-am-25-april\/#breadcrumb\",\"itemListElement\":[{\"@type\":\"ListItem\",\"position\":1,\"name\":\"Home\",\"item\":\"https:\/\/now-news.de\/de\/\"},{\"@type\":\"ListItem\",\"position\":2,\"name\":\"Seltsame Lehren aus der Geschichte: Torgau streicht Gedenkfeier zum &quot;Elbe Day&quot; am 25. April\"}]},{\"@type\":\"WebSite\",\"@id\":\"https:\/\/now-news.de\/de\/#website\",\"url\":\"https:\/\/now-news.de\/de\/\",\"name\":\"just-now.NEWS Deutschland\",\"description\":\"Das Portal f\u00fcr unzensierte Nachrichten aus der Welt\",\"publisher\":{\"@id\":\"https:\/\/now-news.de\/de\/#organization\"},\"potentialAction\":[{\"@type\":\"SearchAction\",\"target\":{\"@type\":\"EntryPoint\",\"urlTemplate\":\"https:\/\/now-news.de\/de\/?s={search_term_string}\"},\"query-input\":\"required name=search_term_string\"}],\"inLanguage\":\"de\"},{\"@type\":\"Organization\",\"@id\":\"https:\/\/now-news.de\/de\/#organization\",\"name\":\"Just Now News\",\"url\":\"https:\/\/now-news.de\/de\/\",\"logo\":{\"@type\":\"ImageObject\",\"inLanguage\":\"de\",\"@id\":\"https:\/\/now-news.de\/de\/#\/schema\/logo\/image\/\",\"url\":\"http:\/\/just-now.news\/de\/wp-content\/uploads\/sites\/3\/2022\/04\/logo500x500.jpg\",\"contentUrl\":\"http:\/\/just-now.news\/de\/wp-content\/uploads\/sites\/3\/2022\/04\/logo500x500.jpg\",\"width\":500,\"height\":500,\"caption\":\"Just Now News\"},\"image\":{\"@id\":\"https:\/\/now-news.de\/de\/#\/schema\/logo\/image\/\"},\"sameAs\":[\"https:\/\/www.facebook.com\/wirmachenauf\",\"https:\/\/x.com\/WirMachenAuf_de\"]},{\"@type\":\"Person\",\"@id\":\"https:\/\/now-news.de\/de\/#\/schema\/person\/fb534a4e865501d8b3285208df34a9b5\",\"name\":\"rtnews\",\"image\":{\"@type\":\"ImageObject\",\"inLanguage\":\"de\",\"@id\":\"https:\/\/now-news.de\/de\/#\/schema\/person\/image\/\",\"url\":\"https:\/\/secure.gravatar.com\/avatar\/82aafea7d8127119dd649515f56e2117?s=96&d=mm&r=g\",\"contentUrl\":\"https:\/\/secure.gravatar.com\/avatar\/82aafea7d8127119dd649515f56e2117?s=96&d=mm&r=g\",\"caption\":\"rtnews\"},\"url\":\"https:\/\/now-news.de\/de\/author\/rnews\/\"}]}<\/script>\n<!-- \/ Yoast SEO Premium plugin. -->","yoast_head_json":{"title":"Seltsame Lehren aus der Geschichte: Torgau streicht Gedenkfeier zum &quot;Elbe Day&quot; am 25. April - just-now.NEWS Deutschland","robots":{"index":"index","follow":"follow","max-snippet":"max-snippet:-1","max-image-preview":"max-image-preview:large","max-video-preview":"max-video-preview:-1"},"canonical":"https:\/\/now-news.de\/de\/deutschland\/seltsame-lehren-aus-der-geschichte-torgau-streicht-gedenkfeier-zum-elbe-day-am-25-april\/","og_locale":"de_DE","og_type":"article","og_title":"Seltsame Lehren aus der Geschichte: Torgau streicht Gedenkfeier zum &quot;Elbe Day&quot; am 25. April","og_description":"Die s\u00e4chsische Stadt Torgau hat in diesem Jahr die Gedenkfeier zum sogenannten &#8220;Elbe Day&#8221; abgesagt, die an das Zusammentreffen sowjetischer und US-amerikanischer Truppen am 25. April 1945 erinnert. Damals hatten sich sowjetische und US-Soldaten auf den Tr\u00fcmmern der Torgauer Elbbr\u00fccke die H\u00e4nde gereicht. Denkmal &#8220;Der Geist der Elbe&#8221; zum Gedenken an das erste Zusammentreffen von [&hellip;]","og_url":"https:\/\/now-news.de\/de\/deutschland\/seltsame-lehren-aus-der-geschichte-torgau-streicht-gedenkfeier-zum-elbe-day-am-25-april\/","og_site_name":"just-now.NEWS Deutschland","article_publisher":"https:\/\/www.facebook.com\/wirmachenauf","article_published_time":"2022-04-16T15:14:30+00:00","og_image":[{"width":1618,"height":1080,"url":"https:\/\/now-news.de\/de\/wp-content\/uploads\/sites\/3\/2022\/04\/Seltsame-Lehren-aus-der-Geschichte-Torgau-streicht-Gedenkfeier-zum-quotElbe.jpg","type":"image\/jpeg"}],"author":"rtnews","twitter_card":"summary_large_image","twitter_creator":"@WirMachenAuf_de","twitter_site":"@WirMachenAuf_de","twitter_misc":{"Verfasst von":"rtnews","Gesch\u00e4tzte Lesezeit":"1\u00a0Minute"},"schema":{"@context":"https:\/\/schema.org","@graph":[{"@type":"Article","@id":"https:\/\/now-news.de\/de\/deutschland\/seltsame-lehren-aus-der-geschichte-torgau-streicht-gedenkfeier-zum-elbe-day-am-25-april\/#article","isPartOf":{"@id":"https:\/\/now-news.de\/de\/deutschland\/seltsame-lehren-aus-der-geschichte-torgau-streicht-gedenkfeier-zum-elbe-day-am-25-april\/"},"author":{"name":"rtnews","@id":"https:\/\/now-news.de\/de\/#\/schema\/person\/fb534a4e865501d8b3285208df34a9b5"},"headline":"Seltsame Lehren aus der Geschichte: Torgau streicht Gedenkfeier zum &quot;Elbe Day&quot; am 25. April","datePublished":"2022-04-16T15:14:30+00:00","dateModified":"2022-04-16T15:14:30+00:00","mainEntityOfPage":{"@id":"https:\/\/now-news.de\/de\/deutschland\/seltsame-lehren-aus-der-geschichte-torgau-streicht-gedenkfeier-zum-elbe-day-am-25-april\/"},"wordCount":225,"commentCount":0,"publisher":{"@id":"https:\/\/now-news.de\/de\/#organization"},"image":{"@id":"https:\/\/now-news.de\/de\/deutschland\/seltsame-lehren-aus-der-geschichte-torgau-streicht-gedenkfeier-zum-elbe-day-am-25-april\/#primaryimage"},"thumbnailUrl":"https:\/\/now-news.de\/de\/wp-content\/uploads\/sites\/3\/2022\/04\/Seltsame-Lehren-aus-der-Geschichte-Torgau-streicht-Gedenkfeier-zum-quotElbe.jpg","keywords":["April","aus","Dayquot","der","Gedenkfeier","Geschichte","Lehren","quotElbe","Seltsame","streicht","Torgau","zum"],"articleSection":["Deutschland","Russland"],"inLanguage":"de","potentialAction":[{"@type":"CommentAction","name":"Comment","target":["https:\/\/now-news.de\/de\/deutschland\/seltsame-lehren-aus-der-geschichte-torgau-streicht-gedenkfeier-zum-elbe-day-am-25-april\/#respond"]}]},{"@type":"WebPage","@id":"https:\/\/now-news.de\/de\/deutschland\/seltsame-lehren-aus-der-geschichte-torgau-streicht-gedenkfeier-zum-elbe-day-am-25-april\/","url":"https:\/\/now-news.de\/de\/deutschland\/seltsame-lehren-aus-der-geschichte-torgau-streicht-gedenkfeier-zum-elbe-day-am-25-april\/","name":"Seltsame Lehren aus der Geschichte: Torgau streicht Gedenkfeier zum &quot;Elbe Day&quot; am 25. April - just-now.NEWS Deutschland","isPartOf":{"@id":"https:\/\/now-news.de\/de\/#website"},"primaryImageOfPage":{"@id":"https:\/\/now-news.de\/de\/deutschland\/seltsame-lehren-aus-der-geschichte-torgau-streicht-gedenkfeier-zum-elbe-day-am-25-april\/#primaryimage"},"image":{"@id":"https:\/\/now-news.de\/de\/deutschland\/seltsame-lehren-aus-der-geschichte-torgau-streicht-gedenkfeier-zum-elbe-day-am-25-april\/#primaryimage"},"thumbnailUrl":"https:\/\/now-news.de\/de\/wp-content\/uploads\/sites\/3\/2022\/04\/Seltsame-Lehren-aus-der-Geschichte-Torgau-streicht-Gedenkfeier-zum-quotElbe.jpg","datePublished":"2022-04-16T15:14:30+00:00","dateModified":"2022-04-16T15:14:30+00:00","breadcrumb":{"@id":"https:\/\/now-news.de\/de\/deutschland\/seltsame-lehren-aus-der-geschichte-torgau-streicht-gedenkfeier-zum-elbe-day-am-25-april\/#breadcrumb"},"inLanguage":"de","potentialAction":[{"@type":"ReadAction","target":["https:\/\/now-news.de\/de\/deutschland\/seltsame-lehren-aus-der-geschichte-torgau-streicht-gedenkfeier-zum-elbe-day-am-25-april\/"]}]},{"@type":"ImageObject","inLanguage":"de","@id":"https:\/\/now-news.de\/de\/deutschland\/seltsame-lehren-aus-der-geschichte-torgau-streicht-gedenkfeier-zum-elbe-day-am-25-april\/#primaryimage","url":"https:\/\/now-news.de\/de\/wp-content\/uploads\/sites\/3\/2022\/04\/Seltsame-Lehren-aus-der-Geschichte-Torgau-streicht-Gedenkfeier-zum-quotElbe.jpg","contentUrl":"https:\/\/now-news.de\/de\/wp-content\/uploads\/sites\/3\/2022\/04\/Seltsame-Lehren-aus-der-Geschichte-Torgau-streicht-Gedenkfeier-zum-quotElbe.jpg","width":1618,"height":1080},{"@type":"BreadcrumbList","@id":"https:\/\/now-news.de\/de\/deutschland\/seltsame-lehren-aus-der-geschichte-torgau-streicht-gedenkfeier-zum-elbe-day-am-25-april\/#breadcrumb","itemListElement":[{"@type":"ListItem","position":1,"name":"Home","item":"https:\/\/now-news.de\/de\/"},{"@type":"ListItem","position":2,"name":"Seltsame Lehren aus der Geschichte: Torgau streicht Gedenkfeier zum &quot;Elbe Day&quot; am 25. April"}]},{"@type":"WebSite","@id":"https:\/\/now-news.de\/de\/#website","url":"https:\/\/now-news.de\/de\/","name":"just-now.NEWS Deutschland","description":"Das Portal f\u00fcr unzensierte Nachrichten aus der Welt","publisher":{"@id":"https:\/\/now-news.de\/de\/#organization"},"potentialAction":[{"@type":"SearchAction","target":{"@type":"EntryPoint","urlTemplate":"https:\/\/now-news.de\/de\/?s={search_term_string}"},"query-input":"required name=search_term_string"}],"inLanguage":"de"},{"@type":"Organization","@id":"https:\/\/now-news.de\/de\/#organization","name":"Just Now News","url":"https:\/\/now-news.de\/de\/","logo":{"@type":"ImageObject","inLanguage":"de","@id":"https:\/\/now-news.de\/de\/#\/schema\/logo\/image\/","url":"http:\/\/just-now.news\/de\/wp-content\/uploads\/sites\/3\/2022\/04\/logo500x500.jpg","contentUrl":"http:\/\/just-now.news\/de\/wp-content\/uploads\/sites\/3\/2022\/04\/logo500x500.jpg","width":500,"height":500,"caption":"Just Now News"},"image":{"@id":"https:\/\/now-news.de\/de\/#\/schema\/logo\/image\/"},"sameAs":["https:\/\/www.facebook.com\/wirmachenauf","https:\/\/x.com\/WirMachenAuf_de"]},{"@type":"Person","@id":"https:\/\/now-news.de\/de\/#\/schema\/person\/fb534a4e865501d8b3285208df34a9b5","name":"rtnews","image":{"@type":"ImageObject","inLanguage":"de","@id":"https:\/\/now-news.de\/de\/#\/schema\/person\/image\/","url":"https:\/\/secure.gravatar.com\/avatar\/82aafea7d8127119dd649515f56e2117?s=96&d=mm&r=g","contentUrl":"https:\/\/secure.gravatar.com\/avatar\/82aafea7d8127119dd649515f56e2117?s=96&d=mm&r=g","caption":"rtnews"},"url":"https:\/\/now-news.de\/de\/author\/rnews\/"}]}},"_links":{"self":[{"href":"https:\/\/now-news.de\/de\/wp-json\/wp\/v2\/posts\/374"}],"collection":[{"href":"https:\/\/now-news.de\/de\/wp-json\/wp\/v2\/posts"}],"about":[{"href":"https:\/\/now-news.de\/de\/wp-json\/wp\/v2\/types\/post"}],"author":[{"embeddable":true,"href":"https:\/\/now-news.de\/de\/wp-json\/wp\/v2\/users\/3"}],"replies":[{"embeddable":true,"href":"https:\/\/now-news.de\/de\/wp-json\/wp\/v2\/comments?post=374"}],"version-history":[{"count":0,"href":"https:\/\/now-news.de\/de\/wp-json\/wp\/v2\/posts\/374\/revisions"}],"wp:featuredmedia":[{"embeddable":true,"href":"https:\/\/now-news.de\/de\/wp-json\/wp\/v2\/media\/375"}],"wp:attachment":[{"href":"https:\/\/now-news.de\/de\/wp-json\/wp\/v2\/media?parent=374"}],"wp:term":[{"taxonomy":"category","embeddable":true,"href":"https:\/\/now-news.de\/de\/wp-json\/wp\/v2\/categories?post=374"},{"taxonomy":"post_tag","embeddable":true,"href":"https:\/\/now-news.de\/de\/wp-json\/wp\/v2\/tags?post=374"}],"curies":[{"name":"wp","href":"https:\/\/api.w.org\/{rel}","templated":true}]}}