{"id":37355,"date":"2023-06-03T12:39:03","date_gmt":"2023-06-03T10:39:03","guid":{"rendered":"https:\/\/just-now.news\/de\/deutschland\/ohne-verstand-im-hirn-scholz-beschimpft-demonstranten-wegen-kriegstreiber-rufen\/"},"modified":"2023-06-03T12:39:03","modified_gmt":"2023-06-03T10:39:03","slug":"ohne-verstand-im-hirn-scholz-beschimpft-demonstranten-wegen-kriegstreiber-rufen","status":"publish","type":"post","link":"https:\/\/now-news.de\/de\/deutschland\/ohne-verstand-im-hirn-scholz-beschimpft-demonstranten-wegen-kriegstreiber-rufen\/","title":{"rendered":"&quot;Ohne Verstand im Hirn&quot; \u2013 Scholz beschimpft Demonstranten wegen &quot;Kriegstreiber&quot;-Rufen"},"content":{"rendered":"<p><img decoding=\"async\" src=\"http:\/\/just-now.news\/de\/wp-content\/uploads\/sites\/3\/2023\/06\/647af672b480cc72290be330.jpg\" \/><\/p>\n<div class=\"Text-root Text-type_1 \">\n                Die Rede von Bundeskanzler Olaf Scholz beim Europafest der SPD im brandenburgischen Falkensee wurde von Beginn an von Buhrufen begleitet. Der Kanzler best\u00e4rkte erneut die ungebrochene Solidarit\u00e4t mit der Ukraine.\n            <\/div>\n<p><\/p>\n<div class=\"Text-root Text-type_5 ArticleView-text ViewText-root \">\n<p>Bundeskanzler Olaf Scholz hat im Rahmen eines Pflichttermins das SPD-Europafest im westlich von Berlin gelegenen Falkensee besucht. Mit seiner Anwesenheit wollte Scholz den Wahlkampf der lokalen B\u00fcrgermeisterkandidatin der SPD unterst\u00fctzen. Im direkten Gespr\u00e4ch mit den B\u00fcrgern machten mehrere Demonstranten lautstark auf sich aufmerksam. Anschlie\u00dfend fand eine Diskussion zwischen dem Kanzler und dem ebenfalls anwesenden brandenburgischen Ministerpr\u00e4sidenten Dietmar Woidke (SPD) statt.<\/p>\n<p>Bereits beim Betreten der B\u00fchne wie auch w\u00e4hrend der Rede der Oberb\u00fcrgermeisterkandidatin \u00e4u\u00dferten jedoch Teile der Zuh\u00f6rerschaft ihren Unmut:<\/p>\n<div class=\"EmbedBlock-root EmbedBlock-twitter\">\n<div class=\"TwitterEmbed\">\n<blockquote class=\"twitter-tweet lazyload\" data-twitter=\"twitter-tweet\">\n<p lang=\"de\" dir=\"ltr\">Kanzler <a rel=\"nofollow noopener\" target=\"_blank\" href=\"https:\/\/twitter.com\/hashtag\/Scholz?src=hash&amp;ref_src=twsrc%5Etfw\">#Scholz<\/a> in <a rel=\"nofollow noopener\" target=\"_blank\" href=\"https:\/\/twitter.com\/hashtag\/Falkensee?src=hash&amp;ref_src=twsrc%5Etfw\">#Falkensee<\/a>, die Sympathie h\u00e4lt sich in Grenzen. <a rel=\"nofollow noopener\" target=\"_blank\" href=\"https:\/\/t.co\/6MerRaRCm7\">pic.twitter.com\/6MerRaRCm7<\/a><\/p>\n<p>\u2014 Lexa \ud83c\udde9\ud83c\uddea \u2694\ufe0f (@rebew_lexa) <a rel=\"nofollow noopener\" target=\"_blank\" href=\"https:\/\/twitter.com\/rebew_lexa\/status\/1664765935356452864?ref_src=twsrc%5Etfw\">June 2, 2023<\/a><\/p><\/blockquote>\n<\/div>\n<\/div>\n<p>Den Kern der lautstarken Gruppe bildeten Demonstranten aus dem Umfeld des in Berlin und Umgebung mittlerweile bekannten Kritikers der Corona-Ma\u00dfnahmen und Friedensaktivisten &#8220;Captain Future&#8221;. Ihr Protest richtete sich haupts\u00e4chlich gegen die aktuelle Ukrainepolitik der Bundesregierung. Im Gespr\u00e4ch mit den Demonstranten \u00e4u\u00dferten diese dem Julian Reichelt-Portal <em>Pleiteticker<\/em> zufolge &#8220;ihren Unmut \u00fcber das Sonderverm\u00f6gen f\u00fcr die Bundeswehr, die Fl\u00fcchtlingspolitik und das Misstrauen gegen\u00fcber etablierten Medien&#8221;.<\/p>\n<p>Nachdem der Kanzler w\u00e4hrend seine Rede immer wieder als Kriegstreiber tituliert worden war und Zwischenrufe wie &#8220;Heuchler&#8221;,\u00a0 &#8220;Frieden schaffen ohne Waffen&#8221;, &#8220;Hau ab!&#8221; und &#8220;Wir sind das Volk!&#8221; zu h\u00f6ren bekam, reagierte er in vergleichsweise impulsiver Weise. Scholz w\u00f6rtlich zu den Kritikern:<\/p>\n<blockquote>\n<p><em>&#8220;Und weil Putin der Kriegstreiber ist, der hier von euch ausgeschrien wird, wenn Ihr irgendeinen Verstand in euren Hirnen h\u00e4ttet \u2026&#8221; <\/em><\/p>\n<\/blockquote>\n<p>Zu Beginn seiner Rede teilte der Bundeskanzler den Zuh\u00f6rern bereits mit:<\/p>\n<blockquote>\n<p><em>&#8220;Liebe B\u00fcrgerinnen und B\u00fcrger, liebe Schreih\u00e4lse! Kriegstreiber ist Putin. Er ist mit 200.000 Soldaten in die Ukraine einmarschiert. Er hat noch viel mehr mobilisiert. Er darf nie wieder die eigenen B\u00fcrger riskieren f\u00fcr einen imperialistischen Traum. Putin will die Ukraine zerst\u00f6ren und Europa hat er auch noch im Blick.&#8221;<\/em><\/p>\n<\/blockquote>\n<p>Scholz behauptete des Weiteren, dass der russische Pr\u00e4sident f\u00fcr &#8220;100.000, vielleicht auch 150.000&#8221; tote russische Soldaten verantwortlich sei, um erneut seine Sicht auf die politische Lage klarzustellen. Der Kanzler machte deutlich, dass er keine Alternative zur fortdauernden Unterst\u00fctzung f\u00fcr die Ukraine mit Waffen sieht:<\/p>\n<blockquote>\n<p><em>&#8220;Ja, das ist notwendig, wenn ein Land angegriffen wird, dann muss es sich, dann darf es sich verteidigen, was denn sonst?&#8221;<\/em><\/p>\n<\/blockquote>\n<p>An anderer Stelle sagte Scholz: &#8220;Es ist und bleibt richtig, die Ukraine zu unterst\u00fctzen&#8221; und &#8220;Wir tun es nach den USA am meisten als Deutsche. \u2026 Wir werden es alle gemeinsam tun, solange das notwendig ist.&#8221;<\/p>\n<p>Der brandenburgische Ministerpr\u00e4sident Dietmar Woidke (SPD) kommentierte die lautstarken Scholz-Kritiker mit den Worten:<\/p>\n<blockquote>\n<p><em>&#8220;Diese Demo geh\u00f6rt doch eigentlich auf den Roten Platz in Richtung des Kreml \u2026 Freiheit ist auch, dass ihr hier krakeelen k\u00f6nnt.&#8221;<\/em><\/p>\n<\/blockquote>\n<p>Die Berichterstattung der Medien \u00fcber den Schlagabtausch zwischen Scholz und den Demonstranten vermittelte am Sonnabend hingegen weitgehend das \u00fcbliche Bild. Getitelt wurde unter anderem:<\/p>\n<ul>\n<li><a rel=\"nofollow noopener\" target=\"_blank\" href=\"https:\/\/www.bild.de\/politik\/inland\/politik-inland\/bundeskanzler-olaf-scholz-klare-kante-gegen-pro-putin-stoerer-bei-spd-fest-84164094.bild.html?t_ref=https%3A%2F%2Fm.bild.de%2Fpolitik%2Finland%2Fpolitik-inland%2Fbundeskanzler-olaf-scholz-klare-kante-gegen-pro-putin-stoerer-bei-spd-fest-84164094.bildMobile.html\"><em>Bild<\/em><\/a>: Kanzler Scholz wehrt sich gegen St\u00f6rer \u2013 Klare Kante gegen P\u00f6bel-Mob<\/li>\n<li>Berliner<em><a rel=\"nofollow noopener\" target=\"_blank\" href=\"https:\/\/www.tagesspiegel.de\/potsdam\/brandenburg\/wenn-ihr-irgendeinen-verstand-in-euren-hirnen-hattet-emotionaler-kanzler-auftritt-in-falkensee-9921365.html\">Tagesspiegel<\/a>: <\/em>&#8216;Wenn ihr irgendeinen Verstand in euren Hirnen h\u00e4ttet&#8217;: Emotionaler Kanzler-Auftritt in Falkensee<\/li>\n<li><a rel=\"nofollow noopener\" target=\"_blank\" href=\"https:\/\/www.t-online.de\/nachrichten\/deutschland\/innenpolitik\/id_100185978\/kanzler-scholz-wehrt-sich-auf-buehne-lautstark-gegen-stoerer.html\"><em>T-Online<\/em><\/a>: &#8216;Wenn ihr Verstand in euren Hirnen h\u00e4ttet&#8217; \u2013 Kanzler Scholz wehrt sich auf B\u00fchne lautstark gegen St\u00f6rer<\/li>\n<li><em><em><a rel=\"nofollow noopener\" target=\"_blank\" href=\"https:\/\/www.maz-online.de\/lokales\/havelland\/falkensee\/verbale-randale-in-falkensee-buh-rufe-und-pfiffe-gegen-bundeskanzler-olaf-scholz-DBS2SN4XXBFLPBVWHSKNCPNA3A.html\">M\u00e4rkische Allgemeine:<\/a>\u00a0<\/em><\/em>Verbale Randale: Buh-Rufe und Pfiffe gegen Bundeskanzler Olaf Scholz in Falkensee<\/li>\n<\/ul>\n<p><strong>Mehr zum Thema &#8211;<\/strong>\u00a0<a rel=\"nofollow noopener\" target=\"_blank\" href=\"https:\/\/freeassange.rtde.life\/meinung\/169029-schlecht-gelaunte-buerger-kanzler-scholz\/\">&#8220;Schlecht gelaunte&#8221; B\u00fcrger? Kanzler Scholz kassiert Buhrufe bei 1.-Mai-Auftritt in Koblenz <\/a><\/p>\n<\/div>\n<p><script async src=\"https:\/\/platform.twitter.com\/widgets.js\" charset=\"utf-8\"><\/script><br \/>\n<br \/><br \/>\n<br \/><a href=\"https:\/\/de.rt.com\/inland\/171715-ohne-verstand-im-hirn-scholz\/\">Source link <\/a><\/p>\n","protected":false},"excerpt":{"rendered":"<p>Die Rede von Bundeskanzler Olaf Scholz beim Europafest der SPD im brandenburgischen Falkensee wurde von Beginn an von Buhrufen begleitet. Der Kanzler best\u00e4rkte erneut die ungebrochene Solidarit\u00e4t mit der Ukraine. Bundeskanzler Olaf Scholz hat im Rahmen eines Pflichttermins das SPD-Europafest im westlich von Berlin gelegenen Falkensee besucht. Mit seiner Anwesenheit wollte Scholz den Wahlkampf der [&hellip;]<\/p>\n","protected":false},"author":3,"featured_media":37356,"comment_status":"open","ping_status":"open","sticky":false,"template":"","format":"standard","meta":{"_yoast_indexnow_last_ping":["1685789396"],"wp_automatic_camp":["217"],"2b54a1822bb119595b5dcf4b3e09ef4c":["&quot;Ohne Verstand im Hirn&quot; \u2013 Scholz beschimpft Demonstranten wegen &quot;Kriegstreiber&quot;-Rufen"],"original_link":["https:\/\/de.rt.com\/inland\/171715-ohne-verstand-im-hirn-scholz\/"],"_thumbnail_id":["37356"],"jnews_social_counter_last_update":["1777115671"]},"categories":[19,23],"tags":[24908,15786,45134,45135,20874,1001,25577,145],"yoast_head":"<!-- This site is optimized with the Yoast SEO Premium plugin v22.7 (Yoast SEO v22.7) - https:\/\/yoast.com\/wordpress\/plugins\/seo\/ -->\n<title>&quot;Ohne Verstand im Hirn&quot; \u2013 Scholz beschimpft Demonstranten wegen &quot;Kriegstreiber&quot;-Rufen - just-now.NEWS Deutschland<\/title>\n<meta name=\"robots\" content=\"index, follow, max-snippet:-1, max-image-preview:large, max-video-preview:-1\" \/>\n<link rel=\"canonical\" href=\"https:\/\/now-news.de\/de\/deutschland\/ohne-verstand-im-hirn-scholz-beschimpft-demonstranten-wegen-kriegstreiber-rufen\/\" \/>\n<meta property=\"og:locale\" content=\"de_DE\" \/>\n<meta property=\"og:type\" content=\"article\" \/>\n<meta property=\"og:title\" content=\"&quot;Ohne Verstand im Hirn&quot; \u2013 Scholz beschimpft Demonstranten wegen &quot;Kriegstreiber&quot;-Rufen\" \/>\n<meta property=\"og:description\" content=\"Die Rede von Bundeskanzler Olaf Scholz beim Europafest der SPD im brandenburgischen Falkensee wurde von Beginn an von Buhrufen begleitet. Der Kanzler best\u00e4rkte erneut die ungebrochene Solidarit\u00e4t mit der Ukraine. Bundeskanzler Olaf Scholz hat im Rahmen eines Pflichttermins das SPD-Europafest im westlich von Berlin gelegenen Falkensee besucht. Mit seiner Anwesenheit wollte Scholz den Wahlkampf der [&hellip;]\" \/>\n<meta property=\"og:url\" content=\"https:\/\/now-news.de\/de\/deutschland\/ohne-verstand-im-hirn-scholz-beschimpft-demonstranten-wegen-kriegstreiber-rufen\/\" \/>\n<meta property=\"og:site_name\" content=\"just-now.NEWS Deutschland\" \/>\n<meta property=\"article:publisher\" content=\"https:\/\/www.facebook.com\/wirmachenauf\" \/>\n<meta property=\"article:published_time\" content=\"2023-06-03T10:39:03+00:00\" \/>\n<meta property=\"og:image\" content=\"https:\/\/now-news.de\/de\/wp-content\/uploads\/sites\/3\/2023\/06\/quotOhne-Verstand-im-Hirnquot-\u2013-Scholz-beschimpft-Demonstranten-wegen-quotKriegstreiberquot-Rufen.jpg\" \/>\n\t<meta property=\"og:image:width\" content=\"460\" \/>\n\t<meta property=\"og:image:height\" content=\"259\" \/>\n\t<meta property=\"og:image:type\" content=\"image\/jpeg\" \/>\n<meta name=\"author\" content=\"rtnews\" \/>\n<meta name=\"twitter:card\" content=\"summary_large_image\" \/>\n<meta name=\"twitter:creator\" content=\"@WirMachenAuf_de\" \/>\n<meta name=\"twitter:site\" content=\"@WirMachenAuf_de\" \/>\n<meta name=\"twitter:label1\" content=\"Verfasst von\" \/>\n\t<meta name=\"twitter:data1\" content=\"rtnews\" \/>\n\t<meta name=\"twitter:label2\" content=\"Gesch\u00e4tzte Lesezeit\" \/>\n\t<meta name=\"twitter:data2\" content=\"3\u00a0Minuten\" \/>\n<script type=\"application\/ld+json\" class=\"yoast-schema-graph\">{\"@context\":\"https:\/\/schema.org\",\"@graph\":[{\"@type\":\"Article\",\"@id\":\"https:\/\/now-news.de\/de\/deutschland\/ohne-verstand-im-hirn-scholz-beschimpft-demonstranten-wegen-kriegstreiber-rufen\/#article\",\"isPartOf\":{\"@id\":\"https:\/\/now-news.de\/de\/deutschland\/ohne-verstand-im-hirn-scholz-beschimpft-demonstranten-wegen-kriegstreiber-rufen\/\"},\"author\":{\"name\":\"rtnews\",\"@id\":\"https:\/\/now-news.de\/de\/#\/schema\/person\/fb534a4e865501d8b3285208df34a9b5\"},\"headline\":\"&quot;Ohne Verstand im Hirn&quot; \u2013 Scholz beschimpft Demonstranten wegen &quot;Kriegstreiber&quot;-Rufen\",\"datePublished\":\"2023-06-03T10:39:03+00:00\",\"dateModified\":\"2023-06-03T10:39:03+00:00\",\"mainEntityOfPage\":{\"@id\":\"https:\/\/now-news.de\/de\/deutschland\/ohne-verstand-im-hirn-scholz-beschimpft-demonstranten-wegen-kriegstreiber-rufen\/\"},\"wordCount\":603,\"commentCount\":0,\"publisher\":{\"@id\":\"https:\/\/now-news.de\/de\/#organization\"},\"image\":{\"@id\":\"https:\/\/now-news.de\/de\/deutschland\/ohne-verstand-im-hirn-scholz-beschimpft-demonstranten-wegen-kriegstreiber-rufen\/#primaryimage\"},\"thumbnailUrl\":\"https:\/\/now-news.de\/de\/wp-content\/uploads\/sites\/3\/2023\/06\/quotOhne-Verstand-im-Hirnquot-\u2013-Scholz-beschimpft-Demonstranten-wegen-quotKriegstreiberquot-Rufen.jpg\",\"keywords\":[\"beschimpft\",\"Demonstranten\",\"Hirnquot\",\"quotKriegstreiberquotRufen\",\"quotOhne\",\"Scholz\",\"Verstand\",\"wegen\"],\"articleSection\":[\"Deutschland\",\"Russland\"],\"inLanguage\":\"de\",\"potentialAction\":[{\"@type\":\"CommentAction\",\"name\":\"Comment\",\"target\":[\"https:\/\/now-news.de\/de\/deutschland\/ohne-verstand-im-hirn-scholz-beschimpft-demonstranten-wegen-kriegstreiber-rufen\/#respond\"]}]},{\"@type\":\"WebPage\",\"@id\":\"https:\/\/now-news.de\/de\/deutschland\/ohne-verstand-im-hirn-scholz-beschimpft-demonstranten-wegen-kriegstreiber-rufen\/\",\"url\":\"https:\/\/now-news.de\/de\/deutschland\/ohne-verstand-im-hirn-scholz-beschimpft-demonstranten-wegen-kriegstreiber-rufen\/\",\"name\":\"&quot;Ohne Verstand im Hirn&quot; \u2013 Scholz beschimpft Demonstranten wegen &quot;Kriegstreiber&quot;-Rufen - just-now.NEWS Deutschland\",\"isPartOf\":{\"@id\":\"https:\/\/now-news.de\/de\/#website\"},\"primaryImageOfPage\":{\"@id\":\"https:\/\/now-news.de\/de\/deutschland\/ohne-verstand-im-hirn-scholz-beschimpft-demonstranten-wegen-kriegstreiber-rufen\/#primaryimage\"},\"image\":{\"@id\":\"https:\/\/now-news.de\/de\/deutschland\/ohne-verstand-im-hirn-scholz-beschimpft-demonstranten-wegen-kriegstreiber-rufen\/#primaryimage\"},\"thumbnailUrl\":\"https:\/\/now-news.de\/de\/wp-content\/uploads\/sites\/3\/2023\/06\/quotOhne-Verstand-im-Hirnquot-\u2013-Scholz-beschimpft-Demonstranten-wegen-quotKriegstreiberquot-Rufen.jpg\",\"datePublished\":\"2023-06-03T10:39:03+00:00\",\"dateModified\":\"2023-06-03T10:39:03+00:00\",\"breadcrumb\":{\"@id\":\"https:\/\/now-news.de\/de\/deutschland\/ohne-verstand-im-hirn-scholz-beschimpft-demonstranten-wegen-kriegstreiber-rufen\/#breadcrumb\"},\"inLanguage\":\"de\",\"potentialAction\":[{\"@type\":\"ReadAction\",\"target\":[\"https:\/\/now-news.de\/de\/deutschland\/ohne-verstand-im-hirn-scholz-beschimpft-demonstranten-wegen-kriegstreiber-rufen\/\"]}]},{\"@type\":\"ImageObject\",\"inLanguage\":\"de\",\"@id\":\"https:\/\/now-news.de\/de\/deutschland\/ohne-verstand-im-hirn-scholz-beschimpft-demonstranten-wegen-kriegstreiber-rufen\/#primaryimage\",\"url\":\"https:\/\/now-news.de\/de\/wp-content\/uploads\/sites\/3\/2023\/06\/quotOhne-Verstand-im-Hirnquot-\u2013-Scholz-beschimpft-Demonstranten-wegen-quotKriegstreiberquot-Rufen.jpg\",\"contentUrl\":\"https:\/\/now-news.de\/de\/wp-content\/uploads\/sites\/3\/2023\/06\/quotOhne-Verstand-im-Hirnquot-\u2013-Scholz-beschimpft-Demonstranten-wegen-quotKriegstreiberquot-Rufen.jpg\",\"width\":460,\"height\":259,\"caption\":\"&quot;Ohne Verstand im Hirn&quot; \u2013 Scholz beschimpft Demonstranten wegen &quot;Kriegstreiber&quot;-Rufen\"},{\"@type\":\"BreadcrumbList\",\"@id\":\"https:\/\/now-news.de\/de\/deutschland\/ohne-verstand-im-hirn-scholz-beschimpft-demonstranten-wegen-kriegstreiber-rufen\/#breadcrumb\",\"itemListElement\":[{\"@type\":\"ListItem\",\"position\":1,\"name\":\"Home\",\"item\":\"https:\/\/now-news.de\/de\/\"},{\"@type\":\"ListItem\",\"position\":2,\"name\":\"&quot;Ohne Verstand im Hirn&quot; \u2013 Scholz beschimpft Demonstranten wegen &quot;Kriegstreiber&quot;-Rufen\"}]},{\"@type\":\"WebSite\",\"@id\":\"https:\/\/now-news.de\/de\/#website\",\"url\":\"https:\/\/now-news.de\/de\/\",\"name\":\"just-now.NEWS Deutschland\",\"description\":\"Das Portal f\u00fcr unzensierte Nachrichten aus der Welt\",\"publisher\":{\"@id\":\"https:\/\/now-news.de\/de\/#organization\"},\"potentialAction\":[{\"@type\":\"SearchAction\",\"target\":{\"@type\":\"EntryPoint\",\"urlTemplate\":\"https:\/\/now-news.de\/de\/?s={search_term_string}\"},\"query-input\":\"required name=search_term_string\"}],\"inLanguage\":\"de\"},{\"@type\":\"Organization\",\"@id\":\"https:\/\/now-news.de\/de\/#organization\",\"name\":\"Just Now News\",\"url\":\"https:\/\/now-news.de\/de\/\",\"logo\":{\"@type\":\"ImageObject\",\"inLanguage\":\"de\",\"@id\":\"https:\/\/now-news.de\/de\/#\/schema\/logo\/image\/\",\"url\":\"http:\/\/just-now.news\/de\/wp-content\/uploads\/sites\/3\/2022\/04\/logo500x500.jpg\",\"contentUrl\":\"http:\/\/just-now.news\/de\/wp-content\/uploads\/sites\/3\/2022\/04\/logo500x500.jpg\",\"width\":500,\"height\":500,\"caption\":\"Just Now News\"},\"image\":{\"@id\":\"https:\/\/now-news.de\/de\/#\/schema\/logo\/image\/\"},\"sameAs\":[\"https:\/\/www.facebook.com\/wirmachenauf\",\"https:\/\/x.com\/WirMachenAuf_de\"]},{\"@type\":\"Person\",\"@id\":\"https:\/\/now-news.de\/de\/#\/schema\/person\/fb534a4e865501d8b3285208df34a9b5\",\"name\":\"rtnews\",\"image\":{\"@type\":\"ImageObject\",\"inLanguage\":\"de\",\"@id\":\"https:\/\/now-news.de\/de\/#\/schema\/person\/image\/\",\"url\":\"https:\/\/secure.gravatar.com\/avatar\/82aafea7d8127119dd649515f56e2117?s=96&d=mm&r=g\",\"contentUrl\":\"https:\/\/secure.gravatar.com\/avatar\/82aafea7d8127119dd649515f56e2117?s=96&d=mm&r=g\",\"caption\":\"rtnews\"},\"url\":\"https:\/\/now-news.de\/de\/author\/rnews\/\"}]}<\/script>\n<!-- \/ Yoast SEO Premium plugin. -->","yoast_head_json":{"title":"&quot;Ohne Verstand im Hirn&quot; \u2013 Scholz beschimpft Demonstranten wegen &quot;Kriegstreiber&quot;-Rufen - just-now.NEWS Deutschland","robots":{"index":"index","follow":"follow","max-snippet":"max-snippet:-1","max-image-preview":"max-image-preview:large","max-video-preview":"max-video-preview:-1"},"canonical":"https:\/\/now-news.de\/de\/deutschland\/ohne-verstand-im-hirn-scholz-beschimpft-demonstranten-wegen-kriegstreiber-rufen\/","og_locale":"de_DE","og_type":"article","og_title":"&quot;Ohne Verstand im Hirn&quot; \u2013 Scholz beschimpft Demonstranten wegen &quot;Kriegstreiber&quot;-Rufen","og_description":"Die Rede von Bundeskanzler Olaf Scholz beim Europafest der SPD im brandenburgischen Falkensee wurde von Beginn an von Buhrufen begleitet. Der Kanzler best\u00e4rkte erneut die ungebrochene Solidarit\u00e4t mit der Ukraine. Bundeskanzler Olaf Scholz hat im Rahmen eines Pflichttermins das SPD-Europafest im westlich von Berlin gelegenen Falkensee besucht. Mit seiner Anwesenheit wollte Scholz den Wahlkampf der [&hellip;]","og_url":"https:\/\/now-news.de\/de\/deutschland\/ohne-verstand-im-hirn-scholz-beschimpft-demonstranten-wegen-kriegstreiber-rufen\/","og_site_name":"just-now.NEWS Deutschland","article_publisher":"https:\/\/www.facebook.com\/wirmachenauf","article_published_time":"2023-06-03T10:39:03+00:00","og_image":[{"width":460,"height":259,"url":"https:\/\/now-news.de\/de\/wp-content\/uploads\/sites\/3\/2023\/06\/quotOhne-Verstand-im-Hirnquot-\u2013-Scholz-beschimpft-Demonstranten-wegen-quotKriegstreiberquot-Rufen.jpg","type":"image\/jpeg"}],"author":"rtnews","twitter_card":"summary_large_image","twitter_creator":"@WirMachenAuf_de","twitter_site":"@WirMachenAuf_de","twitter_misc":{"Verfasst von":"rtnews","Gesch\u00e4tzte Lesezeit":"3\u00a0Minuten"},"schema":{"@context":"https:\/\/schema.org","@graph":[{"@type":"Article","@id":"https:\/\/now-news.de\/de\/deutschland\/ohne-verstand-im-hirn-scholz-beschimpft-demonstranten-wegen-kriegstreiber-rufen\/#article","isPartOf":{"@id":"https:\/\/now-news.de\/de\/deutschland\/ohne-verstand-im-hirn-scholz-beschimpft-demonstranten-wegen-kriegstreiber-rufen\/"},"author":{"name":"rtnews","@id":"https:\/\/now-news.de\/de\/#\/schema\/person\/fb534a4e865501d8b3285208df34a9b5"},"headline":"&quot;Ohne Verstand im Hirn&quot; \u2013 Scholz beschimpft Demonstranten wegen &quot;Kriegstreiber&quot;-Rufen","datePublished":"2023-06-03T10:39:03+00:00","dateModified":"2023-06-03T10:39:03+00:00","mainEntityOfPage":{"@id":"https:\/\/now-news.de\/de\/deutschland\/ohne-verstand-im-hirn-scholz-beschimpft-demonstranten-wegen-kriegstreiber-rufen\/"},"wordCount":603,"commentCount":0,"publisher":{"@id":"https:\/\/now-news.de\/de\/#organization"},"image":{"@id":"https:\/\/now-news.de\/de\/deutschland\/ohne-verstand-im-hirn-scholz-beschimpft-demonstranten-wegen-kriegstreiber-rufen\/#primaryimage"},"thumbnailUrl":"https:\/\/now-news.de\/de\/wp-content\/uploads\/sites\/3\/2023\/06\/quotOhne-Verstand-im-Hirnquot-\u2013-Scholz-beschimpft-Demonstranten-wegen-quotKriegstreiberquot-Rufen.jpg","keywords":["beschimpft","Demonstranten","Hirnquot","quotKriegstreiberquotRufen","quotOhne","Scholz","Verstand","wegen"],"articleSection":["Deutschland","Russland"],"inLanguage":"de","potentialAction":[{"@type":"CommentAction","name":"Comment","target":["https:\/\/now-news.de\/de\/deutschland\/ohne-verstand-im-hirn-scholz-beschimpft-demonstranten-wegen-kriegstreiber-rufen\/#respond"]}]},{"@type":"WebPage","@id":"https:\/\/now-news.de\/de\/deutschland\/ohne-verstand-im-hirn-scholz-beschimpft-demonstranten-wegen-kriegstreiber-rufen\/","url":"https:\/\/now-news.de\/de\/deutschland\/ohne-verstand-im-hirn-scholz-beschimpft-demonstranten-wegen-kriegstreiber-rufen\/","name":"&quot;Ohne Verstand im Hirn&quot; \u2013 Scholz beschimpft Demonstranten wegen &quot;Kriegstreiber&quot;-Rufen - just-now.NEWS Deutschland","isPartOf":{"@id":"https:\/\/now-news.de\/de\/#website"},"primaryImageOfPage":{"@id":"https:\/\/now-news.de\/de\/deutschland\/ohne-verstand-im-hirn-scholz-beschimpft-demonstranten-wegen-kriegstreiber-rufen\/#primaryimage"},"image":{"@id":"https:\/\/now-news.de\/de\/deutschland\/ohne-verstand-im-hirn-scholz-beschimpft-demonstranten-wegen-kriegstreiber-rufen\/#primaryimage"},"thumbnailUrl":"https:\/\/now-news.de\/de\/wp-content\/uploads\/sites\/3\/2023\/06\/quotOhne-Verstand-im-Hirnquot-\u2013-Scholz-beschimpft-Demonstranten-wegen-quotKriegstreiberquot-Rufen.jpg","datePublished":"2023-06-03T10:39:03+00:00","dateModified":"2023-06-03T10:39:03+00:00","breadcrumb":{"@id":"https:\/\/now-news.de\/de\/deutschland\/ohne-verstand-im-hirn-scholz-beschimpft-demonstranten-wegen-kriegstreiber-rufen\/#breadcrumb"},"inLanguage":"de","potentialAction":[{"@type":"ReadAction","target":["https:\/\/now-news.de\/de\/deutschland\/ohne-verstand-im-hirn-scholz-beschimpft-demonstranten-wegen-kriegstreiber-rufen\/"]}]},{"@type":"ImageObject","inLanguage":"de","@id":"https:\/\/now-news.de\/de\/deutschland\/ohne-verstand-im-hirn-scholz-beschimpft-demonstranten-wegen-kriegstreiber-rufen\/#primaryimage","url":"https:\/\/now-news.de\/de\/wp-content\/uploads\/sites\/3\/2023\/06\/quotOhne-Verstand-im-Hirnquot-\u2013-Scholz-beschimpft-Demonstranten-wegen-quotKriegstreiberquot-Rufen.jpg","contentUrl":"https:\/\/now-news.de\/de\/wp-content\/uploads\/sites\/3\/2023\/06\/quotOhne-Verstand-im-Hirnquot-\u2013-Scholz-beschimpft-Demonstranten-wegen-quotKriegstreiberquot-Rufen.jpg","width":460,"height":259,"caption":"&quot;Ohne Verstand im Hirn&quot; \u2013 Scholz beschimpft Demonstranten wegen &quot;Kriegstreiber&quot;-Rufen"},{"@type":"BreadcrumbList","@id":"https:\/\/now-news.de\/de\/deutschland\/ohne-verstand-im-hirn-scholz-beschimpft-demonstranten-wegen-kriegstreiber-rufen\/#breadcrumb","itemListElement":[{"@type":"ListItem","position":1,"name":"Home","item":"https:\/\/now-news.de\/de\/"},{"@type":"ListItem","position":2,"name":"&quot;Ohne Verstand im Hirn&quot; \u2013 Scholz beschimpft Demonstranten wegen &quot;Kriegstreiber&quot;-Rufen"}]},{"@type":"WebSite","@id":"https:\/\/now-news.de\/de\/#website","url":"https:\/\/now-news.de\/de\/","name":"just-now.NEWS Deutschland","description":"Das Portal f\u00fcr unzensierte Nachrichten aus der Welt","publisher":{"@id":"https:\/\/now-news.de\/de\/#organization"},"potentialAction":[{"@type":"SearchAction","target":{"@type":"EntryPoint","urlTemplate":"https:\/\/now-news.de\/de\/?s={search_term_string}"},"query-input":"required name=search_term_string"}],"inLanguage":"de"},{"@type":"Organization","@id":"https:\/\/now-news.de\/de\/#organization","name":"Just Now News","url":"https:\/\/now-news.de\/de\/","logo":{"@type":"ImageObject","inLanguage":"de","@id":"https:\/\/now-news.de\/de\/#\/schema\/logo\/image\/","url":"http:\/\/just-now.news\/de\/wp-content\/uploads\/sites\/3\/2022\/04\/logo500x500.jpg","contentUrl":"http:\/\/just-now.news\/de\/wp-content\/uploads\/sites\/3\/2022\/04\/logo500x500.jpg","width":500,"height":500,"caption":"Just Now News"},"image":{"@id":"https:\/\/now-news.de\/de\/#\/schema\/logo\/image\/"},"sameAs":["https:\/\/www.facebook.com\/wirmachenauf","https:\/\/x.com\/WirMachenAuf_de"]},{"@type":"Person","@id":"https:\/\/now-news.de\/de\/#\/schema\/person\/fb534a4e865501d8b3285208df34a9b5","name":"rtnews","image":{"@type":"ImageObject","inLanguage":"de","@id":"https:\/\/now-news.de\/de\/#\/schema\/person\/image\/","url":"https:\/\/secure.gravatar.com\/avatar\/82aafea7d8127119dd649515f56e2117?s=96&d=mm&r=g","contentUrl":"https:\/\/secure.gravatar.com\/avatar\/82aafea7d8127119dd649515f56e2117?s=96&d=mm&r=g","caption":"rtnews"},"url":"https:\/\/now-news.de\/de\/author\/rnews\/"}]}},"_links":{"self":[{"href":"https:\/\/now-news.de\/de\/wp-json\/wp\/v2\/posts\/37355"}],"collection":[{"href":"https:\/\/now-news.de\/de\/wp-json\/wp\/v2\/posts"}],"about":[{"href":"https:\/\/now-news.de\/de\/wp-json\/wp\/v2\/types\/post"}],"author":[{"embeddable":true,"href":"https:\/\/now-news.de\/de\/wp-json\/wp\/v2\/users\/3"}],"replies":[{"embeddable":true,"href":"https:\/\/now-news.de\/de\/wp-json\/wp\/v2\/comments?post=37355"}],"version-history":[{"count":0,"href":"https:\/\/now-news.de\/de\/wp-json\/wp\/v2\/posts\/37355\/revisions"}],"wp:featuredmedia":[{"embeddable":true,"href":"https:\/\/now-news.de\/de\/wp-json\/wp\/v2\/media\/37356"}],"wp:attachment":[{"href":"https:\/\/now-news.de\/de\/wp-json\/wp\/v2\/media?parent=37355"}],"wp:term":[{"taxonomy":"category","embeddable":true,"href":"https:\/\/now-news.de\/de\/wp-json\/wp\/v2\/categories?post=37355"},{"taxonomy":"post_tag","embeddable":true,"href":"https:\/\/now-news.de\/de\/wp-json\/wp\/v2\/tags?post=37355"}],"curies":[{"name":"wp","href":"https:\/\/api.w.org\/{rel}","templated":true}]}}