{"id":37329,"date":"2023-06-02T20:37:23","date_gmt":"2023-06-02T18:37:23","guid":{"rendered":"http:\/\/just-now.news\/de\/deutschland\/biden-anklaegerin-tara-reade-zu-rt-joe-biden-war-schon-immer-voreingenommen-gegen-russland\/"},"modified":"2023-06-02T20:37:23","modified_gmt":"2023-06-02T18:37:23","slug":"biden-anklaegerin-tara-reade-zu-rt-joe-biden-war-schon-immer-voreingenommen-gegen-russland","status":"publish","type":"post","link":"https:\/\/now-news.de\/de\/deutschland\/biden-anklaegerin-tara-reade-zu-rt-joe-biden-war-schon-immer-voreingenommen-gegen-russland\/","title":{"rendered":"Biden-Ankl\u00e4gerin Tara Reade zu RT: Joe Biden war schon immer voreingenommen gegen Russland"},"content":{"rendered":"<p><img decoding=\"async\" src=\"http:\/\/just-now.news\/de\/wp-content\/uploads\/sites\/3\/2023\/06\/6479be6fb480cc283211c6fe.jpg\" \/><\/p>\n<div class=\"Text-root Text-type_1 \">\n                In einem Exklusiv-Interview mit RT behauptet die ehemalige Assistentin des heutigen US-Pr\u00e4sidenten, dass Joe Biden Anfang der 1990er Jahre in Bezug auf Russland unter anderem verk\u00fcndete: &#8220;Sie werden niemals einen Platz am Tisch bekommen.&#8221;\n            <\/div>\n<p><\/p>\n<div class=\"Text-root Text-type_5 ArticleView-text ViewText-root \">\n<p>Der heutige US-Pr\u00e4sident Joe Biden hegt seit Jahrzehnten eine Voreingenommenheit gegen\u00fcber Russland, die er auch schon lange vor den aktuellen Spannungen zwischen Washington und Moskau zum Ausdruck brachte. Das behauptet in einem Interview mit <em>RT<\/em> Tara Reade, eine ehemalige Assistentin Bidens, die ihn der sexuellen N\u00f6tigung beschuldigt.<\/p>\n<p>Reade, die sich selbst als Whistleblowerin bezeichnet und in der Vergangenheit bereits Beitr\u00e4ge f\u00fcr <em>RT<\/em> verfasst hatte, zog unl\u00e4ngst aus Sicherheitsgr\u00fcnden nach Moskau und sagte, sie wolle auch einen russischen Pass beantragen. Gegen\u00fcber Maria Butina von <em>RT<\/em> sagte sie<\/p>\n<blockquote>\n<p><em>&#8220;Ich habe 2018, 2019 und 2020 versucht, meine Stimme zu erheben und die Menschen zu warnen, dass Joe Biden, wenn er Pr\u00e4sident wird, uns in einen Krieg mit Russland f\u00fchren wird.&#8221;<\/em><\/p>\n<\/blockquote>\n<p>Laut Reade kam sie Anfang der 1990er Jahre zu diesem Schluss, als sie Assistentin bei dem damaligen US-Senator Biden war. Damals formulierten die USA ihre Politik gegen\u00fcber dem &#8220;neuen&#8221; Russland, das gerade aus dem Zusammenbruch der Sowjetunion hervorgegangen war. Reade erinnert sich daran so:<\/p>\n<blockquote>\n<p><em>&#8220;Er war dagegen [gegen Russland] sehr voreingenommen, Joe Biden. Bei einem Treffen \u2013 ich war zuf\u00e4llig dabei \u2013 h\u00f6rte ich ihn sagen: &#8216;Sie werden nie einen Platz am Tisch bekommen.'&#8221;<\/em><\/p>\n<\/blockquote>\n<p>Im Jahr 2020, auf dem H\u00f6hepunkt des Wahlkampfes um die k\u00fcnftige US-Pr\u00e4sidentschaft, machte Reade ihre Beschuldigung gegen Biden \u00f6ffentlich, sie 1993 sexuell missbraucht zu haben, als sie f\u00fcr ihn als Assistentin im US-Senat t\u00e4tig war. Joe Biden, der zu diesem Zeitpunkt der voraussichtliche Spitzenkandidat f\u00fcr die Demokratische Partei war, wies die Vorw\u00fcrfe energisch zur\u00fcck. &#8220;Ich sage unmissverst\u00e4ndlich: Das ist nie passiert&#8221;, behauptete er in einem Interview.<\/p>\n<p><strong>Mehr zum Thema<\/strong> &#8211;\u00a0<a rel=\"nofollow noopener\" target=\"_blank\" href=\"https:\/\/test.rtde.tech\/meinung\/157585-ex-mitarbeiterin-tara-reade-beschuldigt\/\">Ex-Mitarbeiterin Tara Reade beschuldigt Joe Biden sexueller \u00dcbergriffe<\/a><\/p>\n<\/div>\n<p><br \/>\n<br \/><a href=\"https:\/\/de.rt.com\/nordamerika\/171623-biden-anklaegerin-tara-reade-zu\/\">Source link <\/a><\/p>\n","protected":false},"excerpt":{"rendered":"<p>In einem Exklusiv-Interview mit RT behauptet die ehemalige Assistentin des heutigen US-Pr\u00e4sidenten, dass Joe Biden Anfang der 1990er Jahre in Bezug auf Russland unter anderem verk\u00fcndete: &#8220;Sie werden niemals einen Platz am Tisch bekommen.&#8221; Der heutige US-Pr\u00e4sident Joe Biden hegt seit Jahrzehnten eine Voreingenommenheit gegen\u00fcber Russland, die er auch schon lange vor den aktuellen Spannungen [&hellip;]<\/p>\n","protected":false},"author":3,"featured_media":37330,"comment_status":"open","ping_status":"open","sticky":false,"template":"","format":"standard","meta":{"_yoast_indexnow_last_ping":["1685731495"],"wp_automatic_camp":["217"],"d3d535dc3c3f14229fc163c79e6f7e2c":["Biden-Ankl\u00e4gerin Tara Reade zu RT: Joe Biden war schon immer voreingenommen gegen Russland"],"original_link":["https:\/\/de.rt.com\/nordamerika\/171623-biden-anklaegerin-tara-reade-zu\/"],"_thumbnail_id":["37330"],"jnews_social_counter_last_update":["1777634204"]},"categories":[19,23],"tags":[1348,45116,278,2062,2150,37729,126,5652,37728,45117,2223],"yoast_head":"<!-- This site is optimized with the Yoast SEO Premium plugin v22.7 (Yoast SEO v22.7) - https:\/\/yoast.com\/wordpress\/plugins\/seo\/ -->\n<title>Biden-Ankl\u00e4gerin Tara Reade zu RT: Joe Biden war schon immer voreingenommen gegen Russland - just-now.NEWS Deutschland<\/title>\n<meta name=\"robots\" content=\"index, follow, max-snippet:-1, max-image-preview:large, max-video-preview:-1\" \/>\n<link rel=\"canonical\" href=\"https:\/\/now-news.de\/de\/deutschland\/biden-anklaegerin-tara-reade-zu-rt-joe-biden-war-schon-immer-voreingenommen-gegen-russland\/\" \/>\n<meta property=\"og:locale\" content=\"de_DE\" \/>\n<meta property=\"og:type\" content=\"article\" \/>\n<meta property=\"og:title\" content=\"Biden-Ankl\u00e4gerin Tara Reade zu RT: Joe Biden war schon immer voreingenommen gegen Russland\" \/>\n<meta property=\"og:description\" content=\"In einem Exklusiv-Interview mit RT behauptet die ehemalige Assistentin des heutigen US-Pr\u00e4sidenten, dass Joe Biden Anfang der 1990er Jahre in Bezug auf Russland unter anderem verk\u00fcndete: &#8220;Sie werden niemals einen Platz am Tisch bekommen.&#8221; Der heutige US-Pr\u00e4sident Joe Biden hegt seit Jahrzehnten eine Voreingenommenheit gegen\u00fcber Russland, die er auch schon lange vor den aktuellen Spannungen [&hellip;]\" \/>\n<meta property=\"og:url\" content=\"https:\/\/now-news.de\/de\/deutschland\/biden-anklaegerin-tara-reade-zu-rt-joe-biden-war-schon-immer-voreingenommen-gegen-russland\/\" \/>\n<meta property=\"og:site_name\" content=\"just-now.NEWS Deutschland\" \/>\n<meta property=\"article:publisher\" content=\"https:\/\/www.facebook.com\/wirmachenauf\" \/>\n<meta property=\"article:published_time\" content=\"2023-06-02T18:37:23+00:00\" \/>\n<meta property=\"og:image\" content=\"https:\/\/now-news.de\/de\/wp-content\/uploads\/sites\/3\/2023\/06\/Biden-Anklaegerin-Tara-Reade-zu-RT-Joe-Biden-war-schon-immer.jpg\" \/>\n\t<meta property=\"og:image:width\" content=\"460\" \/>\n\t<meta property=\"og:image:height\" content=\"259\" \/>\n\t<meta property=\"og:image:type\" content=\"image\/jpeg\" \/>\n<meta name=\"author\" content=\"rtnews\" \/>\n<meta name=\"twitter:card\" content=\"summary_large_image\" \/>\n<meta name=\"twitter:creator\" content=\"@WirMachenAuf_de\" \/>\n<meta name=\"twitter:site\" content=\"@WirMachenAuf_de\" \/>\n<meta name=\"twitter:label1\" content=\"Verfasst von\" \/>\n\t<meta name=\"twitter:data1\" content=\"rtnews\" \/>\n\t<meta name=\"twitter:label2\" content=\"Gesch\u00e4tzte Lesezeit\" \/>\n\t<meta name=\"twitter:data2\" content=\"2\u00a0Minuten\" \/>\n<script type=\"application\/ld+json\" class=\"yoast-schema-graph\">{\"@context\":\"https:\/\/schema.org\",\"@graph\":[{\"@type\":\"Article\",\"@id\":\"https:\/\/now-news.de\/de\/deutschland\/biden-anklaegerin-tara-reade-zu-rt-joe-biden-war-schon-immer-voreingenommen-gegen-russland\/#article\",\"isPartOf\":{\"@id\":\"https:\/\/now-news.de\/de\/deutschland\/biden-anklaegerin-tara-reade-zu-rt-joe-biden-war-schon-immer-voreingenommen-gegen-russland\/\"},\"author\":{\"name\":\"rtnews\",\"@id\":\"https:\/\/now-news.de\/de\/#\/schema\/person\/fb534a4e865501d8b3285208df34a9b5\"},\"headline\":\"Biden-Ankl\u00e4gerin Tara Reade zu RT: Joe Biden war schon immer voreingenommen gegen Russland\",\"datePublished\":\"2023-06-02T18:37:23+00:00\",\"dateModified\":\"2023-06-02T18:37:23+00:00\",\"mainEntityOfPage\":{\"@id\":\"https:\/\/now-news.de\/de\/deutschland\/biden-anklaegerin-tara-reade-zu-rt-joe-biden-war-schon-immer-voreingenommen-gegen-russland\/\"},\"wordCount\":337,\"commentCount\":0,\"publisher\":{\"@id\":\"https:\/\/now-news.de\/de\/#organization\"},\"image\":{\"@id\":\"https:\/\/now-news.de\/de\/deutschland\/biden-anklaegerin-tara-reade-zu-rt-joe-biden-war-schon-immer-voreingenommen-gegen-russland\/#primaryimage\"},\"thumbnailUrl\":\"https:\/\/now-news.de\/de\/wp-content\/uploads\/sites\/3\/2023\/06\/Biden-Anklaegerin-Tara-Reade-zu-RT-Joe-Biden-war-schon-immer.jpg\",\"keywords\":[\"Biden\",\"BidenAnkl\u00e4gerin\",\"gegen\",\"Immer\",\"Joe\",\"Reade\",\"russland\",\"schon\",\"Tara\",\"voreingenommen\",\"War\"],\"articleSection\":[\"Deutschland\",\"Russland\"],\"inLanguage\":\"de\",\"potentialAction\":[{\"@type\":\"CommentAction\",\"name\":\"Comment\",\"target\":[\"https:\/\/now-news.de\/de\/deutschland\/biden-anklaegerin-tara-reade-zu-rt-joe-biden-war-schon-immer-voreingenommen-gegen-russland\/#respond\"]}]},{\"@type\":\"WebPage\",\"@id\":\"https:\/\/now-news.de\/de\/deutschland\/biden-anklaegerin-tara-reade-zu-rt-joe-biden-war-schon-immer-voreingenommen-gegen-russland\/\",\"url\":\"https:\/\/now-news.de\/de\/deutschland\/biden-anklaegerin-tara-reade-zu-rt-joe-biden-war-schon-immer-voreingenommen-gegen-russland\/\",\"name\":\"Biden-Ankl\u00e4gerin Tara Reade zu RT: Joe Biden war schon immer voreingenommen gegen Russland - just-now.NEWS Deutschland\",\"isPartOf\":{\"@id\":\"https:\/\/now-news.de\/de\/#website\"},\"primaryImageOfPage\":{\"@id\":\"https:\/\/now-news.de\/de\/deutschland\/biden-anklaegerin-tara-reade-zu-rt-joe-biden-war-schon-immer-voreingenommen-gegen-russland\/#primaryimage\"},\"image\":{\"@id\":\"https:\/\/now-news.de\/de\/deutschland\/biden-anklaegerin-tara-reade-zu-rt-joe-biden-war-schon-immer-voreingenommen-gegen-russland\/#primaryimage\"},\"thumbnailUrl\":\"https:\/\/now-news.de\/de\/wp-content\/uploads\/sites\/3\/2023\/06\/Biden-Anklaegerin-Tara-Reade-zu-RT-Joe-Biden-war-schon-immer.jpg\",\"datePublished\":\"2023-06-02T18:37:23+00:00\",\"dateModified\":\"2023-06-02T18:37:23+00:00\",\"breadcrumb\":{\"@id\":\"https:\/\/now-news.de\/de\/deutschland\/biden-anklaegerin-tara-reade-zu-rt-joe-biden-war-schon-immer-voreingenommen-gegen-russland\/#breadcrumb\"},\"inLanguage\":\"de\",\"potentialAction\":[{\"@type\":\"ReadAction\",\"target\":[\"https:\/\/now-news.de\/de\/deutschland\/biden-anklaegerin-tara-reade-zu-rt-joe-biden-war-schon-immer-voreingenommen-gegen-russland\/\"]}]},{\"@type\":\"ImageObject\",\"inLanguage\":\"de\",\"@id\":\"https:\/\/now-news.de\/de\/deutschland\/biden-anklaegerin-tara-reade-zu-rt-joe-biden-war-schon-immer-voreingenommen-gegen-russland\/#primaryimage\",\"url\":\"https:\/\/now-news.de\/de\/wp-content\/uploads\/sites\/3\/2023\/06\/Biden-Anklaegerin-Tara-Reade-zu-RT-Joe-Biden-war-schon-immer.jpg\",\"contentUrl\":\"https:\/\/now-news.de\/de\/wp-content\/uploads\/sites\/3\/2023\/06\/Biden-Anklaegerin-Tara-Reade-zu-RT-Joe-Biden-war-schon-immer.jpg\",\"width\":460,\"height\":259,\"caption\":\"Biden-Ankl\u00e4gerin Tara Reade zu RT: Joe Biden war schon immer voreingenommen gegen Russland\"},{\"@type\":\"BreadcrumbList\",\"@id\":\"https:\/\/now-news.de\/de\/deutschland\/biden-anklaegerin-tara-reade-zu-rt-joe-biden-war-schon-immer-voreingenommen-gegen-russland\/#breadcrumb\",\"itemListElement\":[{\"@type\":\"ListItem\",\"position\":1,\"name\":\"Home\",\"item\":\"https:\/\/now-news.de\/de\/\"},{\"@type\":\"ListItem\",\"position\":2,\"name\":\"Biden-Ankl\u00e4gerin Tara Reade zu RT: Joe Biden war schon immer voreingenommen gegen Russland\"}]},{\"@type\":\"WebSite\",\"@id\":\"https:\/\/now-news.de\/de\/#website\",\"url\":\"https:\/\/now-news.de\/de\/\",\"name\":\"just-now.NEWS Deutschland\",\"description\":\"Das Portal f\u00fcr unzensierte Nachrichten aus der Welt\",\"publisher\":{\"@id\":\"https:\/\/now-news.de\/de\/#organization\"},\"potentialAction\":[{\"@type\":\"SearchAction\",\"target\":{\"@type\":\"EntryPoint\",\"urlTemplate\":\"https:\/\/now-news.de\/de\/?s={search_term_string}\"},\"query-input\":\"required name=search_term_string\"}],\"inLanguage\":\"de\"},{\"@type\":\"Organization\",\"@id\":\"https:\/\/now-news.de\/de\/#organization\",\"name\":\"Just Now News\",\"url\":\"https:\/\/now-news.de\/de\/\",\"logo\":{\"@type\":\"ImageObject\",\"inLanguage\":\"de\",\"@id\":\"https:\/\/now-news.de\/de\/#\/schema\/logo\/image\/\",\"url\":\"http:\/\/just-now.news\/de\/wp-content\/uploads\/sites\/3\/2022\/04\/logo500x500.jpg\",\"contentUrl\":\"http:\/\/just-now.news\/de\/wp-content\/uploads\/sites\/3\/2022\/04\/logo500x500.jpg\",\"width\":500,\"height\":500,\"caption\":\"Just Now News\"},\"image\":{\"@id\":\"https:\/\/now-news.de\/de\/#\/schema\/logo\/image\/\"},\"sameAs\":[\"https:\/\/www.facebook.com\/wirmachenauf\",\"https:\/\/x.com\/WirMachenAuf_de\"]},{\"@type\":\"Person\",\"@id\":\"https:\/\/now-news.de\/de\/#\/schema\/person\/fb534a4e865501d8b3285208df34a9b5\",\"name\":\"rtnews\",\"image\":{\"@type\":\"ImageObject\",\"inLanguage\":\"de\",\"@id\":\"https:\/\/now-news.de\/de\/#\/schema\/person\/image\/\",\"url\":\"https:\/\/secure.gravatar.com\/avatar\/82aafea7d8127119dd649515f56e2117?s=96&d=mm&r=g\",\"contentUrl\":\"https:\/\/secure.gravatar.com\/avatar\/82aafea7d8127119dd649515f56e2117?s=96&d=mm&r=g\",\"caption\":\"rtnews\"},\"url\":\"https:\/\/now-news.de\/de\/author\/rnews\/\"}]}<\/script>\n<!-- \/ Yoast SEO Premium plugin. -->","yoast_head_json":{"title":"Biden-Ankl\u00e4gerin Tara Reade zu RT: Joe Biden war schon immer voreingenommen gegen Russland - just-now.NEWS Deutschland","robots":{"index":"index","follow":"follow","max-snippet":"max-snippet:-1","max-image-preview":"max-image-preview:large","max-video-preview":"max-video-preview:-1"},"canonical":"https:\/\/now-news.de\/de\/deutschland\/biden-anklaegerin-tara-reade-zu-rt-joe-biden-war-schon-immer-voreingenommen-gegen-russland\/","og_locale":"de_DE","og_type":"article","og_title":"Biden-Ankl\u00e4gerin Tara Reade zu RT: Joe Biden war schon immer voreingenommen gegen Russland","og_description":"In einem Exklusiv-Interview mit RT behauptet die ehemalige Assistentin des heutigen US-Pr\u00e4sidenten, dass Joe Biden Anfang der 1990er Jahre in Bezug auf Russland unter anderem verk\u00fcndete: &#8220;Sie werden niemals einen Platz am Tisch bekommen.&#8221; Der heutige US-Pr\u00e4sident Joe Biden hegt seit Jahrzehnten eine Voreingenommenheit gegen\u00fcber Russland, die er auch schon lange vor den aktuellen Spannungen [&hellip;]","og_url":"https:\/\/now-news.de\/de\/deutschland\/biden-anklaegerin-tara-reade-zu-rt-joe-biden-war-schon-immer-voreingenommen-gegen-russland\/","og_site_name":"just-now.NEWS Deutschland","article_publisher":"https:\/\/www.facebook.com\/wirmachenauf","article_published_time":"2023-06-02T18:37:23+00:00","og_image":[{"width":460,"height":259,"url":"https:\/\/now-news.de\/de\/wp-content\/uploads\/sites\/3\/2023\/06\/Biden-Anklaegerin-Tara-Reade-zu-RT-Joe-Biden-war-schon-immer.jpg","type":"image\/jpeg"}],"author":"rtnews","twitter_card":"summary_large_image","twitter_creator":"@WirMachenAuf_de","twitter_site":"@WirMachenAuf_de","twitter_misc":{"Verfasst von":"rtnews","Gesch\u00e4tzte Lesezeit":"2\u00a0Minuten"},"schema":{"@context":"https:\/\/schema.org","@graph":[{"@type":"Article","@id":"https:\/\/now-news.de\/de\/deutschland\/biden-anklaegerin-tara-reade-zu-rt-joe-biden-war-schon-immer-voreingenommen-gegen-russland\/#article","isPartOf":{"@id":"https:\/\/now-news.de\/de\/deutschland\/biden-anklaegerin-tara-reade-zu-rt-joe-biden-war-schon-immer-voreingenommen-gegen-russland\/"},"author":{"name":"rtnews","@id":"https:\/\/now-news.de\/de\/#\/schema\/person\/fb534a4e865501d8b3285208df34a9b5"},"headline":"Biden-Ankl\u00e4gerin Tara Reade zu RT: Joe Biden war schon immer voreingenommen gegen Russland","datePublished":"2023-06-02T18:37:23+00:00","dateModified":"2023-06-02T18:37:23+00:00","mainEntityOfPage":{"@id":"https:\/\/now-news.de\/de\/deutschland\/biden-anklaegerin-tara-reade-zu-rt-joe-biden-war-schon-immer-voreingenommen-gegen-russland\/"},"wordCount":337,"commentCount":0,"publisher":{"@id":"https:\/\/now-news.de\/de\/#organization"},"image":{"@id":"https:\/\/now-news.de\/de\/deutschland\/biden-anklaegerin-tara-reade-zu-rt-joe-biden-war-schon-immer-voreingenommen-gegen-russland\/#primaryimage"},"thumbnailUrl":"https:\/\/now-news.de\/de\/wp-content\/uploads\/sites\/3\/2023\/06\/Biden-Anklaegerin-Tara-Reade-zu-RT-Joe-Biden-war-schon-immer.jpg","keywords":["Biden","BidenAnkl\u00e4gerin","gegen","Immer","Joe","Reade","russland","schon","Tara","voreingenommen","War"],"articleSection":["Deutschland","Russland"],"inLanguage":"de","potentialAction":[{"@type":"CommentAction","name":"Comment","target":["https:\/\/now-news.de\/de\/deutschland\/biden-anklaegerin-tara-reade-zu-rt-joe-biden-war-schon-immer-voreingenommen-gegen-russland\/#respond"]}]},{"@type":"WebPage","@id":"https:\/\/now-news.de\/de\/deutschland\/biden-anklaegerin-tara-reade-zu-rt-joe-biden-war-schon-immer-voreingenommen-gegen-russland\/","url":"https:\/\/now-news.de\/de\/deutschland\/biden-anklaegerin-tara-reade-zu-rt-joe-biden-war-schon-immer-voreingenommen-gegen-russland\/","name":"Biden-Ankl\u00e4gerin Tara Reade zu RT: Joe Biden war schon immer voreingenommen gegen Russland - just-now.NEWS Deutschland","isPartOf":{"@id":"https:\/\/now-news.de\/de\/#website"},"primaryImageOfPage":{"@id":"https:\/\/now-news.de\/de\/deutschland\/biden-anklaegerin-tara-reade-zu-rt-joe-biden-war-schon-immer-voreingenommen-gegen-russland\/#primaryimage"},"image":{"@id":"https:\/\/now-news.de\/de\/deutschland\/biden-anklaegerin-tara-reade-zu-rt-joe-biden-war-schon-immer-voreingenommen-gegen-russland\/#primaryimage"},"thumbnailUrl":"https:\/\/now-news.de\/de\/wp-content\/uploads\/sites\/3\/2023\/06\/Biden-Anklaegerin-Tara-Reade-zu-RT-Joe-Biden-war-schon-immer.jpg","datePublished":"2023-06-02T18:37:23+00:00","dateModified":"2023-06-02T18:37:23+00:00","breadcrumb":{"@id":"https:\/\/now-news.de\/de\/deutschland\/biden-anklaegerin-tara-reade-zu-rt-joe-biden-war-schon-immer-voreingenommen-gegen-russland\/#breadcrumb"},"inLanguage":"de","potentialAction":[{"@type":"ReadAction","target":["https:\/\/now-news.de\/de\/deutschland\/biden-anklaegerin-tara-reade-zu-rt-joe-biden-war-schon-immer-voreingenommen-gegen-russland\/"]}]},{"@type":"ImageObject","inLanguage":"de","@id":"https:\/\/now-news.de\/de\/deutschland\/biden-anklaegerin-tara-reade-zu-rt-joe-biden-war-schon-immer-voreingenommen-gegen-russland\/#primaryimage","url":"https:\/\/now-news.de\/de\/wp-content\/uploads\/sites\/3\/2023\/06\/Biden-Anklaegerin-Tara-Reade-zu-RT-Joe-Biden-war-schon-immer.jpg","contentUrl":"https:\/\/now-news.de\/de\/wp-content\/uploads\/sites\/3\/2023\/06\/Biden-Anklaegerin-Tara-Reade-zu-RT-Joe-Biden-war-schon-immer.jpg","width":460,"height":259,"caption":"Biden-Ankl\u00e4gerin Tara Reade zu RT: Joe Biden war schon immer voreingenommen gegen Russland"},{"@type":"BreadcrumbList","@id":"https:\/\/now-news.de\/de\/deutschland\/biden-anklaegerin-tara-reade-zu-rt-joe-biden-war-schon-immer-voreingenommen-gegen-russland\/#breadcrumb","itemListElement":[{"@type":"ListItem","position":1,"name":"Home","item":"https:\/\/now-news.de\/de\/"},{"@type":"ListItem","position":2,"name":"Biden-Ankl\u00e4gerin Tara Reade zu RT: Joe Biden war schon immer voreingenommen gegen Russland"}]},{"@type":"WebSite","@id":"https:\/\/now-news.de\/de\/#website","url":"https:\/\/now-news.de\/de\/","name":"just-now.NEWS Deutschland","description":"Das Portal f\u00fcr unzensierte Nachrichten aus der Welt","publisher":{"@id":"https:\/\/now-news.de\/de\/#organization"},"potentialAction":[{"@type":"SearchAction","target":{"@type":"EntryPoint","urlTemplate":"https:\/\/now-news.de\/de\/?s={search_term_string}"},"query-input":"required name=search_term_string"}],"inLanguage":"de"},{"@type":"Organization","@id":"https:\/\/now-news.de\/de\/#organization","name":"Just Now News","url":"https:\/\/now-news.de\/de\/","logo":{"@type":"ImageObject","inLanguage":"de","@id":"https:\/\/now-news.de\/de\/#\/schema\/logo\/image\/","url":"http:\/\/just-now.news\/de\/wp-content\/uploads\/sites\/3\/2022\/04\/logo500x500.jpg","contentUrl":"http:\/\/just-now.news\/de\/wp-content\/uploads\/sites\/3\/2022\/04\/logo500x500.jpg","width":500,"height":500,"caption":"Just Now News"},"image":{"@id":"https:\/\/now-news.de\/de\/#\/schema\/logo\/image\/"},"sameAs":["https:\/\/www.facebook.com\/wirmachenauf","https:\/\/x.com\/WirMachenAuf_de"]},{"@type":"Person","@id":"https:\/\/now-news.de\/de\/#\/schema\/person\/fb534a4e865501d8b3285208df34a9b5","name":"rtnews","image":{"@type":"ImageObject","inLanguage":"de","@id":"https:\/\/now-news.de\/de\/#\/schema\/person\/image\/","url":"https:\/\/secure.gravatar.com\/avatar\/82aafea7d8127119dd649515f56e2117?s=96&d=mm&r=g","contentUrl":"https:\/\/secure.gravatar.com\/avatar\/82aafea7d8127119dd649515f56e2117?s=96&d=mm&r=g","caption":"rtnews"},"url":"https:\/\/now-news.de\/de\/author\/rnews\/"}]}},"_links":{"self":[{"href":"https:\/\/now-news.de\/de\/wp-json\/wp\/v2\/posts\/37329"}],"collection":[{"href":"https:\/\/now-news.de\/de\/wp-json\/wp\/v2\/posts"}],"about":[{"href":"https:\/\/now-news.de\/de\/wp-json\/wp\/v2\/types\/post"}],"author":[{"embeddable":true,"href":"https:\/\/now-news.de\/de\/wp-json\/wp\/v2\/users\/3"}],"replies":[{"embeddable":true,"href":"https:\/\/now-news.de\/de\/wp-json\/wp\/v2\/comments?post=37329"}],"version-history":[{"count":0,"href":"https:\/\/now-news.de\/de\/wp-json\/wp\/v2\/posts\/37329\/revisions"}],"wp:featuredmedia":[{"embeddable":true,"href":"https:\/\/now-news.de\/de\/wp-json\/wp\/v2\/media\/37330"}],"wp:attachment":[{"href":"https:\/\/now-news.de\/de\/wp-json\/wp\/v2\/media?parent=37329"}],"wp:term":[{"taxonomy":"category","embeddable":true,"href":"https:\/\/now-news.de\/de\/wp-json\/wp\/v2\/categories?post=37329"},{"taxonomy":"post_tag","embeddable":true,"href":"https:\/\/now-news.de\/de\/wp-json\/wp\/v2\/tags?post=37329"}],"curies":[{"name":"wp","href":"https:\/\/api.w.org\/{rel}","templated":true}]}}