{"id":37288,"date":"2023-06-02T14:40:41","date_gmt":"2023-06-02T12:40:41","guid":{"rendered":"https:\/\/just-now.news\/de\/deutschland\/grossangriff-der-wehrbeauftragten-bundeswehr-in-alle-schulen-und-rueckkehr-der-musterung\/"},"modified":"2023-06-02T14:40:41","modified_gmt":"2023-06-02T12:40:41","slug":"grossangriff-der-wehrbeauftragten-bundeswehr-in-alle-schulen-und-rueckkehr-der-musterung","status":"publish","type":"post","link":"https:\/\/now-news.de\/de\/deutschland\/grossangriff-der-wehrbeauftragten-bundeswehr-in-alle-schulen-und-rueckkehr-der-musterung\/","title":{"rendered":"Gro\u00dfangriff der Wehrbeauftragten: Bundeswehr in alle Schulen und R\u00fcckkehr der Musterung"},"content":{"rendered":"<p><img decoding=\"async\" src=\"http:\/\/just-now.news\/de\/wp-content\/uploads\/sites\/3\/2023\/06\/6479cd03b480cc224f4432b5.jpg\" \/><\/p>\n<div class=\"Text-root Text-type_1 \">\n                Wenn es nach Eva H\u00f6gl (SPD), der Wehrbeauftragten des Deutschen Bundestages ginge, &#8220;muss die Bundeswehr an allen Schulen werben d\u00fcrfen&#8221;. Zudem spricht sich die 54-J\u00e4hrige f\u00fcr die Wiedereinf\u00fchrung der milit\u00e4rischen Musterung aus \u2013 zun\u00e4chst auch ohne Wiedereinf\u00fchrung der Wehrpflicht.\n            <\/div>\n<p><\/p>\n<div class=\"Text-root Text-type_5 ArticleView-text ViewText-root \">\n<p>In einem Interview mit der Nachrichtenplattform <em>t-online<\/em> am Freitag sprach sich die Wehrbeauftragte des Deutschen Bundestages Eva H\u00f6gl (SPD) daf\u00fcr aus, dass die Bundeswehr Zugang zu allen Schulen bekommen m\u00fcsse.<\/p>\n<p>Laut H\u00f6gl m\u00fcsse die Bundeswehr an allen Schulen werben d\u00fcrfen. Wenn &#8220;Jungoffiziere&#8221; vor Sch\u00fclern spr\u00e4chen, sei das &#8220;keine aggressive Werbung, sondern kl\u00e4rt \u00fcber die Arbeit der Bundeswehr auf&#8221;, meint die SPD-Politikerin gegen\u00fcber <em>t-online<\/em>.<\/p>\n<p>Und obwohl die Wehrpflicht seit 2011 in der Bundesrepublik Deutschland ausgesetzt wurde und auch nicht wieder eingef\u00fchrt werden soll, regt H\u00f6gl nun zudem an, alle potenziellen Bewerber f\u00fcr die Bundeswehr auf ihre Wehrdienstf\u00e4higkeit zu untersuchen.<\/p>\n<p>Zwar spricht sich auch die SPD-Politikerin gegen eine R\u00fcckkehr zur Wehrpflicht aus, doch die Idee eines verpflichtenden &#8220;Dienstjahres f\u00fcr Deutschland&#8221;, das im zivilen oder milit\u00e4rischen Bereich abgeleistet werden k\u00f6nne, finde sie &#8220;diskussionsw\u00fcrdig&#8221;. H\u00f6gl sinniert gegen\u00fcber <em>t-online<\/em>:<\/p>\n<blockquote>\n<p><em>&#8220;Man k\u00f6nnte wie in Schweden einen gesamten Jahrgang junger Leute f\u00fcr die Bundeswehr zur Musterung einladen. Und sie dann, sofern sie wehrf\u00e4hig sind, selbst entscheiden lassen, ob sie sich engagieren wollen oder nicht.&#8221;<\/em><\/p>\n<\/blockquote>\n<p>Diese Musterung sollte sich dann auch an alle Geschlechter richten, fordert H\u00f6gl und f\u00fcgte hinzu:<\/p>\n<blockquote>\n<p><em>&#8220;Die Aussetzung der Wehrpflicht in Deutschland wieder r\u00fcckg\u00e4ngig zu machen, hilft \u00fcberhaupt nicht. Wir haben nicht gen\u00fcgend Ausbilder und nicht gen\u00fcgend Infrastruktur daf\u00fcr.&#8221;<\/em><\/p>\n<\/blockquote>\n<p>Der Bundeskanzler hatte sich im Februar dieses Jahres, ebenso wie der neuernannte Bundesminister der Verteidigung Boris Pistorius, gegen eine Wiedereinf\u00fchrung der Wehrpflicht ausgesprochen. Das ergebe &#8220;keinen Sinn&#8221;, meinte auch Olaf Scholz damals und stellte sich aber zugleich auch gegen einen Vorsto\u00df von Pistorius, der gute Argumente f\u00fcr eine allgemeine Dienstpflicht sieht.<\/p>\n<p>Eine weitere Bef\u00fcrwortung der Wiedereinf\u00fchrung der Wehrpflicht kommt \u2013 wenig verwunderlich \u2013 vom Reservistenverband der Bundeswehr. Dies sei laut dem Verband die einzige M\u00f6glichkeit, die deutschen Truppen aufzustocken.<\/p>\n<p>In einer Umfrage des Meinungsforschungsinstituts Ipsos vom M\u00e4rz sprachen sich auch bereits 61 Prozent der Deutschen f\u00fcr die Wiedereinf\u00fchrung der Dienstpflicht aus.<\/p>\n<p>43 Prozent der Befragten erkl\u00e4rten zudem, dass eine k\u00fcnftige Wehrpflicht f\u00fcr alle Geschlechter gelten sollte, lediglich 18 Prozent w\u00fcrden eine Wiedereinf\u00fchrung nur f\u00fcr M\u00e4nner bevorzugen.<\/p>\n<p>Laut der ver\u00f6ffentlichten Umfrage seien angeblich nur 29 Prozent der befragten Bundesb\u00fcrger komplett gegen eine Neuauflage der Wehrpflicht.<\/p>\n<p><strong>Mehr zum Thema<\/strong> \u2013 <a rel=\"nofollow noopener\" target=\"_blank\" href=\"https:\/\/freeassange.rtde.life\/inland\/164859-18775-neue-bundeswehrsoldaten-zahl-rekruten\/\">18.775 neue Bundeswehrsoldaten: Zahl der Rekruten steigt \u2013 auch unter Minderj\u00e4hrigen<\/a><\/p>\n<div class=\"EmbedBlock-root EmbedBlock-externalVideo EmbedBlock-odysee\">\n<div class=\"VkEmbed\"><iframe class=\"lazyload\" data-src=\"https:\/\/odysee.com\/%24\/embed\/%40RTDE%3Ae%2Fabsurde-logik-corona-impfpflicht-bei-bundeswehr-wegen-russischem-aggressor-boris-pistorius%3A3\" frameborder=\"0\" width=\"853\" height=\"480\" allowfullscreen><\/iframe><\/div>\n<\/div>\n<\/div>\n<p><br \/>\n<br \/><a href=\"https:\/\/de.rt.com\/inland\/171644-grossangriff-der-wehrbeauftragten-bundeswehr-in-alle-schulen-und-rueckkehr-zur-musterung\/\">Source link <\/a><\/p>\n","protected":false},"excerpt":{"rendered":"<p>Wenn es nach Eva H\u00f6gl (SPD), der Wehrbeauftragten des Deutschen Bundestages ginge, &#8220;muss die Bundeswehr an allen Schulen werben d\u00fcrfen&#8221;. Zudem spricht sich die 54-J\u00e4hrige f\u00fcr die Wiedereinf\u00fchrung der milit\u00e4rischen Musterung aus \u2013 zun\u00e4chst auch ohne Wiedereinf\u00fchrung der Wehrpflicht. In einem Interview mit der Nachrichtenplattform t-online am Freitag sprach sich die Wehrbeauftragte des Deutschen Bundestages [&hellip;]<\/p>\n","protected":false},"author":3,"featured_media":37289,"comment_status":"open","ping_status":"open","sticky":false,"template":"","format":"standard","meta":{"_yoast_indexnow_last_ping":["1685710333"],"wp_automatic_camp":["217"],"0c283cf43e65c5c2214eec24acf6f320":["Gro\u00dfangriff der Wehrbeauftragten: Bundeswehr in alle Schulen und R\u00fcckkehr der Musterung"],"original_link":["https:\/\/de.rt.com\/inland\/171644-grossangriff-der-wehrbeauftragten-bundeswehr-in-alle-schulen-und-rueckkehr-zur-musterung\/"],"_thumbnail_id":["37289"],"jnews_social_counter_last_update":["1776995266"]},"categories":[19,23],"tags":[271,12292,82,45087,45089,6364,7652,140,45088],"yoast_head":"<!-- This site is optimized with the Yoast SEO Premium plugin v22.7 (Yoast SEO v22.7) - https:\/\/yoast.com\/wordpress\/plugins\/seo\/ -->\n<title>Gro\u00dfangriff der Wehrbeauftragten: Bundeswehr in alle Schulen und R\u00fcckkehr der Musterung - just-now.NEWS Deutschland<\/title>\n<meta name=\"robots\" content=\"index, follow, max-snippet:-1, max-image-preview:large, max-video-preview:-1\" \/>\n<link rel=\"canonical\" href=\"https:\/\/now-news.de\/de\/deutschland\/grossangriff-der-wehrbeauftragten-bundeswehr-in-alle-schulen-und-rueckkehr-der-musterung\/\" \/>\n<meta property=\"og:locale\" content=\"de_DE\" \/>\n<meta property=\"og:type\" content=\"article\" \/>\n<meta property=\"og:title\" content=\"Gro\u00dfangriff der Wehrbeauftragten: Bundeswehr in alle Schulen und R\u00fcckkehr der Musterung\" \/>\n<meta property=\"og:description\" content=\"Wenn es nach Eva H\u00f6gl (SPD), der Wehrbeauftragten des Deutschen Bundestages ginge, &#8220;muss die Bundeswehr an allen Schulen werben d\u00fcrfen&#8221;. Zudem spricht sich die 54-J\u00e4hrige f\u00fcr die Wiedereinf\u00fchrung der milit\u00e4rischen Musterung aus \u2013 zun\u00e4chst auch ohne Wiedereinf\u00fchrung der Wehrpflicht. In einem Interview mit der Nachrichtenplattform t-online am Freitag sprach sich die Wehrbeauftragte des Deutschen Bundestages [&hellip;]\" \/>\n<meta property=\"og:url\" content=\"https:\/\/now-news.de\/de\/deutschland\/grossangriff-der-wehrbeauftragten-bundeswehr-in-alle-schulen-und-rueckkehr-der-musterung\/\" \/>\n<meta property=\"og:site_name\" content=\"just-now.NEWS Deutschland\" \/>\n<meta property=\"article:publisher\" content=\"https:\/\/www.facebook.com\/wirmachenauf\" \/>\n<meta property=\"article:published_time\" content=\"2023-06-02T12:40:41+00:00\" \/>\n<meta property=\"og:image\" content=\"https:\/\/now-news.de\/de\/wp-content\/uploads\/sites\/3\/2023\/06\/Grossangriff-der-Wehrbeauftragten-Bundeswehr-in-alle-Schulen-und-Rueckkehr-der.jpg\" \/>\n\t<meta property=\"og:image:width\" content=\"460\" \/>\n\t<meta property=\"og:image:height\" content=\"259\" \/>\n\t<meta property=\"og:image:type\" content=\"image\/jpeg\" \/>\n<meta name=\"author\" content=\"rtnews\" \/>\n<meta name=\"twitter:card\" content=\"summary_large_image\" \/>\n<meta name=\"twitter:creator\" content=\"@WirMachenAuf_de\" \/>\n<meta name=\"twitter:site\" content=\"@WirMachenAuf_de\" \/>\n<meta name=\"twitter:label1\" content=\"Verfasst von\" \/>\n\t<meta name=\"twitter:data1\" content=\"rtnews\" \/>\n\t<meta name=\"twitter:label2\" content=\"Gesch\u00e4tzte Lesezeit\" \/>\n\t<meta name=\"twitter:data2\" content=\"2\u00a0Minuten\" \/>\n<script type=\"application\/ld+json\" class=\"yoast-schema-graph\">{\"@context\":\"https:\/\/schema.org\",\"@graph\":[{\"@type\":\"Article\",\"@id\":\"https:\/\/now-news.de\/de\/deutschland\/grossangriff-der-wehrbeauftragten-bundeswehr-in-alle-schulen-und-rueckkehr-der-musterung\/#article\",\"isPartOf\":{\"@id\":\"https:\/\/now-news.de\/de\/deutschland\/grossangriff-der-wehrbeauftragten-bundeswehr-in-alle-schulen-und-rueckkehr-der-musterung\/\"},\"author\":{\"name\":\"rtnews\",\"@id\":\"https:\/\/now-news.de\/de\/#\/schema\/person\/fb534a4e865501d8b3285208df34a9b5\"},\"headline\":\"Gro\u00dfangriff der Wehrbeauftragten: Bundeswehr in alle Schulen und R\u00fcckkehr der Musterung\",\"datePublished\":\"2023-06-02T12:40:41+00:00\",\"dateModified\":\"2023-06-02T12:40:41+00:00\",\"mainEntityOfPage\":{\"@id\":\"https:\/\/now-news.de\/de\/deutschland\/grossangriff-der-wehrbeauftragten-bundeswehr-in-alle-schulen-und-rueckkehr-der-musterung\/\"},\"wordCount\":465,\"commentCount\":0,\"publisher\":{\"@id\":\"https:\/\/now-news.de\/de\/#organization\"},\"image\":{\"@id\":\"https:\/\/now-news.de\/de\/deutschland\/grossangriff-der-wehrbeauftragten-bundeswehr-in-alle-schulen-und-rueckkehr-der-musterung\/#primaryimage\"},\"thumbnailUrl\":\"https:\/\/now-news.de\/de\/wp-content\/uploads\/sites\/3\/2023\/06\/Grossangriff-der-Wehrbeauftragten-Bundeswehr-in-alle-Schulen-und-Rueckkehr-der.jpg\",\"keywords\":[\"ALLE\",\"Bundeswehr\",\"der\",\"Gro\u00dfangriff\",\"Musterung\",\"R\u00fcckkehr\",\"Schulen\",\"und\",\"Wehrbeauftragten\"],\"articleSection\":[\"Deutschland\",\"Russland\"],\"inLanguage\":\"de\",\"potentialAction\":[{\"@type\":\"CommentAction\",\"name\":\"Comment\",\"target\":[\"https:\/\/now-news.de\/de\/deutschland\/grossangriff-der-wehrbeauftragten-bundeswehr-in-alle-schulen-und-rueckkehr-der-musterung\/#respond\"]}]},{\"@type\":\"WebPage\",\"@id\":\"https:\/\/now-news.de\/de\/deutschland\/grossangriff-der-wehrbeauftragten-bundeswehr-in-alle-schulen-und-rueckkehr-der-musterung\/\",\"url\":\"https:\/\/now-news.de\/de\/deutschland\/grossangriff-der-wehrbeauftragten-bundeswehr-in-alle-schulen-und-rueckkehr-der-musterung\/\",\"name\":\"Gro\u00dfangriff der Wehrbeauftragten: Bundeswehr in alle Schulen und R\u00fcckkehr der Musterung - just-now.NEWS Deutschland\",\"isPartOf\":{\"@id\":\"https:\/\/now-news.de\/de\/#website\"},\"primaryImageOfPage\":{\"@id\":\"https:\/\/now-news.de\/de\/deutschland\/grossangriff-der-wehrbeauftragten-bundeswehr-in-alle-schulen-und-rueckkehr-der-musterung\/#primaryimage\"},\"image\":{\"@id\":\"https:\/\/now-news.de\/de\/deutschland\/grossangriff-der-wehrbeauftragten-bundeswehr-in-alle-schulen-und-rueckkehr-der-musterung\/#primaryimage\"},\"thumbnailUrl\":\"https:\/\/now-news.de\/de\/wp-content\/uploads\/sites\/3\/2023\/06\/Grossangriff-der-Wehrbeauftragten-Bundeswehr-in-alle-Schulen-und-Rueckkehr-der.jpg\",\"datePublished\":\"2023-06-02T12:40:41+00:00\",\"dateModified\":\"2023-06-02T12:40:41+00:00\",\"breadcrumb\":{\"@id\":\"https:\/\/now-news.de\/de\/deutschland\/grossangriff-der-wehrbeauftragten-bundeswehr-in-alle-schulen-und-rueckkehr-der-musterung\/#breadcrumb\"},\"inLanguage\":\"de\",\"potentialAction\":[{\"@type\":\"ReadAction\",\"target\":[\"https:\/\/now-news.de\/de\/deutschland\/grossangriff-der-wehrbeauftragten-bundeswehr-in-alle-schulen-und-rueckkehr-der-musterung\/\"]}]},{\"@type\":\"ImageObject\",\"inLanguage\":\"de\",\"@id\":\"https:\/\/now-news.de\/de\/deutschland\/grossangriff-der-wehrbeauftragten-bundeswehr-in-alle-schulen-und-rueckkehr-der-musterung\/#primaryimage\",\"url\":\"https:\/\/now-news.de\/de\/wp-content\/uploads\/sites\/3\/2023\/06\/Grossangriff-der-Wehrbeauftragten-Bundeswehr-in-alle-Schulen-und-Rueckkehr-der.jpg\",\"contentUrl\":\"https:\/\/now-news.de\/de\/wp-content\/uploads\/sites\/3\/2023\/06\/Grossangriff-der-Wehrbeauftragten-Bundeswehr-in-alle-Schulen-und-Rueckkehr-der.jpg\",\"width\":460,\"height\":259,\"caption\":\"Gro\u00dfangriff der Wehrbeauftragten: Bundeswehr in alle Schulen und R\u00fcckkehr der Musterung\"},{\"@type\":\"BreadcrumbList\",\"@id\":\"https:\/\/now-news.de\/de\/deutschland\/grossangriff-der-wehrbeauftragten-bundeswehr-in-alle-schulen-und-rueckkehr-der-musterung\/#breadcrumb\",\"itemListElement\":[{\"@type\":\"ListItem\",\"position\":1,\"name\":\"Home\",\"item\":\"https:\/\/now-news.de\/de\/\"},{\"@type\":\"ListItem\",\"position\":2,\"name\":\"Gro\u00dfangriff der Wehrbeauftragten: Bundeswehr in alle Schulen und R\u00fcckkehr der Musterung\"}]},{\"@type\":\"WebSite\",\"@id\":\"https:\/\/now-news.de\/de\/#website\",\"url\":\"https:\/\/now-news.de\/de\/\",\"name\":\"just-now.NEWS Deutschland\",\"description\":\"Das Portal f\u00fcr unzensierte Nachrichten aus der Welt\",\"publisher\":{\"@id\":\"https:\/\/now-news.de\/de\/#organization\"},\"potentialAction\":[{\"@type\":\"SearchAction\",\"target\":{\"@type\":\"EntryPoint\",\"urlTemplate\":\"https:\/\/now-news.de\/de\/?s={search_term_string}\"},\"query-input\":\"required name=search_term_string\"}],\"inLanguage\":\"de\"},{\"@type\":\"Organization\",\"@id\":\"https:\/\/now-news.de\/de\/#organization\",\"name\":\"Just Now News\",\"url\":\"https:\/\/now-news.de\/de\/\",\"logo\":{\"@type\":\"ImageObject\",\"inLanguage\":\"de\",\"@id\":\"https:\/\/now-news.de\/de\/#\/schema\/logo\/image\/\",\"url\":\"http:\/\/just-now.news\/de\/wp-content\/uploads\/sites\/3\/2022\/04\/logo500x500.jpg\",\"contentUrl\":\"http:\/\/just-now.news\/de\/wp-content\/uploads\/sites\/3\/2022\/04\/logo500x500.jpg\",\"width\":500,\"height\":500,\"caption\":\"Just Now News\"},\"image\":{\"@id\":\"https:\/\/now-news.de\/de\/#\/schema\/logo\/image\/\"},\"sameAs\":[\"https:\/\/www.facebook.com\/wirmachenauf\",\"https:\/\/x.com\/WirMachenAuf_de\"]},{\"@type\":\"Person\",\"@id\":\"https:\/\/now-news.de\/de\/#\/schema\/person\/fb534a4e865501d8b3285208df34a9b5\",\"name\":\"rtnews\",\"image\":{\"@type\":\"ImageObject\",\"inLanguage\":\"de\",\"@id\":\"https:\/\/now-news.de\/de\/#\/schema\/person\/image\/\",\"url\":\"https:\/\/secure.gravatar.com\/avatar\/82aafea7d8127119dd649515f56e2117?s=96&d=mm&r=g\",\"contentUrl\":\"https:\/\/secure.gravatar.com\/avatar\/82aafea7d8127119dd649515f56e2117?s=96&d=mm&r=g\",\"caption\":\"rtnews\"},\"url\":\"https:\/\/now-news.de\/de\/author\/rnews\/\"}]}<\/script>\n<!-- \/ Yoast SEO Premium plugin. -->","yoast_head_json":{"title":"Gro\u00dfangriff der Wehrbeauftragten: Bundeswehr in alle Schulen und R\u00fcckkehr der Musterung - just-now.NEWS Deutschland","robots":{"index":"index","follow":"follow","max-snippet":"max-snippet:-1","max-image-preview":"max-image-preview:large","max-video-preview":"max-video-preview:-1"},"canonical":"https:\/\/now-news.de\/de\/deutschland\/grossangriff-der-wehrbeauftragten-bundeswehr-in-alle-schulen-und-rueckkehr-der-musterung\/","og_locale":"de_DE","og_type":"article","og_title":"Gro\u00dfangriff der Wehrbeauftragten: Bundeswehr in alle Schulen und R\u00fcckkehr der Musterung","og_description":"Wenn es nach Eva H\u00f6gl (SPD), der Wehrbeauftragten des Deutschen Bundestages ginge, &#8220;muss die Bundeswehr an allen Schulen werben d\u00fcrfen&#8221;. Zudem spricht sich die 54-J\u00e4hrige f\u00fcr die Wiedereinf\u00fchrung der milit\u00e4rischen Musterung aus \u2013 zun\u00e4chst auch ohne Wiedereinf\u00fchrung der Wehrpflicht. In einem Interview mit der Nachrichtenplattform t-online am Freitag sprach sich die Wehrbeauftragte des Deutschen Bundestages [&hellip;]","og_url":"https:\/\/now-news.de\/de\/deutschland\/grossangriff-der-wehrbeauftragten-bundeswehr-in-alle-schulen-und-rueckkehr-der-musterung\/","og_site_name":"just-now.NEWS Deutschland","article_publisher":"https:\/\/www.facebook.com\/wirmachenauf","article_published_time":"2023-06-02T12:40:41+00:00","og_image":[{"width":460,"height":259,"url":"https:\/\/now-news.de\/de\/wp-content\/uploads\/sites\/3\/2023\/06\/Grossangriff-der-Wehrbeauftragten-Bundeswehr-in-alle-Schulen-und-Rueckkehr-der.jpg","type":"image\/jpeg"}],"author":"rtnews","twitter_card":"summary_large_image","twitter_creator":"@WirMachenAuf_de","twitter_site":"@WirMachenAuf_de","twitter_misc":{"Verfasst von":"rtnews","Gesch\u00e4tzte Lesezeit":"2\u00a0Minuten"},"schema":{"@context":"https:\/\/schema.org","@graph":[{"@type":"Article","@id":"https:\/\/now-news.de\/de\/deutschland\/grossangriff-der-wehrbeauftragten-bundeswehr-in-alle-schulen-und-rueckkehr-der-musterung\/#article","isPartOf":{"@id":"https:\/\/now-news.de\/de\/deutschland\/grossangriff-der-wehrbeauftragten-bundeswehr-in-alle-schulen-und-rueckkehr-der-musterung\/"},"author":{"name":"rtnews","@id":"https:\/\/now-news.de\/de\/#\/schema\/person\/fb534a4e865501d8b3285208df34a9b5"},"headline":"Gro\u00dfangriff der Wehrbeauftragten: Bundeswehr in alle Schulen und R\u00fcckkehr der Musterung","datePublished":"2023-06-02T12:40:41+00:00","dateModified":"2023-06-02T12:40:41+00:00","mainEntityOfPage":{"@id":"https:\/\/now-news.de\/de\/deutschland\/grossangriff-der-wehrbeauftragten-bundeswehr-in-alle-schulen-und-rueckkehr-der-musterung\/"},"wordCount":465,"commentCount":0,"publisher":{"@id":"https:\/\/now-news.de\/de\/#organization"},"image":{"@id":"https:\/\/now-news.de\/de\/deutschland\/grossangriff-der-wehrbeauftragten-bundeswehr-in-alle-schulen-und-rueckkehr-der-musterung\/#primaryimage"},"thumbnailUrl":"https:\/\/now-news.de\/de\/wp-content\/uploads\/sites\/3\/2023\/06\/Grossangriff-der-Wehrbeauftragten-Bundeswehr-in-alle-Schulen-und-Rueckkehr-der.jpg","keywords":["ALLE","Bundeswehr","der","Gro\u00dfangriff","Musterung","R\u00fcckkehr","Schulen","und","Wehrbeauftragten"],"articleSection":["Deutschland","Russland"],"inLanguage":"de","potentialAction":[{"@type":"CommentAction","name":"Comment","target":["https:\/\/now-news.de\/de\/deutschland\/grossangriff-der-wehrbeauftragten-bundeswehr-in-alle-schulen-und-rueckkehr-der-musterung\/#respond"]}]},{"@type":"WebPage","@id":"https:\/\/now-news.de\/de\/deutschland\/grossangriff-der-wehrbeauftragten-bundeswehr-in-alle-schulen-und-rueckkehr-der-musterung\/","url":"https:\/\/now-news.de\/de\/deutschland\/grossangriff-der-wehrbeauftragten-bundeswehr-in-alle-schulen-und-rueckkehr-der-musterung\/","name":"Gro\u00dfangriff der Wehrbeauftragten: Bundeswehr in alle Schulen und R\u00fcckkehr der Musterung - just-now.NEWS Deutschland","isPartOf":{"@id":"https:\/\/now-news.de\/de\/#website"},"primaryImageOfPage":{"@id":"https:\/\/now-news.de\/de\/deutschland\/grossangriff-der-wehrbeauftragten-bundeswehr-in-alle-schulen-und-rueckkehr-der-musterung\/#primaryimage"},"image":{"@id":"https:\/\/now-news.de\/de\/deutschland\/grossangriff-der-wehrbeauftragten-bundeswehr-in-alle-schulen-und-rueckkehr-der-musterung\/#primaryimage"},"thumbnailUrl":"https:\/\/now-news.de\/de\/wp-content\/uploads\/sites\/3\/2023\/06\/Grossangriff-der-Wehrbeauftragten-Bundeswehr-in-alle-Schulen-und-Rueckkehr-der.jpg","datePublished":"2023-06-02T12:40:41+00:00","dateModified":"2023-06-02T12:40:41+00:00","breadcrumb":{"@id":"https:\/\/now-news.de\/de\/deutschland\/grossangriff-der-wehrbeauftragten-bundeswehr-in-alle-schulen-und-rueckkehr-der-musterung\/#breadcrumb"},"inLanguage":"de","potentialAction":[{"@type":"ReadAction","target":["https:\/\/now-news.de\/de\/deutschland\/grossangriff-der-wehrbeauftragten-bundeswehr-in-alle-schulen-und-rueckkehr-der-musterung\/"]}]},{"@type":"ImageObject","inLanguage":"de","@id":"https:\/\/now-news.de\/de\/deutschland\/grossangriff-der-wehrbeauftragten-bundeswehr-in-alle-schulen-und-rueckkehr-der-musterung\/#primaryimage","url":"https:\/\/now-news.de\/de\/wp-content\/uploads\/sites\/3\/2023\/06\/Grossangriff-der-Wehrbeauftragten-Bundeswehr-in-alle-Schulen-und-Rueckkehr-der.jpg","contentUrl":"https:\/\/now-news.de\/de\/wp-content\/uploads\/sites\/3\/2023\/06\/Grossangriff-der-Wehrbeauftragten-Bundeswehr-in-alle-Schulen-und-Rueckkehr-der.jpg","width":460,"height":259,"caption":"Gro\u00dfangriff der Wehrbeauftragten: Bundeswehr in alle Schulen und R\u00fcckkehr der Musterung"},{"@type":"BreadcrumbList","@id":"https:\/\/now-news.de\/de\/deutschland\/grossangriff-der-wehrbeauftragten-bundeswehr-in-alle-schulen-und-rueckkehr-der-musterung\/#breadcrumb","itemListElement":[{"@type":"ListItem","position":1,"name":"Home","item":"https:\/\/now-news.de\/de\/"},{"@type":"ListItem","position":2,"name":"Gro\u00dfangriff der Wehrbeauftragten: Bundeswehr in alle Schulen und R\u00fcckkehr der Musterung"}]},{"@type":"WebSite","@id":"https:\/\/now-news.de\/de\/#website","url":"https:\/\/now-news.de\/de\/","name":"just-now.NEWS Deutschland","description":"Das Portal f\u00fcr unzensierte Nachrichten aus der Welt","publisher":{"@id":"https:\/\/now-news.de\/de\/#organization"},"potentialAction":[{"@type":"SearchAction","target":{"@type":"EntryPoint","urlTemplate":"https:\/\/now-news.de\/de\/?s={search_term_string}"},"query-input":"required name=search_term_string"}],"inLanguage":"de"},{"@type":"Organization","@id":"https:\/\/now-news.de\/de\/#organization","name":"Just Now News","url":"https:\/\/now-news.de\/de\/","logo":{"@type":"ImageObject","inLanguage":"de","@id":"https:\/\/now-news.de\/de\/#\/schema\/logo\/image\/","url":"http:\/\/just-now.news\/de\/wp-content\/uploads\/sites\/3\/2022\/04\/logo500x500.jpg","contentUrl":"http:\/\/just-now.news\/de\/wp-content\/uploads\/sites\/3\/2022\/04\/logo500x500.jpg","width":500,"height":500,"caption":"Just Now News"},"image":{"@id":"https:\/\/now-news.de\/de\/#\/schema\/logo\/image\/"},"sameAs":["https:\/\/www.facebook.com\/wirmachenauf","https:\/\/x.com\/WirMachenAuf_de"]},{"@type":"Person","@id":"https:\/\/now-news.de\/de\/#\/schema\/person\/fb534a4e865501d8b3285208df34a9b5","name":"rtnews","image":{"@type":"ImageObject","inLanguage":"de","@id":"https:\/\/now-news.de\/de\/#\/schema\/person\/image\/","url":"https:\/\/secure.gravatar.com\/avatar\/82aafea7d8127119dd649515f56e2117?s=96&d=mm&r=g","contentUrl":"https:\/\/secure.gravatar.com\/avatar\/82aafea7d8127119dd649515f56e2117?s=96&d=mm&r=g","caption":"rtnews"},"url":"https:\/\/now-news.de\/de\/author\/rnews\/"}]}},"_links":{"self":[{"href":"https:\/\/now-news.de\/de\/wp-json\/wp\/v2\/posts\/37288"}],"collection":[{"href":"https:\/\/now-news.de\/de\/wp-json\/wp\/v2\/posts"}],"about":[{"href":"https:\/\/now-news.de\/de\/wp-json\/wp\/v2\/types\/post"}],"author":[{"embeddable":true,"href":"https:\/\/now-news.de\/de\/wp-json\/wp\/v2\/users\/3"}],"replies":[{"embeddable":true,"href":"https:\/\/now-news.de\/de\/wp-json\/wp\/v2\/comments?post=37288"}],"version-history":[{"count":0,"href":"https:\/\/now-news.de\/de\/wp-json\/wp\/v2\/posts\/37288\/revisions"}],"wp:featuredmedia":[{"embeddable":true,"href":"https:\/\/now-news.de\/de\/wp-json\/wp\/v2\/media\/37289"}],"wp:attachment":[{"href":"https:\/\/now-news.de\/de\/wp-json\/wp\/v2\/media?parent=37288"}],"wp:term":[{"taxonomy":"category","embeddable":true,"href":"https:\/\/now-news.de\/de\/wp-json\/wp\/v2\/categories?post=37288"},{"taxonomy":"post_tag","embeddable":true,"href":"https:\/\/now-news.de\/de\/wp-json\/wp\/v2\/tags?post=37288"}],"curies":[{"name":"wp","href":"https:\/\/api.w.org\/{rel}","templated":true}]}}