{"id":37284,"date":"2023-06-02T14:18:27","date_gmt":"2023-06-02T12:18:27","guid":{"rendered":"http:\/\/just-now.news\/de\/deutschland\/ns-verbrechen-in-stalingrad-koennen-in-russland-als-voelkermord-anerkannt-werden\/"},"modified":"2023-06-02T14:18:27","modified_gmt":"2023-06-02T12:18:27","slug":"ns-verbrechen-in-stalingrad-koennen-in-russland-als-voelkermord-anerkannt-werden","status":"publish","type":"post","link":"https:\/\/now-news.de\/de\/deutschland\/ns-verbrechen-in-stalingrad-koennen-in-russland-als-voelkermord-anerkannt-werden\/","title":{"rendered":"NS-Verbrechen in Stalingrad k\u00f6nnen in Russland als V\u00f6lkermord anerkannt werden"},"content":{"rendered":"<p><img decoding=\"async\" src=\"http:\/\/just-now.news\/de\/wp-content\/uploads\/sites\/3\/2023\/06\/6479d24ab480cc241d4ef48f.jpg\" \/><\/p>\n<div class=\"Text-root Text-type_1 \">\n                Russische Beh\u00f6rden wollen Verbrechen der Nazi-Besatzer in Stalingrad gerichtlich als V\u00f6lkermord klassifizieren. Den Antrag hat am Freitag die Staatsanwaltschaft des Gebietes Wolgograd eingereicht. Der Fremdherrschaft durch die Nazis sind nach Einsch\u00e4tzungen mehr als 130.000 Menschen zum Opfer gefallen.\n            <\/div>\n<p><\/p>\n<div class=\"Text-root Text-type_5 ArticleView-text ViewText-root \">\n<p>Russlands Beh\u00f6rden wollen Verbrechen deutscher Nazis und ihrer Gehilfen in Stalingrad w\u00e4hrend des Zweiten Weltkrieges als V\u00f6lkermord anerkennen. Der entsprechende Antrag hat am Freitag der Staatsanwalt des Gebietes Wolgograd beim Gericht der Region eingereicht. Aus einer Erkl\u00e4rung auf der Webseite der Generalstaatsanwaltschaft Russlands\u00a0<a rel=\"nofollow noopener\" target=\"_blank\" href=\"https:\/\/epp.genproc.gov.ru\/web\/gprf\/mass-media\/news?item=88124391\">geht<\/a>\u00a0hervor, dass es sich um bereits bekannte sowie neu ermittelte Verbrechen handele, die im Zeitraum Juli 1942 bis Februar 1943 auf dem besetzten Gebiet in und um Stalingrad begangen worden seien. Delikte deutscher Besatzer sollen als Kriegsverbrechen, Verbrechen gegen die Menschlichkeit und V\u00f6lkermord der sowjetischen Bewohner klassifiziert werden.<\/p>\n<p>Im Schwerpunkt des Antrags stehen der Schutz nationaler Interessen Russlands sowie die Rechte und Interessen von Familienangeh\u00f6rigen der Opfer und die Wiederherstellung der historischen Gerechtigkeit. Dar\u00fcber hinaus wird die internationale Gemeinschaft \u00fcber die Opfer der Besatzung w\u00e4hrend des Zweiten Weltkrieges in Kenntnis gesetzt.<\/p>\n<p>Zur Begr\u00fcndung ihres Antrags f\u00fchrt die Generalstaatsanwaltschaft zahlreiche Beispiele f\u00fcr die Verbrechen der Nazi-Truppen an. Seit den ersten Tagen der Besatzung begannen sie mit der Pl\u00fcnderung im damaligen Gebiet Stalingrad. S\u00e4mtliche Vorr\u00e4te an Getreide, Vieh und Gefl\u00fcgel wurden f\u00fcr\u00a0Hitlers Armee beschlagnahmt. Jegliche Versuche, die Besatzer an diesen Gr\u00e4ueltaten zu hindern, wurden hart unterdr\u00fcckt, unter anderem durch Pr\u00fcgel, Folter und Hinrichtungen.<\/p>\n<p>Au\u00dferdem wurde\u00a0die Zivilbev\u00f6lkerung zur Arbeitspflicht gezwungen.\u00a0Die\u00a0Besatzungsbeh\u00f6rden transportierten mehr als 64.000 sowjetische B\u00fcrger zur Zwangsarbeit nach Deutschland und in andere europ\u00e4ische Staaten oder in Konzentrationslager ab.\u00a0Die meisten von ihnen verloren w\u00e4hrend dieser massenhaften Verschleppung, wie es die Generalstaatsanwaltschaft bezeichnet, den Kontakt zu ihren Familienangeh\u00f6rigen, viele kamen ums Leben.\u00a0\u00dcber 20.000 sowjetische Soldaten, die w\u00e4hrend der heftigen K\u00e4mpfe von den Nazis gefangengenommen wurden, litten in 47 Lagern des Gebietes unter lebensunw\u00fcrdigen Bedingungen. \u00dcberdies wurden sie Folter, Pr\u00fcgel und Hinrichtungen ausgesetzt.\u00a0Die Gesamtzahl der Opfer der Nazi-Besatzung bel\u00e4uft sich auf mehr als 130.000 Menschen. Dem Gebiet Stalingrad wurden dazu erhebliche materielle Sch\u00e4den\u00a0zugef\u00fcgt\u00a0\u2013 in H\u00f6he von \u00fcber\u00a017 Trillionen Rubel (umgerechnet etwa 195 Milliarden Euro).<\/p>\n<p><strong>Mehr zum Thema\u00a0<\/strong>\u2013\u00a0<a rel=\"nofollow noopener\" target=\"_blank\" href=\"https:\/\/gegenzensur.rtde.live\/international\/171290-sacharowa-ueber-us-hilfen-an\/\">Sacharowa \u00fcber US-Hilfen an Ukraine: US-Investitionen haben bereits zum Zweiten Weltkrieg gef\u00fchrt<\/a><\/p>\n<\/div>\n<p><br \/>\n<br \/><a href=\"https:\/\/de.rt.com\/russland\/171641-ns-verbrechen-in-stalingrad-koennen\/\">Source link <\/a><\/p>\n","protected":false},"excerpt":{"rendered":"<p>Russische Beh\u00f6rden wollen Verbrechen der Nazi-Besatzer in Stalingrad gerichtlich als V\u00f6lkermord klassifizieren. Den Antrag hat am Freitag die Staatsanwaltschaft des Gebietes Wolgograd eingereicht. Der Fremdherrschaft durch die Nazis sind nach Einsch\u00e4tzungen mehr als 130.000 Menschen zum Opfer gefallen. Russlands Beh\u00f6rden wollen Verbrechen deutscher Nazis und ihrer Gehilfen in Stalingrad w\u00e4hrend des Zweiten Weltkrieges als V\u00f6lkermord [&hellip;]<\/p>\n","protected":false},"author":3,"featured_media":37285,"comment_status":"open","ping_status":"open","sticky":false,"template":"","format":"standard","meta":{"_yoast_indexnow_last_ping":["1685708404"],"wp_automatic_camp":["217"],"1fef4889480f4890981040a1f3b097e9":["NS-Verbrechen in Stalingrad k\u00f6nnen in Russland als V\u00f6lkermord anerkannt werden"],"original_link":["https:\/\/de.rt.com\/russland\/171641-ns-verbrechen-in-stalingrad-koennen\/"],"_thumbnail_id":["37285"],"jnews_social_counter_last_update":["1777213255"]},"categories":[19,23],"tags":[273,45082,4296,45081,126,39075,4251,1040],"yoast_head":"<!-- This site is optimized with the Yoast SEO Premium plugin v22.7 (Yoast SEO v22.7) - https:\/\/yoast.com\/wordpress\/plugins\/seo\/ -->\n<title>NS-Verbrechen in Stalingrad k\u00f6nnen in Russland als V\u00f6lkermord anerkannt werden - just-now.NEWS Deutschland<\/title>\n<meta name=\"robots\" content=\"index, follow, max-snippet:-1, max-image-preview:large, max-video-preview:-1\" \/>\n<link rel=\"canonical\" href=\"https:\/\/now-news.de\/de\/deutschland\/ns-verbrechen-in-stalingrad-koennen-in-russland-als-voelkermord-anerkannt-werden\/\" \/>\n<meta property=\"og:locale\" content=\"de_DE\" \/>\n<meta property=\"og:type\" content=\"article\" \/>\n<meta property=\"og:title\" content=\"NS-Verbrechen in Stalingrad k\u00f6nnen in Russland als V\u00f6lkermord anerkannt werden\" \/>\n<meta property=\"og:description\" content=\"Russische Beh\u00f6rden wollen Verbrechen der Nazi-Besatzer in Stalingrad gerichtlich als V\u00f6lkermord klassifizieren. Den Antrag hat am Freitag die Staatsanwaltschaft des Gebietes Wolgograd eingereicht. Der Fremdherrschaft durch die Nazis sind nach Einsch\u00e4tzungen mehr als 130.000 Menschen zum Opfer gefallen. Russlands Beh\u00f6rden wollen Verbrechen deutscher Nazis und ihrer Gehilfen in Stalingrad w\u00e4hrend des Zweiten Weltkrieges als V\u00f6lkermord [&hellip;]\" \/>\n<meta property=\"og:url\" content=\"https:\/\/now-news.de\/de\/deutschland\/ns-verbrechen-in-stalingrad-koennen-in-russland-als-voelkermord-anerkannt-werden\/\" \/>\n<meta property=\"og:site_name\" content=\"just-now.NEWS Deutschland\" \/>\n<meta property=\"article:publisher\" content=\"https:\/\/www.facebook.com\/wirmachenauf\" \/>\n<meta property=\"article:published_time\" content=\"2023-06-02T12:18:27+00:00\" \/>\n<meta property=\"og:image\" content=\"https:\/\/now-news.de\/de\/wp-content\/uploads\/sites\/3\/2023\/06\/NS-Verbrechen-in-Stalingrad-koennen-in-Russland-als-Voelkermord-anerkannt-werden.jpg\" \/>\n\t<meta property=\"og:image:width\" content=\"460\" \/>\n\t<meta property=\"og:image:height\" content=\"259\" \/>\n\t<meta property=\"og:image:type\" content=\"image\/jpeg\" \/>\n<meta name=\"author\" content=\"rtnews\" \/>\n<meta name=\"twitter:card\" content=\"summary_large_image\" \/>\n<meta name=\"twitter:creator\" content=\"@WirMachenAuf_de\" \/>\n<meta name=\"twitter:site\" content=\"@WirMachenAuf_de\" \/>\n<meta name=\"twitter:label1\" content=\"Verfasst von\" \/>\n\t<meta name=\"twitter:data1\" content=\"rtnews\" \/>\n\t<meta name=\"twitter:label2\" content=\"Gesch\u00e4tzte Lesezeit\" \/>\n\t<meta name=\"twitter:data2\" content=\"2\u00a0Minuten\" \/>\n<script type=\"application\/ld+json\" class=\"yoast-schema-graph\">{\"@context\":\"https:\/\/schema.org\",\"@graph\":[{\"@type\":\"Article\",\"@id\":\"https:\/\/now-news.de\/de\/deutschland\/ns-verbrechen-in-stalingrad-koennen-in-russland-als-voelkermord-anerkannt-werden\/#article\",\"isPartOf\":{\"@id\":\"https:\/\/now-news.de\/de\/deutschland\/ns-verbrechen-in-stalingrad-koennen-in-russland-als-voelkermord-anerkannt-werden\/\"},\"author\":{\"name\":\"rtnews\",\"@id\":\"https:\/\/now-news.de\/de\/#\/schema\/person\/fb534a4e865501d8b3285208df34a9b5\"},\"headline\":\"NS-Verbrechen in Stalingrad k\u00f6nnen in Russland als V\u00f6lkermord anerkannt werden\",\"datePublished\":\"2023-06-02T12:18:27+00:00\",\"dateModified\":\"2023-06-02T12:18:27+00:00\",\"mainEntityOfPage\":{\"@id\":\"https:\/\/now-news.de\/de\/deutschland\/ns-verbrechen-in-stalingrad-koennen-in-russland-als-voelkermord-anerkannt-werden\/\"},\"wordCount\":409,\"commentCount\":0,\"publisher\":{\"@id\":\"https:\/\/now-news.de\/de\/#organization\"},\"image\":{\"@id\":\"https:\/\/now-news.de\/de\/deutschland\/ns-verbrechen-in-stalingrad-koennen-in-russland-als-voelkermord-anerkannt-werden\/#primaryimage\"},\"thumbnailUrl\":\"https:\/\/now-news.de\/de\/wp-content\/uploads\/sites\/3\/2023\/06\/NS-Verbrechen-in-Stalingrad-koennen-in-Russland-als-Voelkermord-anerkannt-werden.jpg\",\"keywords\":[\"als\",\"anerkannt\",\"k\u00f6nnen\",\"NSVerbrechen\",\"russland\",\"Stalingrad\",\"V\u00f6lkermord\",\"Werden\"],\"articleSection\":[\"Deutschland\",\"Russland\"],\"inLanguage\":\"de\",\"potentialAction\":[{\"@type\":\"CommentAction\",\"name\":\"Comment\",\"target\":[\"https:\/\/now-news.de\/de\/deutschland\/ns-verbrechen-in-stalingrad-koennen-in-russland-als-voelkermord-anerkannt-werden\/#respond\"]}]},{\"@type\":\"WebPage\",\"@id\":\"https:\/\/now-news.de\/de\/deutschland\/ns-verbrechen-in-stalingrad-koennen-in-russland-als-voelkermord-anerkannt-werden\/\",\"url\":\"https:\/\/now-news.de\/de\/deutschland\/ns-verbrechen-in-stalingrad-koennen-in-russland-als-voelkermord-anerkannt-werden\/\",\"name\":\"NS-Verbrechen in Stalingrad k\u00f6nnen in Russland als V\u00f6lkermord anerkannt werden - just-now.NEWS Deutschland\",\"isPartOf\":{\"@id\":\"https:\/\/now-news.de\/de\/#website\"},\"primaryImageOfPage\":{\"@id\":\"https:\/\/now-news.de\/de\/deutschland\/ns-verbrechen-in-stalingrad-koennen-in-russland-als-voelkermord-anerkannt-werden\/#primaryimage\"},\"image\":{\"@id\":\"https:\/\/now-news.de\/de\/deutschland\/ns-verbrechen-in-stalingrad-koennen-in-russland-als-voelkermord-anerkannt-werden\/#primaryimage\"},\"thumbnailUrl\":\"https:\/\/now-news.de\/de\/wp-content\/uploads\/sites\/3\/2023\/06\/NS-Verbrechen-in-Stalingrad-koennen-in-Russland-als-Voelkermord-anerkannt-werden.jpg\",\"datePublished\":\"2023-06-02T12:18:27+00:00\",\"dateModified\":\"2023-06-02T12:18:27+00:00\",\"breadcrumb\":{\"@id\":\"https:\/\/now-news.de\/de\/deutschland\/ns-verbrechen-in-stalingrad-koennen-in-russland-als-voelkermord-anerkannt-werden\/#breadcrumb\"},\"inLanguage\":\"de\",\"potentialAction\":[{\"@type\":\"ReadAction\",\"target\":[\"https:\/\/now-news.de\/de\/deutschland\/ns-verbrechen-in-stalingrad-koennen-in-russland-als-voelkermord-anerkannt-werden\/\"]}]},{\"@type\":\"ImageObject\",\"inLanguage\":\"de\",\"@id\":\"https:\/\/now-news.de\/de\/deutschland\/ns-verbrechen-in-stalingrad-koennen-in-russland-als-voelkermord-anerkannt-werden\/#primaryimage\",\"url\":\"https:\/\/now-news.de\/de\/wp-content\/uploads\/sites\/3\/2023\/06\/NS-Verbrechen-in-Stalingrad-koennen-in-Russland-als-Voelkermord-anerkannt-werden.jpg\",\"contentUrl\":\"https:\/\/now-news.de\/de\/wp-content\/uploads\/sites\/3\/2023\/06\/NS-Verbrechen-in-Stalingrad-koennen-in-Russland-als-Voelkermord-anerkannt-werden.jpg\",\"width\":460,\"height\":259,\"caption\":\"NS-Verbrechen in Stalingrad k\u00f6nnen in Russland als V\u00f6lkermord anerkannt werden\"},{\"@type\":\"BreadcrumbList\",\"@id\":\"https:\/\/now-news.de\/de\/deutschland\/ns-verbrechen-in-stalingrad-koennen-in-russland-als-voelkermord-anerkannt-werden\/#breadcrumb\",\"itemListElement\":[{\"@type\":\"ListItem\",\"position\":1,\"name\":\"Home\",\"item\":\"https:\/\/now-news.de\/de\/\"},{\"@type\":\"ListItem\",\"position\":2,\"name\":\"NS-Verbrechen in Stalingrad k\u00f6nnen in Russland als V\u00f6lkermord anerkannt werden\"}]},{\"@type\":\"WebSite\",\"@id\":\"https:\/\/now-news.de\/de\/#website\",\"url\":\"https:\/\/now-news.de\/de\/\",\"name\":\"just-now.NEWS Deutschland\",\"description\":\"Das Portal f\u00fcr unzensierte Nachrichten aus der Welt\",\"publisher\":{\"@id\":\"https:\/\/now-news.de\/de\/#organization\"},\"potentialAction\":[{\"@type\":\"SearchAction\",\"target\":{\"@type\":\"EntryPoint\",\"urlTemplate\":\"https:\/\/now-news.de\/de\/?s={search_term_string}\"},\"query-input\":\"required name=search_term_string\"}],\"inLanguage\":\"de\"},{\"@type\":\"Organization\",\"@id\":\"https:\/\/now-news.de\/de\/#organization\",\"name\":\"Just Now News\",\"url\":\"https:\/\/now-news.de\/de\/\",\"logo\":{\"@type\":\"ImageObject\",\"inLanguage\":\"de\",\"@id\":\"https:\/\/now-news.de\/de\/#\/schema\/logo\/image\/\",\"url\":\"http:\/\/just-now.news\/de\/wp-content\/uploads\/sites\/3\/2022\/04\/logo500x500.jpg\",\"contentUrl\":\"http:\/\/just-now.news\/de\/wp-content\/uploads\/sites\/3\/2022\/04\/logo500x500.jpg\",\"width\":500,\"height\":500,\"caption\":\"Just Now News\"},\"image\":{\"@id\":\"https:\/\/now-news.de\/de\/#\/schema\/logo\/image\/\"},\"sameAs\":[\"https:\/\/www.facebook.com\/wirmachenauf\",\"https:\/\/x.com\/WirMachenAuf_de\"]},{\"@type\":\"Person\",\"@id\":\"https:\/\/now-news.de\/de\/#\/schema\/person\/fb534a4e865501d8b3285208df34a9b5\",\"name\":\"rtnews\",\"image\":{\"@type\":\"ImageObject\",\"inLanguage\":\"de\",\"@id\":\"https:\/\/now-news.de\/de\/#\/schema\/person\/image\/\",\"url\":\"https:\/\/secure.gravatar.com\/avatar\/82aafea7d8127119dd649515f56e2117?s=96&d=mm&r=g\",\"contentUrl\":\"https:\/\/secure.gravatar.com\/avatar\/82aafea7d8127119dd649515f56e2117?s=96&d=mm&r=g\",\"caption\":\"rtnews\"},\"url\":\"https:\/\/now-news.de\/de\/author\/rnews\/\"}]}<\/script>\n<!-- \/ Yoast SEO Premium plugin. -->","yoast_head_json":{"title":"NS-Verbrechen in Stalingrad k\u00f6nnen in Russland als V\u00f6lkermord anerkannt werden - just-now.NEWS Deutschland","robots":{"index":"index","follow":"follow","max-snippet":"max-snippet:-1","max-image-preview":"max-image-preview:large","max-video-preview":"max-video-preview:-1"},"canonical":"https:\/\/now-news.de\/de\/deutschland\/ns-verbrechen-in-stalingrad-koennen-in-russland-als-voelkermord-anerkannt-werden\/","og_locale":"de_DE","og_type":"article","og_title":"NS-Verbrechen in Stalingrad k\u00f6nnen in Russland als V\u00f6lkermord anerkannt werden","og_description":"Russische Beh\u00f6rden wollen Verbrechen der Nazi-Besatzer in Stalingrad gerichtlich als V\u00f6lkermord klassifizieren. Den Antrag hat am Freitag die Staatsanwaltschaft des Gebietes Wolgograd eingereicht. Der Fremdherrschaft durch die Nazis sind nach Einsch\u00e4tzungen mehr als 130.000 Menschen zum Opfer gefallen. Russlands Beh\u00f6rden wollen Verbrechen deutscher Nazis und ihrer Gehilfen in Stalingrad w\u00e4hrend des Zweiten Weltkrieges als V\u00f6lkermord [&hellip;]","og_url":"https:\/\/now-news.de\/de\/deutschland\/ns-verbrechen-in-stalingrad-koennen-in-russland-als-voelkermord-anerkannt-werden\/","og_site_name":"just-now.NEWS Deutschland","article_publisher":"https:\/\/www.facebook.com\/wirmachenauf","article_published_time":"2023-06-02T12:18:27+00:00","og_image":[{"width":460,"height":259,"url":"https:\/\/now-news.de\/de\/wp-content\/uploads\/sites\/3\/2023\/06\/NS-Verbrechen-in-Stalingrad-koennen-in-Russland-als-Voelkermord-anerkannt-werden.jpg","type":"image\/jpeg"}],"author":"rtnews","twitter_card":"summary_large_image","twitter_creator":"@WirMachenAuf_de","twitter_site":"@WirMachenAuf_de","twitter_misc":{"Verfasst von":"rtnews","Gesch\u00e4tzte Lesezeit":"2\u00a0Minuten"},"schema":{"@context":"https:\/\/schema.org","@graph":[{"@type":"Article","@id":"https:\/\/now-news.de\/de\/deutschland\/ns-verbrechen-in-stalingrad-koennen-in-russland-als-voelkermord-anerkannt-werden\/#article","isPartOf":{"@id":"https:\/\/now-news.de\/de\/deutschland\/ns-verbrechen-in-stalingrad-koennen-in-russland-als-voelkermord-anerkannt-werden\/"},"author":{"name":"rtnews","@id":"https:\/\/now-news.de\/de\/#\/schema\/person\/fb534a4e865501d8b3285208df34a9b5"},"headline":"NS-Verbrechen in Stalingrad k\u00f6nnen in Russland als V\u00f6lkermord anerkannt werden","datePublished":"2023-06-02T12:18:27+00:00","dateModified":"2023-06-02T12:18:27+00:00","mainEntityOfPage":{"@id":"https:\/\/now-news.de\/de\/deutschland\/ns-verbrechen-in-stalingrad-koennen-in-russland-als-voelkermord-anerkannt-werden\/"},"wordCount":409,"commentCount":0,"publisher":{"@id":"https:\/\/now-news.de\/de\/#organization"},"image":{"@id":"https:\/\/now-news.de\/de\/deutschland\/ns-verbrechen-in-stalingrad-koennen-in-russland-als-voelkermord-anerkannt-werden\/#primaryimage"},"thumbnailUrl":"https:\/\/now-news.de\/de\/wp-content\/uploads\/sites\/3\/2023\/06\/NS-Verbrechen-in-Stalingrad-koennen-in-Russland-als-Voelkermord-anerkannt-werden.jpg","keywords":["als","anerkannt","k\u00f6nnen","NSVerbrechen","russland","Stalingrad","V\u00f6lkermord","Werden"],"articleSection":["Deutschland","Russland"],"inLanguage":"de","potentialAction":[{"@type":"CommentAction","name":"Comment","target":["https:\/\/now-news.de\/de\/deutschland\/ns-verbrechen-in-stalingrad-koennen-in-russland-als-voelkermord-anerkannt-werden\/#respond"]}]},{"@type":"WebPage","@id":"https:\/\/now-news.de\/de\/deutschland\/ns-verbrechen-in-stalingrad-koennen-in-russland-als-voelkermord-anerkannt-werden\/","url":"https:\/\/now-news.de\/de\/deutschland\/ns-verbrechen-in-stalingrad-koennen-in-russland-als-voelkermord-anerkannt-werden\/","name":"NS-Verbrechen in Stalingrad k\u00f6nnen in Russland als V\u00f6lkermord anerkannt werden - just-now.NEWS Deutschland","isPartOf":{"@id":"https:\/\/now-news.de\/de\/#website"},"primaryImageOfPage":{"@id":"https:\/\/now-news.de\/de\/deutschland\/ns-verbrechen-in-stalingrad-koennen-in-russland-als-voelkermord-anerkannt-werden\/#primaryimage"},"image":{"@id":"https:\/\/now-news.de\/de\/deutschland\/ns-verbrechen-in-stalingrad-koennen-in-russland-als-voelkermord-anerkannt-werden\/#primaryimage"},"thumbnailUrl":"https:\/\/now-news.de\/de\/wp-content\/uploads\/sites\/3\/2023\/06\/NS-Verbrechen-in-Stalingrad-koennen-in-Russland-als-Voelkermord-anerkannt-werden.jpg","datePublished":"2023-06-02T12:18:27+00:00","dateModified":"2023-06-02T12:18:27+00:00","breadcrumb":{"@id":"https:\/\/now-news.de\/de\/deutschland\/ns-verbrechen-in-stalingrad-koennen-in-russland-als-voelkermord-anerkannt-werden\/#breadcrumb"},"inLanguage":"de","potentialAction":[{"@type":"ReadAction","target":["https:\/\/now-news.de\/de\/deutschland\/ns-verbrechen-in-stalingrad-koennen-in-russland-als-voelkermord-anerkannt-werden\/"]}]},{"@type":"ImageObject","inLanguage":"de","@id":"https:\/\/now-news.de\/de\/deutschland\/ns-verbrechen-in-stalingrad-koennen-in-russland-als-voelkermord-anerkannt-werden\/#primaryimage","url":"https:\/\/now-news.de\/de\/wp-content\/uploads\/sites\/3\/2023\/06\/NS-Verbrechen-in-Stalingrad-koennen-in-Russland-als-Voelkermord-anerkannt-werden.jpg","contentUrl":"https:\/\/now-news.de\/de\/wp-content\/uploads\/sites\/3\/2023\/06\/NS-Verbrechen-in-Stalingrad-koennen-in-Russland-als-Voelkermord-anerkannt-werden.jpg","width":460,"height":259,"caption":"NS-Verbrechen in Stalingrad k\u00f6nnen in Russland als V\u00f6lkermord anerkannt werden"},{"@type":"BreadcrumbList","@id":"https:\/\/now-news.de\/de\/deutschland\/ns-verbrechen-in-stalingrad-koennen-in-russland-als-voelkermord-anerkannt-werden\/#breadcrumb","itemListElement":[{"@type":"ListItem","position":1,"name":"Home","item":"https:\/\/now-news.de\/de\/"},{"@type":"ListItem","position":2,"name":"NS-Verbrechen in Stalingrad k\u00f6nnen in Russland als V\u00f6lkermord anerkannt werden"}]},{"@type":"WebSite","@id":"https:\/\/now-news.de\/de\/#website","url":"https:\/\/now-news.de\/de\/","name":"just-now.NEWS Deutschland","description":"Das Portal f\u00fcr unzensierte Nachrichten aus der Welt","publisher":{"@id":"https:\/\/now-news.de\/de\/#organization"},"potentialAction":[{"@type":"SearchAction","target":{"@type":"EntryPoint","urlTemplate":"https:\/\/now-news.de\/de\/?s={search_term_string}"},"query-input":"required name=search_term_string"}],"inLanguage":"de"},{"@type":"Organization","@id":"https:\/\/now-news.de\/de\/#organization","name":"Just Now News","url":"https:\/\/now-news.de\/de\/","logo":{"@type":"ImageObject","inLanguage":"de","@id":"https:\/\/now-news.de\/de\/#\/schema\/logo\/image\/","url":"http:\/\/just-now.news\/de\/wp-content\/uploads\/sites\/3\/2022\/04\/logo500x500.jpg","contentUrl":"http:\/\/just-now.news\/de\/wp-content\/uploads\/sites\/3\/2022\/04\/logo500x500.jpg","width":500,"height":500,"caption":"Just Now News"},"image":{"@id":"https:\/\/now-news.de\/de\/#\/schema\/logo\/image\/"},"sameAs":["https:\/\/www.facebook.com\/wirmachenauf","https:\/\/x.com\/WirMachenAuf_de"]},{"@type":"Person","@id":"https:\/\/now-news.de\/de\/#\/schema\/person\/fb534a4e865501d8b3285208df34a9b5","name":"rtnews","image":{"@type":"ImageObject","inLanguage":"de","@id":"https:\/\/now-news.de\/de\/#\/schema\/person\/image\/","url":"https:\/\/secure.gravatar.com\/avatar\/82aafea7d8127119dd649515f56e2117?s=96&d=mm&r=g","contentUrl":"https:\/\/secure.gravatar.com\/avatar\/82aafea7d8127119dd649515f56e2117?s=96&d=mm&r=g","caption":"rtnews"},"url":"https:\/\/now-news.de\/de\/author\/rnews\/"}]}},"_links":{"self":[{"href":"https:\/\/now-news.de\/de\/wp-json\/wp\/v2\/posts\/37284"}],"collection":[{"href":"https:\/\/now-news.de\/de\/wp-json\/wp\/v2\/posts"}],"about":[{"href":"https:\/\/now-news.de\/de\/wp-json\/wp\/v2\/types\/post"}],"author":[{"embeddable":true,"href":"https:\/\/now-news.de\/de\/wp-json\/wp\/v2\/users\/3"}],"replies":[{"embeddable":true,"href":"https:\/\/now-news.de\/de\/wp-json\/wp\/v2\/comments?post=37284"}],"version-history":[{"count":0,"href":"https:\/\/now-news.de\/de\/wp-json\/wp\/v2\/posts\/37284\/revisions"}],"wp:featuredmedia":[{"embeddable":true,"href":"https:\/\/now-news.de\/de\/wp-json\/wp\/v2\/media\/37285"}],"wp:attachment":[{"href":"https:\/\/now-news.de\/de\/wp-json\/wp\/v2\/media?parent=37284"}],"wp:term":[{"taxonomy":"category","embeddable":true,"href":"https:\/\/now-news.de\/de\/wp-json\/wp\/v2\/categories?post=37284"},{"taxonomy":"post_tag","embeddable":true,"href":"https:\/\/now-news.de\/de\/wp-json\/wp\/v2\/tags?post=37284"}],"curies":[{"name":"wp","href":"https:\/\/api.w.org\/{rel}","templated":true}]}}