{"id":37269,"date":"2023-06-02T10:51:20","date_gmt":"2023-06-02T08:51:20","guid":{"rendered":"https:\/\/just-now.news\/de\/deutschland\/ein-sandsack-im-wege-us-praesident-biden-bei-air-force-abschlussfeier-gestuerzt\/"},"modified":"2023-06-02T10:51:20","modified_gmt":"2023-06-02T08:51:20","slug":"ein-sandsack-im-wege-us-praesident-biden-bei-air-force-abschlussfeier-gestuerzt","status":"publish","type":"post","link":"https:\/\/now-news.de\/de\/deutschland\/ein-sandsack-im-wege-us-praesident-biden-bei-air-force-abschlussfeier-gestuerzt\/","title":{"rendered":"Ein Sandsack im Wege \u2013 US-Pr\u00e4sident Biden bei Air-Force-Abschlussfeier gest\u00fcrzt"},"content":{"rendered":"<p><img decoding=\"async\" src=\"http:\/\/just-now.news\/de\/wp-content\/uploads\/sites\/3\/2023\/06\/647989f8b480cc28b240412d.jpg\" \/><\/p>\n<div class=\"Text-root Text-type_1 \">\n                US-Pr\u00e4sident Joe Biden ist w\u00e4hrend einer Feier der Air Force Academy beim Verlassen der B\u00fchne \u00fcber einen Sandsack gestolpert und gefallen. Laut Angaben des Wei\u00dfen Hauses gehe es ihm gut.\n            <\/div>\n<p><\/p>\n<div class=\"Text-root Text-type_5 ArticleView-text ViewText-root \">\n<p>Pr\u00e4sident Joe Biden stolperte \u00fcber einen Sandsack und fiel hin, als er am Donnerstag die Verleihung der Diplome f\u00fcr Absolventen einer Milit\u00e4rakademie an der US Air Force Academy im US-Bundesstaat Colorado beendet hatte.<\/p>\n<p>Zuvor hatte er eine Er\u00f6ffnungsrede\u00a0f\u00fcr die Absolventen der Akademie gehalten und rund 90 Minuten lang die Diplome pers\u00f6nlich \u00fcberreicht. In ihm bekannter Manier, wollte er im Anschluss &#8220;t\u00e4nzelnd&#8221; die B\u00fchne verlassen, kam jedoch unmittelbar ins Straucheln.\u00a0<\/p>\n<div class=\"EmbedBlock-root EmbedBlock-twitter\">\n<div class=\"TwitterEmbed\">\n<blockquote class=\"twitter-tweet lazyload\" data-twitter=\"twitter-tweet\">\n<p lang=\"en\" dir=\"ltr\">BREAKING: Biden takes a big fall on stage just now at the U.S. Air Force Academy graduation <a rel=\"nofollow noopener\" target=\"_blank\" href=\"https:\/\/t.co\/GxkMbpyoNo\">pic.twitter.com\/GxkMbpyoNo<\/a><\/p>\n<p>\u2014 Jake Schneider (@jacobkschneider) <a rel=\"nofollow noopener\" target=\"_blank\" href=\"https:\/\/twitter.com\/jacobkschneider\/status\/1664343681321541636?ref_src=twsrc%5Etfw\">June 1, 2023<\/a><\/p><\/blockquote>\n<\/div>\n<\/div>\n<p>Nachdem ihm mehrere Personen aufgeholfen hatten, ging er ohne Hilfe zu seinem Platz auf der Trib\u00fcne. Das Wei\u00dfe Haus teilte sp\u00e4ter mit, dass es dem Pr\u00e4sidenten nach dem Sturz gut ging. Am Ende der Zeremonie sah man ihn l\u00e4chelnd und joggend zu seinem Fahrzeug gehen. Sp\u00e4ter scherzte er \u00fcber das Ereignis und rief Reportern zu, nachdem er am Abend aus dem Marine-One-Pr\u00e4sidialhubschrauber ausgestiegen war:<\/p>\n<blockquote>\n<p><em>&#8220;Ich habe einen Sandsack bekommen!&#8221; (zu Deutsch: Ich wurde reingelegt!) <br \/><\/em><\/p>\n<\/blockquote>\n<div class=\"EmbedBlock-root EmbedBlock-twitter\">\n<div class=\"TwitterEmbed\">\n<blockquote class=\"twitter-tweet lazyload\" data-twitter=\"twitter-tweet\">\n<p lang=\"en\" dir=\"ltr\">\u201cI got sandbagged!\u201d \u2066<a rel=\"nofollow noopener\" target=\"_blank\" href=\"https:\/\/twitter.com\/POTUS?ref_src=twsrc%5Etfw\">@POTUS<\/a>\u2069 tells reporters who asked how he was feeling after his fall this afternoon when he returned to the White House. <a rel=\"nofollow noopener\" target=\"_blank\" href=\"https:\/\/t.co\/msyX22MPiS\">pic.twitter.com\/msyX22MPiS<\/a><\/p>\n<p>\u2014 Molly Nagle (@MollyNagle3) <a rel=\"nofollow noopener\" target=\"_blank\" href=\"https:\/\/twitter.com\/MollyNagle3\/status\/1664410241625210880?ref_src=twsrc%5Etfw\">June 1, 2023<\/a><\/p><\/blockquote>\n<\/div>\n<\/div>\n<p>Dabei wiederum stie\u00df er sich zuvor beim <a rel=\"nofollow noopener\" target=\"_blank\" href=\"https:\/\/www.the-sun.com\/news\/8264163\/joe-biden-falls-during-air-force-academy-graduation-ceremony\/\">Verlassen<\/a> des Hubschraubers noch den Kopf. Die Sands\u00e4cke in Colorado waren verwendet worden, um zwei Teleprompter auf der B\u00fchne zu beschweren. Der US-Sender <em>CNN<\/em>\u00a0<a rel=\"nofollow noopener\" target=\"_blank\" href=\"https:\/\/edition.cnn.com\/2023\/06\/01\/politics\/biden-us-air-force-academy-trip\/index.html\">zitierte<\/a> Ausz\u00fcge aus der Rede Bidens vor den Navy-Absolventen:<\/p>\n<blockquote>\n<p><em>&#8220;Als ich vor 300 Jahren die Highschool abschloss, bewarb ich mich an der Marineakademie.&#8221;<\/em><\/p>\n<\/blockquote>\n<p>Nutzer der sozialen Medien diskutierten derweil bereits, ob dieser Satz lediglich lustig sein sollte oder einen weiteren Beweis f\u00fcr Bidens\u00a0aktuellen mentalen Zustand darstellte. Bei den letzten Untersuchungen hatte sein\u00a0Arzt hinsichtlich des auff\u00e4lligen steifen Gangs des Pr\u00e4sidenten kommentiert, dass &#8220;dies auf Verschlei\u00dferscheinungen an Bidens Wirbels\u00e4ule zur\u00fcckzuf\u00fchren&#8221; sei. Bei der j\u00fcngsten Untersuchung wurde demnach <a rel=\"nofollow noopener\" target=\"_blank\" href=\"https:\/\/edition.cnn.com\/2023\/06\/01\/politics\/biden-us-air-force-academy-trip\/index.html\">festgestellt<\/a>, dass der Zustand unver\u00e4ndert ist, wenn auch mit &#8220;m\u00f6glicherweise strafferen Kniesehnen und Waden&#8221;.<\/p>\n<p>Donald Trump regierte nach entsprechenden Informationen \u00fcberraschend besorgt und ohne H\u00e4me \u00fcber den Sturz seines Rivalen. Trump kommentierte das Ereignis im Rahmen einer Wahlkampfveranstaltung im US-Bundesstaat Iowa mit den Worten: &#8220;Ich hoffe, er hat sich nicht wehgetan&#8221;, um dann doch noch in bekannter Manier nachzuschieben:<\/p>\n<blockquote>\n<p><em>&#8220;Die ganze Sache ist verr\u00fcckt. Man muss vorsichtig sein, denn das will man nicht, vor allem, wenn man auf Zehenspitzen eine B\u00fchne verl\u00e4sst.&#8221;<\/em><\/p>\n<\/blockquote>\n<div class=\"EmbedBlock-root EmbedBlock-twitter\">\n<div class=\"TwitterEmbed\">\n<blockquote class=\"twitter-tweet lazyload\" data-twitter=\"twitter-tweet\">\n<p lang=\"en\" dir=\"ltr\">\ud83d\udea8 BREAKING: Trump reacts to Biden falling  <a rel=\"nofollow noopener\" target=\"_blank\" href=\"https:\/\/t.co\/j8Rz7VJoH4\">pic.twitter.com\/j8Rz7VJoH4<\/a><\/p>\n<p>\u2014 Benny Johnson (@bennyjohnson) <a rel=\"nofollow noopener\" target=\"_blank\" href=\"https:\/\/twitter.com\/bennyjohnson\/status\/1664357710932918272?ref_src=twsrc%5Etfw\">June 1, 2023<\/a><\/p><\/blockquote>\n<\/div>\n<\/div>\n<p><strong>Mehr zum Thema &#8211;<\/strong>\u00a0<a rel=\"nofollow noopener\" target=\"_blank\" href=\"https:\/\/freeassange.rtde.life\/international\/171201-biden-und-republikanerfuehrer-erzielen-vorlaeufige\/\">Biden und Republikanerf\u00fchrer erzielen &#8220;vorl\u00e4ufige&#8221; Einigung \u00fcber Schuldenobergrenze<\/a><\/p>\n<\/p>\n<\/div>\n<p><script async src=\"https:\/\/platform.twitter.com\/widgets.js\" charset=\"utf-8\"><\/script><br \/>\n<br \/><br \/>\n<br \/><a href=\"https:\/\/de.rt.com\/international\/171617-us-praesident-joe-biden-nach\/\">Source link <\/a><\/p>\n","protected":false},"excerpt":{"rendered":"<p>US-Pr\u00e4sident Joe Biden ist w\u00e4hrend einer Feier der Air Force Academy beim Verlassen der B\u00fchne \u00fcber einen Sandsack gestolpert und gefallen. Laut Angaben des Wei\u00dfen Hauses gehe es ihm gut. Pr\u00e4sident Joe Biden stolperte \u00fcber einen Sandsack und fiel hin, als er am Donnerstag die Verleihung der Diplome f\u00fcr Absolventen einer Milit\u00e4rakademie an der US [&hellip;]<\/p>\n","protected":false},"author":3,"featured_media":37270,"comment_status":"open","ping_status":"open","sticky":false,"template":"","format":"standard","meta":{"_yoast_indexnow_last_ping":["1685696823"],"wp_automatic_camp":["217"],"1cc984d9a986d1f4f49eccf8c18975ad":["Ein Sandsack im Wege \u2013 US-Pr\u00e4sident Biden bei Air-Force-Abschlussfeier gest\u00fcrzt"],"original_link":["https:\/\/de.rt.com\/international\/171617-us-praesident-joe-biden-nach\/"],"_thumbnail_id":["37270"],"jnews_social_counter_last_update":["1777361517"]},"categories":[19,23],"tags":[45070,363,1348,357,25776,45069,2021,3780],"yoast_head":"<!-- This site is optimized with the Yoast SEO Premium plugin v22.7 (Yoast SEO v22.7) - https:\/\/yoast.com\/wordpress\/plugins\/seo\/ -->\n<title>Ein Sandsack im Wege \u2013 US-Pr\u00e4sident Biden bei Air-Force-Abschlussfeier gest\u00fcrzt - just-now.NEWS Deutschland<\/title>\n<meta name=\"robots\" content=\"index, follow, max-snippet:-1, max-image-preview:large, max-video-preview:-1\" \/>\n<link rel=\"canonical\" href=\"https:\/\/now-news.de\/de\/deutschland\/ein-sandsack-im-wege-us-praesident-biden-bei-air-force-abschlussfeier-gestuerzt\/\" \/>\n<meta property=\"og:locale\" content=\"de_DE\" \/>\n<meta property=\"og:type\" content=\"article\" \/>\n<meta property=\"og:title\" content=\"Ein Sandsack im Wege \u2013 US-Pr\u00e4sident Biden bei Air-Force-Abschlussfeier gest\u00fcrzt\" \/>\n<meta property=\"og:description\" content=\"US-Pr\u00e4sident Joe Biden ist w\u00e4hrend einer Feier der Air Force Academy beim Verlassen der B\u00fchne \u00fcber einen Sandsack gestolpert und gefallen. Laut Angaben des Wei\u00dfen Hauses gehe es ihm gut. Pr\u00e4sident Joe Biden stolperte \u00fcber einen Sandsack und fiel hin, als er am Donnerstag die Verleihung der Diplome f\u00fcr Absolventen einer Milit\u00e4rakademie an der US [&hellip;]\" \/>\n<meta property=\"og:url\" content=\"https:\/\/now-news.de\/de\/deutschland\/ein-sandsack-im-wege-us-praesident-biden-bei-air-force-abschlussfeier-gestuerzt\/\" \/>\n<meta property=\"og:site_name\" content=\"just-now.NEWS Deutschland\" \/>\n<meta property=\"article:publisher\" content=\"https:\/\/www.facebook.com\/wirmachenauf\" \/>\n<meta property=\"article:published_time\" content=\"2023-06-02T08:51:20+00:00\" \/>\n<meta property=\"og:image\" content=\"https:\/\/now-news.de\/de\/wp-content\/uploads\/sites\/3\/2023\/06\/Ein-Sandsack-im-Wege-\u2013-US-Praesident-Biden-bei-Air-Force-Abschlussfeier-gestuerzt.jpg\" \/>\n\t<meta property=\"og:image:width\" content=\"460\" \/>\n\t<meta property=\"og:image:height\" content=\"259\" \/>\n\t<meta property=\"og:image:type\" content=\"image\/jpeg\" \/>\n<meta name=\"author\" content=\"rtnews\" \/>\n<meta name=\"twitter:card\" content=\"summary_large_image\" \/>\n<meta name=\"twitter:creator\" content=\"@WirMachenAuf_de\" \/>\n<meta name=\"twitter:site\" content=\"@WirMachenAuf_de\" \/>\n<meta name=\"twitter:label1\" content=\"Verfasst von\" \/>\n\t<meta name=\"twitter:data1\" content=\"rtnews\" \/>\n\t<meta name=\"twitter:label2\" content=\"Gesch\u00e4tzte Lesezeit\" \/>\n\t<meta name=\"twitter:data2\" content=\"2\u00a0Minuten\" \/>\n<script type=\"application\/ld+json\" class=\"yoast-schema-graph\">{\"@context\":\"https:\/\/schema.org\",\"@graph\":[{\"@type\":\"Article\",\"@id\":\"https:\/\/now-news.de\/de\/deutschland\/ein-sandsack-im-wege-us-praesident-biden-bei-air-force-abschlussfeier-gestuerzt\/#article\",\"isPartOf\":{\"@id\":\"https:\/\/now-news.de\/de\/deutschland\/ein-sandsack-im-wege-us-praesident-biden-bei-air-force-abschlussfeier-gestuerzt\/\"},\"author\":{\"name\":\"rtnews\",\"@id\":\"https:\/\/now-news.de\/de\/#\/schema\/person\/fb534a4e865501d8b3285208df34a9b5\"},\"headline\":\"Ein Sandsack im Wege \u2013 US-Pr\u00e4sident Biden bei Air-Force-Abschlussfeier gest\u00fcrzt\",\"datePublished\":\"2023-06-02T08:51:20+00:00\",\"dateModified\":\"2023-06-02T08:51:20+00:00\",\"mainEntityOfPage\":{\"@id\":\"https:\/\/now-news.de\/de\/deutschland\/ein-sandsack-im-wege-us-praesident-biden-bei-air-force-abschlussfeier-gestuerzt\/\"},\"wordCount\":501,\"commentCount\":0,\"publisher\":{\"@id\":\"https:\/\/now-news.de\/de\/#organization\"},\"image\":{\"@id\":\"https:\/\/now-news.de\/de\/deutschland\/ein-sandsack-im-wege-us-praesident-biden-bei-air-force-abschlussfeier-gestuerzt\/#primaryimage\"},\"thumbnailUrl\":\"https:\/\/now-news.de\/de\/wp-content\/uploads\/sites\/3\/2023\/06\/Ein-Sandsack-im-Wege-\u2013-US-Praesident-Biden-bei-Air-Force-Abschlussfeier-gestuerzt.jpg\",\"keywords\":[\"AirForceAbschlussfeier\",\"bei\",\"Biden\",\"ein\",\"gest\u00fcrzt\",\"Sandsack\",\"USPr\u00e4sident\",\"Wege\"],\"articleSection\":[\"Deutschland\",\"Russland\"],\"inLanguage\":\"de\",\"potentialAction\":[{\"@type\":\"CommentAction\",\"name\":\"Comment\",\"target\":[\"https:\/\/now-news.de\/de\/deutschland\/ein-sandsack-im-wege-us-praesident-biden-bei-air-force-abschlussfeier-gestuerzt\/#respond\"]}]},{\"@type\":\"WebPage\",\"@id\":\"https:\/\/now-news.de\/de\/deutschland\/ein-sandsack-im-wege-us-praesident-biden-bei-air-force-abschlussfeier-gestuerzt\/\",\"url\":\"https:\/\/now-news.de\/de\/deutschland\/ein-sandsack-im-wege-us-praesident-biden-bei-air-force-abschlussfeier-gestuerzt\/\",\"name\":\"Ein Sandsack im Wege \u2013 US-Pr\u00e4sident Biden bei Air-Force-Abschlussfeier gest\u00fcrzt - just-now.NEWS Deutschland\",\"isPartOf\":{\"@id\":\"https:\/\/now-news.de\/de\/#website\"},\"primaryImageOfPage\":{\"@id\":\"https:\/\/now-news.de\/de\/deutschland\/ein-sandsack-im-wege-us-praesident-biden-bei-air-force-abschlussfeier-gestuerzt\/#primaryimage\"},\"image\":{\"@id\":\"https:\/\/now-news.de\/de\/deutschland\/ein-sandsack-im-wege-us-praesident-biden-bei-air-force-abschlussfeier-gestuerzt\/#primaryimage\"},\"thumbnailUrl\":\"https:\/\/now-news.de\/de\/wp-content\/uploads\/sites\/3\/2023\/06\/Ein-Sandsack-im-Wege-\u2013-US-Praesident-Biden-bei-Air-Force-Abschlussfeier-gestuerzt.jpg\",\"datePublished\":\"2023-06-02T08:51:20+00:00\",\"dateModified\":\"2023-06-02T08:51:20+00:00\",\"breadcrumb\":{\"@id\":\"https:\/\/now-news.de\/de\/deutschland\/ein-sandsack-im-wege-us-praesident-biden-bei-air-force-abschlussfeier-gestuerzt\/#breadcrumb\"},\"inLanguage\":\"de\",\"potentialAction\":[{\"@type\":\"ReadAction\",\"target\":[\"https:\/\/now-news.de\/de\/deutschland\/ein-sandsack-im-wege-us-praesident-biden-bei-air-force-abschlussfeier-gestuerzt\/\"]}]},{\"@type\":\"ImageObject\",\"inLanguage\":\"de\",\"@id\":\"https:\/\/now-news.de\/de\/deutschland\/ein-sandsack-im-wege-us-praesident-biden-bei-air-force-abschlussfeier-gestuerzt\/#primaryimage\",\"url\":\"https:\/\/now-news.de\/de\/wp-content\/uploads\/sites\/3\/2023\/06\/Ein-Sandsack-im-Wege-\u2013-US-Praesident-Biden-bei-Air-Force-Abschlussfeier-gestuerzt.jpg\",\"contentUrl\":\"https:\/\/now-news.de\/de\/wp-content\/uploads\/sites\/3\/2023\/06\/Ein-Sandsack-im-Wege-\u2013-US-Praesident-Biden-bei-Air-Force-Abschlussfeier-gestuerzt.jpg\",\"width\":460,\"height\":259,\"caption\":\"Ein Sandsack im Wege \u2013 US-Pr\u00e4sident Biden bei Air-Force-Abschlussfeier gest\u00fcrzt\"},{\"@type\":\"BreadcrumbList\",\"@id\":\"https:\/\/now-news.de\/de\/deutschland\/ein-sandsack-im-wege-us-praesident-biden-bei-air-force-abschlussfeier-gestuerzt\/#breadcrumb\",\"itemListElement\":[{\"@type\":\"ListItem\",\"position\":1,\"name\":\"Home\",\"item\":\"https:\/\/now-news.de\/de\/\"},{\"@type\":\"ListItem\",\"position\":2,\"name\":\"Ein Sandsack im Wege \u2013 US-Pr\u00e4sident Biden bei Air-Force-Abschlussfeier gest\u00fcrzt\"}]},{\"@type\":\"WebSite\",\"@id\":\"https:\/\/now-news.de\/de\/#website\",\"url\":\"https:\/\/now-news.de\/de\/\",\"name\":\"just-now.NEWS Deutschland\",\"description\":\"Das Portal f\u00fcr unzensierte Nachrichten aus der Welt\",\"publisher\":{\"@id\":\"https:\/\/now-news.de\/de\/#organization\"},\"potentialAction\":[{\"@type\":\"SearchAction\",\"target\":{\"@type\":\"EntryPoint\",\"urlTemplate\":\"https:\/\/now-news.de\/de\/?s={search_term_string}\"},\"query-input\":\"required name=search_term_string\"}],\"inLanguage\":\"de\"},{\"@type\":\"Organization\",\"@id\":\"https:\/\/now-news.de\/de\/#organization\",\"name\":\"Just Now News\",\"url\":\"https:\/\/now-news.de\/de\/\",\"logo\":{\"@type\":\"ImageObject\",\"inLanguage\":\"de\",\"@id\":\"https:\/\/now-news.de\/de\/#\/schema\/logo\/image\/\",\"url\":\"http:\/\/just-now.news\/de\/wp-content\/uploads\/sites\/3\/2022\/04\/logo500x500.jpg\",\"contentUrl\":\"http:\/\/just-now.news\/de\/wp-content\/uploads\/sites\/3\/2022\/04\/logo500x500.jpg\",\"width\":500,\"height\":500,\"caption\":\"Just Now News\"},\"image\":{\"@id\":\"https:\/\/now-news.de\/de\/#\/schema\/logo\/image\/\"},\"sameAs\":[\"https:\/\/www.facebook.com\/wirmachenauf\",\"https:\/\/x.com\/WirMachenAuf_de\"]},{\"@type\":\"Person\",\"@id\":\"https:\/\/now-news.de\/de\/#\/schema\/person\/fb534a4e865501d8b3285208df34a9b5\",\"name\":\"rtnews\",\"image\":{\"@type\":\"ImageObject\",\"inLanguage\":\"de\",\"@id\":\"https:\/\/now-news.de\/de\/#\/schema\/person\/image\/\",\"url\":\"https:\/\/secure.gravatar.com\/avatar\/82aafea7d8127119dd649515f56e2117?s=96&d=mm&r=g\",\"contentUrl\":\"https:\/\/secure.gravatar.com\/avatar\/82aafea7d8127119dd649515f56e2117?s=96&d=mm&r=g\",\"caption\":\"rtnews\"},\"url\":\"https:\/\/now-news.de\/de\/author\/rnews\/\"}]}<\/script>\n<!-- \/ Yoast SEO Premium plugin. -->","yoast_head_json":{"title":"Ein Sandsack im Wege \u2013 US-Pr\u00e4sident Biden bei Air-Force-Abschlussfeier gest\u00fcrzt - just-now.NEWS Deutschland","robots":{"index":"index","follow":"follow","max-snippet":"max-snippet:-1","max-image-preview":"max-image-preview:large","max-video-preview":"max-video-preview:-1"},"canonical":"https:\/\/now-news.de\/de\/deutschland\/ein-sandsack-im-wege-us-praesident-biden-bei-air-force-abschlussfeier-gestuerzt\/","og_locale":"de_DE","og_type":"article","og_title":"Ein Sandsack im Wege \u2013 US-Pr\u00e4sident Biden bei Air-Force-Abschlussfeier gest\u00fcrzt","og_description":"US-Pr\u00e4sident Joe Biden ist w\u00e4hrend einer Feier der Air Force Academy beim Verlassen der B\u00fchne \u00fcber einen Sandsack gestolpert und gefallen. Laut Angaben des Wei\u00dfen Hauses gehe es ihm gut. Pr\u00e4sident Joe Biden stolperte \u00fcber einen Sandsack und fiel hin, als er am Donnerstag die Verleihung der Diplome f\u00fcr Absolventen einer Milit\u00e4rakademie an der US [&hellip;]","og_url":"https:\/\/now-news.de\/de\/deutschland\/ein-sandsack-im-wege-us-praesident-biden-bei-air-force-abschlussfeier-gestuerzt\/","og_site_name":"just-now.NEWS Deutschland","article_publisher":"https:\/\/www.facebook.com\/wirmachenauf","article_published_time":"2023-06-02T08:51:20+00:00","og_image":[{"width":460,"height":259,"url":"https:\/\/now-news.de\/de\/wp-content\/uploads\/sites\/3\/2023\/06\/Ein-Sandsack-im-Wege-\u2013-US-Praesident-Biden-bei-Air-Force-Abschlussfeier-gestuerzt.jpg","type":"image\/jpeg"}],"author":"rtnews","twitter_card":"summary_large_image","twitter_creator":"@WirMachenAuf_de","twitter_site":"@WirMachenAuf_de","twitter_misc":{"Verfasst von":"rtnews","Gesch\u00e4tzte Lesezeit":"2\u00a0Minuten"},"schema":{"@context":"https:\/\/schema.org","@graph":[{"@type":"Article","@id":"https:\/\/now-news.de\/de\/deutschland\/ein-sandsack-im-wege-us-praesident-biden-bei-air-force-abschlussfeier-gestuerzt\/#article","isPartOf":{"@id":"https:\/\/now-news.de\/de\/deutschland\/ein-sandsack-im-wege-us-praesident-biden-bei-air-force-abschlussfeier-gestuerzt\/"},"author":{"name":"rtnews","@id":"https:\/\/now-news.de\/de\/#\/schema\/person\/fb534a4e865501d8b3285208df34a9b5"},"headline":"Ein Sandsack im Wege \u2013 US-Pr\u00e4sident Biden bei Air-Force-Abschlussfeier gest\u00fcrzt","datePublished":"2023-06-02T08:51:20+00:00","dateModified":"2023-06-02T08:51:20+00:00","mainEntityOfPage":{"@id":"https:\/\/now-news.de\/de\/deutschland\/ein-sandsack-im-wege-us-praesident-biden-bei-air-force-abschlussfeier-gestuerzt\/"},"wordCount":501,"commentCount":0,"publisher":{"@id":"https:\/\/now-news.de\/de\/#organization"},"image":{"@id":"https:\/\/now-news.de\/de\/deutschland\/ein-sandsack-im-wege-us-praesident-biden-bei-air-force-abschlussfeier-gestuerzt\/#primaryimage"},"thumbnailUrl":"https:\/\/now-news.de\/de\/wp-content\/uploads\/sites\/3\/2023\/06\/Ein-Sandsack-im-Wege-\u2013-US-Praesident-Biden-bei-Air-Force-Abschlussfeier-gestuerzt.jpg","keywords":["AirForceAbschlussfeier","bei","Biden","ein","gest\u00fcrzt","Sandsack","USPr\u00e4sident","Wege"],"articleSection":["Deutschland","Russland"],"inLanguage":"de","potentialAction":[{"@type":"CommentAction","name":"Comment","target":["https:\/\/now-news.de\/de\/deutschland\/ein-sandsack-im-wege-us-praesident-biden-bei-air-force-abschlussfeier-gestuerzt\/#respond"]}]},{"@type":"WebPage","@id":"https:\/\/now-news.de\/de\/deutschland\/ein-sandsack-im-wege-us-praesident-biden-bei-air-force-abschlussfeier-gestuerzt\/","url":"https:\/\/now-news.de\/de\/deutschland\/ein-sandsack-im-wege-us-praesident-biden-bei-air-force-abschlussfeier-gestuerzt\/","name":"Ein Sandsack im Wege \u2013 US-Pr\u00e4sident Biden bei Air-Force-Abschlussfeier gest\u00fcrzt - just-now.NEWS Deutschland","isPartOf":{"@id":"https:\/\/now-news.de\/de\/#website"},"primaryImageOfPage":{"@id":"https:\/\/now-news.de\/de\/deutschland\/ein-sandsack-im-wege-us-praesident-biden-bei-air-force-abschlussfeier-gestuerzt\/#primaryimage"},"image":{"@id":"https:\/\/now-news.de\/de\/deutschland\/ein-sandsack-im-wege-us-praesident-biden-bei-air-force-abschlussfeier-gestuerzt\/#primaryimage"},"thumbnailUrl":"https:\/\/now-news.de\/de\/wp-content\/uploads\/sites\/3\/2023\/06\/Ein-Sandsack-im-Wege-\u2013-US-Praesident-Biden-bei-Air-Force-Abschlussfeier-gestuerzt.jpg","datePublished":"2023-06-02T08:51:20+00:00","dateModified":"2023-06-02T08:51:20+00:00","breadcrumb":{"@id":"https:\/\/now-news.de\/de\/deutschland\/ein-sandsack-im-wege-us-praesident-biden-bei-air-force-abschlussfeier-gestuerzt\/#breadcrumb"},"inLanguage":"de","potentialAction":[{"@type":"ReadAction","target":["https:\/\/now-news.de\/de\/deutschland\/ein-sandsack-im-wege-us-praesident-biden-bei-air-force-abschlussfeier-gestuerzt\/"]}]},{"@type":"ImageObject","inLanguage":"de","@id":"https:\/\/now-news.de\/de\/deutschland\/ein-sandsack-im-wege-us-praesident-biden-bei-air-force-abschlussfeier-gestuerzt\/#primaryimage","url":"https:\/\/now-news.de\/de\/wp-content\/uploads\/sites\/3\/2023\/06\/Ein-Sandsack-im-Wege-\u2013-US-Praesident-Biden-bei-Air-Force-Abschlussfeier-gestuerzt.jpg","contentUrl":"https:\/\/now-news.de\/de\/wp-content\/uploads\/sites\/3\/2023\/06\/Ein-Sandsack-im-Wege-\u2013-US-Praesident-Biden-bei-Air-Force-Abschlussfeier-gestuerzt.jpg","width":460,"height":259,"caption":"Ein Sandsack im Wege \u2013 US-Pr\u00e4sident Biden bei Air-Force-Abschlussfeier gest\u00fcrzt"},{"@type":"BreadcrumbList","@id":"https:\/\/now-news.de\/de\/deutschland\/ein-sandsack-im-wege-us-praesident-biden-bei-air-force-abschlussfeier-gestuerzt\/#breadcrumb","itemListElement":[{"@type":"ListItem","position":1,"name":"Home","item":"https:\/\/now-news.de\/de\/"},{"@type":"ListItem","position":2,"name":"Ein Sandsack im Wege \u2013 US-Pr\u00e4sident Biden bei Air-Force-Abschlussfeier gest\u00fcrzt"}]},{"@type":"WebSite","@id":"https:\/\/now-news.de\/de\/#website","url":"https:\/\/now-news.de\/de\/","name":"just-now.NEWS Deutschland","description":"Das Portal f\u00fcr unzensierte Nachrichten aus der Welt","publisher":{"@id":"https:\/\/now-news.de\/de\/#organization"},"potentialAction":[{"@type":"SearchAction","target":{"@type":"EntryPoint","urlTemplate":"https:\/\/now-news.de\/de\/?s={search_term_string}"},"query-input":"required name=search_term_string"}],"inLanguage":"de"},{"@type":"Organization","@id":"https:\/\/now-news.de\/de\/#organization","name":"Just Now News","url":"https:\/\/now-news.de\/de\/","logo":{"@type":"ImageObject","inLanguage":"de","@id":"https:\/\/now-news.de\/de\/#\/schema\/logo\/image\/","url":"http:\/\/just-now.news\/de\/wp-content\/uploads\/sites\/3\/2022\/04\/logo500x500.jpg","contentUrl":"http:\/\/just-now.news\/de\/wp-content\/uploads\/sites\/3\/2022\/04\/logo500x500.jpg","width":500,"height":500,"caption":"Just Now News"},"image":{"@id":"https:\/\/now-news.de\/de\/#\/schema\/logo\/image\/"},"sameAs":["https:\/\/www.facebook.com\/wirmachenauf","https:\/\/x.com\/WirMachenAuf_de"]},{"@type":"Person","@id":"https:\/\/now-news.de\/de\/#\/schema\/person\/fb534a4e865501d8b3285208df34a9b5","name":"rtnews","image":{"@type":"ImageObject","inLanguage":"de","@id":"https:\/\/now-news.de\/de\/#\/schema\/person\/image\/","url":"https:\/\/secure.gravatar.com\/avatar\/82aafea7d8127119dd649515f56e2117?s=96&d=mm&r=g","contentUrl":"https:\/\/secure.gravatar.com\/avatar\/82aafea7d8127119dd649515f56e2117?s=96&d=mm&r=g","caption":"rtnews"},"url":"https:\/\/now-news.de\/de\/author\/rnews\/"}]}},"_links":{"self":[{"href":"https:\/\/now-news.de\/de\/wp-json\/wp\/v2\/posts\/37269"}],"collection":[{"href":"https:\/\/now-news.de\/de\/wp-json\/wp\/v2\/posts"}],"about":[{"href":"https:\/\/now-news.de\/de\/wp-json\/wp\/v2\/types\/post"}],"author":[{"embeddable":true,"href":"https:\/\/now-news.de\/de\/wp-json\/wp\/v2\/users\/3"}],"replies":[{"embeddable":true,"href":"https:\/\/now-news.de\/de\/wp-json\/wp\/v2\/comments?post=37269"}],"version-history":[{"count":0,"href":"https:\/\/now-news.de\/de\/wp-json\/wp\/v2\/posts\/37269\/revisions"}],"wp:featuredmedia":[{"embeddable":true,"href":"https:\/\/now-news.de\/de\/wp-json\/wp\/v2\/media\/37270"}],"wp:attachment":[{"href":"https:\/\/now-news.de\/de\/wp-json\/wp\/v2\/media?parent=37269"}],"wp:term":[{"taxonomy":"category","embeddable":true,"href":"https:\/\/now-news.de\/de\/wp-json\/wp\/v2\/categories?post=37269"},{"taxonomy":"post_tag","embeddable":true,"href":"https:\/\/now-news.de\/de\/wp-json\/wp\/v2\/tags?post=37269"}],"curies":[{"name":"wp","href":"https:\/\/api.w.org\/{rel}","templated":true}]}}