{"id":37243,"date":"2023-06-01T20:30:52","date_gmt":"2023-06-01T18:30:52","guid":{"rendered":"https:\/\/just-now.news\/de\/deutschland\/eu-klima-allianz-broeckelt\/"},"modified":"2023-06-01T20:30:52","modified_gmt":"2023-06-01T18:30:52","slug":"eu-klima-allianz-broeckelt","status":"publish","type":"post","link":"https:\/\/now-news.de\/de\/deutschland\/eu-klima-allianz-broeckelt\/","title":{"rendered":"EU: Klima-Allianz br\u00f6ckelt"},"content":{"rendered":"<p><img decoding=\"async\" src=\"http:\/\/just-now.news\/de\/wp-content\/uploads\/sites\/3\/2023\/06\/647894aab480cc17c6698e4a.jpg\" \/><\/p>\n<div class=\"Text-root Text-type_1 \">\n                Einzelne L\u00e4nder der EU, aber auch das EU-Parlament, scheren bei neuen Vorhaben der Kommission zum Klimaschutz aus. Man ben\u00f6tige eine Pause, die Vorhaben seien zu ambitioniert, man habe \u00fcberzogen. Die EU-Kommission h\u00e4lt dagegen und verweist auf aktuelle Wetterereignisse\n            <\/div>\n<p><\/p>\n<div class=\"Text-root Text-type_5 ArticleView-text ViewText-root \">\n<p>Innerhalb der EU werden Risse im bisher breiten Klimab\u00fcndnis sichtbar. Wie der <em>Blog Lost in Europe<\/em>\u00a0<a rel=\"nofollow noopener\" target=\"_blank\" href=\"https:\/\/lostineu.eu\/backlash-beim-klima\/\">schreibt<\/a>, verlangen immer mehr L\u00e4nder eine &#8220;Pause&#8221; bei der Umsetzung der Klimaziele der EU.<\/p>\n<p>Den Anfang machte demnach Frankreichs Staatschef Emmanuel Macron, der davor warnte, neue Klimagesetze auf den Weg zu bringen. Frankreich gelang es gemeinsam mit osteurop\u00e4ischen Staaten, einen Beschluss zum Ausbau von erneuerbaren Energien auf die lange Bank zu schieben. Frankreich fordert die Anrechnung von Atomenergie, die ohne die Produktion von CO\u2082 auskommt und daher als umweltfreundlich gilt.<\/p>\n<p>Auch im EU-Parlament stellt man sich immer offener gegen die Klimaziele der EU. Insbesondere die Fraktion der konservativen EVP wirft Kommissionspr\u00e4sidentin Ursula von der Leyen zu gro\u00dfe Ambitionen hinsichtlich des Klimaschutzes vor. Dabei vernachl\u00e4ssige sie die Belange der Industrie.<\/p>\n<p>In diesem Zusammenhang sei es zu einem regelrechten Eklat gekommen, berichtet der Blog. EU-Kommissar Frans Timmermans und der CDU-Abgeordnete Norbert Lins lieferten sich einen Schlagabtausch. Dabei verwies Timmermans auf die \u00dcberschwemmungen in Italien als ein Zeichen f\u00fcr den Klimawandel. Einen Aufschub von Gesetzesvorhaben k\u00f6nne sich die EU nicht leisten, f\u00fchrte er aus. Trotz der eindringlichen Mahnung lehnten zwei Aussch\u00fcsse das Gesetzesvorhaben zur &#8220;Wiederherstellung der Natur&#8221; ab.<\/p>\n<p>Der Autor des Blogs Eric Bonse mutma\u00dft, es k\u00f6nne sich bei all dem bereits um die ersten Anzeichen des beginnenden Wahlkampfes handeln. Im kommenden Jahr wird gew\u00e4hlt. Es k\u00f6nnte sich bei der neuen Anti-Klima-Allianz eines rechtskonservativen B\u00fcndnisses aber auch um eine Attacke von der Leyen handeln. Peter Liese, umweltpolitischer Sprecher der EVP-Fraktion, meinte, die Gr\u00fcnen h\u00e4tten beim Klimaschutz \u00fcberzogen.<\/p>\n<p><strong>Mehr zum Thema<\/strong>\u00a0\u2013 <a rel=\"nofollow noopener\" target=\"_blank\" href=\"https:\/\/gegenzensur.rtde.life\/meinung\/170711-die-eu-hat-sich-das-ukrainische-getreide-gekrallt-das-fuer-afrika-bestimmt-war\/\">Die EU hat sich das ukrainische Getreide gekrallt, das f\u00fcr Afrika bestimmt war<\/a><\/p>\n<\/div>\n<p><br \/>\n<br \/><a href=\"https:\/\/de.rt.com\/europa\/171556-eu-klima-allianz-broeckelt\/\">Source link <\/a><\/p>\n","protected":false},"excerpt":{"rendered":"<p>Einzelne L\u00e4nder der EU, aber auch das EU-Parlament, scheren bei neuen Vorhaben der Kommission zum Klimaschutz aus. Man ben\u00f6tige eine Pause, die Vorhaben seien zu ambitioniert, man habe \u00fcberzogen. Die EU-Kommission h\u00e4lt dagegen und verweist auf aktuelle Wetterereignisse Innerhalb der EU werden Risse im bisher breiten Klimab\u00fcndnis sichtbar. Wie der Blog Lost in Europe\u00a0schreibt, verlangen [&hellip;]<\/p>\n","protected":false},"author":3,"featured_media":37244,"comment_status":"open","ping_status":"open","sticky":false,"template":"","format":"standard","meta":{"_yoast_indexnow_last_ping":["1685644692"],"wp_automatic_camp":["217"],"68139a71ce47363c009b665360e57d7f":["EU: Klima-Allianz br\u00f6ckelt"],"original_link":["https:\/\/de.rt.com\/europa\/171556-eu-klima-allianz-broeckelt\/"],"_thumbnail_id":["37244"],"_wptgpro_p2tg_sent2tg":["a:1:{i:23737;s:19:\"2023-06-01 20:39:23\";}"],"jnews_social_counter_last_update":["1776918709"]},"categories":[19,23],"tags":[28070,45052],"yoast_head":"<!-- This site is optimized with the Yoast SEO Premium plugin v22.7 (Yoast SEO v22.7) - https:\/\/yoast.com\/wordpress\/plugins\/seo\/ -->\n<title>EU: Klima-Allianz br\u00f6ckelt - just-now.NEWS Deutschland<\/title>\n<meta name=\"robots\" content=\"index, follow, max-snippet:-1, max-image-preview:large, max-video-preview:-1\" \/>\n<link rel=\"canonical\" href=\"https:\/\/now-news.de\/de\/deutschland\/eu-klima-allianz-broeckelt\/\" \/>\n<meta property=\"og:locale\" content=\"de_DE\" \/>\n<meta property=\"og:type\" content=\"article\" \/>\n<meta property=\"og:title\" content=\"EU: Klima-Allianz br\u00f6ckelt\" \/>\n<meta property=\"og:description\" content=\"Einzelne L\u00e4nder der EU, aber auch das EU-Parlament, scheren bei neuen Vorhaben der Kommission zum Klimaschutz aus. Man ben\u00f6tige eine Pause, die Vorhaben seien zu ambitioniert, man habe \u00fcberzogen. Die EU-Kommission h\u00e4lt dagegen und verweist auf aktuelle Wetterereignisse Innerhalb der EU werden Risse im bisher breiten Klimab\u00fcndnis sichtbar. Wie der Blog Lost in Europe\u00a0schreibt, verlangen [&hellip;]\" \/>\n<meta property=\"og:url\" content=\"https:\/\/now-news.de\/de\/deutschland\/eu-klima-allianz-broeckelt\/\" \/>\n<meta property=\"og:site_name\" content=\"just-now.NEWS Deutschland\" \/>\n<meta property=\"article:publisher\" content=\"https:\/\/www.facebook.com\/wirmachenauf\" \/>\n<meta property=\"article:published_time\" content=\"2023-06-01T18:30:52+00:00\" \/>\n<meta property=\"og:image\" content=\"https:\/\/now-news.de\/de\/wp-content\/uploads\/sites\/3\/2023\/06\/EU-Klima-Allianz-broeckelt.jpg\" \/>\n\t<meta property=\"og:image:width\" content=\"460\" \/>\n\t<meta property=\"og:image:height\" content=\"259\" \/>\n\t<meta property=\"og:image:type\" content=\"image\/jpeg\" \/>\n<meta name=\"author\" content=\"rtnews\" \/>\n<meta name=\"twitter:card\" content=\"summary_large_image\" \/>\n<meta name=\"twitter:creator\" content=\"@WirMachenAuf_de\" \/>\n<meta name=\"twitter:site\" content=\"@WirMachenAuf_de\" \/>\n<meta name=\"twitter:label1\" content=\"Verfasst von\" \/>\n\t<meta name=\"twitter:data1\" content=\"rtnews\" \/>\n\t<meta name=\"twitter:label2\" content=\"Gesch\u00e4tzte Lesezeit\" \/>\n\t<meta name=\"twitter:data2\" content=\"2\u00a0Minuten\" \/>\n<script type=\"application\/ld+json\" class=\"yoast-schema-graph\">{\"@context\":\"https:\/\/schema.org\",\"@graph\":[{\"@type\":\"Article\",\"@id\":\"https:\/\/now-news.de\/de\/deutschland\/eu-klima-allianz-broeckelt\/#article\",\"isPartOf\":{\"@id\":\"https:\/\/now-news.de\/de\/deutschland\/eu-klima-allianz-broeckelt\/\"},\"author\":{\"name\":\"rtnews\",\"@id\":\"https:\/\/now-news.de\/de\/#\/schema\/person\/fb534a4e865501d8b3285208df34a9b5\"},\"headline\":\"EU: Klima-Allianz br\u00f6ckelt\",\"datePublished\":\"2023-06-01T18:30:52+00:00\",\"dateModified\":\"2023-06-01T18:30:52+00:00\",\"mainEntityOfPage\":{\"@id\":\"https:\/\/now-news.de\/de\/deutschland\/eu-klima-allianz-broeckelt\/\"},\"wordCount\":332,\"commentCount\":0,\"publisher\":{\"@id\":\"https:\/\/now-news.de\/de\/#organization\"},\"image\":{\"@id\":\"https:\/\/now-news.de\/de\/deutschland\/eu-klima-allianz-broeckelt\/#primaryimage\"},\"thumbnailUrl\":\"https:\/\/now-news.de\/de\/wp-content\/uploads\/sites\/3\/2023\/06\/EU-Klima-Allianz-broeckelt.jpg\",\"keywords\":[\"br\u00f6ckelt\",\"KlimaAllianz\"],\"articleSection\":[\"Deutschland\",\"Russland\"],\"inLanguage\":\"de\",\"potentialAction\":[{\"@type\":\"CommentAction\",\"name\":\"Comment\",\"target\":[\"https:\/\/now-news.de\/de\/deutschland\/eu-klima-allianz-broeckelt\/#respond\"]}]},{\"@type\":\"WebPage\",\"@id\":\"https:\/\/now-news.de\/de\/deutschland\/eu-klima-allianz-broeckelt\/\",\"url\":\"https:\/\/now-news.de\/de\/deutschland\/eu-klima-allianz-broeckelt\/\",\"name\":\"EU: Klima-Allianz br\u00f6ckelt - just-now.NEWS Deutschland\",\"isPartOf\":{\"@id\":\"https:\/\/now-news.de\/de\/#website\"},\"primaryImageOfPage\":{\"@id\":\"https:\/\/now-news.de\/de\/deutschland\/eu-klima-allianz-broeckelt\/#primaryimage\"},\"image\":{\"@id\":\"https:\/\/now-news.de\/de\/deutschland\/eu-klima-allianz-broeckelt\/#primaryimage\"},\"thumbnailUrl\":\"https:\/\/now-news.de\/de\/wp-content\/uploads\/sites\/3\/2023\/06\/EU-Klima-Allianz-broeckelt.jpg\",\"datePublished\":\"2023-06-01T18:30:52+00:00\",\"dateModified\":\"2023-06-01T18:30:52+00:00\",\"breadcrumb\":{\"@id\":\"https:\/\/now-news.de\/de\/deutschland\/eu-klima-allianz-broeckelt\/#breadcrumb\"},\"inLanguage\":\"de\",\"potentialAction\":[{\"@type\":\"ReadAction\",\"target\":[\"https:\/\/now-news.de\/de\/deutschland\/eu-klima-allianz-broeckelt\/\"]}]},{\"@type\":\"ImageObject\",\"inLanguage\":\"de\",\"@id\":\"https:\/\/now-news.de\/de\/deutschland\/eu-klima-allianz-broeckelt\/#primaryimage\",\"url\":\"https:\/\/now-news.de\/de\/wp-content\/uploads\/sites\/3\/2023\/06\/EU-Klima-Allianz-broeckelt.jpg\",\"contentUrl\":\"https:\/\/now-news.de\/de\/wp-content\/uploads\/sites\/3\/2023\/06\/EU-Klima-Allianz-broeckelt.jpg\",\"width\":460,\"height\":259,\"caption\":\"EU: Klima-Allianz br\u00f6ckelt\"},{\"@type\":\"BreadcrumbList\",\"@id\":\"https:\/\/now-news.de\/de\/deutschland\/eu-klima-allianz-broeckelt\/#breadcrumb\",\"itemListElement\":[{\"@type\":\"ListItem\",\"position\":1,\"name\":\"Home\",\"item\":\"https:\/\/now-news.de\/de\/\"},{\"@type\":\"ListItem\",\"position\":2,\"name\":\"EU: Klima-Allianz br\u00f6ckelt\"}]},{\"@type\":\"WebSite\",\"@id\":\"https:\/\/now-news.de\/de\/#website\",\"url\":\"https:\/\/now-news.de\/de\/\",\"name\":\"just-now.NEWS Deutschland\",\"description\":\"Das Portal f\u00fcr unzensierte Nachrichten aus der Welt\",\"publisher\":{\"@id\":\"https:\/\/now-news.de\/de\/#organization\"},\"potentialAction\":[{\"@type\":\"SearchAction\",\"target\":{\"@type\":\"EntryPoint\",\"urlTemplate\":\"https:\/\/now-news.de\/de\/?s={search_term_string}\"},\"query-input\":\"required name=search_term_string\"}],\"inLanguage\":\"de\"},{\"@type\":\"Organization\",\"@id\":\"https:\/\/now-news.de\/de\/#organization\",\"name\":\"Just Now News\",\"url\":\"https:\/\/now-news.de\/de\/\",\"logo\":{\"@type\":\"ImageObject\",\"inLanguage\":\"de\",\"@id\":\"https:\/\/now-news.de\/de\/#\/schema\/logo\/image\/\",\"url\":\"http:\/\/just-now.news\/de\/wp-content\/uploads\/sites\/3\/2022\/04\/logo500x500.jpg\",\"contentUrl\":\"http:\/\/just-now.news\/de\/wp-content\/uploads\/sites\/3\/2022\/04\/logo500x500.jpg\",\"width\":500,\"height\":500,\"caption\":\"Just Now News\"},\"image\":{\"@id\":\"https:\/\/now-news.de\/de\/#\/schema\/logo\/image\/\"},\"sameAs\":[\"https:\/\/www.facebook.com\/wirmachenauf\",\"https:\/\/x.com\/WirMachenAuf_de\"]},{\"@type\":\"Person\",\"@id\":\"https:\/\/now-news.de\/de\/#\/schema\/person\/fb534a4e865501d8b3285208df34a9b5\",\"name\":\"rtnews\",\"image\":{\"@type\":\"ImageObject\",\"inLanguage\":\"de\",\"@id\":\"https:\/\/now-news.de\/de\/#\/schema\/person\/image\/\",\"url\":\"https:\/\/secure.gravatar.com\/avatar\/82aafea7d8127119dd649515f56e2117?s=96&d=mm&r=g\",\"contentUrl\":\"https:\/\/secure.gravatar.com\/avatar\/82aafea7d8127119dd649515f56e2117?s=96&d=mm&r=g\",\"caption\":\"rtnews\"},\"url\":\"https:\/\/now-news.de\/de\/author\/rnews\/\"}]}<\/script>\n<!-- \/ Yoast SEO Premium plugin. -->","yoast_head_json":{"title":"EU: Klima-Allianz br\u00f6ckelt - just-now.NEWS Deutschland","robots":{"index":"index","follow":"follow","max-snippet":"max-snippet:-1","max-image-preview":"max-image-preview:large","max-video-preview":"max-video-preview:-1"},"canonical":"https:\/\/now-news.de\/de\/deutschland\/eu-klima-allianz-broeckelt\/","og_locale":"de_DE","og_type":"article","og_title":"EU: Klima-Allianz br\u00f6ckelt","og_description":"Einzelne L\u00e4nder der EU, aber auch das EU-Parlament, scheren bei neuen Vorhaben der Kommission zum Klimaschutz aus. Man ben\u00f6tige eine Pause, die Vorhaben seien zu ambitioniert, man habe \u00fcberzogen. Die EU-Kommission h\u00e4lt dagegen und verweist auf aktuelle Wetterereignisse Innerhalb der EU werden Risse im bisher breiten Klimab\u00fcndnis sichtbar. Wie der Blog Lost in Europe\u00a0schreibt, verlangen [&hellip;]","og_url":"https:\/\/now-news.de\/de\/deutschland\/eu-klima-allianz-broeckelt\/","og_site_name":"just-now.NEWS Deutschland","article_publisher":"https:\/\/www.facebook.com\/wirmachenauf","article_published_time":"2023-06-01T18:30:52+00:00","og_image":[{"width":460,"height":259,"url":"https:\/\/now-news.de\/de\/wp-content\/uploads\/sites\/3\/2023\/06\/EU-Klima-Allianz-broeckelt.jpg","type":"image\/jpeg"}],"author":"rtnews","twitter_card":"summary_large_image","twitter_creator":"@WirMachenAuf_de","twitter_site":"@WirMachenAuf_de","twitter_misc":{"Verfasst von":"rtnews","Gesch\u00e4tzte Lesezeit":"2\u00a0Minuten"},"schema":{"@context":"https:\/\/schema.org","@graph":[{"@type":"Article","@id":"https:\/\/now-news.de\/de\/deutschland\/eu-klima-allianz-broeckelt\/#article","isPartOf":{"@id":"https:\/\/now-news.de\/de\/deutschland\/eu-klima-allianz-broeckelt\/"},"author":{"name":"rtnews","@id":"https:\/\/now-news.de\/de\/#\/schema\/person\/fb534a4e865501d8b3285208df34a9b5"},"headline":"EU: Klima-Allianz br\u00f6ckelt","datePublished":"2023-06-01T18:30:52+00:00","dateModified":"2023-06-01T18:30:52+00:00","mainEntityOfPage":{"@id":"https:\/\/now-news.de\/de\/deutschland\/eu-klima-allianz-broeckelt\/"},"wordCount":332,"commentCount":0,"publisher":{"@id":"https:\/\/now-news.de\/de\/#organization"},"image":{"@id":"https:\/\/now-news.de\/de\/deutschland\/eu-klima-allianz-broeckelt\/#primaryimage"},"thumbnailUrl":"https:\/\/now-news.de\/de\/wp-content\/uploads\/sites\/3\/2023\/06\/EU-Klima-Allianz-broeckelt.jpg","keywords":["br\u00f6ckelt","KlimaAllianz"],"articleSection":["Deutschland","Russland"],"inLanguage":"de","potentialAction":[{"@type":"CommentAction","name":"Comment","target":["https:\/\/now-news.de\/de\/deutschland\/eu-klima-allianz-broeckelt\/#respond"]}]},{"@type":"WebPage","@id":"https:\/\/now-news.de\/de\/deutschland\/eu-klima-allianz-broeckelt\/","url":"https:\/\/now-news.de\/de\/deutschland\/eu-klima-allianz-broeckelt\/","name":"EU: Klima-Allianz br\u00f6ckelt - just-now.NEWS Deutschland","isPartOf":{"@id":"https:\/\/now-news.de\/de\/#website"},"primaryImageOfPage":{"@id":"https:\/\/now-news.de\/de\/deutschland\/eu-klima-allianz-broeckelt\/#primaryimage"},"image":{"@id":"https:\/\/now-news.de\/de\/deutschland\/eu-klima-allianz-broeckelt\/#primaryimage"},"thumbnailUrl":"https:\/\/now-news.de\/de\/wp-content\/uploads\/sites\/3\/2023\/06\/EU-Klima-Allianz-broeckelt.jpg","datePublished":"2023-06-01T18:30:52+00:00","dateModified":"2023-06-01T18:30:52+00:00","breadcrumb":{"@id":"https:\/\/now-news.de\/de\/deutschland\/eu-klima-allianz-broeckelt\/#breadcrumb"},"inLanguage":"de","potentialAction":[{"@type":"ReadAction","target":["https:\/\/now-news.de\/de\/deutschland\/eu-klima-allianz-broeckelt\/"]}]},{"@type":"ImageObject","inLanguage":"de","@id":"https:\/\/now-news.de\/de\/deutschland\/eu-klima-allianz-broeckelt\/#primaryimage","url":"https:\/\/now-news.de\/de\/wp-content\/uploads\/sites\/3\/2023\/06\/EU-Klima-Allianz-broeckelt.jpg","contentUrl":"https:\/\/now-news.de\/de\/wp-content\/uploads\/sites\/3\/2023\/06\/EU-Klima-Allianz-broeckelt.jpg","width":460,"height":259,"caption":"EU: Klima-Allianz br\u00f6ckelt"},{"@type":"BreadcrumbList","@id":"https:\/\/now-news.de\/de\/deutschland\/eu-klima-allianz-broeckelt\/#breadcrumb","itemListElement":[{"@type":"ListItem","position":1,"name":"Home","item":"https:\/\/now-news.de\/de\/"},{"@type":"ListItem","position":2,"name":"EU: Klima-Allianz br\u00f6ckelt"}]},{"@type":"WebSite","@id":"https:\/\/now-news.de\/de\/#website","url":"https:\/\/now-news.de\/de\/","name":"just-now.NEWS Deutschland","description":"Das Portal f\u00fcr unzensierte Nachrichten aus der Welt","publisher":{"@id":"https:\/\/now-news.de\/de\/#organization"},"potentialAction":[{"@type":"SearchAction","target":{"@type":"EntryPoint","urlTemplate":"https:\/\/now-news.de\/de\/?s={search_term_string}"},"query-input":"required name=search_term_string"}],"inLanguage":"de"},{"@type":"Organization","@id":"https:\/\/now-news.de\/de\/#organization","name":"Just Now News","url":"https:\/\/now-news.de\/de\/","logo":{"@type":"ImageObject","inLanguage":"de","@id":"https:\/\/now-news.de\/de\/#\/schema\/logo\/image\/","url":"http:\/\/just-now.news\/de\/wp-content\/uploads\/sites\/3\/2022\/04\/logo500x500.jpg","contentUrl":"http:\/\/just-now.news\/de\/wp-content\/uploads\/sites\/3\/2022\/04\/logo500x500.jpg","width":500,"height":500,"caption":"Just Now News"},"image":{"@id":"https:\/\/now-news.de\/de\/#\/schema\/logo\/image\/"},"sameAs":["https:\/\/www.facebook.com\/wirmachenauf","https:\/\/x.com\/WirMachenAuf_de"]},{"@type":"Person","@id":"https:\/\/now-news.de\/de\/#\/schema\/person\/fb534a4e865501d8b3285208df34a9b5","name":"rtnews","image":{"@type":"ImageObject","inLanguage":"de","@id":"https:\/\/now-news.de\/de\/#\/schema\/person\/image\/","url":"https:\/\/secure.gravatar.com\/avatar\/82aafea7d8127119dd649515f56e2117?s=96&d=mm&r=g","contentUrl":"https:\/\/secure.gravatar.com\/avatar\/82aafea7d8127119dd649515f56e2117?s=96&d=mm&r=g","caption":"rtnews"},"url":"https:\/\/now-news.de\/de\/author\/rnews\/"}]}},"_links":{"self":[{"href":"https:\/\/now-news.de\/de\/wp-json\/wp\/v2\/posts\/37243"}],"collection":[{"href":"https:\/\/now-news.de\/de\/wp-json\/wp\/v2\/posts"}],"about":[{"href":"https:\/\/now-news.de\/de\/wp-json\/wp\/v2\/types\/post"}],"author":[{"embeddable":true,"href":"https:\/\/now-news.de\/de\/wp-json\/wp\/v2\/users\/3"}],"replies":[{"embeddable":true,"href":"https:\/\/now-news.de\/de\/wp-json\/wp\/v2\/comments?post=37243"}],"version-history":[{"count":0,"href":"https:\/\/now-news.de\/de\/wp-json\/wp\/v2\/posts\/37243\/revisions"}],"wp:featuredmedia":[{"embeddable":true,"href":"https:\/\/now-news.de\/de\/wp-json\/wp\/v2\/media\/37244"}],"wp:attachment":[{"href":"https:\/\/now-news.de\/de\/wp-json\/wp\/v2\/media?parent=37243"}],"wp:term":[{"taxonomy":"category","embeddable":true,"href":"https:\/\/now-news.de\/de\/wp-json\/wp\/v2\/categories?post=37243"},{"taxonomy":"post_tag","embeddable":true,"href":"https:\/\/now-news.de\/de\/wp-json\/wp\/v2\/tags?post=37243"}],"curies":[{"name":"wp","href":"https:\/\/api.w.org\/{rel}","templated":true}]}}