{"id":37187,"date":"2023-06-01T07:45:59","date_gmt":"2023-06-01T05:45:59","guid":{"rendered":"https:\/\/just-now.news\/de\/deutschland\/der-internationale-strafgerichtshof-in-den-haag-und-seine-rolle-fuer-die-nato\/"},"modified":"2023-06-01T07:45:59","modified_gmt":"2023-06-01T05:45:59","slug":"der-internationale-strafgerichtshof-in-den-haag-und-seine-rolle-fuer-die-nato","status":"publish","type":"post","link":"https:\/\/now-news.de\/de\/deutschland\/der-internationale-strafgerichtshof-in-den-haag-und-seine-rolle-fuer-die-nato\/","title":{"rendered":"Der Internationale Strafgerichtshof in Den Haag und seine Rolle f\u00fcr die NATO"},"content":{"rendered":"<p><img decoding=\"async\" src=\"http:\/\/just-now.news\/de\/wp-content\/uploads\/sites\/3\/2023\/06\/6475d2f1b480cc7bce4b54ee.jpg\" \/><\/p>\n<div class=\"Text-root Text-type_1 \">\n                Ob es um milit\u00e4rischen Angriffe auf rohstoffreiche L\u00e4nder im Nahen Osten oder vom Westen angestiftete B\u00fcrgerkriege in Afrika geht, fast immer mit von der Partie ist auch der Internationale Strafgerichtshof in Den Haag (IStGH). Nat\u00fcrlich immer auf der Seite &#8220;der Guten&#8221;.\n            <\/div>\n<p><\/p>\n<div class=\"Text-root Text-type_5 ArticleView-text ViewText-root \">\n<p><em>Von Maria M\u00fcller<\/em><\/p>\n<p>Der Verdacht auf das Zusammenwirken von internationalen &#8220;Menschenrechts&#8221;-Gerichten mit der NATO-Politik verdichtet sich. Das anf\u00e4ngliche Vertrauen in eine friedensstiftende Rolle solcher Gerichte hat einer wachsenden Skepsis und Kritik Platz gemacht. Besonders der Internationale Strafgerichtshof in Den Haag (IStGH) erf\u00fcllt schon seit Ende des Kalten Krieges Aufgaben im Rahmen der NATO-Osterweiterung und der milit\u00e4rischen Angriffe auf rohstoffreiche L\u00e4nder im Nahen Osten. Man denke etwa an den Jugoslawienkrieg und die Bombardierung von Belgrad, an die \u00dcberf\u00e4lle auf den Irak, Afghanistan, Libyen, Syrien, an die vom Westen angestifteten B\u00fcrgerkriege in Afrika &#8230; fast immer ist auch der IStGH mit dabei, um seinen Part f\u00fcr das Narrativ zu \u00fcbernehmen.<\/p>\n<p>Die in den Mainstream-Medien diffamierten &#8220;feindlichen&#8221; Anf\u00fchrer der attackierten Staaten \u2013 grausame B\u00f6sewichte bzw. gew\u00e4hlte Pr\u00e4sidenten \u2013 sollen nach Den Haag verbracht und verurteilt werden. Eine Art zivilisatorische Inszenierung f\u00fcr die \u00d6ffentlichkeit, denn &#8220;Justiz&#8221; klingt nach Wertesystem. Hinter dem Spektakel verblassen die massenhaften Kriegsverbrechen der US- und NATO-Truppen. Gab es in Den Haag ein Urteil wegen des Einsatzes von Geschossen mit abgereichertem Uran im Kosovo? Wegen der Bombardierung der Zivilbev\u00f6lkerung in Bagdad? Oder jetzt gegen Donezk und Lugansk? Eine einzige kritische Stellungnahme wegen der britischen Uranmunition f\u00fcr die Ukraine?<\/p>\n<p>Laut Artikel 2 und 3 der <a rel=\"nofollow noopener\" target=\"_blank\" href=\"http:\/\/i-p-o.org\/yu-tribunal-memo1999.htm\">Satzung des IStGH<\/a> ist der &#8220;Einsatz giftiger Waffen oder anderer Waffen, die darauf ausgelegt sind, unn\u00f6tiges Leid zu verursachen&#8221; verboten. Ebenso verboten sind im Artikel 10 der &#8220;Angriff oder die Bombardierung wehrloser St\u00e4dte, D\u00f6rfer, Wohnh\u00e4user oder Geb\u00e4ude, mit welchen Mitteln auch immer&#8221;. Das alles f\u00fchrt die ukrainische Armee aber seit 2014 t\u00e4glich gegen &#8220;ihre eigene&#8221; Zivilbev\u00f6lkerung im Donbass durch, mit Tausenden von Opfern, darunter viele Kinder, aber ohne Kommentar aus Den Haag.<\/p>\n<p><strong>Ein geheimer Haftbefehl zur Gefangennahme des russischen Pr\u00e4sidenten <\/strong><\/p>\n<p>Am 17. M\u00e4rz \u00fcbernahm der Internationale Strafgerichtshof in Den Haag direkt eine Rolle, die passgenau in die milit\u00e4rischen Aktionen Kiews und Washingtons integriert ist: den Pr\u00e4sidenten der Russischen F\u00f6deration und damit den Oberbefehlshaber der Armee Russlands mit einem \u2013 urspr\u00fcnglich geheimen \u2013 Haftbefehl &#8220;auszuschalten&#8221;.<\/p>\n<p>Bei n\u00e4herem Hinsehen entpuppt sich der gesamte Vorgang als Kriegslist gegen das russische Staatsoberhaupt. Wie in der Begr\u00fcndung der Haftbefehle (auch gegen die russische Kinderschutzbeauftragte) steht, sollten sie urspr\u00fcnglich <a rel=\"nofollow noopener\" target=\"_blank\" href=\"https:\/\/www.icc-cpi.int\/news\/situation-ukraine-icc-judges-issue-arrest-warrants-against-vladimir-vladimirovich-putin-and\">GEHEIM<\/a> bleiben. Zitat:<\/p>\n<blockquote>\n<p><em>&#8220;Die Kammer vertrat die Auffassung, dass die Haftbefehle zum Schutz von Opfern und Zeugen sowie zur Sicherung der Ermittlungen geheim seien.&#8221; <\/em><\/p>\n<\/blockquote>\n<p>Man wollte dem russischen Pr\u00e4sidenten offenbar auch noch eine Falle stellen. Er sollte ahnungslos ins Ausland reisen, um ihn dort hinterr\u00fccks festnehmen zu k\u00f6nnen. Die Unterzeichnerstaaten des R\u00f6mischen Vertrages f\u00fcr die Schaffung des IStGH w\u00e4ren dazu verpflichtet gewesen.<\/p>\n<p>Erst in einer sp\u00e4teren Etappe des &#8220;Untersuchungsverfahrens&#8221; hat sich das Gericht dann doch entschieden, den Haftbefehl \u00f6ffentlich zu machen.<\/p>\n<p>Die internationale Kammer behauptet in ihrer Begr\u00fcndung f\u00fcr eine urspr\u00fcngliche Geheimhaltung, dass sie eine &#8220;Schutzfunktion&#8221; f\u00fcr Opfer und Zeugen zu erf\u00fcllen gehabt h\u00e4tte. Was unterstellt sie also dem russischen Staat? Die Verfolgung von &#8220;Opfern&#8221; und &#8220;Zeugen&#8221;? Die russische F\u00f6deration sei eine Diktatur? Die Begr\u00fcndung beschw\u00f6rt Bilder aus den Zeiten des Stalinismus. Das ist peinliche und voreingenommene Propaganda eines Gerichts, das angeblich mit juristischen Argumenten arbeiten sollte.<\/p>\n<p>Auch die Behauptung der &#8220;Sicherung von Ermittlungen&#8221; kann einen geheimen Haftbefehl gegen ein Staatsoberhaupt nicht rechtfertigen. Sie suggeriert einen Gulag-Staat, in dem man nur verdeckt und \u00fcber dunkle Kan\u00e4le an Informationen \u00fcber &#8220;verschleppte&#8221; Kinder kommen w\u00fcrde. Als ob das Gericht nicht die M\u00f6glichkeit gehabt h\u00e4tte, offiziell bei den russischen Beh\u00f6rden nachzufragen. Stattdessen hat es sich sogar geweigert, die Mitteilungen des Pr\u00e4sidialamtes f\u00fcr Kinderrechte entgegenzunehmen. Ist das eine Beweissicherung?<\/p>\n<p>Die Ermittler versto\u00dfen damit gegen die Normen des R\u00f6mischen Statuts:<\/p>\n<blockquote>\n<p><strong><em>Artikel\u00a054 : Pflichten und Befugnisse des Ankl\u00e4gers bei Ermittlungen<br \/><\/em><\/strong><em>(1)\u00a0Der Ankl\u00e4ger dehnt die Ermittlungen zum Zweck der Wahrheitsfindung auf alle Tatsachen und Beweismittel aus, die f\u00fcr die Beurteilung, ob eine strafrechtliche Verantwortlichkeit aufgrund dieses Statuts besteht, erheblich sind, und erforscht dabei gleicherma\u00dfen die belastenden wie die entlastenden Umst\u00e4nde.<\/em><\/p>\n<\/blockquote>\n<p><strong>Der IStGH als Instrument f\u00fcr einen Staatsstreich<\/strong><\/p>\n<p>Erstaunlich ist auch die Vorstellung, dass der Staatschef Russlands durch eine \u00fcberfallartige Verhaftung im Ausland festgesetzt werden m\u00fcsse, damit internationale Staatsanw\u00e4lte in Russland nach dem Verbleib von Kindern forschen k\u00f6nnten. Der Plan ist eine Art externer Staatsstreich, der Gerichtshof ist folglich eine reale Gefahr f\u00fcr die internationale Sicherheit und Stabilit\u00e4t!<\/p>\n<p>Sp\u00e4ter habe sich das Gericht jedoch entschieden, den Haftbefehl \u00f6ffentlich zu machen. Zitat:<\/p>\n<blockquote>\n<p><em>&#8220;In Anbetracht dessen, dass das in der vorliegenden Situation angesprochene Verhalten angeblich andauert und dass die \u00f6ffentliche Wahrnehmung der Haftbefehle zur Verhinderung weiterer Straftaten beitragen kann, war die Kammer der Ansicht, dass es im Interesse der Justiz liegt, die Existenz der Haftbefehle, die Namen der Verd\u00e4chtigen, die Straftaten, f\u00fcr die die Haftbefehle ausgestellt wurden, und die von der Kammer festgelegten Haftungsarten \u00f6ffentlich bekannt zu geben.&#8221;<\/em><\/p>\n<\/blockquote>\n<p>Auch in dieser Begr\u00fcndung zeigt das Gericht seine ideologisch gepr\u00e4gte Vorverurteilung: Die angeblichen &#8220;T\u00e4ter&#8221; Pr\u00e4sident Putin und Frau Lwowa-Belowa w\u00fcrden nur durch den Trick eines ver\u00f6ffentlichten Haftbefehls im Zaum gehalten werden k\u00f6nnen! Erneut wird die &#8220;T\u00e4terschaft&#8221; und die notorische Bereitschaft zu den Taten der beiden Personen als Tatsache vorweggenommen.<\/p>\n<p>Gleichzeitig unterstellt das Gericht, in der Beh\u00f6rdenstruktur Russlands g\u00e4be es eine gro\u00dfe Anzahl gewissenloser Untergebener, die dazu bereit seien, auf Befehl unmenschliche Verbrechen zu begehen \u2013 die gewaltsame &#8220;Verschleppung&#8221; oder &#8220;Entf\u00fchrung&#8221; von mehreren Tausend Minderj\u00e4hrigen gegen deren Willen.\u00a0<\/p>\n<p>In einer ersten Medienkampagne denunzierten Dutzende von Mainstream-Medien innerhalb von zwei Tagen mit wortw\u00f6rtlich gleichlautenden Beschuldigungen eine angebliche Verschleppung von 16.000 Kindern aus der Ukraine in die Russische F\u00f6deration. Sp\u00e4ter sollen es jedoch nur noch 6.000 gewesen sein (nach Angaben der Ukraine). Nach russischen Angaben gab es 2.360 evakuierte Kinder. Weitere Daten sind in der <a rel=\"nofollow noopener\" target=\"_blank\" href=\"http:\/\/deti.gov.ru\/detigray\/upload\/documents\/April2023\/3mKq8ByGPzGRdv9IjNks.pdf\">Online-Brosch\u00fcre des Pr\u00e4sidialamtes f\u00fcr Kinderschutz<\/a> enthalten (leicht \u00fcbersetzbar mit DeepL oder Google-\u00dcbersetzer).<\/p>\n<p>Man stelle sich vor, russische Soldaten h\u00e4tten Kinder und Jugendliche den sich wehrenden Familien gewaltsam entrissen und weggebracht. Mit Sicherheit h\u00e4tten Angeh\u00f6rige und Nachbarn solche Szenen gefilmt und im Internet gezeigt. Es gibt sie nicht. Wenn es auch nur einen einzigen Fall g\u00e4be, in dem die russischen Beh\u00f6rden die R\u00fcckgabe eines Kindes verweigert h\u00e4tten, w\u00fcrden die Nachrichtensender hei\u00df laufen.<\/p>\n<p><strong>Der innere Widerspruch der Vorw\u00fcrfe des IStGH<\/strong><\/p>\n<p>Vor allem hat der IStGH den zentralen Widerspruch in seiner Anklage nicht bemerkt. Warum sollte der russische Staat Kinder gewaltsam entf\u00fchren, um sie wenige Wochen sp\u00e4ter hilfsbereit ihren Familien zu \u00fcbergeben, wie die Betroffenen sogar best\u00e4tigen? Zum Zeitpunkt der Ver\u00f6ffentlichung der Haftbefehle (am 17. M\u00e4rz) befanden sich von den im Oktober 2022 registrierten 2.360 zur Erholung evakuierten Kindern nur noch ganze 44 in Russland, am 3. April nur noch 38 Kinder. Ach ja, der moderne russische Staat arbeitet mit Registern und Datenbanken, kein Problem, sie aufzufinden. Die Erlaubnis des IStGH zur Entf\u00fchrung eines Staatspr\u00e4sidenten k\u00f6nnte aus den Lehrb\u00fcchern der CIA stammen \u2013 oder etwa des ukrainischen Geheimdienstes?<\/p>\n<p><strong>Die parallele Macht des George Soros im Internationalen Strafgerichtshof in Den Haag<\/strong><\/p>\n<p>Das Ganze l\u00e4sst weitere Fragen aufkommen, n\u00e4mlich hinsichtlich der fachlichen oder ethischen Kompetenz der Richter des Strafgerichtshofs und deutet auf eine <a rel=\"nofollow noopener\" target=\"_blank\" href=\"https:\/\/de.rt.com\/meinung\/171080-milliardaer-george-soros-parallelmacht-auf\/\">politische Einflussnahme<\/a> von au\u00dfen hin. Die Vermutung liegt nahe, dass die Millionenspenden des Milliard\u00e4rs George Soros auch Entscheidungen dieses Gerichts beeinflussen k\u00f6nnen, so wie im Fall des Europ\u00e4ischen Gerichtshofs f\u00fcr Menschenrechte. Es gibt Indizien daf\u00fcr.<\/p>\n<p>Auf der <a rel=\"nofollow noopener\" target=\"_blank\" href=\"https:\/\/asp.icc-cpi.int\/complementarity\/List-of-Actors\">offiziellen Website<\/a> des Internationalen Strafgerichtshofes in Den Haag ist ein gesonderter Platz daf\u00fcr reserviert. Unter der Rubrik &#8220;Komplementarit\u00e4t&#8221; pr\u00e4sentieren sich dort die private Stiftung &#8220;Open Society Foundation&#8221; mit ihrer <em>Justiz-Initiative<\/em>, sowie die \u00fcberwiegend von ihr finanzierten NGOs &#8220;Amnesty International&#8221; und &#8220;Human Rights Watch&#8221;, zusammen mit f\u00fcnf weiteren internationalen Nicht-Regierungsorganisationen (dem Internationalen Zentrum f\u00fcr \u00dcbergangsjustiz ICTJ; der WAYAMO-Stiftung, den Abgeordneten f\u00fcr globale Aktion (PGA); dem Redress Trust und dem Case Matrix Network).<\/p>\n<p><strong>Ein finanziell gigantischer Lobby-Apparat <\/strong><\/p>\n<p>Eine erste Durchsicht ihrer Finanzierungsquellen verdeutlicht Summen in Milliardenh\u00f6he, die von der Soros-Stiftung sowie einigen EU-Regierungen bis hin zu Investment-Firmen geleistet wurden. Eine demokratische Kontrolle (und Bewertung) dieses finanziell gigantischen Lobby-Apparates ist nur mit wissenschaftlichen Methoden m\u00f6glich. Laut den Statuten ist es zwar dem Gericht erlaubt, &#8220;freiwillige Beitr\u00e4ge&#8221; als zus\u00e4tzliche finanzielle Mittel entgegenzunehmen und zu verwenden. Das gef\u00e4hrdet jedoch seine Unabh\u00e4ngigkeit.<\/p>\n<p>Die Organisationen zeigen auf der Website inmitten der Selbstdarstellung des Gerichtshofs auch noch ihre eigenen Projekte im Bereich einer angestrebten globalen Justiz. Manche NGOs gehen in diesen Projektzielen \u00fcber ihre traditionelle Aufgabe des Aufdeckens und Bekanntmachens von Menschenrechtsverletzungen weit hinaus, was bisher kaum \u00f6ffentlich bekannt ist. So hei\u00dft es im Projekt von Amnesty International:<\/p>\n<blockquote>\n<p><em>&#8220;Wenn die Regierung nicht handelt, setzt sich Amnesty International f\u00fcr wirksame internationale Justizl\u00f6sungen ein, einschlie\u00dflich gegebenenfalls der Einschaltung des Internationalen Strafgerichtshofs und\/oder der Einrichtung internationaler oder internationalisierter Ad-hoc-Strafgerichte, sowie f\u00fcr die Aus\u00fcbung der universellen Gerichtsbarkeit anderer Staaten.&#8221;<\/em><\/p>\n<\/blockquote>\n<p>Die Bedeutung solcher Worte im Rahmen der \u00f6ffentlichen Kommunikation des Internationalen Strafgerichts muss genau untersucht werden. Hier handelt es sich um weitreichende politische Dimensionen, die mit Sicherheit \u00fcber die urspr\u00fcnglichen Ideen bei der Gr\u00fcndung des Strafgerichtshofs hinausgehen. Vor allem er\u00f6ffnet sich dadurch die M\u00f6glichkeit einer geopolitischen Einflussnahme, besonders f\u00fcr George Soros und seine Alliierten.<\/p>\n<p>Im Text des <a rel=\"nofollow noopener\" target=\"_blank\" href=\"https:\/\/www.un.org\/depts\/german\/internatrecht\/roemstat1.html\">R\u00f6mischen Statuts<\/a> taucht der Begriff der &#8220;nichtstaatlichen Organisationen&#8221; nur zweimal auf. (im Art. 15 zur Rolle des Ankl\u00e4gers; im Art.44 zum Fachpersonal aus NGOs zwecks Beratung)<\/p>\n<blockquote>\n<p><em>&#8220;Der Ankl\u00e4ger pr\u00fcft die Stichhaltigkeit der erhaltenen Informationen. Zu diesem Zweck kann er<\/em><em> von <\/em><em>Staaten, Organen der Vereinten Nationen, zwischenstaatlichen oder nichtstaatlichen Organisationen oder anderen von ihm als geeignet erachteten zuverl\u00e4ssigen Stellen zus\u00e4tzliche Ausk\u00fcnfte einholen.&#8221;<\/em><\/p>\n<\/blockquote>\n<p>An keiner Stelle ist vermerkt, dass privat gesponserte NGOs den Internationalen Strafgerichtshof zum Handeln veranlassen k\u00f6nnen oder an seiner Stelle das Einrichten internationaler oder gar &#8220;internationalisierter Ad-hoc-Strafgerichte&#8221; voranbringen k\u00f6nnen. Die Entscheidung \u00fcber die Gerichtsbarkeit in Unterzeichnerstaaten (oder Nicht-Unterzeichnerstaaten nach speziellen Vereinbarungen) ist eine unver\u00e4u\u00dferliche Aufgabe des Strafgerichts (laut Art.12 und 13 des Statuts).<\/p>\n<p>Wenn private Organisationen in den Kommunikations- und Aufgabenbereich einer angeblich rein \u00f6ffentlich finanzierten Institution eindringen, um sich Befugnisse (ohne \u00c4nderung der Statuten) anzueignen, verletzt das die Legalit\u00e4t. Im Fall des Internationalen Strafgerichtshofes in Den Haag handelt es sich dabei immerhin um einen Vertrag des internationalen Rechts, der von Staaten unterzeichnet und ratifiziert wurde. Doch das Konzept der symbiotischen Vereinnahmung von Institutionen durch die private &#8220;Open Society Stiftung&#8221; und durch weitere Lobby-Netzwerke mit ideologisch-politisch-finanziellem Hintergrund hat sich schon l\u00e4ngst ausgeweitet und f\u00fchrt zu einer parallelen Machtaus\u00fcbung au\u00dferhalb jeglicher demokratischer Kontrolle.<\/p>\n<p><strong>Mehr zum Thema<\/strong> \u2013 <a rel=\"nofollow noopener\" target=\"_blank\" href=\"https:\/\/freeassange.rtde.life\/afrika\/171028-chef-afrikanischen-nationalkongresses-suedafrika-koennte\/\">Chef des Afrikanischen Nationalkongresses: S\u00fcdafrika k\u00f6nnte Putin trotz IStGH-Entscheidung einladen<\/a><\/p>\n<div class=\"EmbedBlock-root EmbedBlock-externalVideo EmbedBlock-odysee\">\n<div class=\"VkEmbed\"><iframe class=\"lazyload\" data-src=\"https:\/\/odysee.com\/%24\/embed\/%40RTDE%3Ae%2Fwir-w%C3%BCrden-putin-willkommen-hei%C3%9Fen-s%C3%BCdafrikanischer-politiker-%C3%BCberf%C3%BChrt-britischen-journalisten-der-doppelmoral%3A1\" frameborder=\"0\" width=\"853\" height=\"480\" allowfullscreen><\/iframe><\/div>\n<\/div>\n<\/div>\n<p><br \/>\n<br \/><a href=\"https:\/\/de.rt.com\/meinung\/171344-internationale-strafgerichtshof-in-haag-und\/\">Source link <\/a><\/p>\n","protected":false},"excerpt":{"rendered":"<p>Ob es um milit\u00e4rischen Angriffe auf rohstoffreiche L\u00e4nder im Nahen Osten oder vom Westen angestiftete B\u00fcrgerkriege in Afrika geht, fast immer mit von der Partie ist auch der Internationale Strafgerichtshof in Den Haag (IStGH). Nat\u00fcrlich immer auf der Seite &#8220;der Guten&#8221;. Von Maria M\u00fcller Der Verdacht auf das Zusammenwirken von internationalen &#8220;Menschenrechts&#8221;-Gerichten mit der NATO-Politik [&hellip;]<\/p>\n","protected":false},"author":3,"featured_media":37188,"comment_status":"open","ping_status":"open","sticky":false,"template":"","format":"standard","meta":{"_yoast_indexnow_last_ping":["1685599448"],"wp_automatic_camp":["217"],"95732b722f3e7b2d841bd326d2db9769":["Der Internationale Strafgerichtshof in Den Haag und seine Rolle f\u00fcr die NATO"],"original_link":["https:\/\/de.rt.com\/meinung\/171344-internationale-strafgerichtshof-in-haag-und\/"],"_thumbnail_id":["37188"],"_wptgpro_p2tg_sent2tg":["a:1:{i:23737;s:19:\"2023-06-01 08:05:14\";}"],"jnews_social_counter_last_update":["1777198178"]},"categories":[19,23],"tags":[48,82,45,221,6302,1736,2697,4504,265,30684,140],"yoast_head":"<!-- This site is optimized with the Yoast SEO Premium plugin v22.7 (Yoast SEO v22.7) - https:\/\/yoast.com\/wordpress\/plugins\/seo\/ -->\n<title>Der Internationale Strafgerichtshof in Den Haag und seine Rolle f\u00fcr die NATO - just-now.NEWS Deutschland<\/title>\n<meta name=\"robots\" content=\"index, follow, max-snippet:-1, max-image-preview:large, max-video-preview:-1\" \/>\n<link rel=\"canonical\" href=\"https:\/\/now-news.de\/de\/deutschland\/der-internationale-strafgerichtshof-in-den-haag-und-seine-rolle-fuer-die-nato\/\" \/>\n<meta property=\"og:locale\" content=\"de_DE\" \/>\n<meta property=\"og:type\" content=\"article\" \/>\n<meta property=\"og:title\" content=\"Der Internationale Strafgerichtshof in Den Haag und seine Rolle f\u00fcr die NATO\" \/>\n<meta property=\"og:description\" content=\"Ob es um milit\u00e4rischen Angriffe auf rohstoffreiche L\u00e4nder im Nahen Osten oder vom Westen angestiftete B\u00fcrgerkriege in Afrika geht, fast immer mit von der Partie ist auch der Internationale Strafgerichtshof in Den Haag (IStGH). Nat\u00fcrlich immer auf der Seite &#8220;der Guten&#8221;. Von Maria M\u00fcller Der Verdacht auf das Zusammenwirken von internationalen &#8220;Menschenrechts&#8221;-Gerichten mit der NATO-Politik [&hellip;]\" \/>\n<meta property=\"og:url\" content=\"https:\/\/now-news.de\/de\/deutschland\/der-internationale-strafgerichtshof-in-den-haag-und-seine-rolle-fuer-die-nato\/\" \/>\n<meta property=\"og:site_name\" content=\"just-now.NEWS Deutschland\" \/>\n<meta property=\"article:publisher\" content=\"https:\/\/www.facebook.com\/wirmachenauf\" \/>\n<meta property=\"article:published_time\" content=\"2023-06-01T05:45:59+00:00\" \/>\n<meta property=\"og:image\" content=\"https:\/\/now-news.de\/de\/wp-content\/uploads\/sites\/3\/2023\/06\/Der-Internationale-Strafgerichtshof-in-Den-Haag-und-seine-Rolle-fuer.jpg\" \/>\n\t<meta property=\"og:image:width\" content=\"460\" \/>\n\t<meta property=\"og:image:height\" content=\"259\" \/>\n\t<meta property=\"og:image:type\" content=\"image\/jpeg\" \/>\n<meta name=\"author\" content=\"rtnews\" \/>\n<meta name=\"twitter:card\" content=\"summary_large_image\" \/>\n<meta name=\"twitter:creator\" content=\"@WirMachenAuf_de\" \/>\n<meta name=\"twitter:site\" content=\"@WirMachenAuf_de\" \/>\n<meta name=\"twitter:label1\" content=\"Verfasst von\" \/>\n\t<meta name=\"twitter:data1\" content=\"rtnews\" \/>\n\t<meta name=\"twitter:label2\" content=\"Gesch\u00e4tzte Lesezeit\" \/>\n\t<meta name=\"twitter:data2\" content=\"9\u00a0Minuten\" \/>\n<script type=\"application\/ld+json\" class=\"yoast-schema-graph\">{\"@context\":\"https:\/\/schema.org\",\"@graph\":[{\"@type\":\"Article\",\"@id\":\"https:\/\/now-news.de\/de\/deutschland\/der-internationale-strafgerichtshof-in-den-haag-und-seine-rolle-fuer-die-nato\/#article\",\"isPartOf\":{\"@id\":\"https:\/\/now-news.de\/de\/deutschland\/der-internationale-strafgerichtshof-in-den-haag-und-seine-rolle-fuer-die-nato\/\"},\"author\":{\"name\":\"rtnews\",\"@id\":\"https:\/\/now-news.de\/de\/#\/schema\/person\/fb534a4e865501d8b3285208df34a9b5\"},\"headline\":\"Der Internationale Strafgerichtshof in Den Haag und seine Rolle f\u00fcr die NATO\",\"datePublished\":\"2023-06-01T05:45:59+00:00\",\"dateModified\":\"2023-06-01T05:45:59+00:00\",\"mainEntityOfPage\":{\"@id\":\"https:\/\/now-news.de\/de\/deutschland\/der-internationale-strafgerichtshof-in-den-haag-und-seine-rolle-fuer-die-nato\/\"},\"wordCount\":1858,\"commentCount\":0,\"publisher\":{\"@id\":\"https:\/\/now-news.de\/de\/#organization\"},\"image\":{\"@id\":\"https:\/\/now-news.de\/de\/deutschland\/der-internationale-strafgerichtshof-in-den-haag-und-seine-rolle-fuer-die-nato\/#primaryimage\"},\"thumbnailUrl\":\"https:\/\/now-news.de\/de\/wp-content\/uploads\/sites\/3\/2023\/06\/Der-Internationale-Strafgerichtshof-in-Den-Haag-und-seine-Rolle-fuer.jpg\",\"keywords\":[\"den\",\"der\",\"die\",\"f\u00fcr\",\"Haag\",\"Internationale\",\"nato\",\"Rolle\",\"seine\",\"Strafgerichtshof\",\"und\"],\"articleSection\":[\"Deutschland\",\"Russland\"],\"inLanguage\":\"de\",\"potentialAction\":[{\"@type\":\"CommentAction\",\"name\":\"Comment\",\"target\":[\"https:\/\/now-news.de\/de\/deutschland\/der-internationale-strafgerichtshof-in-den-haag-und-seine-rolle-fuer-die-nato\/#respond\"]}]},{\"@type\":\"WebPage\",\"@id\":\"https:\/\/now-news.de\/de\/deutschland\/der-internationale-strafgerichtshof-in-den-haag-und-seine-rolle-fuer-die-nato\/\",\"url\":\"https:\/\/now-news.de\/de\/deutschland\/der-internationale-strafgerichtshof-in-den-haag-und-seine-rolle-fuer-die-nato\/\",\"name\":\"Der Internationale Strafgerichtshof in Den Haag und seine Rolle f\u00fcr die NATO - just-now.NEWS Deutschland\",\"isPartOf\":{\"@id\":\"https:\/\/now-news.de\/de\/#website\"},\"primaryImageOfPage\":{\"@id\":\"https:\/\/now-news.de\/de\/deutschland\/der-internationale-strafgerichtshof-in-den-haag-und-seine-rolle-fuer-die-nato\/#primaryimage\"},\"image\":{\"@id\":\"https:\/\/now-news.de\/de\/deutschland\/der-internationale-strafgerichtshof-in-den-haag-und-seine-rolle-fuer-die-nato\/#primaryimage\"},\"thumbnailUrl\":\"https:\/\/now-news.de\/de\/wp-content\/uploads\/sites\/3\/2023\/06\/Der-Internationale-Strafgerichtshof-in-Den-Haag-und-seine-Rolle-fuer.jpg\",\"datePublished\":\"2023-06-01T05:45:59+00:00\",\"dateModified\":\"2023-06-01T05:45:59+00:00\",\"breadcrumb\":{\"@id\":\"https:\/\/now-news.de\/de\/deutschland\/der-internationale-strafgerichtshof-in-den-haag-und-seine-rolle-fuer-die-nato\/#breadcrumb\"},\"inLanguage\":\"de\",\"potentialAction\":[{\"@type\":\"ReadAction\",\"target\":[\"https:\/\/now-news.de\/de\/deutschland\/der-internationale-strafgerichtshof-in-den-haag-und-seine-rolle-fuer-die-nato\/\"]}]},{\"@type\":\"ImageObject\",\"inLanguage\":\"de\",\"@id\":\"https:\/\/now-news.de\/de\/deutschland\/der-internationale-strafgerichtshof-in-den-haag-und-seine-rolle-fuer-die-nato\/#primaryimage\",\"url\":\"https:\/\/now-news.de\/de\/wp-content\/uploads\/sites\/3\/2023\/06\/Der-Internationale-Strafgerichtshof-in-Den-Haag-und-seine-Rolle-fuer.jpg\",\"contentUrl\":\"https:\/\/now-news.de\/de\/wp-content\/uploads\/sites\/3\/2023\/06\/Der-Internationale-Strafgerichtshof-in-Den-Haag-und-seine-Rolle-fuer.jpg\",\"width\":460,\"height\":259,\"caption\":\"Der Internationale Strafgerichtshof in Den Haag und seine Rolle f\u00fcr die NATO\"},{\"@type\":\"BreadcrumbList\",\"@id\":\"https:\/\/now-news.de\/de\/deutschland\/der-internationale-strafgerichtshof-in-den-haag-und-seine-rolle-fuer-die-nato\/#breadcrumb\",\"itemListElement\":[{\"@type\":\"ListItem\",\"position\":1,\"name\":\"Home\",\"item\":\"https:\/\/now-news.de\/de\/\"},{\"@type\":\"ListItem\",\"position\":2,\"name\":\"Der Internationale Strafgerichtshof in Den Haag und seine Rolle f\u00fcr die NATO\"}]},{\"@type\":\"WebSite\",\"@id\":\"https:\/\/now-news.de\/de\/#website\",\"url\":\"https:\/\/now-news.de\/de\/\",\"name\":\"just-now.NEWS Deutschland\",\"description\":\"Das Portal f\u00fcr unzensierte Nachrichten aus der Welt\",\"publisher\":{\"@id\":\"https:\/\/now-news.de\/de\/#organization\"},\"potentialAction\":[{\"@type\":\"SearchAction\",\"target\":{\"@type\":\"EntryPoint\",\"urlTemplate\":\"https:\/\/now-news.de\/de\/?s={search_term_string}\"},\"query-input\":\"required name=search_term_string\"}],\"inLanguage\":\"de\"},{\"@type\":\"Organization\",\"@id\":\"https:\/\/now-news.de\/de\/#organization\",\"name\":\"Just Now News\",\"url\":\"https:\/\/now-news.de\/de\/\",\"logo\":{\"@type\":\"ImageObject\",\"inLanguage\":\"de\",\"@id\":\"https:\/\/now-news.de\/de\/#\/schema\/logo\/image\/\",\"url\":\"http:\/\/just-now.news\/de\/wp-content\/uploads\/sites\/3\/2022\/04\/logo500x500.jpg\",\"contentUrl\":\"http:\/\/just-now.news\/de\/wp-content\/uploads\/sites\/3\/2022\/04\/logo500x500.jpg\",\"width\":500,\"height\":500,\"caption\":\"Just Now News\"},\"image\":{\"@id\":\"https:\/\/now-news.de\/de\/#\/schema\/logo\/image\/\"},\"sameAs\":[\"https:\/\/www.facebook.com\/wirmachenauf\",\"https:\/\/x.com\/WirMachenAuf_de\"]},{\"@type\":\"Person\",\"@id\":\"https:\/\/now-news.de\/de\/#\/schema\/person\/fb534a4e865501d8b3285208df34a9b5\",\"name\":\"rtnews\",\"image\":{\"@type\":\"ImageObject\",\"inLanguage\":\"de\",\"@id\":\"https:\/\/now-news.de\/de\/#\/schema\/person\/image\/\",\"url\":\"https:\/\/secure.gravatar.com\/avatar\/82aafea7d8127119dd649515f56e2117?s=96&d=mm&r=g\",\"contentUrl\":\"https:\/\/secure.gravatar.com\/avatar\/82aafea7d8127119dd649515f56e2117?s=96&d=mm&r=g\",\"caption\":\"rtnews\"},\"url\":\"https:\/\/now-news.de\/de\/author\/rnews\/\"}]}<\/script>\n<!-- \/ Yoast SEO Premium plugin. -->","yoast_head_json":{"title":"Der Internationale Strafgerichtshof in Den Haag und seine Rolle f\u00fcr die NATO - just-now.NEWS Deutschland","robots":{"index":"index","follow":"follow","max-snippet":"max-snippet:-1","max-image-preview":"max-image-preview:large","max-video-preview":"max-video-preview:-1"},"canonical":"https:\/\/now-news.de\/de\/deutschland\/der-internationale-strafgerichtshof-in-den-haag-und-seine-rolle-fuer-die-nato\/","og_locale":"de_DE","og_type":"article","og_title":"Der Internationale Strafgerichtshof in Den Haag und seine Rolle f\u00fcr die NATO","og_description":"Ob es um milit\u00e4rischen Angriffe auf rohstoffreiche L\u00e4nder im Nahen Osten oder vom Westen angestiftete B\u00fcrgerkriege in Afrika geht, fast immer mit von der Partie ist auch der Internationale Strafgerichtshof in Den Haag (IStGH). Nat\u00fcrlich immer auf der Seite &#8220;der Guten&#8221;. Von Maria M\u00fcller Der Verdacht auf das Zusammenwirken von internationalen &#8220;Menschenrechts&#8221;-Gerichten mit der NATO-Politik [&hellip;]","og_url":"https:\/\/now-news.de\/de\/deutschland\/der-internationale-strafgerichtshof-in-den-haag-und-seine-rolle-fuer-die-nato\/","og_site_name":"just-now.NEWS Deutschland","article_publisher":"https:\/\/www.facebook.com\/wirmachenauf","article_published_time":"2023-06-01T05:45:59+00:00","og_image":[{"width":460,"height":259,"url":"https:\/\/now-news.de\/de\/wp-content\/uploads\/sites\/3\/2023\/06\/Der-Internationale-Strafgerichtshof-in-Den-Haag-und-seine-Rolle-fuer.jpg","type":"image\/jpeg"}],"author":"rtnews","twitter_card":"summary_large_image","twitter_creator":"@WirMachenAuf_de","twitter_site":"@WirMachenAuf_de","twitter_misc":{"Verfasst von":"rtnews","Gesch\u00e4tzte Lesezeit":"9\u00a0Minuten"},"schema":{"@context":"https:\/\/schema.org","@graph":[{"@type":"Article","@id":"https:\/\/now-news.de\/de\/deutschland\/der-internationale-strafgerichtshof-in-den-haag-und-seine-rolle-fuer-die-nato\/#article","isPartOf":{"@id":"https:\/\/now-news.de\/de\/deutschland\/der-internationale-strafgerichtshof-in-den-haag-und-seine-rolle-fuer-die-nato\/"},"author":{"name":"rtnews","@id":"https:\/\/now-news.de\/de\/#\/schema\/person\/fb534a4e865501d8b3285208df34a9b5"},"headline":"Der Internationale Strafgerichtshof in Den Haag und seine Rolle f\u00fcr die NATO","datePublished":"2023-06-01T05:45:59+00:00","dateModified":"2023-06-01T05:45:59+00:00","mainEntityOfPage":{"@id":"https:\/\/now-news.de\/de\/deutschland\/der-internationale-strafgerichtshof-in-den-haag-und-seine-rolle-fuer-die-nato\/"},"wordCount":1858,"commentCount":0,"publisher":{"@id":"https:\/\/now-news.de\/de\/#organization"},"image":{"@id":"https:\/\/now-news.de\/de\/deutschland\/der-internationale-strafgerichtshof-in-den-haag-und-seine-rolle-fuer-die-nato\/#primaryimage"},"thumbnailUrl":"https:\/\/now-news.de\/de\/wp-content\/uploads\/sites\/3\/2023\/06\/Der-Internationale-Strafgerichtshof-in-Den-Haag-und-seine-Rolle-fuer.jpg","keywords":["den","der","die","f\u00fcr","Haag","Internationale","nato","Rolle","seine","Strafgerichtshof","und"],"articleSection":["Deutschland","Russland"],"inLanguage":"de","potentialAction":[{"@type":"CommentAction","name":"Comment","target":["https:\/\/now-news.de\/de\/deutschland\/der-internationale-strafgerichtshof-in-den-haag-und-seine-rolle-fuer-die-nato\/#respond"]}]},{"@type":"WebPage","@id":"https:\/\/now-news.de\/de\/deutschland\/der-internationale-strafgerichtshof-in-den-haag-und-seine-rolle-fuer-die-nato\/","url":"https:\/\/now-news.de\/de\/deutschland\/der-internationale-strafgerichtshof-in-den-haag-und-seine-rolle-fuer-die-nato\/","name":"Der Internationale Strafgerichtshof in Den Haag und seine Rolle f\u00fcr die NATO - just-now.NEWS Deutschland","isPartOf":{"@id":"https:\/\/now-news.de\/de\/#website"},"primaryImageOfPage":{"@id":"https:\/\/now-news.de\/de\/deutschland\/der-internationale-strafgerichtshof-in-den-haag-und-seine-rolle-fuer-die-nato\/#primaryimage"},"image":{"@id":"https:\/\/now-news.de\/de\/deutschland\/der-internationale-strafgerichtshof-in-den-haag-und-seine-rolle-fuer-die-nato\/#primaryimage"},"thumbnailUrl":"https:\/\/now-news.de\/de\/wp-content\/uploads\/sites\/3\/2023\/06\/Der-Internationale-Strafgerichtshof-in-Den-Haag-und-seine-Rolle-fuer.jpg","datePublished":"2023-06-01T05:45:59+00:00","dateModified":"2023-06-01T05:45:59+00:00","breadcrumb":{"@id":"https:\/\/now-news.de\/de\/deutschland\/der-internationale-strafgerichtshof-in-den-haag-und-seine-rolle-fuer-die-nato\/#breadcrumb"},"inLanguage":"de","potentialAction":[{"@type":"ReadAction","target":["https:\/\/now-news.de\/de\/deutschland\/der-internationale-strafgerichtshof-in-den-haag-und-seine-rolle-fuer-die-nato\/"]}]},{"@type":"ImageObject","inLanguage":"de","@id":"https:\/\/now-news.de\/de\/deutschland\/der-internationale-strafgerichtshof-in-den-haag-und-seine-rolle-fuer-die-nato\/#primaryimage","url":"https:\/\/now-news.de\/de\/wp-content\/uploads\/sites\/3\/2023\/06\/Der-Internationale-Strafgerichtshof-in-Den-Haag-und-seine-Rolle-fuer.jpg","contentUrl":"https:\/\/now-news.de\/de\/wp-content\/uploads\/sites\/3\/2023\/06\/Der-Internationale-Strafgerichtshof-in-Den-Haag-und-seine-Rolle-fuer.jpg","width":460,"height":259,"caption":"Der Internationale Strafgerichtshof in Den Haag und seine Rolle f\u00fcr die NATO"},{"@type":"BreadcrumbList","@id":"https:\/\/now-news.de\/de\/deutschland\/der-internationale-strafgerichtshof-in-den-haag-und-seine-rolle-fuer-die-nato\/#breadcrumb","itemListElement":[{"@type":"ListItem","position":1,"name":"Home","item":"https:\/\/now-news.de\/de\/"},{"@type":"ListItem","position":2,"name":"Der Internationale Strafgerichtshof in Den Haag und seine Rolle f\u00fcr die NATO"}]},{"@type":"WebSite","@id":"https:\/\/now-news.de\/de\/#website","url":"https:\/\/now-news.de\/de\/","name":"just-now.NEWS Deutschland","description":"Das Portal f\u00fcr unzensierte Nachrichten aus der Welt","publisher":{"@id":"https:\/\/now-news.de\/de\/#organization"},"potentialAction":[{"@type":"SearchAction","target":{"@type":"EntryPoint","urlTemplate":"https:\/\/now-news.de\/de\/?s={search_term_string}"},"query-input":"required name=search_term_string"}],"inLanguage":"de"},{"@type":"Organization","@id":"https:\/\/now-news.de\/de\/#organization","name":"Just Now News","url":"https:\/\/now-news.de\/de\/","logo":{"@type":"ImageObject","inLanguage":"de","@id":"https:\/\/now-news.de\/de\/#\/schema\/logo\/image\/","url":"http:\/\/just-now.news\/de\/wp-content\/uploads\/sites\/3\/2022\/04\/logo500x500.jpg","contentUrl":"http:\/\/just-now.news\/de\/wp-content\/uploads\/sites\/3\/2022\/04\/logo500x500.jpg","width":500,"height":500,"caption":"Just Now News"},"image":{"@id":"https:\/\/now-news.de\/de\/#\/schema\/logo\/image\/"},"sameAs":["https:\/\/www.facebook.com\/wirmachenauf","https:\/\/x.com\/WirMachenAuf_de"]},{"@type":"Person","@id":"https:\/\/now-news.de\/de\/#\/schema\/person\/fb534a4e865501d8b3285208df34a9b5","name":"rtnews","image":{"@type":"ImageObject","inLanguage":"de","@id":"https:\/\/now-news.de\/de\/#\/schema\/person\/image\/","url":"https:\/\/secure.gravatar.com\/avatar\/82aafea7d8127119dd649515f56e2117?s=96&d=mm&r=g","contentUrl":"https:\/\/secure.gravatar.com\/avatar\/82aafea7d8127119dd649515f56e2117?s=96&d=mm&r=g","caption":"rtnews"},"url":"https:\/\/now-news.de\/de\/author\/rnews\/"}]}},"_links":{"self":[{"href":"https:\/\/now-news.de\/de\/wp-json\/wp\/v2\/posts\/37187"}],"collection":[{"href":"https:\/\/now-news.de\/de\/wp-json\/wp\/v2\/posts"}],"about":[{"href":"https:\/\/now-news.de\/de\/wp-json\/wp\/v2\/types\/post"}],"author":[{"embeddable":true,"href":"https:\/\/now-news.de\/de\/wp-json\/wp\/v2\/users\/3"}],"replies":[{"embeddable":true,"href":"https:\/\/now-news.de\/de\/wp-json\/wp\/v2\/comments?post=37187"}],"version-history":[{"count":0,"href":"https:\/\/now-news.de\/de\/wp-json\/wp\/v2\/posts\/37187\/revisions"}],"wp:featuredmedia":[{"embeddable":true,"href":"https:\/\/now-news.de\/de\/wp-json\/wp\/v2\/media\/37188"}],"wp:attachment":[{"href":"https:\/\/now-news.de\/de\/wp-json\/wp\/v2\/media?parent=37187"}],"wp:term":[{"taxonomy":"category","embeddable":true,"href":"https:\/\/now-news.de\/de\/wp-json\/wp\/v2\/categories?post=37187"},{"taxonomy":"post_tag","embeddable":true,"href":"https:\/\/now-news.de\/de\/wp-json\/wp\/v2\/tags?post=37187"}],"curies":[{"name":"wp","href":"https:\/\/api.w.org\/{rel}","templated":true}]}}