{"id":37169,"date":"2023-05-31T20:33:48","date_gmt":"2023-05-31T18:33:48","guid":{"rendered":"http:\/\/just-now.news\/de\/deutschland\/razzia-in-der-hooliganszene-im-erzgebirge-verdacht-auf-bildung-einer-kriminellen-vereinigung\/"},"modified":"2023-05-31T20:33:48","modified_gmt":"2023-05-31T18:33:48","slug":"razzia-in-der-hooliganszene-im-erzgebirge-verdacht-auf-bildung-einer-kriminellen-vereinigung","status":"publish","type":"post","link":"https:\/\/now-news.de\/de\/deutschland\/razzia-in-der-hooliganszene-im-erzgebirge-verdacht-auf-bildung-einer-kriminellen-vereinigung\/","title":{"rendered":"Razzia in der Hooliganszene im Erzgebirge \u2013 Verdacht auf Bildung einer kriminellen Vereinigung"},"content":{"rendered":"<p><img decoding=\"async\" src=\"http:\/\/just-now.news\/de\/wp-content\/uploads\/sites\/3\/2023\/05\/6477298548fbef27001dda2f.jpg\" \/><\/p>\n<div class=\"Text-root Text-type_1 \">\n                Ausgangspunkt war ein Ermittlungsverfahren der Generalstaatsanwaltschaft Dresden. Es wurden mehrere Haftbefehle und Durchsuchungsbeschl\u00fcsse vollstreckt. Dabei geht es um eine Gruppierung namens &#8220;Starke Jugend&#8221;, mit insgesamt 34 Beschuldigten im Alter von 17 bis 23 Jahren.\n            <\/div>\n<p><\/p>\n<div class=\"Text-root Text-type_5 ArticleView-text ViewText-root \">\n<p>Die\u00a0<a rel=\"nofollow noopener\" target=\"_blank\" href=\"https:\/\/www.medienservice.sachsen.de\/medien\/news\/1066773\">Mitteilung<\/a>\u00a0zu der Razzia\u00a0am Morgen des 31. Mai 2023 tr\u00e4gt auf der Webseite des Bundeslandes Sachsen den Titel: &#8220;Exekutivma\u00dfnahmen wegen der mutma\u00dflichen Bildung und Mitgliedschaft in einer kriminellen Vereinigung&#8221;. Den Beschuldigten wird zur Last gelegt, \u00dcberf\u00e4lle auf Mitglieder anderer Fu\u00dfballvereine und Angriffe auf Polizisten begangen zu haben.<\/p>\n<p>Die ermittelnden Beamten durchsuchten mit der sogenannten &#8220;Soko Rex&#8221; des Landeskriminalamtes Sachsen bei f\u00fcnf der insgesamt 34 Beschuldigten mehrere Objekte im Erzgebirge. In welchen Ortschaften die Durchsuchungen genau stattfanden, ist\u00a0derzeit nicht bekannt. Drei Verd\u00e4chtige\u00a0seien festgenommen worden, hie\u00df es. Die unter dem Namen &#8220;Starke Jugend&#8221; agierende Gruppierung gilt laut den Ermittlungen als fester Bestandteil des \u00f6rtlichen Fu\u00dfballvereins FC Erzgebirge Aue und setzt sich\u00a0laut den Informationen des Landes Sachsen &#8220;aus Ultras und Hooligans zusammen&#8221;. Weiter hei\u00dft es in der Mitteilung:<\/p>\n<blockquote>\n<p><em>&#8220;Ziel der Gruppierung war nach den bisherigen Ermittlungen die Begehung von Gewalttaten, insbesondere K\u00f6rperverletzungen und Raubdelikten gegen Anh\u00e4nger anderer Fu\u00dfballvereine als auch Widerstandshandlungen gegen Polizeibeamte als staatliche Repr\u00e4sentanten.&#8221;<\/em><\/p>\n<\/blockquote>\n<p>&#8220;Vier der f\u00fcnf von den Durchsuchungen Betroffenen seien in der Vergangenheit auch mit rechtsextremistischen Straftaten wie Volksverhetzung sowie das Verwenden von Kennzeichen verfassungswidriger Organisationen in Erscheinung getreten&#8221;, <a rel=\"nofollow noopener\" target=\"_blank\" href=\"https:\/\/www.mdr.de\/nachrichten\/sachsen\/chemnitz\/annaberg-aue-schwarzenberg\/festnahme-erzgebirge-hooligan-ultra-fussball-100.html\">erl\u00e4uterte<\/a> LKA-Sprecher Kay Anders laut dem Sender <em>MDR.<\/em>\u00a0Die Ermittlungen der Generalstaatsanwaltschaft Dresden und des<br \/>Landeskriminalamtes Sachsen dauerten\u00a0derzeit noch an.<\/p>\n<p>Die\u00a0Hausdurchsuchungen\u00a0heute fallen mit dem\u00a0Datum zusammen, wo in Dresden das Gerichtsurteil in der Causa der Linksextremistin Lena E. und dreier Mitstreiter erfolgte. Diese sollen als Gruppierung lebensgef\u00e4hrliche Angriffe auf rechte Gegner durchgef\u00fchrt haben.<\/p>\n<p><strong>Mehr zum Thema <\/strong>&#8211;\u00a0<a rel=\"nofollow noopener\" target=\"_blank\" href=\"https:\/\/freeassange.rtde.life\/inland\/171435-urteil-im-fall-lina-e\/\">Urteil im Fall Lina E.: 5 Jahre und 3 Monate Haft \u2013 Die linksautonome Szene k\u00fcndigt Reaktionen an<\/a><\/p>\n<\/div>\n<p><br \/>\n<br \/><a href=\"https:\/\/de.rt.com\/inland\/171451-razzia-in-hooliganszene-im-erzgebirge\/\">Source link <\/a><\/p>\n","protected":false},"excerpt":{"rendered":"<p>Ausgangspunkt war ein Ermittlungsverfahren der Generalstaatsanwaltschaft Dresden. Es wurden mehrere Haftbefehle und Durchsuchungsbeschl\u00fcsse vollstreckt. Dabei geht es um eine Gruppierung namens &#8220;Starke Jugend&#8221;, mit insgesamt 34 Beschuldigten im Alter von 17 bis 23 Jahren. Die\u00a0Mitteilung\u00a0zu der Razzia\u00a0am Morgen des 31. Mai 2023 tr\u00e4gt auf der Webseite des Bundeslandes Sachsen den Titel: &#8220;Exekutivma\u00dfnahmen wegen der mutma\u00dflichen [&hellip;]<\/p>\n","protected":false},"author":3,"featured_media":37170,"comment_status":"open","ping_status":"open","sticky":false,"template":"","format":"standard","meta":{"_yoast_indexnow_last_ping":["1685558880"],"wp_automatic_camp":["217"],"f2467956b66ede1ce332dc4fd0dbcf11":["Razzia in der Hooliganszene im Erzgebirge \u2013 Verdacht auf Bildung einer kriminellen Vereinigung"],"original_link":["https:\/\/de.rt.com\/inland\/171451-razzia-in-hooliganszene-im-erzgebirge\/"],"_thumbnail_id":["37170"],"jnews_social_counter_last_update":["1777622591"],"_wptgpro_p2tg_sent2tg":["a:1:{i:23737;s:19:\"2023-05-31 20:49:04\";}"]},"categories":[19,23],"tags":[133,24105,82,212,24769,45009,23577,1749,6227,16522],"yoast_head":"<!-- This site is optimized with the Yoast SEO Premium plugin v22.7 (Yoast SEO v22.7) - https:\/\/yoast.com\/wordpress\/plugins\/seo\/ -->\n<title>Razzia in der Hooliganszene im Erzgebirge \u2013 Verdacht auf Bildung einer kriminellen Vereinigung - just-now.NEWS Deutschland<\/title>\n<meta name=\"robots\" content=\"index, follow, max-snippet:-1, max-image-preview:large, max-video-preview:-1\" \/>\n<link rel=\"canonical\" href=\"https:\/\/now-news.de\/de\/deutschland\/razzia-in-der-hooliganszene-im-erzgebirge-verdacht-auf-bildung-einer-kriminellen-vereinigung\/\" \/>\n<meta property=\"og:locale\" content=\"de_DE\" \/>\n<meta property=\"og:type\" content=\"article\" \/>\n<meta property=\"og:title\" content=\"Razzia in der Hooliganszene im Erzgebirge \u2013 Verdacht auf Bildung einer kriminellen Vereinigung\" \/>\n<meta property=\"og:description\" content=\"Ausgangspunkt war ein Ermittlungsverfahren der Generalstaatsanwaltschaft Dresden. Es wurden mehrere Haftbefehle und Durchsuchungsbeschl\u00fcsse vollstreckt. Dabei geht es um eine Gruppierung namens &#8220;Starke Jugend&#8221;, mit insgesamt 34 Beschuldigten im Alter von 17 bis 23 Jahren. Die\u00a0Mitteilung\u00a0zu der Razzia\u00a0am Morgen des 31. Mai 2023 tr\u00e4gt auf der Webseite des Bundeslandes Sachsen den Titel: &#8220;Exekutivma\u00dfnahmen wegen der mutma\u00dflichen [&hellip;]\" \/>\n<meta property=\"og:url\" content=\"https:\/\/now-news.de\/de\/deutschland\/razzia-in-der-hooliganszene-im-erzgebirge-verdacht-auf-bildung-einer-kriminellen-vereinigung\/\" \/>\n<meta property=\"og:site_name\" content=\"just-now.NEWS Deutschland\" \/>\n<meta property=\"article:publisher\" content=\"https:\/\/www.facebook.com\/wirmachenauf\" \/>\n<meta property=\"article:published_time\" content=\"2023-05-31T18:33:48+00:00\" \/>\n<meta property=\"og:image\" content=\"https:\/\/now-news.de\/de\/wp-content\/uploads\/sites\/3\/2023\/05\/Razzia-in-der-Hooliganszene-im-Erzgebirge-\u2013-Verdacht-auf-Bildung.jpg\" \/>\n\t<meta property=\"og:image:width\" content=\"460\" \/>\n\t<meta property=\"og:image:height\" content=\"259\" \/>\n\t<meta property=\"og:image:type\" content=\"image\/jpeg\" \/>\n<meta name=\"author\" content=\"rtnews\" \/>\n<meta name=\"twitter:card\" content=\"summary_large_image\" \/>\n<meta name=\"twitter:creator\" content=\"@WirMachenAuf_de\" \/>\n<meta name=\"twitter:site\" content=\"@WirMachenAuf_de\" \/>\n<meta name=\"twitter:label1\" content=\"Verfasst von\" \/>\n\t<meta name=\"twitter:data1\" content=\"rtnews\" \/>\n\t<meta name=\"twitter:label2\" content=\"Gesch\u00e4tzte Lesezeit\" \/>\n\t<meta name=\"twitter:data2\" content=\"2\u00a0Minuten\" \/>\n<script type=\"application\/ld+json\" class=\"yoast-schema-graph\">{\"@context\":\"https:\/\/schema.org\",\"@graph\":[{\"@type\":\"Article\",\"@id\":\"https:\/\/now-news.de\/de\/deutschland\/razzia-in-der-hooliganszene-im-erzgebirge-verdacht-auf-bildung-einer-kriminellen-vereinigung\/#article\",\"isPartOf\":{\"@id\":\"https:\/\/now-news.de\/de\/deutschland\/razzia-in-der-hooliganszene-im-erzgebirge-verdacht-auf-bildung-einer-kriminellen-vereinigung\/\"},\"author\":{\"name\":\"rtnews\",\"@id\":\"https:\/\/now-news.de\/de\/#\/schema\/person\/fb534a4e865501d8b3285208df34a9b5\"},\"headline\":\"Razzia in der Hooliganszene im Erzgebirge \u2013 Verdacht auf Bildung einer kriminellen Vereinigung\",\"datePublished\":\"2023-05-31T18:33:48+00:00\",\"dateModified\":\"2023-05-31T18:33:48+00:00\",\"mainEntityOfPage\":{\"@id\":\"https:\/\/now-news.de\/de\/deutschland\/razzia-in-der-hooliganszene-im-erzgebirge-verdacht-auf-bildung-einer-kriminellen-vereinigung\/\"},\"wordCount\":321,\"commentCount\":0,\"publisher\":{\"@id\":\"https:\/\/now-news.de\/de\/#organization\"},\"image\":{\"@id\":\"https:\/\/now-news.de\/de\/deutschland\/razzia-in-der-hooliganszene-im-erzgebirge-verdacht-auf-bildung-einer-kriminellen-vereinigung\/#primaryimage\"},\"thumbnailUrl\":\"https:\/\/now-news.de\/de\/wp-content\/uploads\/sites\/3\/2023\/05\/Razzia-in-der-Hooliganszene-im-Erzgebirge-\u2013-Verdacht-auf-Bildung.jpg\",\"keywords\":[\"AUF\",\"Bildung\",\"der\",\"einer\",\"Erzgebirge\",\"Hooliganszene\",\"Kriminellen\",\"Razzia\",\"Verdacht\",\"Vereinigung\"],\"articleSection\":[\"Deutschland\",\"Russland\"],\"inLanguage\":\"de\",\"potentialAction\":[{\"@type\":\"CommentAction\",\"name\":\"Comment\",\"target\":[\"https:\/\/now-news.de\/de\/deutschland\/razzia-in-der-hooliganszene-im-erzgebirge-verdacht-auf-bildung-einer-kriminellen-vereinigung\/#respond\"]}]},{\"@type\":\"WebPage\",\"@id\":\"https:\/\/now-news.de\/de\/deutschland\/razzia-in-der-hooliganszene-im-erzgebirge-verdacht-auf-bildung-einer-kriminellen-vereinigung\/\",\"url\":\"https:\/\/now-news.de\/de\/deutschland\/razzia-in-der-hooliganszene-im-erzgebirge-verdacht-auf-bildung-einer-kriminellen-vereinigung\/\",\"name\":\"Razzia in der Hooliganszene im Erzgebirge \u2013 Verdacht auf Bildung einer kriminellen Vereinigung - just-now.NEWS Deutschland\",\"isPartOf\":{\"@id\":\"https:\/\/now-news.de\/de\/#website\"},\"primaryImageOfPage\":{\"@id\":\"https:\/\/now-news.de\/de\/deutschland\/razzia-in-der-hooliganszene-im-erzgebirge-verdacht-auf-bildung-einer-kriminellen-vereinigung\/#primaryimage\"},\"image\":{\"@id\":\"https:\/\/now-news.de\/de\/deutschland\/razzia-in-der-hooliganszene-im-erzgebirge-verdacht-auf-bildung-einer-kriminellen-vereinigung\/#primaryimage\"},\"thumbnailUrl\":\"https:\/\/now-news.de\/de\/wp-content\/uploads\/sites\/3\/2023\/05\/Razzia-in-der-Hooliganszene-im-Erzgebirge-\u2013-Verdacht-auf-Bildung.jpg\",\"datePublished\":\"2023-05-31T18:33:48+00:00\",\"dateModified\":\"2023-05-31T18:33:48+00:00\",\"breadcrumb\":{\"@id\":\"https:\/\/now-news.de\/de\/deutschland\/razzia-in-der-hooliganszene-im-erzgebirge-verdacht-auf-bildung-einer-kriminellen-vereinigung\/#breadcrumb\"},\"inLanguage\":\"de\",\"potentialAction\":[{\"@type\":\"ReadAction\",\"target\":[\"https:\/\/now-news.de\/de\/deutschland\/razzia-in-der-hooliganszene-im-erzgebirge-verdacht-auf-bildung-einer-kriminellen-vereinigung\/\"]}]},{\"@type\":\"ImageObject\",\"inLanguage\":\"de\",\"@id\":\"https:\/\/now-news.de\/de\/deutschland\/razzia-in-der-hooliganszene-im-erzgebirge-verdacht-auf-bildung-einer-kriminellen-vereinigung\/#primaryimage\",\"url\":\"https:\/\/now-news.de\/de\/wp-content\/uploads\/sites\/3\/2023\/05\/Razzia-in-der-Hooliganszene-im-Erzgebirge-\u2013-Verdacht-auf-Bildung.jpg\",\"contentUrl\":\"https:\/\/now-news.de\/de\/wp-content\/uploads\/sites\/3\/2023\/05\/Razzia-in-der-Hooliganszene-im-Erzgebirge-\u2013-Verdacht-auf-Bildung.jpg\",\"width\":460,\"height\":259,\"caption\":\"Razzia in der Hooliganszene im Erzgebirge \u2013 Verdacht auf Bildung einer kriminellen Vereinigung\"},{\"@type\":\"BreadcrumbList\",\"@id\":\"https:\/\/now-news.de\/de\/deutschland\/razzia-in-der-hooliganszene-im-erzgebirge-verdacht-auf-bildung-einer-kriminellen-vereinigung\/#breadcrumb\",\"itemListElement\":[{\"@type\":\"ListItem\",\"position\":1,\"name\":\"Home\",\"item\":\"https:\/\/now-news.de\/de\/\"},{\"@type\":\"ListItem\",\"position\":2,\"name\":\"Razzia in der Hooliganszene im Erzgebirge \u2013 Verdacht auf Bildung einer kriminellen Vereinigung\"}]},{\"@type\":\"WebSite\",\"@id\":\"https:\/\/now-news.de\/de\/#website\",\"url\":\"https:\/\/now-news.de\/de\/\",\"name\":\"just-now.NEWS Deutschland\",\"description\":\"Das Portal f\u00fcr unzensierte Nachrichten aus der Welt\",\"publisher\":{\"@id\":\"https:\/\/now-news.de\/de\/#organization\"},\"potentialAction\":[{\"@type\":\"SearchAction\",\"target\":{\"@type\":\"EntryPoint\",\"urlTemplate\":\"https:\/\/now-news.de\/de\/?s={search_term_string}\"},\"query-input\":\"required name=search_term_string\"}],\"inLanguage\":\"de\"},{\"@type\":\"Organization\",\"@id\":\"https:\/\/now-news.de\/de\/#organization\",\"name\":\"Just Now News\",\"url\":\"https:\/\/now-news.de\/de\/\",\"logo\":{\"@type\":\"ImageObject\",\"inLanguage\":\"de\",\"@id\":\"https:\/\/now-news.de\/de\/#\/schema\/logo\/image\/\",\"url\":\"http:\/\/just-now.news\/de\/wp-content\/uploads\/sites\/3\/2022\/04\/logo500x500.jpg\",\"contentUrl\":\"http:\/\/just-now.news\/de\/wp-content\/uploads\/sites\/3\/2022\/04\/logo500x500.jpg\",\"width\":500,\"height\":500,\"caption\":\"Just Now News\"},\"image\":{\"@id\":\"https:\/\/now-news.de\/de\/#\/schema\/logo\/image\/\"},\"sameAs\":[\"https:\/\/www.facebook.com\/wirmachenauf\",\"https:\/\/x.com\/WirMachenAuf_de\"]},{\"@type\":\"Person\",\"@id\":\"https:\/\/now-news.de\/de\/#\/schema\/person\/fb534a4e865501d8b3285208df34a9b5\",\"name\":\"rtnews\",\"image\":{\"@type\":\"ImageObject\",\"inLanguage\":\"de\",\"@id\":\"https:\/\/now-news.de\/de\/#\/schema\/person\/image\/\",\"url\":\"https:\/\/secure.gravatar.com\/avatar\/82aafea7d8127119dd649515f56e2117?s=96&d=mm&r=g\",\"contentUrl\":\"https:\/\/secure.gravatar.com\/avatar\/82aafea7d8127119dd649515f56e2117?s=96&d=mm&r=g\",\"caption\":\"rtnews\"},\"url\":\"https:\/\/now-news.de\/de\/author\/rnews\/\"}]}<\/script>\n<!-- \/ Yoast SEO Premium plugin. -->","yoast_head_json":{"title":"Razzia in der Hooliganszene im Erzgebirge \u2013 Verdacht auf Bildung einer kriminellen Vereinigung - just-now.NEWS Deutschland","robots":{"index":"index","follow":"follow","max-snippet":"max-snippet:-1","max-image-preview":"max-image-preview:large","max-video-preview":"max-video-preview:-1"},"canonical":"https:\/\/now-news.de\/de\/deutschland\/razzia-in-der-hooliganszene-im-erzgebirge-verdacht-auf-bildung-einer-kriminellen-vereinigung\/","og_locale":"de_DE","og_type":"article","og_title":"Razzia in der Hooliganszene im Erzgebirge \u2013 Verdacht auf Bildung einer kriminellen Vereinigung","og_description":"Ausgangspunkt war ein Ermittlungsverfahren der Generalstaatsanwaltschaft Dresden. Es wurden mehrere Haftbefehle und Durchsuchungsbeschl\u00fcsse vollstreckt. Dabei geht es um eine Gruppierung namens &#8220;Starke Jugend&#8221;, mit insgesamt 34 Beschuldigten im Alter von 17 bis 23 Jahren. Die\u00a0Mitteilung\u00a0zu der Razzia\u00a0am Morgen des 31. Mai 2023 tr\u00e4gt auf der Webseite des Bundeslandes Sachsen den Titel: &#8220;Exekutivma\u00dfnahmen wegen der mutma\u00dflichen [&hellip;]","og_url":"https:\/\/now-news.de\/de\/deutschland\/razzia-in-der-hooliganszene-im-erzgebirge-verdacht-auf-bildung-einer-kriminellen-vereinigung\/","og_site_name":"just-now.NEWS Deutschland","article_publisher":"https:\/\/www.facebook.com\/wirmachenauf","article_published_time":"2023-05-31T18:33:48+00:00","og_image":[{"width":460,"height":259,"url":"https:\/\/now-news.de\/de\/wp-content\/uploads\/sites\/3\/2023\/05\/Razzia-in-der-Hooliganszene-im-Erzgebirge-\u2013-Verdacht-auf-Bildung.jpg","type":"image\/jpeg"}],"author":"rtnews","twitter_card":"summary_large_image","twitter_creator":"@WirMachenAuf_de","twitter_site":"@WirMachenAuf_de","twitter_misc":{"Verfasst von":"rtnews","Gesch\u00e4tzte Lesezeit":"2\u00a0Minuten"},"schema":{"@context":"https:\/\/schema.org","@graph":[{"@type":"Article","@id":"https:\/\/now-news.de\/de\/deutschland\/razzia-in-der-hooliganszene-im-erzgebirge-verdacht-auf-bildung-einer-kriminellen-vereinigung\/#article","isPartOf":{"@id":"https:\/\/now-news.de\/de\/deutschland\/razzia-in-der-hooliganszene-im-erzgebirge-verdacht-auf-bildung-einer-kriminellen-vereinigung\/"},"author":{"name":"rtnews","@id":"https:\/\/now-news.de\/de\/#\/schema\/person\/fb534a4e865501d8b3285208df34a9b5"},"headline":"Razzia in der Hooliganszene im Erzgebirge \u2013 Verdacht auf Bildung einer kriminellen Vereinigung","datePublished":"2023-05-31T18:33:48+00:00","dateModified":"2023-05-31T18:33:48+00:00","mainEntityOfPage":{"@id":"https:\/\/now-news.de\/de\/deutschland\/razzia-in-der-hooliganszene-im-erzgebirge-verdacht-auf-bildung-einer-kriminellen-vereinigung\/"},"wordCount":321,"commentCount":0,"publisher":{"@id":"https:\/\/now-news.de\/de\/#organization"},"image":{"@id":"https:\/\/now-news.de\/de\/deutschland\/razzia-in-der-hooliganszene-im-erzgebirge-verdacht-auf-bildung-einer-kriminellen-vereinigung\/#primaryimage"},"thumbnailUrl":"https:\/\/now-news.de\/de\/wp-content\/uploads\/sites\/3\/2023\/05\/Razzia-in-der-Hooliganszene-im-Erzgebirge-\u2013-Verdacht-auf-Bildung.jpg","keywords":["AUF","Bildung","der","einer","Erzgebirge","Hooliganszene","Kriminellen","Razzia","Verdacht","Vereinigung"],"articleSection":["Deutschland","Russland"],"inLanguage":"de","potentialAction":[{"@type":"CommentAction","name":"Comment","target":["https:\/\/now-news.de\/de\/deutschland\/razzia-in-der-hooliganszene-im-erzgebirge-verdacht-auf-bildung-einer-kriminellen-vereinigung\/#respond"]}]},{"@type":"WebPage","@id":"https:\/\/now-news.de\/de\/deutschland\/razzia-in-der-hooliganszene-im-erzgebirge-verdacht-auf-bildung-einer-kriminellen-vereinigung\/","url":"https:\/\/now-news.de\/de\/deutschland\/razzia-in-der-hooliganszene-im-erzgebirge-verdacht-auf-bildung-einer-kriminellen-vereinigung\/","name":"Razzia in der Hooliganszene im Erzgebirge \u2013 Verdacht auf Bildung einer kriminellen Vereinigung - just-now.NEWS Deutschland","isPartOf":{"@id":"https:\/\/now-news.de\/de\/#website"},"primaryImageOfPage":{"@id":"https:\/\/now-news.de\/de\/deutschland\/razzia-in-der-hooliganszene-im-erzgebirge-verdacht-auf-bildung-einer-kriminellen-vereinigung\/#primaryimage"},"image":{"@id":"https:\/\/now-news.de\/de\/deutschland\/razzia-in-der-hooliganszene-im-erzgebirge-verdacht-auf-bildung-einer-kriminellen-vereinigung\/#primaryimage"},"thumbnailUrl":"https:\/\/now-news.de\/de\/wp-content\/uploads\/sites\/3\/2023\/05\/Razzia-in-der-Hooliganszene-im-Erzgebirge-\u2013-Verdacht-auf-Bildung.jpg","datePublished":"2023-05-31T18:33:48+00:00","dateModified":"2023-05-31T18:33:48+00:00","breadcrumb":{"@id":"https:\/\/now-news.de\/de\/deutschland\/razzia-in-der-hooliganszene-im-erzgebirge-verdacht-auf-bildung-einer-kriminellen-vereinigung\/#breadcrumb"},"inLanguage":"de","potentialAction":[{"@type":"ReadAction","target":["https:\/\/now-news.de\/de\/deutschland\/razzia-in-der-hooliganszene-im-erzgebirge-verdacht-auf-bildung-einer-kriminellen-vereinigung\/"]}]},{"@type":"ImageObject","inLanguage":"de","@id":"https:\/\/now-news.de\/de\/deutschland\/razzia-in-der-hooliganszene-im-erzgebirge-verdacht-auf-bildung-einer-kriminellen-vereinigung\/#primaryimage","url":"https:\/\/now-news.de\/de\/wp-content\/uploads\/sites\/3\/2023\/05\/Razzia-in-der-Hooliganszene-im-Erzgebirge-\u2013-Verdacht-auf-Bildung.jpg","contentUrl":"https:\/\/now-news.de\/de\/wp-content\/uploads\/sites\/3\/2023\/05\/Razzia-in-der-Hooliganszene-im-Erzgebirge-\u2013-Verdacht-auf-Bildung.jpg","width":460,"height":259,"caption":"Razzia in der Hooliganszene im Erzgebirge \u2013 Verdacht auf Bildung einer kriminellen Vereinigung"},{"@type":"BreadcrumbList","@id":"https:\/\/now-news.de\/de\/deutschland\/razzia-in-der-hooliganszene-im-erzgebirge-verdacht-auf-bildung-einer-kriminellen-vereinigung\/#breadcrumb","itemListElement":[{"@type":"ListItem","position":1,"name":"Home","item":"https:\/\/now-news.de\/de\/"},{"@type":"ListItem","position":2,"name":"Razzia in der Hooliganszene im Erzgebirge \u2013 Verdacht auf Bildung einer kriminellen Vereinigung"}]},{"@type":"WebSite","@id":"https:\/\/now-news.de\/de\/#website","url":"https:\/\/now-news.de\/de\/","name":"just-now.NEWS Deutschland","description":"Das Portal f\u00fcr unzensierte Nachrichten aus der Welt","publisher":{"@id":"https:\/\/now-news.de\/de\/#organization"},"potentialAction":[{"@type":"SearchAction","target":{"@type":"EntryPoint","urlTemplate":"https:\/\/now-news.de\/de\/?s={search_term_string}"},"query-input":"required name=search_term_string"}],"inLanguage":"de"},{"@type":"Organization","@id":"https:\/\/now-news.de\/de\/#organization","name":"Just Now News","url":"https:\/\/now-news.de\/de\/","logo":{"@type":"ImageObject","inLanguage":"de","@id":"https:\/\/now-news.de\/de\/#\/schema\/logo\/image\/","url":"http:\/\/just-now.news\/de\/wp-content\/uploads\/sites\/3\/2022\/04\/logo500x500.jpg","contentUrl":"http:\/\/just-now.news\/de\/wp-content\/uploads\/sites\/3\/2022\/04\/logo500x500.jpg","width":500,"height":500,"caption":"Just Now News"},"image":{"@id":"https:\/\/now-news.de\/de\/#\/schema\/logo\/image\/"},"sameAs":["https:\/\/www.facebook.com\/wirmachenauf","https:\/\/x.com\/WirMachenAuf_de"]},{"@type":"Person","@id":"https:\/\/now-news.de\/de\/#\/schema\/person\/fb534a4e865501d8b3285208df34a9b5","name":"rtnews","image":{"@type":"ImageObject","inLanguage":"de","@id":"https:\/\/now-news.de\/de\/#\/schema\/person\/image\/","url":"https:\/\/secure.gravatar.com\/avatar\/82aafea7d8127119dd649515f56e2117?s=96&d=mm&r=g","contentUrl":"https:\/\/secure.gravatar.com\/avatar\/82aafea7d8127119dd649515f56e2117?s=96&d=mm&r=g","caption":"rtnews"},"url":"https:\/\/now-news.de\/de\/author\/rnews\/"}]}},"_links":{"self":[{"href":"https:\/\/now-news.de\/de\/wp-json\/wp\/v2\/posts\/37169"}],"collection":[{"href":"https:\/\/now-news.de\/de\/wp-json\/wp\/v2\/posts"}],"about":[{"href":"https:\/\/now-news.de\/de\/wp-json\/wp\/v2\/types\/post"}],"author":[{"embeddable":true,"href":"https:\/\/now-news.de\/de\/wp-json\/wp\/v2\/users\/3"}],"replies":[{"embeddable":true,"href":"https:\/\/now-news.de\/de\/wp-json\/wp\/v2\/comments?post=37169"}],"version-history":[{"count":0,"href":"https:\/\/now-news.de\/de\/wp-json\/wp\/v2\/posts\/37169\/revisions"}],"wp:featuredmedia":[{"embeddable":true,"href":"https:\/\/now-news.de\/de\/wp-json\/wp\/v2\/media\/37170"}],"wp:attachment":[{"href":"https:\/\/now-news.de\/de\/wp-json\/wp\/v2\/media?parent=37169"}],"wp:term":[{"taxonomy":"category","embeddable":true,"href":"https:\/\/now-news.de\/de\/wp-json\/wp\/v2\/categories?post=37169"},{"taxonomy":"post_tag","embeddable":true,"href":"https:\/\/now-news.de\/de\/wp-json\/wp\/v2\/tags?post=37169"}],"curies":[{"name":"wp","href":"https:\/\/api.w.org\/{rel}","templated":true}]}}