{"id":37165,"date":"2023-05-31T19:59:26","date_gmt":"2023-05-31T17:59:26","guid":{"rendered":"http:\/\/just-now.news\/de\/deutschland\/messerattacke-im-brandenburgischen-erkner-14-jaehriger-im-krankenhaus\/"},"modified":"2023-05-31T19:59:26","modified_gmt":"2023-05-31T17:59:26","slug":"messerattacke-im-brandenburgischen-erkner-14-jaehriger-im-krankenhaus","status":"publish","type":"post","link":"https:\/\/now-news.de\/de\/deutschland\/messerattacke-im-brandenburgischen-erkner-14-jaehriger-im-krankenhaus\/","title":{"rendered":"Messerattacke im brandenburgischen Erkner: 14-J\u00e4hriger im Krankenhaus"},"content":{"rendered":"<p><img decoding=\"async\" src=\"http:\/\/just-now.news\/de\/wp-content\/uploads\/sites\/3\/2023\/05\/64776b7b48fbef27001dda5d.jpg\" \/><\/p>\n<div class=\"Text-root Text-type_1 \">\n                Im brandenburgischen Erkner kam es am Dienstag zu einer Messerattacke: Dabei wurde ein 14-J\u00e4hriger mit mehreren Stichwunden verletzt und musste in ein Krankenhaus gebracht werden.\n            <\/div>\n<p><\/p>\n<div class=\"Text-root Text-type_5 ArticleView-text ViewText-root \">\n<p>Bei dem Opfer einer Messerattacke am Dienstag in Erkner (Oder-Spree) handelt es sich nach Polizeiangaben um einen 14 Jahre alten Jugendlichen\u00a0\u2012 wie der <em>rbb<\/em>\u00a0<a rel=\"nofollow noopener\" target=\"_blank\" href=\"https:\/\/www.rbb24.de\/studiofrankfurt\/beitraege\/2023\/05\/berlin-erkner-jugendlicher-stichverletzungen-klinik.html\">berichtet<\/a>. Er wurde mutma\u00dflich am Bahnhofsvorplatz von einem 19-J\u00e4hrigen mit einem Messer angegriffen, wie eine Sprecherin der Polizei am Mittwoch bekannt gab. Der 14-J\u00e4hrige wurde anschlie\u00dfend mit mehreren Stichverletzungen ins Krankenhaus eingeliefert. Lebensgefahr soll nach ersten Erkenntnissen nicht bestehen.<\/p>\n<p>Nach Polizeiangaben waren an der Auseinandersetzung mehrere Menschen beteiligt, das Tatmotiv ist bisher unklar. Ob sich die\u00a0Akteure kannten, ist nun Gegenstand der Ermittlungen.<\/p>\n<p>Laut\u00a0den Beamten\u00a0hatte es vor der Attacke einen weiteren\u00a0Angriff am nahe gelegenen Busbahnhof in Erkner gegeben. Hierbei soll ein ebenfalls junger Mann einen 17-J\u00e4hrigen mehrfach getreten und geschlagen und ihm anschlie\u00dfend die Tasche gestohlen haben.\u00a0Daraufhin soll er mit einer gr\u00f6\u00dferen Gruppe davongelaufen sein. Die Polizei ermittelt auch hier. \u00dcber die m\u00f6gliche Herkunft der T\u00e4ter machte die Polizei bisher keine Angaben.<\/p>\n<p><strong>Mehr zum Thema<\/strong> &#8211; <a rel=\"nofollow noopener\" target=\"_blank\" href=\"https:\/\/freeassange.rtde.life\/inland\/171373-rundumschlag-gegen-kretschmer-wegen-asylkritik\/\">Rundumschlag gegen Kretschmer wegen Asylkritik: Wirft &#8220;wahllos mit rechten Narrativen um sich&#8221;<\/a><\/p>\n<\/div>\n<p><br \/>\n<br \/><a href=\"https:\/\/de.rt.com\/inland\/171482-messerattacke-im-brandenburgischen-erkner-14\/\">Source link <\/a><\/p>\n","protected":false},"excerpt":{"rendered":"<p>Im brandenburgischen Erkner kam es am Dienstag zu einer Messerattacke: Dabei wurde ein 14-J\u00e4hriger mit mehreren Stichwunden verletzt und musste in ein Krankenhaus gebracht werden. Bei dem Opfer einer Messerattacke am Dienstag in Erkner (Oder-Spree) handelt es sich nach Polizeiangaben um einen 14 Jahre alten Jugendlichen\u00a0\u2012 wie der rbb\u00a0berichtet. Er wurde mutma\u00dflich am Bahnhofsvorplatz von [&hellip;]<\/p>\n","protected":false},"author":3,"featured_media":37166,"comment_status":"open","ping_status":"open","sticky":false,"template":"","format":"standard","meta":{"_yoast_indexnow_last_ping":["1685556005"],"wp_automatic_camp":["217"],"febe457fe5c53fe148299ee633d15a29":["Messerattacke im brandenburgischen Erkner: 14-J\u00e4hriger im Krankenhaus"],"original_link":["https:\/\/de.rt.com\/inland\/171482-messerattacke-im-brandenburgischen-erkner-14\/"],"_thumbnail_id":["37166"],"jnews_social_counter_last_update":["1777197103"],"_wptgpro_p2tg_sent2tg":["a:1:{i:23737;s:19:\"2023-05-31 20:01:05\";}"]},"categories":[19,23],"tags":[25720,45004,45005,3224,7078],"yoast_head":"<!-- This site is optimized with the Yoast SEO Premium plugin v22.7 (Yoast SEO v22.7) - https:\/\/yoast.com\/wordpress\/plugins\/seo\/ -->\n<title>Messerattacke im brandenburgischen Erkner: 14-J\u00e4hriger im Krankenhaus - just-now.NEWS Deutschland<\/title>\n<meta name=\"robots\" content=\"index, follow, max-snippet:-1, max-image-preview:large, max-video-preview:-1\" \/>\n<link rel=\"canonical\" href=\"https:\/\/now-news.de\/de\/deutschland\/messerattacke-im-brandenburgischen-erkner-14-jaehriger-im-krankenhaus\/\" \/>\n<meta property=\"og:locale\" content=\"de_DE\" \/>\n<meta property=\"og:type\" content=\"article\" \/>\n<meta property=\"og:title\" content=\"Messerattacke im brandenburgischen Erkner: 14-J\u00e4hriger im Krankenhaus\" \/>\n<meta property=\"og:description\" content=\"Im brandenburgischen Erkner kam es am Dienstag zu einer Messerattacke: Dabei wurde ein 14-J\u00e4hriger mit mehreren Stichwunden verletzt und musste in ein Krankenhaus gebracht werden. Bei dem Opfer einer Messerattacke am Dienstag in Erkner (Oder-Spree) handelt es sich nach Polizeiangaben um einen 14 Jahre alten Jugendlichen\u00a0\u2012 wie der rbb\u00a0berichtet. Er wurde mutma\u00dflich am Bahnhofsvorplatz von [&hellip;]\" \/>\n<meta property=\"og:url\" content=\"https:\/\/now-news.de\/de\/deutschland\/messerattacke-im-brandenburgischen-erkner-14-jaehriger-im-krankenhaus\/\" \/>\n<meta property=\"og:site_name\" content=\"just-now.NEWS Deutschland\" \/>\n<meta property=\"article:publisher\" content=\"https:\/\/www.facebook.com\/wirmachenauf\" \/>\n<meta property=\"article:published_time\" content=\"2023-05-31T17:59:26+00:00\" \/>\n<meta property=\"og:image\" content=\"https:\/\/now-news.de\/de\/wp-content\/uploads\/sites\/3\/2023\/05\/Messerattacke-im-brandenburgischen-Erkner-14-Jaehriger-im-Krankenhaus.jpg\" \/>\n\t<meta property=\"og:image:width\" content=\"460\" \/>\n\t<meta property=\"og:image:height\" content=\"259\" \/>\n\t<meta property=\"og:image:type\" content=\"image\/jpeg\" \/>\n<meta name=\"author\" content=\"rtnews\" \/>\n<meta name=\"twitter:card\" content=\"summary_large_image\" \/>\n<meta name=\"twitter:creator\" content=\"@WirMachenAuf_de\" \/>\n<meta name=\"twitter:site\" content=\"@WirMachenAuf_de\" \/>\n<meta name=\"twitter:label1\" content=\"Verfasst von\" \/>\n\t<meta name=\"twitter:data1\" content=\"rtnews\" \/>\n\t<meta name=\"twitter:label2\" content=\"Gesch\u00e4tzte Lesezeit\" \/>\n\t<meta name=\"twitter:data2\" content=\"1\u00a0Minute\" \/>\n<script type=\"application\/ld+json\" class=\"yoast-schema-graph\">{\"@context\":\"https:\/\/schema.org\",\"@graph\":[{\"@type\":\"Article\",\"@id\":\"https:\/\/now-news.de\/de\/deutschland\/messerattacke-im-brandenburgischen-erkner-14-jaehriger-im-krankenhaus\/#article\",\"isPartOf\":{\"@id\":\"https:\/\/now-news.de\/de\/deutschland\/messerattacke-im-brandenburgischen-erkner-14-jaehriger-im-krankenhaus\/\"},\"author\":{\"name\":\"rtnews\",\"@id\":\"https:\/\/now-news.de\/de\/#\/schema\/person\/fb534a4e865501d8b3285208df34a9b5\"},\"headline\":\"Messerattacke im brandenburgischen Erkner: 14-J\u00e4hriger im Krankenhaus\",\"datePublished\":\"2023-05-31T17:59:26+00:00\",\"dateModified\":\"2023-05-31T17:59:26+00:00\",\"mainEntityOfPage\":{\"@id\":\"https:\/\/now-news.de\/de\/deutschland\/messerattacke-im-brandenburgischen-erkner-14-jaehriger-im-krankenhaus\/\"},\"wordCount\":211,\"commentCount\":0,\"publisher\":{\"@id\":\"https:\/\/now-news.de\/de\/#organization\"},\"image\":{\"@id\":\"https:\/\/now-news.de\/de\/deutschland\/messerattacke-im-brandenburgischen-erkner-14-jaehriger-im-krankenhaus\/#primaryimage\"},\"thumbnailUrl\":\"https:\/\/now-news.de\/de\/wp-content\/uploads\/sites\/3\/2023\/05\/Messerattacke-im-brandenburgischen-Erkner-14-Jaehriger-im-Krankenhaus.jpg\",\"keywords\":[\"14j\u00e4hriger\",\"brandenburgischen\",\"Erkner\",\"Krankenhaus\",\"Messerattacke\"],\"articleSection\":[\"Deutschland\",\"Russland\"],\"inLanguage\":\"de\",\"potentialAction\":[{\"@type\":\"CommentAction\",\"name\":\"Comment\",\"target\":[\"https:\/\/now-news.de\/de\/deutschland\/messerattacke-im-brandenburgischen-erkner-14-jaehriger-im-krankenhaus\/#respond\"]}]},{\"@type\":\"WebPage\",\"@id\":\"https:\/\/now-news.de\/de\/deutschland\/messerattacke-im-brandenburgischen-erkner-14-jaehriger-im-krankenhaus\/\",\"url\":\"https:\/\/now-news.de\/de\/deutschland\/messerattacke-im-brandenburgischen-erkner-14-jaehriger-im-krankenhaus\/\",\"name\":\"Messerattacke im brandenburgischen Erkner: 14-J\u00e4hriger im Krankenhaus - just-now.NEWS Deutschland\",\"isPartOf\":{\"@id\":\"https:\/\/now-news.de\/de\/#website\"},\"primaryImageOfPage\":{\"@id\":\"https:\/\/now-news.de\/de\/deutschland\/messerattacke-im-brandenburgischen-erkner-14-jaehriger-im-krankenhaus\/#primaryimage\"},\"image\":{\"@id\":\"https:\/\/now-news.de\/de\/deutschland\/messerattacke-im-brandenburgischen-erkner-14-jaehriger-im-krankenhaus\/#primaryimage\"},\"thumbnailUrl\":\"https:\/\/now-news.de\/de\/wp-content\/uploads\/sites\/3\/2023\/05\/Messerattacke-im-brandenburgischen-Erkner-14-Jaehriger-im-Krankenhaus.jpg\",\"datePublished\":\"2023-05-31T17:59:26+00:00\",\"dateModified\":\"2023-05-31T17:59:26+00:00\",\"breadcrumb\":{\"@id\":\"https:\/\/now-news.de\/de\/deutschland\/messerattacke-im-brandenburgischen-erkner-14-jaehriger-im-krankenhaus\/#breadcrumb\"},\"inLanguage\":\"de\",\"potentialAction\":[{\"@type\":\"ReadAction\",\"target\":[\"https:\/\/now-news.de\/de\/deutschland\/messerattacke-im-brandenburgischen-erkner-14-jaehriger-im-krankenhaus\/\"]}]},{\"@type\":\"ImageObject\",\"inLanguage\":\"de\",\"@id\":\"https:\/\/now-news.de\/de\/deutschland\/messerattacke-im-brandenburgischen-erkner-14-jaehriger-im-krankenhaus\/#primaryimage\",\"url\":\"https:\/\/now-news.de\/de\/wp-content\/uploads\/sites\/3\/2023\/05\/Messerattacke-im-brandenburgischen-Erkner-14-Jaehriger-im-Krankenhaus.jpg\",\"contentUrl\":\"https:\/\/now-news.de\/de\/wp-content\/uploads\/sites\/3\/2023\/05\/Messerattacke-im-brandenburgischen-Erkner-14-Jaehriger-im-Krankenhaus.jpg\",\"width\":460,\"height\":259,\"caption\":\"Messerattacke im brandenburgischen Erkner: 14-J\u00e4hriger im Krankenhaus\"},{\"@type\":\"BreadcrumbList\",\"@id\":\"https:\/\/now-news.de\/de\/deutschland\/messerattacke-im-brandenburgischen-erkner-14-jaehriger-im-krankenhaus\/#breadcrumb\",\"itemListElement\":[{\"@type\":\"ListItem\",\"position\":1,\"name\":\"Home\",\"item\":\"https:\/\/now-news.de\/de\/\"},{\"@type\":\"ListItem\",\"position\":2,\"name\":\"Messerattacke im brandenburgischen Erkner: 14-J\u00e4hriger im Krankenhaus\"}]},{\"@type\":\"WebSite\",\"@id\":\"https:\/\/now-news.de\/de\/#website\",\"url\":\"https:\/\/now-news.de\/de\/\",\"name\":\"just-now.NEWS Deutschland\",\"description\":\"Das Portal f\u00fcr unzensierte Nachrichten aus der Welt\",\"publisher\":{\"@id\":\"https:\/\/now-news.de\/de\/#organization\"},\"potentialAction\":[{\"@type\":\"SearchAction\",\"target\":{\"@type\":\"EntryPoint\",\"urlTemplate\":\"https:\/\/now-news.de\/de\/?s={search_term_string}\"},\"query-input\":\"required name=search_term_string\"}],\"inLanguage\":\"de\"},{\"@type\":\"Organization\",\"@id\":\"https:\/\/now-news.de\/de\/#organization\",\"name\":\"Just Now News\",\"url\":\"https:\/\/now-news.de\/de\/\",\"logo\":{\"@type\":\"ImageObject\",\"inLanguage\":\"de\",\"@id\":\"https:\/\/now-news.de\/de\/#\/schema\/logo\/image\/\",\"url\":\"http:\/\/just-now.news\/de\/wp-content\/uploads\/sites\/3\/2022\/04\/logo500x500.jpg\",\"contentUrl\":\"http:\/\/just-now.news\/de\/wp-content\/uploads\/sites\/3\/2022\/04\/logo500x500.jpg\",\"width\":500,\"height\":500,\"caption\":\"Just Now News\"},\"image\":{\"@id\":\"https:\/\/now-news.de\/de\/#\/schema\/logo\/image\/\"},\"sameAs\":[\"https:\/\/www.facebook.com\/wirmachenauf\",\"https:\/\/x.com\/WirMachenAuf_de\"]},{\"@type\":\"Person\",\"@id\":\"https:\/\/now-news.de\/de\/#\/schema\/person\/fb534a4e865501d8b3285208df34a9b5\",\"name\":\"rtnews\",\"image\":{\"@type\":\"ImageObject\",\"inLanguage\":\"de\",\"@id\":\"https:\/\/now-news.de\/de\/#\/schema\/person\/image\/\",\"url\":\"https:\/\/secure.gravatar.com\/avatar\/82aafea7d8127119dd649515f56e2117?s=96&d=mm&r=g\",\"contentUrl\":\"https:\/\/secure.gravatar.com\/avatar\/82aafea7d8127119dd649515f56e2117?s=96&d=mm&r=g\",\"caption\":\"rtnews\"},\"url\":\"https:\/\/now-news.de\/de\/author\/rnews\/\"}]}<\/script>\n<!-- \/ Yoast SEO Premium plugin. -->","yoast_head_json":{"title":"Messerattacke im brandenburgischen Erkner: 14-J\u00e4hriger im Krankenhaus - just-now.NEWS Deutschland","robots":{"index":"index","follow":"follow","max-snippet":"max-snippet:-1","max-image-preview":"max-image-preview:large","max-video-preview":"max-video-preview:-1"},"canonical":"https:\/\/now-news.de\/de\/deutschland\/messerattacke-im-brandenburgischen-erkner-14-jaehriger-im-krankenhaus\/","og_locale":"de_DE","og_type":"article","og_title":"Messerattacke im brandenburgischen Erkner: 14-J\u00e4hriger im Krankenhaus","og_description":"Im brandenburgischen Erkner kam es am Dienstag zu einer Messerattacke: Dabei wurde ein 14-J\u00e4hriger mit mehreren Stichwunden verletzt und musste in ein Krankenhaus gebracht werden. Bei dem Opfer einer Messerattacke am Dienstag in Erkner (Oder-Spree) handelt es sich nach Polizeiangaben um einen 14 Jahre alten Jugendlichen\u00a0\u2012 wie der rbb\u00a0berichtet. Er wurde mutma\u00dflich am Bahnhofsvorplatz von [&hellip;]","og_url":"https:\/\/now-news.de\/de\/deutschland\/messerattacke-im-brandenburgischen-erkner-14-jaehriger-im-krankenhaus\/","og_site_name":"just-now.NEWS Deutschland","article_publisher":"https:\/\/www.facebook.com\/wirmachenauf","article_published_time":"2023-05-31T17:59:26+00:00","og_image":[{"width":460,"height":259,"url":"https:\/\/now-news.de\/de\/wp-content\/uploads\/sites\/3\/2023\/05\/Messerattacke-im-brandenburgischen-Erkner-14-Jaehriger-im-Krankenhaus.jpg","type":"image\/jpeg"}],"author":"rtnews","twitter_card":"summary_large_image","twitter_creator":"@WirMachenAuf_de","twitter_site":"@WirMachenAuf_de","twitter_misc":{"Verfasst von":"rtnews","Gesch\u00e4tzte Lesezeit":"1\u00a0Minute"},"schema":{"@context":"https:\/\/schema.org","@graph":[{"@type":"Article","@id":"https:\/\/now-news.de\/de\/deutschland\/messerattacke-im-brandenburgischen-erkner-14-jaehriger-im-krankenhaus\/#article","isPartOf":{"@id":"https:\/\/now-news.de\/de\/deutschland\/messerattacke-im-brandenburgischen-erkner-14-jaehriger-im-krankenhaus\/"},"author":{"name":"rtnews","@id":"https:\/\/now-news.de\/de\/#\/schema\/person\/fb534a4e865501d8b3285208df34a9b5"},"headline":"Messerattacke im brandenburgischen Erkner: 14-J\u00e4hriger im Krankenhaus","datePublished":"2023-05-31T17:59:26+00:00","dateModified":"2023-05-31T17:59:26+00:00","mainEntityOfPage":{"@id":"https:\/\/now-news.de\/de\/deutschland\/messerattacke-im-brandenburgischen-erkner-14-jaehriger-im-krankenhaus\/"},"wordCount":211,"commentCount":0,"publisher":{"@id":"https:\/\/now-news.de\/de\/#organization"},"image":{"@id":"https:\/\/now-news.de\/de\/deutschland\/messerattacke-im-brandenburgischen-erkner-14-jaehriger-im-krankenhaus\/#primaryimage"},"thumbnailUrl":"https:\/\/now-news.de\/de\/wp-content\/uploads\/sites\/3\/2023\/05\/Messerattacke-im-brandenburgischen-Erkner-14-Jaehriger-im-Krankenhaus.jpg","keywords":["14j\u00e4hriger","brandenburgischen","Erkner","Krankenhaus","Messerattacke"],"articleSection":["Deutschland","Russland"],"inLanguage":"de","potentialAction":[{"@type":"CommentAction","name":"Comment","target":["https:\/\/now-news.de\/de\/deutschland\/messerattacke-im-brandenburgischen-erkner-14-jaehriger-im-krankenhaus\/#respond"]}]},{"@type":"WebPage","@id":"https:\/\/now-news.de\/de\/deutschland\/messerattacke-im-brandenburgischen-erkner-14-jaehriger-im-krankenhaus\/","url":"https:\/\/now-news.de\/de\/deutschland\/messerattacke-im-brandenburgischen-erkner-14-jaehriger-im-krankenhaus\/","name":"Messerattacke im brandenburgischen Erkner: 14-J\u00e4hriger im Krankenhaus - just-now.NEWS Deutschland","isPartOf":{"@id":"https:\/\/now-news.de\/de\/#website"},"primaryImageOfPage":{"@id":"https:\/\/now-news.de\/de\/deutschland\/messerattacke-im-brandenburgischen-erkner-14-jaehriger-im-krankenhaus\/#primaryimage"},"image":{"@id":"https:\/\/now-news.de\/de\/deutschland\/messerattacke-im-brandenburgischen-erkner-14-jaehriger-im-krankenhaus\/#primaryimage"},"thumbnailUrl":"https:\/\/now-news.de\/de\/wp-content\/uploads\/sites\/3\/2023\/05\/Messerattacke-im-brandenburgischen-Erkner-14-Jaehriger-im-Krankenhaus.jpg","datePublished":"2023-05-31T17:59:26+00:00","dateModified":"2023-05-31T17:59:26+00:00","breadcrumb":{"@id":"https:\/\/now-news.de\/de\/deutschland\/messerattacke-im-brandenburgischen-erkner-14-jaehriger-im-krankenhaus\/#breadcrumb"},"inLanguage":"de","potentialAction":[{"@type":"ReadAction","target":["https:\/\/now-news.de\/de\/deutschland\/messerattacke-im-brandenburgischen-erkner-14-jaehriger-im-krankenhaus\/"]}]},{"@type":"ImageObject","inLanguage":"de","@id":"https:\/\/now-news.de\/de\/deutschland\/messerattacke-im-brandenburgischen-erkner-14-jaehriger-im-krankenhaus\/#primaryimage","url":"https:\/\/now-news.de\/de\/wp-content\/uploads\/sites\/3\/2023\/05\/Messerattacke-im-brandenburgischen-Erkner-14-Jaehriger-im-Krankenhaus.jpg","contentUrl":"https:\/\/now-news.de\/de\/wp-content\/uploads\/sites\/3\/2023\/05\/Messerattacke-im-brandenburgischen-Erkner-14-Jaehriger-im-Krankenhaus.jpg","width":460,"height":259,"caption":"Messerattacke im brandenburgischen Erkner: 14-J\u00e4hriger im Krankenhaus"},{"@type":"BreadcrumbList","@id":"https:\/\/now-news.de\/de\/deutschland\/messerattacke-im-brandenburgischen-erkner-14-jaehriger-im-krankenhaus\/#breadcrumb","itemListElement":[{"@type":"ListItem","position":1,"name":"Home","item":"https:\/\/now-news.de\/de\/"},{"@type":"ListItem","position":2,"name":"Messerattacke im brandenburgischen Erkner: 14-J\u00e4hriger im Krankenhaus"}]},{"@type":"WebSite","@id":"https:\/\/now-news.de\/de\/#website","url":"https:\/\/now-news.de\/de\/","name":"just-now.NEWS Deutschland","description":"Das Portal f\u00fcr unzensierte Nachrichten aus der Welt","publisher":{"@id":"https:\/\/now-news.de\/de\/#organization"},"potentialAction":[{"@type":"SearchAction","target":{"@type":"EntryPoint","urlTemplate":"https:\/\/now-news.de\/de\/?s={search_term_string}"},"query-input":"required name=search_term_string"}],"inLanguage":"de"},{"@type":"Organization","@id":"https:\/\/now-news.de\/de\/#organization","name":"Just Now News","url":"https:\/\/now-news.de\/de\/","logo":{"@type":"ImageObject","inLanguage":"de","@id":"https:\/\/now-news.de\/de\/#\/schema\/logo\/image\/","url":"http:\/\/just-now.news\/de\/wp-content\/uploads\/sites\/3\/2022\/04\/logo500x500.jpg","contentUrl":"http:\/\/just-now.news\/de\/wp-content\/uploads\/sites\/3\/2022\/04\/logo500x500.jpg","width":500,"height":500,"caption":"Just Now News"},"image":{"@id":"https:\/\/now-news.de\/de\/#\/schema\/logo\/image\/"},"sameAs":["https:\/\/www.facebook.com\/wirmachenauf","https:\/\/x.com\/WirMachenAuf_de"]},{"@type":"Person","@id":"https:\/\/now-news.de\/de\/#\/schema\/person\/fb534a4e865501d8b3285208df34a9b5","name":"rtnews","image":{"@type":"ImageObject","inLanguage":"de","@id":"https:\/\/now-news.de\/de\/#\/schema\/person\/image\/","url":"https:\/\/secure.gravatar.com\/avatar\/82aafea7d8127119dd649515f56e2117?s=96&d=mm&r=g","contentUrl":"https:\/\/secure.gravatar.com\/avatar\/82aafea7d8127119dd649515f56e2117?s=96&d=mm&r=g","caption":"rtnews"},"url":"https:\/\/now-news.de\/de\/author\/rnews\/"}]}},"_links":{"self":[{"href":"https:\/\/now-news.de\/de\/wp-json\/wp\/v2\/posts\/37165"}],"collection":[{"href":"https:\/\/now-news.de\/de\/wp-json\/wp\/v2\/posts"}],"about":[{"href":"https:\/\/now-news.de\/de\/wp-json\/wp\/v2\/types\/post"}],"author":[{"embeddable":true,"href":"https:\/\/now-news.de\/de\/wp-json\/wp\/v2\/users\/3"}],"replies":[{"embeddable":true,"href":"https:\/\/now-news.de\/de\/wp-json\/wp\/v2\/comments?post=37165"}],"version-history":[{"count":0,"href":"https:\/\/now-news.de\/de\/wp-json\/wp\/v2\/posts\/37165\/revisions"}],"wp:featuredmedia":[{"embeddable":true,"href":"https:\/\/now-news.de\/de\/wp-json\/wp\/v2\/media\/37166"}],"wp:attachment":[{"href":"https:\/\/now-news.de\/de\/wp-json\/wp\/v2\/media?parent=37165"}],"wp:term":[{"taxonomy":"category","embeddable":true,"href":"https:\/\/now-news.de\/de\/wp-json\/wp\/v2\/categories?post=37165"},{"taxonomy":"post_tag","embeddable":true,"href":"https:\/\/now-news.de\/de\/wp-json\/wp\/v2\/tags?post=37165"}],"curies":[{"name":"wp","href":"https:\/\/api.w.org\/{rel}","templated":true}]}}