{"id":37151,"date":"2023-05-31T18:07:03","date_gmt":"2023-05-31T16:07:03","guid":{"rendered":"https:\/\/just-now.news\/de\/deutschland\/usa-verknuepfen-ankaras-wunsch-nach-f-16-jets-mit-schwedens-nato-beitritt\/"},"modified":"2023-05-31T18:07:03","modified_gmt":"2023-05-31T16:07:03","slug":"usa-verknuepfen-ankaras-wunsch-nach-f-16-jets-mit-schwedens-nato-beitritt","status":"publish","type":"post","link":"https:\/\/now-news.de\/de\/deutschland\/usa-verknuepfen-ankaras-wunsch-nach-f-16-jets-mit-schwedens-nato-beitritt\/","title":{"rendered":"USA verkn\u00fcpfen Ankaras Wunsch nach &quot;F-16&quot;-Jets mit Schwedens NATO-Beitritt"},"content":{"rendered":"<p><img decoding=\"async\" src=\"http:\/\/just-now.news\/de\/wp-content\/uploads\/sites\/3\/2023\/05\/6477222548fbef2941001b10.jpg\" \/><\/p>\n<div class=\"Text-root Text-type_1 \">\n                Seit Monaten liegt der NATO-Beitritt Schwedens auf Eis, da die T\u00fcrkei ihre Zustimmung verweigert. Nun machte der US-Pr\u00e4sident der T\u00fcrkei im Fall Schweden ein Angebot.\n            <\/div>\n<p><\/p>\n<div class=\"Text-root Text-type_5 ArticleView-text ViewText-root \">\n<p>US-Au\u00dfenminister Antony Blinken sagte am Dienstag, es sei &#8220;an der Zeit&#8221;, dass die T\u00fcrkei ihre Einw\u00e4nde gegen einen schwedischen NATO-Beitritt fallen lasse. Aber die Regierung Biden sei auch der Meinung, dass die T\u00fcrkei &#8220;so bald wie m\u00f6glich&#8221; mit verbesserten F-16-Kampfflugzeugen ausgestattet werden sollte.<\/p>\n<p>Bislang blockiert die T\u00fcrkei die Aufnahme des skandinavischen Landes in die NATO. Ankara verweist dabei auf in Schweden lebende Oppositionelle, welche die t\u00fcrkische Regierung als Terroristen bezeichnet. Die T\u00fcrkei bem\u00fcht sich ihrerseits darum, f\u00fcr 20 Milliarden Dollar\u00a0F-16-Kampf-Jets aus US-Produktion zu erwerben.<\/p>\n<p>In Washington sagte Biden: &#8220;Er [Erdo\u011fan] will immer noch etwas im Hinblick auf die\u00a0F-16-Jets aushandeln. Ich habe ihm gesagt, dass wir einen Deal mit Schweden wollen, also lassen Sie uns das\u00a0erledigen.&#8221;<\/p>\n<p>Blinken betonte seinerseits, dass es sich um zwei unterschiedliche Themen handele. Der US-Top-Diplomat\u00a0unterstrich aber auch, dass ein Abschluss dieser beiden Projekte die &#8220;europ\u00e4ische Sicherheit&#8221; erheblich st\u00e4rken w\u00fcrde.<\/p>\n<p>&#8220;Beides ist unserer Meinung nach f\u00fcr die europ\u00e4ische Sicherheit von entscheidender Bedeutung&#8221;, sagte Blinken auf einer gemeinsamen Pressekonferenz mit dem schwedischen Ministerpr\u00e4sidenten Ulf Kristersson in der nordschwedischen Stadt Lule\u00e5 vor Reportern.<\/p>\n<blockquote>\n<p><em> &#8220;Wir sind der Meinung, dass beides so schnell wie m\u00f6glich vorangetrieben werden sollte, das hei\u00dft Schwedens Beitritt und das F-16-Paket im weiteren Sinne.&#8221;<\/em><\/p>\n<\/blockquote>\n<p>Blinken nimmt in Schweden derzeit an einer Sitzung des Handels- und Technologierates der USA und der EU teil. Am Mittwoch wird er zu einem Treffen der NATO-Au\u00dfenminister nach Oslo (Norwegen) reisen, bevor er am Freitag in das neu aufgenommene B\u00fcndnismitglied Finnland weiterreist. Vor dem Treffen der Au\u00dfenminister sagte NATO-Generalsekret\u00e4r Jens Stoltenberg in Oslo, Ziel sei es, Schweden noch vor dem Gipfel der Staats- und Regierungschefs im Juli in das B\u00fcndnis aufzunehmen.<\/p>\n<p><strong>Mehr zum Thema<\/strong> &#8211; <a rel=\"nofollow noopener\" target=\"_blank\" href=\"https:\/\/test.rtde.me\/international\/161722-erdogans-kalkuel-warum-ja-zu\/\">Warum Ja zu Finnland aber Nein zu Schweden? Erdo\u011fans Kalk\u00fcl bei der NATO-Norderweiterung<\/a><\/p>\n<div class=\"EmbedBlock-root EmbedBlock-externalVideo EmbedBlock-vk\">\n<div class=\"VkEmbed\"><iframe class=\"lazyload\" data-src=\"https:\/\/vk.com\/video_ext.php?oid=-134310637&amp;id=456262614&amp;hash=f35c4a160a6b256d\" frameborder=\"0\" width=\"853\" height=\"480\" allowfullscreen><\/iframe><\/div>\n<\/div>\n<\/div>\n<p><br \/>\n<br \/><a href=\"https:\/\/de.rt.com\/international\/171433-usa-verknuepfen-ankaras-wunsch-nach\/\">Source link <\/a><\/p>\n","protected":false},"excerpt":{"rendered":"<p>Seit Monaten liegt der NATO-Beitritt Schwedens auf Eis, da die T\u00fcrkei ihre Zustimmung verweigert. Nun machte der US-Pr\u00e4sident der T\u00fcrkei im Fall Schweden ein Angebot. US-Au\u00dfenminister Antony Blinken sagte am Dienstag, es sei &#8220;an der Zeit&#8221;, dass die T\u00fcrkei ihre Einw\u00e4nde gegen einen schwedischen NATO-Beitritt fallen lasse. Aber die Regierung Biden sei auch der Meinung, [&hellip;]<\/p>\n","protected":false},"author":3,"featured_media":37152,"comment_status":"open","ping_status":"open","sticky":false,"template":"","format":"standard","meta":{"_yoast_indexnow_last_ping":["1685549277"],"wp_automatic_camp":["217"],"ff499d43546b4dec7298f11422cdc8c4":["USA verkn\u00fcpfen Ankaras Wunsch nach &quot;F-16&quot;-Jets mit Schwedens NATO-Beitritt"],"original_link":["https:\/\/de.rt.com\/international\/171433-usa-verknuepfen-ankaras-wunsch-nach\/"],"_thumbnail_id":["37152"],"jnews_social_counter_last_update":["1777404215"],"_wptgpro_p2tg_sent2tg":["a:1:{i:23737;s:19:\"2023-05-31 18:09:09\";}"]},"categories":[19,23],"tags":[44988,419,979,10665,44989,11593,193,44987,19979],"yoast_head":"<!-- This site is optimized with the Yoast SEO Premium plugin v22.7 (Yoast SEO v22.7) - https:\/\/yoast.com\/wordpress\/plugins\/seo\/ -->\n<title>USA verkn\u00fcpfen Ankaras Wunsch nach &quot;F-16&quot;-Jets mit Schwedens NATO-Beitritt - just-now.NEWS Deutschland<\/title>\n<meta name=\"robots\" content=\"index, follow, max-snippet:-1, max-image-preview:large, max-video-preview:-1\" \/>\n<link rel=\"canonical\" href=\"https:\/\/now-news.de\/de\/deutschland\/usa-verknuepfen-ankaras-wunsch-nach-f-16-jets-mit-schwedens-nato-beitritt\/\" \/>\n<meta property=\"og:locale\" content=\"de_DE\" \/>\n<meta property=\"og:type\" content=\"article\" \/>\n<meta property=\"og:title\" content=\"USA verkn\u00fcpfen Ankaras Wunsch nach &quot;F-16&quot;-Jets mit Schwedens NATO-Beitritt\" \/>\n<meta property=\"og:description\" content=\"Seit Monaten liegt der NATO-Beitritt Schwedens auf Eis, da die T\u00fcrkei ihre Zustimmung verweigert. Nun machte der US-Pr\u00e4sident der T\u00fcrkei im Fall Schweden ein Angebot. US-Au\u00dfenminister Antony Blinken sagte am Dienstag, es sei &#8220;an der Zeit&#8221;, dass die T\u00fcrkei ihre Einw\u00e4nde gegen einen schwedischen NATO-Beitritt fallen lasse. Aber die Regierung Biden sei auch der Meinung, [&hellip;]\" \/>\n<meta property=\"og:url\" content=\"https:\/\/now-news.de\/de\/deutschland\/usa-verknuepfen-ankaras-wunsch-nach-f-16-jets-mit-schwedens-nato-beitritt\/\" \/>\n<meta property=\"og:site_name\" content=\"just-now.NEWS Deutschland\" \/>\n<meta property=\"article:publisher\" content=\"https:\/\/www.facebook.com\/wirmachenauf\" \/>\n<meta property=\"article:published_time\" content=\"2023-05-31T16:07:03+00:00\" \/>\n<meta property=\"og:image\" content=\"https:\/\/now-news.de\/de\/wp-content\/uploads\/sites\/3\/2023\/05\/USA-verknuepfen-Ankaras-Wunsch-nach-quotF-16quot-Jets-mit-Schwedens-NATO-Beitritt.jpg\" \/>\n\t<meta property=\"og:image:width\" content=\"460\" \/>\n\t<meta property=\"og:image:height\" content=\"259\" \/>\n\t<meta property=\"og:image:type\" content=\"image\/jpeg\" \/>\n<meta name=\"author\" content=\"rtnews\" \/>\n<meta name=\"twitter:card\" content=\"summary_large_image\" \/>\n<meta name=\"twitter:creator\" content=\"@WirMachenAuf_de\" \/>\n<meta name=\"twitter:site\" content=\"@WirMachenAuf_de\" \/>\n<meta name=\"twitter:label1\" content=\"Verfasst von\" \/>\n\t<meta name=\"twitter:data1\" content=\"rtnews\" \/>\n\t<meta name=\"twitter:label2\" content=\"Gesch\u00e4tzte Lesezeit\" \/>\n\t<meta name=\"twitter:data2\" content=\"2\u00a0Minuten\" \/>\n<script type=\"application\/ld+json\" class=\"yoast-schema-graph\">{\"@context\":\"https:\/\/schema.org\",\"@graph\":[{\"@type\":\"Article\",\"@id\":\"https:\/\/now-news.de\/de\/deutschland\/usa-verknuepfen-ankaras-wunsch-nach-f-16-jets-mit-schwedens-nato-beitritt\/#article\",\"isPartOf\":{\"@id\":\"https:\/\/now-news.de\/de\/deutschland\/usa-verknuepfen-ankaras-wunsch-nach-f-16-jets-mit-schwedens-nato-beitritt\/\"},\"author\":{\"name\":\"rtnews\",\"@id\":\"https:\/\/now-news.de\/de\/#\/schema\/person\/fb534a4e865501d8b3285208df34a9b5\"},\"headline\":\"USA verkn\u00fcpfen Ankaras Wunsch nach &quot;F-16&quot;-Jets mit Schwedens NATO-Beitritt\",\"datePublished\":\"2023-05-31T16:07:03+00:00\",\"dateModified\":\"2023-05-31T16:07:03+00:00\",\"mainEntityOfPage\":{\"@id\":\"https:\/\/now-news.de\/de\/deutschland\/usa-verknuepfen-ankaras-wunsch-nach-f-16-jets-mit-schwedens-nato-beitritt\/\"},\"wordCount\":361,\"commentCount\":0,\"publisher\":{\"@id\":\"https:\/\/now-news.de\/de\/#organization\"},\"image\":{\"@id\":\"https:\/\/now-news.de\/de\/deutschland\/usa-verknuepfen-ankaras-wunsch-nach-f-16-jets-mit-schwedens-nato-beitritt\/#primaryimage\"},\"thumbnailUrl\":\"https:\/\/now-news.de\/de\/wp-content\/uploads\/sites\/3\/2023\/05\/USA-verknuepfen-Ankaras-Wunsch-nach-quotF-16quot-Jets-mit-Schwedens-NATO-Beitritt.jpg\",\"keywords\":[\"Ankaras\",\"mit\",\"nach\",\"NATOBeitritt\",\"quotF16quotJets\",\"Schwedens\",\"USA\",\"verkn\u00fcpfen\",\"Wunsch\"],\"articleSection\":[\"Deutschland\",\"Russland\"],\"inLanguage\":\"de\",\"potentialAction\":[{\"@type\":\"CommentAction\",\"name\":\"Comment\",\"target\":[\"https:\/\/now-news.de\/de\/deutschland\/usa-verknuepfen-ankaras-wunsch-nach-f-16-jets-mit-schwedens-nato-beitritt\/#respond\"]}]},{\"@type\":\"WebPage\",\"@id\":\"https:\/\/now-news.de\/de\/deutschland\/usa-verknuepfen-ankaras-wunsch-nach-f-16-jets-mit-schwedens-nato-beitritt\/\",\"url\":\"https:\/\/now-news.de\/de\/deutschland\/usa-verknuepfen-ankaras-wunsch-nach-f-16-jets-mit-schwedens-nato-beitritt\/\",\"name\":\"USA verkn\u00fcpfen Ankaras Wunsch nach &quot;F-16&quot;-Jets mit Schwedens NATO-Beitritt - just-now.NEWS Deutschland\",\"isPartOf\":{\"@id\":\"https:\/\/now-news.de\/de\/#website\"},\"primaryImageOfPage\":{\"@id\":\"https:\/\/now-news.de\/de\/deutschland\/usa-verknuepfen-ankaras-wunsch-nach-f-16-jets-mit-schwedens-nato-beitritt\/#primaryimage\"},\"image\":{\"@id\":\"https:\/\/now-news.de\/de\/deutschland\/usa-verknuepfen-ankaras-wunsch-nach-f-16-jets-mit-schwedens-nato-beitritt\/#primaryimage\"},\"thumbnailUrl\":\"https:\/\/now-news.de\/de\/wp-content\/uploads\/sites\/3\/2023\/05\/USA-verknuepfen-Ankaras-Wunsch-nach-quotF-16quot-Jets-mit-Schwedens-NATO-Beitritt.jpg\",\"datePublished\":\"2023-05-31T16:07:03+00:00\",\"dateModified\":\"2023-05-31T16:07:03+00:00\",\"breadcrumb\":{\"@id\":\"https:\/\/now-news.de\/de\/deutschland\/usa-verknuepfen-ankaras-wunsch-nach-f-16-jets-mit-schwedens-nato-beitritt\/#breadcrumb\"},\"inLanguage\":\"de\",\"potentialAction\":[{\"@type\":\"ReadAction\",\"target\":[\"https:\/\/now-news.de\/de\/deutschland\/usa-verknuepfen-ankaras-wunsch-nach-f-16-jets-mit-schwedens-nato-beitritt\/\"]}]},{\"@type\":\"ImageObject\",\"inLanguage\":\"de\",\"@id\":\"https:\/\/now-news.de\/de\/deutschland\/usa-verknuepfen-ankaras-wunsch-nach-f-16-jets-mit-schwedens-nato-beitritt\/#primaryimage\",\"url\":\"https:\/\/now-news.de\/de\/wp-content\/uploads\/sites\/3\/2023\/05\/USA-verknuepfen-Ankaras-Wunsch-nach-quotF-16quot-Jets-mit-Schwedens-NATO-Beitritt.jpg\",\"contentUrl\":\"https:\/\/now-news.de\/de\/wp-content\/uploads\/sites\/3\/2023\/05\/USA-verknuepfen-Ankaras-Wunsch-nach-quotF-16quot-Jets-mit-Schwedens-NATO-Beitritt.jpg\",\"width\":460,\"height\":259,\"caption\":\"USA verkn\u00fcpfen Ankaras Wunsch nach &quot;F-16&quot;-Jets mit Schwedens NATO-Beitritt\"},{\"@type\":\"BreadcrumbList\",\"@id\":\"https:\/\/now-news.de\/de\/deutschland\/usa-verknuepfen-ankaras-wunsch-nach-f-16-jets-mit-schwedens-nato-beitritt\/#breadcrumb\",\"itemListElement\":[{\"@type\":\"ListItem\",\"position\":1,\"name\":\"Home\",\"item\":\"https:\/\/now-news.de\/de\/\"},{\"@type\":\"ListItem\",\"position\":2,\"name\":\"USA verkn\u00fcpfen Ankaras Wunsch nach &quot;F-16&quot;-Jets mit Schwedens NATO-Beitritt\"}]},{\"@type\":\"WebSite\",\"@id\":\"https:\/\/now-news.de\/de\/#website\",\"url\":\"https:\/\/now-news.de\/de\/\",\"name\":\"just-now.NEWS Deutschland\",\"description\":\"Das Portal f\u00fcr unzensierte Nachrichten aus der Welt\",\"publisher\":{\"@id\":\"https:\/\/now-news.de\/de\/#organization\"},\"potentialAction\":[{\"@type\":\"SearchAction\",\"target\":{\"@type\":\"EntryPoint\",\"urlTemplate\":\"https:\/\/now-news.de\/de\/?s={search_term_string}\"},\"query-input\":\"required name=search_term_string\"}],\"inLanguage\":\"de\"},{\"@type\":\"Organization\",\"@id\":\"https:\/\/now-news.de\/de\/#organization\",\"name\":\"Just Now News\",\"url\":\"https:\/\/now-news.de\/de\/\",\"logo\":{\"@type\":\"ImageObject\",\"inLanguage\":\"de\",\"@id\":\"https:\/\/now-news.de\/de\/#\/schema\/logo\/image\/\",\"url\":\"http:\/\/just-now.news\/de\/wp-content\/uploads\/sites\/3\/2022\/04\/logo500x500.jpg\",\"contentUrl\":\"http:\/\/just-now.news\/de\/wp-content\/uploads\/sites\/3\/2022\/04\/logo500x500.jpg\",\"width\":500,\"height\":500,\"caption\":\"Just Now News\"},\"image\":{\"@id\":\"https:\/\/now-news.de\/de\/#\/schema\/logo\/image\/\"},\"sameAs\":[\"https:\/\/www.facebook.com\/wirmachenauf\",\"https:\/\/x.com\/WirMachenAuf_de\"]},{\"@type\":\"Person\",\"@id\":\"https:\/\/now-news.de\/de\/#\/schema\/person\/fb534a4e865501d8b3285208df34a9b5\",\"name\":\"rtnews\",\"image\":{\"@type\":\"ImageObject\",\"inLanguage\":\"de\",\"@id\":\"https:\/\/now-news.de\/de\/#\/schema\/person\/image\/\",\"url\":\"https:\/\/secure.gravatar.com\/avatar\/82aafea7d8127119dd649515f56e2117?s=96&d=mm&r=g\",\"contentUrl\":\"https:\/\/secure.gravatar.com\/avatar\/82aafea7d8127119dd649515f56e2117?s=96&d=mm&r=g\",\"caption\":\"rtnews\"},\"url\":\"https:\/\/now-news.de\/de\/author\/rnews\/\"}]}<\/script>\n<!-- \/ Yoast SEO Premium plugin. -->","yoast_head_json":{"title":"USA verkn\u00fcpfen Ankaras Wunsch nach &quot;F-16&quot;-Jets mit Schwedens NATO-Beitritt - just-now.NEWS Deutschland","robots":{"index":"index","follow":"follow","max-snippet":"max-snippet:-1","max-image-preview":"max-image-preview:large","max-video-preview":"max-video-preview:-1"},"canonical":"https:\/\/now-news.de\/de\/deutschland\/usa-verknuepfen-ankaras-wunsch-nach-f-16-jets-mit-schwedens-nato-beitritt\/","og_locale":"de_DE","og_type":"article","og_title":"USA verkn\u00fcpfen Ankaras Wunsch nach &quot;F-16&quot;-Jets mit Schwedens NATO-Beitritt","og_description":"Seit Monaten liegt der NATO-Beitritt Schwedens auf Eis, da die T\u00fcrkei ihre Zustimmung verweigert. Nun machte der US-Pr\u00e4sident der T\u00fcrkei im Fall Schweden ein Angebot. US-Au\u00dfenminister Antony Blinken sagte am Dienstag, es sei &#8220;an der Zeit&#8221;, dass die T\u00fcrkei ihre Einw\u00e4nde gegen einen schwedischen NATO-Beitritt fallen lasse. Aber die Regierung Biden sei auch der Meinung, [&hellip;]","og_url":"https:\/\/now-news.de\/de\/deutschland\/usa-verknuepfen-ankaras-wunsch-nach-f-16-jets-mit-schwedens-nato-beitritt\/","og_site_name":"just-now.NEWS Deutschland","article_publisher":"https:\/\/www.facebook.com\/wirmachenauf","article_published_time":"2023-05-31T16:07:03+00:00","og_image":[{"width":460,"height":259,"url":"https:\/\/now-news.de\/de\/wp-content\/uploads\/sites\/3\/2023\/05\/USA-verknuepfen-Ankaras-Wunsch-nach-quotF-16quot-Jets-mit-Schwedens-NATO-Beitritt.jpg","type":"image\/jpeg"}],"author":"rtnews","twitter_card":"summary_large_image","twitter_creator":"@WirMachenAuf_de","twitter_site":"@WirMachenAuf_de","twitter_misc":{"Verfasst von":"rtnews","Gesch\u00e4tzte Lesezeit":"2\u00a0Minuten"},"schema":{"@context":"https:\/\/schema.org","@graph":[{"@type":"Article","@id":"https:\/\/now-news.de\/de\/deutschland\/usa-verknuepfen-ankaras-wunsch-nach-f-16-jets-mit-schwedens-nato-beitritt\/#article","isPartOf":{"@id":"https:\/\/now-news.de\/de\/deutschland\/usa-verknuepfen-ankaras-wunsch-nach-f-16-jets-mit-schwedens-nato-beitritt\/"},"author":{"name":"rtnews","@id":"https:\/\/now-news.de\/de\/#\/schema\/person\/fb534a4e865501d8b3285208df34a9b5"},"headline":"USA verkn\u00fcpfen Ankaras Wunsch nach &quot;F-16&quot;-Jets mit Schwedens NATO-Beitritt","datePublished":"2023-05-31T16:07:03+00:00","dateModified":"2023-05-31T16:07:03+00:00","mainEntityOfPage":{"@id":"https:\/\/now-news.de\/de\/deutschland\/usa-verknuepfen-ankaras-wunsch-nach-f-16-jets-mit-schwedens-nato-beitritt\/"},"wordCount":361,"commentCount":0,"publisher":{"@id":"https:\/\/now-news.de\/de\/#organization"},"image":{"@id":"https:\/\/now-news.de\/de\/deutschland\/usa-verknuepfen-ankaras-wunsch-nach-f-16-jets-mit-schwedens-nato-beitritt\/#primaryimage"},"thumbnailUrl":"https:\/\/now-news.de\/de\/wp-content\/uploads\/sites\/3\/2023\/05\/USA-verknuepfen-Ankaras-Wunsch-nach-quotF-16quot-Jets-mit-Schwedens-NATO-Beitritt.jpg","keywords":["Ankaras","mit","nach","NATOBeitritt","quotF16quotJets","Schwedens","USA","verkn\u00fcpfen","Wunsch"],"articleSection":["Deutschland","Russland"],"inLanguage":"de","potentialAction":[{"@type":"CommentAction","name":"Comment","target":["https:\/\/now-news.de\/de\/deutschland\/usa-verknuepfen-ankaras-wunsch-nach-f-16-jets-mit-schwedens-nato-beitritt\/#respond"]}]},{"@type":"WebPage","@id":"https:\/\/now-news.de\/de\/deutschland\/usa-verknuepfen-ankaras-wunsch-nach-f-16-jets-mit-schwedens-nato-beitritt\/","url":"https:\/\/now-news.de\/de\/deutschland\/usa-verknuepfen-ankaras-wunsch-nach-f-16-jets-mit-schwedens-nato-beitritt\/","name":"USA verkn\u00fcpfen Ankaras Wunsch nach &quot;F-16&quot;-Jets mit Schwedens NATO-Beitritt - just-now.NEWS Deutschland","isPartOf":{"@id":"https:\/\/now-news.de\/de\/#website"},"primaryImageOfPage":{"@id":"https:\/\/now-news.de\/de\/deutschland\/usa-verknuepfen-ankaras-wunsch-nach-f-16-jets-mit-schwedens-nato-beitritt\/#primaryimage"},"image":{"@id":"https:\/\/now-news.de\/de\/deutschland\/usa-verknuepfen-ankaras-wunsch-nach-f-16-jets-mit-schwedens-nato-beitritt\/#primaryimage"},"thumbnailUrl":"https:\/\/now-news.de\/de\/wp-content\/uploads\/sites\/3\/2023\/05\/USA-verknuepfen-Ankaras-Wunsch-nach-quotF-16quot-Jets-mit-Schwedens-NATO-Beitritt.jpg","datePublished":"2023-05-31T16:07:03+00:00","dateModified":"2023-05-31T16:07:03+00:00","breadcrumb":{"@id":"https:\/\/now-news.de\/de\/deutschland\/usa-verknuepfen-ankaras-wunsch-nach-f-16-jets-mit-schwedens-nato-beitritt\/#breadcrumb"},"inLanguage":"de","potentialAction":[{"@type":"ReadAction","target":["https:\/\/now-news.de\/de\/deutschland\/usa-verknuepfen-ankaras-wunsch-nach-f-16-jets-mit-schwedens-nato-beitritt\/"]}]},{"@type":"ImageObject","inLanguage":"de","@id":"https:\/\/now-news.de\/de\/deutschland\/usa-verknuepfen-ankaras-wunsch-nach-f-16-jets-mit-schwedens-nato-beitritt\/#primaryimage","url":"https:\/\/now-news.de\/de\/wp-content\/uploads\/sites\/3\/2023\/05\/USA-verknuepfen-Ankaras-Wunsch-nach-quotF-16quot-Jets-mit-Schwedens-NATO-Beitritt.jpg","contentUrl":"https:\/\/now-news.de\/de\/wp-content\/uploads\/sites\/3\/2023\/05\/USA-verknuepfen-Ankaras-Wunsch-nach-quotF-16quot-Jets-mit-Schwedens-NATO-Beitritt.jpg","width":460,"height":259,"caption":"USA verkn\u00fcpfen Ankaras Wunsch nach &quot;F-16&quot;-Jets mit Schwedens NATO-Beitritt"},{"@type":"BreadcrumbList","@id":"https:\/\/now-news.de\/de\/deutschland\/usa-verknuepfen-ankaras-wunsch-nach-f-16-jets-mit-schwedens-nato-beitritt\/#breadcrumb","itemListElement":[{"@type":"ListItem","position":1,"name":"Home","item":"https:\/\/now-news.de\/de\/"},{"@type":"ListItem","position":2,"name":"USA verkn\u00fcpfen Ankaras Wunsch nach &quot;F-16&quot;-Jets mit Schwedens NATO-Beitritt"}]},{"@type":"WebSite","@id":"https:\/\/now-news.de\/de\/#website","url":"https:\/\/now-news.de\/de\/","name":"just-now.NEWS Deutschland","description":"Das Portal f\u00fcr unzensierte Nachrichten aus der Welt","publisher":{"@id":"https:\/\/now-news.de\/de\/#organization"},"potentialAction":[{"@type":"SearchAction","target":{"@type":"EntryPoint","urlTemplate":"https:\/\/now-news.de\/de\/?s={search_term_string}"},"query-input":"required name=search_term_string"}],"inLanguage":"de"},{"@type":"Organization","@id":"https:\/\/now-news.de\/de\/#organization","name":"Just Now News","url":"https:\/\/now-news.de\/de\/","logo":{"@type":"ImageObject","inLanguage":"de","@id":"https:\/\/now-news.de\/de\/#\/schema\/logo\/image\/","url":"http:\/\/just-now.news\/de\/wp-content\/uploads\/sites\/3\/2022\/04\/logo500x500.jpg","contentUrl":"http:\/\/just-now.news\/de\/wp-content\/uploads\/sites\/3\/2022\/04\/logo500x500.jpg","width":500,"height":500,"caption":"Just Now News"},"image":{"@id":"https:\/\/now-news.de\/de\/#\/schema\/logo\/image\/"},"sameAs":["https:\/\/www.facebook.com\/wirmachenauf","https:\/\/x.com\/WirMachenAuf_de"]},{"@type":"Person","@id":"https:\/\/now-news.de\/de\/#\/schema\/person\/fb534a4e865501d8b3285208df34a9b5","name":"rtnews","image":{"@type":"ImageObject","inLanguage":"de","@id":"https:\/\/now-news.de\/de\/#\/schema\/person\/image\/","url":"https:\/\/secure.gravatar.com\/avatar\/82aafea7d8127119dd649515f56e2117?s=96&d=mm&r=g","contentUrl":"https:\/\/secure.gravatar.com\/avatar\/82aafea7d8127119dd649515f56e2117?s=96&d=mm&r=g","caption":"rtnews"},"url":"https:\/\/now-news.de\/de\/author\/rnews\/"}]}},"_links":{"self":[{"href":"https:\/\/now-news.de\/de\/wp-json\/wp\/v2\/posts\/37151"}],"collection":[{"href":"https:\/\/now-news.de\/de\/wp-json\/wp\/v2\/posts"}],"about":[{"href":"https:\/\/now-news.de\/de\/wp-json\/wp\/v2\/types\/post"}],"author":[{"embeddable":true,"href":"https:\/\/now-news.de\/de\/wp-json\/wp\/v2\/users\/3"}],"replies":[{"embeddable":true,"href":"https:\/\/now-news.de\/de\/wp-json\/wp\/v2\/comments?post=37151"}],"version-history":[{"count":0,"href":"https:\/\/now-news.de\/de\/wp-json\/wp\/v2\/posts\/37151\/revisions"}],"wp:featuredmedia":[{"embeddable":true,"href":"https:\/\/now-news.de\/de\/wp-json\/wp\/v2\/media\/37152"}],"wp:attachment":[{"href":"https:\/\/now-news.de\/de\/wp-json\/wp\/v2\/media?parent=37151"}],"wp:term":[{"taxonomy":"category","embeddable":true,"href":"https:\/\/now-news.de\/de\/wp-json\/wp\/v2\/categories?post=37151"},{"taxonomy":"post_tag","embeddable":true,"href":"https:\/\/now-news.de\/de\/wp-json\/wp\/v2\/tags?post=37151"}],"curies":[{"name":"wp","href":"https:\/\/api.w.org\/{rel}","templated":true}]}}